{"id":6862,"date":"2020-06-24T13:49:01","date_gmt":"2020-06-24T11:49:01","guid":{"rendered":"https:\/\/www.organisator.ch\/?p=6862"},"modified":"2020-06-24T13:49:01","modified_gmt":"2020-06-24T11:49:01","slug":"trotz-corona-geschaeftsreisende-bevorzugen-persoenliche-meetings","status":"publish","type":"post","link":"https:\/\/www.organisator.ch\/en\/management\/2020-06-24\/trotz-corona-geschaeftsreisende-bevorzugen-persoenliche-meetings\/","title":{"rendered":"Despite Corona: Business travelers prefer face-to-face meetings"},"content":{"rendered":"<figure id=\"attachment_6863\" aria-describedby=\"caption-attachment-6863\" style=\"width: 680px\" class=\"wp-caption alignnone\"><img loading=\"lazy\" decoding=\"async\" class=\"size-medium wp-image-6863\" src=\"https:\/\/www.organisator.ch\/wp-content\/uploads\/2020\/06\/Trotz-Corona-Geschaeftsreisende-bevorzugen-persoenliche-Meetings_Organisator.jpg\" alt=\"\" width=\"680\" height=\"539\" srcset=\"https:\/\/www.organisator.ch\/wp-content\/uploads\/2020\/06\/Trotz-Corona-Geschaeftsreisende-bevorzugen-persoenliche-Meetings_Organisator.jpg 680w, https:\/\/www.organisator.ch\/wp-content\/uploads\/2020\/06\/Trotz-Corona-Geschaeftsreisende-bevorzugen-persoenliche-Meetings_Organisator-16x12.jpg 16w, https:\/\/www.organisator.ch\/wp-content\/uploads\/2020\/06\/Trotz-Corona-Geschaeftsreisende-bevorzugen-persoenliche-Meetings_Organisator-221x175.jpg 221w, https:\/\/www.organisator.ch\/wp-content\/uploads\/2020\/06\/Trotz-Corona-Geschaeftsreisende-bevorzugen-persoenliche-Meetings_Organisator-442x350.jpg 442w, https:\/\/www.organisator.ch\/wp-content\/uploads\/2020\/06\/Trotz-Corona-Geschaeftsreisende-bevorzugen-persoenliche-Meetings_Organisator-300x238.jpg 300w\" sizes=\"auto, (max-width: 680px) 100vw, 680px\" \/><figcaption id=\"caption-attachment-6863\" class=\"wp-caption-text\">Despite Corona: Face-to-face meetings bring more sales. (Image: obs\/DRV Deutscher Reiseverband e.V.)<\/figcaption><\/figure>\n<p>Home office instead of traveling on business: This is what the working day looked like for many employees for weeks because of the Corona measures. According to the German Travel Association e.V. (DRV), 69 percent of business trips have been replaced by virtual meetings since March. This represents an increase of 39 percentage points compared to 2019. Although business trips were possible despite the lockdown, only 16 percent of meetings with external participants such as customers or service providers have taken place since the outbreak of the pandemic, and 16 percent each were postponed or canceled altogether. And one in three conferences was held virtually for the first time. The business travel industry thus came to an almost complete standstill during the acute phase of the Corona pandemic.<\/p>\n<p>Even though virtual meetings are now routine in many places, business travelers want to rely more on face-to-face meetings again in the future. 85 percent of respondents say they prefer this type of meeting. 43 percent of them plan to hold significantly fewer virtual meetings in the future. On the other hand, 42 percent would like to continue holding some of their meetings virtually.<\/p>\n<h2>Face-to-face meetings bring more sales - despite Corona<\/h2>\n<p>Many employees have noticed in recent weeks that video and telephone conferences do offer advantages. 79 percent mention lower costs, for example, and 73 percent time savings. However, 68 percent also notice a serious shortcoming - the danger posed by technical problems. In addition, there are other aspects that speak more in favor of face-to-face meetings. As plus points, 51 percent mention the personal sense of achievement for employees and 49 percent the better relationship management. Face-to-face contact also seems to be advantageous from a sales perspective: 45 percent say that they generate more sales in face-to-face meetings. With virtual meetings, this is true for only one-third of respondents.<\/p>\n<p>\"A face-to-face meeting creates a basis of trust that is difficult to establish virtually,\" says Verena Funke, Country Director at Egencia. \"Important discussions will therefore certainly take place more often in person again in the future. By working with the experts at a business travel agency, Corona-related security risks can be avoided.\"<\/p>\n<h2>Some business travelers are particularly productive on the road<\/h2>\n<p>Another advantage of face-to-face meetings and the travel required for them is that 19 percent of business travelers can work more productively on the road than at their fixed workplace. One in two still achieves the same level despite the travel effort. This is mainly due to the fact that solo travelers can use the time between or after appointments to work sensibly. Two out of three respondents cite this as a reason why they are productive on the road. Six out of ten attribute this to the fact that they can relax in between appointments. For one in two, a different environment promotes creativity and thus also helps productivity.<\/p>\n<p>But business travelers don't find the right conditions to work productively everywhere. This is particularly true of airports and train stations. 31 percent are dissatisfied with the WLAN access offered there. 33 percent would like to see more soundproofed cabins for undisturbed phone calls, and 35 percent would like more quiet work areas with a table. \"Companies can encourage employee productivity on business trips,\" Funke says. \"This includes, for example, organizing access to lounges and providing WLAN access. Business travel agencies help their partners find the right solution for employees.\"<\/p>\n<p>So is there now faint hope for the business travel industry?<\/p>\n<p><em>Source: <a href=\"https:\/\/www.drv.de\/\">German Travel Association e. V. (DRV)<\/a><\/em><\/p>","protected":false},"excerpt":{"rendered":"<p>Home-Office statt dienstlich unterwegs: So sah wegen den Corona-Ma\u00dfnahmen der Arbeitsalltag vieler Besch\u00e4ftigter wochenlang aus. Gem\u00e4ss dem Deutschen Reiseverband e.V. (DRV) wurden seit M\u00e4rz 69 Prozent der Gesch\u00e4ftsreisen durch virtuelle Meetings ersetzt. Das entspricht einem Anstieg um 39 Prozentpunkte im Vergleich zum Jahr 2019. Obwohl Dienstreisen trotz des Lockdowns m\u00f6glich waren, fanden seit Ausbruch der [&hellip;]<\/p>\n","protected":false},"author":4,"featured_media":6863,"comment_status":"closed","ping_status":"closed","sticky":false,"template":"","format":"standard","meta":{"_acf_changed":false,"_yoast_wpseo_focuskw":"Trotz Corona","_yoast_wpseo_metadesc":"Eine Studie des Deutschen Reiseverbands e.V. (DRV) zeigt, dass Gesch\u00e4ftsreisende trotz Corona pers\u00f6nliche Meetings bevorzugen.","articlekey":"","footnotes":""},"categories":[28],"tags":[107,132,335,459],"class_list":["post-6862","post","type-post","status-publish","format-standard","has-post-thumbnail","hentry","category-management","tag-business-travel","tag-coronavirus","tag-management-und-unternehmensfuehrung","tag-studie"],"acf":[],"yoast_head":"<!-- This site is optimized with the Yoast SEO plugin v27.5 - https:\/\/yoast.com\/product\/yoast-seo-wordpress\/ -->\n<title>Trotz Corona: Gesch\u00e4ftsreisende bevorzugen pers\u00f6nliche Meetings - Organisator<\/title>\n<meta name=\"description\" content=\"Eine Studie des Deutschen Reiseverbands e.V. (DRV) zeigt, dass Gesch\u00e4ftsreisende trotz Corona pers\u00f6nliche Meetings bevorzugen.\" \/>\n<meta name=\"robots\" content=\"index, follow, max-snippet:-1, max-image-preview:large, max-video-preview:-1\" \/>\n<link rel=\"canonical\" href=\"https:\/\/www.organisator.ch\/en\/management\/2020-06-24\/trotz-corona-geschaeftsreisende-bevorzugen-persoenliche-meetings\/\" \/>\n<meta property=\"og:locale\" content=\"en_US\" \/>\n<meta property=\"og:type\" content=\"article\" \/>\n<meta property=\"og:title\" content=\"Trotz Corona: Gesch\u00e4ftsreisende bevorzugen pers\u00f6nliche Meetings\" \/>\n<meta property=\"og:description\" content=\"Eine Studie des Deutschen Reiseverbands e.V. (DRV) zeigt, dass Gesch\u00e4ftsreisende trotz Corona pers\u00f6nliche Meetings bevorzugen.\" \/>\n<meta property=\"og:url\" content=\"https:\/\/www.organisator.ch\/en\/management\/2020-06-24\/trotz-corona-geschaeftsreisende-bevorzugen-persoenliche-meetings\/\" \/>\n<meta property=\"og:site_name\" content=\"Organisator\" \/>\n<meta property=\"article:publisher\" content=\"https:\/\/www.facebook.com\/OrganisatorFachmagazin\" \/>\n<meta property=\"article:published_time\" content=\"2020-06-24T11:49:01+00:00\" \/>\n<meta property=\"og:image\" content=\"https:\/\/www.organisator.ch\/wp-content\/uploads\/2020\/06\/Trotz-Corona-Geschaeftsreisende-bevorzugen-persoenliche-Meetings_Organisator.jpg\" \/>\n\t<meta property=\"og:image:width\" content=\"680\" \/>\n\t<meta property=\"og:image:height\" content=\"539\" \/>\n\t<meta property=\"og:image:type\" content=\"image\/jpeg\" \/>\n<meta name=\"author\" content=\"thomas.berner\" \/>\n<meta name=\"twitter:card\" content=\"summary_large_image\" \/>\n<meta name=\"twitter:title\" content=\"Trotz #Corona: #Gesch\u00e4ftsreisende bevorzugen pers\u00f6nliche Meetings\" \/>\n<meta name=\"twitter:description\" content=\"Eine Studie des Deutschen Reiseverbands e.V. (#DRV) zeigt, dass #Gesch\u00e4ftsreisende trotz #Corona pers\u00f6nliche Meetings bevorzugen.\" \/>\n<meta name=\"twitter:image\" content=\"https:\/\/www.organisator.ch\/wp-content\/uploads\/2020\/06\/Trotz-Corona-Geschaeftsreisende-bevorzugen-persoenliche-Meetings_Organisator.jpg\" \/>\n<script type=\"application\/ld+json\" class=\"yoast-schema-graph\">{\"@context\":\"https:\\\/\\\/schema.org\",\"@graph\":[{\"@type\":\"Article\",\"@id\":\"https:\\\/\\\/www.organisator.ch\\\/management\\\/2020-06-24\\\/trotz-corona-geschaeftsreisende-bevorzugen-persoenliche-meetings\\\/#article\",\"isPartOf\":{\"@id\":\"https:\\\/\\\/www.organisator.ch\\\/management\\\/2020-06-24\\\/trotz-corona-geschaeftsreisende-bevorzugen-persoenliche-meetings\\\/\"},\"author\":{\"name\":\"thomas.berner\",\"@id\":\"https:\\\/\\\/www.organisator.ch\\\/#\\\/schema\\\/person\\\/6f650f90b2842cd4c0cc334b4e36f67e\"},\"headline\":\"Trotz Corona: Gesch\u00e4ftsreisende bevorzugen pers\u00f6nliche Meetings\",\"datePublished\":\"2020-06-24T11:49:01+00:00\",\"mainEntityOfPage\":{\"@id\":\"https:\\\/\\\/www.organisator.ch\\\/management\\\/2020-06-24\\\/trotz-corona-geschaeftsreisende-bevorzugen-persoenliche-meetings\\\/\"},\"wordCount\":585,\"publisher\":{\"@id\":\"https:\\\/\\\/www.organisator.ch\\\/#organization\"},\"image\":{\"@id\":\"https:\\\/\\\/www.organisator.ch\\\/management\\\/2020-06-24\\\/trotz-corona-geschaeftsreisende-bevorzugen-persoenliche-meetings\\\/#primaryimage\"},\"thumbnailUrl\":\"https:\\\/\\\/www.organisator.ch\\\/wp-content\\\/uploads\\\/2020\\\/06\\\/Trotz-Corona-Geschaeftsreisende-bevorzugen-persoenliche-Meetings_Organisator.jpg\",\"keywords\":[\"Business Travel\",\"Coronavirus\",\"Management und Unternehmensf\u00fchrung\",\"Studie\"],\"articleSection\":[\"MANAGEMENT\"],\"inLanguage\":\"en-US\"},{\"@type\":\"WebPage\",\"@id\":\"https:\\\/\\\/www.organisator.ch\\\/management\\\/2020-06-24\\\/trotz-corona-geschaeftsreisende-bevorzugen-persoenliche-meetings\\\/\",\"url\":\"https:\\\/\\\/www.organisator.ch\\\/management\\\/2020-06-24\\\/trotz-corona-geschaeftsreisende-bevorzugen-persoenliche-meetings\\\/\",\"name\":\"Trotz Corona: Gesch\u00e4ftsreisende bevorzugen pers\u00f6nliche Meetings - Organisator\",\"isPartOf\":{\"@id\":\"https:\\\/\\\/www.organisator.ch\\\/#website\"},\"primaryImageOfPage\":{\"@id\":\"https:\\\/\\\/www.organisator.ch\\\/management\\\/2020-06-24\\\/trotz-corona-geschaeftsreisende-bevorzugen-persoenliche-meetings\\\/#primaryimage\"},\"image\":{\"@id\":\"https:\\\/\\\/www.organisator.ch\\\/management\\\/2020-06-24\\\/trotz-corona-geschaeftsreisende-bevorzugen-persoenliche-meetings\\\/#primaryimage\"},\"thumbnailUrl\":\"https:\\\/\\\/www.organisator.ch\\\/wp-content\\\/uploads\\\/2020\\\/06\\\/Trotz-Corona-Geschaeftsreisende-bevorzugen-persoenliche-Meetings_Organisator.jpg\",\"datePublished\":\"2020-06-24T11:49:01+00:00\",\"description\":\"Eine Studie des Deutschen Reiseverbands e.V. (DRV) zeigt, dass Gesch\u00e4ftsreisende trotz Corona pers\u00f6nliche Meetings bevorzugen.\",\"breadcrumb\":{\"@id\":\"https:\\\/\\\/www.organisator.ch\\\/management\\\/2020-06-24\\\/trotz-corona-geschaeftsreisende-bevorzugen-persoenliche-meetings\\\/#breadcrumb\"},\"inLanguage\":\"en-US\",\"potentialAction\":[{\"@type\":\"ReadAction\",\"target\":[\"https:\\\/\\\/www.organisator.ch\\\/management\\\/2020-06-24\\\/trotz-corona-geschaeftsreisende-bevorzugen-persoenliche-meetings\\\/\"]}]},{\"@type\":\"ImageObject\",\"inLanguage\":\"en-US\",\"@id\":\"https:\\\/\\\/www.organisator.ch\\\/management\\\/2020-06-24\\\/trotz-corona-geschaeftsreisende-bevorzugen-persoenliche-meetings\\\/#primaryimage\",\"url\":\"https:\\\/\\\/www.organisator.ch\\\/wp-content\\\/uploads\\\/2020\\\/06\\\/Trotz-Corona-Geschaeftsreisende-bevorzugen-persoenliche-Meetings_Organisator.jpg\",\"contentUrl\":\"https:\\\/\\\/www.organisator.ch\\\/wp-content\\\/uploads\\\/2020\\\/06\\\/Trotz-Corona-Geschaeftsreisende-bevorzugen-persoenliche-Meetings_Organisator.jpg\",\"width\":680,\"height\":539,\"caption\":\"Trotz Corona: Pers\u00f6nliche Treffen bringen mehr Umsatz Weiterer Text \u00fcber ots und www.presseportal.de\\\/nr\\\/106972 \\\/ Die Verwendung dieses Bildes ist f\u00fcr redaktionelle Zwecke honorarfrei. Ver\u00f6ffentlichung bitte unter Quellenangabe: \\\"obs\\\/DRV Deutscher Reiseverband e.V.\\\"\"},{\"@type\":\"BreadcrumbList\",\"@id\":\"https:\\\/\\\/www.organisator.ch\\\/management\\\/2020-06-24\\\/trotz-corona-geschaeftsreisende-bevorzugen-persoenliche-meetings\\\/#breadcrumb\",\"itemListElement\":[{\"@type\":\"ListItem\",\"position\":1,\"name\":\"Home\",\"item\":\"https:\\\/\\\/www.organisator.ch\\\/\"},{\"@type\":\"ListItem\",\"position\":2,\"name\":\"Trotz Corona: Gesch\u00e4ftsreisende bevorzugen pers\u00f6nliche Meetings\"}]},{\"@type\":\"WebSite\",\"@id\":\"https:\\\/\\\/www.organisator.ch\\\/#website\",\"url\":\"https:\\\/\\\/www.organisator.ch\\\/\",\"name\":\"Organisator\",\"description\":\"Kompetent. Praxisnah. Der ORGANISATOR bereitet in 10 Ausgaben pro Jahr die wesentlichen Themen f\u00fcr F\u00fchrungskr\u00e4fte von KMU auf.\",\"publisher\":{\"@id\":\"https:\\\/\\\/www.organisator.ch\\\/#organization\"},\"potentialAction\":[{\"@type\":\"SearchAction\",\"target\":{\"@type\":\"EntryPoint\",\"urlTemplate\":\"https:\\\/\\\/www.organisator.ch\\\/?s={search_term_string}\"},\"query-input\":{\"@type\":\"PropertyValueSpecification\",\"valueRequired\":true,\"valueName\":\"search_term_string\"}}],\"inLanguage\":\"en-US\"},{\"@type\":\"Organization\",\"@id\":\"https:\\\/\\\/www.organisator.ch\\\/#organization\",\"name\":\"Organisator\",\"url\":\"https:\\\/\\\/www.organisator.ch\\\/\",\"logo\":{\"@type\":\"ImageObject\",\"inLanguage\":\"en-US\",\"@id\":\"https:\\\/\\\/www.organisator.ch\\\/#\\\/schema\\\/logo\\\/image\\\/\",\"url\":\"https:\\\/\\\/www.organisator.ch\\\/wp-content\\\/uploads\\\/2022\\\/01\\\/Logo_Organisator_Website.png\",\"contentUrl\":\"https:\\\/\\\/www.organisator.ch\\\/wp-content\\\/uploads\\\/2022\\\/01\\\/Logo_Organisator_Website.png\",\"width\":800,\"height\":77,\"caption\":\"Organisator\"},\"image\":{\"@id\":\"https:\\\/\\\/www.organisator.ch\\\/#\\\/schema\\\/logo\\\/image\\\/\"},\"sameAs\":[\"https:\\\/\\\/www.facebook.com\\\/OrganisatorFachmagazin\",\"https:\\\/\\\/www.linkedin.com\\\/showcase\\\/organisator-das-magazin-fr-kmu\",\"https:\\\/\\\/www.xing.com\\\/news\\\/pages\\\/organisator-ch-695\",\"https:\\\/\\\/www.youtube.com\\\/channel\\\/UCGP2Sq0iWaZwT3BdIAQFYpw\"]},{\"@type\":\"Person\",\"@id\":\"https:\\\/\\\/www.organisator.ch\\\/#\\\/schema\\\/person\\\/6f650f90b2842cd4c0cc334b4e36f67e\",\"name\":\"thomas.berner\",\"image\":{\"@type\":\"ImageObject\",\"inLanguage\":\"en-US\",\"@id\":\"https:\\\/\\\/secure.gravatar.com\\\/avatar\\\/ac5001d2a36cb6c6cd3e50789007ffca834b477b74a2144564522e944eabff61?s=96&d=mm&r=g\",\"url\":\"https:\\\/\\\/secure.gravatar.com\\\/avatar\\\/ac5001d2a36cb6c6cd3e50789007ffca834b477b74a2144564522e944eabff61?s=96&d=mm&r=g\",\"contentUrl\":\"https:\\\/\\\/secure.gravatar.com\\\/avatar\\\/ac5001d2a36cb6c6cd3e50789007ffca834b477b74a2144564522e944eabff61?s=96&d=mm&r=g\",\"caption\":\"thomas.berner\"},\"url\":\"https:\\\/\\\/www.organisator.ch\\\/en\\\/author\\\/thomas-berner\\\/\"}]}<\/script>\n<!-- \/ Yoast SEO plugin. -->","yoast_head_json":{"title":"Despite Corona: Business travelers prefer face-to-face meetings - Organizer","description":"A study by the German Travel Association (DRV) shows that business travelers prefer face-to-face meetings despite Corona.","robots":{"index":"index","follow":"follow","max-snippet":"max-snippet:-1","max-image-preview":"max-image-preview:large","max-video-preview":"max-video-preview:-1"},"canonical":"https:\/\/www.organisator.ch\/en\/management\/2020-06-24\/trotz-corona-geschaeftsreisende-bevorzugen-persoenliche-meetings\/","og_locale":"en_US","og_type":"article","og_title":"Trotz Corona: Gesch\u00e4ftsreisende bevorzugen pers\u00f6nliche Meetings","og_description":"Eine Studie des Deutschen Reiseverbands e.V. (DRV) zeigt, dass Gesch\u00e4ftsreisende trotz Corona pers\u00f6nliche Meetings bevorzugen.","og_url":"https:\/\/www.organisator.ch\/en\/management\/2020-06-24\/trotz-corona-geschaeftsreisende-bevorzugen-persoenliche-meetings\/","og_site_name":"Organisator","article_publisher":"https:\/\/www.facebook.com\/OrganisatorFachmagazin","article_published_time":"2020-06-24T11:49:01+00:00","og_image":[{"width":680,"height":539,"url":"https:\/\/www.organisator.ch\/wp-content\/uploads\/2020\/06\/Trotz-Corona-Geschaeftsreisende-bevorzugen-persoenliche-Meetings_Organisator.jpg","type":"image\/jpeg"}],"author":"thomas.berner","twitter_card":"summary_large_image","twitter_title":"Trotz #Corona: #Gesch\u00e4ftsreisende bevorzugen pers\u00f6nliche Meetings","twitter_description":"Eine Studie des Deutschen Reiseverbands e.V. (#DRV) zeigt, dass #Gesch\u00e4ftsreisende trotz #Corona pers\u00f6nliche Meetings bevorzugen.","twitter_image":"https:\/\/www.organisator.ch\/wp-content\/uploads\/2020\/06\/Trotz-Corona-Geschaeftsreisende-bevorzugen-persoenliche-Meetings_Organisator.jpg","schema":{"@context":"https:\/\/schema.org","@graph":[{"@type":"Article","@id":"https:\/\/www.organisator.ch\/management\/2020-06-24\/trotz-corona-geschaeftsreisende-bevorzugen-persoenliche-meetings\/#article","isPartOf":{"@id":"https:\/\/www.organisator.ch\/management\/2020-06-24\/trotz-corona-geschaeftsreisende-bevorzugen-persoenliche-meetings\/"},"author":{"name":"thomas.berner","@id":"https:\/\/www.organisator.ch\/#\/schema\/person\/6f650f90b2842cd4c0cc334b4e36f67e"},"headline":"Trotz Corona: Gesch\u00e4ftsreisende bevorzugen pers\u00f6nliche Meetings","datePublished":"2020-06-24T11:49:01+00:00","mainEntityOfPage":{"@id":"https:\/\/www.organisator.ch\/management\/2020-06-24\/trotz-corona-geschaeftsreisende-bevorzugen-persoenliche-meetings\/"},"wordCount":585,"publisher":{"@id":"https:\/\/www.organisator.ch\/#organization"},"image":{"@id":"https:\/\/www.organisator.ch\/management\/2020-06-24\/trotz-corona-geschaeftsreisende-bevorzugen-persoenliche-meetings\/#primaryimage"},"thumbnailUrl":"https:\/\/www.organisator.ch\/wp-content\/uploads\/2020\/06\/Trotz-Corona-Geschaeftsreisende-bevorzugen-persoenliche-Meetings_Organisator.jpg","keywords":["Business Travel","Coronavirus","Management und Unternehmensf\u00fchrung","Studie"],"articleSection":["MANAGEMENT"],"inLanguage":"en-US"},{"@type":"WebPage","@id":"https:\/\/www.organisator.ch\/management\/2020-06-24\/trotz-corona-geschaeftsreisende-bevorzugen-persoenliche-meetings\/","url":"https:\/\/www.organisator.ch\/management\/2020-06-24\/trotz-corona-geschaeftsreisende-bevorzugen-persoenliche-meetings\/","name":"Despite Corona: Business travelers prefer face-to-face meetings - Organizer","isPartOf":{"@id":"https:\/\/www.organisator.ch\/#website"},"primaryImageOfPage":{"@id":"https:\/\/www.organisator.ch\/management\/2020-06-24\/trotz-corona-geschaeftsreisende-bevorzugen-persoenliche-meetings\/#primaryimage"},"image":{"@id":"https:\/\/www.organisator.ch\/management\/2020-06-24\/trotz-corona-geschaeftsreisende-bevorzugen-persoenliche-meetings\/#primaryimage"},"thumbnailUrl":"https:\/\/www.organisator.ch\/wp-content\/uploads\/2020\/06\/Trotz-Corona-Geschaeftsreisende-bevorzugen-persoenliche-Meetings_Organisator.jpg","datePublished":"2020-06-24T11:49:01+00:00","description":"A study by the German Travel Association (DRV) shows that business travelers prefer face-to-face meetings despite Corona.","breadcrumb":{"@id":"https:\/\/www.organisator.ch\/management\/2020-06-24\/trotz-corona-geschaeftsreisende-bevorzugen-persoenliche-meetings\/#breadcrumb"},"inLanguage":"en-US","potentialAction":[{"@type":"ReadAction","target":["https:\/\/www.organisator.ch\/management\/2020-06-24\/trotz-corona-geschaeftsreisende-bevorzugen-persoenliche-meetings\/"]}]},{"@type":"ImageObject","inLanguage":"en-US","@id":"https:\/\/www.organisator.ch\/management\/2020-06-24\/trotz-corona-geschaeftsreisende-bevorzugen-persoenliche-meetings\/#primaryimage","url":"https:\/\/www.organisator.ch\/wp-content\/uploads\/2020\/06\/Trotz-Corona-Geschaeftsreisende-bevorzugen-persoenliche-Meetings_Organisator.jpg","contentUrl":"https:\/\/www.organisator.ch\/wp-content\/uploads\/2020\/06\/Trotz-Corona-Geschaeftsreisende-bevorzugen-persoenliche-Meetings_Organisator.jpg","width":680,"height":539,"caption":"Trotz Corona: Pers\u00f6nliche Treffen bringen mehr Umsatz Weiterer Text \u00fcber ots und www.presseportal.de\/nr\/106972 \/ Die Verwendung dieses Bildes ist f\u00fcr redaktionelle Zwecke honorarfrei. Ver\u00f6ffentlichung bitte unter Quellenangabe: \"obs\/DRV Deutscher Reiseverband e.V.\""},{"@type":"BreadcrumbList","@id":"https:\/\/www.organisator.ch\/management\/2020-06-24\/trotz-corona-geschaeftsreisende-bevorzugen-persoenliche-meetings\/#breadcrumb","itemListElement":[{"@type":"ListItem","position":1,"name":"Home","item":"https:\/\/www.organisator.ch\/"},{"@type":"ListItem","position":2,"name":"Trotz Corona: Gesch\u00e4ftsreisende bevorzugen pers\u00f6nliche Meetings"}]},{"@type":"WebSite","@id":"https:\/\/www.organisator.ch\/#website","url":"https:\/\/www.organisator.ch\/","name":"Organizer","description":"Competent. Practical. In 10 issues per year, ORGANISATOR presents the essential topics for managers of SMEs.","publisher":{"@id":"https:\/\/www.organisator.ch\/#organization"},"potentialAction":[{"@type":"SearchAction","target":{"@type":"EntryPoint","urlTemplate":"https:\/\/www.organisator.ch\/?s={search_term_string}"},"query-input":{"@type":"PropertyValueSpecification","valueRequired":true,"valueName":"search_term_string"}}],"inLanguage":"en-US"},{"@type":"Organization","@id":"https:\/\/www.organisator.ch\/#organization","name":"Organizer","url":"https:\/\/www.organisator.ch\/","logo":{"@type":"ImageObject","inLanguage":"en-US","@id":"https:\/\/www.organisator.ch\/#\/schema\/logo\/image\/","url":"https:\/\/www.organisator.ch\/wp-content\/uploads\/2022\/01\/Logo_Organisator_Website.png","contentUrl":"https:\/\/www.organisator.ch\/wp-content\/uploads\/2022\/01\/Logo_Organisator_Website.png","width":800,"height":77,"caption":"Organisator"},"image":{"@id":"https:\/\/www.organisator.ch\/#\/schema\/logo\/image\/"},"sameAs":["https:\/\/www.facebook.com\/OrganisatorFachmagazin","https:\/\/www.linkedin.com\/showcase\/organisator-das-magazin-fr-kmu","https:\/\/www.xing.com\/news\/pages\/organisator-ch-695","https:\/\/www.youtube.com\/channel\/UCGP2Sq0iWaZwT3BdIAQFYpw"]},{"@type":"Person","@id":"https:\/\/www.organisator.ch\/#\/schema\/person\/6f650f90b2842cd4c0cc334b4e36f67e","name":"thomas.berner","image":{"@type":"ImageObject","inLanguage":"en-US","@id":"https:\/\/secure.gravatar.com\/avatar\/ac5001d2a36cb6c6cd3e50789007ffca834b477b74a2144564522e944eabff61?s=96&d=mm&r=g","url":"https:\/\/secure.gravatar.com\/avatar\/ac5001d2a36cb6c6cd3e50789007ffca834b477b74a2144564522e944eabff61?s=96&d=mm&r=g","contentUrl":"https:\/\/secure.gravatar.com\/avatar\/ac5001d2a36cb6c6cd3e50789007ffca834b477b74a2144564522e944eabff61?s=96&d=mm&r=g","caption":"thomas.berner"},"url":"https:\/\/www.organisator.ch\/en\/author\/thomas-berner\/"}]}},"_links":{"self":[{"href":"https:\/\/www.organisator.ch\/en\/wp-json\/wp\/v2\/posts\/6862","targetHints":{"allow":["GET"]}}],"collection":[{"href":"https:\/\/www.organisator.ch\/en\/wp-json\/wp\/v2\/posts"}],"about":[{"href":"https:\/\/www.organisator.ch\/en\/wp-json\/wp\/v2\/types\/post"}],"author":[{"embeddable":true,"href":"https:\/\/www.organisator.ch\/en\/wp-json\/wp\/v2\/users\/4"}],"replies":[{"embeddable":true,"href":"https:\/\/www.organisator.ch\/en\/wp-json\/wp\/v2\/comments?post=6862"}],"version-history":[{"count":0,"href":"https:\/\/www.organisator.ch\/en\/wp-json\/wp\/v2\/posts\/6862\/revisions"}],"wp:featuredmedia":[{"embeddable":true,"href":"https:\/\/www.organisator.ch\/en\/wp-json\/wp\/v2\/media\/6863"}],"wp:attachment":[{"href":"https:\/\/www.organisator.ch\/en\/wp-json\/wp\/v2\/media?parent=6862"}],"wp:term":[{"taxonomy":"category","embeddable":true,"href":"https:\/\/www.organisator.ch\/en\/wp-json\/wp\/v2\/categories?post=6862"},{"taxonomy":"post_tag","embeddable":true,"href":"https:\/\/www.organisator.ch\/en\/wp-json\/wp\/v2\/tags?post=6862"}],"curies":[{"name":"wp","href":"https:\/\/api.w.org\/{rel}","templated":true}]}}