{"id":6875,"date":"2020-06-26T10:51:30","date_gmt":"2020-06-26T08:51:30","guid":{"rendered":"https:\/\/www.organisator.ch\/?p=6875"},"modified":"2020-06-26T10:51:30","modified_gmt":"2020-06-26T08:51:30","slug":"exportstimmung-der-schweizer-kmu-auf-historischem-tief","status":"publish","type":"post","link":"https:\/\/www.organisator.ch\/en\/allgemein\/2020-06-26\/exportstimmung-der-schweizer-kmu-auf-historischem-tief\/","title":{"rendered":"Export Sentiment of Swiss SMEs at Historic Low"},"content":{"rendered":"<figure id=\"attachment_6876\" aria-describedby=\"caption-attachment-6876\" style=\"width: 680px\" class=\"wp-caption alignnone\"><img loading=\"lazy\" decoding=\"async\" class=\"size-medium wp-image-6876\" src=\"https:\/\/www.organisator.ch\/wp-content\/uploads\/2020\/06\/Exportstimmung-der-Schweizer-KMU-auf-historischem-Tief_Organisator.jpg\" alt=\"\" width=\"680\" height=\"214\" srcset=\"https:\/\/www.organisator.ch\/wp-content\/uploads\/2020\/06\/Exportstimmung-der-Schweizer-KMU-auf-historischem-Tief_Organisator.jpg 680w, https:\/\/www.organisator.ch\/wp-content\/uploads\/2020\/06\/Exportstimmung-der-Schweizer-KMU-auf-historischem-Tief_Organisator-16x5.jpg 16w, https:\/\/www.organisator.ch\/wp-content\/uploads\/2020\/06\/Exportstimmung-der-Schweizer-KMU-auf-historischem-Tief_Organisator-375x118.jpg 375w, https:\/\/www.organisator.ch\/wp-content\/uploads\/2020\/06\/Exportstimmung-der-Schweizer-KMU-auf-historischem-Tief_Organisator-300x94.jpg 300w\" sizes=\"auto, (max-width: 680px) 100vw, 680px\" \/><figcaption id=\"caption-attachment-6876\" class=\"wp-caption-text\">The export mood of Swiss SMEs has never been as bad as it is right now. (Image: Pixabay.com)<\/figcaption><\/figure>\n<p>As a result of the pandemic, SME export sentiment has fallen to its lowest level since Switzerland Global Enterprise (S-GE) first conducted its export survey in 2010. According to the current survey, conducted between the beginning of May and the beginning of June 2020, around two-thirds of the Swiss SMEs surveyed will have to accept a decline in their exports by the end of the first half of 2020. The pandemic has negative business consequences for 81 % of the companies, primarily due to the slump in demand suffered, the loss of sales and revenue, and the lack of certainty in expectations and planning. Looking ahead to the second half of 2020, 39 % of SMEs expect exports to increase, while 23 % anticipate stagnation and 38 % expect a further decline.<\/p>\n<h2>Credit Suisse Export Barometer also shows low export sentiment<\/h2>\n<p>The Credit Suisse Export Barometer, which tracks foreign demand for Swiss products, also clearly shows the effects of the Corona crisis. Its April value of -2.59 was only undercut during the financial crisis in 2008. In May 2020, the export barometer rose again to a value of -1.54, although this is still well below the growth threshold. Tiziana Hunziker, economist at Credit Suisse, says: \"In particular, government protection measures and production stops led to interruptions in international commodity chains and triggered an investment backlog. We assume that for the majority of exporters, the low point was reached in April. Exports by the machinery, electrical and metal industry (MEM industry) to the Asian region were already showing signs of an upward trend in April. However, income shortfalls and rising unemployment are likely to persist for some time. Industries that are particularly dependent on consumer sentiment, such as the watch industry, will probably have to wait longer for an upturn.\"<\/p>\n<h2>Global trade is slowed down<\/h2>\n<p>Alberto Silini, Head of Consulting at Switzerland Global Enterprise (S-GE), notes: \"The Corona crisis has put the brakes on global trade. Internationally oriented Swiss SMEs have been severely affected by this slump, which is impressively reflected by the historically low level of export sentiment. However, our survey shows that many companies have been able to stabilize in the meantime and are once again more optimistic about the future. After a phase characterized by crisis management, Swiss SMEs must now quickly adapt their own value chains to the new circumstances and return to their target markets with a better strategy than their international competitors. The diversification of sales markets and procurement sources as well as the use of hedging instruments against currency and other export risks play an important role in this context.\"<strong><\/p>\n<p><\/strong><em>Source and further information: <a href=\"http:\/\/newsletter.s-ge.com\/u\/nrd.php?p=s1cOxW09Ot_727_3323127_1_2&amp;ems_l=3232577&amp;d=%7CTWVkaWVubWl0dGVpbHVuZ19LTVUtRXhwb3J0cGVyc3Bla3RpdmVuX0hKMl8yMDIwX0RF%7CMjAyMA%3D%3D%7CMDY%3D%7CMjU%3D%7CMDg%3D%7C\">www.s-ge.com\/exportperspektiven<\/a><\/em><strong><br \/>\n<\/strong><\/p>","protected":false},"excerpt":{"rendered":"<p>Infolge der Pandemie ist die KMU-Exportstimmung auf den tiefsten Wert seit der erstmaligen Durchf\u00fchrung der Exportumfrage von Switzerland Global Enterprise (S-GE) im Jahr 2010 gefallen. Gem\u00e4ss der aktuellen, zwischen Anfang Mai und Anfang Juni 2020 durchgef\u00fchrten Umfrage, m\u00fcssen rund zwei Drittel der befragten Schweizer KMU per Ende des ersten Halbjahres 2020 einen R\u00fcckgang ihrer Exporte [&hellip;]<\/p>\n","protected":false},"author":4,"featured_media":6876,"comment_status":"closed","ping_status":"closed","sticky":false,"template":"","format":"standard","meta":{"_acf_changed":false,"_yoast_wpseo_focuskw":"Exportstimmung","_yoast_wpseo_metadesc":"Die Coronakrise sorgt f\u00fcr einen Einbruch der Exportstimmung bei international t\u00e4tigen KMU. Dies zeigen die neusten Zahlen von S-GE und Credit Suisse.","articlekey":"","footnotes":""},"categories":[1],"tags":[189,335,340],"class_list":["post-6875","post","type-post","status-publish","format-standard","has-post-thumbnail","hentry","category-allgemein","tag-export","tag-management-und-unternehmensfuehrung","tag-maerkte"],"acf":[],"yoast_head":"<!-- This site is optimized with the Yoast SEO plugin v27.5 - https:\/\/yoast.com\/product\/yoast-seo-wordpress\/ -->\n<title>Exportstimmung der Schweizer KMU auf historischem Tief - Organisator<\/title>\n<meta name=\"description\" content=\"Die Coronakrise sorgt f\u00fcr einen Einbruch der Exportstimmung bei international t\u00e4tigen KMU. Dies zeigen die neusten Zahlen von S-GE und Credit Suisse.\" \/>\n<meta name=\"robots\" content=\"index, follow, max-snippet:-1, max-image-preview:large, max-video-preview:-1\" \/>\n<link rel=\"canonical\" href=\"https:\/\/www.organisator.ch\/en\/general\/2020-06-26\/exportstimmung-der-schweizer-kmu-auf-historischem-tief\/\" \/>\n<meta property=\"og:locale\" content=\"en_US\" \/>\n<meta property=\"og:type\" content=\"article\" \/>\n<meta property=\"og:title\" content=\"Exportstimmung der Schweizer KMU auf historischem Tief\" \/>\n<meta property=\"og:description\" content=\"Die Coronakrise sorgt f\u00fcr einen Einbruch der Exportstimmung bei international t\u00e4tigen KMU. Dies zeigen die neusten Zahlen von S-GE und Credit Suisse.\" \/>\n<meta property=\"og:url\" content=\"https:\/\/www.organisator.ch\/en\/general\/2020-06-26\/exportstimmung-der-schweizer-kmu-auf-historischem-tief\/\" \/>\n<meta property=\"og:site_name\" content=\"Organisator\" \/>\n<meta property=\"article:publisher\" content=\"https:\/\/www.facebook.com\/OrganisatorFachmagazin\" \/>\n<meta property=\"article:published_time\" content=\"2020-06-26T08:51:30+00:00\" \/>\n<meta property=\"og:image\" content=\"https:\/\/www.organisator.ch\/wp-content\/uploads\/2020\/06\/Exportstimmung-der-Schweizer-KMU-auf-historischem-Tief_Organisator.jpg\" \/>\n\t<meta property=\"og:image:width\" content=\"680\" \/>\n\t<meta property=\"og:image:height\" content=\"214\" \/>\n\t<meta property=\"og:image:type\" content=\"image\/jpeg\" \/>\n<meta name=\"author\" content=\"thomas.berner\" \/>\n<meta name=\"twitter:card\" content=\"summary_large_image\" \/>\n<meta name=\"twitter:title\" content=\"#Exportstimmung der Schweizer KMU auf historischem Tief\" \/>\n<meta name=\"twitter:description\" content=\"Die #Coronakrise sorgt f\u00fcr einen Einbruch der #Exportstimmung bei international t\u00e4tigen KMU. Dies zeigen die neusten Zahlen von #S-GE und Credit Suisse.\" \/>\n<meta name=\"twitter:image\" content=\"https:\/\/www.organisator.ch\/wp-content\/uploads\/2020\/06\/Exportstimmung-der-Schweizer-KMU-auf-historischem-Tief_Organisator.jpg\" \/>\n<script type=\"application\/ld+json\" class=\"yoast-schema-graph\">{\"@context\":\"https:\\\/\\\/schema.org\",\"@graph\":[{\"@type\":\"Article\",\"@id\":\"https:\\\/\\\/www.organisator.ch\\\/it\\\/generale\\\/2020-06-26\\\/exportstimmung-der-schweizer-kmu-auf-historischem-tief\\\/#article\",\"isPartOf\":{\"@id\":\"https:\\\/\\\/www.organisator.ch\\\/it\\\/generale\\\/2020-06-26\\\/exportstimmung-der-schweizer-kmu-auf-historischem-tief\\\/\"},\"author\":{\"name\":\"thomas.berner\",\"@id\":\"https:\\\/\\\/www.organisator.ch\\\/#\\\/schema\\\/person\\\/6f650f90b2842cd4c0cc334b4e36f67e\"},\"headline\":\"Exportstimmung der Schweizer KMU auf historischem Tief\",\"datePublished\":\"2020-06-26T08:51:30+00:00\",\"mainEntityOfPage\":{\"@id\":\"https:\\\/\\\/www.organisator.ch\\\/it\\\/generale\\\/2020-06-26\\\/exportstimmung-der-schweizer-kmu-auf-historischem-tief\\\/\"},\"wordCount\":435,\"publisher\":{\"@id\":\"https:\\\/\\\/www.organisator.ch\\\/#organization\"},\"image\":{\"@id\":\"https:\\\/\\\/www.organisator.ch\\\/it\\\/generale\\\/2020-06-26\\\/exportstimmung-der-schweizer-kmu-auf-historischem-tief\\\/#primaryimage\"},\"thumbnailUrl\":\"https:\\\/\\\/www.organisator.ch\\\/wp-content\\\/uploads\\\/2020\\\/06\\\/Exportstimmung-der-Schweizer-KMU-auf-historischem-Tief_Organisator.jpg\",\"keywords\":[\"Export\",\"Management und Unternehmensf\u00fchrung\",\"M\u00e4rkte\"],\"articleSection\":[\"Allgemein\"],\"inLanguage\":\"en-US\"},{\"@type\":\"WebPage\",\"@id\":\"https:\\\/\\\/www.organisator.ch\\\/it\\\/generale\\\/2020-06-26\\\/exportstimmung-der-schweizer-kmu-auf-historischem-tief\\\/\",\"url\":\"https:\\\/\\\/www.organisator.ch\\\/it\\\/generale\\\/2020-06-26\\\/exportstimmung-der-schweizer-kmu-auf-historischem-tief\\\/\",\"name\":\"Exportstimmung der Schweizer KMU auf historischem Tief - Organisator\",\"isPartOf\":{\"@id\":\"https:\\\/\\\/www.organisator.ch\\\/#website\"},\"primaryImageOfPage\":{\"@id\":\"https:\\\/\\\/www.organisator.ch\\\/it\\\/generale\\\/2020-06-26\\\/exportstimmung-der-schweizer-kmu-auf-historischem-tief\\\/#primaryimage\"},\"image\":{\"@id\":\"https:\\\/\\\/www.organisator.ch\\\/it\\\/generale\\\/2020-06-26\\\/exportstimmung-der-schweizer-kmu-auf-historischem-tief\\\/#primaryimage\"},\"thumbnailUrl\":\"https:\\\/\\\/www.organisator.ch\\\/wp-content\\\/uploads\\\/2020\\\/06\\\/Exportstimmung-der-Schweizer-KMU-auf-historischem-Tief_Organisator.jpg\",\"datePublished\":\"2020-06-26T08:51:30+00:00\",\"description\":\"Die Coronakrise sorgt f\u00fcr einen Einbruch der Exportstimmung bei international t\u00e4tigen KMU. Dies zeigen die neusten Zahlen von S-GE und Credit Suisse.\",\"breadcrumb\":{\"@id\":\"https:\\\/\\\/www.organisator.ch\\\/it\\\/generale\\\/2020-06-26\\\/exportstimmung-der-schweizer-kmu-auf-historischem-tief\\\/#breadcrumb\"},\"inLanguage\":\"en-US\",\"potentialAction\":[{\"@type\":\"ReadAction\",\"target\":[\"https:\\\/\\\/www.organisator.ch\\\/it\\\/generale\\\/2020-06-26\\\/exportstimmung-der-schweizer-kmu-auf-historischem-tief\\\/\"]}]},{\"@type\":\"ImageObject\",\"inLanguage\":\"en-US\",\"@id\":\"https:\\\/\\\/www.organisator.ch\\\/it\\\/generale\\\/2020-06-26\\\/exportstimmung-der-schweizer-kmu-auf-historischem-tief\\\/#primaryimage\",\"url\":\"https:\\\/\\\/www.organisator.ch\\\/wp-content\\\/uploads\\\/2020\\\/06\\\/Exportstimmung-der-Schweizer-KMU-auf-historischem-Tief_Organisator.jpg\",\"contentUrl\":\"https:\\\/\\\/www.organisator.ch\\\/wp-content\\\/uploads\\\/2020\\\/06\\\/Exportstimmung-der-Schweizer-KMU-auf-historischem-Tief_Organisator.jpg\",\"width\":680,\"height\":214,\"caption\":\"Die Exportstimmung von Schweizer KMU war noch nie so schlecht wie gerade jetzt. (Bild: Pixabay.com)\"},{\"@type\":\"BreadcrumbList\",\"@id\":\"https:\\\/\\\/www.organisator.ch\\\/it\\\/generale\\\/2020-06-26\\\/exportstimmung-der-schweizer-kmu-auf-historischem-tief\\\/#breadcrumb\",\"itemListElement\":[{\"@type\":\"ListItem\",\"position\":1,\"name\":\"Home\",\"item\":\"https:\\\/\\\/www.organisator.ch\\\/\"},{\"@type\":\"ListItem\",\"position\":2,\"name\":\"Exportstimmung der Schweizer KMU auf historischem Tief\"}]},{\"@type\":\"WebSite\",\"@id\":\"https:\\\/\\\/www.organisator.ch\\\/#website\",\"url\":\"https:\\\/\\\/www.organisator.ch\\\/\",\"name\":\"Organisator\",\"description\":\"Kompetent. Praxisnah. Der ORGANISATOR bereitet in 10 Ausgaben pro Jahr die wesentlichen Themen f\u00fcr F\u00fchrungskr\u00e4fte von KMU auf.\",\"publisher\":{\"@id\":\"https:\\\/\\\/www.organisator.ch\\\/#organization\"},\"potentialAction\":[{\"@type\":\"SearchAction\",\"target\":{\"@type\":\"EntryPoint\",\"urlTemplate\":\"https:\\\/\\\/www.organisator.ch\\\/?s={search_term_string}\"},\"query-input\":{\"@type\":\"PropertyValueSpecification\",\"valueRequired\":true,\"valueName\":\"search_term_string\"}}],\"inLanguage\":\"en-US\"},{\"@type\":\"Organization\",\"@id\":\"https:\\\/\\\/www.organisator.ch\\\/#organization\",\"name\":\"Organisator\",\"url\":\"https:\\\/\\\/www.organisator.ch\\\/\",\"logo\":{\"@type\":\"ImageObject\",\"inLanguage\":\"en-US\",\"@id\":\"https:\\\/\\\/www.organisator.ch\\\/#\\\/schema\\\/logo\\\/image\\\/\",\"url\":\"https:\\\/\\\/www.organisator.ch\\\/wp-content\\\/uploads\\\/2022\\\/01\\\/Logo_Organisator_Website.png\",\"contentUrl\":\"https:\\\/\\\/www.organisator.ch\\\/wp-content\\\/uploads\\\/2022\\\/01\\\/Logo_Organisator_Website.png\",\"width\":800,\"height\":77,\"caption\":\"Organisator\"},\"image\":{\"@id\":\"https:\\\/\\\/www.organisator.ch\\\/#\\\/schema\\\/logo\\\/image\\\/\"},\"sameAs\":[\"https:\\\/\\\/www.facebook.com\\\/OrganisatorFachmagazin\",\"https:\\\/\\\/www.linkedin.com\\\/showcase\\\/organisator-das-magazin-fr-kmu\",\"https:\\\/\\\/www.xing.com\\\/news\\\/pages\\\/organisator-ch-695\",\"https:\\\/\\\/www.youtube.com\\\/channel\\\/UCGP2Sq0iWaZwT3BdIAQFYpw\"]},{\"@type\":\"Person\",\"@id\":\"https:\\\/\\\/www.organisator.ch\\\/#\\\/schema\\\/person\\\/6f650f90b2842cd4c0cc334b4e36f67e\",\"name\":\"thomas.berner\",\"image\":{\"@type\":\"ImageObject\",\"inLanguage\":\"en-US\",\"@id\":\"https:\\\/\\\/secure.gravatar.com\\\/avatar\\\/ac5001d2a36cb6c6cd3e50789007ffca834b477b74a2144564522e944eabff61?s=96&d=mm&r=g\",\"url\":\"https:\\\/\\\/secure.gravatar.com\\\/avatar\\\/ac5001d2a36cb6c6cd3e50789007ffca834b477b74a2144564522e944eabff61?s=96&d=mm&r=g\",\"contentUrl\":\"https:\\\/\\\/secure.gravatar.com\\\/avatar\\\/ac5001d2a36cb6c6cd3e50789007ffca834b477b74a2144564522e944eabff61?s=96&d=mm&r=g\",\"caption\":\"thomas.berner\"},\"url\":\"https:\\\/\\\/www.organisator.ch\\\/en\\\/author\\\/thomas-berner\\\/\"}]}<\/script>\n<!-- \/ Yoast SEO plugin. -->","yoast_head_json":{"title":"Export sentiment of Swiss SMEs at historic low - Organizer","description":"The Corona crisis is causing a slump in export sentiment among internationally active SMEs. This is shown by the latest figures from S-GE and Credit Suisse.","robots":{"index":"index","follow":"follow","max-snippet":"max-snippet:-1","max-image-preview":"max-image-preview:large","max-video-preview":"max-video-preview:-1"},"canonical":"https:\/\/www.organisator.ch\/en\/general\/2020-06-26\/exportstimmung-der-schweizer-kmu-auf-historischem-tief\/","og_locale":"en_US","og_type":"article","og_title":"Exportstimmung der Schweizer KMU auf historischem Tief","og_description":"Die Coronakrise sorgt f\u00fcr einen Einbruch der Exportstimmung bei international t\u00e4tigen KMU. Dies zeigen die neusten Zahlen von S-GE und Credit Suisse.","og_url":"https:\/\/www.organisator.ch\/en\/general\/2020-06-26\/exportstimmung-der-schweizer-kmu-auf-historischem-tief\/","og_site_name":"Organisator","article_publisher":"https:\/\/www.facebook.com\/OrganisatorFachmagazin","article_published_time":"2020-06-26T08:51:30+00:00","og_image":[{"width":680,"height":214,"url":"https:\/\/www.organisator.ch\/wp-content\/uploads\/2020\/06\/Exportstimmung-der-Schweizer-KMU-auf-historischem-Tief_Organisator.jpg","type":"image\/jpeg"}],"author":"thomas.berner","twitter_card":"summary_large_image","twitter_title":"#Exportstimmung der Schweizer KMU auf historischem Tief","twitter_description":"Die #Coronakrise sorgt f\u00fcr einen Einbruch der #Exportstimmung bei international t\u00e4tigen KMU. Dies zeigen die neusten Zahlen von #S-GE und Credit Suisse.","twitter_image":"https:\/\/www.organisator.ch\/wp-content\/uploads\/2020\/06\/Exportstimmung-der-Schweizer-KMU-auf-historischem-Tief_Organisator.jpg","schema":{"@context":"https:\/\/schema.org","@graph":[{"@type":"Article","@id":"https:\/\/www.organisator.ch\/it\/generale\/2020-06-26\/exportstimmung-der-schweizer-kmu-auf-historischem-tief\/#article","isPartOf":{"@id":"https:\/\/www.organisator.ch\/it\/generale\/2020-06-26\/exportstimmung-der-schweizer-kmu-auf-historischem-tief\/"},"author":{"name":"thomas.berner","@id":"https:\/\/www.organisator.ch\/#\/schema\/person\/6f650f90b2842cd4c0cc334b4e36f67e"},"headline":"Exportstimmung der Schweizer KMU auf historischem Tief","datePublished":"2020-06-26T08:51:30+00:00","mainEntityOfPage":{"@id":"https:\/\/www.organisator.ch\/it\/generale\/2020-06-26\/exportstimmung-der-schweizer-kmu-auf-historischem-tief\/"},"wordCount":435,"publisher":{"@id":"https:\/\/www.organisator.ch\/#organization"},"image":{"@id":"https:\/\/www.organisator.ch\/it\/generale\/2020-06-26\/exportstimmung-der-schweizer-kmu-auf-historischem-tief\/#primaryimage"},"thumbnailUrl":"https:\/\/www.organisator.ch\/wp-content\/uploads\/2020\/06\/Exportstimmung-der-Schweizer-KMU-auf-historischem-Tief_Organisator.jpg","keywords":["Export","Management und Unternehmensf\u00fchrung","M\u00e4rkte"],"articleSection":["Allgemein"],"inLanguage":"en-US"},{"@type":"WebPage","@id":"https:\/\/www.organisator.ch\/it\/generale\/2020-06-26\/exportstimmung-der-schweizer-kmu-auf-historischem-tief\/","url":"https:\/\/www.organisator.ch\/it\/generale\/2020-06-26\/exportstimmung-der-schweizer-kmu-auf-historischem-tief\/","name":"Export sentiment of Swiss SMEs at historic low - Organizer","isPartOf":{"@id":"https:\/\/www.organisator.ch\/#website"},"primaryImageOfPage":{"@id":"https:\/\/www.organisator.ch\/it\/generale\/2020-06-26\/exportstimmung-der-schweizer-kmu-auf-historischem-tief\/#primaryimage"},"image":{"@id":"https:\/\/www.organisator.ch\/it\/generale\/2020-06-26\/exportstimmung-der-schweizer-kmu-auf-historischem-tief\/#primaryimage"},"thumbnailUrl":"https:\/\/www.organisator.ch\/wp-content\/uploads\/2020\/06\/Exportstimmung-der-Schweizer-KMU-auf-historischem-Tief_Organisator.jpg","datePublished":"2020-06-26T08:51:30+00:00","description":"The Corona crisis is causing a slump in export sentiment among internationally active SMEs. This is shown by the latest figures from S-GE and Credit Suisse.","breadcrumb":{"@id":"https:\/\/www.organisator.ch\/it\/generale\/2020-06-26\/exportstimmung-der-schweizer-kmu-auf-historischem-tief\/#breadcrumb"},"inLanguage":"en-US","potentialAction":[{"@type":"ReadAction","target":["https:\/\/www.organisator.ch\/it\/generale\/2020-06-26\/exportstimmung-der-schweizer-kmu-auf-historischem-tief\/"]}]},{"@type":"ImageObject","inLanguage":"en-US","@id":"https:\/\/www.organisator.ch\/it\/generale\/2020-06-26\/exportstimmung-der-schweizer-kmu-auf-historischem-tief\/#primaryimage","url":"https:\/\/www.organisator.ch\/wp-content\/uploads\/2020\/06\/Exportstimmung-der-Schweizer-KMU-auf-historischem-Tief_Organisator.jpg","contentUrl":"https:\/\/www.organisator.ch\/wp-content\/uploads\/2020\/06\/Exportstimmung-der-Schweizer-KMU-auf-historischem-Tief_Organisator.jpg","width":680,"height":214,"caption":"Die Exportstimmung von Schweizer KMU war noch nie so schlecht wie gerade jetzt. (Bild: Pixabay.com)"},{"@type":"BreadcrumbList","@id":"https:\/\/www.organisator.ch\/it\/generale\/2020-06-26\/exportstimmung-der-schweizer-kmu-auf-historischem-tief\/#breadcrumb","itemListElement":[{"@type":"ListItem","position":1,"name":"Home","item":"https:\/\/www.organisator.ch\/"},{"@type":"ListItem","position":2,"name":"Exportstimmung der Schweizer KMU auf historischem Tief"}]},{"@type":"WebSite","@id":"https:\/\/www.organisator.ch\/#website","url":"https:\/\/www.organisator.ch\/","name":"Organizer","description":"Competent. Practical. In 10 issues per year, ORGANISATOR presents the essential topics for managers of SMEs.","publisher":{"@id":"https:\/\/www.organisator.ch\/#organization"},"potentialAction":[{"@type":"SearchAction","target":{"@type":"EntryPoint","urlTemplate":"https:\/\/www.organisator.ch\/?s={search_term_string}"},"query-input":{"@type":"PropertyValueSpecification","valueRequired":true,"valueName":"search_term_string"}}],"inLanguage":"en-US"},{"@type":"Organization","@id":"https:\/\/www.organisator.ch\/#organization","name":"Organizer","url":"https:\/\/www.organisator.ch\/","logo":{"@type":"ImageObject","inLanguage":"en-US","@id":"https:\/\/www.organisator.ch\/#\/schema\/logo\/image\/","url":"https:\/\/www.organisator.ch\/wp-content\/uploads\/2022\/01\/Logo_Organisator_Website.png","contentUrl":"https:\/\/www.organisator.ch\/wp-content\/uploads\/2022\/01\/Logo_Organisator_Website.png","width":800,"height":77,"caption":"Organisator"},"image":{"@id":"https:\/\/www.organisator.ch\/#\/schema\/logo\/image\/"},"sameAs":["https:\/\/www.facebook.com\/OrganisatorFachmagazin","https:\/\/www.linkedin.com\/showcase\/organisator-das-magazin-fr-kmu","https:\/\/www.xing.com\/news\/pages\/organisator-ch-695","https:\/\/www.youtube.com\/channel\/UCGP2Sq0iWaZwT3BdIAQFYpw"]},{"@type":"Person","@id":"https:\/\/www.organisator.ch\/#\/schema\/person\/6f650f90b2842cd4c0cc334b4e36f67e","name":"thomas.berner","image":{"@type":"ImageObject","inLanguage":"en-US","@id":"https:\/\/secure.gravatar.com\/avatar\/ac5001d2a36cb6c6cd3e50789007ffca834b477b74a2144564522e944eabff61?s=96&d=mm&r=g","url":"https:\/\/secure.gravatar.com\/avatar\/ac5001d2a36cb6c6cd3e50789007ffca834b477b74a2144564522e944eabff61?s=96&d=mm&r=g","contentUrl":"https:\/\/secure.gravatar.com\/avatar\/ac5001d2a36cb6c6cd3e50789007ffca834b477b74a2144564522e944eabff61?s=96&d=mm&r=g","caption":"thomas.berner"},"url":"https:\/\/www.organisator.ch\/en\/author\/thomas-berner\/"}]}},"_links":{"self":[{"href":"https:\/\/www.organisator.ch\/en\/wp-json\/wp\/v2\/posts\/6875","targetHints":{"allow":["GET"]}}],"collection":[{"href":"https:\/\/www.organisator.ch\/en\/wp-json\/wp\/v2\/posts"}],"about":[{"href":"https:\/\/www.organisator.ch\/en\/wp-json\/wp\/v2\/types\/post"}],"author":[{"embeddable":true,"href":"https:\/\/www.organisator.ch\/en\/wp-json\/wp\/v2\/users\/4"}],"replies":[{"embeddable":true,"href":"https:\/\/www.organisator.ch\/en\/wp-json\/wp\/v2\/comments?post=6875"}],"version-history":[{"count":0,"href":"https:\/\/www.organisator.ch\/en\/wp-json\/wp\/v2\/posts\/6875\/revisions"}],"wp:featuredmedia":[{"embeddable":true,"href":"https:\/\/www.organisator.ch\/en\/wp-json\/wp\/v2\/media\/6876"}],"wp:attachment":[{"href":"https:\/\/www.organisator.ch\/en\/wp-json\/wp\/v2\/media?parent=6875"}],"wp:term":[{"taxonomy":"category","embeddable":true,"href":"https:\/\/www.organisator.ch\/en\/wp-json\/wp\/v2\/categories?post=6875"},{"taxonomy":"post_tag","embeddable":true,"href":"https:\/\/www.organisator.ch\/en\/wp-json\/wp\/v2\/tags?post=6875"}],"curies":[{"name":"wp","href":"https:\/\/api.w.org\/{rel}","templated":true}]}}