{"id":6887,"date":"2020-06-30T10:54:32","date_gmt":"2020-06-30T08:54:32","guid":{"rendered":"https:\/\/www.organisator.ch\/?p=6887"},"modified":"2020-06-30T10:54:32","modified_gmt":"2020-06-30T08:54:32","slug":"salaerstudie-finanzen-faire-und-marktgerechte-salaere-gefordert","status":"publish","type":"post","link":"https:\/\/www.organisator.ch\/en\/management\/finanzen_recht\/2020-06-30\/salaerstudie-finanzen-faire-und-marktgerechte-salaere-gefordert\/","title":{"rendered":"Salary Study Finance: Fair and market-driven salaries called for"},"content":{"rendered":"<figure id=\"attachment_6888\" aria-describedby=\"caption-attachment-6888\" style=\"width: 680px\" class=\"wp-caption alignnone\"><img loading=\"lazy\" decoding=\"async\" class=\"size-medium wp-image-6888\" src=\"https:\/\/www.organisator.ch\/wp-content\/uploads\/2020\/06\/Salaerstudie-Finanzen-Faire-und-marktgerechte-Salaere-gefordert_Organisator.jpg\" alt=\"\" width=\"680\" height=\"455\" srcset=\"https:\/\/www.organisator.ch\/wp-content\/uploads\/2020\/06\/Salaerstudie-Finanzen-Faire-und-marktgerechte-Salaere-gefordert_Organisator.jpg 680w, https:\/\/www.organisator.ch\/wp-content\/uploads\/2020\/06\/Salaerstudie-Finanzen-Faire-und-marktgerechte-Salaere-gefordert_Organisator-16x12.jpg 16w, https:\/\/www.organisator.ch\/wp-content\/uploads\/2020\/06\/Salaerstudie-Finanzen-Faire-und-marktgerechte-Salaere-gefordert_Organisator-262x175.jpg 262w, https:\/\/www.organisator.ch\/wp-content\/uploads\/2020\/06\/Salaerstudie-Finanzen-Faire-und-marktgerechte-Salaere-gefordert_Organisator-523x350.jpg 523w, https:\/\/www.organisator.ch\/wp-content\/uploads\/2020\/06\/Salaerstudie-Finanzen-Faire-und-marktgerechte-Salaere-gefordert_Organisator-300x201.jpg 300w\" sizes=\"auto, (max-width: 680px) 100vw, 680px\" \/><figcaption id=\"caption-attachment-6888\" class=\"wp-caption-text\">Further training and professional experience pay off in the financial sector: A study by Careerplus shows factors for salaries in line with the market. (Image: Pixabay.com)<\/figcaption><\/figure>\n<p>At 90,000 Swiss francs, the median annual salary for the finance sector is 14.7 percent above the Swiss average. Further training, foreign language skills and management span are the main factors contributing to wage increases. Foreign language skills have gained in importance: Two years ago, these were still secondary in the same study. In the meantime, mastery of a foreign language, usually English, has become indispensable for job profiles such as accountant and controller. If a controller speaks at least one additional language, his median salary is around 115,000 Swiss francs; without foreign language skills, it is 105,000 Swiss francs.<\/p>\n<h2>Professional experience and further training pay off<\/h2>\n<p>In terms of management span, there is usually a jump from five employees: For example, if a Head of Finance\/CFO has more than four employees in his team, his median salary increases by 16,500 francs per year. CFOs are the top earners in finance, with an annual salary of 150,000 francs, followed by heads of controlling, who earn 145,000 francs annually. Another finding of the study is that those who rely on professional experience combined with further training are well advised. In particular, specific further training to become a federally certified expert, auditor or trustee generally leads to a higher salary. For example, a CFO with further training as a certified public accountant earns a median of 10,000 francs more than his colleague with a university degree without the corresponding further training.<\/p>\n<h2>Guide for salaries in line with the market<\/h2>\n<p>The representative study, which Careerplus publishes every two years, looks at how foreign language skills, education and training, management span and age affect the median salary for each job profile. Additional information such as hiring criteria and next career steps supplement the corresponding job profile chapters. The ten job profiles are primarily represented in SMEs: Accounting Clerk, Accountant, Head of Accounting, Head of Finance\/CFO, Junior Controller, Controller, Head of Controlling, Fiduciary Clerk, Trustee and Auditor.<\/p>\n<p>The salary survey also contains a form for the individual calculation of a salary, which can be used to calculate per salary level, age and economic sector whether one's own salary or that of the employees is in line with the market and fair.<\/p>\n<p><em>Source: <a href=\"http:\/\/www.careerplus.ch\">Careerplus<\/a><\/em><\/p>","protected":false},"excerpt":{"rendered":"<p>Mit 90 000 Franken liegt der Medianjahreslohn f\u00fcr den Bereich Finanzen 14,7 Prozent \u00fcber dem schweizerischen Durchschnitt. Weiterbildung, Fremdsprachenkenntnisse und F\u00fchrungsspanne tragen massgeblich zu einer Lohnerh\u00f6hung bei. An Bedeutung zugelegt haben dabei die Fremdsprachenkenntnisse: Vor zwei Jahren waren diese in der gleichen Studie noch sekund\u00e4r. Mittlerweile ist das Beherrschen einer Fremdsprache, meistens Englisch, f\u00fcr Jobprofile [&hellip;]<\/p>\n","protected":false},"author":4,"featured_media":6888,"comment_status":"closed","ping_status":"closed","sticky":false,"template":"","format":"standard","meta":{"_acf_changed":false,"_yoast_wpseo_focuskw":"marktgerechte Sal\u00e4re","_yoast_wpseo_metadesc":"Was sind marktgerechte Sal\u00e4re? Die Personalberatung Careerplus beantwortet diese Frage mit ihrer neusten Sal\u00e4rstudie f\u00fcr den Bereich Finanzen.","articlekey":"","footnotes":""},"categories":[24],"tags":[62,254,329,331],"class_list":["post-6887","post","type-post","status-publish","format-standard","has-post-thumbnail","hentry","category-finanzen_recht","tag-aus-weiterbildung","tag-hrm","tag-loehne","tag-lohnstudie"],"acf":[],"yoast_head":"<!-- This site is optimized with the Yoast SEO plugin v27.5 - https:\/\/yoast.com\/product\/yoast-seo-wordpress\/ -->\n<title>Sal\u00e4rstudie Finanzen: Faire und marktgerechte Sal\u00e4re gefordert - Organisator<\/title>\n<meta name=\"description\" content=\"Was sind marktgerechte Sal\u00e4re? Die Personalberatung Careerplus beantwortet diese Frage mit ihrer neusten Sal\u00e4rstudie f\u00fcr den Bereich Finanzen.\" \/>\n<meta name=\"robots\" content=\"index, follow, max-snippet:-1, max-image-preview:large, max-video-preview:-1\" \/>\n<link rel=\"canonical\" href=\"https:\/\/www.organisator.ch\/en\/management\/finanzen_recht\/2020-06-30\/salaerstudie-finanzen-faire-und-marktgerechte-salaere-gefordert\/\" \/>\n<meta property=\"og:locale\" content=\"en_US\" \/>\n<meta property=\"og:type\" content=\"article\" \/>\n<meta property=\"og:title\" content=\"Sal\u00e4rstudie Finanzen: Faire und marktgerechte Sal\u00e4re gefordert\" \/>\n<meta property=\"og:description\" content=\"Was sind marktgerechte Sal\u00e4re? Die Personalberatung Careerplus beantwortet diese Frage mit ihrer neusten Sal\u00e4rstudie f\u00fcr den Bereich Finanzen.\" \/>\n<meta property=\"og:url\" content=\"https:\/\/www.organisator.ch\/en\/management\/finanzen_recht\/2020-06-30\/salaerstudie-finanzen-faire-und-marktgerechte-salaere-gefordert\/\" \/>\n<meta property=\"og:site_name\" content=\"Organisator\" \/>\n<meta property=\"article:publisher\" content=\"https:\/\/www.facebook.com\/OrganisatorFachmagazin\" \/>\n<meta property=\"article:published_time\" content=\"2020-06-30T08:54:32+00:00\" \/>\n<meta property=\"og:image\" content=\"https:\/\/www.organisator.ch\/wp-content\/uploads\/2020\/06\/Salaerstudie-Finanzen-Faire-und-marktgerechte-Salaere-gefordert_Organisator.jpg\" \/>\n\t<meta property=\"og:image:width\" content=\"680\" \/>\n\t<meta property=\"og:image:height\" content=\"455\" \/>\n\t<meta property=\"og:image:type\" content=\"image\/jpeg\" \/>\n<meta name=\"author\" content=\"thomas.berner\" \/>\n<meta name=\"twitter:card\" content=\"summary_large_image\" \/>\n<meta name=\"twitter:title\" content=\"#Sal\u00e4rstudie Finanzen: Faire und marktgerechte #Sal\u00e4re gefordert\" \/>\n<meta name=\"twitter:description\" content=\"Was sind marktgerechte #Sal\u00e4re? Die Personalberatung #Careerplus beantwortet diese Frage mit ihrer neusten #Sal\u00e4rstudie f\u00fcr den Bereich Finanzen.\" \/>\n<meta name=\"twitter:image\" content=\"https:\/\/www.organisator.ch\/wp-content\/uploads\/2020\/06\/Salaerstudie-Finanzen-Faire-und-marktgerechte-Salaere-gefordert_Organisator.jpg\" \/>\n<script type=\"application\/ld+json\" class=\"yoast-schema-graph\">{\"@context\":\"https:\\\/\\\/schema.org\",\"@graph\":[{\"@type\":\"Article\",\"@id\":\"https:\\\/\\\/www.organisator.ch\\\/management\\\/finanzen_recht\\\/2020-06-30\\\/salaerstudie-finanzen-faire-und-marktgerechte-salaere-gefordert\\\/#article\",\"isPartOf\":{\"@id\":\"https:\\\/\\\/www.organisator.ch\\\/management\\\/finanzen_recht\\\/2020-06-30\\\/salaerstudie-finanzen-faire-und-marktgerechte-salaere-gefordert\\\/\"},\"author\":{\"name\":\"thomas.berner\",\"@id\":\"https:\\\/\\\/www.organisator.ch\\\/#\\\/schema\\\/person\\\/6f650f90b2842cd4c0cc334b4e36f67e\"},\"headline\":\"Sal\u00e4rstudie Finanzen: Faire und marktgerechte Sal\u00e4re gefordert\",\"datePublished\":\"2020-06-30T08:54:32+00:00\",\"mainEntityOfPage\":{\"@id\":\"https:\\\/\\\/www.organisator.ch\\\/management\\\/finanzen_recht\\\/2020-06-30\\\/salaerstudie-finanzen-faire-und-marktgerechte-salaere-gefordert\\\/\"},\"wordCount\":360,\"publisher\":{\"@id\":\"https:\\\/\\\/www.organisator.ch\\\/#organization\"},\"image\":{\"@id\":\"https:\\\/\\\/www.organisator.ch\\\/management\\\/finanzen_recht\\\/2020-06-30\\\/salaerstudie-finanzen-faire-und-marktgerechte-salaere-gefordert\\\/#primaryimage\"},\"thumbnailUrl\":\"https:\\\/\\\/www.organisator.ch\\\/wp-content\\\/uploads\\\/2020\\\/06\\\/Salaerstudie-Finanzen-Faire-und-marktgerechte-Salaere-gefordert_Organisator.jpg\",\"keywords\":[\"Aus-\\\/Weiterbildung\",\"HRM\",\"L\u00f6hne\",\"Lohnstudie\"],\"articleSection\":[\"FINANZEN\\\/RECHT\"],\"inLanguage\":\"en-US\"},{\"@type\":\"WebPage\",\"@id\":\"https:\\\/\\\/www.organisator.ch\\\/management\\\/finanzen_recht\\\/2020-06-30\\\/salaerstudie-finanzen-faire-und-marktgerechte-salaere-gefordert\\\/\",\"url\":\"https:\\\/\\\/www.organisator.ch\\\/management\\\/finanzen_recht\\\/2020-06-30\\\/salaerstudie-finanzen-faire-und-marktgerechte-salaere-gefordert\\\/\",\"name\":\"Sal\u00e4rstudie Finanzen: Faire und marktgerechte Sal\u00e4re gefordert - Organisator\",\"isPartOf\":{\"@id\":\"https:\\\/\\\/www.organisator.ch\\\/#website\"},\"primaryImageOfPage\":{\"@id\":\"https:\\\/\\\/www.organisator.ch\\\/management\\\/finanzen_recht\\\/2020-06-30\\\/salaerstudie-finanzen-faire-und-marktgerechte-salaere-gefordert\\\/#primaryimage\"},\"image\":{\"@id\":\"https:\\\/\\\/www.organisator.ch\\\/management\\\/finanzen_recht\\\/2020-06-30\\\/salaerstudie-finanzen-faire-und-marktgerechte-salaere-gefordert\\\/#primaryimage\"},\"thumbnailUrl\":\"https:\\\/\\\/www.organisator.ch\\\/wp-content\\\/uploads\\\/2020\\\/06\\\/Salaerstudie-Finanzen-Faire-und-marktgerechte-Salaere-gefordert_Organisator.jpg\",\"datePublished\":\"2020-06-30T08:54:32+00:00\",\"description\":\"Was sind marktgerechte Sal\u00e4re? Die Personalberatung Careerplus beantwortet diese Frage mit ihrer neusten Sal\u00e4rstudie f\u00fcr den Bereich Finanzen.\",\"breadcrumb\":{\"@id\":\"https:\\\/\\\/www.organisator.ch\\\/management\\\/finanzen_recht\\\/2020-06-30\\\/salaerstudie-finanzen-faire-und-marktgerechte-salaere-gefordert\\\/#breadcrumb\"},\"inLanguage\":\"en-US\",\"potentialAction\":[{\"@type\":\"ReadAction\",\"target\":[\"https:\\\/\\\/www.organisator.ch\\\/management\\\/finanzen_recht\\\/2020-06-30\\\/salaerstudie-finanzen-faire-und-marktgerechte-salaere-gefordert\\\/\"]}]},{\"@type\":\"ImageObject\",\"inLanguage\":\"en-US\",\"@id\":\"https:\\\/\\\/www.organisator.ch\\\/management\\\/finanzen_recht\\\/2020-06-30\\\/salaerstudie-finanzen-faire-und-marktgerechte-salaere-gefordert\\\/#primaryimage\",\"url\":\"https:\\\/\\\/www.organisator.ch\\\/wp-content\\\/uploads\\\/2020\\\/06\\\/Salaerstudie-Finanzen-Faire-und-marktgerechte-Salaere-gefordert_Organisator.jpg\",\"contentUrl\":\"https:\\\/\\\/www.organisator.ch\\\/wp-content\\\/uploads\\\/2020\\\/06\\\/Salaerstudie-Finanzen-Faire-und-marktgerechte-Salaere-gefordert_Organisator.jpg\",\"width\":680,\"height\":455,\"caption\":\"Weiterbildung und Berufserfahrung zahlen sich im Finanzbereich aus: Eine Studie von Careerplus zeigt Faktoren f\u00fcr marktgerechte Sal\u00e4re auf. (Bild: Pixabay.com)\"},{\"@type\":\"BreadcrumbList\",\"@id\":\"https:\\\/\\\/www.organisator.ch\\\/management\\\/finanzen_recht\\\/2020-06-30\\\/salaerstudie-finanzen-faire-und-marktgerechte-salaere-gefordert\\\/#breadcrumb\",\"itemListElement\":[{\"@type\":\"ListItem\",\"position\":1,\"name\":\"Home\",\"item\":\"https:\\\/\\\/www.organisator.ch\\\/\"},{\"@type\":\"ListItem\",\"position\":2,\"name\":\"Sal\u00e4rstudie Finanzen: Faire und marktgerechte Sal\u00e4re gefordert\"}]},{\"@type\":\"WebSite\",\"@id\":\"https:\\\/\\\/www.organisator.ch\\\/#website\",\"url\":\"https:\\\/\\\/www.organisator.ch\\\/\",\"name\":\"Organisator\",\"description\":\"Kompetent. Praxisnah. Der ORGANISATOR bereitet in 10 Ausgaben pro Jahr die wesentlichen Themen f\u00fcr F\u00fchrungskr\u00e4fte von KMU auf.\",\"publisher\":{\"@id\":\"https:\\\/\\\/www.organisator.ch\\\/#organization\"},\"potentialAction\":[{\"@type\":\"SearchAction\",\"target\":{\"@type\":\"EntryPoint\",\"urlTemplate\":\"https:\\\/\\\/www.organisator.ch\\\/?s={search_term_string}\"},\"query-input\":{\"@type\":\"PropertyValueSpecification\",\"valueRequired\":true,\"valueName\":\"search_term_string\"}}],\"inLanguage\":\"en-US\"},{\"@type\":\"Organization\",\"@id\":\"https:\\\/\\\/www.organisator.ch\\\/#organization\",\"name\":\"Organisator\",\"url\":\"https:\\\/\\\/www.organisator.ch\\\/\",\"logo\":{\"@type\":\"ImageObject\",\"inLanguage\":\"en-US\",\"@id\":\"https:\\\/\\\/www.organisator.ch\\\/#\\\/schema\\\/logo\\\/image\\\/\",\"url\":\"https:\\\/\\\/www.organisator.ch\\\/wp-content\\\/uploads\\\/2022\\\/01\\\/Logo_Organisator_Website.png\",\"contentUrl\":\"https:\\\/\\\/www.organisator.ch\\\/wp-content\\\/uploads\\\/2022\\\/01\\\/Logo_Organisator_Website.png\",\"width\":800,\"height\":77,\"caption\":\"Organisator\"},\"image\":{\"@id\":\"https:\\\/\\\/www.organisator.ch\\\/#\\\/schema\\\/logo\\\/image\\\/\"},\"sameAs\":[\"https:\\\/\\\/www.facebook.com\\\/OrganisatorFachmagazin\",\"https:\\\/\\\/www.linkedin.com\\\/showcase\\\/organisator-das-magazin-fr-kmu\",\"https:\\\/\\\/www.xing.com\\\/news\\\/pages\\\/organisator-ch-695\",\"https:\\\/\\\/www.youtube.com\\\/channel\\\/UCGP2Sq0iWaZwT3BdIAQFYpw\"]},{\"@type\":\"Person\",\"@id\":\"https:\\\/\\\/www.organisator.ch\\\/#\\\/schema\\\/person\\\/6f650f90b2842cd4c0cc334b4e36f67e\",\"name\":\"thomas.berner\",\"image\":{\"@type\":\"ImageObject\",\"inLanguage\":\"en-US\",\"@id\":\"https:\\\/\\\/secure.gravatar.com\\\/avatar\\\/ac5001d2a36cb6c6cd3e50789007ffca834b477b74a2144564522e944eabff61?s=96&d=mm&r=g\",\"url\":\"https:\\\/\\\/secure.gravatar.com\\\/avatar\\\/ac5001d2a36cb6c6cd3e50789007ffca834b477b74a2144564522e944eabff61?s=96&d=mm&r=g\",\"contentUrl\":\"https:\\\/\\\/secure.gravatar.com\\\/avatar\\\/ac5001d2a36cb6c6cd3e50789007ffca834b477b74a2144564522e944eabff61?s=96&d=mm&r=g\",\"caption\":\"thomas.berner\"},\"url\":\"https:\\\/\\\/www.organisator.ch\\\/en\\\/author\\\/thomas-berner\\\/\"}]}<\/script>\n<!-- \/ Yoast SEO plugin. -->","yoast_head_json":{"title":"Salary Study Finance: Fair and market-oriented salaries demanded - Organizer","description":"What are salaries in line with the market? The HR consultancy Careerplus answers this question with its latest salary study for the finance sector.","robots":{"index":"index","follow":"follow","max-snippet":"max-snippet:-1","max-image-preview":"max-image-preview:large","max-video-preview":"max-video-preview:-1"},"canonical":"https:\/\/www.organisator.ch\/en\/management\/finanzen_recht\/2020-06-30\/salaerstudie-finanzen-faire-und-marktgerechte-salaere-gefordert\/","og_locale":"en_US","og_type":"article","og_title":"Sal\u00e4rstudie Finanzen: Faire und marktgerechte Sal\u00e4re gefordert","og_description":"Was sind marktgerechte Sal\u00e4re? Die Personalberatung Careerplus beantwortet diese Frage mit ihrer neusten Sal\u00e4rstudie f\u00fcr den Bereich Finanzen.","og_url":"https:\/\/www.organisator.ch\/en\/management\/finanzen_recht\/2020-06-30\/salaerstudie-finanzen-faire-und-marktgerechte-salaere-gefordert\/","og_site_name":"Organisator","article_publisher":"https:\/\/www.facebook.com\/OrganisatorFachmagazin","article_published_time":"2020-06-30T08:54:32+00:00","og_image":[{"width":680,"height":455,"url":"https:\/\/www.organisator.ch\/wp-content\/uploads\/2020\/06\/Salaerstudie-Finanzen-Faire-und-marktgerechte-Salaere-gefordert_Organisator.jpg","type":"image\/jpeg"}],"author":"thomas.berner","twitter_card":"summary_large_image","twitter_title":"#Sal\u00e4rstudie Finanzen: Faire und marktgerechte #Sal\u00e4re gefordert","twitter_description":"Was sind marktgerechte #Sal\u00e4re? Die Personalberatung #Careerplus beantwortet diese Frage mit ihrer neusten #Sal\u00e4rstudie f\u00fcr den Bereich Finanzen.","twitter_image":"https:\/\/www.organisator.ch\/wp-content\/uploads\/2020\/06\/Salaerstudie-Finanzen-Faire-und-marktgerechte-Salaere-gefordert_Organisator.jpg","schema":{"@context":"https:\/\/schema.org","@graph":[{"@type":"Article","@id":"https:\/\/www.organisator.ch\/management\/finanzen_recht\/2020-06-30\/salaerstudie-finanzen-faire-und-marktgerechte-salaere-gefordert\/#article","isPartOf":{"@id":"https:\/\/www.organisator.ch\/management\/finanzen_recht\/2020-06-30\/salaerstudie-finanzen-faire-und-marktgerechte-salaere-gefordert\/"},"author":{"name":"thomas.berner","@id":"https:\/\/www.organisator.ch\/#\/schema\/person\/6f650f90b2842cd4c0cc334b4e36f67e"},"headline":"Sal\u00e4rstudie Finanzen: Faire und marktgerechte Sal\u00e4re gefordert","datePublished":"2020-06-30T08:54:32+00:00","mainEntityOfPage":{"@id":"https:\/\/www.organisator.ch\/management\/finanzen_recht\/2020-06-30\/salaerstudie-finanzen-faire-und-marktgerechte-salaere-gefordert\/"},"wordCount":360,"publisher":{"@id":"https:\/\/www.organisator.ch\/#organization"},"image":{"@id":"https:\/\/www.organisator.ch\/management\/finanzen_recht\/2020-06-30\/salaerstudie-finanzen-faire-und-marktgerechte-salaere-gefordert\/#primaryimage"},"thumbnailUrl":"https:\/\/www.organisator.ch\/wp-content\/uploads\/2020\/06\/Salaerstudie-Finanzen-Faire-und-marktgerechte-Salaere-gefordert_Organisator.jpg","keywords":["Aus-\/Weiterbildung","HRM","L\u00f6hne","Lohnstudie"],"articleSection":["FINANZEN\/RECHT"],"inLanguage":"en-US"},{"@type":"WebPage","@id":"https:\/\/www.organisator.ch\/management\/finanzen_recht\/2020-06-30\/salaerstudie-finanzen-faire-und-marktgerechte-salaere-gefordert\/","url":"https:\/\/www.organisator.ch\/management\/finanzen_recht\/2020-06-30\/salaerstudie-finanzen-faire-und-marktgerechte-salaere-gefordert\/","name":"Salary Study Finance: Fair and market-oriented salaries demanded - Organizer","isPartOf":{"@id":"https:\/\/www.organisator.ch\/#website"},"primaryImageOfPage":{"@id":"https:\/\/www.organisator.ch\/management\/finanzen_recht\/2020-06-30\/salaerstudie-finanzen-faire-und-marktgerechte-salaere-gefordert\/#primaryimage"},"image":{"@id":"https:\/\/www.organisator.ch\/management\/finanzen_recht\/2020-06-30\/salaerstudie-finanzen-faire-und-marktgerechte-salaere-gefordert\/#primaryimage"},"thumbnailUrl":"https:\/\/www.organisator.ch\/wp-content\/uploads\/2020\/06\/Salaerstudie-Finanzen-Faire-und-marktgerechte-Salaere-gefordert_Organisator.jpg","datePublished":"2020-06-30T08:54:32+00:00","description":"What are salaries in line with the market? The HR consultancy Careerplus answers this question with its latest salary study for the finance sector.","breadcrumb":{"@id":"https:\/\/www.organisator.ch\/management\/finanzen_recht\/2020-06-30\/salaerstudie-finanzen-faire-und-marktgerechte-salaere-gefordert\/#breadcrumb"},"inLanguage":"en-US","potentialAction":[{"@type":"ReadAction","target":["https:\/\/www.organisator.ch\/management\/finanzen_recht\/2020-06-30\/salaerstudie-finanzen-faire-und-marktgerechte-salaere-gefordert\/"]}]},{"@type":"ImageObject","inLanguage":"en-US","@id":"https:\/\/www.organisator.ch\/management\/finanzen_recht\/2020-06-30\/salaerstudie-finanzen-faire-und-marktgerechte-salaere-gefordert\/#primaryimage","url":"https:\/\/www.organisator.ch\/wp-content\/uploads\/2020\/06\/Salaerstudie-Finanzen-Faire-und-marktgerechte-Salaere-gefordert_Organisator.jpg","contentUrl":"https:\/\/www.organisator.ch\/wp-content\/uploads\/2020\/06\/Salaerstudie-Finanzen-Faire-und-marktgerechte-Salaere-gefordert_Organisator.jpg","width":680,"height":455,"caption":"Weiterbildung und Berufserfahrung zahlen sich im Finanzbereich aus: Eine Studie von Careerplus zeigt Faktoren f\u00fcr marktgerechte Sal\u00e4re auf. (Bild: Pixabay.com)"},{"@type":"BreadcrumbList","@id":"https:\/\/www.organisator.ch\/management\/finanzen_recht\/2020-06-30\/salaerstudie-finanzen-faire-und-marktgerechte-salaere-gefordert\/#breadcrumb","itemListElement":[{"@type":"ListItem","position":1,"name":"Home","item":"https:\/\/www.organisator.ch\/"},{"@type":"ListItem","position":2,"name":"Sal\u00e4rstudie Finanzen: Faire und marktgerechte Sal\u00e4re gefordert"}]},{"@type":"WebSite","@id":"https:\/\/www.organisator.ch\/#website","url":"https:\/\/www.organisator.ch\/","name":"Organizer","description":"Competent. Practical. In 10 issues per year, ORGANISATOR presents the essential topics for managers of SMEs.","publisher":{"@id":"https:\/\/www.organisator.ch\/#organization"},"potentialAction":[{"@type":"SearchAction","target":{"@type":"EntryPoint","urlTemplate":"https:\/\/www.organisator.ch\/?s={search_term_string}"},"query-input":{"@type":"PropertyValueSpecification","valueRequired":true,"valueName":"search_term_string"}}],"inLanguage":"en-US"},{"@type":"Organization","@id":"https:\/\/www.organisator.ch\/#organization","name":"Organizer","url":"https:\/\/www.organisator.ch\/","logo":{"@type":"ImageObject","inLanguage":"en-US","@id":"https:\/\/www.organisator.ch\/#\/schema\/logo\/image\/","url":"https:\/\/www.organisator.ch\/wp-content\/uploads\/2022\/01\/Logo_Organisator_Website.png","contentUrl":"https:\/\/www.organisator.ch\/wp-content\/uploads\/2022\/01\/Logo_Organisator_Website.png","width":800,"height":77,"caption":"Organisator"},"image":{"@id":"https:\/\/www.organisator.ch\/#\/schema\/logo\/image\/"},"sameAs":["https:\/\/www.facebook.com\/OrganisatorFachmagazin","https:\/\/www.linkedin.com\/showcase\/organisator-das-magazin-fr-kmu","https:\/\/www.xing.com\/news\/pages\/organisator-ch-695","https:\/\/www.youtube.com\/channel\/UCGP2Sq0iWaZwT3BdIAQFYpw"]},{"@type":"Person","@id":"https:\/\/www.organisator.ch\/#\/schema\/person\/6f650f90b2842cd4c0cc334b4e36f67e","name":"thomas.berner","image":{"@type":"ImageObject","inLanguage":"en-US","@id":"https:\/\/secure.gravatar.com\/avatar\/ac5001d2a36cb6c6cd3e50789007ffca834b477b74a2144564522e944eabff61?s=96&d=mm&r=g","url":"https:\/\/secure.gravatar.com\/avatar\/ac5001d2a36cb6c6cd3e50789007ffca834b477b74a2144564522e944eabff61?s=96&d=mm&r=g","contentUrl":"https:\/\/secure.gravatar.com\/avatar\/ac5001d2a36cb6c6cd3e50789007ffca834b477b74a2144564522e944eabff61?s=96&d=mm&r=g","caption":"thomas.berner"},"url":"https:\/\/www.organisator.ch\/en\/author\/thomas-berner\/"}]}},"_links":{"self":[{"href":"https:\/\/www.organisator.ch\/en\/wp-json\/wp\/v2\/posts\/6887","targetHints":{"allow":["GET"]}}],"collection":[{"href":"https:\/\/www.organisator.ch\/en\/wp-json\/wp\/v2\/posts"}],"about":[{"href":"https:\/\/www.organisator.ch\/en\/wp-json\/wp\/v2\/types\/post"}],"author":[{"embeddable":true,"href":"https:\/\/www.organisator.ch\/en\/wp-json\/wp\/v2\/users\/4"}],"replies":[{"embeddable":true,"href":"https:\/\/www.organisator.ch\/en\/wp-json\/wp\/v2\/comments?post=6887"}],"version-history":[{"count":0,"href":"https:\/\/www.organisator.ch\/en\/wp-json\/wp\/v2\/posts\/6887\/revisions"}],"wp:featuredmedia":[{"embeddable":true,"href":"https:\/\/www.organisator.ch\/en\/wp-json\/wp\/v2\/media\/6888"}],"wp:attachment":[{"href":"https:\/\/www.organisator.ch\/en\/wp-json\/wp\/v2\/media?parent=6887"}],"wp:term":[{"taxonomy":"category","embeddable":true,"href":"https:\/\/www.organisator.ch\/en\/wp-json\/wp\/v2\/categories?post=6887"},{"taxonomy":"post_tag","embeddable":true,"href":"https:\/\/www.organisator.ch\/en\/wp-json\/wp\/v2\/tags?post=6887"}],"curies":[{"name":"wp","href":"https:\/\/api.w.org\/{rel}","templated":true}]}}