{"id":6917,"date":"2020-07-08T16:18:25","date_gmt":"2020-07-08T14:18:25","guid":{"rendered":"https:\/\/www.organisator.ch\/?p=6917"},"modified":"2020-07-08T16:18:25","modified_gmt":"2020-07-08T14:18:25","slug":"covid-19-rueckt-finanzielles-wohlbefinden-von-arbeitnehmern-in-den-fokus","status":"publish","type":"post","link":"https:\/\/www.organisator.ch\/en\/management\/finanzen_recht\/2020-07-08\/covid-19-rueckt-finanzielles-wohlbefinden-von-arbeitnehmern-in-den-fokus\/","title":{"rendered":"COVID-19 shifts focus to \"financial well-being\" of workers"},"content":{"rendered":"<figure id=\"attachment_6918\" aria-describedby=\"caption-attachment-6918\" style=\"width: 667px\" class=\"wp-caption alignnone\"><img loading=\"lazy\" decoding=\"async\" class=\"wp-image-6918 size-medium\" src=\"https:\/\/www.organisator.ch\/wp-content\/uploads\/2020\/07\/Gringo-667x1000.jpg\" alt=\"\" width=\"667\" height=\"1000\" srcset=\"https:\/\/www.organisator.ch\/wp-content\/uploads\/2020\/07\/Gringo-667x1000.jpg 667w, https:\/\/www.organisator.ch\/wp-content\/uploads\/2020\/07\/Gringo-683x1024.jpg 683w, https:\/\/www.organisator.ch\/wp-content\/uploads\/2020\/07\/Gringo-8x12.jpg 8w, https:\/\/www.organisator.ch\/wp-content\/uploads\/2020\/07\/Gringo-117x175.jpg 117w, https:\/\/www.organisator.ch\/wp-content\/uploads\/2020\/07\/Gringo-233x350.jpg 233w, https:\/\/www.organisator.ch\/wp-content\/uploads\/2020\/07\/Gringo-534x800.jpg 534w, https:\/\/www.organisator.ch\/wp-content\/uploads\/2020\/07\/Gringo-300x450.jpg 300w, https:\/\/www.organisator.ch\/wp-content\/uploads\/2020\/07\/Gringo.jpg 709w\" sizes=\"auto, (max-width: 667px) 100vw, 667px\" \/><figcaption id=\"caption-attachment-6918\" class=\"wp-caption-text\">Steven van Tuijl, General Manager Germany and Poland at ADP. (Image: zVg)<\/figcaption><\/figure>\n<p>&nbsp;<\/p>\n<p style=\"margin: 0cm 0cm 8.0pt 0cm;\">Employee financial well-being is a key determinant of performance and thus has a direct impact on the organization, 98 % of employers agree. Most importantly, employee financial health impacts turnover, as 53 % of employers indicate, engagement (62 %) and productivity (67 %). This is according to the \"Future of Pay\" study by HR services provider ADP. The Corona Crisis and the anticipated economic downturn are putting increasing focus on employee financial well-being and the challenges it poses for employers.<\/p>\n<p><strong>Measures that go beyond mere salary payments <\/strong><\/p>\n<p style=\"margin: 0cm 0cm 8.0pt 0cm;\">The fact that economic well-being affects the overall well-being of employees and is therefore a pressing issue is recognized by the majority of European employers (76 %). 72 % of employers believe that they should take an interest in the financial situation of employees. Nearly two-thirds of companies (64 %) believe that offering financial tools, such as apps that provide insight into financial data or tools to budget and track money, help attract top talent.<\/p>\n<p style=\"margin: 0cm 0cm 8.0pt 0cm;\">Employees are also convinced of the importance of financial well-being. A large majority (59 %) of European employees believe employers should take an interest in this issue, and an almost equal share (62 %) would like to work for a company that actually cares about employees' financial situation. 30 % of employees say the availability of financial management support tools would impact their decision to accept a job. They consider this benefit to be as attractive as various off-cycle compensation opportunities or working in a home office.<\/p>\n<p>Not only financial well-being, but demographic and generational trends and preferences in general are impacting workers' preferred method of compensation. For example, 68 % of Millennials would share personal data with payroll service providers to receive financial management support - an age group that will account for 75 % of all workers globally by 2025. Among Generation X, the willingness to share personal data is 52 % and among Baby Boomers, it is only 32 %.<\/p>\n<p><strong>The importance of financial well-being is increasing<\/strong><\/p>\n<p style=\"margin: 0cm 0cm 8.0pt 0cm;\">According to Steven van Tuijl, General Manager Germany and Poland at ADP, it is time to focus on the financial well-being of employees: \"It is clear that people with concerns about their financial situation are more prone to stress and even physical health problems. The current crisis situation and the threat of economic recession are increasing income concerns. Therefore, it is important that employers not only pay attention to the financial well-being of their employees, but also offer various compensation options to best support them in this area. The study shows that this was necessary even before the current crisis. But the urgency has increased.\"<\/p>\n<p><a href=\"http:\/\/www.de-adp.com\">www.de-adp.com<\/a><\/p>\n<p>&nbsp;<\/p>\n<p>&nbsp;<\/p>","protected":false},"excerpt":{"rendered":"<p>&nbsp; Das finanzielle Wohlbefinden von Arbeitnehmern ist ein entscheidender Faktor f\u00fcr die Leistungsf\u00e4higkeit und hat somit einen direkten Einfluss auf das Unternehmen, darin sind sich 98 % der Arbeitgeber einig. Vor allem wirkt sich die finanzielle Lage von Mitarbeitern auf den Umsatz aus, wie 53 % der Arbeitgeber angeben, auf das Engagement (62 %) und [&hellip;]<\/p>\n","protected":false},"author":5,"featured_media":6918,"comment_status":"closed","ping_status":"closed","sticky":false,"template":"","format":"standard","meta":{"_acf_changed":false,"_yoast_wpseo_focuskw":"Die Studie \"Future of Pay\" des HR-Dienstleisters ADP r\u00fcckt das finanzielle Wohlbefinden von Arbeitnehmenden und die damit verbundenen Herausforderungen f\u00fcr Arbeitgeber zunhemend in den Fokus.","_yoast_wpseo_metadesc":"Die Studie \"Future of Pay\" des HR-Dienstleisters ADP r\u00fcckt das \"finanzielle Wohlbefinden\" von Arbeitnehmenden in den Fokus.","articlekey":"","footnotes":""},"categories":[24],"tags":[43,201,242,312,387,460],"class_list":["post-6917","post","type-post","status-publish","format-standard","has-post-thumbnail","hentry","category-finanzen_recht","tag-arbeitnehmer","tag-finanzen","tag-gesundheit","tag-konsum","tag-praeferenzen","tag-studien"],"acf":[],"yoast_head":"<!-- This site is optimized with the Yoast SEO plugin v27.5 - https:\/\/yoast.com\/product\/yoast-seo-wordpress\/ -->\n<title>COVID-19 r\u00fcckt &quot;finanzielles Wohlbefinden&quot; von Arbeitnehmern in den Fokus - Organisator<\/title>\n<meta name=\"description\" content=\"Die Studie &quot;Future of Pay&quot; des HR-Dienstleisters ADP r\u00fcckt das &quot;finanzielle Wohlbefinden&quot; von Arbeitnehmenden in den Fokus.\" \/>\n<meta name=\"robots\" content=\"index, follow, max-snippet:-1, max-image-preview:large, max-video-preview:-1\" \/>\n<link rel=\"canonical\" href=\"https:\/\/www.organisator.ch\/en\/management\/finanzen_recht\/2020-07-08\/covid-19-rueckt-finanzielles-wohlbefinden-von-arbeitnehmern-in-den-fokus\/\" \/>\n<meta property=\"og:locale\" content=\"en_US\" \/>\n<meta property=\"og:type\" content=\"article\" \/>\n<meta property=\"og:title\" content=\"COVID-19 r\u00fcckt &quot;finanzielles Wohlbefinden&quot; von Arbeitnehmern in den Fokus - Organisator\" \/>\n<meta property=\"og:description\" content=\"Die Studie &quot;Future of Pay&quot; des HR-Dienstleisters ADP r\u00fcckt das &quot;finanzielle Wohlbefinden&quot; von Arbeitnehmenden in den Fokus.\" \/>\n<meta property=\"og:url\" content=\"https:\/\/www.organisator.ch\/en\/management\/finanzen_recht\/2020-07-08\/covid-19-rueckt-finanzielles-wohlbefinden-von-arbeitnehmern-in-den-fokus\/\" \/>\n<meta property=\"og:site_name\" content=\"Organisator\" \/>\n<meta property=\"article:publisher\" content=\"https:\/\/www.facebook.com\/OrganisatorFachmagazin\" \/>\n<meta property=\"article:published_time\" content=\"2020-07-08T14:18:25+00:00\" \/>\n<meta property=\"og:image\" content=\"https:\/\/www.organisator.ch\/wp-content\/uploads\/2020\/07\/Gringo.jpg\" \/>\n\t<meta property=\"og:image:width\" content=\"709\" \/>\n\t<meta property=\"og:image:height\" content=\"1063\" \/>\n\t<meta property=\"og:image:type\" content=\"image\/jpeg\" \/>\n<meta name=\"author\" content=\"michael.merz\" \/>\n<meta name=\"twitter:card\" content=\"summary_large_image\" \/>\n<script type=\"application\/ld+json\" class=\"yoast-schema-graph\">{\"@context\":\"https:\\\/\\\/schema.org\",\"@graph\":[{\"@type\":\"Article\",\"@id\":\"https:\\\/\\\/www.organisator.ch\\\/management\\\/finanzen_recht\\\/2020-07-08\\\/covid-19-rueckt-finanzielles-wohlbefinden-von-arbeitnehmern-in-den-fokus\\\/#article\",\"isPartOf\":{\"@id\":\"https:\\\/\\\/www.organisator.ch\\\/management\\\/finanzen_recht\\\/2020-07-08\\\/covid-19-rueckt-finanzielles-wohlbefinden-von-arbeitnehmern-in-den-fokus\\\/\"},\"author\":{\"name\":\"michael.merz\",\"@id\":\"https:\\\/\\\/www.organisator.ch\\\/#\\\/schema\\\/person\\\/134708ca9321c57b0362cceb7948ffbd\"},\"headline\":\"COVID-19 r\u00fcckt &#8222;finanzielles Wohlbefinden&#8220; von Arbeitnehmern in den Fokus\",\"datePublished\":\"2020-07-08T14:18:25+00:00\",\"mainEntityOfPage\":{\"@id\":\"https:\\\/\\\/www.organisator.ch\\\/management\\\/finanzen_recht\\\/2020-07-08\\\/covid-19-rueckt-finanzielles-wohlbefinden-von-arbeitnehmern-in-den-fokus\\\/\"},\"wordCount\":507,\"publisher\":{\"@id\":\"https:\\\/\\\/www.organisator.ch\\\/#organization\"},\"image\":{\"@id\":\"https:\\\/\\\/www.organisator.ch\\\/management\\\/finanzen_recht\\\/2020-07-08\\\/covid-19-rueckt-finanzielles-wohlbefinden-von-arbeitnehmern-in-den-fokus\\\/#primaryimage\"},\"thumbnailUrl\":\"https:\\\/\\\/www.organisator.ch\\\/wp-content\\\/uploads\\\/2020\\\/07\\\/Gringo.jpg\",\"keywords\":[\"Arbeitnehmer\",\"Finanzen\",\"Gesundheit\",\"Konsum\",\"Pr\u00e4ferenzen\",\"Studien\"],\"articleSection\":[\"FINANZEN\\\/RECHT\"],\"inLanguage\":\"en-US\"},{\"@type\":\"WebPage\",\"@id\":\"https:\\\/\\\/www.organisator.ch\\\/management\\\/finanzen_recht\\\/2020-07-08\\\/covid-19-rueckt-finanzielles-wohlbefinden-von-arbeitnehmern-in-den-fokus\\\/\",\"url\":\"https:\\\/\\\/www.organisator.ch\\\/management\\\/finanzen_recht\\\/2020-07-08\\\/covid-19-rueckt-finanzielles-wohlbefinden-von-arbeitnehmern-in-den-fokus\\\/\",\"name\":\"COVID-19 r\u00fcckt \\\"finanzielles Wohlbefinden\\\" von Arbeitnehmern in den Fokus - Organisator\",\"isPartOf\":{\"@id\":\"https:\\\/\\\/www.organisator.ch\\\/#website\"},\"primaryImageOfPage\":{\"@id\":\"https:\\\/\\\/www.organisator.ch\\\/management\\\/finanzen_recht\\\/2020-07-08\\\/covid-19-rueckt-finanzielles-wohlbefinden-von-arbeitnehmern-in-den-fokus\\\/#primaryimage\"},\"image\":{\"@id\":\"https:\\\/\\\/www.organisator.ch\\\/management\\\/finanzen_recht\\\/2020-07-08\\\/covid-19-rueckt-finanzielles-wohlbefinden-von-arbeitnehmern-in-den-fokus\\\/#primaryimage\"},\"thumbnailUrl\":\"https:\\\/\\\/www.organisator.ch\\\/wp-content\\\/uploads\\\/2020\\\/07\\\/Gringo.jpg\",\"datePublished\":\"2020-07-08T14:18:25+00:00\",\"description\":\"Die Studie \\\"Future of Pay\\\" des HR-Dienstleisters ADP r\u00fcckt das \\\"finanzielle Wohlbefinden\\\" von Arbeitnehmenden in den Fokus.\",\"breadcrumb\":{\"@id\":\"https:\\\/\\\/www.organisator.ch\\\/management\\\/finanzen_recht\\\/2020-07-08\\\/covid-19-rueckt-finanzielles-wohlbefinden-von-arbeitnehmern-in-den-fokus\\\/#breadcrumb\"},\"inLanguage\":\"en-US\",\"potentialAction\":[{\"@type\":\"ReadAction\",\"target\":[\"https:\\\/\\\/www.organisator.ch\\\/management\\\/finanzen_recht\\\/2020-07-08\\\/covid-19-rueckt-finanzielles-wohlbefinden-von-arbeitnehmern-in-den-fokus\\\/\"]}]},{\"@type\":\"ImageObject\",\"inLanguage\":\"en-US\",\"@id\":\"https:\\\/\\\/www.organisator.ch\\\/management\\\/finanzen_recht\\\/2020-07-08\\\/covid-19-rueckt-finanzielles-wohlbefinden-von-arbeitnehmern-in-den-fokus\\\/#primaryimage\",\"url\":\"https:\\\/\\\/www.organisator.ch\\\/wp-content\\\/uploads\\\/2020\\\/07\\\/Gringo.jpg\",\"contentUrl\":\"https:\\\/\\\/www.organisator.ch\\\/wp-content\\\/uploads\\\/2020\\\/07\\\/Gringo.jpg\",\"width\":709,\"height\":1063},{\"@type\":\"BreadcrumbList\",\"@id\":\"https:\\\/\\\/www.organisator.ch\\\/management\\\/finanzen_recht\\\/2020-07-08\\\/covid-19-rueckt-finanzielles-wohlbefinden-von-arbeitnehmern-in-den-fokus\\\/#breadcrumb\",\"itemListElement\":[{\"@type\":\"ListItem\",\"position\":1,\"name\":\"Home\",\"item\":\"https:\\\/\\\/www.organisator.ch\\\/\"},{\"@type\":\"ListItem\",\"position\":2,\"name\":\"COVID-19 r\u00fcckt &#8222;finanzielles Wohlbefinden&#8220; von Arbeitnehmern in den Fokus\"}]},{\"@type\":\"WebSite\",\"@id\":\"https:\\\/\\\/www.organisator.ch\\\/#website\",\"url\":\"https:\\\/\\\/www.organisator.ch\\\/\",\"name\":\"Organisator\",\"description\":\"Kompetent. Praxisnah. Der ORGANISATOR bereitet in 10 Ausgaben pro Jahr die wesentlichen Themen f\u00fcr F\u00fchrungskr\u00e4fte von KMU auf.\",\"publisher\":{\"@id\":\"https:\\\/\\\/www.organisator.ch\\\/#organization\"},\"potentialAction\":[{\"@type\":\"SearchAction\",\"target\":{\"@type\":\"EntryPoint\",\"urlTemplate\":\"https:\\\/\\\/www.organisator.ch\\\/?s={search_term_string}\"},\"query-input\":{\"@type\":\"PropertyValueSpecification\",\"valueRequired\":true,\"valueName\":\"search_term_string\"}}],\"inLanguage\":\"en-US\"},{\"@type\":\"Organization\",\"@id\":\"https:\\\/\\\/www.organisator.ch\\\/#organization\",\"name\":\"Organisator\",\"url\":\"https:\\\/\\\/www.organisator.ch\\\/\",\"logo\":{\"@type\":\"ImageObject\",\"inLanguage\":\"en-US\",\"@id\":\"https:\\\/\\\/www.organisator.ch\\\/#\\\/schema\\\/logo\\\/image\\\/\",\"url\":\"https:\\\/\\\/www.organisator.ch\\\/wp-content\\\/uploads\\\/2022\\\/01\\\/Logo_Organisator_Website.png\",\"contentUrl\":\"https:\\\/\\\/www.organisator.ch\\\/wp-content\\\/uploads\\\/2022\\\/01\\\/Logo_Organisator_Website.png\",\"width\":800,\"height\":77,\"caption\":\"Organisator\"},\"image\":{\"@id\":\"https:\\\/\\\/www.organisator.ch\\\/#\\\/schema\\\/logo\\\/image\\\/\"},\"sameAs\":[\"https:\\\/\\\/www.facebook.com\\\/OrganisatorFachmagazin\",\"https:\\\/\\\/www.linkedin.com\\\/showcase\\\/organisator-das-magazin-fr-kmu\",\"https:\\\/\\\/www.xing.com\\\/news\\\/pages\\\/organisator-ch-695\",\"https:\\\/\\\/www.youtube.com\\\/channel\\\/UCGP2Sq0iWaZwT3BdIAQFYpw\"]},{\"@type\":\"Person\",\"@id\":\"https:\\\/\\\/www.organisator.ch\\\/#\\\/schema\\\/person\\\/134708ca9321c57b0362cceb7948ffbd\",\"name\":\"michael.merz\",\"image\":{\"@type\":\"ImageObject\",\"inLanguage\":\"en-US\",\"@id\":\"https:\\\/\\\/secure.gravatar.com\\\/avatar\\\/?s=96&d=mm&r=g\",\"url\":\"https:\\\/\\\/secure.gravatar.com\\\/avatar\\\/?s=96&d=mm&r=g\",\"contentUrl\":\"https:\\\/\\\/secure.gravatar.com\\\/avatar\\\/?s=96&d=mm&r=g\",\"caption\":\"michael.merz\"},\"url\":\"https:\\\/\\\/www.organisator.ch\\\/en\\\/author\\\/michael-merz\\\/\"}]}<\/script>\n<!-- \/ Yoast SEO plugin. -->","yoast_head_json":{"title":"COVID-19 puts \"financial well-being\" of workers in focus - Organizer.","description":"The \"Future of Pay\" study by HR service provider ADP focuses on the \"financial well-being\" of employees.","robots":{"index":"index","follow":"follow","max-snippet":"max-snippet:-1","max-image-preview":"max-image-preview:large","max-video-preview":"max-video-preview:-1"},"canonical":"https:\/\/www.organisator.ch\/en\/management\/finanzen_recht\/2020-07-08\/covid-19-rueckt-finanzielles-wohlbefinden-von-arbeitnehmern-in-den-fokus\/","og_locale":"en_US","og_type":"article","og_title":"COVID-19 r\u00fcckt \"finanzielles Wohlbefinden\" von Arbeitnehmern in den Fokus - Organisator","og_description":"Die Studie \"Future of Pay\" des HR-Dienstleisters ADP r\u00fcckt das \"finanzielle Wohlbefinden\" von Arbeitnehmenden in den Fokus.","og_url":"https:\/\/www.organisator.ch\/en\/management\/finanzen_recht\/2020-07-08\/covid-19-rueckt-finanzielles-wohlbefinden-von-arbeitnehmern-in-den-fokus\/","og_site_name":"Organisator","article_publisher":"https:\/\/www.facebook.com\/OrganisatorFachmagazin","article_published_time":"2020-07-08T14:18:25+00:00","og_image":[{"width":709,"height":1063,"url":"https:\/\/www.organisator.ch\/wp-content\/uploads\/2020\/07\/Gringo.jpg","type":"image\/jpeg"}],"author":"michael.merz","twitter_card":"summary_large_image","schema":{"@context":"https:\/\/schema.org","@graph":[{"@type":"Article","@id":"https:\/\/www.organisator.ch\/management\/finanzen_recht\/2020-07-08\/covid-19-rueckt-finanzielles-wohlbefinden-von-arbeitnehmern-in-den-fokus\/#article","isPartOf":{"@id":"https:\/\/www.organisator.ch\/management\/finanzen_recht\/2020-07-08\/covid-19-rueckt-finanzielles-wohlbefinden-von-arbeitnehmern-in-den-fokus\/"},"author":{"name":"michael.merz","@id":"https:\/\/www.organisator.ch\/#\/schema\/person\/134708ca9321c57b0362cceb7948ffbd"},"headline":"COVID-19 r\u00fcckt &#8222;finanzielles Wohlbefinden&#8220; von Arbeitnehmern in den Fokus","datePublished":"2020-07-08T14:18:25+00:00","mainEntityOfPage":{"@id":"https:\/\/www.organisator.ch\/management\/finanzen_recht\/2020-07-08\/covid-19-rueckt-finanzielles-wohlbefinden-von-arbeitnehmern-in-den-fokus\/"},"wordCount":507,"publisher":{"@id":"https:\/\/www.organisator.ch\/#organization"},"image":{"@id":"https:\/\/www.organisator.ch\/management\/finanzen_recht\/2020-07-08\/covid-19-rueckt-finanzielles-wohlbefinden-von-arbeitnehmern-in-den-fokus\/#primaryimage"},"thumbnailUrl":"https:\/\/www.organisator.ch\/wp-content\/uploads\/2020\/07\/Gringo.jpg","keywords":["Arbeitnehmer","Finanzen","Gesundheit","Konsum","Pr\u00e4ferenzen","Studien"],"articleSection":["FINANZEN\/RECHT"],"inLanguage":"en-US"},{"@type":"WebPage","@id":"https:\/\/www.organisator.ch\/management\/finanzen_recht\/2020-07-08\/covid-19-rueckt-finanzielles-wohlbefinden-von-arbeitnehmern-in-den-fokus\/","url":"https:\/\/www.organisator.ch\/management\/finanzen_recht\/2020-07-08\/covid-19-rueckt-finanzielles-wohlbefinden-von-arbeitnehmern-in-den-fokus\/","name":"COVID-19 puts \"financial well-being\" of workers in focus - Organizer.","isPartOf":{"@id":"https:\/\/www.organisator.ch\/#website"},"primaryImageOfPage":{"@id":"https:\/\/www.organisator.ch\/management\/finanzen_recht\/2020-07-08\/covid-19-rueckt-finanzielles-wohlbefinden-von-arbeitnehmern-in-den-fokus\/#primaryimage"},"image":{"@id":"https:\/\/www.organisator.ch\/management\/finanzen_recht\/2020-07-08\/covid-19-rueckt-finanzielles-wohlbefinden-von-arbeitnehmern-in-den-fokus\/#primaryimage"},"thumbnailUrl":"https:\/\/www.organisator.ch\/wp-content\/uploads\/2020\/07\/Gringo.jpg","datePublished":"2020-07-08T14:18:25+00:00","description":"The \"Future of Pay\" study by HR service provider ADP focuses on the \"financial well-being\" of employees.","breadcrumb":{"@id":"https:\/\/www.organisator.ch\/management\/finanzen_recht\/2020-07-08\/covid-19-rueckt-finanzielles-wohlbefinden-von-arbeitnehmern-in-den-fokus\/#breadcrumb"},"inLanguage":"en-US","potentialAction":[{"@type":"ReadAction","target":["https:\/\/www.organisator.ch\/management\/finanzen_recht\/2020-07-08\/covid-19-rueckt-finanzielles-wohlbefinden-von-arbeitnehmern-in-den-fokus\/"]}]},{"@type":"ImageObject","inLanguage":"en-US","@id":"https:\/\/www.organisator.ch\/management\/finanzen_recht\/2020-07-08\/covid-19-rueckt-finanzielles-wohlbefinden-von-arbeitnehmern-in-den-fokus\/#primaryimage","url":"https:\/\/www.organisator.ch\/wp-content\/uploads\/2020\/07\/Gringo.jpg","contentUrl":"https:\/\/www.organisator.ch\/wp-content\/uploads\/2020\/07\/Gringo.jpg","width":709,"height":1063},{"@type":"BreadcrumbList","@id":"https:\/\/www.organisator.ch\/management\/finanzen_recht\/2020-07-08\/covid-19-rueckt-finanzielles-wohlbefinden-von-arbeitnehmern-in-den-fokus\/#breadcrumb","itemListElement":[{"@type":"ListItem","position":1,"name":"Home","item":"https:\/\/www.organisator.ch\/"},{"@type":"ListItem","position":2,"name":"COVID-19 r\u00fcckt &#8222;finanzielles Wohlbefinden&#8220; von Arbeitnehmern in den Fokus"}]},{"@type":"WebSite","@id":"https:\/\/www.organisator.ch\/#website","url":"https:\/\/www.organisator.ch\/","name":"Organizer","description":"Competent. Practical. In 10 issues per year, ORGANISATOR presents the essential topics for managers of SMEs.","publisher":{"@id":"https:\/\/www.organisator.ch\/#organization"},"potentialAction":[{"@type":"SearchAction","target":{"@type":"EntryPoint","urlTemplate":"https:\/\/www.organisator.ch\/?s={search_term_string}"},"query-input":{"@type":"PropertyValueSpecification","valueRequired":true,"valueName":"search_term_string"}}],"inLanguage":"en-US"},{"@type":"Organization","@id":"https:\/\/www.organisator.ch\/#organization","name":"Organizer","url":"https:\/\/www.organisator.ch\/","logo":{"@type":"ImageObject","inLanguage":"en-US","@id":"https:\/\/www.organisator.ch\/#\/schema\/logo\/image\/","url":"https:\/\/www.organisator.ch\/wp-content\/uploads\/2022\/01\/Logo_Organisator_Website.png","contentUrl":"https:\/\/www.organisator.ch\/wp-content\/uploads\/2022\/01\/Logo_Organisator_Website.png","width":800,"height":77,"caption":"Organisator"},"image":{"@id":"https:\/\/www.organisator.ch\/#\/schema\/logo\/image\/"},"sameAs":["https:\/\/www.facebook.com\/OrganisatorFachmagazin","https:\/\/www.linkedin.com\/showcase\/organisator-das-magazin-fr-kmu","https:\/\/www.xing.com\/news\/pages\/organisator-ch-695","https:\/\/www.youtube.com\/channel\/UCGP2Sq0iWaZwT3BdIAQFYpw"]},{"@type":"Person","@id":"https:\/\/www.organisator.ch\/#\/schema\/person\/134708ca9321c57b0362cceb7948ffbd","name":"michael.merz","image":{"@type":"ImageObject","inLanguage":"en-US","@id":"https:\/\/secure.gravatar.com\/avatar\/?s=96&d=mm&r=g","url":"https:\/\/secure.gravatar.com\/avatar\/?s=96&d=mm&r=g","contentUrl":"https:\/\/secure.gravatar.com\/avatar\/?s=96&d=mm&r=g","caption":"michael.merz"},"url":"https:\/\/www.organisator.ch\/en\/author\/michael-merz\/"}]}},"_links":{"self":[{"href":"https:\/\/www.organisator.ch\/en\/wp-json\/wp\/v2\/posts\/6917","targetHints":{"allow":["GET"]}}],"collection":[{"href":"https:\/\/www.organisator.ch\/en\/wp-json\/wp\/v2\/posts"}],"about":[{"href":"https:\/\/www.organisator.ch\/en\/wp-json\/wp\/v2\/types\/post"}],"author":[{"embeddable":true,"href":"https:\/\/www.organisator.ch\/en\/wp-json\/wp\/v2\/users\/5"}],"replies":[{"embeddable":true,"href":"https:\/\/www.organisator.ch\/en\/wp-json\/wp\/v2\/comments?post=6917"}],"version-history":[{"count":0,"href":"https:\/\/www.organisator.ch\/en\/wp-json\/wp\/v2\/posts\/6917\/revisions"}],"wp:featuredmedia":[{"embeddable":true,"href":"https:\/\/www.organisator.ch\/en\/wp-json\/wp\/v2\/media\/6918"}],"wp:attachment":[{"href":"https:\/\/www.organisator.ch\/en\/wp-json\/wp\/v2\/media?parent=6917"}],"wp:term":[{"taxonomy":"category","embeddable":true,"href":"https:\/\/www.organisator.ch\/en\/wp-json\/wp\/v2\/categories?post=6917"},{"taxonomy":"post_tag","embeddable":true,"href":"https:\/\/www.organisator.ch\/en\/wp-json\/wp\/v2\/tags?post=6917"}],"curies":[{"name":"wp","href":"https:\/\/api.w.org\/{rel}","templated":true}]}}