{"id":6950,"date":"2020-07-20T15:07:31","date_gmt":"2020-07-20T13:07:31","guid":{"rendered":"https:\/\/www.organisator.ch\/?p=6950"},"modified":"2020-07-20T15:07:31","modified_gmt":"2020-07-20T13:07:31","slug":"mit-mut-in-die-zukunft-griesser-ag-mit-spatenstich-fuer-neubau","status":"publish","type":"post","link":"https:\/\/www.organisator.ch\/en\/management\/2020-07-20\/mit-mut-in-die-zukunft-griesser-ag-mit-spatenstich-fuer-neubau\/","title":{"rendered":"With courage into the future: Griesser AG breaks ground for new building"},"content":{"rendered":"<figure id=\"attachment_6951\" aria-describedby=\"caption-attachment-6951\" style=\"width: 680px\" class=\"wp-caption alignnone\"><img loading=\"lazy\" decoding=\"async\" class=\"size-medium wp-image-6951\" src=\"https:\/\/www.organisator.ch\/wp-content\/uploads\/2020\/07\/Mit-Mut-in-die-Zukunft-Griesser-AG-mit-Spatenstich-fuer-Neubau_Organisator.jpg\" alt=\"\" width=\"680\" height=\"390\" srcset=\"https:\/\/www.organisator.ch\/wp-content\/uploads\/2020\/07\/Mit-Mut-in-die-Zukunft-Griesser-AG-mit-Spatenstich-fuer-Neubau_Organisator.jpg 680w, https:\/\/www.organisator.ch\/wp-content\/uploads\/2020\/07\/Mit-Mut-in-die-Zukunft-Griesser-AG-mit-Spatenstich-fuer-Neubau_Organisator-16x9.jpg 16w, https:\/\/www.organisator.ch\/wp-content\/uploads\/2020\/07\/Mit-Mut-in-die-Zukunft-Griesser-AG-mit-Spatenstich-fuer-Neubau_Organisator-305x175.jpg 305w, https:\/\/www.organisator.ch\/wp-content\/uploads\/2020\/07\/Mit-Mut-in-die-Zukunft-Griesser-AG-mit-Spatenstich-fuer-Neubau_Organisator-610x350.jpg 610w, https:\/\/www.organisator.ch\/wp-content\/uploads\/2020\/07\/Mit-Mut-in-die-Zukunft-Griesser-AG-mit-Spatenstich-fuer-Neubau_Organisator-300x172.jpg 300w\" sizes=\"auto, (max-width: 680px) 100vw, 680px\" \/><figcaption id=\"caption-attachment-6951\" class=\"wp-caption-text\">The Griesser team is looking forward to the new building at the groundbreaking ceremony: Samuel Stillhard Managing Director exent AG, Christoph Tschanen Managing Director Tschanen AG, Alex Sprenger Overall Project Manager Griesser AG, Urs Neuhauser CEO Griesser AG, Walter Str\u00e4ssle Chairman of the Board of Directors Griesser AG, Emanuel Kissling Plant Manager Griesser AG (from left to right) (Photo: Griesser AG)<\/figcaption><\/figure>\n<p>Griesser AG has been headquartered in Aadorf since 1882 and has long since established itself as one of Europe's market leaders for sun and weather protection for windows and terraces. The demolition and reconstruction of a factory building, the expansion of an existing production hall, the replacement of the existing powder coating plant, which is over 20 years old, and the installation of an automated warehouse are intended to increase productivity and improve energy efficiency. \"If everything goes according to plan, we will complete the construction project by summer 2021 and then install and commission the new equipment,\" says Urs Neuhauser, CEO of Griesser, at the groundbreaking ceremony. The fact that Griesser is sticking to the original timetable for its construction project shows that the company is looking boldly to the future, even in times of Corona. And it is a commitment to investing in Switzerland as a place to work and thus to the philosophy of the traditional company.<\/p>\n<h2><strong>From groundbreaking to commissioning<\/strong><\/h2>\n<p>In the first construction phase, a new access road including a plant bridge to the construction site is planned. The second construction phase is expected to start in September with the demolition and new construction of the hall for the new coating line and the extension of the neighboring hall for the storage of long material. In the third construction phase, the new powder coating line will be installed in the new building and a honeycomb storage system will be built into the hall extension next door.<\/p>\n<p>The rearrangement of the individual production sections and the two new plants for coating and storage provide a better material flow and higher automation. In addition, the new coating line has five chambers for pretreatment and two powder lines for coating, which reduces throughput times and at the same time increases flexibility.<\/p>\n<p>In terms of energy efficiency and sustainability, Griesser's building project also scores points: \"With the new building, a photovoltaic system will be implemented that will enable us to cover a good 10% of our total electricity requirements in the future,\" says Emanuel Kissling, Head of Product Organization at Griesser. \"Together with an efficient heat recovery solution and reduced water consumption thanks to the latest technology, we will be able to significantly reduce our ecological footprint.\"<\/p>\n<h2><strong>No interruption of production<\/strong><\/h2>\n<p>Griesser is maintaining production operations throughout the construction period. To make this possible, parts of the production will be compressed and moved to another building. In addition, some raw materials will have to be temporarily stored off-site. The associated restrictions on production operations and internal logistics require a great deal of flexibility from employees. \"However, I am confident that our well-coordinated, competent teams will be able to master the challenges of the coming period and the changes associated with the construction project in the best possible way,\" says Urs Neuhauser.<\/p>\n<p><em>More information: <a href=\"https:\/\/advery.us3.list-manage.com\/track\/click?u=26dd61776ff7181fa2f794553&amp;id=8edcd0746d&amp;e=a3a7effbb4\">www.griesser.ch<\/a><\/em><\/p>","protected":false},"excerpt":{"rendered":"<p>Seit 1882 befindet sich der Hauptsitz der Griesser AG in Aadorf und hat sich l\u00e4ngst als einer der Marktf\u00fchrer Europas f\u00fcr Sonnen- und Wetterschutz von Fenstern und Terrassen etabliert. Mit dem Abbruch und Wiederaufbau einer Werkshalle, der Erweiterung einer bestehenden Produktionshalle, dem Ersatz der bisherigen, \u00fcber 20j\u00e4hrigen Pulverbeschichtungsanlage und dem Einbau eines automatischen Lagers soll [&hellip;]<\/p>\n","protected":false},"author":4,"featured_media":6951,"comment_status":"closed","ping_status":"closed","sticky":false,"template":"","format":"standard","meta":{"_acf_changed":false,"_yoast_wpseo_focuskw":"Spatenstich","_yoast_wpseo_metadesc":"Die Griesser AG erstellt einen Ersatz f\u00fcr die in die Jahre gekommene Beschichtungsanlage am Hauptsitz in Aadorf. Am 24. Juni 2020 war Spatenstich.","articlekey":"","footnotes":""},"categories":[28],"tags":[335,492,508],"class_list":["post-6950","post","type-post","status-publish","format-standard","has-post-thumbnail","hentry","category-management","tag-management-und-unternehmensfuehrung","tag-unternehmen","tag-vermischtes"],"acf":[],"yoast_head":"<!-- This site is optimized with the Yoast SEO plugin v27.4 - https:\/\/yoast.com\/product\/yoast-seo-wordpress\/ -->\n<title>Mit Mut in die Zukunft: Griesser AG mit Spatenstich f\u00fcr Neubau - Organisator<\/title>\n<meta name=\"description\" content=\"Die Griesser AG erstellt einen Ersatz f\u00fcr die in die Jahre gekommene Beschichtungsanlage am Hauptsitz in Aadorf. Am 24. Juni 2020 war Spatenstich.\" \/>\n<meta name=\"robots\" content=\"index, follow, max-snippet:-1, max-image-preview:large, max-video-preview:-1\" \/>\n<link rel=\"canonical\" href=\"https:\/\/www.organisator.ch\/en\/management\/2020-07-20\/mit-mut-in-die-zukunft-griesser-ag-mit-spatenstich-fuer-neubau\/\" \/>\n<meta property=\"og:locale\" content=\"en_US\" \/>\n<meta property=\"og:type\" content=\"article\" \/>\n<meta property=\"og:title\" content=\"Mit Mut in die Zukunft: Griesser AG mit Spatenstich f\u00fcr Neubau\" \/>\n<meta property=\"og:description\" content=\"Die Griesser AG erstellt einen Ersatz f\u00fcr die in die Jahre gekommene Beschichtungsanlage am Hauptsitz in Aadorf. Am 24. Juni 2020 war Spatenstich.\" \/>\n<meta property=\"og:url\" content=\"https:\/\/www.organisator.ch\/en\/management\/2020-07-20\/mit-mut-in-die-zukunft-griesser-ag-mit-spatenstich-fuer-neubau\/\" \/>\n<meta property=\"og:site_name\" content=\"Organisator\" \/>\n<meta property=\"article:publisher\" content=\"https:\/\/www.facebook.com\/OrganisatorFachmagazin\" \/>\n<meta property=\"article:published_time\" content=\"2020-07-20T13:07:31+00:00\" \/>\n<meta property=\"og:image\" content=\"https:\/\/www.organisator.ch\/wp-content\/uploads\/2020\/07\/Mit-Mut-in-die-Zukunft-Griesser-AG-mit-Spatenstich-fuer-Neubau_Organisator.jpg\" \/>\n\t<meta property=\"og:image:width\" content=\"680\" \/>\n\t<meta property=\"og:image:height\" content=\"390\" \/>\n\t<meta property=\"og:image:type\" content=\"image\/jpeg\" \/>\n<meta name=\"author\" content=\"thomas.berner\" \/>\n<meta name=\"twitter:card\" content=\"summary_large_image\" \/>\n<meta name=\"twitter:title\" content=\"Mit Mut in die Zukunft: #Griesser AG mit #Spatenstich f\u00fcr Neubau\" \/>\n<meta name=\"twitter:description\" content=\"Die #Griesser AG erstellt einen #Ersatz f\u00fcr die in die Jahre gekommene #Beschichtungsanlage am Hauptsitz in Aadorf. Am 24. Juni 2020 war Spatenstich.\" \/>\n<meta name=\"twitter:image\" content=\"https:\/\/www.organisator.ch\/wp-content\/uploads\/2020\/07\/Mit-Mut-in-die-Zukunft-Griesser-AG-mit-Spatenstich-fuer-Neubau_Organisator.jpg\" \/>\n<script type=\"application\/ld+json\" class=\"yoast-schema-graph\">{\"@context\":\"https:\\\/\\\/schema.org\",\"@graph\":[{\"@type\":\"Article\",\"@id\":\"https:\\\/\\\/www.organisator.ch\\\/management\\\/2020-07-20\\\/mit-mut-in-die-zukunft-griesser-ag-mit-spatenstich-fuer-neubau\\\/#article\",\"isPartOf\":{\"@id\":\"https:\\\/\\\/www.organisator.ch\\\/management\\\/2020-07-20\\\/mit-mut-in-die-zukunft-griesser-ag-mit-spatenstich-fuer-neubau\\\/\"},\"author\":{\"name\":\"thomas.berner\",\"@id\":\"https:\\\/\\\/www.organisator.ch\\\/#\\\/schema\\\/person\\\/6f650f90b2842cd4c0cc334b4e36f67e\"},\"headline\":\"Mit Mut in die Zukunft: Griesser AG mit Spatenstich f\u00fcr Neubau\",\"datePublished\":\"2020-07-20T13:07:31+00:00\",\"mainEntityOfPage\":{\"@id\":\"https:\\\/\\\/www.organisator.ch\\\/management\\\/2020-07-20\\\/mit-mut-in-die-zukunft-griesser-ag-mit-spatenstich-fuer-neubau\\\/\"},\"wordCount\":502,\"publisher\":{\"@id\":\"https:\\\/\\\/www.organisator.ch\\\/#organization\"},\"image\":{\"@id\":\"https:\\\/\\\/www.organisator.ch\\\/management\\\/2020-07-20\\\/mit-mut-in-die-zukunft-griesser-ag-mit-spatenstich-fuer-neubau\\\/#primaryimage\"},\"thumbnailUrl\":\"https:\\\/\\\/www.organisator.ch\\\/wp-content\\\/uploads\\\/2020\\\/07\\\/Mit-Mut-in-die-Zukunft-Griesser-AG-mit-Spatenstich-fuer-Neubau_Organisator.jpg\",\"keywords\":[\"Management und Unternehmensf\u00fchrung\",\"Unternehmen\",\"Vermischtes\"],\"articleSection\":[\"MANAGEMENT\"],\"inLanguage\":\"en-US\"},{\"@type\":\"WebPage\",\"@id\":\"https:\\\/\\\/www.organisator.ch\\\/management\\\/2020-07-20\\\/mit-mut-in-die-zukunft-griesser-ag-mit-spatenstich-fuer-neubau\\\/\",\"url\":\"https:\\\/\\\/www.organisator.ch\\\/management\\\/2020-07-20\\\/mit-mut-in-die-zukunft-griesser-ag-mit-spatenstich-fuer-neubau\\\/\",\"name\":\"Mit Mut in die Zukunft: Griesser AG mit Spatenstich f\u00fcr Neubau - Organisator\",\"isPartOf\":{\"@id\":\"https:\\\/\\\/www.organisator.ch\\\/#website\"},\"primaryImageOfPage\":{\"@id\":\"https:\\\/\\\/www.organisator.ch\\\/management\\\/2020-07-20\\\/mit-mut-in-die-zukunft-griesser-ag-mit-spatenstich-fuer-neubau\\\/#primaryimage\"},\"image\":{\"@id\":\"https:\\\/\\\/www.organisator.ch\\\/management\\\/2020-07-20\\\/mit-mut-in-die-zukunft-griesser-ag-mit-spatenstich-fuer-neubau\\\/#primaryimage\"},\"thumbnailUrl\":\"https:\\\/\\\/www.organisator.ch\\\/wp-content\\\/uploads\\\/2020\\\/07\\\/Mit-Mut-in-die-Zukunft-Griesser-AG-mit-Spatenstich-fuer-Neubau_Organisator.jpg\",\"datePublished\":\"2020-07-20T13:07:31+00:00\",\"description\":\"Die Griesser AG erstellt einen Ersatz f\u00fcr die in die Jahre gekommene Beschichtungsanlage am Hauptsitz in Aadorf. Am 24. Juni 2020 war Spatenstich.\",\"breadcrumb\":{\"@id\":\"https:\\\/\\\/www.organisator.ch\\\/management\\\/2020-07-20\\\/mit-mut-in-die-zukunft-griesser-ag-mit-spatenstich-fuer-neubau\\\/#breadcrumb\"},\"inLanguage\":\"en-US\",\"potentialAction\":[{\"@type\":\"ReadAction\",\"target\":[\"https:\\\/\\\/www.organisator.ch\\\/management\\\/2020-07-20\\\/mit-mut-in-die-zukunft-griesser-ag-mit-spatenstich-fuer-neubau\\\/\"]}]},{\"@type\":\"ImageObject\",\"inLanguage\":\"en-US\",\"@id\":\"https:\\\/\\\/www.organisator.ch\\\/management\\\/2020-07-20\\\/mit-mut-in-die-zukunft-griesser-ag-mit-spatenstich-fuer-neubau\\\/#primaryimage\",\"url\":\"https:\\\/\\\/www.organisator.ch\\\/wp-content\\\/uploads\\\/2020\\\/07\\\/Mit-Mut-in-die-Zukunft-Griesser-AG-mit-Spatenstich-fuer-Neubau_Organisator.jpg\",\"contentUrl\":\"https:\\\/\\\/www.organisator.ch\\\/wp-content\\\/uploads\\\/2020\\\/07\\\/Mit-Mut-in-die-Zukunft-Griesser-AG-mit-Spatenstich-fuer-Neubau_Organisator.jpg\",\"width\":680,\"height\":390,\"caption\":\"Das Griesser-Team freut sich beim Spatenstich auf den Neubau: Samuel Stillhard Gesch\u00e4ftsf\u00fchrer exent AG, Christoph Tschanen Gesch\u00e4ftsf\u00fchrer Tschanen AG, Alex Sprenger Gesamtprojektleiter Griesser AG, Urs Neuhauser CEO Griesser AG, Walter Str\u00e4ssle Verwaltungsratspr\u00e4sident Griesser AG, Emanuel Kissling Werkleiter Griesser AG (v.l.n.r.) (Bildrechte: Griesser AG)\"},{\"@type\":\"BreadcrumbList\",\"@id\":\"https:\\\/\\\/www.organisator.ch\\\/management\\\/2020-07-20\\\/mit-mut-in-die-zukunft-griesser-ag-mit-spatenstich-fuer-neubau\\\/#breadcrumb\",\"itemListElement\":[{\"@type\":\"ListItem\",\"position\":1,\"name\":\"Home\",\"item\":\"https:\\\/\\\/www.organisator.ch\\\/\"},{\"@type\":\"ListItem\",\"position\":2,\"name\":\"Mit Mut in die Zukunft: Griesser AG mit Spatenstich f\u00fcr Neubau\"}]},{\"@type\":\"WebSite\",\"@id\":\"https:\\\/\\\/www.organisator.ch\\\/#website\",\"url\":\"https:\\\/\\\/www.organisator.ch\\\/\",\"name\":\"Organisator\",\"description\":\"Kompetent. Praxisnah. Der ORGANISATOR bereitet in 10 Ausgaben pro Jahr die wesentlichen Themen f\u00fcr F\u00fchrungskr\u00e4fte von KMU auf.\",\"publisher\":{\"@id\":\"https:\\\/\\\/www.organisator.ch\\\/#organization\"},\"potentialAction\":[{\"@type\":\"SearchAction\",\"target\":{\"@type\":\"EntryPoint\",\"urlTemplate\":\"https:\\\/\\\/www.organisator.ch\\\/?s={search_term_string}\"},\"query-input\":{\"@type\":\"PropertyValueSpecification\",\"valueRequired\":true,\"valueName\":\"search_term_string\"}}],\"inLanguage\":\"en-US\"},{\"@type\":\"Organization\",\"@id\":\"https:\\\/\\\/www.organisator.ch\\\/#organization\",\"name\":\"Organisator\",\"url\":\"https:\\\/\\\/www.organisator.ch\\\/\",\"logo\":{\"@type\":\"ImageObject\",\"inLanguage\":\"en-US\",\"@id\":\"https:\\\/\\\/www.organisator.ch\\\/#\\\/schema\\\/logo\\\/image\\\/\",\"url\":\"https:\\\/\\\/www.organisator.ch\\\/wp-content\\\/uploads\\\/2022\\\/01\\\/Logo_Organisator_Website.png\",\"contentUrl\":\"https:\\\/\\\/www.organisator.ch\\\/wp-content\\\/uploads\\\/2022\\\/01\\\/Logo_Organisator_Website.png\",\"width\":800,\"height\":77,\"caption\":\"Organisator\"},\"image\":{\"@id\":\"https:\\\/\\\/www.organisator.ch\\\/#\\\/schema\\\/logo\\\/image\\\/\"},\"sameAs\":[\"https:\\\/\\\/www.facebook.com\\\/OrganisatorFachmagazin\",\"https:\\\/\\\/www.linkedin.com\\\/showcase\\\/organisator-das-magazin-fr-kmu\",\"https:\\\/\\\/www.xing.com\\\/news\\\/pages\\\/organisator-ch-695\",\"https:\\\/\\\/www.youtube.com\\\/channel\\\/UCGP2Sq0iWaZwT3BdIAQFYpw\"]},{\"@type\":\"Person\",\"@id\":\"https:\\\/\\\/www.organisator.ch\\\/#\\\/schema\\\/person\\\/6f650f90b2842cd4c0cc334b4e36f67e\",\"name\":\"thomas.berner\",\"image\":{\"@type\":\"ImageObject\",\"inLanguage\":\"en-US\",\"@id\":\"https:\\\/\\\/secure.gravatar.com\\\/avatar\\\/ac5001d2a36cb6c6cd3e50789007ffca834b477b74a2144564522e944eabff61?s=96&d=mm&r=g\",\"url\":\"https:\\\/\\\/secure.gravatar.com\\\/avatar\\\/ac5001d2a36cb6c6cd3e50789007ffca834b477b74a2144564522e944eabff61?s=96&d=mm&r=g\",\"contentUrl\":\"https:\\\/\\\/secure.gravatar.com\\\/avatar\\\/ac5001d2a36cb6c6cd3e50789007ffca834b477b74a2144564522e944eabff61?s=96&d=mm&r=g\",\"caption\":\"thomas.berner\"},\"url\":\"https:\\\/\\\/www.organisator.ch\\\/en\\\/author\\\/thomas-berner\\\/\"}]}<\/script>\n<!-- \/ Yoast SEO plugin. -->","yoast_head_json":{"title":"With courage into the future: Griesser AG breaks ground for new building - Organizer","description":"Griesser AG is building a replacement for the aging coating plant at its headquarters in Aadorf. The groundbreaking ceremony was held on June 24, 2020.","robots":{"index":"index","follow":"follow","max-snippet":"max-snippet:-1","max-image-preview":"max-image-preview:large","max-video-preview":"max-video-preview:-1"},"canonical":"https:\/\/www.organisator.ch\/en\/management\/2020-07-20\/mit-mut-in-die-zukunft-griesser-ag-mit-spatenstich-fuer-neubau\/","og_locale":"en_US","og_type":"article","og_title":"Mit Mut in die Zukunft: Griesser AG mit Spatenstich f\u00fcr Neubau","og_description":"Die Griesser AG erstellt einen Ersatz f\u00fcr die in die Jahre gekommene Beschichtungsanlage am Hauptsitz in Aadorf. Am 24. Juni 2020 war Spatenstich.","og_url":"https:\/\/www.organisator.ch\/en\/management\/2020-07-20\/mit-mut-in-die-zukunft-griesser-ag-mit-spatenstich-fuer-neubau\/","og_site_name":"Organisator","article_publisher":"https:\/\/www.facebook.com\/OrganisatorFachmagazin","article_published_time":"2020-07-20T13:07:31+00:00","og_image":[{"width":680,"height":390,"url":"https:\/\/www.organisator.ch\/wp-content\/uploads\/2020\/07\/Mit-Mut-in-die-Zukunft-Griesser-AG-mit-Spatenstich-fuer-Neubau_Organisator.jpg","type":"image\/jpeg"}],"author":"thomas.berner","twitter_card":"summary_large_image","twitter_title":"Mit Mut in die Zukunft: #Griesser AG mit #Spatenstich f\u00fcr Neubau","twitter_description":"Die #Griesser AG erstellt einen #Ersatz f\u00fcr die in die Jahre gekommene #Beschichtungsanlage am Hauptsitz in Aadorf. Am 24. Juni 2020 war Spatenstich.","twitter_image":"https:\/\/www.organisator.ch\/wp-content\/uploads\/2020\/07\/Mit-Mut-in-die-Zukunft-Griesser-AG-mit-Spatenstich-fuer-Neubau_Organisator.jpg","schema":{"@context":"https:\/\/schema.org","@graph":[{"@type":"Article","@id":"https:\/\/www.organisator.ch\/management\/2020-07-20\/mit-mut-in-die-zukunft-griesser-ag-mit-spatenstich-fuer-neubau\/#article","isPartOf":{"@id":"https:\/\/www.organisator.ch\/management\/2020-07-20\/mit-mut-in-die-zukunft-griesser-ag-mit-spatenstich-fuer-neubau\/"},"author":{"name":"thomas.berner","@id":"https:\/\/www.organisator.ch\/#\/schema\/person\/6f650f90b2842cd4c0cc334b4e36f67e"},"headline":"Mit Mut in die Zukunft: Griesser AG mit Spatenstich f\u00fcr Neubau","datePublished":"2020-07-20T13:07:31+00:00","mainEntityOfPage":{"@id":"https:\/\/www.organisator.ch\/management\/2020-07-20\/mit-mut-in-die-zukunft-griesser-ag-mit-spatenstich-fuer-neubau\/"},"wordCount":502,"publisher":{"@id":"https:\/\/www.organisator.ch\/#organization"},"image":{"@id":"https:\/\/www.organisator.ch\/management\/2020-07-20\/mit-mut-in-die-zukunft-griesser-ag-mit-spatenstich-fuer-neubau\/#primaryimage"},"thumbnailUrl":"https:\/\/www.organisator.ch\/wp-content\/uploads\/2020\/07\/Mit-Mut-in-die-Zukunft-Griesser-AG-mit-Spatenstich-fuer-Neubau_Organisator.jpg","keywords":["Management und Unternehmensf\u00fchrung","Unternehmen","Vermischtes"],"articleSection":["MANAGEMENT"],"inLanguage":"en-US"},{"@type":"WebPage","@id":"https:\/\/www.organisator.ch\/management\/2020-07-20\/mit-mut-in-die-zukunft-griesser-ag-mit-spatenstich-fuer-neubau\/","url":"https:\/\/www.organisator.ch\/management\/2020-07-20\/mit-mut-in-die-zukunft-griesser-ag-mit-spatenstich-fuer-neubau\/","name":"With courage into the future: Griesser AG breaks ground for new building - Organizer","isPartOf":{"@id":"https:\/\/www.organisator.ch\/#website"},"primaryImageOfPage":{"@id":"https:\/\/www.organisator.ch\/management\/2020-07-20\/mit-mut-in-die-zukunft-griesser-ag-mit-spatenstich-fuer-neubau\/#primaryimage"},"image":{"@id":"https:\/\/www.organisator.ch\/management\/2020-07-20\/mit-mut-in-die-zukunft-griesser-ag-mit-spatenstich-fuer-neubau\/#primaryimage"},"thumbnailUrl":"https:\/\/www.organisator.ch\/wp-content\/uploads\/2020\/07\/Mit-Mut-in-die-Zukunft-Griesser-AG-mit-Spatenstich-fuer-Neubau_Organisator.jpg","datePublished":"2020-07-20T13:07:31+00:00","description":"Griesser AG is building a replacement for the aging coating plant at its headquarters in Aadorf. The groundbreaking ceremony was held on June 24, 2020.","breadcrumb":{"@id":"https:\/\/www.organisator.ch\/management\/2020-07-20\/mit-mut-in-die-zukunft-griesser-ag-mit-spatenstich-fuer-neubau\/#breadcrumb"},"inLanguage":"en-US","potentialAction":[{"@type":"ReadAction","target":["https:\/\/www.organisator.ch\/management\/2020-07-20\/mit-mut-in-die-zukunft-griesser-ag-mit-spatenstich-fuer-neubau\/"]}]},{"@type":"ImageObject","inLanguage":"en-US","@id":"https:\/\/www.organisator.ch\/management\/2020-07-20\/mit-mut-in-die-zukunft-griesser-ag-mit-spatenstich-fuer-neubau\/#primaryimage","url":"https:\/\/www.organisator.ch\/wp-content\/uploads\/2020\/07\/Mit-Mut-in-die-Zukunft-Griesser-AG-mit-Spatenstich-fuer-Neubau_Organisator.jpg","contentUrl":"https:\/\/www.organisator.ch\/wp-content\/uploads\/2020\/07\/Mit-Mut-in-die-Zukunft-Griesser-AG-mit-Spatenstich-fuer-Neubau_Organisator.jpg","width":680,"height":390,"caption":"Das Griesser-Team freut sich beim Spatenstich auf den Neubau: Samuel Stillhard Gesch\u00e4ftsf\u00fchrer exent AG, Christoph Tschanen Gesch\u00e4ftsf\u00fchrer Tschanen AG, Alex Sprenger Gesamtprojektleiter Griesser AG, Urs Neuhauser CEO Griesser AG, Walter Str\u00e4ssle Verwaltungsratspr\u00e4sident Griesser AG, Emanuel Kissling Werkleiter Griesser AG (v.l.n.r.) (Bildrechte: Griesser AG)"},{"@type":"BreadcrumbList","@id":"https:\/\/www.organisator.ch\/management\/2020-07-20\/mit-mut-in-die-zukunft-griesser-ag-mit-spatenstich-fuer-neubau\/#breadcrumb","itemListElement":[{"@type":"ListItem","position":1,"name":"Home","item":"https:\/\/www.organisator.ch\/"},{"@type":"ListItem","position":2,"name":"Mit Mut in die Zukunft: Griesser AG mit Spatenstich f\u00fcr Neubau"}]},{"@type":"WebSite","@id":"https:\/\/www.organisator.ch\/#website","url":"https:\/\/www.organisator.ch\/","name":"Organizer","description":"Competent. Practical. In 10 issues per year, ORGANISATOR presents the essential topics for managers of SMEs.","publisher":{"@id":"https:\/\/www.organisator.ch\/#organization"},"potentialAction":[{"@type":"SearchAction","target":{"@type":"EntryPoint","urlTemplate":"https:\/\/www.organisator.ch\/?s={search_term_string}"},"query-input":{"@type":"PropertyValueSpecification","valueRequired":true,"valueName":"search_term_string"}}],"inLanguage":"en-US"},{"@type":"Organization","@id":"https:\/\/www.organisator.ch\/#organization","name":"Organizer","url":"https:\/\/www.organisator.ch\/","logo":{"@type":"ImageObject","inLanguage":"en-US","@id":"https:\/\/www.organisator.ch\/#\/schema\/logo\/image\/","url":"https:\/\/www.organisator.ch\/wp-content\/uploads\/2022\/01\/Logo_Organisator_Website.png","contentUrl":"https:\/\/www.organisator.ch\/wp-content\/uploads\/2022\/01\/Logo_Organisator_Website.png","width":800,"height":77,"caption":"Organisator"},"image":{"@id":"https:\/\/www.organisator.ch\/#\/schema\/logo\/image\/"},"sameAs":["https:\/\/www.facebook.com\/OrganisatorFachmagazin","https:\/\/www.linkedin.com\/showcase\/organisator-das-magazin-fr-kmu","https:\/\/www.xing.com\/news\/pages\/organisator-ch-695","https:\/\/www.youtube.com\/channel\/UCGP2Sq0iWaZwT3BdIAQFYpw"]},{"@type":"Person","@id":"https:\/\/www.organisator.ch\/#\/schema\/person\/6f650f90b2842cd4c0cc334b4e36f67e","name":"thomas.berner","image":{"@type":"ImageObject","inLanguage":"en-US","@id":"https:\/\/secure.gravatar.com\/avatar\/ac5001d2a36cb6c6cd3e50789007ffca834b477b74a2144564522e944eabff61?s=96&d=mm&r=g","url":"https:\/\/secure.gravatar.com\/avatar\/ac5001d2a36cb6c6cd3e50789007ffca834b477b74a2144564522e944eabff61?s=96&d=mm&r=g","contentUrl":"https:\/\/secure.gravatar.com\/avatar\/ac5001d2a36cb6c6cd3e50789007ffca834b477b74a2144564522e944eabff61?s=96&d=mm&r=g","caption":"thomas.berner"},"url":"https:\/\/www.organisator.ch\/en\/author\/thomas-berner\/"}]}},"_links":{"self":[{"href":"https:\/\/www.organisator.ch\/en\/wp-json\/wp\/v2\/posts\/6950","targetHints":{"allow":["GET"]}}],"collection":[{"href":"https:\/\/www.organisator.ch\/en\/wp-json\/wp\/v2\/posts"}],"about":[{"href":"https:\/\/www.organisator.ch\/en\/wp-json\/wp\/v2\/types\/post"}],"author":[{"embeddable":true,"href":"https:\/\/www.organisator.ch\/en\/wp-json\/wp\/v2\/users\/4"}],"replies":[{"embeddable":true,"href":"https:\/\/www.organisator.ch\/en\/wp-json\/wp\/v2\/comments?post=6950"}],"version-history":[{"count":0,"href":"https:\/\/www.organisator.ch\/en\/wp-json\/wp\/v2\/posts\/6950\/revisions"}],"wp:featuredmedia":[{"embeddable":true,"href":"https:\/\/www.organisator.ch\/en\/wp-json\/wp\/v2\/media\/6951"}],"wp:attachment":[{"href":"https:\/\/www.organisator.ch\/en\/wp-json\/wp\/v2\/media?parent=6950"}],"wp:term":[{"taxonomy":"category","embeddable":true,"href":"https:\/\/www.organisator.ch\/en\/wp-json\/wp\/v2\/categories?post=6950"},{"taxonomy":"post_tag","embeddable":true,"href":"https:\/\/www.organisator.ch\/en\/wp-json\/wp\/v2\/tags?post=6950"}],"curies":[{"name":"wp","href":"https:\/\/api.w.org\/{rel}","templated":true}]}}