{"id":6967,"date":"2020-07-27T08:20:36","date_gmt":"2020-07-27T06:20:36","guid":{"rendered":"https:\/\/www.organisator.ch\/?p=6967"},"modified":"2020-07-27T08:20:36","modified_gmt":"2020-07-27T06:20:36","slug":"sieben-thesen-zu-den-folgen-von-corona-fuer-die-kmu","status":"publish","type":"post","link":"https:\/\/www.organisator.ch\/en\/marketing\/2020-07-27\/sieben-thesen-zu-den-folgen-von-corona-fuer-die-kmu\/","title":{"rendered":"Seven theses on the consequences of Corona for SMEs"},"content":{"rendered":"<figure id=\"attachment_6968\" aria-describedby=\"caption-attachment-6968\" style=\"width: 680px\" class=\"wp-caption alignnone\"><img loading=\"lazy\" decoding=\"async\" class=\"size-medium wp-image-6968\" src=\"https:\/\/www.organisator.ch\/wp-content\/uploads\/2020\/07\/Sieben-Thesen-zu-den-Folgen-von-Corona-fuer-die-KMU_Organisator.jpg\" alt=\"\" width=\"680\" height=\"382\" srcset=\"https:\/\/www.organisator.ch\/wp-content\/uploads\/2020\/07\/Sieben-Thesen-zu-den-Folgen-von-Corona-fuer-die-KMU_Organisator.jpg 680w, https:\/\/www.organisator.ch\/wp-content\/uploads\/2020\/07\/Sieben-Thesen-zu-den-Folgen-von-Corona-fuer-die-KMU_Organisator-16x9.jpg 16w, https:\/\/www.organisator.ch\/wp-content\/uploads\/2020\/07\/Sieben-Thesen-zu-den-Folgen-von-Corona-fuer-die-KMU_Organisator-312x175.jpg 312w, https:\/\/www.organisator.ch\/wp-content\/uploads\/2020\/07\/Sieben-Thesen-zu-den-Folgen-von-Corona-fuer-die-KMU_Organisator-623x350.jpg 623w, https:\/\/www.organisator.ch\/wp-content\/uploads\/2020\/07\/Sieben-Thesen-zu-den-Folgen-von-Corona-fuer-die-KMU_Organisator-300x169.jpg 300w\" sizes=\"auto, (max-width: 680px) 100vw, 680px\" \/><figcaption id=\"caption-attachment-6968\" class=\"wp-caption-text\">Peter F. Schmid expresses seven theses on the consequences of Corona for SMEs. (Image: Visable)<\/figcaption><\/figure>\n<p>For more than four months, the world has already been in a state of emergency due to the Corona pandemic. \"Only those who digitize will survive this crisis. This is roughly how Visable CEO Peter F. Schmid's seven theses on the consequences of Corona for SMEs can be summarized.<\/p>\n<h2><strong>1. consequences of Corona: digitalization in purchasing and sales is accelerated<\/strong><\/h2>\n<p>The classic, well-known and proven marketing and sales tools were suddenly no longer available. The cancellation of numerous trade fairs and the delegation of sales staff to the home office brought sales to a standstill in many companies for a short time. Without the timely, targeted use of digital tools, a large number of SMEs in Europe would have to fear for their existence. To put it bluntly, this means that only those who digitize will survive this crisis. Especially in sales, new ways had to and still have to be found to reach purchasing without a personal visit. Whether sales pitches via video call or the use of a virtual trade fair stand - the possibilities are manifold and the demand for further training is high. For example, more than 350 interested people attended our webinar to learn how to use new digital sales solutions. This was a great success and a renewed confirmation for Visable as a digital partner for SMEs in Europe.<\/p>\n<h2><strong>2. trade fair as a primary sales and marketing tool is no longer appropriate<\/strong><\/h2>\n<p>Every fourth trade fair will no longer exist after the crisis. Even before the onset of the Corona pandemic, there was a discussion about the expediency of many trade shows worldwide. In the age of digitalization, it is neither appropriate nor ecologically and economically sensible to transport complex goods such as machines halfway around the world in order to exhibit them for one or two weeks at a leading trade show. The enormous amount of travel required by exhibitors and visitors and the use of financial and ecological resources are also out of all proportion to the benefits. The preservation of the trade show industry as an end in itself should be questioned for the time after Corona.<\/p>\n<h2><strong>3. special need for personal exchange and knowledge transfer <\/strong><\/h2>\n<p>For many, the annual trade show visits are also always an occasion for exchange within their own industry. Key notes, expert panels and master classes also serve to transfer knowledge and provide inspiration. The need for personal meetings, interpersonal exchange and networking will not have disappeared after Corona - on the contrary. Conferences and summits do without the usual pressure to generate as many leads or deals as possible. They offer real added value and will be in much greater demand.<\/p>\n<h2><strong>4. spending on online marketing increases massively<\/strong><\/h2>\n<p>The marketing budget freed up by the cancellation of trade shows will now be used by many companies for tools such as SEA, content marketing and social media. According to a survey by iBusiness, more than one in four companies (27 percent) want to rely more on virtual solutions. The advantages of online marketing are convincing even in times of crisis. Reach and content can be controlled in a targeted manner. Lead generation via platforms is simple and flexible.<\/p>\n<h2><strong>5. the importance of digital sourcing in Europe is growing <\/strong><\/h2>\n<p>Many companies were forced to completely rethink their procurement strategy as a result of Covid19 or had to rely on alternative sources of supply in the short term because they lost their established supply chains. There is also a renewed focus on local, national and suppliers from surrounding markets with shorter supply routes. The harsh shutdown in the Chinese market broke proven supply chains that were established over the last 20 years with the turn to Asia. They once convinced with flexibility, diversity and favorable conditions. However, the possibility of another global economic crisis was simply ignored by most. Through digital sourcing, purchasing secures its supply chains and can react quickly and flexibly to changes caused by crisis situations. Gone are also the days when procurement relied on only one, close supplier relationship. Especially after this crisis, no one will want to become so dependent.<\/p>\n<h2><strong>6. Online platforms have never been more important for Europe's B2B market<\/strong><\/h2>\n<p>A quick overview of all available providers, acquisitions of new customers locally to worldwide, measurability of budget usage and availability 365 days a year are just some of the advantages offered by platforms such as EUROPAGES and wlw. Visable saw a significant increase in traffic in the first few weeks after the nationwide lockdown. Traffic grew by an average of more than 25 percent on wlw and 22 percent on EUROPAGES year-on-year since the start of the Corona pandemic. At peak times, growth on both platforms was even over 50 percent compared to the same week last year. The potential for the digital B2B market remains enormous. Even before Corona, the market had been growing by an average of 13 percent annually since 2013. Forecasts show that this growth trend will not change.<\/p>\n<h2><strong>7. purchasing takes the key role of the company<\/strong><\/h2>\n<p>The consequences of Corona are having an impact on the status of purchasing: What before the Corona pandemic was considered more of a shadow growth of companies has now become one of the most important pillars of a company. Due to the failure of established supply chains and supply markets such as China, purchasing has become the focus of attention and ensures the survival of the company by reacting quickly and using digital tools. It has long since ceased to be just about purchasing goods. In the meantime, it is the digitalization know-how and the strategic negotiation skills that lead to long-term success.<\/p>\n<p><em>Source and further information: <a href=\"http:\/\/www.visable.com\">www.visable.com<\/a><\/em><\/p>","protected":false},"excerpt":{"rendered":"<p>Seit mehr als vier Monaten befindet sich die Welt bereits aufgrund der Corona-Pandemie in einem Ausnahmezustand. \u00abNur wer digitalisiert, \u00fcberlebt diese Krise\u00bb. So in etwa lassen sich die sieben Thesen zu den Folgen von Corona f\u00fcr die KMUs von Visable-CEO Peter F. Schmid zusammenfassen. 1. Folgen von Corona: Digitalisierung im Bereich Einkauf und Vertrieb wird [&hellip;]<\/p>\n","protected":false},"author":4,"featured_media":6968,"comment_status":"closed","ping_status":"closed","sticky":false,"template":"","format":"standard","meta":{"_acf_changed":false,"_yoast_wpseo_focuskw":"Folgen von Corona","_yoast_wpseo_metadesc":"Zahlreiche Unternehmen und ganze Branchen bangen wegen der Folgen von Corona um ihre Existenz und werden tagt\u00e4glich auf den Pr\u00fcfstand gestellt.","articlekey":"","footnotes":""},"categories":[29],"tags":[132,335,339],"class_list":["post-6967","post","type-post","status-publish","format-standard","has-post-thumbnail","hentry","category-marketing","tag-coronavirus","tag-management-und-unternehmensfuehrung","tag-marketing"],"acf":[],"yoast_head":"<!-- This site is optimized with the Yoast SEO plugin v27.4 - https:\/\/yoast.com\/product\/yoast-seo-wordpress\/ -->\n<title>Sieben Thesen zu den Folgen von Corona f\u00fcr die KMU - Organisator<\/title>\n<meta name=\"description\" content=\"Zahlreiche Unternehmen und ganze Branchen bangen wegen der Folgen von Corona um ihre Existenz und werden tagt\u00e4glich auf den Pr\u00fcfstand gestellt.\" \/>\n<meta name=\"robots\" content=\"index, follow, max-snippet:-1, max-image-preview:large, max-video-preview:-1\" \/>\n<link rel=\"canonical\" href=\"https:\/\/www.organisator.ch\/en\/marketing\/2020-07-27\/sieben-thesen-zu-den-folgen-von-corona-fuer-die-kmu\/\" \/>\n<meta property=\"og:locale\" content=\"en_US\" \/>\n<meta property=\"og:type\" content=\"article\" \/>\n<meta property=\"og:title\" content=\"Sieben Thesen zu den Folgen von Corona f\u00fcr die KMU\" \/>\n<meta property=\"og:description\" content=\"Zahlreiche Unternehmen und ganze Branchen bangen wegen der Folgen von Corona um ihre Existenz und werden tagt\u00e4glich auf den Pr\u00fcfstand gestellt.\" \/>\n<meta property=\"og:url\" content=\"https:\/\/www.organisator.ch\/en\/marketing\/2020-07-27\/sieben-thesen-zu-den-folgen-von-corona-fuer-die-kmu\/\" \/>\n<meta property=\"og:site_name\" content=\"Organisator\" \/>\n<meta property=\"article:publisher\" content=\"https:\/\/www.facebook.com\/OrganisatorFachmagazin\" \/>\n<meta property=\"article:published_time\" content=\"2020-07-27T06:20:36+00:00\" \/>\n<meta property=\"og:image\" content=\"https:\/\/www.organisator.ch\/wp-content\/uploads\/2020\/07\/Sieben-Thesen-zu-den-Folgen-von-Corona-fuer-die-KMU_Organisator.jpg\" \/>\n\t<meta property=\"og:image:width\" content=\"680\" \/>\n\t<meta property=\"og:image:height\" content=\"382\" \/>\n\t<meta property=\"og:image:type\" content=\"image\/jpeg\" \/>\n<meta name=\"author\" content=\"thomas.berner\" \/>\n<meta name=\"twitter:card\" content=\"summary_large_image\" \/>\n<meta name=\"twitter:title\" content=\"Sieben #Thesen zu den Folgen von #Corona f\u00fcr die #KMU\" \/>\n<meta name=\"twitter:description\" content=\"Zahlreiche Unternehmen und ganze Branchen bangen wegen der Folgen von #Corona um ihre #Existenz und werden tagt\u00e4glich auf den Pr\u00fcfstand gestellt.\" \/>\n<meta name=\"twitter:image\" content=\"https:\/\/www.organisator.ch\/wp-content\/uploads\/2020\/07\/Sieben-Thesen-zu-den-Folgen-von-Corona-fuer-die-KMU_Organisator.jpg\" \/>\n<script type=\"application\/ld+json\" class=\"yoast-schema-graph\">{\"@context\":\"https:\\\/\\\/schema.org\",\"@graph\":[{\"@type\":\"Article\",\"@id\":\"https:\\\/\\\/www.organisator.ch\\\/marketing\\\/2020-07-27\\\/sieben-thesen-zu-den-folgen-von-corona-fuer-die-kmu\\\/#article\",\"isPartOf\":{\"@id\":\"https:\\\/\\\/www.organisator.ch\\\/marketing\\\/2020-07-27\\\/sieben-thesen-zu-den-folgen-von-corona-fuer-die-kmu\\\/\"},\"author\":{\"name\":\"thomas.berner\",\"@id\":\"https:\\\/\\\/www.organisator.ch\\\/#\\\/schema\\\/person\\\/6f650f90b2842cd4c0cc334b4e36f67e\"},\"headline\":\"Sieben Thesen zu den Folgen von Corona f\u00fcr die KMU\",\"datePublished\":\"2020-07-27T06:20:36+00:00\",\"mainEntityOfPage\":{\"@id\":\"https:\\\/\\\/www.organisator.ch\\\/marketing\\\/2020-07-27\\\/sieben-thesen-zu-den-folgen-von-corona-fuer-die-kmu\\\/\"},\"wordCount\":931,\"publisher\":{\"@id\":\"https:\\\/\\\/www.organisator.ch\\\/#organization\"},\"image\":{\"@id\":\"https:\\\/\\\/www.organisator.ch\\\/marketing\\\/2020-07-27\\\/sieben-thesen-zu-den-folgen-von-corona-fuer-die-kmu\\\/#primaryimage\"},\"thumbnailUrl\":\"https:\\\/\\\/www.organisator.ch\\\/wp-content\\\/uploads\\\/2020\\\/07\\\/Sieben-Thesen-zu-den-Folgen-von-Corona-fuer-die-KMU_Organisator.jpg\",\"keywords\":[\"Coronavirus\",\"Management und Unternehmensf\u00fchrung\",\"Marketing\"],\"articleSection\":[\"MARKETING\"],\"inLanguage\":\"en-US\"},{\"@type\":\"WebPage\",\"@id\":\"https:\\\/\\\/www.organisator.ch\\\/marketing\\\/2020-07-27\\\/sieben-thesen-zu-den-folgen-von-corona-fuer-die-kmu\\\/\",\"url\":\"https:\\\/\\\/www.organisator.ch\\\/marketing\\\/2020-07-27\\\/sieben-thesen-zu-den-folgen-von-corona-fuer-die-kmu\\\/\",\"name\":\"Sieben Thesen zu den Folgen von Corona f\u00fcr die KMU - Organisator\",\"isPartOf\":{\"@id\":\"https:\\\/\\\/www.organisator.ch\\\/#website\"},\"primaryImageOfPage\":{\"@id\":\"https:\\\/\\\/www.organisator.ch\\\/marketing\\\/2020-07-27\\\/sieben-thesen-zu-den-folgen-von-corona-fuer-die-kmu\\\/#primaryimage\"},\"image\":{\"@id\":\"https:\\\/\\\/www.organisator.ch\\\/marketing\\\/2020-07-27\\\/sieben-thesen-zu-den-folgen-von-corona-fuer-die-kmu\\\/#primaryimage\"},\"thumbnailUrl\":\"https:\\\/\\\/www.organisator.ch\\\/wp-content\\\/uploads\\\/2020\\\/07\\\/Sieben-Thesen-zu-den-Folgen-von-Corona-fuer-die-KMU_Organisator.jpg\",\"datePublished\":\"2020-07-27T06:20:36+00:00\",\"description\":\"Zahlreiche Unternehmen und ganze Branchen bangen wegen der Folgen von Corona um ihre Existenz und werden tagt\u00e4glich auf den Pr\u00fcfstand gestellt.\",\"breadcrumb\":{\"@id\":\"https:\\\/\\\/www.organisator.ch\\\/marketing\\\/2020-07-27\\\/sieben-thesen-zu-den-folgen-von-corona-fuer-die-kmu\\\/#breadcrumb\"},\"inLanguage\":\"en-US\",\"potentialAction\":[{\"@type\":\"ReadAction\",\"target\":[\"https:\\\/\\\/www.organisator.ch\\\/marketing\\\/2020-07-27\\\/sieben-thesen-zu-den-folgen-von-corona-fuer-die-kmu\\\/\"]}]},{\"@type\":\"ImageObject\",\"inLanguage\":\"en-US\",\"@id\":\"https:\\\/\\\/www.organisator.ch\\\/marketing\\\/2020-07-27\\\/sieben-thesen-zu-den-folgen-von-corona-fuer-die-kmu\\\/#primaryimage\",\"url\":\"https:\\\/\\\/www.organisator.ch\\\/wp-content\\\/uploads\\\/2020\\\/07\\\/Sieben-Thesen-zu-den-Folgen-von-Corona-fuer-die-KMU_Organisator.jpg\",\"contentUrl\":\"https:\\\/\\\/www.organisator.ch\\\/wp-content\\\/uploads\\\/2020\\\/07\\\/Sieben-Thesen-zu-den-Folgen-von-Corona-fuer-die-KMU_Organisator.jpg\",\"width\":680,\"height\":382,\"caption\":\"Peter F. Schmid \u00e4ussert sieben Thesen zu den Folgen von Corona f\u00fcr KMU. (Bild: Visable)\"},{\"@type\":\"BreadcrumbList\",\"@id\":\"https:\\\/\\\/www.organisator.ch\\\/marketing\\\/2020-07-27\\\/sieben-thesen-zu-den-folgen-von-corona-fuer-die-kmu\\\/#breadcrumb\",\"itemListElement\":[{\"@type\":\"ListItem\",\"position\":1,\"name\":\"Home\",\"item\":\"https:\\\/\\\/www.organisator.ch\\\/\"},{\"@type\":\"ListItem\",\"position\":2,\"name\":\"Sieben Thesen zu den Folgen von Corona f\u00fcr die KMU\"}]},{\"@type\":\"WebSite\",\"@id\":\"https:\\\/\\\/www.organisator.ch\\\/#website\",\"url\":\"https:\\\/\\\/www.organisator.ch\\\/\",\"name\":\"Organisator\",\"description\":\"Kompetent. Praxisnah. Der ORGANISATOR bereitet in 10 Ausgaben pro Jahr die wesentlichen Themen f\u00fcr F\u00fchrungskr\u00e4fte von KMU auf.\",\"publisher\":{\"@id\":\"https:\\\/\\\/www.organisator.ch\\\/#organization\"},\"potentialAction\":[{\"@type\":\"SearchAction\",\"target\":{\"@type\":\"EntryPoint\",\"urlTemplate\":\"https:\\\/\\\/www.organisator.ch\\\/?s={search_term_string}\"},\"query-input\":{\"@type\":\"PropertyValueSpecification\",\"valueRequired\":true,\"valueName\":\"search_term_string\"}}],\"inLanguage\":\"en-US\"},{\"@type\":\"Organization\",\"@id\":\"https:\\\/\\\/www.organisator.ch\\\/#organization\",\"name\":\"Organisator\",\"url\":\"https:\\\/\\\/www.organisator.ch\\\/\",\"logo\":{\"@type\":\"ImageObject\",\"inLanguage\":\"en-US\",\"@id\":\"https:\\\/\\\/www.organisator.ch\\\/#\\\/schema\\\/logo\\\/image\\\/\",\"url\":\"https:\\\/\\\/www.organisator.ch\\\/wp-content\\\/uploads\\\/2022\\\/01\\\/Logo_Organisator_Website.png\",\"contentUrl\":\"https:\\\/\\\/www.organisator.ch\\\/wp-content\\\/uploads\\\/2022\\\/01\\\/Logo_Organisator_Website.png\",\"width\":800,\"height\":77,\"caption\":\"Organisator\"},\"image\":{\"@id\":\"https:\\\/\\\/www.organisator.ch\\\/#\\\/schema\\\/logo\\\/image\\\/\"},\"sameAs\":[\"https:\\\/\\\/www.facebook.com\\\/OrganisatorFachmagazin\",\"https:\\\/\\\/www.linkedin.com\\\/showcase\\\/organisator-das-magazin-fr-kmu\",\"https:\\\/\\\/www.xing.com\\\/news\\\/pages\\\/organisator-ch-695\",\"https:\\\/\\\/www.youtube.com\\\/channel\\\/UCGP2Sq0iWaZwT3BdIAQFYpw\"]},{\"@type\":\"Person\",\"@id\":\"https:\\\/\\\/www.organisator.ch\\\/#\\\/schema\\\/person\\\/6f650f90b2842cd4c0cc334b4e36f67e\",\"name\":\"thomas.berner\",\"image\":{\"@type\":\"ImageObject\",\"inLanguage\":\"en-US\",\"@id\":\"https:\\\/\\\/secure.gravatar.com\\\/avatar\\\/ac5001d2a36cb6c6cd3e50789007ffca834b477b74a2144564522e944eabff61?s=96&d=mm&r=g\",\"url\":\"https:\\\/\\\/secure.gravatar.com\\\/avatar\\\/ac5001d2a36cb6c6cd3e50789007ffca834b477b74a2144564522e944eabff61?s=96&d=mm&r=g\",\"contentUrl\":\"https:\\\/\\\/secure.gravatar.com\\\/avatar\\\/ac5001d2a36cb6c6cd3e50789007ffca834b477b74a2144564522e944eabff61?s=96&d=mm&r=g\",\"caption\":\"thomas.berner\"},\"url\":\"https:\\\/\\\/www.organisator.ch\\\/en\\\/author\\\/thomas-berner\\\/\"}]}<\/script>\n<!-- \/ Yoast SEO plugin. -->","yoast_head_json":{"title":"Seven theses on the consequences of Corona for SMEs - Organizer","description":"Numerous companies and entire industries fear for their existence because of the consequences of Corona and are put to the test every day.","robots":{"index":"index","follow":"follow","max-snippet":"max-snippet:-1","max-image-preview":"max-image-preview:large","max-video-preview":"max-video-preview:-1"},"canonical":"https:\/\/www.organisator.ch\/en\/marketing\/2020-07-27\/sieben-thesen-zu-den-folgen-von-corona-fuer-die-kmu\/","og_locale":"en_US","og_type":"article","og_title":"Sieben Thesen zu den Folgen von Corona f\u00fcr die KMU","og_description":"Zahlreiche Unternehmen und ganze Branchen bangen wegen der Folgen von Corona um ihre Existenz und werden tagt\u00e4glich auf den Pr\u00fcfstand gestellt.","og_url":"https:\/\/www.organisator.ch\/en\/marketing\/2020-07-27\/sieben-thesen-zu-den-folgen-von-corona-fuer-die-kmu\/","og_site_name":"Organisator","article_publisher":"https:\/\/www.facebook.com\/OrganisatorFachmagazin","article_published_time":"2020-07-27T06:20:36+00:00","og_image":[{"width":680,"height":382,"url":"https:\/\/www.organisator.ch\/wp-content\/uploads\/2020\/07\/Sieben-Thesen-zu-den-Folgen-von-Corona-fuer-die-KMU_Organisator.jpg","type":"image\/jpeg"}],"author":"thomas.berner","twitter_card":"summary_large_image","twitter_title":"Sieben #Thesen zu den Folgen von #Corona f\u00fcr die #KMU","twitter_description":"Zahlreiche Unternehmen und ganze Branchen bangen wegen der Folgen von #Corona um ihre #Existenz und werden tagt\u00e4glich auf den Pr\u00fcfstand gestellt.","twitter_image":"https:\/\/www.organisator.ch\/wp-content\/uploads\/2020\/07\/Sieben-Thesen-zu-den-Folgen-von-Corona-fuer-die-KMU_Organisator.jpg","schema":{"@context":"https:\/\/schema.org","@graph":[{"@type":"Article","@id":"https:\/\/www.organisator.ch\/marketing\/2020-07-27\/sieben-thesen-zu-den-folgen-von-corona-fuer-die-kmu\/#article","isPartOf":{"@id":"https:\/\/www.organisator.ch\/marketing\/2020-07-27\/sieben-thesen-zu-den-folgen-von-corona-fuer-die-kmu\/"},"author":{"name":"thomas.berner","@id":"https:\/\/www.organisator.ch\/#\/schema\/person\/6f650f90b2842cd4c0cc334b4e36f67e"},"headline":"Sieben Thesen zu den Folgen von Corona f\u00fcr die KMU","datePublished":"2020-07-27T06:20:36+00:00","mainEntityOfPage":{"@id":"https:\/\/www.organisator.ch\/marketing\/2020-07-27\/sieben-thesen-zu-den-folgen-von-corona-fuer-die-kmu\/"},"wordCount":931,"publisher":{"@id":"https:\/\/www.organisator.ch\/#organization"},"image":{"@id":"https:\/\/www.organisator.ch\/marketing\/2020-07-27\/sieben-thesen-zu-den-folgen-von-corona-fuer-die-kmu\/#primaryimage"},"thumbnailUrl":"https:\/\/www.organisator.ch\/wp-content\/uploads\/2020\/07\/Sieben-Thesen-zu-den-Folgen-von-Corona-fuer-die-KMU_Organisator.jpg","keywords":["Coronavirus","Management und Unternehmensf\u00fchrung","Marketing"],"articleSection":["MARKETING"],"inLanguage":"en-US"},{"@type":"WebPage","@id":"https:\/\/www.organisator.ch\/marketing\/2020-07-27\/sieben-thesen-zu-den-folgen-von-corona-fuer-die-kmu\/","url":"https:\/\/www.organisator.ch\/marketing\/2020-07-27\/sieben-thesen-zu-den-folgen-von-corona-fuer-die-kmu\/","name":"Seven theses on the consequences of Corona for SMEs - Organizer","isPartOf":{"@id":"https:\/\/www.organisator.ch\/#website"},"primaryImageOfPage":{"@id":"https:\/\/www.organisator.ch\/marketing\/2020-07-27\/sieben-thesen-zu-den-folgen-von-corona-fuer-die-kmu\/#primaryimage"},"image":{"@id":"https:\/\/www.organisator.ch\/marketing\/2020-07-27\/sieben-thesen-zu-den-folgen-von-corona-fuer-die-kmu\/#primaryimage"},"thumbnailUrl":"https:\/\/www.organisator.ch\/wp-content\/uploads\/2020\/07\/Sieben-Thesen-zu-den-Folgen-von-Corona-fuer-die-KMU_Organisator.jpg","datePublished":"2020-07-27T06:20:36+00:00","description":"Numerous companies and entire industries fear for their existence because of the consequences of Corona and are put to the test every day.","breadcrumb":{"@id":"https:\/\/www.organisator.ch\/marketing\/2020-07-27\/sieben-thesen-zu-den-folgen-von-corona-fuer-die-kmu\/#breadcrumb"},"inLanguage":"en-US","potentialAction":[{"@type":"ReadAction","target":["https:\/\/www.organisator.ch\/marketing\/2020-07-27\/sieben-thesen-zu-den-folgen-von-corona-fuer-die-kmu\/"]}]},{"@type":"ImageObject","inLanguage":"en-US","@id":"https:\/\/www.organisator.ch\/marketing\/2020-07-27\/sieben-thesen-zu-den-folgen-von-corona-fuer-die-kmu\/#primaryimage","url":"https:\/\/www.organisator.ch\/wp-content\/uploads\/2020\/07\/Sieben-Thesen-zu-den-Folgen-von-Corona-fuer-die-KMU_Organisator.jpg","contentUrl":"https:\/\/www.organisator.ch\/wp-content\/uploads\/2020\/07\/Sieben-Thesen-zu-den-Folgen-von-Corona-fuer-die-KMU_Organisator.jpg","width":680,"height":382,"caption":"Peter F. Schmid \u00e4ussert sieben Thesen zu den Folgen von Corona f\u00fcr KMU. (Bild: Visable)"},{"@type":"BreadcrumbList","@id":"https:\/\/www.organisator.ch\/marketing\/2020-07-27\/sieben-thesen-zu-den-folgen-von-corona-fuer-die-kmu\/#breadcrumb","itemListElement":[{"@type":"ListItem","position":1,"name":"Home","item":"https:\/\/www.organisator.ch\/"},{"@type":"ListItem","position":2,"name":"Sieben Thesen zu den Folgen von Corona f\u00fcr die KMU"}]},{"@type":"WebSite","@id":"https:\/\/www.organisator.ch\/#website","url":"https:\/\/www.organisator.ch\/","name":"Organizer","description":"Competent. Practical. In 10 issues per year, ORGANISATOR presents the essential topics for managers of SMEs.","publisher":{"@id":"https:\/\/www.organisator.ch\/#organization"},"potentialAction":[{"@type":"SearchAction","target":{"@type":"EntryPoint","urlTemplate":"https:\/\/www.organisator.ch\/?s={search_term_string}"},"query-input":{"@type":"PropertyValueSpecification","valueRequired":true,"valueName":"search_term_string"}}],"inLanguage":"en-US"},{"@type":"Organization","@id":"https:\/\/www.organisator.ch\/#organization","name":"Organizer","url":"https:\/\/www.organisator.ch\/","logo":{"@type":"ImageObject","inLanguage":"en-US","@id":"https:\/\/www.organisator.ch\/#\/schema\/logo\/image\/","url":"https:\/\/www.organisator.ch\/wp-content\/uploads\/2022\/01\/Logo_Organisator_Website.png","contentUrl":"https:\/\/www.organisator.ch\/wp-content\/uploads\/2022\/01\/Logo_Organisator_Website.png","width":800,"height":77,"caption":"Organisator"},"image":{"@id":"https:\/\/www.organisator.ch\/#\/schema\/logo\/image\/"},"sameAs":["https:\/\/www.facebook.com\/OrganisatorFachmagazin","https:\/\/www.linkedin.com\/showcase\/organisator-das-magazin-fr-kmu","https:\/\/www.xing.com\/news\/pages\/organisator-ch-695","https:\/\/www.youtube.com\/channel\/UCGP2Sq0iWaZwT3BdIAQFYpw"]},{"@type":"Person","@id":"https:\/\/www.organisator.ch\/#\/schema\/person\/6f650f90b2842cd4c0cc334b4e36f67e","name":"thomas.berner","image":{"@type":"ImageObject","inLanguage":"en-US","@id":"https:\/\/secure.gravatar.com\/avatar\/ac5001d2a36cb6c6cd3e50789007ffca834b477b74a2144564522e944eabff61?s=96&d=mm&r=g","url":"https:\/\/secure.gravatar.com\/avatar\/ac5001d2a36cb6c6cd3e50789007ffca834b477b74a2144564522e944eabff61?s=96&d=mm&r=g","contentUrl":"https:\/\/secure.gravatar.com\/avatar\/ac5001d2a36cb6c6cd3e50789007ffca834b477b74a2144564522e944eabff61?s=96&d=mm&r=g","caption":"thomas.berner"},"url":"https:\/\/www.organisator.ch\/en\/author\/thomas-berner\/"}]}},"_links":{"self":[{"href":"https:\/\/www.organisator.ch\/en\/wp-json\/wp\/v2\/posts\/6967","targetHints":{"allow":["GET"]}}],"collection":[{"href":"https:\/\/www.organisator.ch\/en\/wp-json\/wp\/v2\/posts"}],"about":[{"href":"https:\/\/www.organisator.ch\/en\/wp-json\/wp\/v2\/types\/post"}],"author":[{"embeddable":true,"href":"https:\/\/www.organisator.ch\/en\/wp-json\/wp\/v2\/users\/4"}],"replies":[{"embeddable":true,"href":"https:\/\/www.organisator.ch\/en\/wp-json\/wp\/v2\/comments?post=6967"}],"version-history":[{"count":0,"href":"https:\/\/www.organisator.ch\/en\/wp-json\/wp\/v2\/posts\/6967\/revisions"}],"wp:featuredmedia":[{"embeddable":true,"href":"https:\/\/www.organisator.ch\/en\/wp-json\/wp\/v2\/media\/6968"}],"wp:attachment":[{"href":"https:\/\/www.organisator.ch\/en\/wp-json\/wp\/v2\/media?parent=6967"}],"wp:term":[{"taxonomy":"category","embeddable":true,"href":"https:\/\/www.organisator.ch\/en\/wp-json\/wp\/v2\/categories?post=6967"},{"taxonomy":"post_tag","embeddable":true,"href":"https:\/\/www.organisator.ch\/en\/wp-json\/wp\/v2\/tags?post=6967"}],"curies":[{"name":"wp","href":"https:\/\/api.w.org\/{rel}","templated":true}]}}