{"id":6970,"date":"2020-07-27T08:42:32","date_gmt":"2020-07-27T06:42:32","guid":{"rendered":"https:\/\/www.organisator.ch\/?p=6970"},"modified":"2020-07-27T08:42:32","modified_gmt":"2020-07-27T06:42:32","slug":"erfolgs-impuls-wir-sind-erstaunlich-wandlungsfaehig","status":"publish","type":"post","link":"https:\/\/www.organisator.ch\/en\/management\/2020-07-27\/erfolgs-impuls-wir-sind-erstaunlich-wandlungsfaehig\/","title":{"rendered":"Success impulse: We are amazingly versatile"},"content":{"rendered":"<figure id=\"attachment_6972\" aria-describedby=\"caption-attachment-6972\" style=\"width: 680px\" class=\"wp-caption alignnone\"><img loading=\"lazy\" decoding=\"async\" class=\"size-medium wp-image-6972\" src=\"https:\/\/www.organisator.ch\/wp-content\/uploads\/2020\/07\/Erfolgs-Impuls-Wir-sind-erstaunlich-wandlungsfaehig_Organisator.jpg\" alt=\"\" width=\"680\" height=\"453\" srcset=\"https:\/\/www.organisator.ch\/wp-content\/uploads\/2020\/07\/Erfolgs-Impuls-Wir-sind-erstaunlich-wandlungsfaehig_Organisator.jpg 680w, https:\/\/www.organisator.ch\/wp-content\/uploads\/2020\/07\/Erfolgs-Impuls-Wir-sind-erstaunlich-wandlungsfaehig_Organisator-16x12.jpg 16w, https:\/\/www.organisator.ch\/wp-content\/uploads\/2020\/07\/Erfolgs-Impuls-Wir-sind-erstaunlich-wandlungsfaehig_Organisator-263x175.jpg 263w, https:\/\/www.organisator.ch\/wp-content\/uploads\/2020\/07\/Erfolgs-Impuls-Wir-sind-erstaunlich-wandlungsfaehig_Organisator-525x350.jpg 525w, https:\/\/www.organisator.ch\/wp-content\/uploads\/2020\/07\/Erfolgs-Impuls-Wir-sind-erstaunlich-wandlungsfaehig_Organisator-300x200.jpg 300w\" sizes=\"auto, (max-width: 680px) 100vw, 680px\" \/><figcaption id=\"caption-attachment-6972\" class=\"wp-caption-text\">Corona shows: Humans are very versatile, but they usually only change when pressured to do so. (Image: Pixabay.com)<\/figcaption><\/figure>\n<p>Let's be honest: if I had predicted to you a year ago that people from the USA would no longer be allowed to enter the EU, would you have believed me? Or that we would only be allowed on trains wearing masks? Or that it is clear that no one knows where we will stand economically at the end of the year?<\/p>\n<h2>Collectively versatile<\/h2>\n<p>Well, now we're in the middle of it - and you're probably feeling something like me: somehow it's still going ahead, sometimes not even badly. And what was unimaginable yesterday is now the new normal. And that's exactly why we as a human species have made it this far (for better or worse) despite very unfavorable physical conditions: we are collectively and consciously extremely adaptable and changeable.<\/p>\n<h2>Areas with potential for change<\/h2>\n<p>Here comes the point for you as a leader or CEO: we are good at adapting due to constraints, but we are bad at anticipating change. This is exactly the problem with any strategy implementation or culture change: if people don't FEEL the absolute need (ie: emotionally), they won't change. Here are three areas where I keep seeing enormous potential for faster and more consistent change:<\/p>\n<ol>\n<li><strong>Business models<\/strong><br \/>\nCorporate graveyards are full of companies that believed their business model would last for all time. Only to be swept away, often within a few years. Why is it so hard to change business models or generate new ones? I see two main reasons: First, too few know how to do it (test: ask members of your leadership team individually what business model your company is currently practicing; you will get many different answers - if any). And second, the existing is much more convenient and seemingly safer after all.<\/li>\n<li><strong>Winning Team Culture<\/strong><br \/>\nOur culture is mostly what keeps us in the comfort zone. Few companies manage to create a culture of discomfort where there is ongoing development, some of which is exhausting. You need the right mindset for that. You can work on that. Or better: you HAVE to work on it. And on an ongoing basis. In any case, I see very few SMEs that consciously shape their culture.<\/li>\n<li><strong>Customer loyalty<\/strong><br \/>\nIt is astonishing that there is still considerable potential for better customer retention in most companies, even though there are dozens of books and courses on the subject. This, too, has more to do with inner attitude than with processes.<\/li>\n<\/ol>\n<p>In all these areas, what you consider normal today may be obsolete tomorrow. I recommend that you continuously review these issues with your management team. This is the most important leadership task.<\/p>\n<p><i><strong>To the author:<\/strong><br \/>\n<\/i><em>Volkmar V\u00f6lzke is a success maximizer. Book author. Consultant. Coach. Speaker. <a href=\"http:\/\/www.volkmarvoelzke.ch\/\">www.volkmarvoelzke.ch<\/a><\/em><\/p>","protected":false},"excerpt":{"rendered":"<p>Mal ehrlich: wenn ich Ihnen vor einem Jahr prognostiziert h\u00e4tte, dass Leute aus den USA nicht mehr in die EU einreisen d\u00fcrfen, h\u00e4tten Sie mir geglaubt? Oder dass wir in Z\u00fcge nur noch mit Masken d\u00fcrfen? Oder dass es klar ist, dass keiner weiss, wo wir wirtschaftlich Ende des Jahres stehen werden? Kollektiv wandlungsf\u00e4hig Nun, [&hellip;]<\/p>\n","protected":false},"author":4,"featured_media":6972,"comment_status":"closed","ping_status":"closed","sticky":false,"template":"","format":"standard","meta":{"_acf_changed":false,"_yoast_wpseo_focuskw":"wandlungsf\u00e4hig","_yoast_wpseo_metadesc":"Der Mensch ist wandlungsf\u00e4hig und kann sich schnell an neue Normalit\u00e4ten anpassen. Aber er ist nicht gut im vorausschauenden Wandel.","articlekey":"","footnotes":""},"categories":[28],"tags":[115,132,177,335],"class_list":["post-6970","post","type-post","status-publish","format-standard","has-post-thumbnail","hentry","category-management","tag-checklisten","tag-coronavirus","tag-erfolgs-impuls","tag-management-und-unternehmensfuehrung"],"acf":[],"yoast_head":"<!-- This site is optimized with the Yoast SEO plugin v27.5 - https:\/\/yoast.com\/product\/yoast-seo-wordpress\/ -->\n<title>Erfolgs-Impuls: Wir sind erstaunlich wandlungsf\u00e4hig - Organisator<\/title>\n<meta name=\"description\" content=\"Der Mensch ist wandlungsf\u00e4hig und kann sich schnell an neue Normalit\u00e4ten anpassen. Aber er ist nicht gut im vorausschauenden Wandel.\" \/>\n<meta name=\"robots\" content=\"index, follow, max-snippet:-1, max-image-preview:large, max-video-preview:-1\" \/>\n<link rel=\"canonical\" href=\"https:\/\/www.organisator.ch\/en\/management\/2020-07-27\/erfolgs-impuls-wir-sind-erstaunlich-wandlungsfaehig\/\" \/>\n<meta property=\"og:locale\" content=\"en_US\" \/>\n<meta property=\"og:type\" content=\"article\" \/>\n<meta property=\"og:title\" content=\"Erfolgs-Impuls: Wir sind erstaunlich wandlungsf\u00e4hig\" \/>\n<meta property=\"og:description\" content=\"Der Mensch ist wandlungsf\u00e4hig und kann sich schnell an neue Normalit\u00e4ten anpassen. Aber er ist nicht gut im vorausschauenden Wandel.\" \/>\n<meta property=\"og:url\" content=\"https:\/\/www.organisator.ch\/en\/management\/2020-07-27\/erfolgs-impuls-wir-sind-erstaunlich-wandlungsfaehig\/\" \/>\n<meta property=\"og:site_name\" content=\"Organisator\" \/>\n<meta property=\"article:publisher\" content=\"https:\/\/www.facebook.com\/OrganisatorFachmagazin\" \/>\n<meta property=\"article:published_time\" content=\"2020-07-27T06:42:32+00:00\" \/>\n<meta property=\"og:image\" content=\"https:\/\/www.organisator.ch\/wp-content\/uploads\/2020\/07\/Erfolgs-Impuls-Wir-sind-erstaunlich-wandlungsfaehig_Organisator.jpg\" \/>\n\t<meta property=\"og:image:width\" content=\"680\" \/>\n\t<meta property=\"og:image:height\" content=\"453\" \/>\n\t<meta property=\"og:image:type\" content=\"image\/jpeg\" \/>\n<meta name=\"author\" content=\"thomas.berner\" \/>\n<meta name=\"twitter:card\" content=\"summary_large_image\" \/>\n<meta name=\"twitter:title\" content=\"#Erfolgs-Impuls: Wir sind erstaunlich #wandlungsf\u00e4hig\" \/>\n<meta name=\"twitter:description\" content=\"Der Mensch ist #wandlungsf\u00e4hig und kann sich schnell an neue #Normalit\u00e4ten anpassen. Aber er ist nicht gut im vorausschauenden #Wandel.\" \/>\n<meta name=\"twitter:image\" content=\"https:\/\/www.organisator.ch\/wp-content\/uploads\/2020\/07\/Erfolgs-Impuls-Wir-sind-erstaunlich-wandlungsfaehig_Organisator.jpg\" \/>\n<script type=\"application\/ld+json\" class=\"yoast-schema-graph\">{\"@context\":\"https:\\\/\\\/schema.org\",\"@graph\":[{\"@type\":\"Article\",\"@id\":\"https:\\\/\\\/www.organisator.ch\\\/management\\\/2020-07-27\\\/erfolgs-impuls-wir-sind-erstaunlich-wandlungsfaehig\\\/#article\",\"isPartOf\":{\"@id\":\"https:\\\/\\\/www.organisator.ch\\\/management\\\/2020-07-27\\\/erfolgs-impuls-wir-sind-erstaunlich-wandlungsfaehig\\\/\"},\"author\":{\"name\":\"thomas.berner\",\"@id\":\"https:\\\/\\\/www.organisator.ch\\\/#\\\/schema\\\/person\\\/6f650f90b2842cd4c0cc334b4e36f67e\"},\"headline\":\"Erfolgs-Impuls: Wir sind erstaunlich wandlungsf\u00e4hig\",\"datePublished\":\"2020-07-27T06:42:32+00:00\",\"mainEntityOfPage\":{\"@id\":\"https:\\\/\\\/www.organisator.ch\\\/management\\\/2020-07-27\\\/erfolgs-impuls-wir-sind-erstaunlich-wandlungsfaehig\\\/\"},\"wordCount\":493,\"publisher\":{\"@id\":\"https:\\\/\\\/www.organisator.ch\\\/#organization\"},\"image\":{\"@id\":\"https:\\\/\\\/www.organisator.ch\\\/management\\\/2020-07-27\\\/erfolgs-impuls-wir-sind-erstaunlich-wandlungsfaehig\\\/#primaryimage\"},\"thumbnailUrl\":\"https:\\\/\\\/www.organisator.ch\\\/wp-content\\\/uploads\\\/2020\\\/07\\\/Erfolgs-Impuls-Wir-sind-erstaunlich-wandlungsfaehig_Organisator.jpg\",\"keywords\":[\"Checklisten\",\"Coronavirus\",\"Erfolgs-Impuls\",\"Management und Unternehmensf\u00fchrung\"],\"articleSection\":[\"MANAGEMENT\"],\"inLanguage\":\"en-US\"},{\"@type\":\"WebPage\",\"@id\":\"https:\\\/\\\/www.organisator.ch\\\/management\\\/2020-07-27\\\/erfolgs-impuls-wir-sind-erstaunlich-wandlungsfaehig\\\/\",\"url\":\"https:\\\/\\\/www.organisator.ch\\\/management\\\/2020-07-27\\\/erfolgs-impuls-wir-sind-erstaunlich-wandlungsfaehig\\\/\",\"name\":\"Erfolgs-Impuls: Wir sind erstaunlich wandlungsf\u00e4hig - Organisator\",\"isPartOf\":{\"@id\":\"https:\\\/\\\/www.organisator.ch\\\/#website\"},\"primaryImageOfPage\":{\"@id\":\"https:\\\/\\\/www.organisator.ch\\\/management\\\/2020-07-27\\\/erfolgs-impuls-wir-sind-erstaunlich-wandlungsfaehig\\\/#primaryimage\"},\"image\":{\"@id\":\"https:\\\/\\\/www.organisator.ch\\\/management\\\/2020-07-27\\\/erfolgs-impuls-wir-sind-erstaunlich-wandlungsfaehig\\\/#primaryimage\"},\"thumbnailUrl\":\"https:\\\/\\\/www.organisator.ch\\\/wp-content\\\/uploads\\\/2020\\\/07\\\/Erfolgs-Impuls-Wir-sind-erstaunlich-wandlungsfaehig_Organisator.jpg\",\"datePublished\":\"2020-07-27T06:42:32+00:00\",\"description\":\"Der Mensch ist wandlungsf\u00e4hig und kann sich schnell an neue Normalit\u00e4ten anpassen. Aber er ist nicht gut im vorausschauenden Wandel.\",\"breadcrumb\":{\"@id\":\"https:\\\/\\\/www.organisator.ch\\\/management\\\/2020-07-27\\\/erfolgs-impuls-wir-sind-erstaunlich-wandlungsfaehig\\\/#breadcrumb\"},\"inLanguage\":\"en-US\",\"potentialAction\":[{\"@type\":\"ReadAction\",\"target\":[\"https:\\\/\\\/www.organisator.ch\\\/management\\\/2020-07-27\\\/erfolgs-impuls-wir-sind-erstaunlich-wandlungsfaehig\\\/\"]}]},{\"@type\":\"ImageObject\",\"inLanguage\":\"en-US\",\"@id\":\"https:\\\/\\\/www.organisator.ch\\\/management\\\/2020-07-27\\\/erfolgs-impuls-wir-sind-erstaunlich-wandlungsfaehig\\\/#primaryimage\",\"url\":\"https:\\\/\\\/www.organisator.ch\\\/wp-content\\\/uploads\\\/2020\\\/07\\\/Erfolgs-Impuls-Wir-sind-erstaunlich-wandlungsfaehig_Organisator.jpg\",\"contentUrl\":\"https:\\\/\\\/www.organisator.ch\\\/wp-content\\\/uploads\\\/2020\\\/07\\\/Erfolgs-Impuls-Wir-sind-erstaunlich-wandlungsfaehig_Organisator.jpg\",\"width\":680,\"height\":453,\"caption\":\"Corona zeigt: Der Mensch ist zwar sehr wandlungsf\u00e4hig, doch \u00e4ndern tut er sich zumeist nur auf Druck hin. (Bild: Pixabay.com)\"},{\"@type\":\"BreadcrumbList\",\"@id\":\"https:\\\/\\\/www.organisator.ch\\\/management\\\/2020-07-27\\\/erfolgs-impuls-wir-sind-erstaunlich-wandlungsfaehig\\\/#breadcrumb\",\"itemListElement\":[{\"@type\":\"ListItem\",\"position\":1,\"name\":\"Home\",\"item\":\"https:\\\/\\\/www.organisator.ch\\\/\"},{\"@type\":\"ListItem\",\"position\":2,\"name\":\"Erfolgs-Impuls: Wir sind erstaunlich wandlungsf\u00e4hig\"}]},{\"@type\":\"WebSite\",\"@id\":\"https:\\\/\\\/www.organisator.ch\\\/#website\",\"url\":\"https:\\\/\\\/www.organisator.ch\\\/\",\"name\":\"Organisator\",\"description\":\"Kompetent. Praxisnah. Der ORGANISATOR bereitet in 10 Ausgaben pro Jahr die wesentlichen Themen f\u00fcr F\u00fchrungskr\u00e4fte von KMU auf.\",\"publisher\":{\"@id\":\"https:\\\/\\\/www.organisator.ch\\\/#organization\"},\"potentialAction\":[{\"@type\":\"SearchAction\",\"target\":{\"@type\":\"EntryPoint\",\"urlTemplate\":\"https:\\\/\\\/www.organisator.ch\\\/?s={search_term_string}\"},\"query-input\":{\"@type\":\"PropertyValueSpecification\",\"valueRequired\":true,\"valueName\":\"search_term_string\"}}],\"inLanguage\":\"en-US\"},{\"@type\":\"Organization\",\"@id\":\"https:\\\/\\\/www.organisator.ch\\\/#organization\",\"name\":\"Organisator\",\"url\":\"https:\\\/\\\/www.organisator.ch\\\/\",\"logo\":{\"@type\":\"ImageObject\",\"inLanguage\":\"en-US\",\"@id\":\"https:\\\/\\\/www.organisator.ch\\\/#\\\/schema\\\/logo\\\/image\\\/\",\"url\":\"https:\\\/\\\/www.organisator.ch\\\/wp-content\\\/uploads\\\/2022\\\/01\\\/Logo_Organisator_Website.png\",\"contentUrl\":\"https:\\\/\\\/www.organisator.ch\\\/wp-content\\\/uploads\\\/2022\\\/01\\\/Logo_Organisator_Website.png\",\"width\":800,\"height\":77,\"caption\":\"Organisator\"},\"image\":{\"@id\":\"https:\\\/\\\/www.organisator.ch\\\/#\\\/schema\\\/logo\\\/image\\\/\"},\"sameAs\":[\"https:\\\/\\\/www.facebook.com\\\/OrganisatorFachmagazin\",\"https:\\\/\\\/www.linkedin.com\\\/showcase\\\/organisator-das-magazin-fr-kmu\",\"https:\\\/\\\/www.xing.com\\\/news\\\/pages\\\/organisator-ch-695\",\"https:\\\/\\\/www.youtube.com\\\/channel\\\/UCGP2Sq0iWaZwT3BdIAQFYpw\"]},{\"@type\":\"Person\",\"@id\":\"https:\\\/\\\/www.organisator.ch\\\/#\\\/schema\\\/person\\\/6f650f90b2842cd4c0cc334b4e36f67e\",\"name\":\"thomas.berner\",\"image\":{\"@type\":\"ImageObject\",\"inLanguage\":\"en-US\",\"@id\":\"https:\\\/\\\/secure.gravatar.com\\\/avatar\\\/ac5001d2a36cb6c6cd3e50789007ffca834b477b74a2144564522e944eabff61?s=96&d=mm&r=g\",\"url\":\"https:\\\/\\\/secure.gravatar.com\\\/avatar\\\/ac5001d2a36cb6c6cd3e50789007ffca834b477b74a2144564522e944eabff61?s=96&d=mm&r=g\",\"contentUrl\":\"https:\\\/\\\/secure.gravatar.com\\\/avatar\\\/ac5001d2a36cb6c6cd3e50789007ffca834b477b74a2144564522e944eabff61?s=96&d=mm&r=g\",\"caption\":\"thomas.berner\"},\"url\":\"https:\\\/\\\/www.organisator.ch\\\/en\\\/author\\\/thomas-berner\\\/\"}]}<\/script>\n<!-- \/ Yoast SEO plugin. -->","yoast_head_json":{"title":"Success impulse: We are amazingly versatile - Organizer","description":"Man is capable of change and can adapt quickly to new normalities. But he is not good at anticipatory change.","robots":{"index":"index","follow":"follow","max-snippet":"max-snippet:-1","max-image-preview":"max-image-preview:large","max-video-preview":"max-video-preview:-1"},"canonical":"https:\/\/www.organisator.ch\/en\/management\/2020-07-27\/erfolgs-impuls-wir-sind-erstaunlich-wandlungsfaehig\/","og_locale":"en_US","og_type":"article","og_title":"Erfolgs-Impuls: Wir sind erstaunlich wandlungsf\u00e4hig","og_description":"Der Mensch ist wandlungsf\u00e4hig und kann sich schnell an neue Normalit\u00e4ten anpassen. Aber er ist nicht gut im vorausschauenden Wandel.","og_url":"https:\/\/www.organisator.ch\/en\/management\/2020-07-27\/erfolgs-impuls-wir-sind-erstaunlich-wandlungsfaehig\/","og_site_name":"Organisator","article_publisher":"https:\/\/www.facebook.com\/OrganisatorFachmagazin","article_published_time":"2020-07-27T06:42:32+00:00","og_image":[{"width":680,"height":453,"url":"https:\/\/www.organisator.ch\/wp-content\/uploads\/2020\/07\/Erfolgs-Impuls-Wir-sind-erstaunlich-wandlungsfaehig_Organisator.jpg","type":"image\/jpeg"}],"author":"thomas.berner","twitter_card":"summary_large_image","twitter_title":"#Erfolgs-Impuls: Wir sind erstaunlich #wandlungsf\u00e4hig","twitter_description":"Der Mensch ist #wandlungsf\u00e4hig und kann sich schnell an neue #Normalit\u00e4ten anpassen. Aber er ist nicht gut im vorausschauenden #Wandel.","twitter_image":"https:\/\/www.organisator.ch\/wp-content\/uploads\/2020\/07\/Erfolgs-Impuls-Wir-sind-erstaunlich-wandlungsfaehig_Organisator.jpg","schema":{"@context":"https:\/\/schema.org","@graph":[{"@type":"Article","@id":"https:\/\/www.organisator.ch\/management\/2020-07-27\/erfolgs-impuls-wir-sind-erstaunlich-wandlungsfaehig\/#article","isPartOf":{"@id":"https:\/\/www.organisator.ch\/management\/2020-07-27\/erfolgs-impuls-wir-sind-erstaunlich-wandlungsfaehig\/"},"author":{"name":"thomas.berner","@id":"https:\/\/www.organisator.ch\/#\/schema\/person\/6f650f90b2842cd4c0cc334b4e36f67e"},"headline":"Erfolgs-Impuls: Wir sind erstaunlich wandlungsf\u00e4hig","datePublished":"2020-07-27T06:42:32+00:00","mainEntityOfPage":{"@id":"https:\/\/www.organisator.ch\/management\/2020-07-27\/erfolgs-impuls-wir-sind-erstaunlich-wandlungsfaehig\/"},"wordCount":493,"publisher":{"@id":"https:\/\/www.organisator.ch\/#organization"},"image":{"@id":"https:\/\/www.organisator.ch\/management\/2020-07-27\/erfolgs-impuls-wir-sind-erstaunlich-wandlungsfaehig\/#primaryimage"},"thumbnailUrl":"https:\/\/www.organisator.ch\/wp-content\/uploads\/2020\/07\/Erfolgs-Impuls-Wir-sind-erstaunlich-wandlungsfaehig_Organisator.jpg","keywords":["Checklisten","Coronavirus","Erfolgs-Impuls","Management und Unternehmensf\u00fchrung"],"articleSection":["MANAGEMENT"],"inLanguage":"en-US"},{"@type":"WebPage","@id":"https:\/\/www.organisator.ch\/management\/2020-07-27\/erfolgs-impuls-wir-sind-erstaunlich-wandlungsfaehig\/","url":"https:\/\/www.organisator.ch\/management\/2020-07-27\/erfolgs-impuls-wir-sind-erstaunlich-wandlungsfaehig\/","name":"Success impulse: We are amazingly versatile - Organizer","isPartOf":{"@id":"https:\/\/www.organisator.ch\/#website"},"primaryImageOfPage":{"@id":"https:\/\/www.organisator.ch\/management\/2020-07-27\/erfolgs-impuls-wir-sind-erstaunlich-wandlungsfaehig\/#primaryimage"},"image":{"@id":"https:\/\/www.organisator.ch\/management\/2020-07-27\/erfolgs-impuls-wir-sind-erstaunlich-wandlungsfaehig\/#primaryimage"},"thumbnailUrl":"https:\/\/www.organisator.ch\/wp-content\/uploads\/2020\/07\/Erfolgs-Impuls-Wir-sind-erstaunlich-wandlungsfaehig_Organisator.jpg","datePublished":"2020-07-27T06:42:32+00:00","description":"Man is capable of change and can adapt quickly to new normalities. But he is not good at anticipatory change.","breadcrumb":{"@id":"https:\/\/www.organisator.ch\/management\/2020-07-27\/erfolgs-impuls-wir-sind-erstaunlich-wandlungsfaehig\/#breadcrumb"},"inLanguage":"en-US","potentialAction":[{"@type":"ReadAction","target":["https:\/\/www.organisator.ch\/management\/2020-07-27\/erfolgs-impuls-wir-sind-erstaunlich-wandlungsfaehig\/"]}]},{"@type":"ImageObject","inLanguage":"en-US","@id":"https:\/\/www.organisator.ch\/management\/2020-07-27\/erfolgs-impuls-wir-sind-erstaunlich-wandlungsfaehig\/#primaryimage","url":"https:\/\/www.organisator.ch\/wp-content\/uploads\/2020\/07\/Erfolgs-Impuls-Wir-sind-erstaunlich-wandlungsfaehig_Organisator.jpg","contentUrl":"https:\/\/www.organisator.ch\/wp-content\/uploads\/2020\/07\/Erfolgs-Impuls-Wir-sind-erstaunlich-wandlungsfaehig_Organisator.jpg","width":680,"height":453,"caption":"Corona zeigt: Der Mensch ist zwar sehr wandlungsf\u00e4hig, doch \u00e4ndern tut er sich zumeist nur auf Druck hin. (Bild: Pixabay.com)"},{"@type":"BreadcrumbList","@id":"https:\/\/www.organisator.ch\/management\/2020-07-27\/erfolgs-impuls-wir-sind-erstaunlich-wandlungsfaehig\/#breadcrumb","itemListElement":[{"@type":"ListItem","position":1,"name":"Home","item":"https:\/\/www.organisator.ch\/"},{"@type":"ListItem","position":2,"name":"Erfolgs-Impuls: Wir sind erstaunlich wandlungsf\u00e4hig"}]},{"@type":"WebSite","@id":"https:\/\/www.organisator.ch\/#website","url":"https:\/\/www.organisator.ch\/","name":"Organizer","description":"Competent. Practical. In 10 issues per year, ORGANISATOR presents the essential topics for managers of SMEs.","publisher":{"@id":"https:\/\/www.organisator.ch\/#organization"},"potentialAction":[{"@type":"SearchAction","target":{"@type":"EntryPoint","urlTemplate":"https:\/\/www.organisator.ch\/?s={search_term_string}"},"query-input":{"@type":"PropertyValueSpecification","valueRequired":true,"valueName":"search_term_string"}}],"inLanguage":"en-US"},{"@type":"Organization","@id":"https:\/\/www.organisator.ch\/#organization","name":"Organizer","url":"https:\/\/www.organisator.ch\/","logo":{"@type":"ImageObject","inLanguage":"en-US","@id":"https:\/\/www.organisator.ch\/#\/schema\/logo\/image\/","url":"https:\/\/www.organisator.ch\/wp-content\/uploads\/2022\/01\/Logo_Organisator_Website.png","contentUrl":"https:\/\/www.organisator.ch\/wp-content\/uploads\/2022\/01\/Logo_Organisator_Website.png","width":800,"height":77,"caption":"Organisator"},"image":{"@id":"https:\/\/www.organisator.ch\/#\/schema\/logo\/image\/"},"sameAs":["https:\/\/www.facebook.com\/OrganisatorFachmagazin","https:\/\/www.linkedin.com\/showcase\/organisator-das-magazin-fr-kmu","https:\/\/www.xing.com\/news\/pages\/organisator-ch-695","https:\/\/www.youtube.com\/channel\/UCGP2Sq0iWaZwT3BdIAQFYpw"]},{"@type":"Person","@id":"https:\/\/www.organisator.ch\/#\/schema\/person\/6f650f90b2842cd4c0cc334b4e36f67e","name":"thomas.berner","image":{"@type":"ImageObject","inLanguage":"en-US","@id":"https:\/\/secure.gravatar.com\/avatar\/ac5001d2a36cb6c6cd3e50789007ffca834b477b74a2144564522e944eabff61?s=96&d=mm&r=g","url":"https:\/\/secure.gravatar.com\/avatar\/ac5001d2a36cb6c6cd3e50789007ffca834b477b74a2144564522e944eabff61?s=96&d=mm&r=g","contentUrl":"https:\/\/secure.gravatar.com\/avatar\/ac5001d2a36cb6c6cd3e50789007ffca834b477b74a2144564522e944eabff61?s=96&d=mm&r=g","caption":"thomas.berner"},"url":"https:\/\/www.organisator.ch\/en\/author\/thomas-berner\/"}]}},"_links":{"self":[{"href":"https:\/\/www.organisator.ch\/en\/wp-json\/wp\/v2\/posts\/6970","targetHints":{"allow":["GET"]}}],"collection":[{"href":"https:\/\/www.organisator.ch\/en\/wp-json\/wp\/v2\/posts"}],"about":[{"href":"https:\/\/www.organisator.ch\/en\/wp-json\/wp\/v2\/types\/post"}],"author":[{"embeddable":true,"href":"https:\/\/www.organisator.ch\/en\/wp-json\/wp\/v2\/users\/4"}],"replies":[{"embeddable":true,"href":"https:\/\/www.organisator.ch\/en\/wp-json\/wp\/v2\/comments?post=6970"}],"version-history":[{"count":0,"href":"https:\/\/www.organisator.ch\/en\/wp-json\/wp\/v2\/posts\/6970\/revisions"}],"wp:featuredmedia":[{"embeddable":true,"href":"https:\/\/www.organisator.ch\/en\/wp-json\/wp\/v2\/media\/6972"}],"wp:attachment":[{"href":"https:\/\/www.organisator.ch\/en\/wp-json\/wp\/v2\/media?parent=6970"}],"wp:term":[{"taxonomy":"category","embeddable":true,"href":"https:\/\/www.organisator.ch\/en\/wp-json\/wp\/v2\/categories?post=6970"},{"taxonomy":"post_tag","embeddable":true,"href":"https:\/\/www.organisator.ch\/en\/wp-json\/wp\/v2\/tags?post=6970"}],"curies":[{"name":"wp","href":"https:\/\/api.w.org\/{rel}","templated":true}]}}