{"id":6983,"date":"2020-07-30T08:20:42","date_gmt":"2020-07-30T06:20:42","guid":{"rendered":"https:\/\/www.organisator.ch\/?p=6983"},"modified":"2020-07-30T08:20:42","modified_gmt":"2020-07-30T06:20:42","slug":"temporaerarbeit-20000-kurzarbeitende-stehen-wohl-vor-der-arbeitslosigkeit","status":"publish","type":"post","link":"https:\/\/www.organisator.ch\/en\/human-resources\/hrm\/2020-07-30\/temporaerarbeit-20000-kurzarbeitende-stehen-wohl-vor-der-arbeitslosigkeit\/","title":{"rendered":"Temporary work: 20000 short-time workers probably face unemployment"},"content":{"rendered":"<figure id=\"attachment_6984\" aria-describedby=\"caption-attachment-6984\" style=\"width: 680px\" class=\"wp-caption alignnone\"><img loading=\"lazy\" decoding=\"async\" class=\"size-medium wp-image-6984\" src=\"https:\/\/www.organisator.ch\/wp-content\/uploads\/2020\/07\/Temporaerarbeit-20000-Kurzarbeitende-stehen-wohl-vor-der-Arbeitslosigkeit_Organisator.jpg\" alt=\"\" width=\"680\" height=\"517\" srcset=\"https:\/\/www.organisator.ch\/wp-content\/uploads\/2020\/07\/Temporaerarbeit-20000-Kurzarbeitende-stehen-wohl-vor-der-Arbeitslosigkeit_Organisator.jpg 680w, https:\/\/www.organisator.ch\/wp-content\/uploads\/2020\/07\/Temporaerarbeit-20000-Kurzarbeitende-stehen-wohl-vor-der-Arbeitslosigkeit_Organisator-16x12.jpg 16w, https:\/\/www.organisator.ch\/wp-content\/uploads\/2020\/07\/Temporaerarbeit-20000-Kurzarbeitende-stehen-wohl-vor-der-Arbeitslosigkeit_Organisator-230x175.jpg 230w, https:\/\/www.organisator.ch\/wp-content\/uploads\/2020\/07\/Temporaerarbeit-20000-Kurzarbeitende-stehen-wohl-vor-der-Arbeitslosigkeit_Organisator-460x350.jpg 460w, https:\/\/www.organisator.ch\/wp-content\/uploads\/2020\/07\/Temporaerarbeit-20000-Kurzarbeitende-stehen-wohl-vor-der-Arbeitslosigkeit_Organisator-300x228.jpg 300w\" sizes=\"auto, (max-width: 680px) 100vw, 680px\" \/><figcaption id=\"caption-attachment-6984\" class=\"wp-caption-text\">The Swiss Staffing Index reports a 22.8 percent drop in temporary staffing. 20,000 short-time workers are threatened with unemployment. (Graphic: obs\/swissstaffing - Association of Personnel Service Providers in Switzerland)<\/figcaption><\/figure>\n<p>Around 20,000 temporary workers are currently on short-time working. With the Federal Council's emergency ordinance expiring on August 31, 2020, this labor market measure will no longer be available to the industry. If the affected employees cannot be reinstated by then, their contracts may be terminated.<\/p>\n<h2>Industry association sounds the alarm<\/h2>\n<p>\"It is incomprehensible why the Federal Council's emergency ordinance is not being extended until the new Covid 19 law has been passed by parliament\" criticizes Leif Agn\u00e9us, president of the swissstaffing industry association. \"The lack of a follow-up solution for short-time work for temporary employees unnecessarily endangers numerous temporary employment relationships at the beginning of September.\" Particularly tricky: Even though further, presumably regional or industry-specific lockdowns cannot be ruled out, the new law no longer provides for a short-time work solution for temporary workers. Despite public pressure, they did not send all temporary workers on short-time work across the board. Instead, they limited their applications to employment relationships with a long-term perspective, as stipulated by law and regulation. Leif Agn\u00e9us demands: \"Parliament must act urgently and integrate short-time work for temporary workers into the law.\"<\/p>\n<h2>Temporary work in French-speaking Switzerland and Ticino particularly affected<\/h2>\n<p>The Corona virus and the lockdown have hit French-speaking Switzerland and Ticino hard, not only in terms of health but also economically. A survey by gfs-z\u00fcrich among swissstaffing members shows that the number of temporary workers in these regions fell by 80 to 90 percent during the lockdown. By comparison, the number of temporary workers in German-speaking Switzerland fell by a good 40 percent. Much of the decline is not due to layoffs, but to the expiration of temporary contracts on the one hand and a lack of new hires on the other. Looking to the future, it is worrying that business activity has not yet picked up strongly across Switzerland as a whole, despite the easing measures in June. Fortunately, however, a faster recovery is emerging in French-speaking Switzerland and Ticino.<\/p>\n<p><em>Source: <a href=\"http:\/\/www.swissstaffing.ch\">Swissstaffing<\/a><\/em><\/p>","protected":false},"excerpt":{"rendered":"<p>Etwa 20&#8217;000 Tempor\u00e4rarbeitende befinden sich derzeit in Kurzarbeit. Mit der am 31. August 2020 auslaufenden Notverordnung des Bundesrates steht diese Arbeitsmarktmassnahme der Branche nicht mehr zur Verf\u00fcgung. K\u00f6nnen die betroffenen Mitarbeitenden bis dahin nicht wieder eingesetzt werden, droht die Vertragsaufl\u00f6sung. Branchenverband schl\u00e4gt Alarm &#8222;Es ist unverst\u00e4ndlich, warum die Notverordnung des Bundesrates nicht verl\u00e4ngert wird, bis [&hellip;]<\/p>\n","protected":false},"author":4,"featured_media":6984,"comment_status":"closed","ping_status":"closed","sticky":false,"template":"","format":"standard","meta":{"_acf_changed":false,"_yoast_wpseo_focuskw":"Tempor\u00e4rarbeit","_yoast_wpseo_metadesc":"Um knapp 23 Prozent brach infolge der Corona-Krise die Zahl der durch Tempor\u00e4rarbeit geleisteten Einsatzstunden im 2. Quartal im Vergleich zum Vorjahr ein.","articlekey":"","footnotes":""},"categories":[26],"tags":[47,132,254,407,452],"class_list":["post-6983","post","type-post","status-publish","format-standard","has-post-thumbnail","hentry","category-hrm","tag-arbeitsmarkt","tag-coronavirus","tag-hrm","tag-recruiting","tag-statistik"],"acf":[],"yoast_head":"<!-- This site is optimized with the Yoast SEO plugin v27.4 - https:\/\/yoast.com\/product\/yoast-seo-wordpress\/ -->\n<title>Tempor\u00e4rarbeit: 20000 Kurzarbeitende stehen wohl vor der Arbeitslosigkeit - Organisator<\/title>\n<meta name=\"description\" content=\"Um knapp 23 Prozent brach infolge der Corona-Krise die Zahl der durch Tempor\u00e4rarbeit geleisteten Einsatzstunden im 2. Quartal im Vergleich zum Vorjahr ein.\" \/>\n<meta name=\"robots\" content=\"index, follow, max-snippet:-1, max-image-preview:large, max-video-preview:-1\" \/>\n<link rel=\"canonical\" href=\"https:\/\/www.organisator.ch\/en\/human-resources\/hrm\/2020-07-30\/temporaerarbeit-20000-kurzarbeitende-stehen-wohl-vor-der-arbeitslosigkeit\/\" \/>\n<meta property=\"og:locale\" content=\"en_US\" \/>\n<meta property=\"og:type\" content=\"article\" \/>\n<meta property=\"og:title\" content=\"Tempor\u00e4rarbeit: 20000 Kurzarbeitende stehen wohl vor der Arbeitslosigkeit\" \/>\n<meta property=\"og:description\" content=\"Um knapp 23 Prozent brach infolge der Corona-Krise die Zahl der durch Tempor\u00e4rarbeit geleisteten Einsatzstunden im 2. Quartal im Vergleich zum Vorjahr ein.\" \/>\n<meta property=\"og:url\" content=\"https:\/\/www.organisator.ch\/en\/human-resources\/hrm\/2020-07-30\/temporaerarbeit-20000-kurzarbeitende-stehen-wohl-vor-der-arbeitslosigkeit\/\" \/>\n<meta property=\"og:site_name\" content=\"Organisator\" \/>\n<meta property=\"article:publisher\" content=\"https:\/\/www.facebook.com\/OrganisatorFachmagazin\" \/>\n<meta property=\"article:published_time\" content=\"2020-07-30T06:20:42+00:00\" \/>\n<meta property=\"og:image\" content=\"https:\/\/www.organisator.ch\/wp-content\/uploads\/2020\/07\/Temporaerarbeit-20000-Kurzarbeitende-stehen-wohl-vor-der-Arbeitslosigkeit_Organisator.jpg\" \/>\n\t<meta property=\"og:image:width\" content=\"680\" \/>\n\t<meta property=\"og:image:height\" content=\"517\" \/>\n\t<meta property=\"og:image:type\" content=\"image\/jpeg\" \/>\n<meta name=\"author\" content=\"thomas.berner\" \/>\n<meta name=\"twitter:card\" content=\"summary_large_image\" \/>\n<meta name=\"twitter:title\" content=\"#Tempor\u00e4rarbeit: 20000 Kurzarbeitende stehen wohl vor der #Arbeitslosigkeit\" \/>\n<meta name=\"twitter:description\" content=\"Um knapp 23 Prozent brach infolge der #Corona-Krise die Zahl der durch #Tempor\u00e4rarbeit geleisteten #Einsatzstunden im 2. Quartal im Vergleich zum Vorjahr ein.\" \/>\n<meta name=\"twitter:image\" content=\"https:\/\/www.organisator.ch\/wp-content\/uploads\/2020\/07\/Temporaerarbeit-20000-Kurzarbeitende-stehen-wohl-vor-der-Arbeitslosigkeit_Organisator.jpg\" \/>\n<script type=\"application\/ld+json\" class=\"yoast-schema-graph\">{\"@context\":\"https:\\\/\\\/schema.org\",\"@graph\":[{\"@type\":\"Article\",\"@id\":\"https:\\\/\\\/www.organisator.ch\\\/human-resources\\\/hrm\\\/2020-07-30\\\/temporaerarbeit-20000-kurzarbeitende-stehen-wohl-vor-der-arbeitslosigkeit\\\/#article\",\"isPartOf\":{\"@id\":\"https:\\\/\\\/www.organisator.ch\\\/human-resources\\\/hrm\\\/2020-07-30\\\/temporaerarbeit-20000-kurzarbeitende-stehen-wohl-vor-der-arbeitslosigkeit\\\/\"},\"author\":{\"name\":\"thomas.berner\",\"@id\":\"https:\\\/\\\/www.organisator.ch\\\/#\\\/schema\\\/person\\\/6f650f90b2842cd4c0cc334b4e36f67e\"},\"headline\":\"Tempor\u00e4rarbeit: 20000 Kurzarbeitende stehen wohl vor der Arbeitslosigkeit\",\"datePublished\":\"2020-07-30T06:20:42+00:00\",\"mainEntityOfPage\":{\"@id\":\"https:\\\/\\\/www.organisator.ch\\\/human-resources\\\/hrm\\\/2020-07-30\\\/temporaerarbeit-20000-kurzarbeitende-stehen-wohl-vor-der-arbeitslosigkeit\\\/\"},\"wordCount\":358,\"publisher\":{\"@id\":\"https:\\\/\\\/www.organisator.ch\\\/#organization\"},\"image\":{\"@id\":\"https:\\\/\\\/www.organisator.ch\\\/human-resources\\\/hrm\\\/2020-07-30\\\/temporaerarbeit-20000-kurzarbeitende-stehen-wohl-vor-der-arbeitslosigkeit\\\/#primaryimage\"},\"thumbnailUrl\":\"https:\\\/\\\/www.organisator.ch\\\/wp-content\\\/uploads\\\/2020\\\/07\\\/Temporaerarbeit-20000-Kurzarbeitende-stehen-wohl-vor-der-Arbeitslosigkeit_Organisator.jpg\",\"keywords\":[\"Arbeitsmarkt\",\"Coronavirus\",\"HRM\",\"Recruiting\",\"Statistik\"],\"articleSection\":[\"HRM\"],\"inLanguage\":\"en-US\"},{\"@type\":\"WebPage\",\"@id\":\"https:\\\/\\\/www.organisator.ch\\\/human-resources\\\/hrm\\\/2020-07-30\\\/temporaerarbeit-20000-kurzarbeitende-stehen-wohl-vor-der-arbeitslosigkeit\\\/\",\"url\":\"https:\\\/\\\/www.organisator.ch\\\/human-resources\\\/hrm\\\/2020-07-30\\\/temporaerarbeit-20000-kurzarbeitende-stehen-wohl-vor-der-arbeitslosigkeit\\\/\",\"name\":\"Tempor\u00e4rarbeit: 20000 Kurzarbeitende stehen wohl vor der Arbeitslosigkeit - Organisator\",\"isPartOf\":{\"@id\":\"https:\\\/\\\/www.organisator.ch\\\/#website\"},\"primaryImageOfPage\":{\"@id\":\"https:\\\/\\\/www.organisator.ch\\\/human-resources\\\/hrm\\\/2020-07-30\\\/temporaerarbeit-20000-kurzarbeitende-stehen-wohl-vor-der-arbeitslosigkeit\\\/#primaryimage\"},\"image\":{\"@id\":\"https:\\\/\\\/www.organisator.ch\\\/human-resources\\\/hrm\\\/2020-07-30\\\/temporaerarbeit-20000-kurzarbeitende-stehen-wohl-vor-der-arbeitslosigkeit\\\/#primaryimage\"},\"thumbnailUrl\":\"https:\\\/\\\/www.organisator.ch\\\/wp-content\\\/uploads\\\/2020\\\/07\\\/Temporaerarbeit-20000-Kurzarbeitende-stehen-wohl-vor-der-Arbeitslosigkeit_Organisator.jpg\",\"datePublished\":\"2020-07-30T06:20:42+00:00\",\"description\":\"Um knapp 23 Prozent brach infolge der Corona-Krise die Zahl der durch Tempor\u00e4rarbeit geleisteten Einsatzstunden im 2. Quartal im Vergleich zum Vorjahr ein.\",\"breadcrumb\":{\"@id\":\"https:\\\/\\\/www.organisator.ch\\\/human-resources\\\/hrm\\\/2020-07-30\\\/temporaerarbeit-20000-kurzarbeitende-stehen-wohl-vor-der-arbeitslosigkeit\\\/#breadcrumb\"},\"inLanguage\":\"en-US\",\"potentialAction\":[{\"@type\":\"ReadAction\",\"target\":[\"https:\\\/\\\/www.organisator.ch\\\/human-resources\\\/hrm\\\/2020-07-30\\\/temporaerarbeit-20000-kurzarbeitende-stehen-wohl-vor-der-arbeitslosigkeit\\\/\"]}]},{\"@type\":\"ImageObject\",\"inLanguage\":\"en-US\",\"@id\":\"https:\\\/\\\/www.organisator.ch\\\/human-resources\\\/hrm\\\/2020-07-30\\\/temporaerarbeit-20000-kurzarbeitende-stehen-wohl-vor-der-arbeitslosigkeit\\\/#primaryimage\",\"url\":\"https:\\\/\\\/www.organisator.ch\\\/wp-content\\\/uploads\\\/2020\\\/07\\\/Temporaerarbeit-20000-Kurzarbeitende-stehen-wohl-vor-der-Arbeitslosigkeit_Organisator.jpg\",\"contentUrl\":\"https:\\\/\\\/www.organisator.ch\\\/wp-content\\\/uploads\\\/2020\\\/07\\\/Temporaerarbeit-20000-Kurzarbeitende-stehen-wohl-vor-der-Arbeitslosigkeit_Organisator.jpg\",\"width\":680,\"height\":517,\"caption\":\"Swiss Staffingindex - Corona-Einbruch von 22,8 Prozent, 20'000 Kurzarbeitenden droht Arbeitslosigkeit. Weiterer Text \u00fcber ots und www.presseportal.ch\\\/de\\\/nr\\\/100057910 \\\/ Die Verwendung dieses Bildes ist f\u00fcr redaktionelle Zwecke honorarfrei. Ver\u00f6ffentlichung bitte unter Quellenangabe: \\\"obs\\\/swissstaffing - Verband der Personaldienstleister der Schweiz\\\"\"},{\"@type\":\"BreadcrumbList\",\"@id\":\"https:\\\/\\\/www.organisator.ch\\\/human-resources\\\/hrm\\\/2020-07-30\\\/temporaerarbeit-20000-kurzarbeitende-stehen-wohl-vor-der-arbeitslosigkeit\\\/#breadcrumb\",\"itemListElement\":[{\"@type\":\"ListItem\",\"position\":1,\"name\":\"Home\",\"item\":\"https:\\\/\\\/www.organisator.ch\\\/\"},{\"@type\":\"ListItem\",\"position\":2,\"name\":\"Tempor\u00e4rarbeit: 20000 Kurzarbeitende stehen wohl vor der Arbeitslosigkeit\"}]},{\"@type\":\"WebSite\",\"@id\":\"https:\\\/\\\/www.organisator.ch\\\/#website\",\"url\":\"https:\\\/\\\/www.organisator.ch\\\/\",\"name\":\"Organisator\",\"description\":\"Kompetent. Praxisnah. Der ORGANISATOR bereitet in 10 Ausgaben pro Jahr die wesentlichen Themen f\u00fcr F\u00fchrungskr\u00e4fte von KMU auf.\",\"publisher\":{\"@id\":\"https:\\\/\\\/www.organisator.ch\\\/#organization\"},\"potentialAction\":[{\"@type\":\"SearchAction\",\"target\":{\"@type\":\"EntryPoint\",\"urlTemplate\":\"https:\\\/\\\/www.organisator.ch\\\/?s={search_term_string}\"},\"query-input\":{\"@type\":\"PropertyValueSpecification\",\"valueRequired\":true,\"valueName\":\"search_term_string\"}}],\"inLanguage\":\"en-US\"},{\"@type\":\"Organization\",\"@id\":\"https:\\\/\\\/www.organisator.ch\\\/#organization\",\"name\":\"Organisator\",\"url\":\"https:\\\/\\\/www.organisator.ch\\\/\",\"logo\":{\"@type\":\"ImageObject\",\"inLanguage\":\"en-US\",\"@id\":\"https:\\\/\\\/www.organisator.ch\\\/#\\\/schema\\\/logo\\\/image\\\/\",\"url\":\"https:\\\/\\\/www.organisator.ch\\\/wp-content\\\/uploads\\\/2022\\\/01\\\/Logo_Organisator_Website.png\",\"contentUrl\":\"https:\\\/\\\/www.organisator.ch\\\/wp-content\\\/uploads\\\/2022\\\/01\\\/Logo_Organisator_Website.png\",\"width\":800,\"height\":77,\"caption\":\"Organisator\"},\"image\":{\"@id\":\"https:\\\/\\\/www.organisator.ch\\\/#\\\/schema\\\/logo\\\/image\\\/\"},\"sameAs\":[\"https:\\\/\\\/www.facebook.com\\\/OrganisatorFachmagazin\",\"https:\\\/\\\/www.linkedin.com\\\/showcase\\\/organisator-das-magazin-fr-kmu\",\"https:\\\/\\\/www.xing.com\\\/news\\\/pages\\\/organisator-ch-695\",\"https:\\\/\\\/www.youtube.com\\\/channel\\\/UCGP2Sq0iWaZwT3BdIAQFYpw\"]},{\"@type\":\"Person\",\"@id\":\"https:\\\/\\\/www.organisator.ch\\\/#\\\/schema\\\/person\\\/6f650f90b2842cd4c0cc334b4e36f67e\",\"name\":\"thomas.berner\",\"image\":{\"@type\":\"ImageObject\",\"inLanguage\":\"en-US\",\"@id\":\"https:\\\/\\\/secure.gravatar.com\\\/avatar\\\/ac5001d2a36cb6c6cd3e50789007ffca834b477b74a2144564522e944eabff61?s=96&d=mm&r=g\",\"url\":\"https:\\\/\\\/secure.gravatar.com\\\/avatar\\\/ac5001d2a36cb6c6cd3e50789007ffca834b477b74a2144564522e944eabff61?s=96&d=mm&r=g\",\"contentUrl\":\"https:\\\/\\\/secure.gravatar.com\\\/avatar\\\/ac5001d2a36cb6c6cd3e50789007ffca834b477b74a2144564522e944eabff61?s=96&d=mm&r=g\",\"caption\":\"thomas.berner\"},\"url\":\"https:\\\/\\\/www.organisator.ch\\\/en\\\/author\\\/thomas-berner\\\/\"}]}<\/script>\n<!-- \/ Yoast SEO plugin. -->","yoast_head_json":{"title":"Temporary work: 20000 short-time workers probably face unemployment - Organizer","description":"As a result of the Corona crisis, the number of hours worked by temporary staff fell by almost 23 percent in the 2nd quarter compared with the previous year.","robots":{"index":"index","follow":"follow","max-snippet":"max-snippet:-1","max-image-preview":"max-image-preview:large","max-video-preview":"max-video-preview:-1"},"canonical":"https:\/\/www.organisator.ch\/en\/human-resources\/hrm\/2020-07-30\/temporaerarbeit-20000-kurzarbeitende-stehen-wohl-vor-der-arbeitslosigkeit\/","og_locale":"en_US","og_type":"article","og_title":"Tempor\u00e4rarbeit: 20000 Kurzarbeitende stehen wohl vor der Arbeitslosigkeit","og_description":"Um knapp 23 Prozent brach infolge der Corona-Krise die Zahl der durch Tempor\u00e4rarbeit geleisteten Einsatzstunden im 2. Quartal im Vergleich zum Vorjahr ein.","og_url":"https:\/\/www.organisator.ch\/en\/human-resources\/hrm\/2020-07-30\/temporaerarbeit-20000-kurzarbeitende-stehen-wohl-vor-der-arbeitslosigkeit\/","og_site_name":"Organisator","article_publisher":"https:\/\/www.facebook.com\/OrganisatorFachmagazin","article_published_time":"2020-07-30T06:20:42+00:00","og_image":[{"width":680,"height":517,"url":"https:\/\/www.organisator.ch\/wp-content\/uploads\/2020\/07\/Temporaerarbeit-20000-Kurzarbeitende-stehen-wohl-vor-der-Arbeitslosigkeit_Organisator.jpg","type":"image\/jpeg"}],"author":"thomas.berner","twitter_card":"summary_large_image","twitter_title":"#Tempor\u00e4rarbeit: 20000 Kurzarbeitende stehen wohl vor der #Arbeitslosigkeit","twitter_description":"Um knapp 23 Prozent brach infolge der #Corona-Krise die Zahl der durch #Tempor\u00e4rarbeit geleisteten #Einsatzstunden im 2. Quartal im Vergleich zum Vorjahr ein.","twitter_image":"https:\/\/www.organisator.ch\/wp-content\/uploads\/2020\/07\/Temporaerarbeit-20000-Kurzarbeitende-stehen-wohl-vor-der-Arbeitslosigkeit_Organisator.jpg","schema":{"@context":"https:\/\/schema.org","@graph":[{"@type":"Article","@id":"https:\/\/www.organisator.ch\/human-resources\/hrm\/2020-07-30\/temporaerarbeit-20000-kurzarbeitende-stehen-wohl-vor-der-arbeitslosigkeit\/#article","isPartOf":{"@id":"https:\/\/www.organisator.ch\/human-resources\/hrm\/2020-07-30\/temporaerarbeit-20000-kurzarbeitende-stehen-wohl-vor-der-arbeitslosigkeit\/"},"author":{"name":"thomas.berner","@id":"https:\/\/www.organisator.ch\/#\/schema\/person\/6f650f90b2842cd4c0cc334b4e36f67e"},"headline":"Tempor\u00e4rarbeit: 20000 Kurzarbeitende stehen wohl vor der Arbeitslosigkeit","datePublished":"2020-07-30T06:20:42+00:00","mainEntityOfPage":{"@id":"https:\/\/www.organisator.ch\/human-resources\/hrm\/2020-07-30\/temporaerarbeit-20000-kurzarbeitende-stehen-wohl-vor-der-arbeitslosigkeit\/"},"wordCount":358,"publisher":{"@id":"https:\/\/www.organisator.ch\/#organization"},"image":{"@id":"https:\/\/www.organisator.ch\/human-resources\/hrm\/2020-07-30\/temporaerarbeit-20000-kurzarbeitende-stehen-wohl-vor-der-arbeitslosigkeit\/#primaryimage"},"thumbnailUrl":"https:\/\/www.organisator.ch\/wp-content\/uploads\/2020\/07\/Temporaerarbeit-20000-Kurzarbeitende-stehen-wohl-vor-der-Arbeitslosigkeit_Organisator.jpg","keywords":["Arbeitsmarkt","Coronavirus","HRM","Recruiting","Statistik"],"articleSection":["HRM"],"inLanguage":"en-US"},{"@type":"WebPage","@id":"https:\/\/www.organisator.ch\/human-resources\/hrm\/2020-07-30\/temporaerarbeit-20000-kurzarbeitende-stehen-wohl-vor-der-arbeitslosigkeit\/","url":"https:\/\/www.organisator.ch\/human-resources\/hrm\/2020-07-30\/temporaerarbeit-20000-kurzarbeitende-stehen-wohl-vor-der-arbeitslosigkeit\/","name":"Temporary work: 20000 short-time workers probably face unemployment - Organizer","isPartOf":{"@id":"https:\/\/www.organisator.ch\/#website"},"primaryImageOfPage":{"@id":"https:\/\/www.organisator.ch\/human-resources\/hrm\/2020-07-30\/temporaerarbeit-20000-kurzarbeitende-stehen-wohl-vor-der-arbeitslosigkeit\/#primaryimage"},"image":{"@id":"https:\/\/www.organisator.ch\/human-resources\/hrm\/2020-07-30\/temporaerarbeit-20000-kurzarbeitende-stehen-wohl-vor-der-arbeitslosigkeit\/#primaryimage"},"thumbnailUrl":"https:\/\/www.organisator.ch\/wp-content\/uploads\/2020\/07\/Temporaerarbeit-20000-Kurzarbeitende-stehen-wohl-vor-der-Arbeitslosigkeit_Organisator.jpg","datePublished":"2020-07-30T06:20:42+00:00","description":"As a result of the Corona crisis, the number of hours worked by temporary staff fell by almost 23 percent in the 2nd quarter compared with the previous year.","breadcrumb":{"@id":"https:\/\/www.organisator.ch\/human-resources\/hrm\/2020-07-30\/temporaerarbeit-20000-kurzarbeitende-stehen-wohl-vor-der-arbeitslosigkeit\/#breadcrumb"},"inLanguage":"en-US","potentialAction":[{"@type":"ReadAction","target":["https:\/\/www.organisator.ch\/human-resources\/hrm\/2020-07-30\/temporaerarbeit-20000-kurzarbeitende-stehen-wohl-vor-der-arbeitslosigkeit\/"]}]},{"@type":"ImageObject","inLanguage":"en-US","@id":"https:\/\/www.organisator.ch\/human-resources\/hrm\/2020-07-30\/temporaerarbeit-20000-kurzarbeitende-stehen-wohl-vor-der-arbeitslosigkeit\/#primaryimage","url":"https:\/\/www.organisator.ch\/wp-content\/uploads\/2020\/07\/Temporaerarbeit-20000-Kurzarbeitende-stehen-wohl-vor-der-Arbeitslosigkeit_Organisator.jpg","contentUrl":"https:\/\/www.organisator.ch\/wp-content\/uploads\/2020\/07\/Temporaerarbeit-20000-Kurzarbeitende-stehen-wohl-vor-der-Arbeitslosigkeit_Organisator.jpg","width":680,"height":517,"caption":"Swiss Staffingindex - Corona-Einbruch von 22,8 Prozent, 20'000 Kurzarbeitenden droht Arbeitslosigkeit. Weiterer Text \u00fcber ots und www.presseportal.ch\/de\/nr\/100057910 \/ Die Verwendung dieses Bildes ist f\u00fcr redaktionelle Zwecke honorarfrei. Ver\u00f6ffentlichung bitte unter Quellenangabe: \"obs\/swissstaffing - Verband der Personaldienstleister der Schweiz\""},{"@type":"BreadcrumbList","@id":"https:\/\/www.organisator.ch\/human-resources\/hrm\/2020-07-30\/temporaerarbeit-20000-kurzarbeitende-stehen-wohl-vor-der-arbeitslosigkeit\/#breadcrumb","itemListElement":[{"@type":"ListItem","position":1,"name":"Home","item":"https:\/\/www.organisator.ch\/"},{"@type":"ListItem","position":2,"name":"Tempor\u00e4rarbeit: 20000 Kurzarbeitende stehen wohl vor der Arbeitslosigkeit"}]},{"@type":"WebSite","@id":"https:\/\/www.organisator.ch\/#website","url":"https:\/\/www.organisator.ch\/","name":"Organizer","description":"Competent. Practical. In 10 issues per year, ORGANISATOR presents the essential topics for managers of SMEs.","publisher":{"@id":"https:\/\/www.organisator.ch\/#organization"},"potentialAction":[{"@type":"SearchAction","target":{"@type":"EntryPoint","urlTemplate":"https:\/\/www.organisator.ch\/?s={search_term_string}"},"query-input":{"@type":"PropertyValueSpecification","valueRequired":true,"valueName":"search_term_string"}}],"inLanguage":"en-US"},{"@type":"Organization","@id":"https:\/\/www.organisator.ch\/#organization","name":"Organizer","url":"https:\/\/www.organisator.ch\/","logo":{"@type":"ImageObject","inLanguage":"en-US","@id":"https:\/\/www.organisator.ch\/#\/schema\/logo\/image\/","url":"https:\/\/www.organisator.ch\/wp-content\/uploads\/2022\/01\/Logo_Organisator_Website.png","contentUrl":"https:\/\/www.organisator.ch\/wp-content\/uploads\/2022\/01\/Logo_Organisator_Website.png","width":800,"height":77,"caption":"Organisator"},"image":{"@id":"https:\/\/www.organisator.ch\/#\/schema\/logo\/image\/"},"sameAs":["https:\/\/www.facebook.com\/OrganisatorFachmagazin","https:\/\/www.linkedin.com\/showcase\/organisator-das-magazin-fr-kmu","https:\/\/www.xing.com\/news\/pages\/organisator-ch-695","https:\/\/www.youtube.com\/channel\/UCGP2Sq0iWaZwT3BdIAQFYpw"]},{"@type":"Person","@id":"https:\/\/www.organisator.ch\/#\/schema\/person\/6f650f90b2842cd4c0cc334b4e36f67e","name":"thomas.berner","image":{"@type":"ImageObject","inLanguage":"en-US","@id":"https:\/\/secure.gravatar.com\/avatar\/ac5001d2a36cb6c6cd3e50789007ffca834b477b74a2144564522e944eabff61?s=96&d=mm&r=g","url":"https:\/\/secure.gravatar.com\/avatar\/ac5001d2a36cb6c6cd3e50789007ffca834b477b74a2144564522e944eabff61?s=96&d=mm&r=g","contentUrl":"https:\/\/secure.gravatar.com\/avatar\/ac5001d2a36cb6c6cd3e50789007ffca834b477b74a2144564522e944eabff61?s=96&d=mm&r=g","caption":"thomas.berner"},"url":"https:\/\/www.organisator.ch\/en\/author\/thomas-berner\/"}]}},"_links":{"self":[{"href":"https:\/\/www.organisator.ch\/en\/wp-json\/wp\/v2\/posts\/6983","targetHints":{"allow":["GET"]}}],"collection":[{"href":"https:\/\/www.organisator.ch\/en\/wp-json\/wp\/v2\/posts"}],"about":[{"href":"https:\/\/www.organisator.ch\/en\/wp-json\/wp\/v2\/types\/post"}],"author":[{"embeddable":true,"href":"https:\/\/www.organisator.ch\/en\/wp-json\/wp\/v2\/users\/4"}],"replies":[{"embeddable":true,"href":"https:\/\/www.organisator.ch\/en\/wp-json\/wp\/v2\/comments?post=6983"}],"version-history":[{"count":0,"href":"https:\/\/www.organisator.ch\/en\/wp-json\/wp\/v2\/posts\/6983\/revisions"}],"wp:featuredmedia":[{"embeddable":true,"href":"https:\/\/www.organisator.ch\/en\/wp-json\/wp\/v2\/media\/6984"}],"wp:attachment":[{"href":"https:\/\/www.organisator.ch\/en\/wp-json\/wp\/v2\/media?parent=6983"}],"wp:term":[{"taxonomy":"category","embeddable":true,"href":"https:\/\/www.organisator.ch\/en\/wp-json\/wp\/v2\/categories?post=6983"},{"taxonomy":"post_tag","embeddable":true,"href":"https:\/\/www.organisator.ch\/en\/wp-json\/wp\/v2\/tags?post=6983"}],"curies":[{"name":"wp","href":"https:\/\/api.w.org\/{rel}","templated":true}]}}