{"id":6991,"date":"2020-08-04T11:07:30","date_gmt":"2020-08-04T09:07:30","guid":{"rendered":"https:\/\/www.organisator.ch\/?p=6991"},"modified":"2020-08-04T11:07:30","modified_gmt":"2020-08-04T09:07:30","slug":"der-kaufmaennische-verband-verzichtet-auf-lohnforderungen","status":"publish","type":"post","link":"https:\/\/www.organisator.ch\/en\/management\/2020-08-04\/der-kaufmaennische-verband-verzichtet-auf-lohnforderungen\/","title":{"rendered":"The Commercial Association waives wage demands"},"content":{"rendered":"<figure id=\"attachment_6992\" aria-describedby=\"caption-attachment-6992\" style=\"width: 680px\" class=\"wp-caption alignnone\"><img loading=\"lazy\" decoding=\"async\" class=\"size-medium wp-image-6992\" src=\"https:\/\/www.organisator.ch\/wp-content\/uploads\/2020\/08\/Der-Kaufmaennische-Verband-verzichtet-auf-Lohnforderungen_Organisator.jpg\" alt=\"\" width=\"680\" height=\"482\" srcset=\"https:\/\/www.organisator.ch\/wp-content\/uploads\/2020\/08\/Der-Kaufmaennische-Verband-verzichtet-auf-Lohnforderungen_Organisator.jpg 680w, https:\/\/www.organisator.ch\/wp-content\/uploads\/2020\/08\/Der-Kaufmaennische-Verband-verzichtet-auf-Lohnforderungen_Organisator-16x12.jpg 16w, https:\/\/www.organisator.ch\/wp-content\/uploads\/2020\/08\/Der-Kaufmaennische-Verband-verzichtet-auf-Lohnforderungen_Organisator-247x175.jpg 247w, https:\/\/www.organisator.ch\/wp-content\/uploads\/2020\/08\/Der-Kaufmaennische-Verband-verzichtet-auf-Lohnforderungen_Organisator-494x350.jpg 494w, https:\/\/www.organisator.ch\/wp-content\/uploads\/2020\/08\/Der-Kaufmaennische-Verband-verzichtet-auf-Lohnforderungen_Organisator-300x213.jpg 300w\" sizes=\"auto, (max-width: 680px) 100vw, 680px\" \/><figcaption id=\"caption-attachment-6992\" class=\"wp-caption-text\">The Commercial Association calls for more investment in training, but forgoes wage demands because of the Corona crisis. (Image: Fotolia.com)<\/figcaption><\/figure>\n<p>Once again this year, the Commercial Association has analyzed the GDP growth forecast by the State Secretariat for Economic Affairs SECO and the federal government's experts, as well as inflation and the associated costs for employees (price level, healthcare costs, rent, etc.). Normally, it derives sector-specific wage recommendations from this in order to counteract a loss of purchasing power and to allow employees to participate in higher productivity as well as in an increase in profitability. However, due to the Corona crisis and the current economic situation, the Commercial Association will not demand higher wages for individual sectors in 2021. Rather, it is advocating for the preservation of as many jobs as possible and the protection of incomes. It is also calling on employers to invest in strengthening the labor market skills of employees and managers, for example by providing further training. Nevertheless, companies are encouraged to grant wage increases if they have high added value and are not facing existential problems.<\/p>\n<h2>Jobs and wages preserved in the long term<\/h2>\n<p>\"In view of the current difficult economic situation, it does not seem opportune for the Kaufm\u00e4nnischer Verband to demand higher wages across all sectors,\" says Caroline Schubiger, Head of Career and Consulting at the Kaufm\u00e4nnischer Verband. The lockdown in spring 2020 will have a negative impact on the economic situation and on the labor market, as predicted by the ETH Zurich's economic research center and SECO. It is particularly important now to secure jobs and income in the long term so that purchasing power is maintained and consumption and the economy are strengthened. \"A particular challenge is to preserve jobs in industries that can expect the Corona pandemic to have a longer-term impact on the volume of work, such as air transport,\" Schubiger said. \"If it is not possible to avoid job cuts, we will advocate for socially responsible solutions and actively support the affected employees.\"<\/p>\n<h2>Continuing education strengthens labor market skills<\/h2>\n<p>In today's world, learned expertise quickly becomes obsolete. New competencies such as change competence, self-organization or decision-making skills are needed to remain agile. The digitalization push brought about by the Corona crisis also shows that digital competencies, methodological, social and personal competencies are becoming increasingly important in this working world. It is precisely these competencies that the Commercial Association is focusing on in the reform of commercial apprenticeships (Kaufleute 2022). However, not only young professionals, but also experienced professionals and older employees need to develop these skills. \"It is especially important now to invest in continuing education. Only in this way is it possible for employees to develop professionally and thus strengthen their marketability as well as that of the company,\" says Schubiger. The Commercial Association therefore calls on companies to motivate and support employees in continuing education. In other words, companies are called upon to create suitable framework conditions and a climate of trust so that further training becomes part of the professional career and working hours. In addition, employees and managers should be made aware of the importance of lifelong learning.<\/p>\n<h2>The Commercial Association offers comprehensive support<\/h2>\n<p>The Kaufm\u00e4nnische Verband offers employees comprehensive advice and support in matters relating to education and careers. In addition, in view of the Corona crisis, it has expanded its annual fundraising to help members who are affected by loss of income and financial bottlenecks. Members who wish to pursue continuing education but do not have the financial means to do so may also apply for financial assistance for their continuing education.<\/p>\n<p><em>Source and further information: <a href=\"http:\/\/www.kfmv.ch\">www.kfmv.ch<\/a><\/em><\/p>","protected":false},"excerpt":{"rendered":"<p>Der Kaufm\u00e4nnische Verband hat auch dieses Jahr das vom Staatssekretariat f\u00fcr Wirtschaft SECO und den Experten des Bundes prognostizierte BIP-Wachstum sowie die Teuerung und die damit verbundenen Kosten f\u00fcr Arbeitnehmende (Preisniveau, Gesundheitskosten, Miete usw.) analysiert. Normalerweise leitet er daraus branchenspezifische Lohnempfehlungen ab, um einem Kaufkraftverlust entgegenzuwirken und Mitarbeitende an einer h\u00f6heren Produktivit\u00e4t sowie an einer [&hellip;]<\/p>\n","protected":false},"author":4,"featured_media":6992,"comment_status":"closed","ping_status":"closed","sticky":false,"template":"","format":"standard","meta":{"_acf_changed":false,"_yoast_wpseo_focuskw":"Der Kaufm\u00e4nnische Verband","_yoast_wpseo_metadesc":"F\u00fcr die Lohnrunde 2021 verzichtet der Kaufm\u00e4nnische Verband auf die Forderung nach mehr Lohn. Vielmehr fordert er Investitionen in die Weiterbildung.","articlekey":"","footnotes":""},"categories":[28],"tags":[329,335,503,531],"class_list":["post-6991","post","type-post","status-publish","format-standard","has-post-thumbnail","hentry","category-management","tag-loehne","tag-management-und-unternehmensfuehrung","tag-verbaende","tag-wirtschaftspolitik"],"acf":[],"yoast_head":"<!-- This site is optimized with the Yoast SEO plugin v27.5 - https:\/\/yoast.com\/product\/yoast-seo-wordpress\/ -->\n<title>Der Kaufm\u00e4nnische Verband verzichtet auf Lohnforderungen - Organisator<\/title>\n<meta name=\"description\" content=\"F\u00fcr die Lohnrunde 2021 verzichtet der Kaufm\u00e4nnische Verband auf die Forderung nach mehr Lohn. Vielmehr fordert er Investitionen in die Weiterbildung.\" \/>\n<meta name=\"robots\" content=\"index, follow, max-snippet:-1, max-image-preview:large, max-video-preview:-1\" \/>\n<link rel=\"canonical\" href=\"https:\/\/www.organisator.ch\/en\/management\/2020-08-04\/der-kaufmaennische-verband-verzichtet-auf-lohnforderungen\/\" \/>\n<meta property=\"og:locale\" content=\"en_US\" \/>\n<meta property=\"og:type\" content=\"article\" \/>\n<meta property=\"og:title\" content=\"Der Kaufm\u00e4nnische Verband verzichtet auf Lohnforderungen\" \/>\n<meta property=\"og:description\" content=\"F\u00fcr die Lohnrunde 2021 verzichtet der Kaufm\u00e4nnische Verband auf die Forderung nach mehr Lohn. Vielmehr fordert er Investitionen in die Weiterbildung.\" \/>\n<meta property=\"og:url\" content=\"https:\/\/www.organisator.ch\/en\/management\/2020-08-04\/der-kaufmaennische-verband-verzichtet-auf-lohnforderungen\/\" \/>\n<meta property=\"og:site_name\" content=\"Organisator\" \/>\n<meta property=\"article:publisher\" content=\"https:\/\/www.facebook.com\/OrganisatorFachmagazin\" \/>\n<meta property=\"article:published_time\" content=\"2020-08-04T09:07:30+00:00\" \/>\n<meta property=\"og:image\" content=\"https:\/\/www.organisator.ch\/wp-content\/uploads\/2020\/08\/Der-Kaufmaennische-Verband-verzichtet-auf-Lohnforderungen_Organisator.jpg\" \/>\n\t<meta property=\"og:image:width\" content=\"680\" \/>\n\t<meta property=\"og:image:height\" content=\"482\" \/>\n\t<meta property=\"og:image:type\" content=\"image\/jpeg\" \/>\n<meta name=\"author\" content=\"thomas.berner\" \/>\n<meta name=\"twitter:card\" content=\"summary_large_image\" \/>\n<meta name=\"twitter:title\" content=\"Der Kaufm\u00e4nnische Verband #kfmv verzichtet auf #Lohnforderungen\" \/>\n<meta name=\"twitter:description\" content=\"F\u00fcr die #Lohnrunde 2021 verzichtet der Kaufm\u00e4nnische Verband auf die Forderung nach mehr #Lohn. Vielmehr fordert er Investitionen in die #Weiterbildung.\" \/>\n<meta name=\"twitter:image\" content=\"https:\/\/www.organisator.ch\/wp-content\/uploads\/2020\/08\/Der-Kaufmaennische-Verband-verzichtet-auf-Lohnforderungen_Organisator.jpg\" \/>\n<script type=\"application\/ld+json\" class=\"yoast-schema-graph\">{\"@context\":\"https:\\\/\\\/schema.org\",\"@graph\":[{\"@type\":\"Article\",\"@id\":\"https:\\\/\\\/www.organisator.ch\\\/management\\\/2020-08-04\\\/der-kaufmaennische-verband-verzichtet-auf-lohnforderungen\\\/#article\",\"isPartOf\":{\"@id\":\"https:\\\/\\\/www.organisator.ch\\\/management\\\/2020-08-04\\\/der-kaufmaennische-verband-verzichtet-auf-lohnforderungen\\\/\"},\"author\":{\"name\":\"thomas.berner\",\"@id\":\"https:\\\/\\\/www.organisator.ch\\\/#\\\/schema\\\/person\\\/6f650f90b2842cd4c0cc334b4e36f67e\"},\"headline\":\"Der Kaufm\u00e4nnische Verband verzichtet auf Lohnforderungen\",\"datePublished\":\"2020-08-04T09:07:30+00:00\",\"mainEntityOfPage\":{\"@id\":\"https:\\\/\\\/www.organisator.ch\\\/management\\\/2020-08-04\\\/der-kaufmaennische-verband-verzichtet-auf-lohnforderungen\\\/\"},\"wordCount\":604,\"publisher\":{\"@id\":\"https:\\\/\\\/www.organisator.ch\\\/#organization\"},\"image\":{\"@id\":\"https:\\\/\\\/www.organisator.ch\\\/management\\\/2020-08-04\\\/der-kaufmaennische-verband-verzichtet-auf-lohnforderungen\\\/#primaryimage\"},\"thumbnailUrl\":\"https:\\\/\\\/www.organisator.ch\\\/wp-content\\\/uploads\\\/2020\\\/08\\\/Der-Kaufmaennische-Verband-verzichtet-auf-Lohnforderungen_Organisator.jpg\",\"keywords\":[\"L\u00f6hne\",\"Management und Unternehmensf\u00fchrung\",\"Verb\u00e4nde\",\"Wirtschaftspolitik\"],\"articleSection\":[\"MANAGEMENT\"],\"inLanguage\":\"en-US\"},{\"@type\":\"WebPage\",\"@id\":\"https:\\\/\\\/www.organisator.ch\\\/management\\\/2020-08-04\\\/der-kaufmaennische-verband-verzichtet-auf-lohnforderungen\\\/\",\"url\":\"https:\\\/\\\/www.organisator.ch\\\/management\\\/2020-08-04\\\/der-kaufmaennische-verband-verzichtet-auf-lohnforderungen\\\/\",\"name\":\"Der Kaufm\u00e4nnische Verband verzichtet auf Lohnforderungen - Organisator\",\"isPartOf\":{\"@id\":\"https:\\\/\\\/www.organisator.ch\\\/#website\"},\"primaryImageOfPage\":{\"@id\":\"https:\\\/\\\/www.organisator.ch\\\/management\\\/2020-08-04\\\/der-kaufmaennische-verband-verzichtet-auf-lohnforderungen\\\/#primaryimage\"},\"image\":{\"@id\":\"https:\\\/\\\/www.organisator.ch\\\/management\\\/2020-08-04\\\/der-kaufmaennische-verband-verzichtet-auf-lohnforderungen\\\/#primaryimage\"},\"thumbnailUrl\":\"https:\\\/\\\/www.organisator.ch\\\/wp-content\\\/uploads\\\/2020\\\/08\\\/Der-Kaufmaennische-Verband-verzichtet-auf-Lohnforderungen_Organisator.jpg\",\"datePublished\":\"2020-08-04T09:07:30+00:00\",\"description\":\"F\u00fcr die Lohnrunde 2021 verzichtet der Kaufm\u00e4nnische Verband auf die Forderung nach mehr Lohn. Vielmehr fordert er Investitionen in die Weiterbildung.\",\"breadcrumb\":{\"@id\":\"https:\\\/\\\/www.organisator.ch\\\/management\\\/2020-08-04\\\/der-kaufmaennische-verband-verzichtet-auf-lohnforderungen\\\/#breadcrumb\"},\"inLanguage\":\"en-US\",\"potentialAction\":[{\"@type\":\"ReadAction\",\"target\":[\"https:\\\/\\\/www.organisator.ch\\\/management\\\/2020-08-04\\\/der-kaufmaennische-verband-verzichtet-auf-lohnforderungen\\\/\"]}]},{\"@type\":\"ImageObject\",\"inLanguage\":\"en-US\",\"@id\":\"https:\\\/\\\/www.organisator.ch\\\/management\\\/2020-08-04\\\/der-kaufmaennische-verband-verzichtet-auf-lohnforderungen\\\/#primaryimage\",\"url\":\"https:\\\/\\\/www.organisator.ch\\\/wp-content\\\/uploads\\\/2020\\\/08\\\/Der-Kaufmaennische-Verband-verzichtet-auf-Lohnforderungen_Organisator.jpg\",\"contentUrl\":\"https:\\\/\\\/www.organisator.ch\\\/wp-content\\\/uploads\\\/2020\\\/08\\\/Der-Kaufmaennische-Verband-verzichtet-auf-Lohnforderungen_Organisator.jpg\",\"width\":680,\"height\":482,\"caption\":\"Der Kaufm\u00e4nnische Verband fordert mehr Investitionen in die Weiterbildung, verzichtet daf\u00fcr wegen der Corona-Krise auf Lohnforderungen. (Bild: Fotolia.com)\"},{\"@type\":\"BreadcrumbList\",\"@id\":\"https:\\\/\\\/www.organisator.ch\\\/management\\\/2020-08-04\\\/der-kaufmaennische-verband-verzichtet-auf-lohnforderungen\\\/#breadcrumb\",\"itemListElement\":[{\"@type\":\"ListItem\",\"position\":1,\"name\":\"Home\",\"item\":\"https:\\\/\\\/www.organisator.ch\\\/\"},{\"@type\":\"ListItem\",\"position\":2,\"name\":\"Der Kaufm\u00e4nnische Verband verzichtet auf Lohnforderungen\"}]},{\"@type\":\"WebSite\",\"@id\":\"https:\\\/\\\/www.organisator.ch\\\/#website\",\"url\":\"https:\\\/\\\/www.organisator.ch\\\/\",\"name\":\"Organisator\",\"description\":\"Kompetent. Praxisnah. Der ORGANISATOR bereitet in 10 Ausgaben pro Jahr die wesentlichen Themen f\u00fcr F\u00fchrungskr\u00e4fte von KMU auf.\",\"publisher\":{\"@id\":\"https:\\\/\\\/www.organisator.ch\\\/#organization\"},\"potentialAction\":[{\"@type\":\"SearchAction\",\"target\":{\"@type\":\"EntryPoint\",\"urlTemplate\":\"https:\\\/\\\/www.organisator.ch\\\/?s={search_term_string}\"},\"query-input\":{\"@type\":\"PropertyValueSpecification\",\"valueRequired\":true,\"valueName\":\"search_term_string\"}}],\"inLanguage\":\"en-US\"},{\"@type\":\"Organization\",\"@id\":\"https:\\\/\\\/www.organisator.ch\\\/#organization\",\"name\":\"Organisator\",\"url\":\"https:\\\/\\\/www.organisator.ch\\\/\",\"logo\":{\"@type\":\"ImageObject\",\"inLanguage\":\"en-US\",\"@id\":\"https:\\\/\\\/www.organisator.ch\\\/#\\\/schema\\\/logo\\\/image\\\/\",\"url\":\"https:\\\/\\\/www.organisator.ch\\\/wp-content\\\/uploads\\\/2022\\\/01\\\/Logo_Organisator_Website.png\",\"contentUrl\":\"https:\\\/\\\/www.organisator.ch\\\/wp-content\\\/uploads\\\/2022\\\/01\\\/Logo_Organisator_Website.png\",\"width\":800,\"height\":77,\"caption\":\"Organisator\"},\"image\":{\"@id\":\"https:\\\/\\\/www.organisator.ch\\\/#\\\/schema\\\/logo\\\/image\\\/\"},\"sameAs\":[\"https:\\\/\\\/www.facebook.com\\\/OrganisatorFachmagazin\",\"https:\\\/\\\/www.linkedin.com\\\/showcase\\\/organisator-das-magazin-fr-kmu\",\"https:\\\/\\\/www.xing.com\\\/news\\\/pages\\\/organisator-ch-695\",\"https:\\\/\\\/www.youtube.com\\\/channel\\\/UCGP2Sq0iWaZwT3BdIAQFYpw\"]},{\"@type\":\"Person\",\"@id\":\"https:\\\/\\\/www.organisator.ch\\\/#\\\/schema\\\/person\\\/6f650f90b2842cd4c0cc334b4e36f67e\",\"name\":\"thomas.berner\",\"image\":{\"@type\":\"ImageObject\",\"inLanguage\":\"en-US\",\"@id\":\"https:\\\/\\\/secure.gravatar.com\\\/avatar\\\/ac5001d2a36cb6c6cd3e50789007ffca834b477b74a2144564522e944eabff61?s=96&d=mm&r=g\",\"url\":\"https:\\\/\\\/secure.gravatar.com\\\/avatar\\\/ac5001d2a36cb6c6cd3e50789007ffca834b477b74a2144564522e944eabff61?s=96&d=mm&r=g\",\"contentUrl\":\"https:\\\/\\\/secure.gravatar.com\\\/avatar\\\/ac5001d2a36cb6c6cd3e50789007ffca834b477b74a2144564522e944eabff61?s=96&d=mm&r=g\",\"caption\":\"thomas.berner\"},\"url\":\"https:\\\/\\\/www.organisator.ch\\\/en\\\/author\\\/thomas-berner\\\/\"}]}<\/script>\n<!-- \/ Yoast SEO plugin. -->","yoast_head_json":{"title":"The Commercial Association waives wage claims - organizer","description":"For the 2021 salary round, the Commercial Association is refraining from demanding higher wages. Instead, it is calling for investment in further training.","robots":{"index":"index","follow":"follow","max-snippet":"max-snippet:-1","max-image-preview":"max-image-preview:large","max-video-preview":"max-video-preview:-1"},"canonical":"https:\/\/www.organisator.ch\/en\/management\/2020-08-04\/der-kaufmaennische-verband-verzichtet-auf-lohnforderungen\/","og_locale":"en_US","og_type":"article","og_title":"Der Kaufm\u00e4nnische Verband verzichtet auf Lohnforderungen","og_description":"F\u00fcr die Lohnrunde 2021 verzichtet der Kaufm\u00e4nnische Verband auf die Forderung nach mehr Lohn. Vielmehr fordert er Investitionen in die Weiterbildung.","og_url":"https:\/\/www.organisator.ch\/en\/management\/2020-08-04\/der-kaufmaennische-verband-verzichtet-auf-lohnforderungen\/","og_site_name":"Organisator","article_publisher":"https:\/\/www.facebook.com\/OrganisatorFachmagazin","article_published_time":"2020-08-04T09:07:30+00:00","og_image":[{"width":680,"height":482,"url":"https:\/\/www.organisator.ch\/wp-content\/uploads\/2020\/08\/Der-Kaufmaennische-Verband-verzichtet-auf-Lohnforderungen_Organisator.jpg","type":"image\/jpeg"}],"author":"thomas.berner","twitter_card":"summary_large_image","twitter_title":"Der Kaufm\u00e4nnische Verband #kfmv verzichtet auf #Lohnforderungen","twitter_description":"F\u00fcr die #Lohnrunde 2021 verzichtet der Kaufm\u00e4nnische Verband auf die Forderung nach mehr #Lohn. Vielmehr fordert er Investitionen in die #Weiterbildung.","twitter_image":"https:\/\/www.organisator.ch\/wp-content\/uploads\/2020\/08\/Der-Kaufmaennische-Verband-verzichtet-auf-Lohnforderungen_Organisator.jpg","schema":{"@context":"https:\/\/schema.org","@graph":[{"@type":"Article","@id":"https:\/\/www.organisator.ch\/management\/2020-08-04\/der-kaufmaennische-verband-verzichtet-auf-lohnforderungen\/#article","isPartOf":{"@id":"https:\/\/www.organisator.ch\/management\/2020-08-04\/der-kaufmaennische-verband-verzichtet-auf-lohnforderungen\/"},"author":{"name":"thomas.berner","@id":"https:\/\/www.organisator.ch\/#\/schema\/person\/6f650f90b2842cd4c0cc334b4e36f67e"},"headline":"Der Kaufm\u00e4nnische Verband verzichtet auf Lohnforderungen","datePublished":"2020-08-04T09:07:30+00:00","mainEntityOfPage":{"@id":"https:\/\/www.organisator.ch\/management\/2020-08-04\/der-kaufmaennische-verband-verzichtet-auf-lohnforderungen\/"},"wordCount":604,"publisher":{"@id":"https:\/\/www.organisator.ch\/#organization"},"image":{"@id":"https:\/\/www.organisator.ch\/management\/2020-08-04\/der-kaufmaennische-verband-verzichtet-auf-lohnforderungen\/#primaryimage"},"thumbnailUrl":"https:\/\/www.organisator.ch\/wp-content\/uploads\/2020\/08\/Der-Kaufmaennische-Verband-verzichtet-auf-Lohnforderungen_Organisator.jpg","keywords":["L\u00f6hne","Management und Unternehmensf\u00fchrung","Verb\u00e4nde","Wirtschaftspolitik"],"articleSection":["MANAGEMENT"],"inLanguage":"en-US"},{"@type":"WebPage","@id":"https:\/\/www.organisator.ch\/management\/2020-08-04\/der-kaufmaennische-verband-verzichtet-auf-lohnforderungen\/","url":"https:\/\/www.organisator.ch\/management\/2020-08-04\/der-kaufmaennische-verband-verzichtet-auf-lohnforderungen\/","name":"The Commercial Association waives wage claims - organizer","isPartOf":{"@id":"https:\/\/www.organisator.ch\/#website"},"primaryImageOfPage":{"@id":"https:\/\/www.organisator.ch\/management\/2020-08-04\/der-kaufmaennische-verband-verzichtet-auf-lohnforderungen\/#primaryimage"},"image":{"@id":"https:\/\/www.organisator.ch\/management\/2020-08-04\/der-kaufmaennische-verband-verzichtet-auf-lohnforderungen\/#primaryimage"},"thumbnailUrl":"https:\/\/www.organisator.ch\/wp-content\/uploads\/2020\/08\/Der-Kaufmaennische-Verband-verzichtet-auf-Lohnforderungen_Organisator.jpg","datePublished":"2020-08-04T09:07:30+00:00","description":"For the 2021 salary round, the Commercial Association is refraining from demanding higher wages. Instead, it is calling for investment in further training.","breadcrumb":{"@id":"https:\/\/www.organisator.ch\/management\/2020-08-04\/der-kaufmaennische-verband-verzichtet-auf-lohnforderungen\/#breadcrumb"},"inLanguage":"en-US","potentialAction":[{"@type":"ReadAction","target":["https:\/\/www.organisator.ch\/management\/2020-08-04\/der-kaufmaennische-verband-verzichtet-auf-lohnforderungen\/"]}]},{"@type":"ImageObject","inLanguage":"en-US","@id":"https:\/\/www.organisator.ch\/management\/2020-08-04\/der-kaufmaennische-verband-verzichtet-auf-lohnforderungen\/#primaryimage","url":"https:\/\/www.organisator.ch\/wp-content\/uploads\/2020\/08\/Der-Kaufmaennische-Verband-verzichtet-auf-Lohnforderungen_Organisator.jpg","contentUrl":"https:\/\/www.organisator.ch\/wp-content\/uploads\/2020\/08\/Der-Kaufmaennische-Verband-verzichtet-auf-Lohnforderungen_Organisator.jpg","width":680,"height":482,"caption":"Der Kaufm\u00e4nnische Verband fordert mehr Investitionen in die Weiterbildung, verzichtet daf\u00fcr wegen der Corona-Krise auf Lohnforderungen. (Bild: Fotolia.com)"},{"@type":"BreadcrumbList","@id":"https:\/\/www.organisator.ch\/management\/2020-08-04\/der-kaufmaennische-verband-verzichtet-auf-lohnforderungen\/#breadcrumb","itemListElement":[{"@type":"ListItem","position":1,"name":"Home","item":"https:\/\/www.organisator.ch\/"},{"@type":"ListItem","position":2,"name":"Der Kaufm\u00e4nnische Verband verzichtet auf Lohnforderungen"}]},{"@type":"WebSite","@id":"https:\/\/www.organisator.ch\/#website","url":"https:\/\/www.organisator.ch\/","name":"Organizer","description":"Competent. Practical. In 10 issues per year, ORGANISATOR presents the essential topics for managers of SMEs.","publisher":{"@id":"https:\/\/www.organisator.ch\/#organization"},"potentialAction":[{"@type":"SearchAction","target":{"@type":"EntryPoint","urlTemplate":"https:\/\/www.organisator.ch\/?s={search_term_string}"},"query-input":{"@type":"PropertyValueSpecification","valueRequired":true,"valueName":"search_term_string"}}],"inLanguage":"en-US"},{"@type":"Organization","@id":"https:\/\/www.organisator.ch\/#organization","name":"Organizer","url":"https:\/\/www.organisator.ch\/","logo":{"@type":"ImageObject","inLanguage":"en-US","@id":"https:\/\/www.organisator.ch\/#\/schema\/logo\/image\/","url":"https:\/\/www.organisator.ch\/wp-content\/uploads\/2022\/01\/Logo_Organisator_Website.png","contentUrl":"https:\/\/www.organisator.ch\/wp-content\/uploads\/2022\/01\/Logo_Organisator_Website.png","width":800,"height":77,"caption":"Organisator"},"image":{"@id":"https:\/\/www.organisator.ch\/#\/schema\/logo\/image\/"},"sameAs":["https:\/\/www.facebook.com\/OrganisatorFachmagazin","https:\/\/www.linkedin.com\/showcase\/organisator-das-magazin-fr-kmu","https:\/\/www.xing.com\/news\/pages\/organisator-ch-695","https:\/\/www.youtube.com\/channel\/UCGP2Sq0iWaZwT3BdIAQFYpw"]},{"@type":"Person","@id":"https:\/\/www.organisator.ch\/#\/schema\/person\/6f650f90b2842cd4c0cc334b4e36f67e","name":"thomas.berner","image":{"@type":"ImageObject","inLanguage":"en-US","@id":"https:\/\/secure.gravatar.com\/avatar\/ac5001d2a36cb6c6cd3e50789007ffca834b477b74a2144564522e944eabff61?s=96&d=mm&r=g","url":"https:\/\/secure.gravatar.com\/avatar\/ac5001d2a36cb6c6cd3e50789007ffca834b477b74a2144564522e944eabff61?s=96&d=mm&r=g","contentUrl":"https:\/\/secure.gravatar.com\/avatar\/ac5001d2a36cb6c6cd3e50789007ffca834b477b74a2144564522e944eabff61?s=96&d=mm&r=g","caption":"thomas.berner"},"url":"https:\/\/www.organisator.ch\/en\/author\/thomas-berner\/"}]}},"_links":{"self":[{"href":"https:\/\/www.organisator.ch\/en\/wp-json\/wp\/v2\/posts\/6991","targetHints":{"allow":["GET"]}}],"collection":[{"href":"https:\/\/www.organisator.ch\/en\/wp-json\/wp\/v2\/posts"}],"about":[{"href":"https:\/\/www.organisator.ch\/en\/wp-json\/wp\/v2\/types\/post"}],"author":[{"embeddable":true,"href":"https:\/\/www.organisator.ch\/en\/wp-json\/wp\/v2\/users\/4"}],"replies":[{"embeddable":true,"href":"https:\/\/www.organisator.ch\/en\/wp-json\/wp\/v2\/comments?post=6991"}],"version-history":[{"count":0,"href":"https:\/\/www.organisator.ch\/en\/wp-json\/wp\/v2\/posts\/6991\/revisions"}],"wp:featuredmedia":[{"embeddable":true,"href":"https:\/\/www.organisator.ch\/en\/wp-json\/wp\/v2\/media\/6992"}],"wp:attachment":[{"href":"https:\/\/www.organisator.ch\/en\/wp-json\/wp\/v2\/media?parent=6991"}],"wp:term":[{"taxonomy":"category","embeddable":true,"href":"https:\/\/www.organisator.ch\/en\/wp-json\/wp\/v2\/categories?post=6991"},{"taxonomy":"post_tag","embeddable":true,"href":"https:\/\/www.organisator.ch\/en\/wp-json\/wp\/v2\/tags?post=6991"}],"curies":[{"name":"wp","href":"https:\/\/api.w.org\/{rel}","templated":true}]}}