{"id":7032,"date":"2020-08-20T14:11:02","date_gmt":"2020-08-20T12:11:02","guid":{"rendered":"https:\/\/www.organisator.ch\/?p=7032"},"modified":"2020-08-20T14:11:02","modified_gmt":"2020-08-20T12:11:02","slug":"geschaeftsklima-index-corona-krise-trifft-mem-branche-hart","status":"publish","type":"post","link":"https:\/\/www.organisator.ch\/en\/management\/2020-08-20\/geschaeftsklima-index-corona-krise-trifft-mem-branche-hart\/","title":{"rendered":"Business Climate Index: Corona crisis hits MEM sector hard"},"content":{"rendered":"<figure id=\"attachment_7033\" aria-describedby=\"caption-attachment-7033\" style=\"width: 680px\" class=\"wp-caption alignnone\"><img loading=\"lazy\" decoding=\"async\" class=\"size-medium wp-image-7033\" src=\"https:\/\/www.organisator.ch\/wp-content\/uploads\/2020\/08\/Geschaeftsklima-Index-Die-MEM-Branche-wird-von-der-Corona-Krise-hart-getroffen_Organisator.jpg\" alt=\"\" width=\"680\" height=\"443\" srcset=\"https:\/\/www.organisator.ch\/wp-content\/uploads\/2020\/08\/Geschaeftsklima-Index-Die-MEM-Branche-wird-von-der-Corona-Krise-hart-getroffen_Organisator.jpg 680w, https:\/\/www.organisator.ch\/wp-content\/uploads\/2020\/08\/Geschaeftsklima-Index-Die-MEM-Branche-wird-von-der-Corona-Krise-hart-getroffen_Organisator-16x10.jpg 16w, https:\/\/www.organisator.ch\/wp-content\/uploads\/2020\/08\/Geschaeftsklima-Index-Die-MEM-Branche-wird-von-der-Corona-Krise-hart-getroffen_Organisator-269x175.jpg 269w, https:\/\/www.organisator.ch\/wp-content\/uploads\/2020\/08\/Geschaeftsklima-Index-Die-MEM-Branche-wird-von-der-Corona-Krise-hart-getroffen_Organisator-537x350.jpg 537w, https:\/\/www.organisator.ch\/wp-content\/uploads\/2020\/08\/Geschaeftsklima-Index-Die-MEM-Branche-wird-von-der-Corona-Krise-hart-getroffen_Organisator-300x195.jpg 300w\" sizes=\"auto, (max-width: 680px) 100vw, 680px\" \/><figcaption id=\"caption-attachment-7033\" class=\"wp-caption-text\">Deep in the red: Swissmechanic's business climate index continues to show pessimism in the MEM sector.<\/figcaption><\/figure>\n<p>The quarterly survey conducted in July by Swissmechanic and BAK Economics among around 300 SMEs in the MEM sector shows that the crisis in the MEM sector is increasingly shifting from the supply side to the demand side. Although some companies were still affected by supply chain interruptions (19%) and staff shortages (12%) in July, the number of these has more than halved compared with April.<\/p>\n<h2>Business climate index points to severe recession<\/h2>\n<p>The Business Climate Index shows how hard SMEs in the MEM sector have been hit by the Corona crisis: 27 percent of companies have had to make redundancies, 63 percent have reduced investment spending and even more have registered for short-time working. However, there are not only negative signals for the future development. For example, new orders in the third quarter are not expected to fall as sharply as in the second. \"The Corona crisis has plunged the Swiss economy into a severe recession, with the MEM sector slumping even more than the economy as a whole,\" Swissmechanic Director J\u00fcrg Marti notes, adding, \"The main problem is the lack of orders.\"<\/p>\n<h2>Lack of orders continues to accentuate<\/h2>\n<p>The percentage of companies for which a lack of orders is the main problem rose to 89 percent in July (April 63%). Just under half are gearing up for the lack of orders to last more than six months. The background is that end customers in the MEM sector are only making the most necessary investments due to the global economic slump, the high level of uncertainty and the increased need for liquidity.<\/p>\n<p>This weakness in demand - fueled by the strength of the Swiss franc - is also reflected in the dramatic 25 percent slump in exports across the entire MEM goods spectrum in the second quarter of 2020. Producer prices also declined in the same period, but only moderately.<\/p>\n<h2>Hiring freeze and short-time working<\/h2>\n<p>The industry is taking strong countermeasures. Around 70 percent of companies have imposed a hiring freeze and applied for short-time working. In the second quarter, the industry average was 29 percent short-time work, and this figure is expected to rise to 34 percent in the third quarter. The fact that the Federal Council decided in mid-August to extend enforcement relief for short-time work compensation until the end of the year is good news for the cantons and, of course, for the beleaguered economy. Compared with April (16%), the proportion of companies stating that they are making redundancies has also increased (July 27%). However, the MEM companies are not only cutting back on staff; two-thirds are also cutting back on investments.<\/p>\n<h2>Behavior positive sign<\/h2>\n<p>Amidst the bad news, however, there are also cautiously positive signs. Marti: \"The SMEs surveyed expect a slight slowdown in the slump in orders for the third quarter. In addition, fewer companies report liquidity problems than in April, and still only a small minority (5%) see a serious risk of bankruptcy.\" The majority of SMEs surveyed are also sticking to planned R&amp;D projects and further training.<\/p>\n<p><em>Source: <a href=\"https:\/\/www.swissmechanic.ch\/\">Swissmechanic<\/a><\/em><\/p>","protected":false},"excerpt":{"rendered":"<p>Die im Juli durchgef\u00fchrte Quartalsbefragung von Swissmechanic und BAK Economics bei rund 300 KMU der MEM-Branche zeigt, dass sich der Krisenherd in der MEM-Branche zunehmend von der Angebots-auf die Nachfrageseite verschiebt. Zwar ist auch im Juli noch ein Teil der Unternehmen von Unterbr\u00fc-chen in den Lieferketten (19%) und Personalausf\u00e4llen (12%) betroffen, deren Anzahl hat sich [&hellip;]<\/p>\n","protected":false},"author":4,"featured_media":7033,"comment_status":"closed","ping_status":"closed","sticky":false,"template":"","format":"standard","meta":{"_acf_changed":false,"_yoast_wpseo_focuskw":"Gesch\u00e4ftsklima-Index","_yoast_wpseo_metadesc":"Der Swissmechanic Gesch\u00e4ftsklima-Index f\u00fcr die MEM-Branche hat sich im Juli auf tiefem Niveau stabilisiert. 89 Prozent der KMU leiden unter Auftragsmangel.","articlekey":"","footnotes":""},"categories":[28],"tags":[132,335,452,531],"class_list":["post-7032","post","type-post","status-publish","format-standard","has-post-thumbnail","hentry","category-management","tag-coronavirus","tag-management-und-unternehmensfuehrung","tag-statistik","tag-wirtschaftspolitik"],"acf":[],"yoast_head":"<!-- This site is optimized with the Yoast SEO plugin v27.4 - https:\/\/yoast.com\/product\/yoast-seo-wordpress\/ -->\n<title>Gesch\u00e4ftsklima-Index: Corona-Krise trifft MEM-Branche hart - Organisator<\/title>\n<meta name=\"description\" content=\"Der Swissmechanic Gesch\u00e4ftsklima-Index f\u00fcr die MEM-Branche hat sich im Juli auf tiefem Niveau stabilisiert. 89 Prozent der KMU leiden unter Auftragsmangel.\" \/>\n<meta name=\"robots\" content=\"index, follow, max-snippet:-1, max-image-preview:large, max-video-preview:-1\" \/>\n<link rel=\"canonical\" href=\"https:\/\/www.organisator.ch\/en\/management\/2020-08-20\/geschaeftsklima-index-corona-krise-trifft-mem-branche-hart\/\" \/>\n<meta property=\"og:locale\" content=\"en_US\" \/>\n<meta property=\"og:type\" content=\"article\" \/>\n<meta property=\"og:title\" content=\"Gesch\u00e4ftsklima-Index: Corona-Krise trifft MEM-Branche hart\" \/>\n<meta property=\"og:description\" content=\"Der Swissmechanic Gesch\u00e4ftsklima-Index f\u00fcr die MEM-Branche hat sich im Juli auf tiefem Niveau stabilisiert. 89 Prozent der KMU leiden unter Auftragsmangel.\" \/>\n<meta property=\"og:url\" content=\"https:\/\/www.organisator.ch\/en\/management\/2020-08-20\/geschaeftsklima-index-corona-krise-trifft-mem-branche-hart\/\" \/>\n<meta property=\"og:site_name\" content=\"Organisator\" \/>\n<meta property=\"article:publisher\" content=\"https:\/\/www.facebook.com\/OrganisatorFachmagazin\" \/>\n<meta property=\"article:published_time\" content=\"2020-08-20T12:11:02+00:00\" \/>\n<meta property=\"og:image\" content=\"https:\/\/www.organisator.ch\/wp-content\/uploads\/2020\/08\/Geschaeftsklima-Index-Die-MEM-Branche-wird-von-der-Corona-Krise-hart-getroffen_Organisator.jpg\" \/>\n\t<meta property=\"og:image:width\" content=\"680\" \/>\n\t<meta property=\"og:image:height\" content=\"443\" \/>\n\t<meta property=\"og:image:type\" content=\"image\/jpeg\" \/>\n<meta name=\"author\" content=\"thomas.berner\" \/>\n<meta name=\"twitter:card\" content=\"summary_large_image\" \/>\n<meta name=\"twitter:title\" content=\"#Gesch\u00e4ftsklima-Index: Corona-Krise trifft #MEM-Branche hart\" \/>\n<meta name=\"twitter:description\" content=\"Der #Swissmechanic #Gesch\u00e4ftsklima-Index f\u00fcr die #MEM-Branche hat sich im Juli auf tiefem Niveau stabilisiert. 89 Prozent der KMU leiden unter Auftragsmangel.\" \/>\n<meta name=\"twitter:image\" content=\"https:\/\/www.organisator.ch\/wp-content\/uploads\/2020\/08\/Geschaeftsklima-Index-Die-MEM-Branche-wird-von-der-Corona-Krise-hart-getroffen_Organisator.jpg\" \/>\n<script type=\"application\/ld+json\" class=\"yoast-schema-graph\">{\"@context\":\"https:\\\/\\\/schema.org\",\"@graph\":[{\"@type\":\"Article\",\"@id\":\"https:\\\/\\\/www.organisator.ch\\\/management\\\/2020-08-20\\\/geschaeftsklima-index-corona-krise-trifft-mem-branche-hart\\\/#article\",\"isPartOf\":{\"@id\":\"https:\\\/\\\/www.organisator.ch\\\/management\\\/2020-08-20\\\/geschaeftsklima-index-corona-krise-trifft-mem-branche-hart\\\/\"},\"author\":{\"name\":\"thomas.berner\",\"@id\":\"https:\\\/\\\/www.organisator.ch\\\/#\\\/schema\\\/person\\\/6f650f90b2842cd4c0cc334b4e36f67e\"},\"headline\":\"Gesch\u00e4ftsklima-Index: Corona-Krise trifft MEM-Branche hart\",\"datePublished\":\"2020-08-20T12:11:02+00:00\",\"mainEntityOfPage\":{\"@id\":\"https:\\\/\\\/www.organisator.ch\\\/management\\\/2020-08-20\\\/geschaeftsklima-index-corona-krise-trifft-mem-branche-hart\\\/\"},\"wordCount\":470,\"publisher\":{\"@id\":\"https:\\\/\\\/www.organisator.ch\\\/#organization\"},\"image\":{\"@id\":\"https:\\\/\\\/www.organisator.ch\\\/management\\\/2020-08-20\\\/geschaeftsklima-index-corona-krise-trifft-mem-branche-hart\\\/#primaryimage\"},\"thumbnailUrl\":\"https:\\\/\\\/www.organisator.ch\\\/wp-content\\\/uploads\\\/2020\\\/08\\\/Geschaeftsklima-Index-Die-MEM-Branche-wird-von-der-Corona-Krise-hart-getroffen_Organisator.jpg\",\"keywords\":[\"Coronavirus\",\"Management und Unternehmensf\u00fchrung\",\"Statistik\",\"Wirtschaftspolitik\"],\"articleSection\":[\"MANAGEMENT\"],\"inLanguage\":\"en-US\"},{\"@type\":\"WebPage\",\"@id\":\"https:\\\/\\\/www.organisator.ch\\\/management\\\/2020-08-20\\\/geschaeftsklima-index-corona-krise-trifft-mem-branche-hart\\\/\",\"url\":\"https:\\\/\\\/www.organisator.ch\\\/management\\\/2020-08-20\\\/geschaeftsklima-index-corona-krise-trifft-mem-branche-hart\\\/\",\"name\":\"Gesch\u00e4ftsklima-Index: Corona-Krise trifft MEM-Branche hart - Organisator\",\"isPartOf\":{\"@id\":\"https:\\\/\\\/www.organisator.ch\\\/#website\"},\"primaryImageOfPage\":{\"@id\":\"https:\\\/\\\/www.organisator.ch\\\/management\\\/2020-08-20\\\/geschaeftsklima-index-corona-krise-trifft-mem-branche-hart\\\/#primaryimage\"},\"image\":{\"@id\":\"https:\\\/\\\/www.organisator.ch\\\/management\\\/2020-08-20\\\/geschaeftsklima-index-corona-krise-trifft-mem-branche-hart\\\/#primaryimage\"},\"thumbnailUrl\":\"https:\\\/\\\/www.organisator.ch\\\/wp-content\\\/uploads\\\/2020\\\/08\\\/Geschaeftsklima-Index-Die-MEM-Branche-wird-von-der-Corona-Krise-hart-getroffen_Organisator.jpg\",\"datePublished\":\"2020-08-20T12:11:02+00:00\",\"description\":\"Der Swissmechanic Gesch\u00e4ftsklima-Index f\u00fcr die MEM-Branche hat sich im Juli auf tiefem Niveau stabilisiert. 89 Prozent der KMU leiden unter Auftragsmangel.\",\"breadcrumb\":{\"@id\":\"https:\\\/\\\/www.organisator.ch\\\/management\\\/2020-08-20\\\/geschaeftsklima-index-corona-krise-trifft-mem-branche-hart\\\/#breadcrumb\"},\"inLanguage\":\"en-US\",\"potentialAction\":[{\"@type\":\"ReadAction\",\"target\":[\"https:\\\/\\\/www.organisator.ch\\\/management\\\/2020-08-20\\\/geschaeftsklima-index-corona-krise-trifft-mem-branche-hart\\\/\"]}]},{\"@type\":\"ImageObject\",\"inLanguage\":\"en-US\",\"@id\":\"https:\\\/\\\/www.organisator.ch\\\/management\\\/2020-08-20\\\/geschaeftsklima-index-corona-krise-trifft-mem-branche-hart\\\/#primaryimage\",\"url\":\"https:\\\/\\\/www.organisator.ch\\\/wp-content\\\/uploads\\\/2020\\\/08\\\/Geschaeftsklima-Index-Die-MEM-Branche-wird-von-der-Corona-Krise-hart-getroffen_Organisator.jpg\",\"contentUrl\":\"https:\\\/\\\/www.organisator.ch\\\/wp-content\\\/uploads\\\/2020\\\/08\\\/Geschaeftsklima-Index-Die-MEM-Branche-wird-von-der-Corona-Krise-hart-getroffen_Organisator.jpg\",\"width\":680,\"height\":443,\"caption\":\"Tief im roten Bereich: Der Gesch\u00e4ftsklima-Index von Swissmechanic zeigt weiterhin Pessimismus in der MEM-Branche. (Grafik: Swissmechanic)\"},{\"@type\":\"BreadcrumbList\",\"@id\":\"https:\\\/\\\/www.organisator.ch\\\/management\\\/2020-08-20\\\/geschaeftsklima-index-corona-krise-trifft-mem-branche-hart\\\/#breadcrumb\",\"itemListElement\":[{\"@type\":\"ListItem\",\"position\":1,\"name\":\"Home\",\"item\":\"https:\\\/\\\/www.organisator.ch\\\/\"},{\"@type\":\"ListItem\",\"position\":2,\"name\":\"Gesch\u00e4ftsklima-Index: Corona-Krise trifft MEM-Branche hart\"}]},{\"@type\":\"WebSite\",\"@id\":\"https:\\\/\\\/www.organisator.ch\\\/#website\",\"url\":\"https:\\\/\\\/www.organisator.ch\\\/\",\"name\":\"Organisator\",\"description\":\"Kompetent. Praxisnah. Der ORGANISATOR bereitet in 10 Ausgaben pro Jahr die wesentlichen Themen f\u00fcr F\u00fchrungskr\u00e4fte von KMU auf.\",\"publisher\":{\"@id\":\"https:\\\/\\\/www.organisator.ch\\\/#organization\"},\"potentialAction\":[{\"@type\":\"SearchAction\",\"target\":{\"@type\":\"EntryPoint\",\"urlTemplate\":\"https:\\\/\\\/www.organisator.ch\\\/?s={search_term_string}\"},\"query-input\":{\"@type\":\"PropertyValueSpecification\",\"valueRequired\":true,\"valueName\":\"search_term_string\"}}],\"inLanguage\":\"en-US\"},{\"@type\":\"Organization\",\"@id\":\"https:\\\/\\\/www.organisator.ch\\\/#organization\",\"name\":\"Organisator\",\"url\":\"https:\\\/\\\/www.organisator.ch\\\/\",\"logo\":{\"@type\":\"ImageObject\",\"inLanguage\":\"en-US\",\"@id\":\"https:\\\/\\\/www.organisator.ch\\\/#\\\/schema\\\/logo\\\/image\\\/\",\"url\":\"https:\\\/\\\/www.organisator.ch\\\/wp-content\\\/uploads\\\/2022\\\/01\\\/Logo_Organisator_Website.png\",\"contentUrl\":\"https:\\\/\\\/www.organisator.ch\\\/wp-content\\\/uploads\\\/2022\\\/01\\\/Logo_Organisator_Website.png\",\"width\":800,\"height\":77,\"caption\":\"Organisator\"},\"image\":{\"@id\":\"https:\\\/\\\/www.organisator.ch\\\/#\\\/schema\\\/logo\\\/image\\\/\"},\"sameAs\":[\"https:\\\/\\\/www.facebook.com\\\/OrganisatorFachmagazin\",\"https:\\\/\\\/www.linkedin.com\\\/showcase\\\/organisator-das-magazin-fr-kmu\",\"https:\\\/\\\/www.xing.com\\\/news\\\/pages\\\/organisator-ch-695\",\"https:\\\/\\\/www.youtube.com\\\/channel\\\/UCGP2Sq0iWaZwT3BdIAQFYpw\"]},{\"@type\":\"Person\",\"@id\":\"https:\\\/\\\/www.organisator.ch\\\/#\\\/schema\\\/person\\\/6f650f90b2842cd4c0cc334b4e36f67e\",\"name\":\"thomas.berner\",\"image\":{\"@type\":\"ImageObject\",\"inLanguage\":\"en-US\",\"@id\":\"https:\\\/\\\/secure.gravatar.com\\\/avatar\\\/ac5001d2a36cb6c6cd3e50789007ffca834b477b74a2144564522e944eabff61?s=96&d=mm&r=g\",\"url\":\"https:\\\/\\\/secure.gravatar.com\\\/avatar\\\/ac5001d2a36cb6c6cd3e50789007ffca834b477b74a2144564522e944eabff61?s=96&d=mm&r=g\",\"contentUrl\":\"https:\\\/\\\/secure.gravatar.com\\\/avatar\\\/ac5001d2a36cb6c6cd3e50789007ffca834b477b74a2144564522e944eabff61?s=96&d=mm&r=g\",\"caption\":\"thomas.berner\"},\"url\":\"https:\\\/\\\/www.organisator.ch\\\/en\\\/author\\\/thomas-berner\\\/\"}]}<\/script>\n<!-- \/ Yoast SEO plugin. -->","yoast_head_json":{"title":"Business climate index: Corona crisis hits MEM sector hard - Organizer","description":"The Swissmechanic business climate index for the MEM sector stabilized at a low level in July. 89 percent of SMEs are suffering from a lack of orders.","robots":{"index":"index","follow":"follow","max-snippet":"max-snippet:-1","max-image-preview":"max-image-preview:large","max-video-preview":"max-video-preview:-1"},"canonical":"https:\/\/www.organisator.ch\/en\/management\/2020-08-20\/geschaeftsklima-index-corona-krise-trifft-mem-branche-hart\/","og_locale":"en_US","og_type":"article","og_title":"Gesch\u00e4ftsklima-Index: Corona-Krise trifft MEM-Branche hart","og_description":"Der Swissmechanic Gesch\u00e4ftsklima-Index f\u00fcr die MEM-Branche hat sich im Juli auf tiefem Niveau stabilisiert. 89 Prozent der KMU leiden unter Auftragsmangel.","og_url":"https:\/\/www.organisator.ch\/en\/management\/2020-08-20\/geschaeftsklima-index-corona-krise-trifft-mem-branche-hart\/","og_site_name":"Organisator","article_publisher":"https:\/\/www.facebook.com\/OrganisatorFachmagazin","article_published_time":"2020-08-20T12:11:02+00:00","og_image":[{"width":680,"height":443,"url":"https:\/\/www.organisator.ch\/wp-content\/uploads\/2020\/08\/Geschaeftsklima-Index-Die-MEM-Branche-wird-von-der-Corona-Krise-hart-getroffen_Organisator.jpg","type":"image\/jpeg"}],"author":"thomas.berner","twitter_card":"summary_large_image","twitter_title":"#Gesch\u00e4ftsklima-Index: Corona-Krise trifft #MEM-Branche hart","twitter_description":"Der #Swissmechanic #Gesch\u00e4ftsklima-Index f\u00fcr die #MEM-Branche hat sich im Juli auf tiefem Niveau stabilisiert. 89 Prozent der KMU leiden unter Auftragsmangel.","twitter_image":"https:\/\/www.organisator.ch\/wp-content\/uploads\/2020\/08\/Geschaeftsklima-Index-Die-MEM-Branche-wird-von-der-Corona-Krise-hart-getroffen_Organisator.jpg","schema":{"@context":"https:\/\/schema.org","@graph":[{"@type":"Article","@id":"https:\/\/www.organisator.ch\/management\/2020-08-20\/geschaeftsklima-index-corona-krise-trifft-mem-branche-hart\/#article","isPartOf":{"@id":"https:\/\/www.organisator.ch\/management\/2020-08-20\/geschaeftsklima-index-corona-krise-trifft-mem-branche-hart\/"},"author":{"name":"thomas.berner","@id":"https:\/\/www.organisator.ch\/#\/schema\/person\/6f650f90b2842cd4c0cc334b4e36f67e"},"headline":"Gesch\u00e4ftsklima-Index: Corona-Krise trifft MEM-Branche hart","datePublished":"2020-08-20T12:11:02+00:00","mainEntityOfPage":{"@id":"https:\/\/www.organisator.ch\/management\/2020-08-20\/geschaeftsklima-index-corona-krise-trifft-mem-branche-hart\/"},"wordCount":470,"publisher":{"@id":"https:\/\/www.organisator.ch\/#organization"},"image":{"@id":"https:\/\/www.organisator.ch\/management\/2020-08-20\/geschaeftsklima-index-corona-krise-trifft-mem-branche-hart\/#primaryimage"},"thumbnailUrl":"https:\/\/www.organisator.ch\/wp-content\/uploads\/2020\/08\/Geschaeftsklima-Index-Die-MEM-Branche-wird-von-der-Corona-Krise-hart-getroffen_Organisator.jpg","keywords":["Coronavirus","Management und Unternehmensf\u00fchrung","Statistik","Wirtschaftspolitik"],"articleSection":["MANAGEMENT"],"inLanguage":"en-US"},{"@type":"WebPage","@id":"https:\/\/www.organisator.ch\/management\/2020-08-20\/geschaeftsklima-index-corona-krise-trifft-mem-branche-hart\/","url":"https:\/\/www.organisator.ch\/management\/2020-08-20\/geschaeftsklima-index-corona-krise-trifft-mem-branche-hart\/","name":"Business climate index: Corona crisis hits MEM sector hard - Organizer","isPartOf":{"@id":"https:\/\/www.organisator.ch\/#website"},"primaryImageOfPage":{"@id":"https:\/\/www.organisator.ch\/management\/2020-08-20\/geschaeftsklima-index-corona-krise-trifft-mem-branche-hart\/#primaryimage"},"image":{"@id":"https:\/\/www.organisator.ch\/management\/2020-08-20\/geschaeftsklima-index-corona-krise-trifft-mem-branche-hart\/#primaryimage"},"thumbnailUrl":"https:\/\/www.organisator.ch\/wp-content\/uploads\/2020\/08\/Geschaeftsklima-Index-Die-MEM-Branche-wird-von-der-Corona-Krise-hart-getroffen_Organisator.jpg","datePublished":"2020-08-20T12:11:02+00:00","description":"The Swissmechanic business climate index for the MEM sector stabilized at a low level in July. 89 percent of SMEs are suffering from a lack of orders.","breadcrumb":{"@id":"https:\/\/www.organisator.ch\/management\/2020-08-20\/geschaeftsklima-index-corona-krise-trifft-mem-branche-hart\/#breadcrumb"},"inLanguage":"en-US","potentialAction":[{"@type":"ReadAction","target":["https:\/\/www.organisator.ch\/management\/2020-08-20\/geschaeftsklima-index-corona-krise-trifft-mem-branche-hart\/"]}]},{"@type":"ImageObject","inLanguage":"en-US","@id":"https:\/\/www.organisator.ch\/management\/2020-08-20\/geschaeftsklima-index-corona-krise-trifft-mem-branche-hart\/#primaryimage","url":"https:\/\/www.organisator.ch\/wp-content\/uploads\/2020\/08\/Geschaeftsklima-Index-Die-MEM-Branche-wird-von-der-Corona-Krise-hart-getroffen_Organisator.jpg","contentUrl":"https:\/\/www.organisator.ch\/wp-content\/uploads\/2020\/08\/Geschaeftsklima-Index-Die-MEM-Branche-wird-von-der-Corona-Krise-hart-getroffen_Organisator.jpg","width":680,"height":443,"caption":"Tief im roten Bereich: Der Gesch\u00e4ftsklima-Index von Swissmechanic zeigt weiterhin Pessimismus in der MEM-Branche. (Grafik: Swissmechanic)"},{"@type":"BreadcrumbList","@id":"https:\/\/www.organisator.ch\/management\/2020-08-20\/geschaeftsklima-index-corona-krise-trifft-mem-branche-hart\/#breadcrumb","itemListElement":[{"@type":"ListItem","position":1,"name":"Home","item":"https:\/\/www.organisator.ch\/"},{"@type":"ListItem","position":2,"name":"Gesch\u00e4ftsklima-Index: Corona-Krise trifft MEM-Branche hart"}]},{"@type":"WebSite","@id":"https:\/\/www.organisator.ch\/#website","url":"https:\/\/www.organisator.ch\/","name":"Organizer","description":"Competent. Practical. In 10 issues per year, ORGANISATOR presents the essential topics for managers of SMEs.","publisher":{"@id":"https:\/\/www.organisator.ch\/#organization"},"potentialAction":[{"@type":"SearchAction","target":{"@type":"EntryPoint","urlTemplate":"https:\/\/www.organisator.ch\/?s={search_term_string}"},"query-input":{"@type":"PropertyValueSpecification","valueRequired":true,"valueName":"search_term_string"}}],"inLanguage":"en-US"},{"@type":"Organization","@id":"https:\/\/www.organisator.ch\/#organization","name":"Organizer","url":"https:\/\/www.organisator.ch\/","logo":{"@type":"ImageObject","inLanguage":"en-US","@id":"https:\/\/www.organisator.ch\/#\/schema\/logo\/image\/","url":"https:\/\/www.organisator.ch\/wp-content\/uploads\/2022\/01\/Logo_Organisator_Website.png","contentUrl":"https:\/\/www.organisator.ch\/wp-content\/uploads\/2022\/01\/Logo_Organisator_Website.png","width":800,"height":77,"caption":"Organisator"},"image":{"@id":"https:\/\/www.organisator.ch\/#\/schema\/logo\/image\/"},"sameAs":["https:\/\/www.facebook.com\/OrganisatorFachmagazin","https:\/\/www.linkedin.com\/showcase\/organisator-das-magazin-fr-kmu","https:\/\/www.xing.com\/news\/pages\/organisator-ch-695","https:\/\/www.youtube.com\/channel\/UCGP2Sq0iWaZwT3BdIAQFYpw"]},{"@type":"Person","@id":"https:\/\/www.organisator.ch\/#\/schema\/person\/6f650f90b2842cd4c0cc334b4e36f67e","name":"thomas.berner","image":{"@type":"ImageObject","inLanguage":"en-US","@id":"https:\/\/secure.gravatar.com\/avatar\/ac5001d2a36cb6c6cd3e50789007ffca834b477b74a2144564522e944eabff61?s=96&d=mm&r=g","url":"https:\/\/secure.gravatar.com\/avatar\/ac5001d2a36cb6c6cd3e50789007ffca834b477b74a2144564522e944eabff61?s=96&d=mm&r=g","contentUrl":"https:\/\/secure.gravatar.com\/avatar\/ac5001d2a36cb6c6cd3e50789007ffca834b477b74a2144564522e944eabff61?s=96&d=mm&r=g","caption":"thomas.berner"},"url":"https:\/\/www.organisator.ch\/en\/author\/thomas-berner\/"}]}},"_links":{"self":[{"href":"https:\/\/www.organisator.ch\/en\/wp-json\/wp\/v2\/posts\/7032","targetHints":{"allow":["GET"]}}],"collection":[{"href":"https:\/\/www.organisator.ch\/en\/wp-json\/wp\/v2\/posts"}],"about":[{"href":"https:\/\/www.organisator.ch\/en\/wp-json\/wp\/v2\/types\/post"}],"author":[{"embeddable":true,"href":"https:\/\/www.organisator.ch\/en\/wp-json\/wp\/v2\/users\/4"}],"replies":[{"embeddable":true,"href":"https:\/\/www.organisator.ch\/en\/wp-json\/wp\/v2\/comments?post=7032"}],"version-history":[{"count":0,"href":"https:\/\/www.organisator.ch\/en\/wp-json\/wp\/v2\/posts\/7032\/revisions"}],"wp:featuredmedia":[{"embeddable":true,"href":"https:\/\/www.organisator.ch\/en\/wp-json\/wp\/v2\/media\/7033"}],"wp:attachment":[{"href":"https:\/\/www.organisator.ch\/en\/wp-json\/wp\/v2\/media?parent=7032"}],"wp:term":[{"taxonomy":"category","embeddable":true,"href":"https:\/\/www.organisator.ch\/en\/wp-json\/wp\/v2\/categories?post=7032"},{"taxonomy":"post_tag","embeddable":true,"href":"https:\/\/www.organisator.ch\/en\/wp-json\/wp\/v2\/tags?post=7032"}],"curies":[{"name":"wp","href":"https:\/\/api.w.org\/{rel}","templated":true}]}}