{"id":7062,"date":"2020-09-01T08:11:20","date_gmt":"2020-09-01T06:11:20","guid":{"rendered":"https:\/\/www.organisator.ch\/?p=7062"},"modified":"2020-09-01T08:11:20","modified_gmt":"2020-09-01T06:11:20","slug":"umstellung-aufs-homeoffice-belebt-den-schweizer-cyber-security-markt","status":"publish","type":"post","link":"https:\/\/www.organisator.ch\/en\/management\/it\/2020-09-01\/umstellung-aufs-homeoffice-belebt-den-schweizer-cyber-security-markt\/","title":{"rendered":"Switch to home office boosts Swiss cyber security market"},"content":{"rendered":"<figure id=\"attachment_7063\" aria-describedby=\"caption-attachment-7063\" style=\"width: 680px\" class=\"wp-caption alignnone\"><img loading=\"lazy\" decoding=\"async\" class=\"size-medium wp-image-7063\" src=\"https:\/\/www.organisator.ch\/wp-content\/uploads\/2020\/09\/Umstellung-aufs-Homeoffice-belebt-den-Schweizer-Cyber-Security-Markt_Organisator.jpg\" alt=\"\" width=\"680\" height=\"491\" srcset=\"https:\/\/www.organisator.ch\/wp-content\/uploads\/2020\/09\/Umstellung-aufs-Homeoffice-belebt-den-Schweizer-Cyber-Security-Markt_Organisator.jpg 680w, https:\/\/www.organisator.ch\/wp-content\/uploads\/2020\/09\/Umstellung-aufs-Homeoffice-belebt-den-Schweizer-Cyber-Security-Markt_Organisator-16x12.jpg 16w, https:\/\/www.organisator.ch\/wp-content\/uploads\/2020\/09\/Umstellung-aufs-Homeoffice-belebt-den-Schweizer-Cyber-Security-Markt_Organisator-242x175.jpg 242w, https:\/\/www.organisator.ch\/wp-content\/uploads\/2020\/09\/Umstellung-aufs-Homeoffice-belebt-den-Schweizer-Cyber-Security-Markt_Organisator-485x350.jpg 485w, https:\/\/www.organisator.ch\/wp-content\/uploads\/2020\/09\/Umstellung-aufs-Homeoffice-belebt-den-Schweizer-Cyber-Security-Markt_Organisator-300x217.jpg 300w\" sizes=\"auto, (max-width: 680px) 100vw, 680px\" \/><figcaption id=\"caption-attachment-7063\" class=\"wp-caption-text\">The market research company ISG presents an overview of the Swiss cyber security market.<\/figcaption><\/figure>\n<p>According to a new ISG study, companies increasingly prefer IT security services from a single source. \"For most companies, the large-scale move to a home office was made in a hurry and without much planning,\" says Frank Heuer, manager at ISG Research. \"Accordingly, security measures must now be taken quickly to protect their new communication structures.\" Security providers who can offer core technical solutions as well as security services are therefore at an advantage. \"The demand for one-stop services has increased significantly,\" says Heuer, \"especially among medium-sized companies that want to save themselves as much effort as possible in coordinating service providers.\"<\/p>\n<h2>Many gaps in knowledge about cyber security<\/h2>\n<p>Since the new workplace normality in some cases requires completely new or additional security solutions, the submarket of \"technical security services\" is benefiting most from this, according to the ISG vendor comparison. According to the ISG, in addition to up-to-date security equipment, training is currently playing a very important role. \"The move to a home office is associated with many uncertainties for employees,\" says ISG analyst Heuer. \"There are also many gaps in knowledge when it comes to security, which are exploited again and again by Trojan and phishing attackers.\" Cyber security providers would therefore have to present convincing alternatives to classroom training and convincing overall concepts for remote training.<\/p>\n<h2>Challenging cyber security market<\/h2>\n<p>For large customers, providers in the demanding market of technical security services also need international experience with a broad range of solutions and teams that are set up across national borders, the ISG study continues. Medium-sized companies, on the other hand, often value the local presence of the service providers in order to receive uncomplicated, rapid support via short routes. Due to their complex IT (security) landscapes and projects, large companies continue to be among the most important customers for technical security services. However, medium-sized companies are also increasingly making use of these services, making them a target group with above-average market growth.<\/p>\n<p>The \"ISG Provider Lens Cyber Security - Solutions &amp; Services Report Switzerland 2020\" evaluates the capabilities of 73 providers in the cyber security market in five segments: In addition to \"Technical Security Services\", these are \"Identity &amp; Access Management\", \"Data Leakage\/Loss Prevention\", \"Strategic Security Services\" and \"Managed Security Services\".<\/p>\n<h2><strong>Identity &amp; Access Management (IAM)<\/strong><\/h2>\n<p>According to the ISG study, IAM is currently making a comeback as a particularly important security topic. One of the main reasons for this is that, due to increasing digitization, not only users and their identities need to be protected, but also machines and entire company departments as part of Industry 4.0. As in the software market as a whole, there is also a shift in IAM solutions from in-house to cloud operation (\"Identity-as-a-Service\"). According to ISG, most providers have adapted to this and offer both types of operation. Pure cloud providers are also appearing more and more frequently in this market.<\/p>\n<h2><strong>Data Leakage\/Loss Prevention (DLP)<\/strong><\/h2>\n<p>In recent years, ISG has seen a significant increase in interest in DLP solutions. The main reason for this is the increasing use of private devices for business purposes. This makes it much more difficult and therefore more important to prevent unwanted data outflows. In addition, the IT trends of big data, social business and cloud computing are making it more difficult to control data movements, which places high demands on providers of DLP solutions.<\/p>\n<h2><strong>Strategic Security Services<\/strong><\/h2>\n<p>Increasingly frequent and diverse attacks on IT systems and networks are leading companies to view IT security as a strategic task. According to the ISG study, large companies with complex IT landscapes are among the most important customers for strategic security services. However, medium-sized companies are also increasingly relying on these services because they are particularly affected by the shortage of security experts and have a greater need to catch up with modern security systems.<\/p>\n<h2><strong>Managed Security Services<\/strong><\/h2>\n<p>Shortages of skilled personnel and the constant emergence of new types of attacks by hackers are also driving demand for managed security services, according to the ISG study. Providers with Security Operations Centers (SOCs) in Switzerland have an advantage for data protection reasons. According to the study, large companies in particular often attach importance to an international presence of the respective provider with globally distributed SOCs and a broad range of security topics. For medium-sized customers, on the other hand, contact persons with local language skills in the SOCs play an important role.<\/p>\n<h2>Leading companies in the cyber security market<\/h2>\n<p>The vendor comparison lists IBM as a \"leader\" in all five market segments and Atos in four. Accenture, Capgemini and Swisscom are named as \"Leaders\" in three segments and Avectris, DXC Technology, HCL, Microsoft and T-Systems in two segments each. Axians, Bechtle, Broadcom, Dell\/RSA, Deloitte, DriveLock, Ergon, EY, Forcepoint, KPMG, Matrix42, McAfee, MobileIron, NEVIS, Okta, Orange Cyberdefense, PwC, Trend Micro and United Security Providers are \"Leaders\" in one market segment each.<\/p>\n<p><em>Source: <a href=\"http:\/\/www.isg-one.com\">Information Services Group (ISG)<\/a><\/em><\/p>","protected":false},"excerpt":{"rendered":"<p>Laut einer neuen ISG-Studie bevorzugen Unternehmen zunehmend IT-Sicherheits-Services aus einer Hand. \u201eDer grossfl\u00e4chige Umzug ins Homeoffice erfolgte bei den meisten Unternehmen \u00fcberst\u00fcrzt und ohne grosse Planung\u201c, sagt Frank Heuer, Manager bei ISG Research. \u201eEntsprechend z\u00fcgig m\u00fcssen jetzt die Sicherheitsmassnahmen zum Schutz ihrer neuen Kommunikationsstrukturen ergriffen werden.\u201c Im Vorteil seien deshalb Security-Provider, die neben den technischen [&hellip;]<\/p>\n","protected":false},"author":4,"featured_media":7063,"comment_status":"closed","ping_status":"closed","sticky":false,"template":"","format":"standard","meta":{"_acf_changed":false,"_yoast_wpseo_focuskw":"Cyber-Security-Markt","_yoast_wpseo_metadesc":"Der Umzug von Arbeitspl\u00e4tzen ins Homeoffice hat grosse Herausforderungen bei der IT-Sicherheit mit sich gebracht - und den Cyber-Security-Markt belebt.","articlekey":"","footnotes":""},"categories":[27],"tags":[260,286,459],"class_list":["post-7062","post","type-post","status-publish","format-standard","has-post-thumbnail","hentry","category-it","tag-ict-sicherheit","tag-it","tag-studie"],"acf":[],"yoast_head":"<!-- This site is optimized with the Yoast SEO plugin v27.5 - https:\/\/yoast.com\/product\/yoast-seo-wordpress\/ -->\n<title>Umstellung aufs Homeoffice belebt den Schweizer Cyber-Security-Markt - Organisator<\/title>\n<meta name=\"description\" content=\"Der Umzug von Arbeitspl\u00e4tzen ins Homeoffice hat grosse Herausforderungen bei der IT-Sicherheit mit sich gebracht - und den Cyber-Security-Markt belebt.\" \/>\n<meta name=\"robots\" content=\"index, follow, max-snippet:-1, max-image-preview:large, max-video-preview:-1\" \/>\n<link rel=\"canonical\" href=\"https:\/\/www.organisator.ch\/en\/management\/it\/2020-09-01\/umstellung-aufs-homeoffice-belebt-den-schweizer-cyber-security-markt\/\" \/>\n<meta property=\"og:locale\" content=\"en_US\" \/>\n<meta property=\"og:type\" content=\"article\" \/>\n<meta property=\"og:title\" content=\"Umstellung aufs Homeoffice belebt den Schweizer Cyber-Security-Markt\" \/>\n<meta property=\"og:description\" content=\"Der Umzug von Arbeitspl\u00e4tzen ins Homeoffice hat grosse Herausforderungen bei der IT-Sicherheit mit sich gebracht - und den Cyber-Security-Markt belebt.\" \/>\n<meta property=\"og:url\" content=\"https:\/\/www.organisator.ch\/en\/management\/it\/2020-09-01\/umstellung-aufs-homeoffice-belebt-den-schweizer-cyber-security-markt\/\" \/>\n<meta property=\"og:site_name\" content=\"Organisator\" \/>\n<meta property=\"article:publisher\" content=\"https:\/\/www.facebook.com\/OrganisatorFachmagazin\" \/>\n<meta property=\"article:published_time\" content=\"2020-09-01T06:11:20+00:00\" \/>\n<meta property=\"og:image\" content=\"https:\/\/www.organisator.ch\/wp-content\/uploads\/2020\/09\/Umstellung-aufs-Homeoffice-belebt-den-Schweizer-Cyber-Security-Markt_Organisator.jpg\" \/>\n\t<meta property=\"og:image:width\" content=\"680\" \/>\n\t<meta property=\"og:image:height\" content=\"491\" \/>\n\t<meta property=\"og:image:type\" content=\"image\/jpeg\" \/>\n<meta name=\"author\" content=\"thomas.berner\" \/>\n<meta name=\"twitter:card\" content=\"summary_large_image\" \/>\n<meta name=\"twitter:title\" content=\"Umstellung aufs #Homeoffice belebt den Schweizer #Cyber-Security-Markt\" \/>\n<meta name=\"twitter:description\" content=\"Der Umzug von Arbeitspl\u00e4tzen ins #Homeoffice hat grosse Herausforderungen bei der #IT-Sicherheit mit sich gebracht - und den #Cyber-Security-Markt belebt.\" \/>\n<meta name=\"twitter:image\" content=\"https:\/\/www.organisator.ch\/wp-content\/uploads\/2020\/09\/Umstellung-aufs-Homeoffice-belebt-den-Schweizer-Cyber-Security-Markt_Organisator.jpg\" \/>\n<script type=\"application\/ld+json\" class=\"yoast-schema-graph\">{\"@context\":\"https:\\\/\\\/schema.org\",\"@graph\":[{\"@type\":\"Article\",\"@id\":\"https:\\\/\\\/www.organisator.ch\\\/management\\\/it\\\/2020-09-01\\\/umstellung-aufs-homeoffice-belebt-den-schweizer-cyber-security-markt\\\/#article\",\"isPartOf\":{\"@id\":\"https:\\\/\\\/www.organisator.ch\\\/management\\\/it\\\/2020-09-01\\\/umstellung-aufs-homeoffice-belebt-den-schweizer-cyber-security-markt\\\/\"},\"author\":{\"name\":\"thomas.berner\",\"@id\":\"https:\\\/\\\/www.organisator.ch\\\/#\\\/schema\\\/person\\\/6f650f90b2842cd4c0cc334b4e36f67e\"},\"headline\":\"Umstellung aufs Homeoffice belebt den Schweizer Cyber-Security-Markt\",\"datePublished\":\"2020-09-01T06:11:20+00:00\",\"mainEntityOfPage\":{\"@id\":\"https:\\\/\\\/www.organisator.ch\\\/management\\\/it\\\/2020-09-01\\\/umstellung-aufs-homeoffice-belebt-den-schweizer-cyber-security-markt\\\/\"},\"wordCount\":763,\"publisher\":{\"@id\":\"https:\\\/\\\/www.organisator.ch\\\/#organization\"},\"image\":{\"@id\":\"https:\\\/\\\/www.organisator.ch\\\/management\\\/it\\\/2020-09-01\\\/umstellung-aufs-homeoffice-belebt-den-schweizer-cyber-security-markt\\\/#primaryimage\"},\"thumbnailUrl\":\"https:\\\/\\\/www.organisator.ch\\\/wp-content\\\/uploads\\\/2020\\\/09\\\/Umstellung-aufs-Homeoffice-belebt-den-Schweizer-Cyber-Security-Markt_Organisator.jpg\",\"keywords\":[\"ICT-Sicherheit\",\"IT\",\"Studie\"],\"articleSection\":[\"IT\"],\"inLanguage\":\"en-US\"},{\"@type\":\"WebPage\",\"@id\":\"https:\\\/\\\/www.organisator.ch\\\/management\\\/it\\\/2020-09-01\\\/umstellung-aufs-homeoffice-belebt-den-schweizer-cyber-security-markt\\\/\",\"url\":\"https:\\\/\\\/www.organisator.ch\\\/management\\\/it\\\/2020-09-01\\\/umstellung-aufs-homeoffice-belebt-den-schweizer-cyber-security-markt\\\/\",\"name\":\"Umstellung aufs Homeoffice belebt den Schweizer Cyber-Security-Markt - Organisator\",\"isPartOf\":{\"@id\":\"https:\\\/\\\/www.organisator.ch\\\/#website\"},\"primaryImageOfPage\":{\"@id\":\"https:\\\/\\\/www.organisator.ch\\\/management\\\/it\\\/2020-09-01\\\/umstellung-aufs-homeoffice-belebt-den-schweizer-cyber-security-markt\\\/#primaryimage\"},\"image\":{\"@id\":\"https:\\\/\\\/www.organisator.ch\\\/management\\\/it\\\/2020-09-01\\\/umstellung-aufs-homeoffice-belebt-den-schweizer-cyber-security-markt\\\/#primaryimage\"},\"thumbnailUrl\":\"https:\\\/\\\/www.organisator.ch\\\/wp-content\\\/uploads\\\/2020\\\/09\\\/Umstellung-aufs-Homeoffice-belebt-den-Schweizer-Cyber-Security-Markt_Organisator.jpg\",\"datePublished\":\"2020-09-01T06:11:20+00:00\",\"description\":\"Der Umzug von Arbeitspl\u00e4tzen ins Homeoffice hat grosse Herausforderungen bei der IT-Sicherheit mit sich gebracht - und den Cyber-Security-Markt belebt.\",\"breadcrumb\":{\"@id\":\"https:\\\/\\\/www.organisator.ch\\\/management\\\/it\\\/2020-09-01\\\/umstellung-aufs-homeoffice-belebt-den-schweizer-cyber-security-markt\\\/#breadcrumb\"},\"inLanguage\":\"en-US\",\"potentialAction\":[{\"@type\":\"ReadAction\",\"target\":[\"https:\\\/\\\/www.organisator.ch\\\/management\\\/it\\\/2020-09-01\\\/umstellung-aufs-homeoffice-belebt-den-schweizer-cyber-security-markt\\\/\"]}]},{\"@type\":\"ImageObject\",\"inLanguage\":\"en-US\",\"@id\":\"https:\\\/\\\/www.organisator.ch\\\/management\\\/it\\\/2020-09-01\\\/umstellung-aufs-homeoffice-belebt-den-schweizer-cyber-security-markt\\\/#primaryimage\",\"url\":\"https:\\\/\\\/www.organisator.ch\\\/wp-content\\\/uploads\\\/2020\\\/09\\\/Umstellung-aufs-Homeoffice-belebt-den-Schweizer-Cyber-Security-Markt_Organisator.jpg\",\"contentUrl\":\"https:\\\/\\\/www.organisator.ch\\\/wp-content\\\/uploads\\\/2020\\\/09\\\/Umstellung-aufs-Homeoffice-belebt-den-Schweizer-Cyber-Security-Markt_Organisator.jpg\",\"width\":680,\"height\":491,\"caption\":\"Das Marktforschungsunternehmen ISG pr\u00e4sentiert einen \u00dcberblick \u00fcber den Schweizer Cyber-Security-Markt.\"},{\"@type\":\"BreadcrumbList\",\"@id\":\"https:\\\/\\\/www.organisator.ch\\\/management\\\/it\\\/2020-09-01\\\/umstellung-aufs-homeoffice-belebt-den-schweizer-cyber-security-markt\\\/#breadcrumb\",\"itemListElement\":[{\"@type\":\"ListItem\",\"position\":1,\"name\":\"Home\",\"item\":\"https:\\\/\\\/www.organisator.ch\\\/\"},{\"@type\":\"ListItem\",\"position\":2,\"name\":\"Umstellung aufs Homeoffice belebt den Schweizer Cyber-Security-Markt\"}]},{\"@type\":\"WebSite\",\"@id\":\"https:\\\/\\\/www.organisator.ch\\\/#website\",\"url\":\"https:\\\/\\\/www.organisator.ch\\\/\",\"name\":\"Organisator\",\"description\":\"Kompetent. Praxisnah. Der ORGANISATOR bereitet in 10 Ausgaben pro Jahr die wesentlichen Themen f\u00fcr F\u00fchrungskr\u00e4fte von KMU auf.\",\"publisher\":{\"@id\":\"https:\\\/\\\/www.organisator.ch\\\/#organization\"},\"potentialAction\":[{\"@type\":\"SearchAction\",\"target\":{\"@type\":\"EntryPoint\",\"urlTemplate\":\"https:\\\/\\\/www.organisator.ch\\\/?s={search_term_string}\"},\"query-input\":{\"@type\":\"PropertyValueSpecification\",\"valueRequired\":true,\"valueName\":\"search_term_string\"}}],\"inLanguage\":\"en-US\"},{\"@type\":\"Organization\",\"@id\":\"https:\\\/\\\/www.organisator.ch\\\/#organization\",\"name\":\"Organisator\",\"url\":\"https:\\\/\\\/www.organisator.ch\\\/\",\"logo\":{\"@type\":\"ImageObject\",\"inLanguage\":\"en-US\",\"@id\":\"https:\\\/\\\/www.organisator.ch\\\/#\\\/schema\\\/logo\\\/image\\\/\",\"url\":\"https:\\\/\\\/www.organisator.ch\\\/wp-content\\\/uploads\\\/2022\\\/01\\\/Logo_Organisator_Website.png\",\"contentUrl\":\"https:\\\/\\\/www.organisator.ch\\\/wp-content\\\/uploads\\\/2022\\\/01\\\/Logo_Organisator_Website.png\",\"width\":800,\"height\":77,\"caption\":\"Organisator\"},\"image\":{\"@id\":\"https:\\\/\\\/www.organisator.ch\\\/#\\\/schema\\\/logo\\\/image\\\/\"},\"sameAs\":[\"https:\\\/\\\/www.facebook.com\\\/OrganisatorFachmagazin\",\"https:\\\/\\\/www.linkedin.com\\\/showcase\\\/organisator-das-magazin-fr-kmu\",\"https:\\\/\\\/www.xing.com\\\/news\\\/pages\\\/organisator-ch-695\",\"https:\\\/\\\/www.youtube.com\\\/channel\\\/UCGP2Sq0iWaZwT3BdIAQFYpw\"]},{\"@type\":\"Person\",\"@id\":\"https:\\\/\\\/www.organisator.ch\\\/#\\\/schema\\\/person\\\/6f650f90b2842cd4c0cc334b4e36f67e\",\"name\":\"thomas.berner\",\"image\":{\"@type\":\"ImageObject\",\"inLanguage\":\"en-US\",\"@id\":\"https:\\\/\\\/secure.gravatar.com\\\/avatar\\\/ac5001d2a36cb6c6cd3e50789007ffca834b477b74a2144564522e944eabff61?s=96&d=mm&r=g\",\"url\":\"https:\\\/\\\/secure.gravatar.com\\\/avatar\\\/ac5001d2a36cb6c6cd3e50789007ffca834b477b74a2144564522e944eabff61?s=96&d=mm&r=g\",\"contentUrl\":\"https:\\\/\\\/secure.gravatar.com\\\/avatar\\\/ac5001d2a36cb6c6cd3e50789007ffca834b477b74a2144564522e944eabff61?s=96&d=mm&r=g\",\"caption\":\"thomas.berner\"},\"url\":\"https:\\\/\\\/www.organisator.ch\\\/en\\\/author\\\/thomas-berner\\\/\"}]}<\/script>\n<!-- \/ Yoast SEO plugin. -->","yoast_head_json":{"title":"Shift to home office boosts Swiss cyber security market - Organizer","description":"The move of workplaces to home offices has brought major IT security challenges - and stimulated the cyber security market.","robots":{"index":"index","follow":"follow","max-snippet":"max-snippet:-1","max-image-preview":"max-image-preview:large","max-video-preview":"max-video-preview:-1"},"canonical":"https:\/\/www.organisator.ch\/en\/management\/it\/2020-09-01\/umstellung-aufs-homeoffice-belebt-den-schweizer-cyber-security-markt\/","og_locale":"en_US","og_type":"article","og_title":"Umstellung aufs Homeoffice belebt den Schweizer Cyber-Security-Markt","og_description":"Der Umzug von Arbeitspl\u00e4tzen ins Homeoffice hat grosse Herausforderungen bei der IT-Sicherheit mit sich gebracht - und den Cyber-Security-Markt belebt.","og_url":"https:\/\/www.organisator.ch\/en\/management\/it\/2020-09-01\/umstellung-aufs-homeoffice-belebt-den-schweizer-cyber-security-markt\/","og_site_name":"Organisator","article_publisher":"https:\/\/www.facebook.com\/OrganisatorFachmagazin","article_published_time":"2020-09-01T06:11:20+00:00","og_image":[{"width":680,"height":491,"url":"https:\/\/www.organisator.ch\/wp-content\/uploads\/2020\/09\/Umstellung-aufs-Homeoffice-belebt-den-Schweizer-Cyber-Security-Markt_Organisator.jpg","type":"image\/jpeg"}],"author":"thomas.berner","twitter_card":"summary_large_image","twitter_title":"Umstellung aufs #Homeoffice belebt den Schweizer #Cyber-Security-Markt","twitter_description":"Der Umzug von Arbeitspl\u00e4tzen ins #Homeoffice hat grosse Herausforderungen bei der #IT-Sicherheit mit sich gebracht - und den #Cyber-Security-Markt belebt.","twitter_image":"https:\/\/www.organisator.ch\/wp-content\/uploads\/2020\/09\/Umstellung-aufs-Homeoffice-belebt-den-Schweizer-Cyber-Security-Markt_Organisator.jpg","schema":{"@context":"https:\/\/schema.org","@graph":[{"@type":"Article","@id":"https:\/\/www.organisator.ch\/management\/it\/2020-09-01\/umstellung-aufs-homeoffice-belebt-den-schweizer-cyber-security-markt\/#article","isPartOf":{"@id":"https:\/\/www.organisator.ch\/management\/it\/2020-09-01\/umstellung-aufs-homeoffice-belebt-den-schweizer-cyber-security-markt\/"},"author":{"name":"thomas.berner","@id":"https:\/\/www.organisator.ch\/#\/schema\/person\/6f650f90b2842cd4c0cc334b4e36f67e"},"headline":"Umstellung aufs Homeoffice belebt den Schweizer Cyber-Security-Markt","datePublished":"2020-09-01T06:11:20+00:00","mainEntityOfPage":{"@id":"https:\/\/www.organisator.ch\/management\/it\/2020-09-01\/umstellung-aufs-homeoffice-belebt-den-schweizer-cyber-security-markt\/"},"wordCount":763,"publisher":{"@id":"https:\/\/www.organisator.ch\/#organization"},"image":{"@id":"https:\/\/www.organisator.ch\/management\/it\/2020-09-01\/umstellung-aufs-homeoffice-belebt-den-schweizer-cyber-security-markt\/#primaryimage"},"thumbnailUrl":"https:\/\/www.organisator.ch\/wp-content\/uploads\/2020\/09\/Umstellung-aufs-Homeoffice-belebt-den-Schweizer-Cyber-Security-Markt_Organisator.jpg","keywords":["ICT-Sicherheit","IT","Studie"],"articleSection":["IT"],"inLanguage":"en-US"},{"@type":"WebPage","@id":"https:\/\/www.organisator.ch\/management\/it\/2020-09-01\/umstellung-aufs-homeoffice-belebt-den-schweizer-cyber-security-markt\/","url":"https:\/\/www.organisator.ch\/management\/it\/2020-09-01\/umstellung-aufs-homeoffice-belebt-den-schweizer-cyber-security-markt\/","name":"Shift to home office boosts Swiss cyber security market - Organizer","isPartOf":{"@id":"https:\/\/www.organisator.ch\/#website"},"primaryImageOfPage":{"@id":"https:\/\/www.organisator.ch\/management\/it\/2020-09-01\/umstellung-aufs-homeoffice-belebt-den-schweizer-cyber-security-markt\/#primaryimage"},"image":{"@id":"https:\/\/www.organisator.ch\/management\/it\/2020-09-01\/umstellung-aufs-homeoffice-belebt-den-schweizer-cyber-security-markt\/#primaryimage"},"thumbnailUrl":"https:\/\/www.organisator.ch\/wp-content\/uploads\/2020\/09\/Umstellung-aufs-Homeoffice-belebt-den-Schweizer-Cyber-Security-Markt_Organisator.jpg","datePublished":"2020-09-01T06:11:20+00:00","description":"The move of workplaces to home offices has brought major IT security challenges - and stimulated the cyber security market.","breadcrumb":{"@id":"https:\/\/www.organisator.ch\/management\/it\/2020-09-01\/umstellung-aufs-homeoffice-belebt-den-schweizer-cyber-security-markt\/#breadcrumb"},"inLanguage":"en-US","potentialAction":[{"@type":"ReadAction","target":["https:\/\/www.organisator.ch\/management\/it\/2020-09-01\/umstellung-aufs-homeoffice-belebt-den-schweizer-cyber-security-markt\/"]}]},{"@type":"ImageObject","inLanguage":"en-US","@id":"https:\/\/www.organisator.ch\/management\/it\/2020-09-01\/umstellung-aufs-homeoffice-belebt-den-schweizer-cyber-security-markt\/#primaryimage","url":"https:\/\/www.organisator.ch\/wp-content\/uploads\/2020\/09\/Umstellung-aufs-Homeoffice-belebt-den-Schweizer-Cyber-Security-Markt_Organisator.jpg","contentUrl":"https:\/\/www.organisator.ch\/wp-content\/uploads\/2020\/09\/Umstellung-aufs-Homeoffice-belebt-den-Schweizer-Cyber-Security-Markt_Organisator.jpg","width":680,"height":491,"caption":"Das Marktforschungsunternehmen ISG pr\u00e4sentiert einen \u00dcberblick \u00fcber den Schweizer Cyber-Security-Markt."},{"@type":"BreadcrumbList","@id":"https:\/\/www.organisator.ch\/management\/it\/2020-09-01\/umstellung-aufs-homeoffice-belebt-den-schweizer-cyber-security-markt\/#breadcrumb","itemListElement":[{"@type":"ListItem","position":1,"name":"Home","item":"https:\/\/www.organisator.ch\/"},{"@type":"ListItem","position":2,"name":"Umstellung aufs Homeoffice belebt den Schweizer Cyber-Security-Markt"}]},{"@type":"WebSite","@id":"https:\/\/www.organisator.ch\/#website","url":"https:\/\/www.organisator.ch\/","name":"Organizer","description":"Competent. Practical. In 10 issues per year, ORGANISATOR presents the essential topics for managers of SMEs.","publisher":{"@id":"https:\/\/www.organisator.ch\/#organization"},"potentialAction":[{"@type":"SearchAction","target":{"@type":"EntryPoint","urlTemplate":"https:\/\/www.organisator.ch\/?s={search_term_string}"},"query-input":{"@type":"PropertyValueSpecification","valueRequired":true,"valueName":"search_term_string"}}],"inLanguage":"en-US"},{"@type":"Organization","@id":"https:\/\/www.organisator.ch\/#organization","name":"Organizer","url":"https:\/\/www.organisator.ch\/","logo":{"@type":"ImageObject","inLanguage":"en-US","@id":"https:\/\/www.organisator.ch\/#\/schema\/logo\/image\/","url":"https:\/\/www.organisator.ch\/wp-content\/uploads\/2022\/01\/Logo_Organisator_Website.png","contentUrl":"https:\/\/www.organisator.ch\/wp-content\/uploads\/2022\/01\/Logo_Organisator_Website.png","width":800,"height":77,"caption":"Organisator"},"image":{"@id":"https:\/\/www.organisator.ch\/#\/schema\/logo\/image\/"},"sameAs":["https:\/\/www.facebook.com\/OrganisatorFachmagazin","https:\/\/www.linkedin.com\/showcase\/organisator-das-magazin-fr-kmu","https:\/\/www.xing.com\/news\/pages\/organisator-ch-695","https:\/\/www.youtube.com\/channel\/UCGP2Sq0iWaZwT3BdIAQFYpw"]},{"@type":"Person","@id":"https:\/\/www.organisator.ch\/#\/schema\/person\/6f650f90b2842cd4c0cc334b4e36f67e","name":"thomas.berner","image":{"@type":"ImageObject","inLanguage":"en-US","@id":"https:\/\/secure.gravatar.com\/avatar\/ac5001d2a36cb6c6cd3e50789007ffca834b477b74a2144564522e944eabff61?s=96&d=mm&r=g","url":"https:\/\/secure.gravatar.com\/avatar\/ac5001d2a36cb6c6cd3e50789007ffca834b477b74a2144564522e944eabff61?s=96&d=mm&r=g","contentUrl":"https:\/\/secure.gravatar.com\/avatar\/ac5001d2a36cb6c6cd3e50789007ffca834b477b74a2144564522e944eabff61?s=96&d=mm&r=g","caption":"thomas.berner"},"url":"https:\/\/www.organisator.ch\/en\/author\/thomas-berner\/"}]}},"_links":{"self":[{"href":"https:\/\/www.organisator.ch\/en\/wp-json\/wp\/v2\/posts\/7062","targetHints":{"allow":["GET"]}}],"collection":[{"href":"https:\/\/www.organisator.ch\/en\/wp-json\/wp\/v2\/posts"}],"about":[{"href":"https:\/\/www.organisator.ch\/en\/wp-json\/wp\/v2\/types\/post"}],"author":[{"embeddable":true,"href":"https:\/\/www.organisator.ch\/en\/wp-json\/wp\/v2\/users\/4"}],"replies":[{"embeddable":true,"href":"https:\/\/www.organisator.ch\/en\/wp-json\/wp\/v2\/comments?post=7062"}],"version-history":[{"count":0,"href":"https:\/\/www.organisator.ch\/en\/wp-json\/wp\/v2\/posts\/7062\/revisions"}],"wp:featuredmedia":[{"embeddable":true,"href":"https:\/\/www.organisator.ch\/en\/wp-json\/wp\/v2\/media\/7063"}],"wp:attachment":[{"href":"https:\/\/www.organisator.ch\/en\/wp-json\/wp\/v2\/media?parent=7062"}],"wp:term":[{"taxonomy":"category","embeddable":true,"href":"https:\/\/www.organisator.ch\/en\/wp-json\/wp\/v2\/categories?post=7062"},{"taxonomy":"post_tag","embeddable":true,"href":"https:\/\/www.organisator.ch\/en\/wp-json\/wp\/v2\/tags?post=7062"}],"curies":[{"name":"wp","href":"https:\/\/api.w.org\/{rel}","templated":true}]}}