{"id":7076,"date":"2020-09-04T10:18:12","date_gmt":"2020-09-04T08:18:12","guid":{"rendered":"https:\/\/www.organisator.ch\/?p=7076"},"modified":"2020-09-04T10:18:12","modified_gmt":"2020-09-04T08:18:12","slug":"future-work-barometer-die-arbeitswelt-4-0-fordert-die-unternehmensfuehrung-heraus","status":"publish","type":"post","link":"https:\/\/www.organisator.ch\/en\/management\/2020-09-04\/future-work-barometer-die-arbeitswelt-4-0-fordert-die-unternehmensfuehrung-heraus\/","title":{"rendered":"Future Work Barometer: The Working World 4.0 Challenges Corporate Management"},"content":{"rendered":"<figure id=\"attachment_7077\" aria-describedby=\"caption-attachment-7077\" style=\"width: 680px\" class=\"wp-caption alignnone\"><img loading=\"lazy\" decoding=\"async\" class=\"size-medium wp-image-7077\" src=\"https:\/\/www.organisator.ch\/wp-content\/uploads\/2020\/09\/Future-Work-Barometer-Die-Arbeitswelt-4.0-fordert-die-Unternehmensfuehrung-heraus-1_Organisator.jpg\" alt=\"\" width=\"680\" height=\"451\" srcset=\"https:\/\/www.organisator.ch\/wp-content\/uploads\/2020\/09\/Future-Work-Barometer-Die-Arbeitswelt-4.0-fordert-die-Unternehmensfuehrung-heraus-1_Organisator.jpg 680w, https:\/\/www.organisator.ch\/wp-content\/uploads\/2020\/09\/Future-Work-Barometer-Die-Arbeitswelt-4.0-fordert-die-Unternehmensfuehrung-heraus-1_Organisator-16x12.jpg 16w, https:\/\/www.organisator.ch\/wp-content\/uploads\/2020\/09\/Future-Work-Barometer-Die-Arbeitswelt-4.0-fordert-die-Unternehmensfuehrung-heraus-1_Organisator-264x175.jpg 264w, https:\/\/www.organisator.ch\/wp-content\/uploads\/2020\/09\/Future-Work-Barometer-Die-Arbeitswelt-4.0-fordert-die-Unternehmensfuehrung-heraus-1_Organisator-528x350.jpg 528w, https:\/\/www.organisator.ch\/wp-content\/uploads\/2020\/09\/Future-Work-Barometer-Die-Arbeitswelt-4.0-fordert-die-Unternehmensfuehrung-heraus-1_Organisator-300x199.jpg 300w\" sizes=\"auto, (max-width: 680px) 100vw, 680px\" \/><figcaption id=\"caption-attachment-7077\" class=\"wp-caption-text\">The Future Work Barometer shows a clear need to catch up at management level when it comes to implementing Working World 4.0. (Image: Unsplash)<\/figcaption><\/figure>\n<p>The Corona crisis quickly revealed how companies are positioned in \"matters\" of Working World 4.0 and where new challenges lie. Against this background, the Future Work Group launched the Future Work Barometer for the first time in July 2020. In cooperation with the leading Swiss SME magazine \"Organisator\" and the FHNW Hochschule f\u00fcr Wirtschaft (FHNW), the short survey collects assessments, experiences and needs regarding the working world 4.0 from Swiss employers and employees on a quarterly basis. This is done with the intention of using the insights gained through active exchange with companies to shape a working world 4.0 that is beneficial to all participants.<\/p>\n<figure id=\"attachment_7078\" aria-describedby=\"caption-attachment-7078\" style=\"width: 680px\" class=\"wp-caption alignnone\"><img loading=\"lazy\" decoding=\"async\" class=\"size-medium wp-image-7078\" src=\"https:\/\/www.organisator.ch\/wp-content\/uploads\/2020\/09\/Future-Work-Barometer-Die-Arbeitswelt-4.0-fordert-die-Unternehmensfuehrung-heraus-2_Organisator.jpg\" alt=\"\" width=\"680\" height=\"511\" srcset=\"https:\/\/www.organisator.ch\/wp-content\/uploads\/2020\/09\/Future-Work-Barometer-Die-Arbeitswelt-4.0-fordert-die-Unternehmensfuehrung-heraus-2_Organisator.jpg 680w, https:\/\/www.organisator.ch\/wp-content\/uploads\/2020\/09\/Future-Work-Barometer-Die-Arbeitswelt-4.0-fordert-die-Unternehmensfuehrung-heraus-2_Organisator-16x12.jpg 16w, https:\/\/www.organisator.ch\/wp-content\/uploads\/2020\/09\/Future-Work-Barometer-Die-Arbeitswelt-4.0-fordert-die-Unternehmensfuehrung-heraus-2_Organisator-233x175.jpg 233w, https:\/\/www.organisator.ch\/wp-content\/uploads\/2020\/09\/Future-Work-Barometer-Die-Arbeitswelt-4.0-fordert-die-Unternehmensfuehrung-heraus-2_Organisator-466x350.jpg 466w, https:\/\/www.organisator.ch\/wp-content\/uploads\/2020\/09\/Future-Work-Barometer-Die-Arbeitswelt-4.0-fordert-die-Unternehmensfuehrung-heraus-2_Organisator-300x225.jpg 300w\" sizes=\"auto, (max-width: 680px) 100vw, 680px\" \/><figcaption id=\"caption-attachment-7078\" class=\"wp-caption-text\">(Graphic: Future Work Group)<\/figcaption><\/figure>\n<p>The Future Work Barometer is based on the major Swiss study \"Arbeitswelt 4.0\" (Working World 4.0) published jointly by the Future Work Group and the FHNW in fall 2019. The study shows that the mutual interaction of the dimensions People (employees), Place (working environment) and Technology (technologies) is one of the key success factors of Working World 4.0.<\/p>\n<h2>Desire and reality in digitization<\/h2>\n<p>Asked about the importance they attach to a modern, digitized working environment, 96% of the 235 participants said it was important to very important for them. At the same time, there is a significant gap between desire and reality with regard to the degree of digitization. Only 38% of the respondents attested to their company having a high to very high level of digitization.<\/p>\n<h2>Investments in technology and place of work rank far ahead<\/h2>\n<p>When asked in which areas investments were made within the past six months, according to the participants, this was primarily in the areas of work location (66%), IT\/data security (49%) and IT infrastructure (47%). Given the previous pandemic-related \"home office boost,\" this is not surprising. The least investment was made in the areas of the traditional office workplace (25%) and leadership style (29%).<\/p>\n<p>Overall, at 51%, just over half of the participants are satisfied to very satisfied with the investments their company has made with regard to Working World 4.0. At the same time, it is clear that the factual investments (technology, work location) are clearly in the foreground.<\/p>\n<h2>Clear need to catch up at management level<\/h2>\n<p>In contrast, according to the participants, the crucial areas at the corporate management level show massive deficits. For example, they rate the development potential of culture\/values\/collaboration (78%), work processes (77%), strategy (76%), personal competencies (74%) and leadership style (72%) as high. It is therefore urgent to make up for lost time here or to carry out intensive development work for the successful realization of the working world 4.0. Because this new working world is based on new thinking - and that lies with the people in the company.<\/p>\n<h2>Future Work Barometer: The most important key figures<\/h2>\n<p>The Future Work Barometer reveals the following findings in its first edition, 2020-1:<\/p>\n<ul>\n<li>Degree of digitization of the working environment in own company: 38% rate this as high\/very high<\/li>\n<li>Satisfaction with own company's investments: 51% consider them as high\/very high<\/li>\n<li>Investments in the People dimension in the last six months: 30% rate these in their company as much\/very<\/li>\n<li>Investment in Dimension Place in the last six months: 46% say their company invested a lot\/very much<\/li>\n<li>Investments in Dimension Technology in the last six months: 48% rate these at the level a lot\/very much<\/li>\n<\/ul>\n<h2>Possible solution approaches for a holistic transformation to the working world 4.0<\/h2>\n<p>\"Referring to the results of this first Future Work Barometer, it seems that the potential of the field of action Working World 4.0 is far from being fully tapped. Far too few organizations have so far developed the necessary strategy together with their employees, one of their most valuable success factors,\" sums up Prof. Dr. Marc K. Peter, Head of the Competence Center Digital Transformation at the FHNW and publisher of the Working World 4.0 study. One possible solution approach for the sustainable joint design of the Working World 4.0 can be offered by easy-to-use practical aids such as a workshop canvas in combination with a methodical project process that integrates the three dimensions of People, Place and Technology.<\/p>\n<p><em>More information: <a href=\"http:\/\/www.future-work-barometer.ch\">www.future-work-barometer.ch<\/a><\/em><\/p>","protected":false},"excerpt":{"rendered":"<p>In der Corona-Krise zeigte sich schnell, wie Unternehmen in \u00abSachen\u00bb Arbeitswelt 4.0 aufgestellt sind und wo neue Herausforderungen liegen. Vor diesem Hintergrund lancierte die Future Work Group im Juli 2020 erstmals den Future Work Barometer. In Kooperation mit dem f\u00fchrenden Schweizer KMU Magazin \u00abOrganisator\u00bb und der FHNW Hochschule f\u00fcr Wirtschaft (FHNW) holt die Kurzumfrage quartalsweise [&hellip;]<\/p>\n","protected":false},"author":4,"featured_media":7077,"comment_status":"closed","ping_status":"closed","sticky":false,"template":"","format":"standard","meta":{"_acf_changed":false,"_yoast_wpseo_focuskw":"Future Work Barometer","_yoast_wpseo_metadesc":"Der Future Work Barometer zeigt: Deutlich \u00fcber 70% des Entwicklungspotenzials f\u00fcr eine erfolgreiche Umsetzung der Arbeitswelt 4.0 ist Sache der F\u00fchrung.","articlekey":"","footnotes":""},"categories":[28],"tags":[56,156,335,459],"class_list":["post-7076","post","type-post","status-publish","format-standard","has-post-thumbnail","hentry","category-management","tag-arbeitswelt-4-0","tag-digitalisierung","tag-management-und-unternehmensfuehrung","tag-studie"],"acf":[],"yoast_head":"<!-- This site is optimized with the Yoast SEO plugin v27.5 - https:\/\/yoast.com\/product\/yoast-seo-wordpress\/ -->\n<title>Future Work Barometer: Die Arbeitswelt 4.0 fordert die Unternehmensf\u00fchrung heraus - Organisator<\/title>\n<meta name=\"description\" content=\"Der Future Work Barometer zeigt: Deutlich \u00fcber 70% des Entwicklungspotenzials f\u00fcr eine erfolgreiche Umsetzung der Arbeitswelt 4.0 ist Sache der F\u00fchrung.\" \/>\n<meta name=\"robots\" content=\"index, follow, max-snippet:-1, max-image-preview:large, max-video-preview:-1\" \/>\n<link rel=\"canonical\" href=\"https:\/\/www.organisator.ch\/en\/management\/2020-09-04\/future-work-barometer-die-arbeitswelt-4-0-fordert-die-unternehmensfuehrung-heraus\/\" \/>\n<meta property=\"og:locale\" content=\"en_US\" \/>\n<meta property=\"og:type\" content=\"article\" \/>\n<meta property=\"og:title\" content=\"Future Work Barometer: Die Arbeitswelt 4.0 fordert die Unternehmensf\u00fchrung heraus\" \/>\n<meta property=\"og:description\" content=\"Der Future Work Barometer zeigt: Deutlich \u00fcber 70% des Entwicklungspotenzials f\u00fcr eine erfolgreiche Umsetzung der Arbeitswelt 4.0 ist Sache der F\u00fchrung.\" \/>\n<meta property=\"og:url\" content=\"https:\/\/www.organisator.ch\/en\/management\/2020-09-04\/future-work-barometer-die-arbeitswelt-4-0-fordert-die-unternehmensfuehrung-heraus\/\" \/>\n<meta property=\"og:site_name\" content=\"Organisator\" \/>\n<meta property=\"article:publisher\" content=\"https:\/\/www.facebook.com\/OrganisatorFachmagazin\" \/>\n<meta property=\"article:published_time\" content=\"2020-09-04T08:18:12+00:00\" \/>\n<meta property=\"og:image\" content=\"https:\/\/www.organisator.ch\/wp-content\/uploads\/2020\/09\/Future-Work-Barometer-Die-Arbeitswelt-4.0-fordert-die-Unternehmensfuehrung-heraus-1_Organisator.jpg\" \/>\n\t<meta property=\"og:image:width\" content=\"680\" \/>\n\t<meta property=\"og:image:height\" content=\"451\" \/>\n\t<meta property=\"og:image:type\" content=\"image\/jpeg\" \/>\n<meta name=\"author\" content=\"thomas.berner\" \/>\n<meta name=\"twitter:card\" content=\"summary_large_image\" \/>\n<meta name=\"twitter:title\" content=\"Future Work #Barometer: Die #Arbeitswelt 4.0 fordert die Unternehmensf\u00fchrung heraus\" \/>\n<meta name=\"twitter:description\" content=\"Der Future Work #Barometer zeigt: Deutlich \u00fcber 70% des Entwicklungspotenzials f\u00fcr eine erfolgreiche Umsetzung der #Arbeitswelt 4.0 ist Sache der F\u00fchrung.\" \/>\n<meta name=\"twitter:image\" content=\"https:\/\/www.organisator.ch\/wp-content\/uploads\/2020\/09\/Future-Work-Barometer-Die-Arbeitswelt-4.0-fordert-die-Unternehmensfuehrung-heraus-1_Organisator.jpg\" \/>\n<script type=\"application\/ld+json\" class=\"yoast-schema-graph\">{\"@context\":\"https:\\\/\\\/schema.org\",\"@graph\":[{\"@type\":\"Article\",\"@id\":\"https:\\\/\\\/www.organisator.ch\\\/management\\\/2020-09-04\\\/future-work-barometer-die-arbeitswelt-4-0-fordert-die-unternehmensfuehrung-heraus\\\/#article\",\"isPartOf\":{\"@id\":\"https:\\\/\\\/www.organisator.ch\\\/management\\\/2020-09-04\\\/future-work-barometer-die-arbeitswelt-4-0-fordert-die-unternehmensfuehrung-heraus\\\/\"},\"author\":{\"name\":\"thomas.berner\",\"@id\":\"https:\\\/\\\/www.organisator.ch\\\/#\\\/schema\\\/person\\\/6f650f90b2842cd4c0cc334b4e36f67e\"},\"headline\":\"Future Work Barometer: Die Arbeitswelt 4.0 fordert die Unternehmensf\u00fchrung heraus\",\"datePublished\":\"2020-09-04T08:18:12+00:00\",\"mainEntityOfPage\":{\"@id\":\"https:\\\/\\\/www.organisator.ch\\\/management\\\/2020-09-04\\\/future-work-barometer-die-arbeitswelt-4-0-fordert-die-unternehmensfuehrung-heraus\\\/\"},\"wordCount\":637,\"publisher\":{\"@id\":\"https:\\\/\\\/www.organisator.ch\\\/#organization\"},\"image\":{\"@id\":\"https:\\\/\\\/www.organisator.ch\\\/management\\\/2020-09-04\\\/future-work-barometer-die-arbeitswelt-4-0-fordert-die-unternehmensfuehrung-heraus\\\/#primaryimage\"},\"thumbnailUrl\":\"https:\\\/\\\/www.organisator.ch\\\/wp-content\\\/uploads\\\/2020\\\/09\\\/Future-Work-Barometer-Die-Arbeitswelt-4.0-fordert-die-Unternehmensfuehrung-heraus-1_Organisator.jpg\",\"keywords\":[\"Arbeitswelt 4.0\",\"Digitalisierung\",\"Management und Unternehmensf\u00fchrung\",\"Studie\"],\"articleSection\":[\"MANAGEMENT\"],\"inLanguage\":\"en-US\"},{\"@type\":\"WebPage\",\"@id\":\"https:\\\/\\\/www.organisator.ch\\\/management\\\/2020-09-04\\\/future-work-barometer-die-arbeitswelt-4-0-fordert-die-unternehmensfuehrung-heraus\\\/\",\"url\":\"https:\\\/\\\/www.organisator.ch\\\/management\\\/2020-09-04\\\/future-work-barometer-die-arbeitswelt-4-0-fordert-die-unternehmensfuehrung-heraus\\\/\",\"name\":\"Future Work Barometer: Die Arbeitswelt 4.0 fordert die Unternehmensf\u00fchrung heraus - Organisator\",\"isPartOf\":{\"@id\":\"https:\\\/\\\/www.organisator.ch\\\/#website\"},\"primaryImageOfPage\":{\"@id\":\"https:\\\/\\\/www.organisator.ch\\\/management\\\/2020-09-04\\\/future-work-barometer-die-arbeitswelt-4-0-fordert-die-unternehmensfuehrung-heraus\\\/#primaryimage\"},\"image\":{\"@id\":\"https:\\\/\\\/www.organisator.ch\\\/management\\\/2020-09-04\\\/future-work-barometer-die-arbeitswelt-4-0-fordert-die-unternehmensfuehrung-heraus\\\/#primaryimage\"},\"thumbnailUrl\":\"https:\\\/\\\/www.organisator.ch\\\/wp-content\\\/uploads\\\/2020\\\/09\\\/Future-Work-Barometer-Die-Arbeitswelt-4.0-fordert-die-Unternehmensfuehrung-heraus-1_Organisator.jpg\",\"datePublished\":\"2020-09-04T08:18:12+00:00\",\"description\":\"Der Future Work Barometer zeigt: Deutlich \u00fcber 70% des Entwicklungspotenzials f\u00fcr eine erfolgreiche Umsetzung der Arbeitswelt 4.0 ist Sache der F\u00fchrung.\",\"breadcrumb\":{\"@id\":\"https:\\\/\\\/www.organisator.ch\\\/management\\\/2020-09-04\\\/future-work-barometer-die-arbeitswelt-4-0-fordert-die-unternehmensfuehrung-heraus\\\/#breadcrumb\"},\"inLanguage\":\"en-US\",\"potentialAction\":[{\"@type\":\"ReadAction\",\"target\":[\"https:\\\/\\\/www.organisator.ch\\\/management\\\/2020-09-04\\\/future-work-barometer-die-arbeitswelt-4-0-fordert-die-unternehmensfuehrung-heraus\\\/\"]}]},{\"@type\":\"ImageObject\",\"inLanguage\":\"en-US\",\"@id\":\"https:\\\/\\\/www.organisator.ch\\\/management\\\/2020-09-04\\\/future-work-barometer-die-arbeitswelt-4-0-fordert-die-unternehmensfuehrung-heraus\\\/#primaryimage\",\"url\":\"https:\\\/\\\/www.organisator.ch\\\/wp-content\\\/uploads\\\/2020\\\/09\\\/Future-Work-Barometer-Die-Arbeitswelt-4.0-fordert-die-Unternehmensfuehrung-heraus-1_Organisator.jpg\",\"contentUrl\":\"https:\\\/\\\/www.organisator.ch\\\/wp-content\\\/uploads\\\/2020\\\/09\\\/Future-Work-Barometer-Die-Arbeitswelt-4.0-fordert-die-Unternehmensfuehrung-heraus-1_Organisator.jpg\",\"width\":680,\"height\":451,\"caption\":\"Der Future Work Barometer zeigt einen deutlichen Nachholbedarf auf F\u00fchrungsebene, wenn es um die Umsetzung der Arbeitswelt 4.0 geht. (Bild: Unsplash)\"},{\"@type\":\"BreadcrumbList\",\"@id\":\"https:\\\/\\\/www.organisator.ch\\\/management\\\/2020-09-04\\\/future-work-barometer-die-arbeitswelt-4-0-fordert-die-unternehmensfuehrung-heraus\\\/#breadcrumb\",\"itemListElement\":[{\"@type\":\"ListItem\",\"position\":1,\"name\":\"Home\",\"item\":\"https:\\\/\\\/www.organisator.ch\\\/\"},{\"@type\":\"ListItem\",\"position\":2,\"name\":\"Future Work Barometer: Die Arbeitswelt 4.0 fordert die Unternehmensf\u00fchrung heraus\"}]},{\"@type\":\"WebSite\",\"@id\":\"https:\\\/\\\/www.organisator.ch\\\/#website\",\"url\":\"https:\\\/\\\/www.organisator.ch\\\/\",\"name\":\"Organisator\",\"description\":\"Kompetent. Praxisnah. Der ORGANISATOR bereitet in 10 Ausgaben pro Jahr die wesentlichen Themen f\u00fcr F\u00fchrungskr\u00e4fte von KMU auf.\",\"publisher\":{\"@id\":\"https:\\\/\\\/www.organisator.ch\\\/#organization\"},\"potentialAction\":[{\"@type\":\"SearchAction\",\"target\":{\"@type\":\"EntryPoint\",\"urlTemplate\":\"https:\\\/\\\/www.organisator.ch\\\/?s={search_term_string}\"},\"query-input\":{\"@type\":\"PropertyValueSpecification\",\"valueRequired\":true,\"valueName\":\"search_term_string\"}}],\"inLanguage\":\"en-US\"},{\"@type\":\"Organization\",\"@id\":\"https:\\\/\\\/www.organisator.ch\\\/#organization\",\"name\":\"Organisator\",\"url\":\"https:\\\/\\\/www.organisator.ch\\\/\",\"logo\":{\"@type\":\"ImageObject\",\"inLanguage\":\"en-US\",\"@id\":\"https:\\\/\\\/www.organisator.ch\\\/#\\\/schema\\\/logo\\\/image\\\/\",\"url\":\"https:\\\/\\\/www.organisator.ch\\\/wp-content\\\/uploads\\\/2022\\\/01\\\/Logo_Organisator_Website.png\",\"contentUrl\":\"https:\\\/\\\/www.organisator.ch\\\/wp-content\\\/uploads\\\/2022\\\/01\\\/Logo_Organisator_Website.png\",\"width\":800,\"height\":77,\"caption\":\"Organisator\"},\"image\":{\"@id\":\"https:\\\/\\\/www.organisator.ch\\\/#\\\/schema\\\/logo\\\/image\\\/\"},\"sameAs\":[\"https:\\\/\\\/www.facebook.com\\\/OrganisatorFachmagazin\",\"https:\\\/\\\/www.linkedin.com\\\/showcase\\\/organisator-das-magazin-fr-kmu\",\"https:\\\/\\\/www.xing.com\\\/news\\\/pages\\\/organisator-ch-695\",\"https:\\\/\\\/www.youtube.com\\\/channel\\\/UCGP2Sq0iWaZwT3BdIAQFYpw\"]},{\"@type\":\"Person\",\"@id\":\"https:\\\/\\\/www.organisator.ch\\\/#\\\/schema\\\/person\\\/6f650f90b2842cd4c0cc334b4e36f67e\",\"name\":\"thomas.berner\",\"image\":{\"@type\":\"ImageObject\",\"inLanguage\":\"en-US\",\"@id\":\"https:\\\/\\\/secure.gravatar.com\\\/avatar\\\/ac5001d2a36cb6c6cd3e50789007ffca834b477b74a2144564522e944eabff61?s=96&d=mm&r=g\",\"url\":\"https:\\\/\\\/secure.gravatar.com\\\/avatar\\\/ac5001d2a36cb6c6cd3e50789007ffca834b477b74a2144564522e944eabff61?s=96&d=mm&r=g\",\"contentUrl\":\"https:\\\/\\\/secure.gravatar.com\\\/avatar\\\/ac5001d2a36cb6c6cd3e50789007ffca834b477b74a2144564522e944eabff61?s=96&d=mm&r=g\",\"caption\":\"thomas.berner\"},\"url\":\"https:\\\/\\\/www.organisator.ch\\\/en\\\/author\\\/thomas-berner\\\/\"}]}<\/script>\n<!-- \/ Yoast SEO plugin. -->","yoast_head_json":{"title":"Future Work Barometer: The Working World 4.0 Challenges Corporate Management - Organizer","description":"The Future Work Barometer shows: Well over 70% of the development potential for successful implementation of Working World 4.0 is a matter for leadership.","robots":{"index":"index","follow":"follow","max-snippet":"max-snippet:-1","max-image-preview":"max-image-preview:large","max-video-preview":"max-video-preview:-1"},"canonical":"https:\/\/www.organisator.ch\/en\/management\/2020-09-04\/future-work-barometer-die-arbeitswelt-4-0-fordert-die-unternehmensfuehrung-heraus\/","og_locale":"en_US","og_type":"article","og_title":"Future Work Barometer: Die Arbeitswelt 4.0 fordert die Unternehmensf\u00fchrung heraus","og_description":"Der Future Work Barometer zeigt: Deutlich \u00fcber 70% des Entwicklungspotenzials f\u00fcr eine erfolgreiche Umsetzung der Arbeitswelt 4.0 ist Sache der F\u00fchrung.","og_url":"https:\/\/www.organisator.ch\/en\/management\/2020-09-04\/future-work-barometer-die-arbeitswelt-4-0-fordert-die-unternehmensfuehrung-heraus\/","og_site_name":"Organisator","article_publisher":"https:\/\/www.facebook.com\/OrganisatorFachmagazin","article_published_time":"2020-09-04T08:18:12+00:00","og_image":[{"width":680,"height":451,"url":"https:\/\/www.organisator.ch\/wp-content\/uploads\/2020\/09\/Future-Work-Barometer-Die-Arbeitswelt-4.0-fordert-die-Unternehmensfuehrung-heraus-1_Organisator.jpg","type":"image\/jpeg"}],"author":"thomas.berner","twitter_card":"summary_large_image","twitter_title":"Future Work #Barometer: Die #Arbeitswelt 4.0 fordert die Unternehmensf\u00fchrung heraus","twitter_description":"Der Future Work #Barometer zeigt: Deutlich \u00fcber 70% des Entwicklungspotenzials f\u00fcr eine erfolgreiche Umsetzung der #Arbeitswelt 4.0 ist Sache der F\u00fchrung.","twitter_image":"https:\/\/www.organisator.ch\/wp-content\/uploads\/2020\/09\/Future-Work-Barometer-Die-Arbeitswelt-4.0-fordert-die-Unternehmensfuehrung-heraus-1_Organisator.jpg","schema":{"@context":"https:\/\/schema.org","@graph":[{"@type":"Article","@id":"https:\/\/www.organisator.ch\/management\/2020-09-04\/future-work-barometer-die-arbeitswelt-4-0-fordert-die-unternehmensfuehrung-heraus\/#article","isPartOf":{"@id":"https:\/\/www.organisator.ch\/management\/2020-09-04\/future-work-barometer-die-arbeitswelt-4-0-fordert-die-unternehmensfuehrung-heraus\/"},"author":{"name":"thomas.berner","@id":"https:\/\/www.organisator.ch\/#\/schema\/person\/6f650f90b2842cd4c0cc334b4e36f67e"},"headline":"Future Work Barometer: Die Arbeitswelt 4.0 fordert die Unternehmensf\u00fchrung heraus","datePublished":"2020-09-04T08:18:12+00:00","mainEntityOfPage":{"@id":"https:\/\/www.organisator.ch\/management\/2020-09-04\/future-work-barometer-die-arbeitswelt-4-0-fordert-die-unternehmensfuehrung-heraus\/"},"wordCount":637,"publisher":{"@id":"https:\/\/www.organisator.ch\/#organization"},"image":{"@id":"https:\/\/www.organisator.ch\/management\/2020-09-04\/future-work-barometer-die-arbeitswelt-4-0-fordert-die-unternehmensfuehrung-heraus\/#primaryimage"},"thumbnailUrl":"https:\/\/www.organisator.ch\/wp-content\/uploads\/2020\/09\/Future-Work-Barometer-Die-Arbeitswelt-4.0-fordert-die-Unternehmensfuehrung-heraus-1_Organisator.jpg","keywords":["Arbeitswelt 4.0","Digitalisierung","Management und Unternehmensf\u00fchrung","Studie"],"articleSection":["MANAGEMENT"],"inLanguage":"en-US"},{"@type":"WebPage","@id":"https:\/\/www.organisator.ch\/management\/2020-09-04\/future-work-barometer-die-arbeitswelt-4-0-fordert-die-unternehmensfuehrung-heraus\/","url":"https:\/\/www.organisator.ch\/management\/2020-09-04\/future-work-barometer-die-arbeitswelt-4-0-fordert-die-unternehmensfuehrung-heraus\/","name":"Future Work Barometer: The Working World 4.0 Challenges Corporate Management - Organizer","isPartOf":{"@id":"https:\/\/www.organisator.ch\/#website"},"primaryImageOfPage":{"@id":"https:\/\/www.organisator.ch\/management\/2020-09-04\/future-work-barometer-die-arbeitswelt-4-0-fordert-die-unternehmensfuehrung-heraus\/#primaryimage"},"image":{"@id":"https:\/\/www.organisator.ch\/management\/2020-09-04\/future-work-barometer-die-arbeitswelt-4-0-fordert-die-unternehmensfuehrung-heraus\/#primaryimage"},"thumbnailUrl":"https:\/\/www.organisator.ch\/wp-content\/uploads\/2020\/09\/Future-Work-Barometer-Die-Arbeitswelt-4.0-fordert-die-Unternehmensfuehrung-heraus-1_Organisator.jpg","datePublished":"2020-09-04T08:18:12+00:00","description":"The Future Work Barometer shows: Well over 70% of the development potential for successful implementation of Working World 4.0 is a matter for leadership.","breadcrumb":{"@id":"https:\/\/www.organisator.ch\/management\/2020-09-04\/future-work-barometer-die-arbeitswelt-4-0-fordert-die-unternehmensfuehrung-heraus\/#breadcrumb"},"inLanguage":"en-US","potentialAction":[{"@type":"ReadAction","target":["https:\/\/www.organisator.ch\/management\/2020-09-04\/future-work-barometer-die-arbeitswelt-4-0-fordert-die-unternehmensfuehrung-heraus\/"]}]},{"@type":"ImageObject","inLanguage":"en-US","@id":"https:\/\/www.organisator.ch\/management\/2020-09-04\/future-work-barometer-die-arbeitswelt-4-0-fordert-die-unternehmensfuehrung-heraus\/#primaryimage","url":"https:\/\/www.organisator.ch\/wp-content\/uploads\/2020\/09\/Future-Work-Barometer-Die-Arbeitswelt-4.0-fordert-die-Unternehmensfuehrung-heraus-1_Organisator.jpg","contentUrl":"https:\/\/www.organisator.ch\/wp-content\/uploads\/2020\/09\/Future-Work-Barometer-Die-Arbeitswelt-4.0-fordert-die-Unternehmensfuehrung-heraus-1_Organisator.jpg","width":680,"height":451,"caption":"Der Future Work Barometer zeigt einen deutlichen Nachholbedarf auf F\u00fchrungsebene, wenn es um die Umsetzung der Arbeitswelt 4.0 geht. (Bild: Unsplash)"},{"@type":"BreadcrumbList","@id":"https:\/\/www.organisator.ch\/management\/2020-09-04\/future-work-barometer-die-arbeitswelt-4-0-fordert-die-unternehmensfuehrung-heraus\/#breadcrumb","itemListElement":[{"@type":"ListItem","position":1,"name":"Home","item":"https:\/\/www.organisator.ch\/"},{"@type":"ListItem","position":2,"name":"Future Work Barometer: Die Arbeitswelt 4.0 fordert die Unternehmensf\u00fchrung heraus"}]},{"@type":"WebSite","@id":"https:\/\/www.organisator.ch\/#website","url":"https:\/\/www.organisator.ch\/","name":"Organizer","description":"Competent. Practical. In 10 issues per year, ORGANISATOR presents the essential topics for managers of SMEs.","publisher":{"@id":"https:\/\/www.organisator.ch\/#organization"},"potentialAction":[{"@type":"SearchAction","target":{"@type":"EntryPoint","urlTemplate":"https:\/\/www.organisator.ch\/?s={search_term_string}"},"query-input":{"@type":"PropertyValueSpecification","valueRequired":true,"valueName":"search_term_string"}}],"inLanguage":"en-US"},{"@type":"Organization","@id":"https:\/\/www.organisator.ch\/#organization","name":"Organizer","url":"https:\/\/www.organisator.ch\/","logo":{"@type":"ImageObject","inLanguage":"en-US","@id":"https:\/\/www.organisator.ch\/#\/schema\/logo\/image\/","url":"https:\/\/www.organisator.ch\/wp-content\/uploads\/2022\/01\/Logo_Organisator_Website.png","contentUrl":"https:\/\/www.organisator.ch\/wp-content\/uploads\/2022\/01\/Logo_Organisator_Website.png","width":800,"height":77,"caption":"Organisator"},"image":{"@id":"https:\/\/www.organisator.ch\/#\/schema\/logo\/image\/"},"sameAs":["https:\/\/www.facebook.com\/OrganisatorFachmagazin","https:\/\/www.linkedin.com\/showcase\/organisator-das-magazin-fr-kmu","https:\/\/www.xing.com\/news\/pages\/organisator-ch-695","https:\/\/www.youtube.com\/channel\/UCGP2Sq0iWaZwT3BdIAQFYpw"]},{"@type":"Person","@id":"https:\/\/www.organisator.ch\/#\/schema\/person\/6f650f90b2842cd4c0cc334b4e36f67e","name":"thomas.berner","image":{"@type":"ImageObject","inLanguage":"en-US","@id":"https:\/\/secure.gravatar.com\/avatar\/ac5001d2a36cb6c6cd3e50789007ffca834b477b74a2144564522e944eabff61?s=96&d=mm&r=g","url":"https:\/\/secure.gravatar.com\/avatar\/ac5001d2a36cb6c6cd3e50789007ffca834b477b74a2144564522e944eabff61?s=96&d=mm&r=g","contentUrl":"https:\/\/secure.gravatar.com\/avatar\/ac5001d2a36cb6c6cd3e50789007ffca834b477b74a2144564522e944eabff61?s=96&d=mm&r=g","caption":"thomas.berner"},"url":"https:\/\/www.organisator.ch\/en\/author\/thomas-berner\/"}]}},"_links":{"self":[{"href":"https:\/\/www.organisator.ch\/en\/wp-json\/wp\/v2\/posts\/7076","targetHints":{"allow":["GET"]}}],"collection":[{"href":"https:\/\/www.organisator.ch\/en\/wp-json\/wp\/v2\/posts"}],"about":[{"href":"https:\/\/www.organisator.ch\/en\/wp-json\/wp\/v2\/types\/post"}],"author":[{"embeddable":true,"href":"https:\/\/www.organisator.ch\/en\/wp-json\/wp\/v2\/users\/4"}],"replies":[{"embeddable":true,"href":"https:\/\/www.organisator.ch\/en\/wp-json\/wp\/v2\/comments?post=7076"}],"version-history":[{"count":0,"href":"https:\/\/www.organisator.ch\/en\/wp-json\/wp\/v2\/posts\/7076\/revisions"}],"wp:featuredmedia":[{"embeddable":true,"href":"https:\/\/www.organisator.ch\/en\/wp-json\/wp\/v2\/media\/7077"}],"wp:attachment":[{"href":"https:\/\/www.organisator.ch\/en\/wp-json\/wp\/v2\/media?parent=7076"}],"wp:term":[{"taxonomy":"category","embeddable":true,"href":"https:\/\/www.organisator.ch\/en\/wp-json\/wp\/v2\/categories?post=7076"},{"taxonomy":"post_tag","embeddable":true,"href":"https:\/\/www.organisator.ch\/en\/wp-json\/wp\/v2\/tags?post=7076"}],"curies":[{"name":"wp","href":"https:\/\/api.w.org\/{rel}","templated":true}]}}