{"id":7083,"date":"2020-09-04T12:49:11","date_gmt":"2020-09-04T10:49:11","guid":{"rendered":"https:\/\/www.organisator.ch\/?p=7083"},"modified":"2020-09-04T12:49:11","modified_gmt":"2020-09-04T10:49:11","slug":"diversity-in-schweizer-verwaltungsraeten-im-jahr-2020-19-top-67-flop","status":"publish","type":"post","link":"https:\/\/www.organisator.ch\/en\/management\/2020-09-04\/diversity-in-schweizer-verwaltungsraeten-im-jahr-2020-19-top-67-flop\/","title":{"rendered":"Diversity on Swiss Boards of Directors in 2020: 19% top - 67% flop"},"content":{"rendered":"<figure id=\"attachment_7085\" aria-describedby=\"caption-attachment-7085\" style=\"width: 680px\" class=\"wp-caption alignnone\"><img loading=\"lazy\" decoding=\"async\" class=\"size-medium wp-image-7085\" src=\"https:\/\/www.organisator.ch\/wp-content\/uploads\/2020\/09\/Diversity-in-Schweizer-Verwaltungsraeten-im-Jahr-2020-19-top---67-flop_Organisator.jpg\" alt=\"\" width=\"680\" height=\"343\" srcset=\"\" sizes=\"auto, (max-width: 680px) 100vw, 680px\" data-srcset=\"\" \/><figcaption id=\"caption-attachment-7085\" class=\"wp-caption-text\">In terms of diversity, there is still a lot of room for improvement in the majority of Swiss companies. (Graphic: GetDiversity)<\/figcaption><\/figure>\n<p>After all, 19% or 1,453 of the companies surveyed have gender diversity in the range of 30% - 70% and thus already voluntarily comply with the soon-to-be applicable gender benchmarks for boards of directors of listed companies. This is a ray of light on the horizon. Significantly above this target and thus particularly positive are 274 Swiss companies with a 50\/50 distribution both on the board of directors and among the authorized signatories. They are referred to as \"diversity champions\" in this report.<\/p>\n<p>The downside: 67% or 4,961 of the companies evaluated do not have a single woman on their board of directors, 132 no men. The picture is similarly bleak in terms of gender mix among all those responsible under commercial law (BoD &amp; authorized signatories): 2,965 operate without women, 67 without men. This means 40% of the analyzed companies work without gender mix among their officers.<\/p>\n<h2>14 percent share of women with little effect<\/h2>\n<p>In view of these figures, it is clear that the majority of the companies analyzed are giving away decisive competitive advantages. The fact that mixed teams are more successful and have a higher profile thanks to their diversity in terms of, for example, problem-solving skills, innovative strength and risk assessment, has been sufficiently proven and is well known. Behavioral research shows that the full effect of diversity is felt when the proportion of women is at least 30%. With an average share of women of 14 % on the boards of directors and 19 % among the authorized signatories, diversity is not yet sufficiently effective at the companies studied. The potential to structurally improve the chances of entrepreneurial success is accordingly high.<\/p>\n<h2><strong>The Swiss \"Diversity Champions<\/strong><\/h2>\n<p>There is another way. At least 274 of the companies evaluated have long since recognized this and prove it with a gender representation of 50 % women and 50 % men on the board of directors and among the authorized signatories, which is why the Diversity Report Switzerland 2020 designates them as \"Diversity Champions\".<\/p>\n<p>These companies include, for example<\/p>\n<ul>\n<li>as the largest company, over 500 employees: YX Magnetic SA, Sierre<\/li>\n<li>as the oldest company, registered in the HR in 1883: Hotel Europe Davos AG, Davos<\/li>\n<li>as companies with over 100 employees, the largest board of directors and the highest number of authorized signatories:<\/li>\n<li>Groupe M\u00e9dical de Versoix SA, Versoix<\/li>\n<li>Valmont Group Holding SA, Geneva<\/li>\n<li>EF Education First AG, Zurich<\/li>\n<li>Montanstahl SA, Stabio<\/li>\n<li>AG f\u00fcr Liegenschaftswerte, Basel<\/li>\n<li>Soci\u00e9t\u00e9 anonyme de la Colline Champel, Geneva<\/li>\n<\/ul>\n<p>What is surprising in this context is that the canton of Appenzell Innerrhoden, which was the last in Switzerland to introduce women's suffrage at the cantonal level in 1991, has the highest proportion of \"diversity champions\" at 13%.<\/p>\n<h2><strong>Fix the system - not the women<\/strong><\/h2>\n<p>\"If we want more Swiss companies to become 'diversity champions' in the future, or at least exceed the 30% mark, a cultural change in these companies is inevitable,\" states Esther-Mirjam de Boer, co-owner and managing director of GetDiversity GmbH.<\/p>\n<p>Companies that lose women on their way to the top management level are said to have a \"leaking pipeline.\" In oil companies, it's clear that a leaking pipeline is fixed at the pipe, not the oil. Some executives still believe that a \"leaking pipeline\" in their talent pool is to be fixed at the women, rather than at the company. \"More and more companies, however, are coming to the realization that company culture, interactions, structures, processes and habits are part of the problem and are changing the system because of it. The motto is: fix the system - not the women,\" the expert for diversity and inclusive culture concludes.<\/p>\n<p><em>Source: <a href=\"http:\/\/www.getdiversity.ch\">GetDiversity<\/a><br \/>\nNote: A hit list of the \"most female companies\" was recently published by the consulting firm DOIT-smart. <a href=\"https:\/\/www.organisator.ch\/die-weiblichsten-unternehmen-2020-in-der-schweiz\/\">We reported about it<\/a>.<\/em><\/p>","protected":false},"excerpt":{"rendered":"<p>Immerhin 19% bzw. 1\u2019453 der untersuchten Firmen haben eine Geschlechtervielfalt in der Bandbreite von 30% &#8211; 70% und halten damit die bald g\u00fcltigen Geschlechterrichtwerte f\u00fcr Verwaltungsr\u00e4te von bo\u0308rsenkotierten Unternehmen bereits freiwillig ein. Das ist ein Lichtstreifen am Horizont. Deutlich \u00fcber diesem Ziel und damit besonders positiv pr\u00e4sentieren sich 274 Schweizer Unternehmen mit einer 50 \/ [&hellip;]<\/p>\n","protected":false},"author":4,"featured_media":7085,"comment_status":"closed","ping_status":"closed","sticky":false,"template":"","format":"standard","meta":{"_acf_changed":false,"_yoast_wpseo_focuskw":"Diversity","_yoast_wpseo_metadesc":"Erstmals gibt es mit dem Diversity Report Schweiz 2020 eine Vollerhebung \u00fcber die Geschlechtervielfalt in Verwaltungsr\u00e4ten der Schweizer Unternehmen.","articlekey":"","footnotes":""},"categories":[28],"tags":[159,254,335,459,513],"class_list":["post-7083","post","type-post","status-publish","format-standard","has-post-thumbnail","hentry","category-management","tag-diversity","tag-hrm","tag-management-und-unternehmensfuehrung","tag-studie","tag-verwaltungsraete"],"acf":[],"yoast_head":"<!-- This site is optimized with the Yoast SEO plugin v27.4 - https:\/\/yoast.com\/product\/yoast-seo-wordpress\/ -->\n<title>Diversity in Schweizer Verwaltungsr\u00e4ten im Jahr 2020: 19% top \u2013 67% flop - Organisator<\/title>\n<meta name=\"description\" content=\"Erstmals gibt es mit dem Diversity Report Schweiz 2020 eine Vollerhebung \u00fcber die Geschlechtervielfalt in Verwaltungsr\u00e4ten der Schweizer Unternehmen.\" \/>\n<meta name=\"robots\" content=\"index, follow, max-snippet:-1, max-image-preview:large, max-video-preview:-1\" \/>\n<link rel=\"canonical\" href=\"https:\/\/www.organisator.ch\/en\/management\/2020-09-04\/diversity-in-schweizer-verwaltungsraeten-im-jahr-2020-19-top-67-flop\/\" \/>\n<meta property=\"og:locale\" content=\"en_US\" \/>\n<meta property=\"og:type\" content=\"article\" \/>\n<meta property=\"og:title\" content=\"Diversity in Schweizer Verwaltungsr\u00e4ten im Jahr 2020: 19% top \u2013 67% flop\" \/>\n<meta property=\"og:description\" content=\"Erstmals gibt es mit dem Diversity Report Schweiz 2020 eine Vollerhebung \u00fcber die Geschlechtervielfalt in Verwaltungsr\u00e4ten der Schweizer Unternehmen.\" \/>\n<meta property=\"og:url\" content=\"https:\/\/www.organisator.ch\/en\/management\/2020-09-04\/diversity-in-schweizer-verwaltungsraeten-im-jahr-2020-19-top-67-flop\/\" \/>\n<meta property=\"og:site_name\" content=\"Organisator\" \/>\n<meta property=\"article:publisher\" content=\"https:\/\/www.facebook.com\/OrganisatorFachmagazin\" \/>\n<meta property=\"article:published_time\" content=\"2020-09-04T10:49:11+00:00\" \/>\n<meta property=\"og:image\" content=\"https:\/\/www.organisator.ch\/wp-content\/uploads\/2020\/09\/Diversity-in-Schweizer-Verwaltungsraeten-im-Jahr-2020-19-top-\u2013-67-flop_Organisator.jpg\" \/>\n\t<meta property=\"og:image:width\" content=\"680\" \/>\n\t<meta property=\"og:image:height\" content=\"343\" \/>\n\t<meta property=\"og:image:type\" content=\"image\/jpeg\" \/>\n<meta name=\"author\" content=\"thomas.berner\" \/>\n<meta name=\"twitter:card\" content=\"summary_large_image\" \/>\n<meta name=\"twitter:title\" content=\"#Diversity in Schweizer #Verwaltungsr\u00e4ten im Jahr 2020: 19% top \u2013 67% flop\" \/>\n<meta name=\"twitter:description\" content=\"Erstmals gibt es mit dem #Diversity Report Schweiz 2020 eine Vollerhebung \u00fcber die #Geschlechtervielfalt in #Verwaltungsr\u00e4ten der Schweizer Unternehmen.\" \/>\n<meta name=\"twitter:image\" content=\"https:\/\/www.organisator.ch\/wp-content\/uploads\/2020\/09\/Diversity-in-Schweizer-Verwaltungsraeten-im-Jahr-2020-19-top-\u2013-67-flop_Organisator.jpg\" \/>\n<script type=\"application\/ld+json\" class=\"yoast-schema-graph\">{\"@context\":\"https:\\\/\\\/schema.org\",\"@graph\":[{\"@type\":\"Article\",\"@id\":\"https:\\\/\\\/www.organisator.ch\\\/management\\\/2020-09-04\\\/diversity-in-schweizer-verwaltungsraeten-im-jahr-2020-19-top-67-flop\\\/#article\",\"isPartOf\":{\"@id\":\"https:\\\/\\\/www.organisator.ch\\\/management\\\/2020-09-04\\\/diversity-in-schweizer-verwaltungsraeten-im-jahr-2020-19-top-67-flop\\\/\"},\"author\":{\"name\":\"thomas.berner\",\"@id\":\"https:\\\/\\\/www.organisator.ch\\\/#\\\/schema\\\/person\\\/6f650f90b2842cd4c0cc334b4e36f67e\"},\"headline\":\"Diversity in Schweizer Verwaltungsr\u00e4ten im Jahr 2020: 19% top \u2013 67% flop\",\"datePublished\":\"2020-09-04T10:49:11+00:00\",\"mainEntityOfPage\":{\"@id\":\"https:\\\/\\\/www.organisator.ch\\\/management\\\/2020-09-04\\\/diversity-in-schweizer-verwaltungsraeten-im-jahr-2020-19-top-67-flop\\\/\"},\"wordCount\":577,\"publisher\":{\"@id\":\"https:\\\/\\\/www.organisator.ch\\\/#organization\"},\"image\":{\"@id\":\"https:\\\/\\\/www.organisator.ch\\\/management\\\/2020-09-04\\\/diversity-in-schweizer-verwaltungsraeten-im-jahr-2020-19-top-67-flop\\\/#primaryimage\"},\"thumbnailUrl\":\"https:\\\/\\\/www.organisator.ch\\\/wp-content\\\/uploads\\\/2020\\\/09\\\/Diversity-in-Schweizer-Verwaltungsraeten-im-Jahr-2020-19-top-\u2013-67-flop_Organisator.jpg\",\"keywords\":[\"Diversity\",\"HRM\",\"Management und Unternehmensf\u00fchrung\",\"Studie\",\"Verwaltungsr\u00e4te\"],\"articleSection\":[\"MANAGEMENT\"],\"inLanguage\":\"en-US\"},{\"@type\":\"WebPage\",\"@id\":\"https:\\\/\\\/www.organisator.ch\\\/management\\\/2020-09-04\\\/diversity-in-schweizer-verwaltungsraeten-im-jahr-2020-19-top-67-flop\\\/\",\"url\":\"https:\\\/\\\/www.organisator.ch\\\/management\\\/2020-09-04\\\/diversity-in-schweizer-verwaltungsraeten-im-jahr-2020-19-top-67-flop\\\/\",\"name\":\"Diversity in Schweizer Verwaltungsr\u00e4ten im Jahr 2020: 19% top \u2013 67% flop - Organisator\",\"isPartOf\":{\"@id\":\"https:\\\/\\\/www.organisator.ch\\\/#website\"},\"primaryImageOfPage\":{\"@id\":\"https:\\\/\\\/www.organisator.ch\\\/management\\\/2020-09-04\\\/diversity-in-schweizer-verwaltungsraeten-im-jahr-2020-19-top-67-flop\\\/#primaryimage\"},\"image\":{\"@id\":\"https:\\\/\\\/www.organisator.ch\\\/management\\\/2020-09-04\\\/diversity-in-schweizer-verwaltungsraeten-im-jahr-2020-19-top-67-flop\\\/#primaryimage\"},\"thumbnailUrl\":\"https:\\\/\\\/www.organisator.ch\\\/wp-content\\\/uploads\\\/2020\\\/09\\\/Diversity-in-Schweizer-Verwaltungsraeten-im-Jahr-2020-19-top-\u2013-67-flop_Organisator.jpg\",\"datePublished\":\"2020-09-04T10:49:11+00:00\",\"description\":\"Erstmals gibt es mit dem Diversity Report Schweiz 2020 eine Vollerhebung \u00fcber die Geschlechtervielfalt in Verwaltungsr\u00e4ten der Schweizer Unternehmen.\",\"breadcrumb\":{\"@id\":\"https:\\\/\\\/www.organisator.ch\\\/management\\\/2020-09-04\\\/diversity-in-schweizer-verwaltungsraeten-im-jahr-2020-19-top-67-flop\\\/#breadcrumb\"},\"inLanguage\":\"en-US\",\"potentialAction\":[{\"@type\":\"ReadAction\",\"target\":[\"https:\\\/\\\/www.organisator.ch\\\/management\\\/2020-09-04\\\/diversity-in-schweizer-verwaltungsraeten-im-jahr-2020-19-top-67-flop\\\/\"]}]},{\"@type\":\"ImageObject\",\"inLanguage\":\"en-US\",\"@id\":\"https:\\\/\\\/www.organisator.ch\\\/management\\\/2020-09-04\\\/diversity-in-schweizer-verwaltungsraeten-im-jahr-2020-19-top-67-flop\\\/#primaryimage\",\"url\":\"https:\\\/\\\/www.organisator.ch\\\/wp-content\\\/uploads\\\/2020\\\/09\\\/Diversity-in-Schweizer-Verwaltungsraeten-im-Jahr-2020-19-top-\u2013-67-flop_Organisator.jpg\",\"contentUrl\":\"https:\\\/\\\/www.organisator.ch\\\/wp-content\\\/uploads\\\/2020\\\/09\\\/Diversity-in-Schweizer-Verwaltungsraeten-im-Jahr-2020-19-top-\u2013-67-flop_Organisator.jpg\",\"width\":680,\"height\":343,\"caption\":\"In Sachen Diversity gibt es im Grossteil der Schweizer Unternehmen noch viel Luft nach oben. (Grafik: GetDiversity)\"},{\"@type\":\"BreadcrumbList\",\"@id\":\"https:\\\/\\\/www.organisator.ch\\\/management\\\/2020-09-04\\\/diversity-in-schweizer-verwaltungsraeten-im-jahr-2020-19-top-67-flop\\\/#breadcrumb\",\"itemListElement\":[{\"@type\":\"ListItem\",\"position\":1,\"name\":\"Home\",\"item\":\"https:\\\/\\\/www.organisator.ch\\\/\"},{\"@type\":\"ListItem\",\"position\":2,\"name\":\"Diversity in Schweizer Verwaltungsr\u00e4ten im Jahr 2020: 19% top \u2013 67% flop\"}]},{\"@type\":\"WebSite\",\"@id\":\"https:\\\/\\\/www.organisator.ch\\\/#website\",\"url\":\"https:\\\/\\\/www.organisator.ch\\\/\",\"name\":\"Organisator\",\"description\":\"Kompetent. Praxisnah. Der ORGANISATOR bereitet in 10 Ausgaben pro Jahr die wesentlichen Themen f\u00fcr F\u00fchrungskr\u00e4fte von KMU auf.\",\"publisher\":{\"@id\":\"https:\\\/\\\/www.organisator.ch\\\/#organization\"},\"potentialAction\":[{\"@type\":\"SearchAction\",\"target\":{\"@type\":\"EntryPoint\",\"urlTemplate\":\"https:\\\/\\\/www.organisator.ch\\\/?s={search_term_string}\"},\"query-input\":{\"@type\":\"PropertyValueSpecification\",\"valueRequired\":true,\"valueName\":\"search_term_string\"}}],\"inLanguage\":\"en-US\"},{\"@type\":\"Organization\",\"@id\":\"https:\\\/\\\/www.organisator.ch\\\/#organization\",\"name\":\"Organisator\",\"url\":\"https:\\\/\\\/www.organisator.ch\\\/\",\"logo\":{\"@type\":\"ImageObject\",\"inLanguage\":\"en-US\",\"@id\":\"https:\\\/\\\/www.organisator.ch\\\/#\\\/schema\\\/logo\\\/image\\\/\",\"url\":\"https:\\\/\\\/www.organisator.ch\\\/wp-content\\\/uploads\\\/2022\\\/01\\\/Logo_Organisator_Website.png\",\"contentUrl\":\"https:\\\/\\\/www.organisator.ch\\\/wp-content\\\/uploads\\\/2022\\\/01\\\/Logo_Organisator_Website.png\",\"width\":800,\"height\":77,\"caption\":\"Organisator\"},\"image\":{\"@id\":\"https:\\\/\\\/www.organisator.ch\\\/#\\\/schema\\\/logo\\\/image\\\/\"},\"sameAs\":[\"https:\\\/\\\/www.facebook.com\\\/OrganisatorFachmagazin\",\"https:\\\/\\\/www.linkedin.com\\\/showcase\\\/organisator-das-magazin-fr-kmu\",\"https:\\\/\\\/www.xing.com\\\/news\\\/pages\\\/organisator-ch-695\",\"https:\\\/\\\/www.youtube.com\\\/channel\\\/UCGP2Sq0iWaZwT3BdIAQFYpw\"]},{\"@type\":\"Person\",\"@id\":\"https:\\\/\\\/www.organisator.ch\\\/#\\\/schema\\\/person\\\/6f650f90b2842cd4c0cc334b4e36f67e\",\"name\":\"thomas.berner\",\"image\":{\"@type\":\"ImageObject\",\"inLanguage\":\"en-US\",\"@id\":\"https:\\\/\\\/secure.gravatar.com\\\/avatar\\\/ac5001d2a36cb6c6cd3e50789007ffca834b477b74a2144564522e944eabff61?s=96&d=mm&r=g\",\"url\":\"https:\\\/\\\/secure.gravatar.com\\\/avatar\\\/ac5001d2a36cb6c6cd3e50789007ffca834b477b74a2144564522e944eabff61?s=96&d=mm&r=g\",\"contentUrl\":\"https:\\\/\\\/secure.gravatar.com\\\/avatar\\\/ac5001d2a36cb6c6cd3e50789007ffca834b477b74a2144564522e944eabff61?s=96&d=mm&r=g\",\"caption\":\"thomas.berner\"},\"url\":\"https:\\\/\\\/www.organisator.ch\\\/en\\\/author\\\/thomas-berner\\\/\"}]}<\/script>\n<!-- \/ Yoast SEO plugin. -->","yoast_head_json":{"title":"Diversity on Swiss Boards of Directors in 2020: 19% top - 67% flop - Organizer","description":"For the first time, the Diversity Report Switzerland 2020 provides a full survey of gender diversity on the boards of Swiss companies.","robots":{"index":"index","follow":"follow","max-snippet":"max-snippet:-1","max-image-preview":"max-image-preview:large","max-video-preview":"max-video-preview:-1"},"canonical":"https:\/\/www.organisator.ch\/en\/management\/2020-09-04\/diversity-in-schweizer-verwaltungsraeten-im-jahr-2020-19-top-67-flop\/","og_locale":"en_US","og_type":"article","og_title":"Diversity in Schweizer Verwaltungsr\u00e4ten im Jahr 2020: 19% top \u2013 67% flop","og_description":"Erstmals gibt es mit dem Diversity Report Schweiz 2020 eine Vollerhebung \u00fcber die Geschlechtervielfalt in Verwaltungsr\u00e4ten der Schweizer Unternehmen.","og_url":"https:\/\/www.organisator.ch\/en\/management\/2020-09-04\/diversity-in-schweizer-verwaltungsraeten-im-jahr-2020-19-top-67-flop\/","og_site_name":"Organisator","article_publisher":"https:\/\/www.facebook.com\/OrganisatorFachmagazin","article_published_time":"2020-09-04T10:49:11+00:00","og_image":[{"width":680,"height":343,"url":"https:\/\/www.organisator.ch\/wp-content\/uploads\/2020\/09\/Diversity-in-Schweizer-Verwaltungsraeten-im-Jahr-2020-19-top-\u2013-67-flop_Organisator.jpg","type":"image\/jpeg"}],"author":"thomas.berner","twitter_card":"summary_large_image","twitter_title":"#Diversity in Schweizer #Verwaltungsr\u00e4ten im Jahr 2020: 19% top \u2013 67% flop","twitter_description":"Erstmals gibt es mit dem #Diversity Report Schweiz 2020 eine Vollerhebung \u00fcber die #Geschlechtervielfalt in #Verwaltungsr\u00e4ten der Schweizer Unternehmen.","twitter_image":"https:\/\/www.organisator.ch\/wp-content\/uploads\/2020\/09\/Diversity-in-Schweizer-Verwaltungsraeten-im-Jahr-2020-19-top-\u2013-67-flop_Organisator.jpg","schema":{"@context":"https:\/\/schema.org","@graph":[{"@type":"Article","@id":"https:\/\/www.organisator.ch\/management\/2020-09-04\/diversity-in-schweizer-verwaltungsraeten-im-jahr-2020-19-top-67-flop\/#article","isPartOf":{"@id":"https:\/\/www.organisator.ch\/management\/2020-09-04\/diversity-in-schweizer-verwaltungsraeten-im-jahr-2020-19-top-67-flop\/"},"author":{"name":"thomas.berner","@id":"https:\/\/www.organisator.ch\/#\/schema\/person\/6f650f90b2842cd4c0cc334b4e36f67e"},"headline":"Diversity in Schweizer Verwaltungsr\u00e4ten im Jahr 2020: 19% top \u2013 67% flop","datePublished":"2020-09-04T10:49:11+00:00","mainEntityOfPage":{"@id":"https:\/\/www.organisator.ch\/management\/2020-09-04\/diversity-in-schweizer-verwaltungsraeten-im-jahr-2020-19-top-67-flop\/"},"wordCount":577,"publisher":{"@id":"https:\/\/www.organisator.ch\/#organization"},"image":{"@id":"https:\/\/www.organisator.ch\/management\/2020-09-04\/diversity-in-schweizer-verwaltungsraeten-im-jahr-2020-19-top-67-flop\/#primaryimage"},"thumbnailUrl":"https:\/\/www.organisator.ch\/wp-content\/uploads\/2020\/09\/Diversity-in-Schweizer-Verwaltungsraeten-im-Jahr-2020-19-top-\u2013-67-flop_Organisator.jpg","keywords":["Diversity","HRM","Management und Unternehmensf\u00fchrung","Studie","Verwaltungsr\u00e4te"],"articleSection":["MANAGEMENT"],"inLanguage":"en-US"},{"@type":"WebPage","@id":"https:\/\/www.organisator.ch\/management\/2020-09-04\/diversity-in-schweizer-verwaltungsraeten-im-jahr-2020-19-top-67-flop\/","url":"https:\/\/www.organisator.ch\/management\/2020-09-04\/diversity-in-schweizer-verwaltungsraeten-im-jahr-2020-19-top-67-flop\/","name":"Diversity on Swiss Boards of Directors in 2020: 19% top - 67% flop - Organizer","isPartOf":{"@id":"https:\/\/www.organisator.ch\/#website"},"primaryImageOfPage":{"@id":"https:\/\/www.organisator.ch\/management\/2020-09-04\/diversity-in-schweizer-verwaltungsraeten-im-jahr-2020-19-top-67-flop\/#primaryimage"},"image":{"@id":"https:\/\/www.organisator.ch\/management\/2020-09-04\/diversity-in-schweizer-verwaltungsraeten-im-jahr-2020-19-top-67-flop\/#primaryimage"},"thumbnailUrl":"https:\/\/www.organisator.ch\/wp-content\/uploads\/2020\/09\/Diversity-in-Schweizer-Verwaltungsraeten-im-Jahr-2020-19-top-\u2013-67-flop_Organisator.jpg","datePublished":"2020-09-04T10:49:11+00:00","description":"For the first time, the Diversity Report Switzerland 2020 provides a full survey of gender diversity on the boards of Swiss companies.","breadcrumb":{"@id":"https:\/\/www.organisator.ch\/management\/2020-09-04\/diversity-in-schweizer-verwaltungsraeten-im-jahr-2020-19-top-67-flop\/#breadcrumb"},"inLanguage":"en-US","potentialAction":[{"@type":"ReadAction","target":["https:\/\/www.organisator.ch\/management\/2020-09-04\/diversity-in-schweizer-verwaltungsraeten-im-jahr-2020-19-top-67-flop\/"]}]},{"@type":"ImageObject","inLanguage":"en-US","@id":"https:\/\/www.organisator.ch\/management\/2020-09-04\/diversity-in-schweizer-verwaltungsraeten-im-jahr-2020-19-top-67-flop\/#primaryimage","url":"https:\/\/www.organisator.ch\/wp-content\/uploads\/2020\/09\/Diversity-in-Schweizer-Verwaltungsraeten-im-Jahr-2020-19-top-\u2013-67-flop_Organisator.jpg","contentUrl":"https:\/\/www.organisator.ch\/wp-content\/uploads\/2020\/09\/Diversity-in-Schweizer-Verwaltungsraeten-im-Jahr-2020-19-top-\u2013-67-flop_Organisator.jpg","width":680,"height":343,"caption":"In Sachen Diversity gibt es im Grossteil der Schweizer Unternehmen noch viel Luft nach oben. (Grafik: GetDiversity)"},{"@type":"BreadcrumbList","@id":"https:\/\/www.organisator.ch\/management\/2020-09-04\/diversity-in-schweizer-verwaltungsraeten-im-jahr-2020-19-top-67-flop\/#breadcrumb","itemListElement":[{"@type":"ListItem","position":1,"name":"Home","item":"https:\/\/www.organisator.ch\/"},{"@type":"ListItem","position":2,"name":"Diversity in Schweizer Verwaltungsr\u00e4ten im Jahr 2020: 19% top \u2013 67% flop"}]},{"@type":"WebSite","@id":"https:\/\/www.organisator.ch\/#website","url":"https:\/\/www.organisator.ch\/","name":"Organizer","description":"Competent. Practical. In 10 issues per year, ORGANISATOR presents the essential topics for managers of SMEs.","publisher":{"@id":"https:\/\/www.organisator.ch\/#organization"},"potentialAction":[{"@type":"SearchAction","target":{"@type":"EntryPoint","urlTemplate":"https:\/\/www.organisator.ch\/?s={search_term_string}"},"query-input":{"@type":"PropertyValueSpecification","valueRequired":true,"valueName":"search_term_string"}}],"inLanguage":"en-US"},{"@type":"Organization","@id":"https:\/\/www.organisator.ch\/#organization","name":"Organizer","url":"https:\/\/www.organisator.ch\/","logo":{"@type":"ImageObject","inLanguage":"en-US","@id":"https:\/\/www.organisator.ch\/#\/schema\/logo\/image\/","url":"https:\/\/www.organisator.ch\/wp-content\/uploads\/2022\/01\/Logo_Organisator_Website.png","contentUrl":"https:\/\/www.organisator.ch\/wp-content\/uploads\/2022\/01\/Logo_Organisator_Website.png","width":800,"height":77,"caption":"Organisator"},"image":{"@id":"https:\/\/www.organisator.ch\/#\/schema\/logo\/image\/"},"sameAs":["https:\/\/www.facebook.com\/OrganisatorFachmagazin","https:\/\/www.linkedin.com\/showcase\/organisator-das-magazin-fr-kmu","https:\/\/www.xing.com\/news\/pages\/organisator-ch-695","https:\/\/www.youtube.com\/channel\/UCGP2Sq0iWaZwT3BdIAQFYpw"]},{"@type":"Person","@id":"https:\/\/www.organisator.ch\/#\/schema\/person\/6f650f90b2842cd4c0cc334b4e36f67e","name":"thomas.berner","image":{"@type":"ImageObject","inLanguage":"en-US","@id":"https:\/\/secure.gravatar.com\/avatar\/ac5001d2a36cb6c6cd3e50789007ffca834b477b74a2144564522e944eabff61?s=96&d=mm&r=g","url":"https:\/\/secure.gravatar.com\/avatar\/ac5001d2a36cb6c6cd3e50789007ffca834b477b74a2144564522e944eabff61?s=96&d=mm&r=g","contentUrl":"https:\/\/secure.gravatar.com\/avatar\/ac5001d2a36cb6c6cd3e50789007ffca834b477b74a2144564522e944eabff61?s=96&d=mm&r=g","caption":"thomas.berner"},"url":"https:\/\/www.organisator.ch\/en\/author\/thomas-berner\/"}]}},"_links":{"self":[{"href":"https:\/\/www.organisator.ch\/en\/wp-json\/wp\/v2\/posts\/7083","targetHints":{"allow":["GET"]}}],"collection":[{"href":"https:\/\/www.organisator.ch\/en\/wp-json\/wp\/v2\/posts"}],"about":[{"href":"https:\/\/www.organisator.ch\/en\/wp-json\/wp\/v2\/types\/post"}],"author":[{"embeddable":true,"href":"https:\/\/www.organisator.ch\/en\/wp-json\/wp\/v2\/users\/4"}],"replies":[{"embeddable":true,"href":"https:\/\/www.organisator.ch\/en\/wp-json\/wp\/v2\/comments?post=7083"}],"version-history":[{"count":0,"href":"https:\/\/www.organisator.ch\/en\/wp-json\/wp\/v2\/posts\/7083\/revisions"}],"wp:featuredmedia":[{"embeddable":true,"href":"https:\/\/www.organisator.ch\/en\/wp-json\/wp\/v2\/media\/7085"}],"wp:attachment":[{"href":"https:\/\/www.organisator.ch\/en\/wp-json\/wp\/v2\/media?parent=7083"}],"wp:term":[{"taxonomy":"category","embeddable":true,"href":"https:\/\/www.organisator.ch\/en\/wp-json\/wp\/v2\/categories?post=7083"},{"taxonomy":"post_tag","embeddable":true,"href":"https:\/\/www.organisator.ch\/en\/wp-json\/wp\/v2\/tags?post=7083"}],"curies":[{"name":"wp","href":"https:\/\/api.w.org\/{rel}","templated":true}]}}