{"id":7096,"date":"2020-09-08T12:00:23","date_gmt":"2020-09-08T10:00:23","guid":{"rendered":"https:\/\/www.organisator.ch\/?p=7096"},"modified":"2020-09-08T12:00:23","modified_gmt":"2020-09-08T10:00:23","slug":"neueinstellungen-koennten-im-herbst-in-der-schweiz-wieder-zunehmen","status":"publish","type":"post","link":"https:\/\/www.organisator.ch\/en\/human-resources\/hrm\/2020-09-08\/neueinstellungen-koennten-im-herbst-in-der-schweiz-wieder-zunehmen\/","title":{"rendered":"New hires could pick up again in Switzerland in the fall"},"content":{"rendered":"<figure id=\"attachment_7097\" aria-describedby=\"caption-attachment-7097\" style=\"width: 680px\" class=\"wp-caption alignnone\"><img loading=\"lazy\" decoding=\"async\" class=\"size-medium wp-image-7097\" src=\"https:\/\/www.organisator.ch\/wp-content\/uploads\/2020\/09\/Neueinstellungen-koennten-im-Herbst-in-der-Schweiz-wieder-zunehmen_Organisator.jpg\" alt=\"\" width=\"680\" height=\"402\" srcset=\"https:\/\/www.organisator.ch\/wp-content\/uploads\/2020\/09\/Neueinstellungen-koennten-im-Herbst-in-der-Schweiz-wieder-zunehmen_Organisator.jpg 680w, https:\/\/www.organisator.ch\/wp-content\/uploads\/2020\/09\/Neueinstellungen-koennten-im-Herbst-in-der-Schweiz-wieder-zunehmen_Organisator-16x9.jpg 16w, https:\/\/www.organisator.ch\/wp-content\/uploads\/2020\/09\/Neueinstellungen-koennten-im-Herbst-in-der-Schweiz-wieder-zunehmen_Organisator-296x175.jpg 296w, https:\/\/www.organisator.ch\/wp-content\/uploads\/2020\/09\/Neueinstellungen-koennten-im-Herbst-in-der-Schweiz-wieder-zunehmen_Organisator-592x350.jpg 592w, https:\/\/www.organisator.ch\/wp-content\/uploads\/2020\/09\/Neueinstellungen-koennten-im-Herbst-in-der-Schweiz-wieder-zunehmen_Organisator-300x177.jpg 300w\" sizes=\"auto, (max-width: 680px) 100vw, 680px\" \/><figcaption id=\"caption-attachment-7097\" class=\"wp-caption-text\">In various regions of Switzerland, there will be more new hires again in the fall. This is shown by the employment outlook by region. (Graphic: ManpowerGroup)<\/figcaption><\/figure>\n<p>42 % of Swiss employers are confident that they will return to pre-crisis hiring levels within a year, with the most optimistic (26 %) believing this will be the case by the end of 2020. This is according to the latest ManpowerGroup Labor Market Barometer. The survey behind it was conducted from July 15-28, 2020.<\/p>\n<p>\"Despite the uncertainty caused by the health situation in Switzerland and most other countries around the world, Swiss employers are showing us that we can have confidence in the solidity of the domestic market. Although layoffs and restructurings have already occurred, the results of our survey give us hope that these might not be as massive as some scenarios led us to fear. The survey results suggest that the labor market is regaining momentum. We have also developed solutions for those companies that need to rethink their HR strategy,\" says Gianni Valeri, Managing Director of Manpower Switzerland.<\/p>\n<h2>The consequences of the health crisis for the world of work<\/h2>\n<p>In addition to the usual questions about employment trends, this survey asked employers specifically about the longer-term impact of the healthcare crisis. According to the survey, just over a quarter (26 %) expect their companies to return to hiring dynamics similar to those in the years leading up to the crisis by the end of 2020. More than a third (39 %) of respondents expect to never return to pre-Covid-19 employment levels. Regarding employees who are on reduced hours because of the crisis, just under one-third (32 %) of employers intend to return them to their original employment levels within three to six months, while 3 % expect to have to lay off some of their workforce. When asked about the impact on work practices, more than half (57 %) plan to offer their employees more opportunities to do some of their work from home, compared to 39 % globally. Just under a fifth (17 %) of Swiss employers are even considering allowing their employees to spend all of their time working from home. Likewise, one-fifth (20 %) of employers surveyed are considering increasing the number of part-time positions available to retain employees.<\/p>\n<h2>Encouraging forecasts in Espace Mittelland and Zurich<\/h2>\n<p>Four of the seven regions report positive hiring prospects for fall 2020, with employers in the Espace Mittelland (+6 %) and the Zurich region (+6 %) the most optimistic. These two regions also report a strong increase compared to the previous quarter (+11 and +17 percentage points). In Ticino (-2 %), the negative figure is offset by a significant increase (+12 percentage points) compared with the previous quarter. The Lake Geneva region (-1 %) also reports an improvement on the previous quarter (+10 percentage points). Quarter-on-quarter, there is no decline in any region, while year-on-year, no region shows an increase. Compared with the same period in 2019, the figures remain low, with declines in six of the seven regions. Northwestern Switzerland (-5 %) shows the largest decrease (-11 percentage points), and its outlook for this quarter is also the weakest.<\/p>\n<h2>Significant recovery in new hires in the hospitality industry<\/h2>\n<p>The most confident employers are those in Other Services (+7 %) and Financial and Business Services (+3 %). In contrast, employers in the five other sectors expect to cut jobs. This is especially the case in manufacturing (-5 %): while its numbers improve from the previous quarter (+5 percentage points), it reports the sharpest year-over-year decline (-14 percentage points). Employers in the three sectors of trade, construction, and hospitality (-3 %) are cautious about hiring in the fall. The hospitality sector shows the most impressive performance, both quarter-over-quarter (+33 percentage points) and year-over-year (+17 percentage points).<\/p>\n<h2>Employment prospects vary depending on company category<\/h2>\n<p>Of the four company categories surveyed***, two are pointing to growth and two to decline. Medium-sized employers (+6 %) are the most optimistic and also show the strongest increase (+23 percentage points) from the previous quarter, followed by those in large companies (+4 %). Small businesses present the most pessimistic outlook (-6 %) and the strongest quarter-on-quarter and year-on-year decreases (-1 and -12 percentage points, respectively). The forecast of microenterprises amounts to -3 %.<\/p>\n<h2>Similar forecasts in neighboring countries<\/h2>\n<p>In neighboring countries, employers are slowly regaining confidence. In France (+3 %), the recovery is based primarily on positive prospects in the construction and financial and business services sectors. In Germany (+2 %), five of the seven sectors report positive hiring figures, especially the financial and business services sector and construction. By contrast, manufacturing is not doing well. In Italy (+1 %), the trade sector is the most dynamic.<\/p>\n<p><em>Source: <a href=\"http:\/\/www.manpower.ch\">ManpowerGroup<\/a><\/em><\/p>","protected":false},"excerpt":{"rendered":"<p>42 % der Schweizer Arbeitgeber sind zuversichtlich, dass sie innerhalb eines Jahres wieder das Einstellungsniveau von vor der Krise erreichen werden, wobei die Optimistischsten (26 %) glauben, dass dies bis Ende 2020 der Fall sein wird. Dies zeigt der j\u00fcngste Arbeitsmarktbarometer der ManpowerGroup. Die dahinter stehende Umfrage wurde vom 15. bis 28. Juli 2020 durchgef\u00fchrt. [&hellip;]<\/p>\n","protected":false},"author":4,"featured_media":7097,"comment_status":"closed","ping_status":"closed","sticky":false,"template":"","format":"standard","meta":{"_acf_changed":false,"_yoast_wpseo_focuskw":"Neueinstellungen","_yoast_wpseo_metadesc":"Die aktuellen Ergebnisse des ManpowerGroup Arbeitsmarktbarometers zeigen, dass Schweizer Firmen in Sachen Neueinstellungen wieder zuversichtlicher sind.","articlekey":"","footnotes":""},"categories":[26],"tags":[47,254,459],"class_list":["post-7096","post","type-post","status-publish","format-standard","has-post-thumbnail","hentry","category-hrm","tag-arbeitsmarkt","tag-hrm","tag-studie"],"acf":[],"yoast_head":"<!-- This site is optimized with the Yoast SEO plugin v27.4 - https:\/\/yoast.com\/product\/yoast-seo-wordpress\/ -->\n<title>Neueinstellungen k\u00f6nnten im Herbst in der Schweiz wieder zunehmen - Organisator<\/title>\n<meta name=\"description\" content=\"Die aktuellen Ergebnisse des ManpowerGroup Arbeitsmarktbarometers zeigen, dass Schweizer Firmen in Sachen Neueinstellungen wieder zuversichtlicher sind.\" \/>\n<meta name=\"robots\" content=\"index, follow, max-snippet:-1, max-image-preview:large, max-video-preview:-1\" \/>\n<link rel=\"canonical\" href=\"https:\/\/www.organisator.ch\/en\/human-resources\/hrm\/2020-09-08\/neueinstellungen-koennten-im-herbst-in-der-schweiz-wieder-zunehmen\/\" \/>\n<meta property=\"og:locale\" content=\"en_US\" \/>\n<meta property=\"og:type\" content=\"article\" \/>\n<meta property=\"og:title\" content=\"Neueinstellungen k\u00f6nnten im Herbst in der Schweiz wieder zunehmen\" \/>\n<meta property=\"og:description\" content=\"Die aktuellen Ergebnisse des ManpowerGroup Arbeitsmarktbarometers zeigen, dass Schweizer Firmen in Sachen Neueinstellungen wieder zuversichtlicher sind.\" \/>\n<meta property=\"og:url\" content=\"https:\/\/www.organisator.ch\/en\/human-resources\/hrm\/2020-09-08\/neueinstellungen-koennten-im-herbst-in-der-schweiz-wieder-zunehmen\/\" \/>\n<meta property=\"og:site_name\" content=\"Organisator\" \/>\n<meta property=\"article:publisher\" content=\"https:\/\/www.facebook.com\/OrganisatorFachmagazin\" \/>\n<meta property=\"article:published_time\" content=\"2020-09-08T10:00:23+00:00\" \/>\n<meta property=\"og:image\" content=\"https:\/\/www.organisator.ch\/wp-content\/uploads\/2020\/09\/Neueinstellungen-koennten-im-Herbst-in-der-Schweiz-wieder-zunehmen_Organisator.jpg\" \/>\n\t<meta property=\"og:image:width\" content=\"680\" \/>\n\t<meta property=\"og:image:height\" content=\"402\" \/>\n\t<meta property=\"og:image:type\" content=\"image\/jpeg\" \/>\n<meta name=\"author\" content=\"thomas.berner\" \/>\n<meta name=\"twitter:card\" content=\"summary_large_image\" \/>\n<meta name=\"twitter:title\" content=\"#Neueinstellungen k\u00f6nnten im #Herbst in der Schweiz wieder zunehmen\" \/>\n<meta name=\"twitter:description\" content=\"Die aktuellen Ergebnisse des #ManpowerGroup #Arbeitsmarktbarometers zeigen, dass Schweizer Firmen in Sachen #Neueinstellungen wieder zuversichtlicher sind.\" \/>\n<meta name=\"twitter:image\" content=\"https:\/\/www.organisator.ch\/wp-content\/uploads\/2020\/09\/Neueinstellungen-koennten-im-Herbst-in-der-Schweiz-wieder-zunehmen_Organisator.jpg\" \/>\n<script type=\"application\/ld+json\" class=\"yoast-schema-graph\">{\"@context\":\"https:\\\/\\\/schema.org\",\"@graph\":[{\"@type\":\"Article\",\"@id\":\"https:\\\/\\\/www.organisator.ch\\\/human-resources\\\/hrm\\\/2020-09-08\\\/neueinstellungen-koennten-im-herbst-in-der-schweiz-wieder-zunehmen\\\/#article\",\"isPartOf\":{\"@id\":\"https:\\\/\\\/www.organisator.ch\\\/human-resources\\\/hrm\\\/2020-09-08\\\/neueinstellungen-koennten-im-herbst-in-der-schweiz-wieder-zunehmen\\\/\"},\"author\":{\"name\":\"thomas.berner\",\"@id\":\"https:\\\/\\\/www.organisator.ch\\\/#\\\/schema\\\/person\\\/6f650f90b2842cd4c0cc334b4e36f67e\"},\"headline\":\"Neueinstellungen k\u00f6nnten im Herbst in der Schweiz wieder zunehmen\",\"datePublished\":\"2020-09-08T10:00:23+00:00\",\"mainEntityOfPage\":{\"@id\":\"https:\\\/\\\/www.organisator.ch\\\/human-resources\\\/hrm\\\/2020-09-08\\\/neueinstellungen-koennten-im-herbst-in-der-schweiz-wieder-zunehmen\\\/\"},\"wordCount\":788,\"publisher\":{\"@id\":\"https:\\\/\\\/www.organisator.ch\\\/#organization\"},\"image\":{\"@id\":\"https:\\\/\\\/www.organisator.ch\\\/human-resources\\\/hrm\\\/2020-09-08\\\/neueinstellungen-koennten-im-herbst-in-der-schweiz-wieder-zunehmen\\\/#primaryimage\"},\"thumbnailUrl\":\"https:\\\/\\\/www.organisator.ch\\\/wp-content\\\/uploads\\\/2020\\\/09\\\/Neueinstellungen-koennten-im-Herbst-in-der-Schweiz-wieder-zunehmen_Organisator.jpg\",\"keywords\":[\"Arbeitsmarkt\",\"HRM\",\"Studie\"],\"articleSection\":[\"HRM\"],\"inLanguage\":\"en-US\"},{\"@type\":\"WebPage\",\"@id\":\"https:\\\/\\\/www.organisator.ch\\\/human-resources\\\/hrm\\\/2020-09-08\\\/neueinstellungen-koennten-im-herbst-in-der-schweiz-wieder-zunehmen\\\/\",\"url\":\"https:\\\/\\\/www.organisator.ch\\\/human-resources\\\/hrm\\\/2020-09-08\\\/neueinstellungen-koennten-im-herbst-in-der-schweiz-wieder-zunehmen\\\/\",\"name\":\"Neueinstellungen k\u00f6nnten im Herbst in der Schweiz wieder zunehmen - Organisator\",\"isPartOf\":{\"@id\":\"https:\\\/\\\/www.organisator.ch\\\/#website\"},\"primaryImageOfPage\":{\"@id\":\"https:\\\/\\\/www.organisator.ch\\\/human-resources\\\/hrm\\\/2020-09-08\\\/neueinstellungen-koennten-im-herbst-in-der-schweiz-wieder-zunehmen\\\/#primaryimage\"},\"image\":{\"@id\":\"https:\\\/\\\/www.organisator.ch\\\/human-resources\\\/hrm\\\/2020-09-08\\\/neueinstellungen-koennten-im-herbst-in-der-schweiz-wieder-zunehmen\\\/#primaryimage\"},\"thumbnailUrl\":\"https:\\\/\\\/www.organisator.ch\\\/wp-content\\\/uploads\\\/2020\\\/09\\\/Neueinstellungen-koennten-im-Herbst-in-der-Schweiz-wieder-zunehmen_Organisator.jpg\",\"datePublished\":\"2020-09-08T10:00:23+00:00\",\"description\":\"Die aktuellen Ergebnisse des ManpowerGroup Arbeitsmarktbarometers zeigen, dass Schweizer Firmen in Sachen Neueinstellungen wieder zuversichtlicher sind.\",\"breadcrumb\":{\"@id\":\"https:\\\/\\\/www.organisator.ch\\\/human-resources\\\/hrm\\\/2020-09-08\\\/neueinstellungen-koennten-im-herbst-in-der-schweiz-wieder-zunehmen\\\/#breadcrumb\"},\"inLanguage\":\"en-US\",\"potentialAction\":[{\"@type\":\"ReadAction\",\"target\":[\"https:\\\/\\\/www.organisator.ch\\\/human-resources\\\/hrm\\\/2020-09-08\\\/neueinstellungen-koennten-im-herbst-in-der-schweiz-wieder-zunehmen\\\/\"]}]},{\"@type\":\"ImageObject\",\"inLanguage\":\"en-US\",\"@id\":\"https:\\\/\\\/www.organisator.ch\\\/human-resources\\\/hrm\\\/2020-09-08\\\/neueinstellungen-koennten-im-herbst-in-der-schweiz-wieder-zunehmen\\\/#primaryimage\",\"url\":\"https:\\\/\\\/www.organisator.ch\\\/wp-content\\\/uploads\\\/2020\\\/09\\\/Neueinstellungen-koennten-im-Herbst-in-der-Schweiz-wieder-zunehmen_Organisator.jpg\",\"contentUrl\":\"https:\\\/\\\/www.organisator.ch\\\/wp-content\\\/uploads\\\/2020\\\/09\\\/Neueinstellungen-koennten-im-Herbst-in-der-Schweiz-wieder-zunehmen_Organisator.jpg\",\"width\":680,\"height\":402,\"caption\":\"In verschiedenen Regionen der Schweiz wird es im Herbst wieder mehr Neueinstellungen geben. Dies zeigen die Besch\u00e4ftigungsaussichten nach Regionen. (Grafik: ManpowerGroup)\"},{\"@type\":\"BreadcrumbList\",\"@id\":\"https:\\\/\\\/www.organisator.ch\\\/human-resources\\\/hrm\\\/2020-09-08\\\/neueinstellungen-koennten-im-herbst-in-der-schweiz-wieder-zunehmen\\\/#breadcrumb\",\"itemListElement\":[{\"@type\":\"ListItem\",\"position\":1,\"name\":\"Home\",\"item\":\"https:\\\/\\\/www.organisator.ch\\\/\"},{\"@type\":\"ListItem\",\"position\":2,\"name\":\"Neueinstellungen k\u00f6nnten im Herbst in der Schweiz wieder zunehmen\"}]},{\"@type\":\"WebSite\",\"@id\":\"https:\\\/\\\/www.organisator.ch\\\/#website\",\"url\":\"https:\\\/\\\/www.organisator.ch\\\/\",\"name\":\"Organisator\",\"description\":\"Kompetent. Praxisnah. Der ORGANISATOR bereitet in 10 Ausgaben pro Jahr die wesentlichen Themen f\u00fcr F\u00fchrungskr\u00e4fte von KMU auf.\",\"publisher\":{\"@id\":\"https:\\\/\\\/www.organisator.ch\\\/#organization\"},\"potentialAction\":[{\"@type\":\"SearchAction\",\"target\":{\"@type\":\"EntryPoint\",\"urlTemplate\":\"https:\\\/\\\/www.organisator.ch\\\/?s={search_term_string}\"},\"query-input\":{\"@type\":\"PropertyValueSpecification\",\"valueRequired\":true,\"valueName\":\"search_term_string\"}}],\"inLanguage\":\"en-US\"},{\"@type\":\"Organization\",\"@id\":\"https:\\\/\\\/www.organisator.ch\\\/#organization\",\"name\":\"Organisator\",\"url\":\"https:\\\/\\\/www.organisator.ch\\\/\",\"logo\":{\"@type\":\"ImageObject\",\"inLanguage\":\"en-US\",\"@id\":\"https:\\\/\\\/www.organisator.ch\\\/#\\\/schema\\\/logo\\\/image\\\/\",\"url\":\"https:\\\/\\\/www.organisator.ch\\\/wp-content\\\/uploads\\\/2022\\\/01\\\/Logo_Organisator_Website.png\",\"contentUrl\":\"https:\\\/\\\/www.organisator.ch\\\/wp-content\\\/uploads\\\/2022\\\/01\\\/Logo_Organisator_Website.png\",\"width\":800,\"height\":77,\"caption\":\"Organisator\"},\"image\":{\"@id\":\"https:\\\/\\\/www.organisator.ch\\\/#\\\/schema\\\/logo\\\/image\\\/\"},\"sameAs\":[\"https:\\\/\\\/www.facebook.com\\\/OrganisatorFachmagazin\",\"https:\\\/\\\/www.linkedin.com\\\/showcase\\\/organisator-das-magazin-fr-kmu\",\"https:\\\/\\\/www.xing.com\\\/news\\\/pages\\\/organisator-ch-695\",\"https:\\\/\\\/www.youtube.com\\\/channel\\\/UCGP2Sq0iWaZwT3BdIAQFYpw\"]},{\"@type\":\"Person\",\"@id\":\"https:\\\/\\\/www.organisator.ch\\\/#\\\/schema\\\/person\\\/6f650f90b2842cd4c0cc334b4e36f67e\",\"name\":\"thomas.berner\",\"image\":{\"@type\":\"ImageObject\",\"inLanguage\":\"en-US\",\"@id\":\"https:\\\/\\\/secure.gravatar.com\\\/avatar\\\/ac5001d2a36cb6c6cd3e50789007ffca834b477b74a2144564522e944eabff61?s=96&d=mm&r=g\",\"url\":\"https:\\\/\\\/secure.gravatar.com\\\/avatar\\\/ac5001d2a36cb6c6cd3e50789007ffca834b477b74a2144564522e944eabff61?s=96&d=mm&r=g\",\"contentUrl\":\"https:\\\/\\\/secure.gravatar.com\\\/avatar\\\/ac5001d2a36cb6c6cd3e50789007ffca834b477b74a2144564522e944eabff61?s=96&d=mm&r=g\",\"caption\":\"thomas.berner\"},\"url\":\"https:\\\/\\\/www.organisator.ch\\\/en\\\/author\\\/thomas-berner\\\/\"}]}<\/script>\n<!-- \/ Yoast SEO plugin. -->","yoast_head_json":{"title":"New hires could pick up again in Switzerland in fall - organizer","description":"The latest results of the ManpowerGroup Labor Market Barometer show that Swiss companies are once again more confident when it comes to hiring.","robots":{"index":"index","follow":"follow","max-snippet":"max-snippet:-1","max-image-preview":"max-image-preview:large","max-video-preview":"max-video-preview:-1"},"canonical":"https:\/\/www.organisator.ch\/en\/human-resources\/hrm\/2020-09-08\/neueinstellungen-koennten-im-herbst-in-der-schweiz-wieder-zunehmen\/","og_locale":"en_US","og_type":"article","og_title":"Neueinstellungen k\u00f6nnten im Herbst in der Schweiz wieder zunehmen","og_description":"Die aktuellen Ergebnisse des ManpowerGroup Arbeitsmarktbarometers zeigen, dass Schweizer Firmen in Sachen Neueinstellungen wieder zuversichtlicher sind.","og_url":"https:\/\/www.organisator.ch\/en\/human-resources\/hrm\/2020-09-08\/neueinstellungen-koennten-im-herbst-in-der-schweiz-wieder-zunehmen\/","og_site_name":"Organisator","article_publisher":"https:\/\/www.facebook.com\/OrganisatorFachmagazin","article_published_time":"2020-09-08T10:00:23+00:00","og_image":[{"width":680,"height":402,"url":"https:\/\/www.organisator.ch\/wp-content\/uploads\/2020\/09\/Neueinstellungen-koennten-im-Herbst-in-der-Schweiz-wieder-zunehmen_Organisator.jpg","type":"image\/jpeg"}],"author":"thomas.berner","twitter_card":"summary_large_image","twitter_title":"#Neueinstellungen k\u00f6nnten im #Herbst in der Schweiz wieder zunehmen","twitter_description":"Die aktuellen Ergebnisse des #ManpowerGroup #Arbeitsmarktbarometers zeigen, dass Schweizer Firmen in Sachen #Neueinstellungen wieder zuversichtlicher sind.","twitter_image":"https:\/\/www.organisator.ch\/wp-content\/uploads\/2020\/09\/Neueinstellungen-koennten-im-Herbst-in-der-Schweiz-wieder-zunehmen_Organisator.jpg","schema":{"@context":"https:\/\/schema.org","@graph":[{"@type":"Article","@id":"https:\/\/www.organisator.ch\/human-resources\/hrm\/2020-09-08\/neueinstellungen-koennten-im-herbst-in-der-schweiz-wieder-zunehmen\/#article","isPartOf":{"@id":"https:\/\/www.organisator.ch\/human-resources\/hrm\/2020-09-08\/neueinstellungen-koennten-im-herbst-in-der-schweiz-wieder-zunehmen\/"},"author":{"name":"thomas.berner","@id":"https:\/\/www.organisator.ch\/#\/schema\/person\/6f650f90b2842cd4c0cc334b4e36f67e"},"headline":"Neueinstellungen k\u00f6nnten im Herbst in der Schweiz wieder zunehmen","datePublished":"2020-09-08T10:00:23+00:00","mainEntityOfPage":{"@id":"https:\/\/www.organisator.ch\/human-resources\/hrm\/2020-09-08\/neueinstellungen-koennten-im-herbst-in-der-schweiz-wieder-zunehmen\/"},"wordCount":788,"publisher":{"@id":"https:\/\/www.organisator.ch\/#organization"},"image":{"@id":"https:\/\/www.organisator.ch\/human-resources\/hrm\/2020-09-08\/neueinstellungen-koennten-im-herbst-in-der-schweiz-wieder-zunehmen\/#primaryimage"},"thumbnailUrl":"https:\/\/www.organisator.ch\/wp-content\/uploads\/2020\/09\/Neueinstellungen-koennten-im-Herbst-in-der-Schweiz-wieder-zunehmen_Organisator.jpg","keywords":["Arbeitsmarkt","HRM","Studie"],"articleSection":["HRM"],"inLanguage":"en-US"},{"@type":"WebPage","@id":"https:\/\/www.organisator.ch\/human-resources\/hrm\/2020-09-08\/neueinstellungen-koennten-im-herbst-in-der-schweiz-wieder-zunehmen\/","url":"https:\/\/www.organisator.ch\/human-resources\/hrm\/2020-09-08\/neueinstellungen-koennten-im-herbst-in-der-schweiz-wieder-zunehmen\/","name":"New hires could pick up again in Switzerland in fall - organizer","isPartOf":{"@id":"https:\/\/www.organisator.ch\/#website"},"primaryImageOfPage":{"@id":"https:\/\/www.organisator.ch\/human-resources\/hrm\/2020-09-08\/neueinstellungen-koennten-im-herbst-in-der-schweiz-wieder-zunehmen\/#primaryimage"},"image":{"@id":"https:\/\/www.organisator.ch\/human-resources\/hrm\/2020-09-08\/neueinstellungen-koennten-im-herbst-in-der-schweiz-wieder-zunehmen\/#primaryimage"},"thumbnailUrl":"https:\/\/www.organisator.ch\/wp-content\/uploads\/2020\/09\/Neueinstellungen-koennten-im-Herbst-in-der-Schweiz-wieder-zunehmen_Organisator.jpg","datePublished":"2020-09-08T10:00:23+00:00","description":"The latest results of the ManpowerGroup Labor Market Barometer show that Swiss companies are once again more confident when it comes to hiring.","breadcrumb":{"@id":"https:\/\/www.organisator.ch\/human-resources\/hrm\/2020-09-08\/neueinstellungen-koennten-im-herbst-in-der-schweiz-wieder-zunehmen\/#breadcrumb"},"inLanguage":"en-US","potentialAction":[{"@type":"ReadAction","target":["https:\/\/www.organisator.ch\/human-resources\/hrm\/2020-09-08\/neueinstellungen-koennten-im-herbst-in-der-schweiz-wieder-zunehmen\/"]}]},{"@type":"ImageObject","inLanguage":"en-US","@id":"https:\/\/www.organisator.ch\/human-resources\/hrm\/2020-09-08\/neueinstellungen-koennten-im-herbst-in-der-schweiz-wieder-zunehmen\/#primaryimage","url":"https:\/\/www.organisator.ch\/wp-content\/uploads\/2020\/09\/Neueinstellungen-koennten-im-Herbst-in-der-Schweiz-wieder-zunehmen_Organisator.jpg","contentUrl":"https:\/\/www.organisator.ch\/wp-content\/uploads\/2020\/09\/Neueinstellungen-koennten-im-Herbst-in-der-Schweiz-wieder-zunehmen_Organisator.jpg","width":680,"height":402,"caption":"In verschiedenen Regionen der Schweiz wird es im Herbst wieder mehr Neueinstellungen geben. Dies zeigen die Besch\u00e4ftigungsaussichten nach Regionen. (Grafik: ManpowerGroup)"},{"@type":"BreadcrumbList","@id":"https:\/\/www.organisator.ch\/human-resources\/hrm\/2020-09-08\/neueinstellungen-koennten-im-herbst-in-der-schweiz-wieder-zunehmen\/#breadcrumb","itemListElement":[{"@type":"ListItem","position":1,"name":"Home","item":"https:\/\/www.organisator.ch\/"},{"@type":"ListItem","position":2,"name":"Neueinstellungen k\u00f6nnten im Herbst in der Schweiz wieder zunehmen"}]},{"@type":"WebSite","@id":"https:\/\/www.organisator.ch\/#website","url":"https:\/\/www.organisator.ch\/","name":"Organizer","description":"Competent. Practical. In 10 issues per year, ORGANISATOR presents the essential topics for managers of SMEs.","publisher":{"@id":"https:\/\/www.organisator.ch\/#organization"},"potentialAction":[{"@type":"SearchAction","target":{"@type":"EntryPoint","urlTemplate":"https:\/\/www.organisator.ch\/?s={search_term_string}"},"query-input":{"@type":"PropertyValueSpecification","valueRequired":true,"valueName":"search_term_string"}}],"inLanguage":"en-US"},{"@type":"Organization","@id":"https:\/\/www.organisator.ch\/#organization","name":"Organizer","url":"https:\/\/www.organisator.ch\/","logo":{"@type":"ImageObject","inLanguage":"en-US","@id":"https:\/\/www.organisator.ch\/#\/schema\/logo\/image\/","url":"https:\/\/www.organisator.ch\/wp-content\/uploads\/2022\/01\/Logo_Organisator_Website.png","contentUrl":"https:\/\/www.organisator.ch\/wp-content\/uploads\/2022\/01\/Logo_Organisator_Website.png","width":800,"height":77,"caption":"Organisator"},"image":{"@id":"https:\/\/www.organisator.ch\/#\/schema\/logo\/image\/"},"sameAs":["https:\/\/www.facebook.com\/OrganisatorFachmagazin","https:\/\/www.linkedin.com\/showcase\/organisator-das-magazin-fr-kmu","https:\/\/www.xing.com\/news\/pages\/organisator-ch-695","https:\/\/www.youtube.com\/channel\/UCGP2Sq0iWaZwT3BdIAQFYpw"]},{"@type":"Person","@id":"https:\/\/www.organisator.ch\/#\/schema\/person\/6f650f90b2842cd4c0cc334b4e36f67e","name":"thomas.berner","image":{"@type":"ImageObject","inLanguage":"en-US","@id":"https:\/\/secure.gravatar.com\/avatar\/ac5001d2a36cb6c6cd3e50789007ffca834b477b74a2144564522e944eabff61?s=96&d=mm&r=g","url":"https:\/\/secure.gravatar.com\/avatar\/ac5001d2a36cb6c6cd3e50789007ffca834b477b74a2144564522e944eabff61?s=96&d=mm&r=g","contentUrl":"https:\/\/secure.gravatar.com\/avatar\/ac5001d2a36cb6c6cd3e50789007ffca834b477b74a2144564522e944eabff61?s=96&d=mm&r=g","caption":"thomas.berner"},"url":"https:\/\/www.organisator.ch\/en\/author\/thomas-berner\/"}]}},"_links":{"self":[{"href":"https:\/\/www.organisator.ch\/en\/wp-json\/wp\/v2\/posts\/7096","targetHints":{"allow":["GET"]}}],"collection":[{"href":"https:\/\/www.organisator.ch\/en\/wp-json\/wp\/v2\/posts"}],"about":[{"href":"https:\/\/www.organisator.ch\/en\/wp-json\/wp\/v2\/types\/post"}],"author":[{"embeddable":true,"href":"https:\/\/www.organisator.ch\/en\/wp-json\/wp\/v2\/users\/4"}],"replies":[{"embeddable":true,"href":"https:\/\/www.organisator.ch\/en\/wp-json\/wp\/v2\/comments?post=7096"}],"version-history":[{"count":0,"href":"https:\/\/www.organisator.ch\/en\/wp-json\/wp\/v2\/posts\/7096\/revisions"}],"wp:featuredmedia":[{"embeddable":true,"href":"https:\/\/www.organisator.ch\/en\/wp-json\/wp\/v2\/media\/7097"}],"wp:attachment":[{"href":"https:\/\/www.organisator.ch\/en\/wp-json\/wp\/v2\/media?parent=7096"}],"wp:term":[{"taxonomy":"category","embeddable":true,"href":"https:\/\/www.organisator.ch\/en\/wp-json\/wp\/v2\/categories?post=7096"},{"taxonomy":"post_tag","embeddable":true,"href":"https:\/\/www.organisator.ch\/en\/wp-json\/wp\/v2\/tags?post=7096"}],"curies":[{"name":"wp","href":"https:\/\/api.w.org\/{rel}","templated":true}]}}