{"id":7113,"date":"2020-09-10T10:12:26","date_gmt":"2020-09-10T08:12:26","guid":{"rendered":"https:\/\/www.organisator.ch\/?p=7113"},"modified":"2020-09-10T10:12:26","modified_gmt":"2020-09-10T08:12:26","slug":"claude-rohrer-uebernimmt-die-fachbereichsleitung-wirtschaftspruefung-bei-obt","status":"publish","type":"post","link":"https:\/\/www.organisator.ch\/en\/management\/finanzen_recht\/2020-09-10\/claude-rohrer-uebernimmt-die-fachbereichsleitung-wirtschaftspruefung-bei-obt\/","title":{"rendered":"Claude Rohrer takes over as Head of Audit at OBT"},"content":{"rendered":"<figure id=\"attachment_7114\" aria-describedby=\"caption-attachment-7114\" style=\"width: 680px\" class=\"wp-caption alignnone\"><img loading=\"lazy\" decoding=\"async\" class=\"size-medium wp-image-7114\" src=\"https:\/\/www.organisator.ch\/wp-content\/uploads\/2020\/09\/Claude-Rohrer-uebernimmt-die-Fachbereichsleitung-Wirtschaftspruefung-bei-OBT_Organisator.jpg\" alt=\"\" width=\"680\" height=\"680\" srcset=\"https:\/\/www.organisator.ch\/wp-content\/uploads\/2020\/09\/Claude-Rohrer-uebernimmt-die-Fachbereichsleitung-Wirtschaftspruefung-bei-OBT_Organisator.jpg 680w, https:\/\/www.organisator.ch\/wp-content\/uploads\/2020\/09\/Claude-Rohrer-uebernimmt-die-Fachbereichsleitung-Wirtschaftspruefung-bei-OBT_Organisator-150x150.jpg 150w, https:\/\/www.organisator.ch\/wp-content\/uploads\/2020\/09\/Claude-Rohrer-uebernimmt-die-Fachbereichsleitung-Wirtschaftspruefung-bei-OBT_Organisator-12x12.jpg 12w, https:\/\/www.organisator.ch\/wp-content\/uploads\/2020\/09\/Claude-Rohrer-uebernimmt-die-Fachbereichsleitung-Wirtschaftspruefung-bei-OBT_Organisator-175x175.jpg 175w, https:\/\/www.organisator.ch\/wp-content\/uploads\/2020\/09\/Claude-Rohrer-uebernimmt-die-Fachbereichsleitung-Wirtschaftspruefung-bei-OBT_Organisator-350x350.jpg 350w, https:\/\/www.organisator.ch\/wp-content\/uploads\/2020\/09\/Claude-Rohrer-uebernimmt-die-Fachbereichsleitung-Wirtschaftspruefung-bei-OBT_Organisator-250x250.jpg 250w, https:\/\/www.organisator.ch\/wp-content\/uploads\/2020\/09\/Claude-Rohrer-uebernimmt-die-Fachbereichsleitung-Wirtschaftspruefung-bei-OBT_Organisator-300x300.jpg 300w, https:\/\/www.organisator.ch\/wp-content\/uploads\/2020\/09\/Claude-Rohrer-uebernimmt-die-Fachbereichsleitung-Wirtschaftspruefung-bei-OBT_Organisator-100x100.jpg 100w\" sizes=\"auto, (max-width: 680px) 100vw, 680px\" \/><figcaption id=\"caption-attachment-7114\" class=\"wp-caption-text\">Claude Rohrer (Image: OBT)<\/figcaption><\/figure>\n<p>With Claude Rohrer, OBT was able to appoint an ideal successor from its own ranks, who has many years of experience in auditing and knows OBT AG very well. The previous head of department, Stefan Traber, will remain with OBT and concentrate on the market region of St.Gallen. He will also continue to support his successor as an important member of the management team.<\/p>\n<p>The main activity of the new head of department lies in auditing and advising medium-sized and larger privately owned groups of companies, in particular with regard to accounting in accordance with Swiss GAAP FER. He also brings proven experience in serving national and international corporate clients.<\/p>\n<p>\"Claude Rohrer is an excellent appointment. What could be better for the management of an entire specialist area than an experienced professional who has been able to develop within the company and thus knows the business, the clients as well as all employees very well and is also a guarantor for excellent service quality\", adds Thomas Z\u00fcger, CEO of OBT, with regard to the new appointment of the head of the specialist area audit.<\/p>\n<p><a href=\"http:\/\/www.obt.ch\"><em>www.obt.ch<\/em><\/a><\/p>","protected":false},"excerpt":{"rendered":"<p>Mit Claude Rohrer konnte OBT einen idealen Nachfolger aus den eigenen Reihen ernennen, der langj\u00e4hrige Erfahrung in der Wirtschaftspr\u00fcfung aufweist und die OBT AG bestens kennt. Der bisherige Fachbereichsleiter, Stefan Traber, bleibt OBT erhalten und konzentriert sich auf die Marktregion St.Gallen. Zudem unterst\u00fctzt er seinen Nachfolger weiterhin als wichtiges Mitglied der F\u00fchrungscrew. Die Hauptt\u00e4tigkeit von [&hellip;]<\/p>\n","protected":false},"author":4,"featured_media":7114,"comment_status":"closed","ping_status":"closed","sticky":false,"template":"","format":"standard","meta":{"_acf_changed":false,"_yoast_wpseo_focuskw":"Claude Rohrer","_yoast_wpseo_metadesc":"Innerhalb der Gesch\u00e4ftsleitung \u00fcbernimmt ab 1. Oktober 2020 neu Claude Rohrer die Leitung des Fachbereichs Wirtschaftspr\u00fcfung.","articlekey":"","footnotes":""},"categories":[24],"tags":[202,381,532],"class_list":["post-7113","post","type-post","status-publish","format-standard","has-post-thumbnail","hentry","category-finanzen_recht","tag-finanzenrecht","tag-personalia","tag-wirtschaftspruefung"],"acf":[],"yoast_head":"<!-- This site is optimized with the Yoast SEO plugin v27.5 - https:\/\/yoast.com\/product\/yoast-seo-wordpress\/ -->\n<title>Claude Rohrer \u00fcbernimmt die Fachbereichsleitung Wirtschaftspr\u00fcfung bei OBT - Organisator<\/title>\n<meta name=\"description\" content=\"Innerhalb der Gesch\u00e4ftsleitung \u00fcbernimmt ab 1. Oktober 2020 neu Claude Rohrer die Leitung des Fachbereichs Wirtschaftspr\u00fcfung.\" \/>\n<meta name=\"robots\" content=\"index, follow, max-snippet:-1, max-image-preview:large, max-video-preview:-1\" \/>\n<link rel=\"canonical\" href=\"https:\/\/www.organisator.ch\/en\/management\/finanzen_recht\/2020-09-10\/claude-rohrer-uebernimmt-die-fachbereichsleitung-wirtschaftspruefung-bei-obt\/\" \/>\n<meta property=\"og:locale\" content=\"en_US\" \/>\n<meta property=\"og:type\" content=\"article\" \/>\n<meta property=\"og:title\" content=\"Claude Rohrer \u00fcbernimmt die Fachbereichsleitung Wirtschaftspr\u00fcfung bei OBT\" \/>\n<meta property=\"og:description\" content=\"Innerhalb der Gesch\u00e4ftsleitung von OBT \u00fcbernimmt ab 1. Oktober 2020 neu Claude Rohrer die Leitung des Fachbereichs Wirtschaftspr\u00fcfung.\" \/>\n<meta property=\"og:url\" content=\"https:\/\/www.organisator.ch\/en\/management\/finanzen_recht\/2020-09-10\/claude-rohrer-uebernimmt-die-fachbereichsleitung-wirtschaftspruefung-bei-obt\/\" \/>\n<meta property=\"og:site_name\" content=\"Organisator\" \/>\n<meta property=\"article:publisher\" content=\"https:\/\/www.facebook.com\/OrganisatorFachmagazin\" \/>\n<meta property=\"article:published_time\" content=\"2020-09-10T08:12:26+00:00\" \/>\n<meta property=\"og:image\" content=\"https:\/\/www.organisator.ch\/wp-content\/uploads\/2020\/09\/Claude-Rohrer-uebernimmt-die-Fachbereichsleitung-Wirtschaftspruefung-bei-OBT_Organisator.jpg\" \/>\n\t<meta property=\"og:image:width\" content=\"680\" \/>\n\t<meta property=\"og:image:height\" content=\"680\" \/>\n\t<meta property=\"og:image:type\" content=\"image\/jpeg\" \/>\n<meta name=\"author\" content=\"thomas.berner\" \/>\n<meta name=\"twitter:card\" content=\"summary_large_image\" \/>\n<meta name=\"twitter:title\" content=\"Claude Rohrer \u00fcbernimmt die Fachbereichsleitung #Wirtschaftspr\u00fcfung bei #OBT\" \/>\n<meta name=\"twitter:description\" content=\"Innerhalb der #Gesch\u00e4ftsleitung von OBT \u00fcbernimmt ab 1. Oktober 2020 neu Claude Rohrer die Leitung des Fachbereichs #Wirtschaftspr\u00fcfung.\" \/>\n<meta name=\"twitter:image\" content=\"https:\/\/www.organisator.ch\/wp-content\/uploads\/2020\/09\/Claude-Rohrer-uebernimmt-die-Fachbereichsleitung-Wirtschaftspruefung-bei-OBT_Organisator.jpg\" \/>\n<script type=\"application\/ld+json\" class=\"yoast-schema-graph\">{\"@context\":\"https:\\\/\\\/schema.org\",\"@graph\":[{\"@type\":\"Article\",\"@id\":\"https:\\\/\\\/www.organisator.ch\\\/management\\\/finanzen_recht\\\/2020-09-10\\\/claude-rohrer-uebernimmt-die-fachbereichsleitung-wirtschaftspruefung-bei-obt\\\/#article\",\"isPartOf\":{\"@id\":\"https:\\\/\\\/www.organisator.ch\\\/management\\\/finanzen_recht\\\/2020-09-10\\\/claude-rohrer-uebernimmt-die-fachbereichsleitung-wirtschaftspruefung-bei-obt\\\/\"},\"author\":{\"name\":\"thomas.berner\",\"@id\":\"https:\\\/\\\/www.organisator.ch\\\/#\\\/schema\\\/person\\\/6f650f90b2842cd4c0cc334b4e36f67e\"},\"headline\":\"Claude Rohrer \u00fcbernimmt die Fachbereichsleitung Wirtschaftspr\u00fcfung bei OBT\",\"datePublished\":\"2020-09-10T08:12:26+00:00\",\"mainEntityOfPage\":{\"@id\":\"https:\\\/\\\/www.organisator.ch\\\/management\\\/finanzen_recht\\\/2020-09-10\\\/claude-rohrer-uebernimmt-die-fachbereichsleitung-wirtschaftspruefung-bei-obt\\\/\"},\"wordCount\":191,\"publisher\":{\"@id\":\"https:\\\/\\\/www.organisator.ch\\\/#organization\"},\"image\":{\"@id\":\"https:\\\/\\\/www.organisator.ch\\\/management\\\/finanzen_recht\\\/2020-09-10\\\/claude-rohrer-uebernimmt-die-fachbereichsleitung-wirtschaftspruefung-bei-obt\\\/#primaryimage\"},\"thumbnailUrl\":\"https:\\\/\\\/www.organisator.ch\\\/wp-content\\\/uploads\\\/2020\\\/09\\\/Claude-Rohrer-uebernimmt-die-Fachbereichsleitung-Wirtschaftspruefung-bei-OBT_Organisator.jpg\",\"keywords\":[\"Finanzen\\\/Recht\",\"Personalia\",\"Wirtschaftspr\u00fcfung\"],\"articleSection\":[\"FINANZEN\\\/RECHT\"],\"inLanguage\":\"en-US\"},{\"@type\":\"WebPage\",\"@id\":\"https:\\\/\\\/www.organisator.ch\\\/management\\\/finanzen_recht\\\/2020-09-10\\\/claude-rohrer-uebernimmt-die-fachbereichsleitung-wirtschaftspruefung-bei-obt\\\/\",\"url\":\"https:\\\/\\\/www.organisator.ch\\\/management\\\/finanzen_recht\\\/2020-09-10\\\/claude-rohrer-uebernimmt-die-fachbereichsleitung-wirtschaftspruefung-bei-obt\\\/\",\"name\":\"Claude Rohrer \u00fcbernimmt die Fachbereichsleitung Wirtschaftspr\u00fcfung bei OBT - Organisator\",\"isPartOf\":{\"@id\":\"https:\\\/\\\/www.organisator.ch\\\/#website\"},\"primaryImageOfPage\":{\"@id\":\"https:\\\/\\\/www.organisator.ch\\\/management\\\/finanzen_recht\\\/2020-09-10\\\/claude-rohrer-uebernimmt-die-fachbereichsleitung-wirtschaftspruefung-bei-obt\\\/#primaryimage\"},\"image\":{\"@id\":\"https:\\\/\\\/www.organisator.ch\\\/management\\\/finanzen_recht\\\/2020-09-10\\\/claude-rohrer-uebernimmt-die-fachbereichsleitung-wirtschaftspruefung-bei-obt\\\/#primaryimage\"},\"thumbnailUrl\":\"https:\\\/\\\/www.organisator.ch\\\/wp-content\\\/uploads\\\/2020\\\/09\\\/Claude-Rohrer-uebernimmt-die-Fachbereichsleitung-Wirtschaftspruefung-bei-OBT_Organisator.jpg\",\"datePublished\":\"2020-09-10T08:12:26+00:00\",\"description\":\"Innerhalb der Gesch\u00e4ftsleitung \u00fcbernimmt ab 1. Oktober 2020 neu Claude Rohrer die Leitung des Fachbereichs Wirtschaftspr\u00fcfung.\",\"breadcrumb\":{\"@id\":\"https:\\\/\\\/www.organisator.ch\\\/management\\\/finanzen_recht\\\/2020-09-10\\\/claude-rohrer-uebernimmt-die-fachbereichsleitung-wirtschaftspruefung-bei-obt\\\/#breadcrumb\"},\"inLanguage\":\"en-US\",\"potentialAction\":[{\"@type\":\"ReadAction\",\"target\":[\"https:\\\/\\\/www.organisator.ch\\\/management\\\/finanzen_recht\\\/2020-09-10\\\/claude-rohrer-uebernimmt-die-fachbereichsleitung-wirtschaftspruefung-bei-obt\\\/\"]}]},{\"@type\":\"ImageObject\",\"inLanguage\":\"en-US\",\"@id\":\"https:\\\/\\\/www.organisator.ch\\\/management\\\/finanzen_recht\\\/2020-09-10\\\/claude-rohrer-uebernimmt-die-fachbereichsleitung-wirtschaftspruefung-bei-obt\\\/#primaryimage\",\"url\":\"https:\\\/\\\/www.organisator.ch\\\/wp-content\\\/uploads\\\/2020\\\/09\\\/Claude-Rohrer-uebernimmt-die-Fachbereichsleitung-Wirtschaftspruefung-bei-OBT_Organisator.jpg\",\"contentUrl\":\"https:\\\/\\\/www.organisator.ch\\\/wp-content\\\/uploads\\\/2020\\\/09\\\/Claude-Rohrer-uebernimmt-die-Fachbereichsleitung-Wirtschaftspruefung-bei-OBT_Organisator.jpg\",\"width\":680,\"height\":680,\"caption\":\"Claude Rohrer (Bild: OBT)\"},{\"@type\":\"BreadcrumbList\",\"@id\":\"https:\\\/\\\/www.organisator.ch\\\/management\\\/finanzen_recht\\\/2020-09-10\\\/claude-rohrer-uebernimmt-die-fachbereichsleitung-wirtschaftspruefung-bei-obt\\\/#breadcrumb\",\"itemListElement\":[{\"@type\":\"ListItem\",\"position\":1,\"name\":\"Home\",\"item\":\"https:\\\/\\\/www.organisator.ch\\\/\"},{\"@type\":\"ListItem\",\"position\":2,\"name\":\"Claude Rohrer \u00fcbernimmt die Fachbereichsleitung Wirtschaftspr\u00fcfung bei OBT\"}]},{\"@type\":\"WebSite\",\"@id\":\"https:\\\/\\\/www.organisator.ch\\\/#website\",\"url\":\"https:\\\/\\\/www.organisator.ch\\\/\",\"name\":\"Organisator\",\"description\":\"Kompetent. Praxisnah. Der ORGANISATOR bereitet in 10 Ausgaben pro Jahr die wesentlichen Themen f\u00fcr F\u00fchrungskr\u00e4fte von KMU auf.\",\"publisher\":{\"@id\":\"https:\\\/\\\/www.organisator.ch\\\/#organization\"},\"potentialAction\":[{\"@type\":\"SearchAction\",\"target\":{\"@type\":\"EntryPoint\",\"urlTemplate\":\"https:\\\/\\\/www.organisator.ch\\\/?s={search_term_string}\"},\"query-input\":{\"@type\":\"PropertyValueSpecification\",\"valueRequired\":true,\"valueName\":\"search_term_string\"}}],\"inLanguage\":\"en-US\"},{\"@type\":\"Organization\",\"@id\":\"https:\\\/\\\/www.organisator.ch\\\/#organization\",\"name\":\"Organisator\",\"url\":\"https:\\\/\\\/www.organisator.ch\\\/\",\"logo\":{\"@type\":\"ImageObject\",\"inLanguage\":\"en-US\",\"@id\":\"https:\\\/\\\/www.organisator.ch\\\/#\\\/schema\\\/logo\\\/image\\\/\",\"url\":\"https:\\\/\\\/www.organisator.ch\\\/wp-content\\\/uploads\\\/2022\\\/01\\\/Logo_Organisator_Website.png\",\"contentUrl\":\"https:\\\/\\\/www.organisator.ch\\\/wp-content\\\/uploads\\\/2022\\\/01\\\/Logo_Organisator_Website.png\",\"width\":800,\"height\":77,\"caption\":\"Organisator\"},\"image\":{\"@id\":\"https:\\\/\\\/www.organisator.ch\\\/#\\\/schema\\\/logo\\\/image\\\/\"},\"sameAs\":[\"https:\\\/\\\/www.facebook.com\\\/OrganisatorFachmagazin\",\"https:\\\/\\\/www.linkedin.com\\\/showcase\\\/organisator-das-magazin-fr-kmu\",\"https:\\\/\\\/www.xing.com\\\/news\\\/pages\\\/organisator-ch-695\",\"https:\\\/\\\/www.youtube.com\\\/channel\\\/UCGP2Sq0iWaZwT3BdIAQFYpw\"]},{\"@type\":\"Person\",\"@id\":\"https:\\\/\\\/www.organisator.ch\\\/#\\\/schema\\\/person\\\/6f650f90b2842cd4c0cc334b4e36f67e\",\"name\":\"thomas.berner\",\"image\":{\"@type\":\"ImageObject\",\"inLanguage\":\"en-US\",\"@id\":\"https:\\\/\\\/secure.gravatar.com\\\/avatar\\\/ac5001d2a36cb6c6cd3e50789007ffca834b477b74a2144564522e944eabff61?s=96&d=mm&r=g\",\"url\":\"https:\\\/\\\/secure.gravatar.com\\\/avatar\\\/ac5001d2a36cb6c6cd3e50789007ffca834b477b74a2144564522e944eabff61?s=96&d=mm&r=g\",\"contentUrl\":\"https:\\\/\\\/secure.gravatar.com\\\/avatar\\\/ac5001d2a36cb6c6cd3e50789007ffca834b477b74a2144564522e944eabff61?s=96&d=mm&r=g\",\"caption\":\"thomas.berner\"},\"url\":\"https:\\\/\\\/www.organisator.ch\\\/en\\\/author\\\/thomas-berner\\\/\"}]}<\/script>\n<!-- \/ Yoast SEO plugin. -->","yoast_head_json":{"title":"Claude Rohrer takes over as head of the auditing department at OBT - Organizer","description":"Within the Executive Board, Claude Rohrer will take over as Head of the Audit Department as of October 1, 2020.","robots":{"index":"index","follow":"follow","max-snippet":"max-snippet:-1","max-image-preview":"max-image-preview:large","max-video-preview":"max-video-preview:-1"},"canonical":"https:\/\/www.organisator.ch\/en\/management\/finanzen_recht\/2020-09-10\/claude-rohrer-uebernimmt-die-fachbereichsleitung-wirtschaftspruefung-bei-obt\/","og_locale":"en_US","og_type":"article","og_title":"Claude Rohrer \u00fcbernimmt die Fachbereichsleitung Wirtschaftspr\u00fcfung bei OBT","og_description":"Innerhalb der Gesch\u00e4ftsleitung von OBT \u00fcbernimmt ab 1. Oktober 2020 neu Claude Rohrer die Leitung des Fachbereichs Wirtschaftspr\u00fcfung.","og_url":"https:\/\/www.organisator.ch\/en\/management\/finanzen_recht\/2020-09-10\/claude-rohrer-uebernimmt-die-fachbereichsleitung-wirtschaftspruefung-bei-obt\/","og_site_name":"Organisator","article_publisher":"https:\/\/www.facebook.com\/OrganisatorFachmagazin","article_published_time":"2020-09-10T08:12:26+00:00","og_image":[{"width":680,"height":680,"url":"https:\/\/www.organisator.ch\/wp-content\/uploads\/2020\/09\/Claude-Rohrer-uebernimmt-die-Fachbereichsleitung-Wirtschaftspruefung-bei-OBT_Organisator.jpg","type":"image\/jpeg"}],"author":"thomas.berner","twitter_card":"summary_large_image","twitter_title":"Claude Rohrer \u00fcbernimmt die Fachbereichsleitung #Wirtschaftspr\u00fcfung bei #OBT","twitter_description":"Innerhalb der #Gesch\u00e4ftsleitung von OBT \u00fcbernimmt ab 1. Oktober 2020 neu Claude Rohrer die Leitung des Fachbereichs #Wirtschaftspr\u00fcfung.","twitter_image":"https:\/\/www.organisator.ch\/wp-content\/uploads\/2020\/09\/Claude-Rohrer-uebernimmt-die-Fachbereichsleitung-Wirtschaftspruefung-bei-OBT_Organisator.jpg","schema":{"@context":"https:\/\/schema.org","@graph":[{"@type":"Article","@id":"https:\/\/www.organisator.ch\/management\/finanzen_recht\/2020-09-10\/claude-rohrer-uebernimmt-die-fachbereichsleitung-wirtschaftspruefung-bei-obt\/#article","isPartOf":{"@id":"https:\/\/www.organisator.ch\/management\/finanzen_recht\/2020-09-10\/claude-rohrer-uebernimmt-die-fachbereichsleitung-wirtschaftspruefung-bei-obt\/"},"author":{"name":"thomas.berner","@id":"https:\/\/www.organisator.ch\/#\/schema\/person\/6f650f90b2842cd4c0cc334b4e36f67e"},"headline":"Claude Rohrer \u00fcbernimmt die Fachbereichsleitung Wirtschaftspr\u00fcfung bei OBT","datePublished":"2020-09-10T08:12:26+00:00","mainEntityOfPage":{"@id":"https:\/\/www.organisator.ch\/management\/finanzen_recht\/2020-09-10\/claude-rohrer-uebernimmt-die-fachbereichsleitung-wirtschaftspruefung-bei-obt\/"},"wordCount":191,"publisher":{"@id":"https:\/\/www.organisator.ch\/#organization"},"image":{"@id":"https:\/\/www.organisator.ch\/management\/finanzen_recht\/2020-09-10\/claude-rohrer-uebernimmt-die-fachbereichsleitung-wirtschaftspruefung-bei-obt\/#primaryimage"},"thumbnailUrl":"https:\/\/www.organisator.ch\/wp-content\/uploads\/2020\/09\/Claude-Rohrer-uebernimmt-die-Fachbereichsleitung-Wirtschaftspruefung-bei-OBT_Organisator.jpg","keywords":["Finanzen\/Recht","Personalia","Wirtschaftspr\u00fcfung"],"articleSection":["FINANZEN\/RECHT"],"inLanguage":"en-US"},{"@type":"WebPage","@id":"https:\/\/www.organisator.ch\/management\/finanzen_recht\/2020-09-10\/claude-rohrer-uebernimmt-die-fachbereichsleitung-wirtschaftspruefung-bei-obt\/","url":"https:\/\/www.organisator.ch\/management\/finanzen_recht\/2020-09-10\/claude-rohrer-uebernimmt-die-fachbereichsleitung-wirtschaftspruefung-bei-obt\/","name":"Claude Rohrer takes over as head of the auditing department at OBT - Organizer","isPartOf":{"@id":"https:\/\/www.organisator.ch\/#website"},"primaryImageOfPage":{"@id":"https:\/\/www.organisator.ch\/management\/finanzen_recht\/2020-09-10\/claude-rohrer-uebernimmt-die-fachbereichsleitung-wirtschaftspruefung-bei-obt\/#primaryimage"},"image":{"@id":"https:\/\/www.organisator.ch\/management\/finanzen_recht\/2020-09-10\/claude-rohrer-uebernimmt-die-fachbereichsleitung-wirtschaftspruefung-bei-obt\/#primaryimage"},"thumbnailUrl":"https:\/\/www.organisator.ch\/wp-content\/uploads\/2020\/09\/Claude-Rohrer-uebernimmt-die-Fachbereichsleitung-Wirtschaftspruefung-bei-OBT_Organisator.jpg","datePublished":"2020-09-10T08:12:26+00:00","description":"Within the Executive Board, Claude Rohrer will take over as Head of the Audit Department as of October 1, 2020.","breadcrumb":{"@id":"https:\/\/www.organisator.ch\/management\/finanzen_recht\/2020-09-10\/claude-rohrer-uebernimmt-die-fachbereichsleitung-wirtschaftspruefung-bei-obt\/#breadcrumb"},"inLanguage":"en-US","potentialAction":[{"@type":"ReadAction","target":["https:\/\/www.organisator.ch\/management\/finanzen_recht\/2020-09-10\/claude-rohrer-uebernimmt-die-fachbereichsleitung-wirtschaftspruefung-bei-obt\/"]}]},{"@type":"ImageObject","inLanguage":"en-US","@id":"https:\/\/www.organisator.ch\/management\/finanzen_recht\/2020-09-10\/claude-rohrer-uebernimmt-die-fachbereichsleitung-wirtschaftspruefung-bei-obt\/#primaryimage","url":"https:\/\/www.organisator.ch\/wp-content\/uploads\/2020\/09\/Claude-Rohrer-uebernimmt-die-Fachbereichsleitung-Wirtschaftspruefung-bei-OBT_Organisator.jpg","contentUrl":"https:\/\/www.organisator.ch\/wp-content\/uploads\/2020\/09\/Claude-Rohrer-uebernimmt-die-Fachbereichsleitung-Wirtschaftspruefung-bei-OBT_Organisator.jpg","width":680,"height":680,"caption":"Claude Rohrer (Bild: OBT)"},{"@type":"BreadcrumbList","@id":"https:\/\/www.organisator.ch\/management\/finanzen_recht\/2020-09-10\/claude-rohrer-uebernimmt-die-fachbereichsleitung-wirtschaftspruefung-bei-obt\/#breadcrumb","itemListElement":[{"@type":"ListItem","position":1,"name":"Home","item":"https:\/\/www.organisator.ch\/"},{"@type":"ListItem","position":2,"name":"Claude Rohrer \u00fcbernimmt die Fachbereichsleitung Wirtschaftspr\u00fcfung bei OBT"}]},{"@type":"WebSite","@id":"https:\/\/www.organisator.ch\/#website","url":"https:\/\/www.organisator.ch\/","name":"Organizer","description":"Competent. Practical. In 10 issues per year, ORGANISATOR presents the essential topics for managers of SMEs.","publisher":{"@id":"https:\/\/www.organisator.ch\/#organization"},"potentialAction":[{"@type":"SearchAction","target":{"@type":"EntryPoint","urlTemplate":"https:\/\/www.organisator.ch\/?s={search_term_string}"},"query-input":{"@type":"PropertyValueSpecification","valueRequired":true,"valueName":"search_term_string"}}],"inLanguage":"en-US"},{"@type":"Organization","@id":"https:\/\/www.organisator.ch\/#organization","name":"Organizer","url":"https:\/\/www.organisator.ch\/","logo":{"@type":"ImageObject","inLanguage":"en-US","@id":"https:\/\/www.organisator.ch\/#\/schema\/logo\/image\/","url":"https:\/\/www.organisator.ch\/wp-content\/uploads\/2022\/01\/Logo_Organisator_Website.png","contentUrl":"https:\/\/www.organisator.ch\/wp-content\/uploads\/2022\/01\/Logo_Organisator_Website.png","width":800,"height":77,"caption":"Organisator"},"image":{"@id":"https:\/\/www.organisator.ch\/#\/schema\/logo\/image\/"},"sameAs":["https:\/\/www.facebook.com\/OrganisatorFachmagazin","https:\/\/www.linkedin.com\/showcase\/organisator-das-magazin-fr-kmu","https:\/\/www.xing.com\/news\/pages\/organisator-ch-695","https:\/\/www.youtube.com\/channel\/UCGP2Sq0iWaZwT3BdIAQFYpw"]},{"@type":"Person","@id":"https:\/\/www.organisator.ch\/#\/schema\/person\/6f650f90b2842cd4c0cc334b4e36f67e","name":"thomas.berner","image":{"@type":"ImageObject","inLanguage":"en-US","@id":"https:\/\/secure.gravatar.com\/avatar\/ac5001d2a36cb6c6cd3e50789007ffca834b477b74a2144564522e944eabff61?s=96&d=mm&r=g","url":"https:\/\/secure.gravatar.com\/avatar\/ac5001d2a36cb6c6cd3e50789007ffca834b477b74a2144564522e944eabff61?s=96&d=mm&r=g","contentUrl":"https:\/\/secure.gravatar.com\/avatar\/ac5001d2a36cb6c6cd3e50789007ffca834b477b74a2144564522e944eabff61?s=96&d=mm&r=g","caption":"thomas.berner"},"url":"https:\/\/www.organisator.ch\/en\/author\/thomas-berner\/"}]}},"_links":{"self":[{"href":"https:\/\/www.organisator.ch\/en\/wp-json\/wp\/v2\/posts\/7113","targetHints":{"allow":["GET"]}}],"collection":[{"href":"https:\/\/www.organisator.ch\/en\/wp-json\/wp\/v2\/posts"}],"about":[{"href":"https:\/\/www.organisator.ch\/en\/wp-json\/wp\/v2\/types\/post"}],"author":[{"embeddable":true,"href":"https:\/\/www.organisator.ch\/en\/wp-json\/wp\/v2\/users\/4"}],"replies":[{"embeddable":true,"href":"https:\/\/www.organisator.ch\/en\/wp-json\/wp\/v2\/comments?post=7113"}],"version-history":[{"count":0,"href":"https:\/\/www.organisator.ch\/en\/wp-json\/wp\/v2\/posts\/7113\/revisions"}],"wp:featuredmedia":[{"embeddable":true,"href":"https:\/\/www.organisator.ch\/en\/wp-json\/wp\/v2\/media\/7114"}],"wp:attachment":[{"href":"https:\/\/www.organisator.ch\/en\/wp-json\/wp\/v2\/media?parent=7113"}],"wp:term":[{"taxonomy":"category","embeddable":true,"href":"https:\/\/www.organisator.ch\/en\/wp-json\/wp\/v2\/categories?post=7113"},{"taxonomy":"post_tag","embeddable":true,"href":"https:\/\/www.organisator.ch\/en\/wp-json\/wp\/v2\/tags?post=7113"}],"curies":[{"name":"wp","href":"https:\/\/api.w.org\/{rel}","templated":true}]}}