{"id":7127,"date":"2020-09-16T09:18:22","date_gmt":"2020-09-16T07:18:22","guid":{"rendered":"https:\/\/www.organisator.ch\/?p=7127"},"modified":"2020-09-16T09:18:22","modified_gmt":"2020-09-16T07:18:22","slug":"buchtipp-echte-querdenker-gesucht","status":"publish","type":"post","link":"https:\/\/www.organisator.ch\/en\/management\/2020-09-16\/buchtipp-echte-querdenker-gesucht\/","title":{"rendered":"Book tip: Genuine lateral thinkers wanted"},"content":{"rendered":"<figure id=\"attachment_7128\" aria-describedby=\"caption-attachment-7128\" style=\"width: 664px\" class=\"wp-caption alignnone\"><img loading=\"lazy\" decoding=\"async\" class=\"wp-image-7128 size-medium\" src=\"https:\/\/www.organisator.ch\/wp-content\/uploads\/2020\/09\/Buchtipp-Echte-Querdenker-gesucht_Organisator-664x1000.jpg\" alt=\"\" width=\"664\" height=\"1000\" srcset=\"https:\/\/www.organisator.ch\/wp-content\/uploads\/2020\/09\/Buchtipp-Echte-Querdenker-gesucht_Organisator-664x1000.jpg 664w, https:\/\/www.organisator.ch\/wp-content\/uploads\/2020\/09\/Buchtipp-Echte-Querdenker-gesucht_Organisator-8x12.jpg 8w, https:\/\/www.organisator.ch\/wp-content\/uploads\/2020\/09\/Buchtipp-Echte-Querdenker-gesucht_Organisator-116x175.jpg 116w, https:\/\/www.organisator.ch\/wp-content\/uploads\/2020\/09\/Buchtipp-Echte-Querdenker-gesucht_Organisator-232x350.jpg 232w, https:\/\/www.organisator.ch\/wp-content\/uploads\/2020\/09\/Buchtipp-Echte-Querdenker-gesucht_Organisator-531x800.jpg 531w, https:\/\/www.organisator.ch\/wp-content\/uploads\/2020\/09\/Buchtipp-Echte-Querdenker-gesucht_Organisator-300x452.jpg 300w, https:\/\/www.organisator.ch\/wp-content\/uploads\/2020\/09\/Buchtipp-Echte-Querdenker-gesucht_Organisator.jpg 680w\" sizes=\"auto, (max-width: 664px) 100vw, 664px\" \/><figcaption id=\"caption-attachment-7128\" class=\"wp-caption-text\">Lateral thinkers wanted: Anne M. Sch\u00fcller shows why the future of companies lies in the hands of unconventional idea creators in her new book. (Image: zVg)<\/figcaption><\/figure>\n<p>If you want to reach the future, you need new ideas. Other ideas. Better ideas. Bold ideas. Ideas that no one has had before. This is where lateral thinkers come into play. They are mediators between outdated practices and new approaches, pilots into a new era. They shake things up, make things different, and bring things forward. They provide a breath of fresh air and drive important initiatives forward with a high level of commitment because they really care about the progress of their employer. Yet in many organizations, lateral thinkers are considered annoying and undesirable. This is dangerous. Where lateral thinkers are not allowed to become truly active, inertial tendencies increase. Stagnation, irrelevance and decline are the result. In contrast, the management thinker and multiple award-winning bestselling author Anne M. Sch\u00fcller shows in her new book in a trenchant and practical way how the leap into the future actually succeeds with the help of good lateral thinkers.<\/p>\n<p>Companies need lateral thinkers more urgently than ever before. Why is that? We're in the midst of the biggest change process ever. All over the world, visionaries are redefining what is possible. Only the nimble, smart, innovative market players with bold, unconventional, market-relevant ideas will survive. Excellent lateral thinkers, sometimes called organizational rebels, are thus strategically critical. This makes a strong lateral thinking culture essential. The crucial questions: In what kind of organization can this succeed? What tools are needed for this? How can you make yourself attractive to lateral thinkers? Where and how can lateral thinkers be deployed in order to move from thinking to action? What should you do to avoid driving away the good lateral thinkers you have? How can a lateral thinker stage his ideas so that they become acceptable? And what should even the most passionate lateral thinker stay away from? This book has the right answers at the ready: both for those responsible in companies and for the lateral thinkers themselves.<\/p>\n<p><strong><em>Book information:<\/em><\/strong><\/p>\n<p><em>Anne M. Sch\u00fcller<\/em><br \/>\n<em>Lateral thinkers desperately sought<\/em><br \/>\n<em>Why the future of business lies in the<\/em><br \/>\n<em>In the hands of unconventional idea generators<\/em><br \/>\n<em>(with a foreword by Gunter Dueck)<\/em><br \/>\n<em>Gabal Verlag 2020, 240 pages, 29 ,90 Euro<\/em><br \/>\n<em>ISBN: 978 3 86936 998 3<\/em><\/p>\n<p><a href=\"http:\/\/www.anneschueller.de\"><em>www.anneschueller.de<\/em><\/a><\/p>","protected":false},"excerpt":{"rendered":"<p>Wer die Zukunft erreichen will, braucht neue Ideen. Andere Ideen. Bessere Ideen. K\u00fchne Ideen. Ideen, die bislang noch niemand hatte. Hier kommen die Querdenker ins Spiel. Sie sind Mittler zwischen veraltetem Tun und neuen Vorgehensweisen, Lotsen in eine neue Zeit. Sie sind Wachr\u00fcttler, Andersmacher, Vorw\u00e4rtsbringer. Sie sorgen f\u00fcr frischen Wind und treiben wichtige Initiativen mit [&hellip;]<\/p>\n","protected":false},"author":4,"featured_media":7128,"comment_status":"closed","ping_status":"closed","sticky":false,"template":"","format":"standard","meta":{"_acf_changed":false,"_yoast_wpseo_focuskw":"Querdenker gesucht","_yoast_wpseo_metadesc":"Querdenker gesucht: Warum die Zukunft der Unternehmen in den H\u00e4nden von unkonventionellen Ideengebern liegt, zeigt Anne M. Sch\u00fcller in ihrem neuen Buch.","articlekey":"","footnotes":""},"categories":[28],"tags":[92,95,274,335],"class_list":["post-7127","post","type-post","status-publish","format-standard","has-post-thumbnail","hentry","category-management","tag-buch","tag-buchtipps","tag-innovation","tag-management-und-unternehmensfuehrung"],"acf":[],"yoast_head":"<!-- This site is optimized with the Yoast SEO plugin v27.4 - https:\/\/yoast.com\/product\/yoast-seo-wordpress\/ -->\n<title>Buchtipp: Echte Querdenker gesucht - Organisator<\/title>\n<meta name=\"description\" content=\"Querdenker gesucht: Warum die Zukunft der Unternehmen in den H\u00e4nden von unkonventionellen Ideengebern liegt, zeigt Anne M. Sch\u00fcller in ihrem neuen Buch.\" \/>\n<meta name=\"robots\" content=\"index, follow, max-snippet:-1, max-image-preview:large, max-video-preview:-1\" \/>\n<link rel=\"canonical\" href=\"https:\/\/www.organisator.ch\/en\/management\/2020-09-16\/buchtipp-echte-querdenker-gesucht\/\" \/>\n<meta property=\"og:locale\" content=\"en_US\" \/>\n<meta property=\"og:type\" content=\"article\" \/>\n<meta property=\"og:title\" content=\"Buchtipp: Echte Querdenker gesucht\" \/>\n<meta property=\"og:description\" content=\"Querdenker gesucht: Warum die Zukunft der Unternehmen in den H\u00e4nden von unkonventionellen Ideengebern liegt, zeigt Anne M. Sch\u00fcller in ihrem neuen Buch.\" \/>\n<meta property=\"og:url\" content=\"https:\/\/www.organisator.ch\/en\/management\/2020-09-16\/buchtipp-echte-querdenker-gesucht\/\" \/>\n<meta property=\"og:site_name\" content=\"Organisator\" \/>\n<meta property=\"article:publisher\" content=\"https:\/\/www.facebook.com\/OrganisatorFachmagazin\" \/>\n<meta property=\"article:published_time\" content=\"2020-09-16T07:18:22+00:00\" \/>\n<meta property=\"og:image\" content=\"https:\/\/www.organisator.ch\/wp-content\/uploads\/2020\/09\/Buchtipp-Echte-Querdenker-gesucht_Organisator.jpg\" \/>\n\t<meta property=\"og:image:width\" content=\"680\" \/>\n\t<meta property=\"og:image:height\" content=\"1024\" \/>\n\t<meta property=\"og:image:type\" content=\"image\/jpeg\" \/>\n<meta name=\"author\" content=\"thomas.berner\" \/>\n<meta name=\"twitter:card\" content=\"summary_large_image\" \/>\n<meta name=\"twitter:title\" content=\"Buchtipp: Echte #Querdenker gesucht\" \/>\n<meta name=\"twitter:description\" content=\"#Querdenker gesucht: Warum die Zukunft der #Unternehmen in den H\u00e4nden von unkonventionellen #Ideengebern liegt, zeigt Anne M. Sch\u00fcller in ihrem neuen Buch.\" \/>\n<meta name=\"twitter:image\" content=\"https:\/\/www.organisator.ch\/wp-content\/uploads\/2020\/09\/Buchtipp-Echte-Querdenker-gesucht_Organisator.jpg\" \/>\n<script type=\"application\/ld+json\" class=\"yoast-schema-graph\">{\"@context\":\"https:\\\/\\\/schema.org\",\"@graph\":[{\"@type\":\"Article\",\"@id\":\"https:\\\/\\\/www.organisator.ch\\\/management\\\/2020-09-16\\\/buchtipp-echte-querdenker-gesucht\\\/#article\",\"isPartOf\":{\"@id\":\"https:\\\/\\\/www.organisator.ch\\\/management\\\/2020-09-16\\\/buchtipp-echte-querdenker-gesucht\\\/\"},\"author\":{\"name\":\"thomas.berner\",\"@id\":\"https:\\\/\\\/www.organisator.ch\\\/#\\\/schema\\\/person\\\/6f650f90b2842cd4c0cc334b4e36f67e\"},\"headline\":\"Buchtipp: Echte Querdenker gesucht\",\"datePublished\":\"2020-09-16T07:18:22+00:00\",\"mainEntityOfPage\":{\"@id\":\"https:\\\/\\\/www.organisator.ch\\\/management\\\/2020-09-16\\\/buchtipp-echte-querdenker-gesucht\\\/\"},\"wordCount\":379,\"publisher\":{\"@id\":\"https:\\\/\\\/www.organisator.ch\\\/#organization\"},\"image\":{\"@id\":\"https:\\\/\\\/www.organisator.ch\\\/management\\\/2020-09-16\\\/buchtipp-echte-querdenker-gesucht\\\/#primaryimage\"},\"thumbnailUrl\":\"https:\\\/\\\/www.organisator.ch\\\/wp-content\\\/uploads\\\/2020\\\/09\\\/Buchtipp-Echte-Querdenker-gesucht_Organisator.jpg\",\"keywords\":[\"Buch\",\"Buchtipps\",\"Innovation\",\"Management und Unternehmensf\u00fchrung\"],\"articleSection\":[\"MANAGEMENT\"],\"inLanguage\":\"en-US\"},{\"@type\":\"WebPage\",\"@id\":\"https:\\\/\\\/www.organisator.ch\\\/management\\\/2020-09-16\\\/buchtipp-echte-querdenker-gesucht\\\/\",\"url\":\"https:\\\/\\\/www.organisator.ch\\\/management\\\/2020-09-16\\\/buchtipp-echte-querdenker-gesucht\\\/\",\"name\":\"Buchtipp: Echte Querdenker gesucht - Organisator\",\"isPartOf\":{\"@id\":\"https:\\\/\\\/www.organisator.ch\\\/#website\"},\"primaryImageOfPage\":{\"@id\":\"https:\\\/\\\/www.organisator.ch\\\/management\\\/2020-09-16\\\/buchtipp-echte-querdenker-gesucht\\\/#primaryimage\"},\"image\":{\"@id\":\"https:\\\/\\\/www.organisator.ch\\\/management\\\/2020-09-16\\\/buchtipp-echte-querdenker-gesucht\\\/#primaryimage\"},\"thumbnailUrl\":\"https:\\\/\\\/www.organisator.ch\\\/wp-content\\\/uploads\\\/2020\\\/09\\\/Buchtipp-Echte-Querdenker-gesucht_Organisator.jpg\",\"datePublished\":\"2020-09-16T07:18:22+00:00\",\"description\":\"Querdenker gesucht: Warum die Zukunft der Unternehmen in den H\u00e4nden von unkonventionellen Ideengebern liegt, zeigt Anne M. Sch\u00fcller in ihrem neuen Buch.\",\"breadcrumb\":{\"@id\":\"https:\\\/\\\/www.organisator.ch\\\/management\\\/2020-09-16\\\/buchtipp-echte-querdenker-gesucht\\\/#breadcrumb\"},\"inLanguage\":\"en-US\",\"potentialAction\":[{\"@type\":\"ReadAction\",\"target\":[\"https:\\\/\\\/www.organisator.ch\\\/management\\\/2020-09-16\\\/buchtipp-echte-querdenker-gesucht\\\/\"]}]},{\"@type\":\"ImageObject\",\"inLanguage\":\"en-US\",\"@id\":\"https:\\\/\\\/www.organisator.ch\\\/management\\\/2020-09-16\\\/buchtipp-echte-querdenker-gesucht\\\/#primaryimage\",\"url\":\"https:\\\/\\\/www.organisator.ch\\\/wp-content\\\/uploads\\\/2020\\\/09\\\/Buchtipp-Echte-Querdenker-gesucht_Organisator.jpg\",\"contentUrl\":\"https:\\\/\\\/www.organisator.ch\\\/wp-content\\\/uploads\\\/2020\\\/09\\\/Buchtipp-Echte-Querdenker-gesucht_Organisator.jpg\",\"width\":680,\"height\":1024},{\"@type\":\"BreadcrumbList\",\"@id\":\"https:\\\/\\\/www.organisator.ch\\\/management\\\/2020-09-16\\\/buchtipp-echte-querdenker-gesucht\\\/#breadcrumb\",\"itemListElement\":[{\"@type\":\"ListItem\",\"position\":1,\"name\":\"Home\",\"item\":\"https:\\\/\\\/www.organisator.ch\\\/\"},{\"@type\":\"ListItem\",\"position\":2,\"name\":\"Buchtipp: Echte Querdenker gesucht\"}]},{\"@type\":\"WebSite\",\"@id\":\"https:\\\/\\\/www.organisator.ch\\\/#website\",\"url\":\"https:\\\/\\\/www.organisator.ch\\\/\",\"name\":\"Organisator\",\"description\":\"Kompetent. Praxisnah. Der ORGANISATOR bereitet in 10 Ausgaben pro Jahr die wesentlichen Themen f\u00fcr F\u00fchrungskr\u00e4fte von KMU auf.\",\"publisher\":{\"@id\":\"https:\\\/\\\/www.organisator.ch\\\/#organization\"},\"potentialAction\":[{\"@type\":\"SearchAction\",\"target\":{\"@type\":\"EntryPoint\",\"urlTemplate\":\"https:\\\/\\\/www.organisator.ch\\\/?s={search_term_string}\"},\"query-input\":{\"@type\":\"PropertyValueSpecification\",\"valueRequired\":true,\"valueName\":\"search_term_string\"}}],\"inLanguage\":\"en-US\"},{\"@type\":\"Organization\",\"@id\":\"https:\\\/\\\/www.organisator.ch\\\/#organization\",\"name\":\"Organisator\",\"url\":\"https:\\\/\\\/www.organisator.ch\\\/\",\"logo\":{\"@type\":\"ImageObject\",\"inLanguage\":\"en-US\",\"@id\":\"https:\\\/\\\/www.organisator.ch\\\/#\\\/schema\\\/logo\\\/image\\\/\",\"url\":\"https:\\\/\\\/www.organisator.ch\\\/wp-content\\\/uploads\\\/2022\\\/01\\\/Logo_Organisator_Website.png\",\"contentUrl\":\"https:\\\/\\\/www.organisator.ch\\\/wp-content\\\/uploads\\\/2022\\\/01\\\/Logo_Organisator_Website.png\",\"width\":800,\"height\":77,\"caption\":\"Organisator\"},\"image\":{\"@id\":\"https:\\\/\\\/www.organisator.ch\\\/#\\\/schema\\\/logo\\\/image\\\/\"},\"sameAs\":[\"https:\\\/\\\/www.facebook.com\\\/OrganisatorFachmagazin\",\"https:\\\/\\\/www.linkedin.com\\\/showcase\\\/organisator-das-magazin-fr-kmu\",\"https:\\\/\\\/www.xing.com\\\/news\\\/pages\\\/organisator-ch-695\",\"https:\\\/\\\/www.youtube.com\\\/channel\\\/UCGP2Sq0iWaZwT3BdIAQFYpw\"]},{\"@type\":\"Person\",\"@id\":\"https:\\\/\\\/www.organisator.ch\\\/#\\\/schema\\\/person\\\/6f650f90b2842cd4c0cc334b4e36f67e\",\"name\":\"thomas.berner\",\"image\":{\"@type\":\"ImageObject\",\"inLanguage\":\"en-US\",\"@id\":\"https:\\\/\\\/secure.gravatar.com\\\/avatar\\\/ac5001d2a36cb6c6cd3e50789007ffca834b477b74a2144564522e944eabff61?s=96&d=mm&r=g\",\"url\":\"https:\\\/\\\/secure.gravatar.com\\\/avatar\\\/ac5001d2a36cb6c6cd3e50789007ffca834b477b74a2144564522e944eabff61?s=96&d=mm&r=g\",\"contentUrl\":\"https:\\\/\\\/secure.gravatar.com\\\/avatar\\\/ac5001d2a36cb6c6cd3e50789007ffca834b477b74a2144564522e944eabff61?s=96&d=mm&r=g\",\"caption\":\"thomas.berner\"},\"url\":\"https:\\\/\\\/www.organisator.ch\\\/en\\\/author\\\/thomas-berner\\\/\"}]}<\/script>\n<!-- \/ Yoast SEO plugin. -->","yoast_head_json":{"title":"Book tip: Real lateral thinkers wanted - organizer","description":"Lateral thinkers wanted: Anne M. Sch\u00fcller shows why the future of companies lies in the hands of unconventional thinkers in her new book.","robots":{"index":"index","follow":"follow","max-snippet":"max-snippet:-1","max-image-preview":"max-image-preview:large","max-video-preview":"max-video-preview:-1"},"canonical":"https:\/\/www.organisator.ch\/en\/management\/2020-09-16\/buchtipp-echte-querdenker-gesucht\/","og_locale":"en_US","og_type":"article","og_title":"Buchtipp: Echte Querdenker gesucht","og_description":"Querdenker gesucht: Warum die Zukunft der Unternehmen in den H\u00e4nden von unkonventionellen Ideengebern liegt, zeigt Anne M. Sch\u00fcller in ihrem neuen Buch.","og_url":"https:\/\/www.organisator.ch\/en\/management\/2020-09-16\/buchtipp-echte-querdenker-gesucht\/","og_site_name":"Organisator","article_publisher":"https:\/\/www.facebook.com\/OrganisatorFachmagazin","article_published_time":"2020-09-16T07:18:22+00:00","og_image":[{"width":680,"height":1024,"url":"https:\/\/www.organisator.ch\/wp-content\/uploads\/2020\/09\/Buchtipp-Echte-Querdenker-gesucht_Organisator.jpg","type":"image\/jpeg"}],"author":"thomas.berner","twitter_card":"summary_large_image","twitter_title":"Buchtipp: Echte #Querdenker gesucht","twitter_description":"#Querdenker gesucht: Warum die Zukunft der #Unternehmen in den H\u00e4nden von unkonventionellen #Ideengebern liegt, zeigt Anne M. Sch\u00fcller in ihrem neuen Buch.","twitter_image":"https:\/\/www.organisator.ch\/wp-content\/uploads\/2020\/09\/Buchtipp-Echte-Querdenker-gesucht_Organisator.jpg","schema":{"@context":"https:\/\/schema.org","@graph":[{"@type":"Article","@id":"https:\/\/www.organisator.ch\/management\/2020-09-16\/buchtipp-echte-querdenker-gesucht\/#article","isPartOf":{"@id":"https:\/\/www.organisator.ch\/management\/2020-09-16\/buchtipp-echte-querdenker-gesucht\/"},"author":{"name":"thomas.berner","@id":"https:\/\/www.organisator.ch\/#\/schema\/person\/6f650f90b2842cd4c0cc334b4e36f67e"},"headline":"Buchtipp: Echte Querdenker gesucht","datePublished":"2020-09-16T07:18:22+00:00","mainEntityOfPage":{"@id":"https:\/\/www.organisator.ch\/management\/2020-09-16\/buchtipp-echte-querdenker-gesucht\/"},"wordCount":379,"publisher":{"@id":"https:\/\/www.organisator.ch\/#organization"},"image":{"@id":"https:\/\/www.organisator.ch\/management\/2020-09-16\/buchtipp-echte-querdenker-gesucht\/#primaryimage"},"thumbnailUrl":"https:\/\/www.organisator.ch\/wp-content\/uploads\/2020\/09\/Buchtipp-Echte-Querdenker-gesucht_Organisator.jpg","keywords":["Buch","Buchtipps","Innovation","Management und Unternehmensf\u00fchrung"],"articleSection":["MANAGEMENT"],"inLanguage":"en-US"},{"@type":"WebPage","@id":"https:\/\/www.organisator.ch\/management\/2020-09-16\/buchtipp-echte-querdenker-gesucht\/","url":"https:\/\/www.organisator.ch\/management\/2020-09-16\/buchtipp-echte-querdenker-gesucht\/","name":"Book tip: Real lateral thinkers wanted - organizer","isPartOf":{"@id":"https:\/\/www.organisator.ch\/#website"},"primaryImageOfPage":{"@id":"https:\/\/www.organisator.ch\/management\/2020-09-16\/buchtipp-echte-querdenker-gesucht\/#primaryimage"},"image":{"@id":"https:\/\/www.organisator.ch\/management\/2020-09-16\/buchtipp-echte-querdenker-gesucht\/#primaryimage"},"thumbnailUrl":"https:\/\/www.organisator.ch\/wp-content\/uploads\/2020\/09\/Buchtipp-Echte-Querdenker-gesucht_Organisator.jpg","datePublished":"2020-09-16T07:18:22+00:00","description":"Lateral thinkers wanted: Anne M. Sch\u00fcller shows why the future of companies lies in the hands of unconventional thinkers in her new book.","breadcrumb":{"@id":"https:\/\/www.organisator.ch\/management\/2020-09-16\/buchtipp-echte-querdenker-gesucht\/#breadcrumb"},"inLanguage":"en-US","potentialAction":[{"@type":"ReadAction","target":["https:\/\/www.organisator.ch\/management\/2020-09-16\/buchtipp-echte-querdenker-gesucht\/"]}]},{"@type":"ImageObject","inLanguage":"en-US","@id":"https:\/\/www.organisator.ch\/management\/2020-09-16\/buchtipp-echte-querdenker-gesucht\/#primaryimage","url":"https:\/\/www.organisator.ch\/wp-content\/uploads\/2020\/09\/Buchtipp-Echte-Querdenker-gesucht_Organisator.jpg","contentUrl":"https:\/\/www.organisator.ch\/wp-content\/uploads\/2020\/09\/Buchtipp-Echte-Querdenker-gesucht_Organisator.jpg","width":680,"height":1024},{"@type":"BreadcrumbList","@id":"https:\/\/www.organisator.ch\/management\/2020-09-16\/buchtipp-echte-querdenker-gesucht\/#breadcrumb","itemListElement":[{"@type":"ListItem","position":1,"name":"Home","item":"https:\/\/www.organisator.ch\/"},{"@type":"ListItem","position":2,"name":"Buchtipp: Echte Querdenker gesucht"}]},{"@type":"WebSite","@id":"https:\/\/www.organisator.ch\/#website","url":"https:\/\/www.organisator.ch\/","name":"Organizer","description":"Competent. Practical. In 10 issues per year, ORGANISATOR presents the essential topics for managers of SMEs.","publisher":{"@id":"https:\/\/www.organisator.ch\/#organization"},"potentialAction":[{"@type":"SearchAction","target":{"@type":"EntryPoint","urlTemplate":"https:\/\/www.organisator.ch\/?s={search_term_string}"},"query-input":{"@type":"PropertyValueSpecification","valueRequired":true,"valueName":"search_term_string"}}],"inLanguage":"en-US"},{"@type":"Organization","@id":"https:\/\/www.organisator.ch\/#organization","name":"Organizer","url":"https:\/\/www.organisator.ch\/","logo":{"@type":"ImageObject","inLanguage":"en-US","@id":"https:\/\/www.organisator.ch\/#\/schema\/logo\/image\/","url":"https:\/\/www.organisator.ch\/wp-content\/uploads\/2022\/01\/Logo_Organisator_Website.png","contentUrl":"https:\/\/www.organisator.ch\/wp-content\/uploads\/2022\/01\/Logo_Organisator_Website.png","width":800,"height":77,"caption":"Organisator"},"image":{"@id":"https:\/\/www.organisator.ch\/#\/schema\/logo\/image\/"},"sameAs":["https:\/\/www.facebook.com\/OrganisatorFachmagazin","https:\/\/www.linkedin.com\/showcase\/organisator-das-magazin-fr-kmu","https:\/\/www.xing.com\/news\/pages\/organisator-ch-695","https:\/\/www.youtube.com\/channel\/UCGP2Sq0iWaZwT3BdIAQFYpw"]},{"@type":"Person","@id":"https:\/\/www.organisator.ch\/#\/schema\/person\/6f650f90b2842cd4c0cc334b4e36f67e","name":"thomas.berner","image":{"@type":"ImageObject","inLanguage":"en-US","@id":"https:\/\/secure.gravatar.com\/avatar\/ac5001d2a36cb6c6cd3e50789007ffca834b477b74a2144564522e944eabff61?s=96&d=mm&r=g","url":"https:\/\/secure.gravatar.com\/avatar\/ac5001d2a36cb6c6cd3e50789007ffca834b477b74a2144564522e944eabff61?s=96&d=mm&r=g","contentUrl":"https:\/\/secure.gravatar.com\/avatar\/ac5001d2a36cb6c6cd3e50789007ffca834b477b74a2144564522e944eabff61?s=96&d=mm&r=g","caption":"thomas.berner"},"url":"https:\/\/www.organisator.ch\/en\/author\/thomas-berner\/"}]}},"_links":{"self":[{"href":"https:\/\/www.organisator.ch\/en\/wp-json\/wp\/v2\/posts\/7127","targetHints":{"allow":["GET"]}}],"collection":[{"href":"https:\/\/www.organisator.ch\/en\/wp-json\/wp\/v2\/posts"}],"about":[{"href":"https:\/\/www.organisator.ch\/en\/wp-json\/wp\/v2\/types\/post"}],"author":[{"embeddable":true,"href":"https:\/\/www.organisator.ch\/en\/wp-json\/wp\/v2\/users\/4"}],"replies":[{"embeddable":true,"href":"https:\/\/www.organisator.ch\/en\/wp-json\/wp\/v2\/comments?post=7127"}],"version-history":[{"count":0,"href":"https:\/\/www.organisator.ch\/en\/wp-json\/wp\/v2\/posts\/7127\/revisions"}],"wp:featuredmedia":[{"embeddable":true,"href":"https:\/\/www.organisator.ch\/en\/wp-json\/wp\/v2\/media\/7128"}],"wp:attachment":[{"href":"https:\/\/www.organisator.ch\/en\/wp-json\/wp\/v2\/media?parent=7127"}],"wp:term":[{"taxonomy":"category","embeddable":true,"href":"https:\/\/www.organisator.ch\/en\/wp-json\/wp\/v2\/categories?post=7127"},{"taxonomy":"post_tag","embeddable":true,"href":"https:\/\/www.organisator.ch\/en\/wp-json\/wp\/v2\/tags?post=7127"}],"curies":[{"name":"wp","href":"https:\/\/api.w.org\/{rel}","templated":true}]}}