{"id":7149,"date":"2020-09-23T09:06:32","date_gmt":"2020-09-23T07:06:32","guid":{"rendered":"https:\/\/www.organisator.ch\/?p=7149"},"modified":"2020-09-23T09:06:32","modified_gmt":"2020-09-23T07:06:32","slug":"versicherer-vermelden-ueber-860-000-unfaelle-in-beruf-und-freizeit-im-jahr-2019","status":"publish","type":"post","link":"https:\/\/www.organisator.ch\/en\/human-resources\/fit_im_job\/2020-09-23\/versicherer-vermelden-ueber-860-000-unfaelle-in-beruf-und-freizeit-im-jahr-2019\/","title":{"rendered":"Insurers report over 860,000 occupational and recreational accidents in 2019"},"content":{"rendered":"<figure id=\"attachment_7150\" aria-describedby=\"caption-attachment-7150\" style=\"width: 680px\" class=\"wp-caption alignnone\"><img loading=\"lazy\" decoding=\"async\" class=\"size-medium wp-image-7150\" src=\"https:\/\/www.organisator.ch\/wp-content\/uploads\/2020\/09\/Versicherer-vermelden-ueber-860-000-Unfaelle-in-Beruf-und-Freizeit-im-Jahr-2019_Organisator.jpg\" alt=\"\" width=\"680\" height=\"330\" srcset=\"https:\/\/www.organisator.ch\/wp-content\/uploads\/2020\/09\/Versicherer-vermelden-ueber-860-000-Unfaelle-in-Beruf-und-Freizeit-im-Jahr-2019_Organisator.jpg 680w, https:\/\/www.organisator.ch\/wp-content\/uploads\/2020\/09\/Versicherer-vermelden-ueber-860-000-Unfaelle-in-Beruf-und-Freizeit-im-Jahr-2019_Organisator-16x8.jpg 16w, https:\/\/www.organisator.ch\/wp-content\/uploads\/2020\/09\/Versicherer-vermelden-ueber-860-000-Unfaelle-in-Beruf-und-Freizeit-im-Jahr-2019_Organisator-361x175.jpg 361w, https:\/\/www.organisator.ch\/wp-content\/uploads\/2020\/09\/Versicherer-vermelden-ueber-860-000-Unfaelle-in-Beruf-und-Freizeit-im-Jahr-2019_Organisator-300x146.jpg 300w\" sizes=\"auto, (max-width: 680px) 100vw, 680px\" \/><figcaption id=\"caption-attachment-7150\" class=\"wp-caption-text\">The number of occupational and leisure accidents increased in 2019 compared to the previous year. (Image: Suva)<\/figcaption><\/figure>\n<p>In the mandatory accident insurance for employees and job seekers, the number of accidents in 2019 increased again compared to the previous year (+ 1.5 percent). The increase is slightly greater for occupational accidents at 1.8 percent than for leisure accidents at 1.6 percent. Accidents involving job seekers, on the other hand, decreased by 6.0 percent, which can be attributed to the good economic situation in 2019 and the declining unemployment rate. All accident insurers together paid around CHF 4.9 billion in medical expenses, daily allowances or disability pensions in 2018.<\/p>\n<h2>The most common accidents at work<\/h2>\n<figure id=\"attachment_7151\" aria-describedby=\"caption-attachment-7151\" style=\"width: 567px\" class=\"wp-caption alignnone\"><img loading=\"lazy\" decoding=\"async\" class=\"size-full wp-image-7151\" src=\"https:\/\/www.organisator.ch\/wp-content\/uploads\/2020\/09\/Versicherer-vermelden-ueber-860-000-Unfaelle-in-Beruf-und-Freizeit-im-Jahr-2019-2_Organisator.jpg\" alt=\"\" width=\"567\" height=\"326\" srcset=\"https:\/\/www.organisator.ch\/wp-content\/uploads\/2020\/09\/Versicherer-vermelden-ueber-860-000-Unfaelle-in-Beruf-und-Freizeit-im-Jahr-2019-2_Organisator.jpg 567w, https:\/\/www.organisator.ch\/wp-content\/uploads\/2020\/09\/Versicherer-vermelden-ueber-860-000-Unfaelle-in-Beruf-und-Freizeit-im-Jahr-2019-2_Organisator-16x9.jpg 16w, https:\/\/www.organisator.ch\/wp-content\/uploads\/2020\/09\/Versicherer-vermelden-ueber-860-000-Unfaelle-in-Beruf-und-Freizeit-im-Jahr-2019-2_Organisator-304x175.jpg 304w, https:\/\/www.organisator.ch\/wp-content\/uploads\/2020\/09\/Versicherer-vermelden-ueber-860-000-Unfaelle-in-Beruf-und-Freizeit-im-Jahr-2019-2_Organisator-300x172.jpg 300w\" sizes=\"auto, (max-width: 567px) 100vw, 567px\" \/><figcaption id=\"caption-attachment-7151\" class=\"wp-caption-text\">Accident statistics according to the Accident Insurance Act UVG (employees and job seekers).<\/figcaption><\/figure>\n<p>The most frequent occupational accidents are still tripping accidents. Thereby 22 % of the accidents happen without an involved object. 20 % of the occupational accidents involving slipping or sliding occur on stairs, and in 10 % a load carried by the accident victim is causally involved. In 5 % of these cases, the weather has a decisive influence. The second most frequent cause is being hit by a foreign object. In 38 percent of the cases, these are small parts such as dust, splinters, chips or even liquids. They almost always injure the eyes. In third place in terms of frequency are stabbing, cutting or scratching injuries. The victims cut or stab themselves primarily with hand tools. In most cases, the hand is affected by injuries.<\/p>\n<h2>Noticeable influence of the lockdown on accident occurrence<\/h2>\n<p>The figures already available for the first half of 2020 from the 27 accident insurers show that both occupational accidents and leisure accidents decreased during the coronavirus lockdown from March to May 2020 compared with the previous year. Recreational accidents decreased slightly more than occupational accidents. This can be explained by the fact that it was no longer possible to ski or play football from mid-March.<\/p>\n<p>Current evaluations by Suva show that since July 2020, accident figures have been roughly on a par with the previous year and are even higher for individual leisure activities. So far this year, there have been significantly more accidents while cycling, gardening and hiking or walking. The first detailed analyses of the influence of Corona on accident occurrence will be available in 2022.<\/p>\n<p><em>Source: <a href=\"http:\/\/www.suva.ch\">Suva<\/a><\/em><\/p>","protected":false},"excerpt":{"rendered":"<p>In der obligatorischen Unfallversicherung f\u00fcr Besch\u00e4ftigte und Stellensuchende ist die Zahl der Unf\u00e4lle im Jahr 2019 im Vergleich zum Vorjahr erneut gestiegen (+ 1,5 Prozent). Der Anstieg ist bei den Berufsunf\u00e4llen mit 1,8 Prozent etwas gr\u00f6sser als bei den Freizeitunf\u00e4llen mit 1,6 Prozent. Die Unf\u00e4lle von Stellensuchenden haben hingegen um 6,0 Prozent abgenommen, was auf [&hellip;]<\/p>\n","protected":false},"author":4,"featured_media":7150,"comment_status":"closed","ping_status":"closed","sticky":false,"template":"","format":"standard","meta":{"_acf_changed":false,"_yoast_wpseo_focuskw":"Unf\u00e4lle","_yoast_wpseo_metadesc":"Die Zahl der Unf\u00e4lle ist im Vergleich zum Vorjahr um 1,5 Prozent gestiegen. Der Anstieg geht auf die zunehmende Anzahl der versicherten Personen zur\u00fcck.","articlekey":"","footnotes":""},"categories":[25],"tags":[54,77,452,511],"class_list":["post-7149","post","type-post","status-publish","format-standard","has-post-thumbnail","hentry","category-fit_im_job","tag-arbeitsunfaelle","tag-betriebliches-gesundheitsmanagement","tag-statistik","tag-versicherungen"],"acf":[],"yoast_head":"<!-- This site is optimized with the Yoast SEO plugin v27.4 - https:\/\/yoast.com\/product\/yoast-seo-wordpress\/ -->\n<title>Versicherer vermelden \u00fcber 860 000 Unf\u00e4lle in Beruf und Freizeit im Jahr 2019 - Organisator<\/title>\n<meta name=\"description\" content=\"Die Zahl der Unf\u00e4lle ist im Vergleich zum Vorjahr um 1,5 Prozent gestiegen. Der Anstieg geht auf die zunehmende Anzahl der versicherten Personen zur\u00fcck.\" \/>\n<meta name=\"robots\" content=\"index, follow, max-snippet:-1, max-image-preview:large, max-video-preview:-1\" \/>\n<link rel=\"canonical\" href=\"https:\/\/www.organisator.ch\/en\/human-resources\/fit_im_job\/2020-09-23\/versicherer-vermelden-ueber-860-000-unfaelle-in-beruf-und-freizeit-im-jahr-2019\/\" \/>\n<meta property=\"og:locale\" content=\"en_US\" \/>\n<meta property=\"og:type\" content=\"article\" \/>\n<meta property=\"og:title\" content=\"Versicherer vermelden \u00fcber 860 000 Unf\u00e4lle in Beruf und Freizeit im Jahr 2019\" \/>\n<meta property=\"og:description\" content=\"Die Zahl der Unf\u00e4lle ist im Vergleich zum Vorjahr um 1,5 Prozent gestiegen. Der Anstieg geht auf die zunehmende Anzahl der versicherten Personen zur\u00fcck.\" \/>\n<meta property=\"og:url\" content=\"https:\/\/www.organisator.ch\/en\/human-resources\/fit_im_job\/2020-09-23\/versicherer-vermelden-ueber-860-000-unfaelle-in-beruf-und-freizeit-im-jahr-2019\/\" \/>\n<meta property=\"og:site_name\" content=\"Organisator\" \/>\n<meta property=\"article:publisher\" content=\"https:\/\/www.facebook.com\/OrganisatorFachmagazin\" \/>\n<meta property=\"article:published_time\" content=\"2020-09-23T07:06:32+00:00\" \/>\n<meta property=\"og:image\" content=\"https:\/\/www.organisator.ch\/wp-content\/uploads\/2020\/09\/Versicherer-vermelden-ueber-860-000-Unfaelle-in-Beruf-und-Freizeit-im-Jahr-2019_Organisator.jpg\" \/>\n\t<meta property=\"og:image:width\" content=\"680\" \/>\n\t<meta property=\"og:image:height\" content=\"330\" \/>\n\t<meta property=\"og:image:type\" content=\"image\/jpeg\" \/>\n<meta name=\"author\" content=\"thomas.berner\" \/>\n<meta name=\"twitter:card\" content=\"summary_large_image\" \/>\n<meta name=\"twitter:title\" content=\"#Versicherer vermelden \u00fcber 860 000 #Unf\u00e4lle in Beruf und Freizeit im Jahr 2019\" \/>\n<meta name=\"twitter:description\" content=\"Die Zahl der #Unf\u00e4lle ist im Vergleich zum Vorjahr um 1,5 Prozent gestiegen. Der Anstieg geht auf die zunehmende Anzahl der versicherten Personen zur\u00fcck.\" \/>\n<meta name=\"twitter:image\" content=\"https:\/\/www.organisator.ch\/wp-content\/uploads\/2020\/09\/Versicherer-vermelden-ueber-860-000-Unfaelle-in-Beruf-und-Freizeit-im-Jahr-2019_Organisator.jpg\" \/>\n<script type=\"application\/ld+json\" class=\"yoast-schema-graph\">{\"@context\":\"https:\\\/\\\/schema.org\",\"@graph\":[{\"@type\":\"Article\",\"@id\":\"https:\\\/\\\/www.organisator.ch\\\/human-resources\\\/fit_im_job\\\/2020-09-23\\\/versicherer-vermelden-ueber-860-000-unfaelle-in-beruf-und-freizeit-im-jahr-2019\\\/#article\",\"isPartOf\":{\"@id\":\"https:\\\/\\\/www.organisator.ch\\\/human-resources\\\/fit_im_job\\\/2020-09-23\\\/versicherer-vermelden-ueber-860-000-unfaelle-in-beruf-und-freizeit-im-jahr-2019\\\/\"},\"author\":{\"name\":\"thomas.berner\",\"@id\":\"https:\\\/\\\/www.organisator.ch\\\/#\\\/schema\\\/person\\\/6f650f90b2842cd4c0cc334b4e36f67e\"},\"headline\":\"Versicherer vermelden \u00fcber 860 000 Unf\u00e4lle in Beruf und Freizeit im Jahr 2019\",\"datePublished\":\"2020-09-23T07:06:32+00:00\",\"mainEntityOfPage\":{\"@id\":\"https:\\\/\\\/www.organisator.ch\\\/human-resources\\\/fit_im_job\\\/2020-09-23\\\/versicherer-vermelden-ueber-860-000-unfaelle-in-beruf-und-freizeit-im-jahr-2019\\\/\"},\"wordCount\":404,\"publisher\":{\"@id\":\"https:\\\/\\\/www.organisator.ch\\\/#organization\"},\"image\":{\"@id\":\"https:\\\/\\\/www.organisator.ch\\\/human-resources\\\/fit_im_job\\\/2020-09-23\\\/versicherer-vermelden-ueber-860-000-unfaelle-in-beruf-und-freizeit-im-jahr-2019\\\/#primaryimage\"},\"thumbnailUrl\":\"https:\\\/\\\/www.organisator.ch\\\/wp-content\\\/uploads\\\/2020\\\/09\\\/Versicherer-vermelden-ueber-860-000-Unfaelle-in-Beruf-und-Freizeit-im-Jahr-2019_Organisator.jpg\",\"keywords\":[\"Arbeitsunf\u00e4lle\",\"Betriebliches Gesundheitsmanagement\",\"Statistik\",\"Versicherungen\"],\"articleSection\":[\"FIT IM JOB\"],\"inLanguage\":\"en-US\"},{\"@type\":\"WebPage\",\"@id\":\"https:\\\/\\\/www.organisator.ch\\\/human-resources\\\/fit_im_job\\\/2020-09-23\\\/versicherer-vermelden-ueber-860-000-unfaelle-in-beruf-und-freizeit-im-jahr-2019\\\/\",\"url\":\"https:\\\/\\\/www.organisator.ch\\\/human-resources\\\/fit_im_job\\\/2020-09-23\\\/versicherer-vermelden-ueber-860-000-unfaelle-in-beruf-und-freizeit-im-jahr-2019\\\/\",\"name\":\"Versicherer vermelden \u00fcber 860 000 Unf\u00e4lle in Beruf und Freizeit im Jahr 2019 - Organisator\",\"isPartOf\":{\"@id\":\"https:\\\/\\\/www.organisator.ch\\\/#website\"},\"primaryImageOfPage\":{\"@id\":\"https:\\\/\\\/www.organisator.ch\\\/human-resources\\\/fit_im_job\\\/2020-09-23\\\/versicherer-vermelden-ueber-860-000-unfaelle-in-beruf-und-freizeit-im-jahr-2019\\\/#primaryimage\"},\"image\":{\"@id\":\"https:\\\/\\\/www.organisator.ch\\\/human-resources\\\/fit_im_job\\\/2020-09-23\\\/versicherer-vermelden-ueber-860-000-unfaelle-in-beruf-und-freizeit-im-jahr-2019\\\/#primaryimage\"},\"thumbnailUrl\":\"https:\\\/\\\/www.organisator.ch\\\/wp-content\\\/uploads\\\/2020\\\/09\\\/Versicherer-vermelden-ueber-860-000-Unfaelle-in-Beruf-und-Freizeit-im-Jahr-2019_Organisator.jpg\",\"datePublished\":\"2020-09-23T07:06:32+00:00\",\"description\":\"Die Zahl der Unf\u00e4lle ist im Vergleich zum Vorjahr um 1,5 Prozent gestiegen. Der Anstieg geht auf die zunehmende Anzahl der versicherten Personen zur\u00fcck.\",\"breadcrumb\":{\"@id\":\"https:\\\/\\\/www.organisator.ch\\\/human-resources\\\/fit_im_job\\\/2020-09-23\\\/versicherer-vermelden-ueber-860-000-unfaelle-in-beruf-und-freizeit-im-jahr-2019\\\/#breadcrumb\"},\"inLanguage\":\"en-US\",\"potentialAction\":[{\"@type\":\"ReadAction\",\"target\":[\"https:\\\/\\\/www.organisator.ch\\\/human-resources\\\/fit_im_job\\\/2020-09-23\\\/versicherer-vermelden-ueber-860-000-unfaelle-in-beruf-und-freizeit-im-jahr-2019\\\/\"]}]},{\"@type\":\"ImageObject\",\"inLanguage\":\"en-US\",\"@id\":\"https:\\\/\\\/www.organisator.ch\\\/human-resources\\\/fit_im_job\\\/2020-09-23\\\/versicherer-vermelden-ueber-860-000-unfaelle-in-beruf-und-freizeit-im-jahr-2019\\\/#primaryimage\",\"url\":\"https:\\\/\\\/www.organisator.ch\\\/wp-content\\\/uploads\\\/2020\\\/09\\\/Versicherer-vermelden-ueber-860-000-Unfaelle-in-Beruf-und-Freizeit-im-Jahr-2019_Organisator.jpg\",\"contentUrl\":\"https:\\\/\\\/www.organisator.ch\\\/wp-content\\\/uploads\\\/2020\\\/09\\\/Versicherer-vermelden-ueber-860-000-Unfaelle-in-Beruf-und-Freizeit-im-Jahr-2019_Organisator.jpg\",\"width\":680,\"height\":330,\"caption\":\"Die Zahl der Unf\u00e4lle in Beruf und Freizeit hat 2019 gegen\u00fcber dem Vorjahr zugenommen. (Bild: Suva)\"},{\"@type\":\"BreadcrumbList\",\"@id\":\"https:\\\/\\\/www.organisator.ch\\\/human-resources\\\/fit_im_job\\\/2020-09-23\\\/versicherer-vermelden-ueber-860-000-unfaelle-in-beruf-und-freizeit-im-jahr-2019\\\/#breadcrumb\",\"itemListElement\":[{\"@type\":\"ListItem\",\"position\":1,\"name\":\"Home\",\"item\":\"https:\\\/\\\/www.organisator.ch\\\/\"},{\"@type\":\"ListItem\",\"position\":2,\"name\":\"Versicherer vermelden \u00fcber 860 000 Unf\u00e4lle in Beruf und Freizeit im Jahr 2019\"}]},{\"@type\":\"WebSite\",\"@id\":\"https:\\\/\\\/www.organisator.ch\\\/#website\",\"url\":\"https:\\\/\\\/www.organisator.ch\\\/\",\"name\":\"Organisator\",\"description\":\"Kompetent. Praxisnah. Der ORGANISATOR bereitet in 10 Ausgaben pro Jahr die wesentlichen Themen f\u00fcr F\u00fchrungskr\u00e4fte von KMU auf.\",\"publisher\":{\"@id\":\"https:\\\/\\\/www.organisator.ch\\\/#organization\"},\"potentialAction\":[{\"@type\":\"SearchAction\",\"target\":{\"@type\":\"EntryPoint\",\"urlTemplate\":\"https:\\\/\\\/www.organisator.ch\\\/?s={search_term_string}\"},\"query-input\":{\"@type\":\"PropertyValueSpecification\",\"valueRequired\":true,\"valueName\":\"search_term_string\"}}],\"inLanguage\":\"en-US\"},{\"@type\":\"Organization\",\"@id\":\"https:\\\/\\\/www.organisator.ch\\\/#organization\",\"name\":\"Organisator\",\"url\":\"https:\\\/\\\/www.organisator.ch\\\/\",\"logo\":{\"@type\":\"ImageObject\",\"inLanguage\":\"en-US\",\"@id\":\"https:\\\/\\\/www.organisator.ch\\\/#\\\/schema\\\/logo\\\/image\\\/\",\"url\":\"https:\\\/\\\/www.organisator.ch\\\/wp-content\\\/uploads\\\/2022\\\/01\\\/Logo_Organisator_Website.png\",\"contentUrl\":\"https:\\\/\\\/www.organisator.ch\\\/wp-content\\\/uploads\\\/2022\\\/01\\\/Logo_Organisator_Website.png\",\"width\":800,\"height\":77,\"caption\":\"Organisator\"},\"image\":{\"@id\":\"https:\\\/\\\/www.organisator.ch\\\/#\\\/schema\\\/logo\\\/image\\\/\"},\"sameAs\":[\"https:\\\/\\\/www.facebook.com\\\/OrganisatorFachmagazin\",\"https:\\\/\\\/www.linkedin.com\\\/showcase\\\/organisator-das-magazin-fr-kmu\",\"https:\\\/\\\/www.xing.com\\\/news\\\/pages\\\/organisator-ch-695\",\"https:\\\/\\\/www.youtube.com\\\/channel\\\/UCGP2Sq0iWaZwT3BdIAQFYpw\"]},{\"@type\":\"Person\",\"@id\":\"https:\\\/\\\/www.organisator.ch\\\/#\\\/schema\\\/person\\\/6f650f90b2842cd4c0cc334b4e36f67e\",\"name\":\"thomas.berner\",\"image\":{\"@type\":\"ImageObject\",\"inLanguage\":\"en-US\",\"@id\":\"https:\\\/\\\/secure.gravatar.com\\\/avatar\\\/ac5001d2a36cb6c6cd3e50789007ffca834b477b74a2144564522e944eabff61?s=96&d=mm&r=g\",\"url\":\"https:\\\/\\\/secure.gravatar.com\\\/avatar\\\/ac5001d2a36cb6c6cd3e50789007ffca834b477b74a2144564522e944eabff61?s=96&d=mm&r=g\",\"contentUrl\":\"https:\\\/\\\/secure.gravatar.com\\\/avatar\\\/ac5001d2a36cb6c6cd3e50789007ffca834b477b74a2144564522e944eabff61?s=96&d=mm&r=g\",\"caption\":\"thomas.berner\"},\"url\":\"https:\\\/\\\/www.organisator.ch\\\/en\\\/author\\\/thomas-berner\\\/\"}]}<\/script>\n<!-- \/ Yoast SEO plugin. -->","yoast_head_json":{"title":"Insurers report over 860,000 occupational and recreational accidents in 2019 - organizer","description":"The number of accidents increased by 1.5 percent compared to the previous year. The increase is due to the growing number of insured persons.","robots":{"index":"index","follow":"follow","max-snippet":"max-snippet:-1","max-image-preview":"max-image-preview:large","max-video-preview":"max-video-preview:-1"},"canonical":"https:\/\/www.organisator.ch\/en\/human-resources\/fit_im_job\/2020-09-23\/versicherer-vermelden-ueber-860-000-unfaelle-in-beruf-und-freizeit-im-jahr-2019\/","og_locale":"en_US","og_type":"article","og_title":"Versicherer vermelden \u00fcber 860 000 Unf\u00e4lle in Beruf und Freizeit im Jahr 2019","og_description":"Die Zahl der Unf\u00e4lle ist im Vergleich zum Vorjahr um 1,5 Prozent gestiegen. Der Anstieg geht auf die zunehmende Anzahl der versicherten Personen zur\u00fcck.","og_url":"https:\/\/www.organisator.ch\/en\/human-resources\/fit_im_job\/2020-09-23\/versicherer-vermelden-ueber-860-000-unfaelle-in-beruf-und-freizeit-im-jahr-2019\/","og_site_name":"Organisator","article_publisher":"https:\/\/www.facebook.com\/OrganisatorFachmagazin","article_published_time":"2020-09-23T07:06:32+00:00","og_image":[{"width":680,"height":330,"url":"https:\/\/www.organisator.ch\/wp-content\/uploads\/2020\/09\/Versicherer-vermelden-ueber-860-000-Unfaelle-in-Beruf-und-Freizeit-im-Jahr-2019_Organisator.jpg","type":"image\/jpeg"}],"author":"thomas.berner","twitter_card":"summary_large_image","twitter_title":"#Versicherer vermelden \u00fcber 860 000 #Unf\u00e4lle in Beruf und Freizeit im Jahr 2019","twitter_description":"Die Zahl der #Unf\u00e4lle ist im Vergleich zum Vorjahr um 1,5 Prozent gestiegen. Der Anstieg geht auf die zunehmende Anzahl der versicherten Personen zur\u00fcck.","twitter_image":"https:\/\/www.organisator.ch\/wp-content\/uploads\/2020\/09\/Versicherer-vermelden-ueber-860-000-Unfaelle-in-Beruf-und-Freizeit-im-Jahr-2019_Organisator.jpg","schema":{"@context":"https:\/\/schema.org","@graph":[{"@type":"Article","@id":"https:\/\/www.organisator.ch\/human-resources\/fit_im_job\/2020-09-23\/versicherer-vermelden-ueber-860-000-unfaelle-in-beruf-und-freizeit-im-jahr-2019\/#article","isPartOf":{"@id":"https:\/\/www.organisator.ch\/human-resources\/fit_im_job\/2020-09-23\/versicherer-vermelden-ueber-860-000-unfaelle-in-beruf-und-freizeit-im-jahr-2019\/"},"author":{"name":"thomas.berner","@id":"https:\/\/www.organisator.ch\/#\/schema\/person\/6f650f90b2842cd4c0cc334b4e36f67e"},"headline":"Versicherer vermelden \u00fcber 860 000 Unf\u00e4lle in Beruf und Freizeit im Jahr 2019","datePublished":"2020-09-23T07:06:32+00:00","mainEntityOfPage":{"@id":"https:\/\/www.organisator.ch\/human-resources\/fit_im_job\/2020-09-23\/versicherer-vermelden-ueber-860-000-unfaelle-in-beruf-und-freizeit-im-jahr-2019\/"},"wordCount":404,"publisher":{"@id":"https:\/\/www.organisator.ch\/#organization"},"image":{"@id":"https:\/\/www.organisator.ch\/human-resources\/fit_im_job\/2020-09-23\/versicherer-vermelden-ueber-860-000-unfaelle-in-beruf-und-freizeit-im-jahr-2019\/#primaryimage"},"thumbnailUrl":"https:\/\/www.organisator.ch\/wp-content\/uploads\/2020\/09\/Versicherer-vermelden-ueber-860-000-Unfaelle-in-Beruf-und-Freizeit-im-Jahr-2019_Organisator.jpg","keywords":["Arbeitsunf\u00e4lle","Betriebliches Gesundheitsmanagement","Statistik","Versicherungen"],"articleSection":["FIT IM JOB"],"inLanguage":"en-US"},{"@type":"WebPage","@id":"https:\/\/www.organisator.ch\/human-resources\/fit_im_job\/2020-09-23\/versicherer-vermelden-ueber-860-000-unfaelle-in-beruf-und-freizeit-im-jahr-2019\/","url":"https:\/\/www.organisator.ch\/human-resources\/fit_im_job\/2020-09-23\/versicherer-vermelden-ueber-860-000-unfaelle-in-beruf-und-freizeit-im-jahr-2019\/","name":"Insurers report over 860,000 occupational and recreational accidents in 2019 - organizer","isPartOf":{"@id":"https:\/\/www.organisator.ch\/#website"},"primaryImageOfPage":{"@id":"https:\/\/www.organisator.ch\/human-resources\/fit_im_job\/2020-09-23\/versicherer-vermelden-ueber-860-000-unfaelle-in-beruf-und-freizeit-im-jahr-2019\/#primaryimage"},"image":{"@id":"https:\/\/www.organisator.ch\/human-resources\/fit_im_job\/2020-09-23\/versicherer-vermelden-ueber-860-000-unfaelle-in-beruf-und-freizeit-im-jahr-2019\/#primaryimage"},"thumbnailUrl":"https:\/\/www.organisator.ch\/wp-content\/uploads\/2020\/09\/Versicherer-vermelden-ueber-860-000-Unfaelle-in-Beruf-und-Freizeit-im-Jahr-2019_Organisator.jpg","datePublished":"2020-09-23T07:06:32+00:00","description":"The number of accidents increased by 1.5 percent compared to the previous year. The increase is due to the growing number of insured persons.","breadcrumb":{"@id":"https:\/\/www.organisator.ch\/human-resources\/fit_im_job\/2020-09-23\/versicherer-vermelden-ueber-860-000-unfaelle-in-beruf-und-freizeit-im-jahr-2019\/#breadcrumb"},"inLanguage":"en-US","potentialAction":[{"@type":"ReadAction","target":["https:\/\/www.organisator.ch\/human-resources\/fit_im_job\/2020-09-23\/versicherer-vermelden-ueber-860-000-unfaelle-in-beruf-und-freizeit-im-jahr-2019\/"]}]},{"@type":"ImageObject","inLanguage":"en-US","@id":"https:\/\/www.organisator.ch\/human-resources\/fit_im_job\/2020-09-23\/versicherer-vermelden-ueber-860-000-unfaelle-in-beruf-und-freizeit-im-jahr-2019\/#primaryimage","url":"https:\/\/www.organisator.ch\/wp-content\/uploads\/2020\/09\/Versicherer-vermelden-ueber-860-000-Unfaelle-in-Beruf-und-Freizeit-im-Jahr-2019_Organisator.jpg","contentUrl":"https:\/\/www.organisator.ch\/wp-content\/uploads\/2020\/09\/Versicherer-vermelden-ueber-860-000-Unfaelle-in-Beruf-und-Freizeit-im-Jahr-2019_Organisator.jpg","width":680,"height":330,"caption":"Die Zahl der Unf\u00e4lle in Beruf und Freizeit hat 2019 gegen\u00fcber dem Vorjahr zugenommen. (Bild: Suva)"},{"@type":"BreadcrumbList","@id":"https:\/\/www.organisator.ch\/human-resources\/fit_im_job\/2020-09-23\/versicherer-vermelden-ueber-860-000-unfaelle-in-beruf-und-freizeit-im-jahr-2019\/#breadcrumb","itemListElement":[{"@type":"ListItem","position":1,"name":"Home","item":"https:\/\/www.organisator.ch\/"},{"@type":"ListItem","position":2,"name":"Versicherer vermelden \u00fcber 860 000 Unf\u00e4lle in Beruf und Freizeit im Jahr 2019"}]},{"@type":"WebSite","@id":"https:\/\/www.organisator.ch\/#website","url":"https:\/\/www.organisator.ch\/","name":"Organizer","description":"Competent. Practical. In 10 issues per year, ORGANISATOR presents the essential topics for managers of SMEs.","publisher":{"@id":"https:\/\/www.organisator.ch\/#organization"},"potentialAction":[{"@type":"SearchAction","target":{"@type":"EntryPoint","urlTemplate":"https:\/\/www.organisator.ch\/?s={search_term_string}"},"query-input":{"@type":"PropertyValueSpecification","valueRequired":true,"valueName":"search_term_string"}}],"inLanguage":"en-US"},{"@type":"Organization","@id":"https:\/\/www.organisator.ch\/#organization","name":"Organizer","url":"https:\/\/www.organisator.ch\/","logo":{"@type":"ImageObject","inLanguage":"en-US","@id":"https:\/\/www.organisator.ch\/#\/schema\/logo\/image\/","url":"https:\/\/www.organisator.ch\/wp-content\/uploads\/2022\/01\/Logo_Organisator_Website.png","contentUrl":"https:\/\/www.organisator.ch\/wp-content\/uploads\/2022\/01\/Logo_Organisator_Website.png","width":800,"height":77,"caption":"Organisator"},"image":{"@id":"https:\/\/www.organisator.ch\/#\/schema\/logo\/image\/"},"sameAs":["https:\/\/www.facebook.com\/OrganisatorFachmagazin","https:\/\/www.linkedin.com\/showcase\/organisator-das-magazin-fr-kmu","https:\/\/www.xing.com\/news\/pages\/organisator-ch-695","https:\/\/www.youtube.com\/channel\/UCGP2Sq0iWaZwT3BdIAQFYpw"]},{"@type":"Person","@id":"https:\/\/www.organisator.ch\/#\/schema\/person\/6f650f90b2842cd4c0cc334b4e36f67e","name":"thomas.berner","image":{"@type":"ImageObject","inLanguage":"en-US","@id":"https:\/\/secure.gravatar.com\/avatar\/ac5001d2a36cb6c6cd3e50789007ffca834b477b74a2144564522e944eabff61?s=96&d=mm&r=g","url":"https:\/\/secure.gravatar.com\/avatar\/ac5001d2a36cb6c6cd3e50789007ffca834b477b74a2144564522e944eabff61?s=96&d=mm&r=g","contentUrl":"https:\/\/secure.gravatar.com\/avatar\/ac5001d2a36cb6c6cd3e50789007ffca834b477b74a2144564522e944eabff61?s=96&d=mm&r=g","caption":"thomas.berner"},"url":"https:\/\/www.organisator.ch\/en\/author\/thomas-berner\/"}]}},"_links":{"self":[{"href":"https:\/\/www.organisator.ch\/en\/wp-json\/wp\/v2\/posts\/7149","targetHints":{"allow":["GET"]}}],"collection":[{"href":"https:\/\/www.organisator.ch\/en\/wp-json\/wp\/v2\/posts"}],"about":[{"href":"https:\/\/www.organisator.ch\/en\/wp-json\/wp\/v2\/types\/post"}],"author":[{"embeddable":true,"href":"https:\/\/www.organisator.ch\/en\/wp-json\/wp\/v2\/users\/4"}],"replies":[{"embeddable":true,"href":"https:\/\/www.organisator.ch\/en\/wp-json\/wp\/v2\/comments?post=7149"}],"version-history":[{"count":0,"href":"https:\/\/www.organisator.ch\/en\/wp-json\/wp\/v2\/posts\/7149\/revisions"}],"wp:featuredmedia":[{"embeddable":true,"href":"https:\/\/www.organisator.ch\/en\/wp-json\/wp\/v2\/media\/7150"}],"wp:attachment":[{"href":"https:\/\/www.organisator.ch\/en\/wp-json\/wp\/v2\/media?parent=7149"}],"wp:term":[{"taxonomy":"category","embeddable":true,"href":"https:\/\/www.organisator.ch\/en\/wp-json\/wp\/v2\/categories?post=7149"},{"taxonomy":"post_tag","embeddable":true,"href":"https:\/\/www.organisator.ch\/en\/wp-json\/wp\/v2\/tags?post=7149"}],"curies":[{"name":"wp","href":"https:\/\/api.w.org\/{rel}","templated":true}]}}