{"id":7180,"date":"2020-10-02T08:28:47","date_gmt":"2020-10-02T06:28:47","guid":{"rendered":"https:\/\/www.organisator.ch\/?p=7180"},"modified":"2020-10-02T08:28:47","modified_gmt":"2020-10-02T06:28:47","slug":"abacus-research-verstaerkt-verwaltungsrat-und-geschaeftsleitung","status":"publish","type":"post","link":"https:\/\/www.organisator.ch\/en\/management\/it\/2020-10-02\/abacus-research-verstaerkt-verwaltungsrat-und-geschaeftsleitung\/","title":{"rendered":"Abacus Research strengthens board of directors and management"},"content":{"rendered":"<figure id=\"attachment_7181\" aria-describedby=\"caption-attachment-7181\" style=\"width: 680px\" class=\"wp-caption alignnone\"><img loading=\"lazy\" decoding=\"async\" class=\"size-medium wp-image-7181\" src=\"https:\/\/www.organisator.ch\/wp-content\/uploads\/2020\/10\/Abacus-Research-verstaerkt-Verwaltungsrat-und-Geschaeftsleitung_Organisator.jpg\" alt=\"\" width=\"680\" height=\"453\" srcset=\"https:\/\/www.organisator.ch\/wp-content\/uploads\/2020\/10\/Abacus-Research-verstaerkt-Verwaltungsrat-und-Geschaeftsleitung_Organisator.jpg 680w, https:\/\/www.organisator.ch\/wp-content\/uploads\/2020\/10\/Abacus-Research-verstaerkt-Verwaltungsrat-und-Geschaeftsleitung_Organisator-16x12.jpg 16w, https:\/\/www.organisator.ch\/wp-content\/uploads\/2020\/10\/Abacus-Research-verstaerkt-Verwaltungsrat-und-Geschaeftsleitung_Organisator-263x175.jpg 263w, https:\/\/www.organisator.ch\/wp-content\/uploads\/2020\/10\/Abacus-Research-verstaerkt-Verwaltungsrat-und-Geschaeftsleitung_Organisator-525x350.jpg 525w, https:\/\/www.organisator.ch\/wp-content\/uploads\/2020\/10\/Abacus-Research-verstaerkt-Verwaltungsrat-und-Geschaeftsleitung_Organisator-300x200.jpg 300w\" sizes=\"auto, (max-width: 680px) 100vw, 680px\" \/><figcaption id=\"caption-attachment-7181\" class=\"wp-caption-text\">Rainer Kaczmarczyk, new chairman of the board of Abacus Research AG. (Image: zVg \/ Abacus)<\/figcaption><\/figure>\n<p>Since its foundation 35 years ago by three HSG graduates, the St. Gallen software company Abacus Research has developed from a start-up to a company with over 500 employees, three Swiss branches and subsidiaries in three locations in Germany. Claudio Hintermann, founding partner, CEO and Chairman of the Board of Directors in personal union, is now handing over the mandate of Chairman of the Board of Directors to Rainer Kaczmarczyk. Hintermann will concentrate more on operational management on the one hand and on software development as chief strategist on the other. He will remain on the company's Board of Directors.<\/p>\n<h2>From Compaq to Abacus Research<\/h2>\n<p>Rainer Kaczmarczyk was Managing Director of the Abacus subsidiary in Germany from 2009 to 2017 and before that held the same position at Compaq Switzerland from 1995 to 2002 and subsequently at Compaq Germany. After the acquisition of Compaq by Hewlett-Packard, he led the Enterprise Systems division and Business Customer Sales with around 1100 employees for three years in Germany as Managing Director.<\/p>\n<p>Claudio Hintermann comments on his resignation as VRP as follows: \"The expected growth spurt in the digital age requires that our company adequately strengthens itself and builds sustainable structures. With his many years of experience in the management of a large company, Rainer Kaczmarczyk will help us to create an appropriate organization in our company that will allow us to continue to grow as well as be successful and thus secure the company's existence in the long term for the benefit of our customers, users, sales partners and employees.\"<\/p>\n<h2>\"Exciting challenge\"<\/h2>\n<p>Kaczmarcyk calls the fact that he is responsible for the transformation process at Abacus Research \"an exciting challenge\" and explains: \"At Abacus, we want to continue the unique success story, expand the leading market position and continue to serve our customers with useful innovations. I look forward to working with CEO Claudio Hintermann and the Abacus employees.\"<\/p>\n<p>At the same time as the change at the top of the Board of Directors, Abacus is strengthening its management with Philippe B\u00fcrki as the company's new CFO. B\u00fcrki worked for the Migros Ostschweiz cooperative for eight years in the finance department as Head of Controlling. Prior to that, he was responsible for the finances of the Hotelplan Group's Russian business for three years.<\/p>\n<p><em><a href=\"http:\/\/www.abacus.ch\">Source<\/a><\/em><\/p>","protected":false},"excerpt":{"rendered":"<p>Die St. Galler Softwarefirma Abacus Research hat sich seit ihrer Gr\u00fcndung vor 35 Jahren durch drei HSG-Absolventen von einem Start-up zu einem Unternehmen mit \u00fcber 500 Mitarbeitenden, drei Schweizer Niederlassungen und Tochterfirmen an drei Standorten in Deutschland entwickelt. Claudio Hintermann, Gr\u00fcndungspartner, CEO und Verwaltungsratspr\u00e4sident in Personalunion, gibt nun das Mandat des Verwaltungsratspr\u00e4sidenten an Rainer Kaczmarczyk [&hellip;]<\/p>\n","protected":false},"author":4,"featured_media":7181,"comment_status":"closed","ping_status":"closed","sticky":false,"template":"","format":"standard","meta":{"_acf_changed":false,"_yoast_wpseo_focuskw":"Abacus Research","_yoast_wpseo_metadesc":"Abacus Research hat an einer ausserordentlichen Generalversammlung mit Rainer Kaczmarczyk einen neuen Verwaltungsratspr\u00e4sidenten gew\u00e4hlt.","articlekey":"","footnotes":""},"categories":[27],"tags":[286,381,492,513],"class_list":["post-7180","post","type-post","status-publish","format-standard","has-post-thumbnail","hentry","category-it","tag-it","tag-personalia","tag-unternehmen","tag-verwaltungsraete"],"acf":[],"yoast_head":"<!-- This site is optimized with the Yoast SEO plugin v27.5 - https:\/\/yoast.com\/product\/yoast-seo-wordpress\/ -->\n<title>Abacus Research verst\u00e4rkt Verwaltungsrat und Gesch\u00e4ftsleitung - Organisator<\/title>\n<meta name=\"description\" content=\"Abacus Research hat an einer ausserordentlichen Generalversammlung mit Rainer Kaczmarczyk einen neuen Verwaltungsratspr\u00e4sidenten gew\u00e4hlt.\" \/>\n<meta name=\"robots\" content=\"index, follow, max-snippet:-1, max-image-preview:large, max-video-preview:-1\" \/>\n<link rel=\"canonical\" href=\"https:\/\/www.organisator.ch\/en\/management\/it\/2020-10-02\/abacus-research-verstaerkt-verwaltungsrat-und-geschaeftsleitung\/\" \/>\n<meta property=\"og:locale\" content=\"en_US\" \/>\n<meta property=\"og:type\" content=\"article\" \/>\n<meta property=\"og:title\" content=\"Abacus Research verst\u00e4rkt Verwaltungsrat und Gesch\u00e4ftsleitung\" \/>\n<meta property=\"og:description\" content=\"Abacus Research hat an einer ausserordentlichen Generalversammlung mit Rainer Kaczmarczyk einen neuen Verwaltungsratspr\u00e4sidenten gew\u00e4hlt.\" \/>\n<meta property=\"og:url\" content=\"https:\/\/www.organisator.ch\/en\/management\/it\/2020-10-02\/abacus-research-verstaerkt-verwaltungsrat-und-geschaeftsleitung\/\" \/>\n<meta property=\"og:site_name\" content=\"Organisator\" \/>\n<meta property=\"article:publisher\" content=\"https:\/\/www.facebook.com\/OrganisatorFachmagazin\" \/>\n<meta property=\"article:published_time\" content=\"2020-10-02T06:28:47+00:00\" \/>\n<meta property=\"og:image\" content=\"https:\/\/www.organisator.ch\/wp-content\/uploads\/2020\/10\/Abacus-Research-verstaerkt-Verwaltungsrat-und-Geschaeftsleitung_Organisator.jpg\" \/>\n\t<meta property=\"og:image:width\" content=\"680\" \/>\n\t<meta property=\"og:image:height\" content=\"453\" \/>\n\t<meta property=\"og:image:type\" content=\"image\/jpeg\" \/>\n<meta name=\"author\" content=\"thomas.berner\" \/>\n<meta name=\"twitter:card\" content=\"summary_large_image\" \/>\n<meta name=\"twitter:title\" content=\"#Abacus Research verst\u00e4rkt #Verwaltungsrat und #Gesch\u00e4ftsleitung\" \/>\n<meta name=\"twitter:description\" content=\"#Abacus Research hat an einer ausserordentlichen #Generalversammlung mit Rainer #Kaczmarczyk einen neuen Verwaltungsratspr\u00e4sidenten gew\u00e4hlt.\" \/>\n<meta name=\"twitter:image\" content=\"https:\/\/www.organisator.ch\/wp-content\/uploads\/2020\/10\/Abacus-Research-verstaerkt-Verwaltungsrat-und-Geschaeftsleitung_Organisator.jpg\" \/>\n<script type=\"application\/ld+json\" class=\"yoast-schema-graph\">{\"@context\":\"https:\\\/\\\/schema.org\",\"@graph\":[{\"@type\":\"Article\",\"@id\":\"https:\\\/\\\/www.organisator.ch\\\/management\\\/it\\\/2020-10-02\\\/abacus-research-verstaerkt-verwaltungsrat-und-geschaeftsleitung\\\/#article\",\"isPartOf\":{\"@id\":\"https:\\\/\\\/www.organisator.ch\\\/management\\\/it\\\/2020-10-02\\\/abacus-research-verstaerkt-verwaltungsrat-und-geschaeftsleitung\\\/\"},\"author\":{\"name\":\"thomas.berner\",\"@id\":\"https:\\\/\\\/www.organisator.ch\\\/#\\\/schema\\\/person\\\/6f650f90b2842cd4c0cc334b4e36f67e\"},\"headline\":\"Abacus Research verst\u00e4rkt Verwaltungsrat und Gesch\u00e4ftsleitung\",\"datePublished\":\"2020-10-02T06:28:47+00:00\",\"mainEntityOfPage\":{\"@id\":\"https:\\\/\\\/www.organisator.ch\\\/management\\\/it\\\/2020-10-02\\\/abacus-research-verstaerkt-verwaltungsrat-und-geschaeftsleitung\\\/\"},\"wordCount\":376,\"publisher\":{\"@id\":\"https:\\\/\\\/www.organisator.ch\\\/#organization\"},\"image\":{\"@id\":\"https:\\\/\\\/www.organisator.ch\\\/management\\\/it\\\/2020-10-02\\\/abacus-research-verstaerkt-verwaltungsrat-und-geschaeftsleitung\\\/#primaryimage\"},\"thumbnailUrl\":\"https:\\\/\\\/www.organisator.ch\\\/wp-content\\\/uploads\\\/2020\\\/10\\\/Abacus-Research-verstaerkt-Verwaltungsrat-und-Geschaeftsleitung_Organisator.jpg\",\"keywords\":[\"IT\",\"Personalia\",\"Unternehmen\",\"Verwaltungsr\u00e4te\"],\"articleSection\":[\"IT\"],\"inLanguage\":\"en-US\"},{\"@type\":\"WebPage\",\"@id\":\"https:\\\/\\\/www.organisator.ch\\\/management\\\/it\\\/2020-10-02\\\/abacus-research-verstaerkt-verwaltungsrat-und-geschaeftsleitung\\\/\",\"url\":\"https:\\\/\\\/www.organisator.ch\\\/management\\\/it\\\/2020-10-02\\\/abacus-research-verstaerkt-verwaltungsrat-und-geschaeftsleitung\\\/\",\"name\":\"Abacus Research verst\u00e4rkt Verwaltungsrat und Gesch\u00e4ftsleitung - Organisator\",\"isPartOf\":{\"@id\":\"https:\\\/\\\/www.organisator.ch\\\/#website\"},\"primaryImageOfPage\":{\"@id\":\"https:\\\/\\\/www.organisator.ch\\\/management\\\/it\\\/2020-10-02\\\/abacus-research-verstaerkt-verwaltungsrat-und-geschaeftsleitung\\\/#primaryimage\"},\"image\":{\"@id\":\"https:\\\/\\\/www.organisator.ch\\\/management\\\/it\\\/2020-10-02\\\/abacus-research-verstaerkt-verwaltungsrat-und-geschaeftsleitung\\\/#primaryimage\"},\"thumbnailUrl\":\"https:\\\/\\\/www.organisator.ch\\\/wp-content\\\/uploads\\\/2020\\\/10\\\/Abacus-Research-verstaerkt-Verwaltungsrat-und-Geschaeftsleitung_Organisator.jpg\",\"datePublished\":\"2020-10-02T06:28:47+00:00\",\"description\":\"Abacus Research hat an einer ausserordentlichen Generalversammlung mit Rainer Kaczmarczyk einen neuen Verwaltungsratspr\u00e4sidenten gew\u00e4hlt.\",\"breadcrumb\":{\"@id\":\"https:\\\/\\\/www.organisator.ch\\\/management\\\/it\\\/2020-10-02\\\/abacus-research-verstaerkt-verwaltungsrat-und-geschaeftsleitung\\\/#breadcrumb\"},\"inLanguage\":\"en-US\",\"potentialAction\":[{\"@type\":\"ReadAction\",\"target\":[\"https:\\\/\\\/www.organisator.ch\\\/management\\\/it\\\/2020-10-02\\\/abacus-research-verstaerkt-verwaltungsrat-und-geschaeftsleitung\\\/\"]}]},{\"@type\":\"ImageObject\",\"inLanguage\":\"en-US\",\"@id\":\"https:\\\/\\\/www.organisator.ch\\\/management\\\/it\\\/2020-10-02\\\/abacus-research-verstaerkt-verwaltungsrat-und-geschaeftsleitung\\\/#primaryimage\",\"url\":\"https:\\\/\\\/www.organisator.ch\\\/wp-content\\\/uploads\\\/2020\\\/10\\\/Abacus-Research-verstaerkt-Verwaltungsrat-und-Geschaeftsleitung_Organisator.jpg\",\"contentUrl\":\"https:\\\/\\\/www.organisator.ch\\\/wp-content\\\/uploads\\\/2020\\\/10\\\/Abacus-Research-verstaerkt-Verwaltungsrat-und-Geschaeftsleitung_Organisator.jpg\",\"width\":680,\"height\":453,\"caption\":\"Rainer Kaczmarczyk, neuer Verwaltungsratspr\u00e4sident Abacus Research AG. (Bild: zVg \\\/ Abacus)\"},{\"@type\":\"BreadcrumbList\",\"@id\":\"https:\\\/\\\/www.organisator.ch\\\/management\\\/it\\\/2020-10-02\\\/abacus-research-verstaerkt-verwaltungsrat-und-geschaeftsleitung\\\/#breadcrumb\",\"itemListElement\":[{\"@type\":\"ListItem\",\"position\":1,\"name\":\"Home\",\"item\":\"https:\\\/\\\/www.organisator.ch\\\/\"},{\"@type\":\"ListItem\",\"position\":2,\"name\":\"Abacus Research verst\u00e4rkt Verwaltungsrat und Gesch\u00e4ftsleitung\"}]},{\"@type\":\"WebSite\",\"@id\":\"https:\\\/\\\/www.organisator.ch\\\/#website\",\"url\":\"https:\\\/\\\/www.organisator.ch\\\/\",\"name\":\"Organisator\",\"description\":\"Kompetent. Praxisnah. Der ORGANISATOR bereitet in 10 Ausgaben pro Jahr die wesentlichen Themen f\u00fcr F\u00fchrungskr\u00e4fte von KMU auf.\",\"publisher\":{\"@id\":\"https:\\\/\\\/www.organisator.ch\\\/#organization\"},\"potentialAction\":[{\"@type\":\"SearchAction\",\"target\":{\"@type\":\"EntryPoint\",\"urlTemplate\":\"https:\\\/\\\/www.organisator.ch\\\/?s={search_term_string}\"},\"query-input\":{\"@type\":\"PropertyValueSpecification\",\"valueRequired\":true,\"valueName\":\"search_term_string\"}}],\"inLanguage\":\"en-US\"},{\"@type\":\"Organization\",\"@id\":\"https:\\\/\\\/www.organisator.ch\\\/#organization\",\"name\":\"Organisator\",\"url\":\"https:\\\/\\\/www.organisator.ch\\\/\",\"logo\":{\"@type\":\"ImageObject\",\"inLanguage\":\"en-US\",\"@id\":\"https:\\\/\\\/www.organisator.ch\\\/#\\\/schema\\\/logo\\\/image\\\/\",\"url\":\"https:\\\/\\\/www.organisator.ch\\\/wp-content\\\/uploads\\\/2022\\\/01\\\/Logo_Organisator_Website.png\",\"contentUrl\":\"https:\\\/\\\/www.organisator.ch\\\/wp-content\\\/uploads\\\/2022\\\/01\\\/Logo_Organisator_Website.png\",\"width\":800,\"height\":77,\"caption\":\"Organisator\"},\"image\":{\"@id\":\"https:\\\/\\\/www.organisator.ch\\\/#\\\/schema\\\/logo\\\/image\\\/\"},\"sameAs\":[\"https:\\\/\\\/www.facebook.com\\\/OrganisatorFachmagazin\",\"https:\\\/\\\/www.linkedin.com\\\/showcase\\\/organisator-das-magazin-fr-kmu\",\"https:\\\/\\\/www.xing.com\\\/news\\\/pages\\\/organisator-ch-695\",\"https:\\\/\\\/www.youtube.com\\\/channel\\\/UCGP2Sq0iWaZwT3BdIAQFYpw\"]},{\"@type\":\"Person\",\"@id\":\"https:\\\/\\\/www.organisator.ch\\\/#\\\/schema\\\/person\\\/6f650f90b2842cd4c0cc334b4e36f67e\",\"name\":\"thomas.berner\",\"image\":{\"@type\":\"ImageObject\",\"inLanguage\":\"en-US\",\"@id\":\"https:\\\/\\\/secure.gravatar.com\\\/avatar\\\/ac5001d2a36cb6c6cd3e50789007ffca834b477b74a2144564522e944eabff61?s=96&d=mm&r=g\",\"url\":\"https:\\\/\\\/secure.gravatar.com\\\/avatar\\\/ac5001d2a36cb6c6cd3e50789007ffca834b477b74a2144564522e944eabff61?s=96&d=mm&r=g\",\"contentUrl\":\"https:\\\/\\\/secure.gravatar.com\\\/avatar\\\/ac5001d2a36cb6c6cd3e50789007ffca834b477b74a2144564522e944eabff61?s=96&d=mm&r=g\",\"caption\":\"thomas.berner\"},\"url\":\"https:\\\/\\\/www.organisator.ch\\\/en\\\/author\\\/thomas-berner\\\/\"}]}<\/script>\n<!-- \/ Yoast SEO plugin. -->","yoast_head_json":{"title":"Abacus Research strengthens board of directors and management - Organizer","description":"Abacus Research has elected a new Chairman of the Board of Directors, Rainer Kaczmarczyk, at an Extraordinary General Meeting.","robots":{"index":"index","follow":"follow","max-snippet":"max-snippet:-1","max-image-preview":"max-image-preview:large","max-video-preview":"max-video-preview:-1"},"canonical":"https:\/\/www.organisator.ch\/en\/management\/it\/2020-10-02\/abacus-research-verstaerkt-verwaltungsrat-und-geschaeftsleitung\/","og_locale":"en_US","og_type":"article","og_title":"Abacus Research verst\u00e4rkt Verwaltungsrat und Gesch\u00e4ftsleitung","og_description":"Abacus Research hat an einer ausserordentlichen Generalversammlung mit Rainer Kaczmarczyk einen neuen Verwaltungsratspr\u00e4sidenten gew\u00e4hlt.","og_url":"https:\/\/www.organisator.ch\/en\/management\/it\/2020-10-02\/abacus-research-verstaerkt-verwaltungsrat-und-geschaeftsleitung\/","og_site_name":"Organisator","article_publisher":"https:\/\/www.facebook.com\/OrganisatorFachmagazin","article_published_time":"2020-10-02T06:28:47+00:00","og_image":[{"width":680,"height":453,"url":"https:\/\/www.organisator.ch\/wp-content\/uploads\/2020\/10\/Abacus-Research-verstaerkt-Verwaltungsrat-und-Geschaeftsleitung_Organisator.jpg","type":"image\/jpeg"}],"author":"thomas.berner","twitter_card":"summary_large_image","twitter_title":"#Abacus Research verst\u00e4rkt #Verwaltungsrat und #Gesch\u00e4ftsleitung","twitter_description":"#Abacus Research hat an einer ausserordentlichen #Generalversammlung mit Rainer #Kaczmarczyk einen neuen Verwaltungsratspr\u00e4sidenten gew\u00e4hlt.","twitter_image":"https:\/\/www.organisator.ch\/wp-content\/uploads\/2020\/10\/Abacus-Research-verstaerkt-Verwaltungsrat-und-Geschaeftsleitung_Organisator.jpg","schema":{"@context":"https:\/\/schema.org","@graph":[{"@type":"Article","@id":"https:\/\/www.organisator.ch\/management\/it\/2020-10-02\/abacus-research-verstaerkt-verwaltungsrat-und-geschaeftsleitung\/#article","isPartOf":{"@id":"https:\/\/www.organisator.ch\/management\/it\/2020-10-02\/abacus-research-verstaerkt-verwaltungsrat-und-geschaeftsleitung\/"},"author":{"name":"thomas.berner","@id":"https:\/\/www.organisator.ch\/#\/schema\/person\/6f650f90b2842cd4c0cc334b4e36f67e"},"headline":"Abacus Research verst\u00e4rkt Verwaltungsrat und Gesch\u00e4ftsleitung","datePublished":"2020-10-02T06:28:47+00:00","mainEntityOfPage":{"@id":"https:\/\/www.organisator.ch\/management\/it\/2020-10-02\/abacus-research-verstaerkt-verwaltungsrat-und-geschaeftsleitung\/"},"wordCount":376,"publisher":{"@id":"https:\/\/www.organisator.ch\/#organization"},"image":{"@id":"https:\/\/www.organisator.ch\/management\/it\/2020-10-02\/abacus-research-verstaerkt-verwaltungsrat-und-geschaeftsleitung\/#primaryimage"},"thumbnailUrl":"https:\/\/www.organisator.ch\/wp-content\/uploads\/2020\/10\/Abacus-Research-verstaerkt-Verwaltungsrat-und-Geschaeftsleitung_Organisator.jpg","keywords":["IT","Personalia","Unternehmen","Verwaltungsr\u00e4te"],"articleSection":["IT"],"inLanguage":"en-US"},{"@type":"WebPage","@id":"https:\/\/www.organisator.ch\/management\/it\/2020-10-02\/abacus-research-verstaerkt-verwaltungsrat-und-geschaeftsleitung\/","url":"https:\/\/www.organisator.ch\/management\/it\/2020-10-02\/abacus-research-verstaerkt-verwaltungsrat-und-geschaeftsleitung\/","name":"Abacus Research strengthens board of directors and management - Organizer","isPartOf":{"@id":"https:\/\/www.organisator.ch\/#website"},"primaryImageOfPage":{"@id":"https:\/\/www.organisator.ch\/management\/it\/2020-10-02\/abacus-research-verstaerkt-verwaltungsrat-und-geschaeftsleitung\/#primaryimage"},"image":{"@id":"https:\/\/www.organisator.ch\/management\/it\/2020-10-02\/abacus-research-verstaerkt-verwaltungsrat-und-geschaeftsleitung\/#primaryimage"},"thumbnailUrl":"https:\/\/www.organisator.ch\/wp-content\/uploads\/2020\/10\/Abacus-Research-verstaerkt-Verwaltungsrat-und-Geschaeftsleitung_Organisator.jpg","datePublished":"2020-10-02T06:28:47+00:00","description":"Abacus Research has elected a new Chairman of the Board of Directors, Rainer Kaczmarczyk, at an Extraordinary General Meeting.","breadcrumb":{"@id":"https:\/\/www.organisator.ch\/management\/it\/2020-10-02\/abacus-research-verstaerkt-verwaltungsrat-und-geschaeftsleitung\/#breadcrumb"},"inLanguage":"en-US","potentialAction":[{"@type":"ReadAction","target":["https:\/\/www.organisator.ch\/management\/it\/2020-10-02\/abacus-research-verstaerkt-verwaltungsrat-und-geschaeftsleitung\/"]}]},{"@type":"ImageObject","inLanguage":"en-US","@id":"https:\/\/www.organisator.ch\/management\/it\/2020-10-02\/abacus-research-verstaerkt-verwaltungsrat-und-geschaeftsleitung\/#primaryimage","url":"https:\/\/www.organisator.ch\/wp-content\/uploads\/2020\/10\/Abacus-Research-verstaerkt-Verwaltungsrat-und-Geschaeftsleitung_Organisator.jpg","contentUrl":"https:\/\/www.organisator.ch\/wp-content\/uploads\/2020\/10\/Abacus-Research-verstaerkt-Verwaltungsrat-und-Geschaeftsleitung_Organisator.jpg","width":680,"height":453,"caption":"Rainer Kaczmarczyk, neuer Verwaltungsratspr\u00e4sident Abacus Research AG. (Bild: zVg \/ Abacus)"},{"@type":"BreadcrumbList","@id":"https:\/\/www.organisator.ch\/management\/it\/2020-10-02\/abacus-research-verstaerkt-verwaltungsrat-und-geschaeftsleitung\/#breadcrumb","itemListElement":[{"@type":"ListItem","position":1,"name":"Home","item":"https:\/\/www.organisator.ch\/"},{"@type":"ListItem","position":2,"name":"Abacus Research verst\u00e4rkt Verwaltungsrat und Gesch\u00e4ftsleitung"}]},{"@type":"WebSite","@id":"https:\/\/www.organisator.ch\/#website","url":"https:\/\/www.organisator.ch\/","name":"Organizer","description":"Competent. Practical. In 10 issues per year, ORGANISATOR presents the essential topics for managers of SMEs.","publisher":{"@id":"https:\/\/www.organisator.ch\/#organization"},"potentialAction":[{"@type":"SearchAction","target":{"@type":"EntryPoint","urlTemplate":"https:\/\/www.organisator.ch\/?s={search_term_string}"},"query-input":{"@type":"PropertyValueSpecification","valueRequired":true,"valueName":"search_term_string"}}],"inLanguage":"en-US"},{"@type":"Organization","@id":"https:\/\/www.organisator.ch\/#organization","name":"Organizer","url":"https:\/\/www.organisator.ch\/","logo":{"@type":"ImageObject","inLanguage":"en-US","@id":"https:\/\/www.organisator.ch\/#\/schema\/logo\/image\/","url":"https:\/\/www.organisator.ch\/wp-content\/uploads\/2022\/01\/Logo_Organisator_Website.png","contentUrl":"https:\/\/www.organisator.ch\/wp-content\/uploads\/2022\/01\/Logo_Organisator_Website.png","width":800,"height":77,"caption":"Organisator"},"image":{"@id":"https:\/\/www.organisator.ch\/#\/schema\/logo\/image\/"},"sameAs":["https:\/\/www.facebook.com\/OrganisatorFachmagazin","https:\/\/www.linkedin.com\/showcase\/organisator-das-magazin-fr-kmu","https:\/\/www.xing.com\/news\/pages\/organisator-ch-695","https:\/\/www.youtube.com\/channel\/UCGP2Sq0iWaZwT3BdIAQFYpw"]},{"@type":"Person","@id":"https:\/\/www.organisator.ch\/#\/schema\/person\/6f650f90b2842cd4c0cc334b4e36f67e","name":"thomas.berner","image":{"@type":"ImageObject","inLanguage":"en-US","@id":"https:\/\/secure.gravatar.com\/avatar\/ac5001d2a36cb6c6cd3e50789007ffca834b477b74a2144564522e944eabff61?s=96&d=mm&r=g","url":"https:\/\/secure.gravatar.com\/avatar\/ac5001d2a36cb6c6cd3e50789007ffca834b477b74a2144564522e944eabff61?s=96&d=mm&r=g","contentUrl":"https:\/\/secure.gravatar.com\/avatar\/ac5001d2a36cb6c6cd3e50789007ffca834b477b74a2144564522e944eabff61?s=96&d=mm&r=g","caption":"thomas.berner"},"url":"https:\/\/www.organisator.ch\/en\/author\/thomas-berner\/"}]}},"_links":{"self":[{"href":"https:\/\/www.organisator.ch\/en\/wp-json\/wp\/v2\/posts\/7180","targetHints":{"allow":["GET"]}}],"collection":[{"href":"https:\/\/www.organisator.ch\/en\/wp-json\/wp\/v2\/posts"}],"about":[{"href":"https:\/\/www.organisator.ch\/en\/wp-json\/wp\/v2\/types\/post"}],"author":[{"embeddable":true,"href":"https:\/\/www.organisator.ch\/en\/wp-json\/wp\/v2\/users\/4"}],"replies":[{"embeddable":true,"href":"https:\/\/www.organisator.ch\/en\/wp-json\/wp\/v2\/comments?post=7180"}],"version-history":[{"count":0,"href":"https:\/\/www.organisator.ch\/en\/wp-json\/wp\/v2\/posts\/7180\/revisions"}],"wp:featuredmedia":[{"embeddable":true,"href":"https:\/\/www.organisator.ch\/en\/wp-json\/wp\/v2\/media\/7181"}],"wp:attachment":[{"href":"https:\/\/www.organisator.ch\/en\/wp-json\/wp\/v2\/media?parent=7180"}],"wp:term":[{"taxonomy":"category","embeddable":true,"href":"https:\/\/www.organisator.ch\/en\/wp-json\/wp\/v2\/categories?post=7180"},{"taxonomy":"post_tag","embeddable":true,"href":"https:\/\/www.organisator.ch\/en\/wp-json\/wp\/v2\/tags?post=7180"}],"curies":[{"name":"wp","href":"https:\/\/api.w.org\/{rel}","templated":true}]}}