{"id":7189,"date":"2020-10-02T09:23:25","date_gmt":"2020-10-02T07:23:25","guid":{"rendered":"https:\/\/www.organisator.ch\/?p=7189"},"modified":"2020-10-02T09:23:25","modified_gmt":"2020-10-02T07:23:25","slug":"kraefte-buendeln-fuer-digitale-schweiz-ictswitzerland-und-digitalswitzerland-fusionieren","status":"publish","type":"post","link":"https:\/\/www.organisator.ch\/en\/management\/it\/2020-10-02\/kraefte-buendeln-fuer-digitale-schweiz-ictswitzerland-und-digitalswitzerland-fusionieren\/","title":{"rendered":"Joining forces for digital Switzerland: ICTswitzerland and digitalswitzerland merge"},"content":{"rendered":"<figure id=\"attachment_7190\" aria-describedby=\"caption-attachment-7190\" style=\"width: 680px\" class=\"wp-caption alignnone\"><img loading=\"lazy\" decoding=\"async\" class=\"size-medium wp-image-7190\" src=\"https:\/\/www.organisator.ch\/wp-content\/uploads\/2020\/10\/Kraefte-buendeln-fuer-digitale-Schweiz-ICTswitzerland-und-digitalswitzerland-fusionieren_Organisator.jpg\" alt=\"\" width=\"680\" height=\"405\" srcset=\"https:\/\/www.organisator.ch\/wp-content\/uploads\/2020\/10\/Kraefte-buendeln-fuer-digitale-Schweiz-ICTswitzerland-und-digitalswitzerland-fusionieren_Organisator.jpg 680w, https:\/\/www.organisator.ch\/wp-content\/uploads\/2020\/10\/Kraefte-buendeln-fuer-digitale-Schweiz-ICTswitzerland-und-digitalswitzerland-fusionieren_Organisator-16x10.jpg 16w, https:\/\/www.organisator.ch\/wp-content\/uploads\/2020\/10\/Kraefte-buendeln-fuer-digitale-Schweiz-ICTswitzerland-und-digitalswitzerland-fusionieren_Organisator-294x175.jpg 294w, https:\/\/www.organisator.ch\/wp-content\/uploads\/2020\/10\/Kraefte-buendeln-fuer-digitale-Schweiz-ICTswitzerland-und-digitalswitzerland-fusionieren_Organisator-588x350.jpg 588w, https:\/\/www.organisator.ch\/wp-content\/uploads\/2020\/10\/Kraefte-buendeln-fuer-digitale-Schweiz-ICTswitzerland-und-digitalswitzerland-fusionieren_Organisator-300x179.jpg 300w\" sizes=\"auto, (max-width: 680px) 100vw, 680px\" \/><figcaption id=\"caption-attachment-7190\" class=\"wp-caption-text\">Together for a digital Switzerland: ICTswitzerland and digitalswitzerland join forces. (Image: Pixabay.com)<\/figcaption><\/figure>\n<p>Following the signing in July of the declaration of intent to merge the umbrella organization ICTswitzerland and the location initiative digitalswitzerland, the members of both organizations have now also confirmed the merger project at their respective association meetings. As a location initiative, digitalswitzerland has so far worked to establish Switzerland as the leading international digital innovation hub. ICTswitzerland represented selected and overarching topics of digitization to society, politics and business and placed a special focus on cybersecurity and the education and training of ICT professionals.<\/p>\n<h2>Joint commitment to digital Switzerland<\/h2>\n<p>With the merger, the two thrusts will be bundled and the two organizations will merge under the name digitalswitzerland to form the most relevant umbrella organization in digital Switzerland with a new membership of 220. The merger will enable holistic networking in the digital ecosystem of all industries and public administration. This will strengthen Switzerland's positioning as a digital and innovation location both at home and abroad. President of digitalswitzerland remains Ivo Furrer, Vice President will be the current ICTswitzerland President, National Councillor Marcel Dobler.<\/p>\n<h2>Digital advancement on all fronts<\/h2>\n<p>The umbrella organization aims to deepen selected skills and topics with which Switzerland can be credibly positioned and strengthened as a leading digital research and innovation location. Among other things, the focus is on developing and implementing measures to increase the number of STEM professionals trained at all levels of the education system, with the aim of meeting the demand for skilled workers. The expansion of the digital ecosystem will also be advanced through cross-sector collaboration to continuously enable innovation. In addition, there will be a stronger commitment to increasing the cyber resilience of the state, the economy and society and to upholding ethical standards in the digital world. Public dialog with the Swiss population is to be intensified thanks to the nationwide Swiss Digitaltage events. The startup ecosystem will also continue to be promoted so that young entrepreneurs receive optimum support in terms of growth and scaling. In the political arena, the digital topics and concerns of digitalswitzerland members will be championed. One initial joint commitment is the rapid introduction of the state-recognized and certified e-ID.<\/p>\n<h2>Three offices<\/h2>\n<p>The merger was decided on October 1 and should be completed by the end of 2020. In the future, the umbrella organization will have three offices in Lausanne, Bern and Zurich. Nicolas B\u00fcrer will assume overall responsibility for digitalswitzerland. Andreas W. Kaelin is deputy managing director and head of the Bern site. He is responsible for political advocacy as well as for the cybersecurity and ICT vocational training dossiers. S\u00e9bastien Kulling will continue to head the Lausanne site as deputy managing director. He is responsible for all activities and members in Suisse Romande.<\/p>\n<p><em>Source: <a href=\"http:\/\/www.ictswitzerland.ch\/\">www.ictswitzerland.ch<\/a> and <a style=\"font-style: inherit; font-weight: inherit;\" href=\"http:\/\/www.digitalswitzerland.com\/\">www.digitalswitzerland.com<\/a><\/em><\/p>","protected":false},"excerpt":{"rendered":"<p>Nachdem im Juli die Absichtserkl\u00e4rung des Dachverbands ICTswitzerland und der Standortinitiative digitalswitzerland zur Fusion unterzeichnet wurde, best\u00e4tigten nun auch die Mitglieder beider Organisationen das Fusionsvorhaben an den jeweiligen Vereinsversammlungen. Als Standortinitiative setzte sich digitalswitzerland bisher daf\u00fcr ein, die Schweiz zum f\u00fchrenden internationalen digitalen Innovationshub zu etablieren. ICTswitzerland vertrat ausgew\u00e4hlte und \u00fcbergreifende Themen der Digitalisierung gegen\u00fcber [&hellip;]<\/p>\n","protected":false},"author":4,"featured_media":7190,"comment_status":"closed","ping_status":"closed","sticky":false,"template":"","format":"standard","meta":{"_acf_changed":false,"_yoast_wpseo_focuskw":"digitale Schweiz","_yoast_wpseo_metadesc":"Die Mitgliederversammlungen von digitalswitzerland und ICTswitzerland haben die Fusion beschlossen und b\u00fcndeln ihre Kr\u00e4fte f\u00fcr eine digitale Schweiz.","articlekey":"","footnotes":""},"categories":[27],"tags":[286,503,531],"class_list":["post-7189","post","type-post","status-publish","format-standard","has-post-thumbnail","hentry","category-it","tag-it","tag-verbaende","tag-wirtschaftspolitik"],"acf":[],"yoast_head":"<!-- This site is optimized with the Yoast SEO plugin v27.5 - https:\/\/yoast.com\/product\/yoast-seo-wordpress\/ -->\n<title>Kr\u00e4fte b\u00fcndeln f\u00fcr digitale Schweiz: ICTswitzerland und digitalswitzerland fusionieren - Organisator<\/title>\n<meta name=\"description\" content=\"Die Mitgliederversammlungen von digitalswitzerland und ICTswitzerland haben die Fusion beschlossen und b\u00fcndeln ihre Kr\u00e4fte f\u00fcr eine digitale Schweiz.\" \/>\n<meta name=\"robots\" content=\"index, follow, max-snippet:-1, max-image-preview:large, max-video-preview:-1\" \/>\n<link rel=\"canonical\" href=\"https:\/\/www.organisator.ch\/en\/management\/it\/2020-10-02\/kraefte-buendeln-fuer-digitale-schweiz-ictswitzerland-und-digitalswitzerland-fusionieren\/\" \/>\n<meta property=\"og:locale\" content=\"en_US\" \/>\n<meta property=\"og:type\" content=\"article\" \/>\n<meta property=\"og:title\" content=\"Kr\u00e4fte b\u00fcndeln f\u00fcr digitale Schweiz: ICTswitzerland und digitalswitzerland fusionieren\" \/>\n<meta property=\"og:description\" content=\"Die Mitgliederversammlungen von digitalswitzerland und ICTswitzerland haben die Fusion beschlossen und b\u00fcndeln ihre Kr\u00e4fte f\u00fcr eine digitale Schweiz.\" \/>\n<meta property=\"og:url\" content=\"https:\/\/www.organisator.ch\/en\/management\/it\/2020-10-02\/kraefte-buendeln-fuer-digitale-schweiz-ictswitzerland-und-digitalswitzerland-fusionieren\/\" \/>\n<meta property=\"og:site_name\" content=\"Organisator\" \/>\n<meta property=\"article:publisher\" content=\"https:\/\/www.facebook.com\/OrganisatorFachmagazin\" \/>\n<meta property=\"article:published_time\" content=\"2020-10-02T07:23:25+00:00\" \/>\n<meta property=\"og:image\" content=\"https:\/\/www.organisator.ch\/wp-content\/uploads\/2020\/10\/Kraefte-buendeln-fuer-digitale-Schweiz-ICTswitzerland-und-digitalswitzerland-fusionieren_Organisator.jpg\" \/>\n\t<meta property=\"og:image:width\" content=\"680\" \/>\n\t<meta property=\"og:image:height\" content=\"405\" \/>\n\t<meta property=\"og:image:type\" content=\"image\/jpeg\" \/>\n<meta name=\"author\" content=\"thomas.berner\" \/>\n<meta name=\"twitter:card\" content=\"summary_large_image\" \/>\n<meta name=\"twitter:title\" content=\"Kr\u00e4fte b\u00fcndeln f\u00fcr digitale Schweiz: #ICTswitzerland und #digitalswitzerland fusionieren\" \/>\n<meta name=\"twitter:description\" content=\"Die Mitgliederversammlungen von #digitalswitzerland und #ICTswitzerland haben die Fusion beschlossen und b\u00fcndeln ihre Kr\u00e4fte f\u00fcr eine digitale Schweiz.\" \/>\n<meta name=\"twitter:image\" content=\"https:\/\/www.organisator.ch\/wp-content\/uploads\/2020\/10\/Kraefte-buendeln-fuer-digitale-Schweiz-ICTswitzerland-und-digitalswitzerland-fusionieren_Organisator.jpg\" \/>\n<script type=\"application\/ld+json\" class=\"yoast-schema-graph\">{\"@context\":\"https:\\\/\\\/schema.org\",\"@graph\":[{\"@type\":\"Article\",\"@id\":\"https:\\\/\\\/www.organisator.ch\\\/management\\\/it\\\/2020-10-02\\\/kraefte-buendeln-fuer-digitale-schweiz-ictswitzerland-und-digitalswitzerland-fusionieren\\\/#article\",\"isPartOf\":{\"@id\":\"https:\\\/\\\/www.organisator.ch\\\/management\\\/it\\\/2020-10-02\\\/kraefte-buendeln-fuer-digitale-schweiz-ictswitzerland-und-digitalswitzerland-fusionieren\\\/\"},\"author\":{\"name\":\"thomas.berner\",\"@id\":\"https:\\\/\\\/www.organisator.ch\\\/#\\\/schema\\\/person\\\/6f650f90b2842cd4c0cc334b4e36f67e\"},\"headline\":\"Kr\u00e4fte b\u00fcndeln f\u00fcr digitale Schweiz: ICTswitzerland und digitalswitzerland fusionieren\",\"datePublished\":\"2020-10-02T07:23:25+00:00\",\"mainEntityOfPage\":{\"@id\":\"https:\\\/\\\/www.organisator.ch\\\/management\\\/it\\\/2020-10-02\\\/kraefte-buendeln-fuer-digitale-schweiz-ictswitzerland-und-digitalswitzerland-fusionieren\\\/\"},\"wordCount\":492,\"publisher\":{\"@id\":\"https:\\\/\\\/www.organisator.ch\\\/#organization\"},\"image\":{\"@id\":\"https:\\\/\\\/www.organisator.ch\\\/management\\\/it\\\/2020-10-02\\\/kraefte-buendeln-fuer-digitale-schweiz-ictswitzerland-und-digitalswitzerland-fusionieren\\\/#primaryimage\"},\"thumbnailUrl\":\"https:\\\/\\\/www.organisator.ch\\\/wp-content\\\/uploads\\\/2020\\\/10\\\/Kraefte-buendeln-fuer-digitale-Schweiz-ICTswitzerland-und-digitalswitzerland-fusionieren_Organisator.jpg\",\"keywords\":[\"IT\",\"Verb\u00e4nde\",\"Wirtschaftspolitik\"],\"articleSection\":[\"IT\"],\"inLanguage\":\"en-US\"},{\"@type\":\"WebPage\",\"@id\":\"https:\\\/\\\/www.organisator.ch\\\/management\\\/it\\\/2020-10-02\\\/kraefte-buendeln-fuer-digitale-schweiz-ictswitzerland-und-digitalswitzerland-fusionieren\\\/\",\"url\":\"https:\\\/\\\/www.organisator.ch\\\/management\\\/it\\\/2020-10-02\\\/kraefte-buendeln-fuer-digitale-schweiz-ictswitzerland-und-digitalswitzerland-fusionieren\\\/\",\"name\":\"Kr\u00e4fte b\u00fcndeln f\u00fcr digitale Schweiz: ICTswitzerland und digitalswitzerland fusionieren - Organisator\",\"isPartOf\":{\"@id\":\"https:\\\/\\\/www.organisator.ch\\\/#website\"},\"primaryImageOfPage\":{\"@id\":\"https:\\\/\\\/www.organisator.ch\\\/management\\\/it\\\/2020-10-02\\\/kraefte-buendeln-fuer-digitale-schweiz-ictswitzerland-und-digitalswitzerland-fusionieren\\\/#primaryimage\"},\"image\":{\"@id\":\"https:\\\/\\\/www.organisator.ch\\\/management\\\/it\\\/2020-10-02\\\/kraefte-buendeln-fuer-digitale-schweiz-ictswitzerland-und-digitalswitzerland-fusionieren\\\/#primaryimage\"},\"thumbnailUrl\":\"https:\\\/\\\/www.organisator.ch\\\/wp-content\\\/uploads\\\/2020\\\/10\\\/Kraefte-buendeln-fuer-digitale-Schweiz-ICTswitzerland-und-digitalswitzerland-fusionieren_Organisator.jpg\",\"datePublished\":\"2020-10-02T07:23:25+00:00\",\"description\":\"Die Mitgliederversammlungen von digitalswitzerland und ICTswitzerland haben die Fusion beschlossen und b\u00fcndeln ihre Kr\u00e4fte f\u00fcr eine digitale Schweiz.\",\"breadcrumb\":{\"@id\":\"https:\\\/\\\/www.organisator.ch\\\/management\\\/it\\\/2020-10-02\\\/kraefte-buendeln-fuer-digitale-schweiz-ictswitzerland-und-digitalswitzerland-fusionieren\\\/#breadcrumb\"},\"inLanguage\":\"en-US\",\"potentialAction\":[{\"@type\":\"ReadAction\",\"target\":[\"https:\\\/\\\/www.organisator.ch\\\/management\\\/it\\\/2020-10-02\\\/kraefte-buendeln-fuer-digitale-schweiz-ictswitzerland-und-digitalswitzerland-fusionieren\\\/\"]}]},{\"@type\":\"ImageObject\",\"inLanguage\":\"en-US\",\"@id\":\"https:\\\/\\\/www.organisator.ch\\\/management\\\/it\\\/2020-10-02\\\/kraefte-buendeln-fuer-digitale-schweiz-ictswitzerland-und-digitalswitzerland-fusionieren\\\/#primaryimage\",\"url\":\"https:\\\/\\\/www.organisator.ch\\\/wp-content\\\/uploads\\\/2020\\\/10\\\/Kraefte-buendeln-fuer-digitale-Schweiz-ICTswitzerland-und-digitalswitzerland-fusionieren_Organisator.jpg\",\"contentUrl\":\"https:\\\/\\\/www.organisator.ch\\\/wp-content\\\/uploads\\\/2020\\\/10\\\/Kraefte-buendeln-fuer-digitale-Schweiz-ICTswitzerland-und-digitalswitzerland-fusionieren_Organisator.jpg\",\"width\":680,\"height\":405,\"caption\":\"Gemeinsam f\u00fcr eine digitale Schweiz: ICTswitzerland und digitalswitzerland b\u00fcndeln ihre Kr\u00e4fte. (Bild: Pixabay.com)\"},{\"@type\":\"BreadcrumbList\",\"@id\":\"https:\\\/\\\/www.organisator.ch\\\/management\\\/it\\\/2020-10-02\\\/kraefte-buendeln-fuer-digitale-schweiz-ictswitzerland-und-digitalswitzerland-fusionieren\\\/#breadcrumb\",\"itemListElement\":[{\"@type\":\"ListItem\",\"position\":1,\"name\":\"Home\",\"item\":\"https:\\\/\\\/www.organisator.ch\\\/\"},{\"@type\":\"ListItem\",\"position\":2,\"name\":\"Kr\u00e4fte b\u00fcndeln f\u00fcr digitale Schweiz: ICTswitzerland und digitalswitzerland fusionieren\"}]},{\"@type\":\"WebSite\",\"@id\":\"https:\\\/\\\/www.organisator.ch\\\/#website\",\"url\":\"https:\\\/\\\/www.organisator.ch\\\/\",\"name\":\"Organisator\",\"description\":\"Kompetent. Praxisnah. Der ORGANISATOR bereitet in 10 Ausgaben pro Jahr die wesentlichen Themen f\u00fcr F\u00fchrungskr\u00e4fte von KMU auf.\",\"publisher\":{\"@id\":\"https:\\\/\\\/www.organisator.ch\\\/#organization\"},\"potentialAction\":[{\"@type\":\"SearchAction\",\"target\":{\"@type\":\"EntryPoint\",\"urlTemplate\":\"https:\\\/\\\/www.organisator.ch\\\/?s={search_term_string}\"},\"query-input\":{\"@type\":\"PropertyValueSpecification\",\"valueRequired\":true,\"valueName\":\"search_term_string\"}}],\"inLanguage\":\"en-US\"},{\"@type\":\"Organization\",\"@id\":\"https:\\\/\\\/www.organisator.ch\\\/#organization\",\"name\":\"Organisator\",\"url\":\"https:\\\/\\\/www.organisator.ch\\\/\",\"logo\":{\"@type\":\"ImageObject\",\"inLanguage\":\"en-US\",\"@id\":\"https:\\\/\\\/www.organisator.ch\\\/#\\\/schema\\\/logo\\\/image\\\/\",\"url\":\"https:\\\/\\\/www.organisator.ch\\\/wp-content\\\/uploads\\\/2022\\\/01\\\/Logo_Organisator_Website.png\",\"contentUrl\":\"https:\\\/\\\/www.organisator.ch\\\/wp-content\\\/uploads\\\/2022\\\/01\\\/Logo_Organisator_Website.png\",\"width\":800,\"height\":77,\"caption\":\"Organisator\"},\"image\":{\"@id\":\"https:\\\/\\\/www.organisator.ch\\\/#\\\/schema\\\/logo\\\/image\\\/\"},\"sameAs\":[\"https:\\\/\\\/www.facebook.com\\\/OrganisatorFachmagazin\",\"https:\\\/\\\/www.linkedin.com\\\/showcase\\\/organisator-das-magazin-fr-kmu\",\"https:\\\/\\\/www.xing.com\\\/news\\\/pages\\\/organisator-ch-695\",\"https:\\\/\\\/www.youtube.com\\\/channel\\\/UCGP2Sq0iWaZwT3BdIAQFYpw\"]},{\"@type\":\"Person\",\"@id\":\"https:\\\/\\\/www.organisator.ch\\\/#\\\/schema\\\/person\\\/6f650f90b2842cd4c0cc334b4e36f67e\",\"name\":\"thomas.berner\",\"image\":{\"@type\":\"ImageObject\",\"inLanguage\":\"en-US\",\"@id\":\"https:\\\/\\\/secure.gravatar.com\\\/avatar\\\/ac5001d2a36cb6c6cd3e50789007ffca834b477b74a2144564522e944eabff61?s=96&d=mm&r=g\",\"url\":\"https:\\\/\\\/secure.gravatar.com\\\/avatar\\\/ac5001d2a36cb6c6cd3e50789007ffca834b477b74a2144564522e944eabff61?s=96&d=mm&r=g\",\"contentUrl\":\"https:\\\/\\\/secure.gravatar.com\\\/avatar\\\/ac5001d2a36cb6c6cd3e50789007ffca834b477b74a2144564522e944eabff61?s=96&d=mm&r=g\",\"caption\":\"thomas.berner\"},\"url\":\"https:\\\/\\\/www.organisator.ch\\\/en\\\/author\\\/thomas-berner\\\/\"}]}<\/script>\n<!-- \/ Yoast SEO plugin. -->","yoast_head_json":{"title":"Joining forces for digital Switzerland: ICTswitzerland and digitalswitzerland merge - Organizer","description":"The general meetings of digitalswitzerland and ICTswitzerland have decided to merge and join forces for a digital Switzerland.","robots":{"index":"index","follow":"follow","max-snippet":"max-snippet:-1","max-image-preview":"max-image-preview:large","max-video-preview":"max-video-preview:-1"},"canonical":"https:\/\/www.organisator.ch\/en\/management\/it\/2020-10-02\/kraefte-buendeln-fuer-digitale-schweiz-ictswitzerland-und-digitalswitzerland-fusionieren\/","og_locale":"en_US","og_type":"article","og_title":"Kr\u00e4fte b\u00fcndeln f\u00fcr digitale Schweiz: ICTswitzerland und digitalswitzerland fusionieren","og_description":"Die Mitgliederversammlungen von digitalswitzerland und ICTswitzerland haben die Fusion beschlossen und b\u00fcndeln ihre Kr\u00e4fte f\u00fcr eine digitale Schweiz.","og_url":"https:\/\/www.organisator.ch\/en\/management\/it\/2020-10-02\/kraefte-buendeln-fuer-digitale-schweiz-ictswitzerland-und-digitalswitzerland-fusionieren\/","og_site_name":"Organisator","article_publisher":"https:\/\/www.facebook.com\/OrganisatorFachmagazin","article_published_time":"2020-10-02T07:23:25+00:00","og_image":[{"width":680,"height":405,"url":"https:\/\/www.organisator.ch\/wp-content\/uploads\/2020\/10\/Kraefte-buendeln-fuer-digitale-Schweiz-ICTswitzerland-und-digitalswitzerland-fusionieren_Organisator.jpg","type":"image\/jpeg"}],"author":"thomas.berner","twitter_card":"summary_large_image","twitter_title":"Kr\u00e4fte b\u00fcndeln f\u00fcr digitale Schweiz: #ICTswitzerland und #digitalswitzerland fusionieren","twitter_description":"Die Mitgliederversammlungen von #digitalswitzerland und #ICTswitzerland haben die Fusion beschlossen und b\u00fcndeln ihre Kr\u00e4fte f\u00fcr eine digitale Schweiz.","twitter_image":"https:\/\/www.organisator.ch\/wp-content\/uploads\/2020\/10\/Kraefte-buendeln-fuer-digitale-Schweiz-ICTswitzerland-und-digitalswitzerland-fusionieren_Organisator.jpg","schema":{"@context":"https:\/\/schema.org","@graph":[{"@type":"Article","@id":"https:\/\/www.organisator.ch\/management\/it\/2020-10-02\/kraefte-buendeln-fuer-digitale-schweiz-ictswitzerland-und-digitalswitzerland-fusionieren\/#article","isPartOf":{"@id":"https:\/\/www.organisator.ch\/management\/it\/2020-10-02\/kraefte-buendeln-fuer-digitale-schweiz-ictswitzerland-und-digitalswitzerland-fusionieren\/"},"author":{"name":"thomas.berner","@id":"https:\/\/www.organisator.ch\/#\/schema\/person\/6f650f90b2842cd4c0cc334b4e36f67e"},"headline":"Kr\u00e4fte b\u00fcndeln f\u00fcr digitale Schweiz: ICTswitzerland und digitalswitzerland fusionieren","datePublished":"2020-10-02T07:23:25+00:00","mainEntityOfPage":{"@id":"https:\/\/www.organisator.ch\/management\/it\/2020-10-02\/kraefte-buendeln-fuer-digitale-schweiz-ictswitzerland-und-digitalswitzerland-fusionieren\/"},"wordCount":492,"publisher":{"@id":"https:\/\/www.organisator.ch\/#organization"},"image":{"@id":"https:\/\/www.organisator.ch\/management\/it\/2020-10-02\/kraefte-buendeln-fuer-digitale-schweiz-ictswitzerland-und-digitalswitzerland-fusionieren\/#primaryimage"},"thumbnailUrl":"https:\/\/www.organisator.ch\/wp-content\/uploads\/2020\/10\/Kraefte-buendeln-fuer-digitale-Schweiz-ICTswitzerland-und-digitalswitzerland-fusionieren_Organisator.jpg","keywords":["IT","Verb\u00e4nde","Wirtschaftspolitik"],"articleSection":["IT"],"inLanguage":"en-US"},{"@type":"WebPage","@id":"https:\/\/www.organisator.ch\/management\/it\/2020-10-02\/kraefte-buendeln-fuer-digitale-schweiz-ictswitzerland-und-digitalswitzerland-fusionieren\/","url":"https:\/\/www.organisator.ch\/management\/it\/2020-10-02\/kraefte-buendeln-fuer-digitale-schweiz-ictswitzerland-und-digitalswitzerland-fusionieren\/","name":"Joining forces for digital Switzerland: ICTswitzerland and digitalswitzerland merge - Organizer","isPartOf":{"@id":"https:\/\/www.organisator.ch\/#website"},"primaryImageOfPage":{"@id":"https:\/\/www.organisator.ch\/management\/it\/2020-10-02\/kraefte-buendeln-fuer-digitale-schweiz-ictswitzerland-und-digitalswitzerland-fusionieren\/#primaryimage"},"image":{"@id":"https:\/\/www.organisator.ch\/management\/it\/2020-10-02\/kraefte-buendeln-fuer-digitale-schweiz-ictswitzerland-und-digitalswitzerland-fusionieren\/#primaryimage"},"thumbnailUrl":"https:\/\/www.organisator.ch\/wp-content\/uploads\/2020\/10\/Kraefte-buendeln-fuer-digitale-Schweiz-ICTswitzerland-und-digitalswitzerland-fusionieren_Organisator.jpg","datePublished":"2020-10-02T07:23:25+00:00","description":"The general meetings of digitalswitzerland and ICTswitzerland have decided to merge and join forces for a digital Switzerland.","breadcrumb":{"@id":"https:\/\/www.organisator.ch\/management\/it\/2020-10-02\/kraefte-buendeln-fuer-digitale-schweiz-ictswitzerland-und-digitalswitzerland-fusionieren\/#breadcrumb"},"inLanguage":"en-US","potentialAction":[{"@type":"ReadAction","target":["https:\/\/www.organisator.ch\/management\/it\/2020-10-02\/kraefte-buendeln-fuer-digitale-schweiz-ictswitzerland-und-digitalswitzerland-fusionieren\/"]}]},{"@type":"ImageObject","inLanguage":"en-US","@id":"https:\/\/www.organisator.ch\/management\/it\/2020-10-02\/kraefte-buendeln-fuer-digitale-schweiz-ictswitzerland-und-digitalswitzerland-fusionieren\/#primaryimage","url":"https:\/\/www.organisator.ch\/wp-content\/uploads\/2020\/10\/Kraefte-buendeln-fuer-digitale-Schweiz-ICTswitzerland-und-digitalswitzerland-fusionieren_Organisator.jpg","contentUrl":"https:\/\/www.organisator.ch\/wp-content\/uploads\/2020\/10\/Kraefte-buendeln-fuer-digitale-Schweiz-ICTswitzerland-und-digitalswitzerland-fusionieren_Organisator.jpg","width":680,"height":405,"caption":"Gemeinsam f\u00fcr eine digitale Schweiz: ICTswitzerland und digitalswitzerland b\u00fcndeln ihre Kr\u00e4fte. (Bild: Pixabay.com)"},{"@type":"BreadcrumbList","@id":"https:\/\/www.organisator.ch\/management\/it\/2020-10-02\/kraefte-buendeln-fuer-digitale-schweiz-ictswitzerland-und-digitalswitzerland-fusionieren\/#breadcrumb","itemListElement":[{"@type":"ListItem","position":1,"name":"Home","item":"https:\/\/www.organisator.ch\/"},{"@type":"ListItem","position":2,"name":"Kr\u00e4fte b\u00fcndeln f\u00fcr digitale Schweiz: ICTswitzerland und digitalswitzerland fusionieren"}]},{"@type":"WebSite","@id":"https:\/\/www.organisator.ch\/#website","url":"https:\/\/www.organisator.ch\/","name":"Organizer","description":"Competent. Practical. In 10 issues per year, ORGANISATOR presents the essential topics for managers of SMEs.","publisher":{"@id":"https:\/\/www.organisator.ch\/#organization"},"potentialAction":[{"@type":"SearchAction","target":{"@type":"EntryPoint","urlTemplate":"https:\/\/www.organisator.ch\/?s={search_term_string}"},"query-input":{"@type":"PropertyValueSpecification","valueRequired":true,"valueName":"search_term_string"}}],"inLanguage":"en-US"},{"@type":"Organization","@id":"https:\/\/www.organisator.ch\/#organization","name":"Organizer","url":"https:\/\/www.organisator.ch\/","logo":{"@type":"ImageObject","inLanguage":"en-US","@id":"https:\/\/www.organisator.ch\/#\/schema\/logo\/image\/","url":"https:\/\/www.organisator.ch\/wp-content\/uploads\/2022\/01\/Logo_Organisator_Website.png","contentUrl":"https:\/\/www.organisator.ch\/wp-content\/uploads\/2022\/01\/Logo_Organisator_Website.png","width":800,"height":77,"caption":"Organisator"},"image":{"@id":"https:\/\/www.organisator.ch\/#\/schema\/logo\/image\/"},"sameAs":["https:\/\/www.facebook.com\/OrganisatorFachmagazin","https:\/\/www.linkedin.com\/showcase\/organisator-das-magazin-fr-kmu","https:\/\/www.xing.com\/news\/pages\/organisator-ch-695","https:\/\/www.youtube.com\/channel\/UCGP2Sq0iWaZwT3BdIAQFYpw"]},{"@type":"Person","@id":"https:\/\/www.organisator.ch\/#\/schema\/person\/6f650f90b2842cd4c0cc334b4e36f67e","name":"thomas.berner","image":{"@type":"ImageObject","inLanguage":"en-US","@id":"https:\/\/secure.gravatar.com\/avatar\/ac5001d2a36cb6c6cd3e50789007ffca834b477b74a2144564522e944eabff61?s=96&d=mm&r=g","url":"https:\/\/secure.gravatar.com\/avatar\/ac5001d2a36cb6c6cd3e50789007ffca834b477b74a2144564522e944eabff61?s=96&d=mm&r=g","contentUrl":"https:\/\/secure.gravatar.com\/avatar\/ac5001d2a36cb6c6cd3e50789007ffca834b477b74a2144564522e944eabff61?s=96&d=mm&r=g","caption":"thomas.berner"},"url":"https:\/\/www.organisator.ch\/en\/author\/thomas-berner\/"}]}},"_links":{"self":[{"href":"https:\/\/www.organisator.ch\/en\/wp-json\/wp\/v2\/posts\/7189","targetHints":{"allow":["GET"]}}],"collection":[{"href":"https:\/\/www.organisator.ch\/en\/wp-json\/wp\/v2\/posts"}],"about":[{"href":"https:\/\/www.organisator.ch\/en\/wp-json\/wp\/v2\/types\/post"}],"author":[{"embeddable":true,"href":"https:\/\/www.organisator.ch\/en\/wp-json\/wp\/v2\/users\/4"}],"replies":[{"embeddable":true,"href":"https:\/\/www.organisator.ch\/en\/wp-json\/wp\/v2\/comments?post=7189"}],"version-history":[{"count":0,"href":"https:\/\/www.organisator.ch\/en\/wp-json\/wp\/v2\/posts\/7189\/revisions"}],"wp:featuredmedia":[{"embeddable":true,"href":"https:\/\/www.organisator.ch\/en\/wp-json\/wp\/v2\/media\/7190"}],"wp:attachment":[{"href":"https:\/\/www.organisator.ch\/en\/wp-json\/wp\/v2\/media?parent=7189"}],"wp:term":[{"taxonomy":"category","embeddable":true,"href":"https:\/\/www.organisator.ch\/en\/wp-json\/wp\/v2\/categories?post=7189"},{"taxonomy":"post_tag","embeddable":true,"href":"https:\/\/www.organisator.ch\/en\/wp-json\/wp\/v2\/tags?post=7189"}],"curies":[{"name":"wp","href":"https:\/\/api.w.org\/{rel}","templated":true}]}}