{"id":7211,"date":"2020-10-13T08:55:45","date_gmt":"2020-10-13T06:55:45","guid":{"rendered":"https:\/\/www.organisator.ch\/?p=7211"},"modified":"2020-10-13T08:55:45","modified_gmt":"2020-10-13T06:55:45","slug":"campus-sursee-legt-grundstein-fuer-neuen-multifunktionspavillon","status":"publish","type":"post","link":"https:\/\/www.organisator.ch\/en\/allgemein\/2020-10-13\/campus-sursee-legt-grundstein-fuer-neuen-multifunktionspavillon\/","title":{"rendered":"Sursee Campus lays foundation stone for new multifunctional pavilion"},"content":{"rendered":"<figure id=\"attachment_7212\" aria-describedby=\"caption-attachment-7212\" style=\"width: 680px\" class=\"wp-caption alignnone\"><img loading=\"lazy\" decoding=\"async\" class=\"size-medium wp-image-7212\" src=\"https:\/\/www.organisator.ch\/wp-content\/uploads\/2020\/10\/Campus-Sursee-legt-Grundstein-fuer-neuen-Multifunktionspavillon_Organisator.jpg\" alt=\"\" width=\"680\" height=\"453\" srcset=\"https:\/\/www.organisator.ch\/wp-content\/uploads\/2020\/10\/Campus-Sursee-legt-Grundstein-fuer-neuen-Multifunktionspavillon_Organisator.jpg 680w, https:\/\/www.organisator.ch\/wp-content\/uploads\/2020\/10\/Campus-Sursee-legt-Grundstein-fuer-neuen-Multifunktionspavillon_Organisator-16x12.jpg 16w, https:\/\/www.organisator.ch\/wp-content\/uploads\/2020\/10\/Campus-Sursee-legt-Grundstein-fuer-neuen-Multifunktionspavillon_Organisator-263x175.jpg 263w, https:\/\/www.organisator.ch\/wp-content\/uploads\/2020\/10\/Campus-Sursee-legt-Grundstein-fuer-neuen-Multifunktionspavillon_Organisator-525x350.jpg 525w, https:\/\/www.organisator.ch\/wp-content\/uploads\/2020\/10\/Campus-Sursee-legt-Grundstein-fuer-neuen-Multifunktionspavillon_Organisator-300x200.jpg 300w\" sizes=\"auto, (max-width: 680px) 100vw, 680px\" \/><figcaption id=\"caption-attachment-7212\" class=\"wp-caption-text\">The future multifunctional pavilion at the Sursee campus: The foundation stone was laid on September 13, 2020. The opening will then take place in spring 2022. (Image: zVg)<\/figcaption><\/figure>\n<p>As a replacement for the old indoor swimming pool, great things are being created in Sursee: a multifunctional pavilion for congresses, trade fairs and corporate events, as well as a spacious and modern entrance area with hotel reception. The new hall is versatile, equipped with state-of-the-art technology and meets the highest ecological requirements.<\/p>\n<h2>Campus Sursee invests quasi \"anti-cyclically<\/h2>\n<p>Now that all major events have been canceled, such a new building? Deputy Director Thomas Stocker is optimistic: \"The demand for large rooms has increased at the Sursee campus over the years. We see great potential for the future in this - despite current difficult Corona times.\" The total cost of 13 million Swiss francs is being borne by the Sursee Campus Foundation of the Swiss Master Builders' Association. The new replacement building is divided into two sections. On the one hand, there is the lower reception area with adjacent foyer, and on the other, the higher multifunctional pavilion. The multifunctional pavilion is intended to symbolize the center of the Sursee campus and be recognizable from afar. The floor area is 800 m2 and can be divided into two equally sized rooms. The multifunctional pavilion can be used for exhibitions, general meetings, conventions, conferences, banquets, aperitifs, exams, seminars, car presentations and much more.<\/p>\n<h2>Opening for the 50th Campus Birthday<\/h2>\n<p>With this new building, too, the Sursee campus, as a certified 2,000-watt site, is fulfilling its role model function in the construction industry. The pavilion is oriented to the existing heights of the adjacent grill restaurant Baul\u00fc\u00fct. The new hall is integrated into the site ensemble, thus achieving an internal densification in a natural way. On the outside, the fa\u00e7ade of curtain-type profiled glass reflects the surrounding hilly landscape. The photovoltaic system on the roof is 600 m2 in size; a total of 370 photovoltaic modules will be installed. Rainwater is used for toilet and garden irrigation. Pascal Ziegler, Head of Infrastructure, emphasizes: \"The 2000-watt site specifications are being met and the CO2-neutral path is being successfully continued with this new building.\" A time capsule will be bricked in at the laying of the foundation stone on September 13, 2020. It will contain a daily newspaper of that date, a coin set with the current Swiss circulation coins, and this media release. If everything goes according to plan, the building will be inaugurated in time for the 50th anniversary of the Sursee campus in spring 2022.<\/p>\n<p><a href=\"http:\/\/www.campus-sursee.ch\"><em>More information<\/em><\/a><\/p>","protected":false},"excerpt":{"rendered":"<p>Als Ersatzneubau f\u00fcr das alte Hallenbad entsteht Grosses in Sursee: ein Multifunktionspavillon f\u00fcr Kongresse, Fachmessen und Firmenanl\u00e4sse sowie ein grossz\u00fcgiger und moderner Eingangsbereich mit Hotelr\u00e9ception. Der neue Saal ist vielseitig bespielbar, mit modernster Technik ausgestattet und erf\u00fcllt h\u00f6chste \u00f6kologische Anforderungen. Campus Sursee investiert quasi &#8222;antizyklisch&#8220; Jetzt, wo alle Grossveranstaltungen abgesagt sind, ein solcher Neubau? Der [&hellip;]<\/p>\n","protected":false},"author":4,"featured_media":7212,"comment_status":"closed","ping_status":"closed","sticky":false,"template":"","format":"standard","meta":{"_acf_changed":false,"_yoast_wpseo_focuskw":"Campus Sursee","_yoast_wpseo_metadesc":"Am Campus Sursee entsteht ein multifunktionaler Raum, der den neusten technischen und \u00f6kologischen Anforderungen entspricht. Die Er\u00f6ffnung erfolgt 2022.","articlekey":"","footnotes":""},"categories":[1],"tags":[62,492,508],"class_list":["post-7211","post","type-post","status-publish","format-standard","has-post-thumbnail","hentry","category-allgemein","tag-aus-weiterbildung","tag-unternehmen","tag-vermischtes"],"acf":[],"yoast_head":"<!-- This site is optimized with the Yoast SEO plugin v27.5 - https:\/\/yoast.com\/product\/yoast-seo-wordpress\/ -->\n<title>Campus Sursee legt Grundstein f\u00fcr neuen Multifunktionspavillon - Organisator<\/title>\n<meta name=\"description\" content=\"Am Campus Sursee entsteht ein multifunktionaler Raum, der den neusten technischen und \u00f6kologischen Anforderungen entspricht. Die Er\u00f6ffnung erfolgt 2022.\" \/>\n<meta name=\"robots\" content=\"index, follow, max-snippet:-1, max-image-preview:large, max-video-preview:-1\" \/>\n<link rel=\"canonical\" href=\"https:\/\/www.organisator.ch\/en\/general\/2020-10-13\/campus-sursee-legt-grundstein-fuer-neuen-multifunktionspavillon\/\" \/>\n<meta property=\"og:locale\" content=\"en_US\" \/>\n<meta property=\"og:type\" content=\"article\" \/>\n<meta property=\"og:title\" content=\"Campus Sursee legt Grundstein f\u00fcr neuen Multifunktionspavillon\" \/>\n<meta property=\"og:description\" content=\"Am Campus Sursee entsteht ein multifunktionaler Raum, der den neusten technischen und \u00f6kologischen Anforderungen entspricht. Die Er\u00f6ffnung erfolgt 2022.\" \/>\n<meta property=\"og:url\" content=\"https:\/\/www.organisator.ch\/en\/general\/2020-10-13\/campus-sursee-legt-grundstein-fuer-neuen-multifunktionspavillon\/\" \/>\n<meta property=\"og:site_name\" content=\"Organisator\" \/>\n<meta property=\"article:publisher\" content=\"https:\/\/www.facebook.com\/OrganisatorFachmagazin\" \/>\n<meta property=\"article:published_time\" content=\"2020-10-13T06:55:45+00:00\" \/>\n<meta property=\"og:image\" content=\"https:\/\/www.organisator.ch\/wp-content\/uploads\/2020\/10\/Campus-Sursee-legt-Grundstein-fuer-neuen-Multifunktionspavillon_Organisator.jpg\" \/>\n\t<meta property=\"og:image:width\" content=\"680\" \/>\n\t<meta property=\"og:image:height\" content=\"453\" \/>\n\t<meta property=\"og:image:type\" content=\"image\/jpeg\" \/>\n<meta name=\"author\" content=\"thomas.berner\" \/>\n<meta name=\"twitter:card\" content=\"summary_large_image\" \/>\n<meta name=\"twitter:title\" content=\"#CampusSursee legt Grundstein f\u00fcr neuen #Multifunktionspavillon\" \/>\n<meta name=\"twitter:description\" content=\"Am #CampusSursee entsteht ein multifunktionaler Raum, der den neusten technischen und \u00f6kologischen Anforderungen entspricht. Die Er\u00f6ffnung erfolgt 2022.\" \/>\n<meta name=\"twitter:image\" content=\"https:\/\/www.organisator.ch\/wp-content\/uploads\/2020\/10\/Campus-Sursee-legt-Grundstein-fuer-neuen-Multifunktionspavillon_Organisator.jpg\" \/>\n<script type=\"application\/ld+json\" class=\"yoast-schema-graph\">{\"@context\":\"https:\\\/\\\/schema.org\",\"@graph\":[{\"@type\":\"Article\",\"@id\":\"https:\\\/\\\/www.organisator.ch\\\/de\\\/allgemein\\\/2020-10-13\\\/campus-sursee-legt-grundstein-fuer-neuen-multifunktionspavillon\\\/#article\",\"isPartOf\":{\"@id\":\"https:\\\/\\\/www.organisator.ch\\\/de\\\/allgemein\\\/2020-10-13\\\/campus-sursee-legt-grundstein-fuer-neuen-multifunktionspavillon\\\/\"},\"author\":{\"name\":\"thomas.berner\",\"@id\":\"https:\\\/\\\/www.organisator.ch\\\/#\\\/schema\\\/person\\\/6f650f90b2842cd4c0cc334b4e36f67e\"},\"headline\":\"Campus Sursee legt Grundstein f\u00fcr neuen Multifunktionspavillon\",\"datePublished\":\"2020-10-13T06:55:45+00:00\",\"mainEntityOfPage\":{\"@id\":\"https:\\\/\\\/www.organisator.ch\\\/de\\\/allgemein\\\/2020-10-13\\\/campus-sursee-legt-grundstein-fuer-neuen-multifunktionspavillon\\\/\"},\"wordCount\":391,\"publisher\":{\"@id\":\"https:\\\/\\\/www.organisator.ch\\\/#organization\"},\"image\":{\"@id\":\"https:\\\/\\\/www.organisator.ch\\\/de\\\/allgemein\\\/2020-10-13\\\/campus-sursee-legt-grundstein-fuer-neuen-multifunktionspavillon\\\/#primaryimage\"},\"thumbnailUrl\":\"https:\\\/\\\/www.organisator.ch\\\/wp-content\\\/uploads\\\/2020\\\/10\\\/Campus-Sursee-legt-Grundstein-fuer-neuen-Multifunktionspavillon_Organisator.jpg\",\"keywords\":[\"Aus-\\\/Weiterbildung\",\"Unternehmen\",\"Vermischtes\"],\"articleSection\":[\"Allgemein\"],\"inLanguage\":\"en-US\"},{\"@type\":\"WebPage\",\"@id\":\"https:\\\/\\\/www.organisator.ch\\\/de\\\/allgemein\\\/2020-10-13\\\/campus-sursee-legt-grundstein-fuer-neuen-multifunktionspavillon\\\/\",\"url\":\"https:\\\/\\\/www.organisator.ch\\\/de\\\/allgemein\\\/2020-10-13\\\/campus-sursee-legt-grundstein-fuer-neuen-multifunktionspavillon\\\/\",\"name\":\"Campus Sursee legt Grundstein f\u00fcr neuen Multifunktionspavillon - Organisator\",\"isPartOf\":{\"@id\":\"https:\\\/\\\/www.organisator.ch\\\/#website\"},\"primaryImageOfPage\":{\"@id\":\"https:\\\/\\\/www.organisator.ch\\\/de\\\/allgemein\\\/2020-10-13\\\/campus-sursee-legt-grundstein-fuer-neuen-multifunktionspavillon\\\/#primaryimage\"},\"image\":{\"@id\":\"https:\\\/\\\/www.organisator.ch\\\/de\\\/allgemein\\\/2020-10-13\\\/campus-sursee-legt-grundstein-fuer-neuen-multifunktionspavillon\\\/#primaryimage\"},\"thumbnailUrl\":\"https:\\\/\\\/www.organisator.ch\\\/wp-content\\\/uploads\\\/2020\\\/10\\\/Campus-Sursee-legt-Grundstein-fuer-neuen-Multifunktionspavillon_Organisator.jpg\",\"datePublished\":\"2020-10-13T06:55:45+00:00\",\"description\":\"Am Campus Sursee entsteht ein multifunktionaler Raum, der den neusten technischen und \u00f6kologischen Anforderungen entspricht. Die Er\u00f6ffnung erfolgt 2022.\",\"breadcrumb\":{\"@id\":\"https:\\\/\\\/www.organisator.ch\\\/de\\\/allgemein\\\/2020-10-13\\\/campus-sursee-legt-grundstein-fuer-neuen-multifunktionspavillon\\\/#breadcrumb\"},\"inLanguage\":\"en-US\",\"potentialAction\":[{\"@type\":\"ReadAction\",\"target\":[\"https:\\\/\\\/www.organisator.ch\\\/de\\\/allgemein\\\/2020-10-13\\\/campus-sursee-legt-grundstein-fuer-neuen-multifunktionspavillon\\\/\"]}]},{\"@type\":\"ImageObject\",\"inLanguage\":\"en-US\",\"@id\":\"https:\\\/\\\/www.organisator.ch\\\/de\\\/allgemein\\\/2020-10-13\\\/campus-sursee-legt-grundstein-fuer-neuen-multifunktionspavillon\\\/#primaryimage\",\"url\":\"https:\\\/\\\/www.organisator.ch\\\/wp-content\\\/uploads\\\/2020\\\/10\\\/Campus-Sursee-legt-Grundstein-fuer-neuen-Multifunktionspavillon_Organisator.jpg\",\"contentUrl\":\"https:\\\/\\\/www.organisator.ch\\\/wp-content\\\/uploads\\\/2020\\\/10\\\/Campus-Sursee-legt-Grundstein-fuer-neuen-Multifunktionspavillon_Organisator.jpg\",\"width\":680,\"height\":453,\"caption\":\"Der k\u00fcnftige Multifunktionspavillon am Campus Sursee: Am 13. September 2020 wurde der Grundstein gelegt. (Bild: zVg)\"},{\"@type\":\"BreadcrumbList\",\"@id\":\"https:\\\/\\\/www.organisator.ch\\\/de\\\/allgemein\\\/2020-10-13\\\/campus-sursee-legt-grundstein-fuer-neuen-multifunktionspavillon\\\/#breadcrumb\",\"itemListElement\":[{\"@type\":\"ListItem\",\"position\":1,\"name\":\"Home\",\"item\":\"https:\\\/\\\/www.organisator.ch\\\/\"},{\"@type\":\"ListItem\",\"position\":2,\"name\":\"Campus Sursee legt Grundstein f\u00fcr neuen Multifunktionspavillon\"}]},{\"@type\":\"WebSite\",\"@id\":\"https:\\\/\\\/www.organisator.ch\\\/#website\",\"url\":\"https:\\\/\\\/www.organisator.ch\\\/\",\"name\":\"Organisator\",\"description\":\"Kompetent. Praxisnah. Der ORGANISATOR bereitet in 10 Ausgaben pro Jahr die wesentlichen Themen f\u00fcr F\u00fchrungskr\u00e4fte von KMU auf.\",\"publisher\":{\"@id\":\"https:\\\/\\\/www.organisator.ch\\\/#organization\"},\"potentialAction\":[{\"@type\":\"SearchAction\",\"target\":{\"@type\":\"EntryPoint\",\"urlTemplate\":\"https:\\\/\\\/www.organisator.ch\\\/?s={search_term_string}\"},\"query-input\":{\"@type\":\"PropertyValueSpecification\",\"valueRequired\":true,\"valueName\":\"search_term_string\"}}],\"inLanguage\":\"en-US\"},{\"@type\":\"Organization\",\"@id\":\"https:\\\/\\\/www.organisator.ch\\\/#organization\",\"name\":\"Organisator\",\"url\":\"https:\\\/\\\/www.organisator.ch\\\/\",\"logo\":{\"@type\":\"ImageObject\",\"inLanguage\":\"en-US\",\"@id\":\"https:\\\/\\\/www.organisator.ch\\\/#\\\/schema\\\/logo\\\/image\\\/\",\"url\":\"https:\\\/\\\/www.organisator.ch\\\/wp-content\\\/uploads\\\/2022\\\/01\\\/Logo_Organisator_Website.png\",\"contentUrl\":\"https:\\\/\\\/www.organisator.ch\\\/wp-content\\\/uploads\\\/2022\\\/01\\\/Logo_Organisator_Website.png\",\"width\":800,\"height\":77,\"caption\":\"Organisator\"},\"image\":{\"@id\":\"https:\\\/\\\/www.organisator.ch\\\/#\\\/schema\\\/logo\\\/image\\\/\"},\"sameAs\":[\"https:\\\/\\\/www.facebook.com\\\/OrganisatorFachmagazin\",\"https:\\\/\\\/www.linkedin.com\\\/showcase\\\/organisator-das-magazin-fr-kmu\",\"https:\\\/\\\/www.xing.com\\\/news\\\/pages\\\/organisator-ch-695\",\"https:\\\/\\\/www.youtube.com\\\/channel\\\/UCGP2Sq0iWaZwT3BdIAQFYpw\"]},{\"@type\":\"Person\",\"@id\":\"https:\\\/\\\/www.organisator.ch\\\/#\\\/schema\\\/person\\\/6f650f90b2842cd4c0cc334b4e36f67e\",\"name\":\"thomas.berner\",\"image\":{\"@type\":\"ImageObject\",\"inLanguage\":\"en-US\",\"@id\":\"https:\\\/\\\/secure.gravatar.com\\\/avatar\\\/ac5001d2a36cb6c6cd3e50789007ffca834b477b74a2144564522e944eabff61?s=96&d=mm&r=g\",\"url\":\"https:\\\/\\\/secure.gravatar.com\\\/avatar\\\/ac5001d2a36cb6c6cd3e50789007ffca834b477b74a2144564522e944eabff61?s=96&d=mm&r=g\",\"contentUrl\":\"https:\\\/\\\/secure.gravatar.com\\\/avatar\\\/ac5001d2a36cb6c6cd3e50789007ffca834b477b74a2144564522e944eabff61?s=96&d=mm&r=g\",\"caption\":\"thomas.berner\"},\"url\":\"https:\\\/\\\/www.organisator.ch\\\/en\\\/author\\\/thomas-berner\\\/\"}]}<\/script>\n<!-- \/ Yoast SEO plugin. -->","yoast_head_json":{"title":"Sursee Campus lays foundation stone for new multifunctional pavilion - Organizer","description":"A multifunctional space that meets the latest technical and ecological requirements is being built at the Sursee campus. The opening will take place in 2022.","robots":{"index":"index","follow":"follow","max-snippet":"max-snippet:-1","max-image-preview":"max-image-preview:large","max-video-preview":"max-video-preview:-1"},"canonical":"https:\/\/www.organisator.ch\/en\/general\/2020-10-13\/campus-sursee-legt-grundstein-fuer-neuen-multifunktionspavillon\/","og_locale":"en_US","og_type":"article","og_title":"Campus Sursee legt Grundstein f\u00fcr neuen Multifunktionspavillon","og_description":"Am Campus Sursee entsteht ein multifunktionaler Raum, der den neusten technischen und \u00f6kologischen Anforderungen entspricht. Die Er\u00f6ffnung erfolgt 2022.","og_url":"https:\/\/www.organisator.ch\/en\/general\/2020-10-13\/campus-sursee-legt-grundstein-fuer-neuen-multifunktionspavillon\/","og_site_name":"Organisator","article_publisher":"https:\/\/www.facebook.com\/OrganisatorFachmagazin","article_published_time":"2020-10-13T06:55:45+00:00","og_image":[{"width":680,"height":453,"url":"https:\/\/www.organisator.ch\/wp-content\/uploads\/2020\/10\/Campus-Sursee-legt-Grundstein-fuer-neuen-Multifunktionspavillon_Organisator.jpg","type":"image\/jpeg"}],"author":"thomas.berner","twitter_card":"summary_large_image","twitter_title":"#CampusSursee legt Grundstein f\u00fcr neuen #Multifunktionspavillon","twitter_description":"Am #CampusSursee entsteht ein multifunktionaler Raum, der den neusten technischen und \u00f6kologischen Anforderungen entspricht. Die Er\u00f6ffnung erfolgt 2022.","twitter_image":"https:\/\/www.organisator.ch\/wp-content\/uploads\/2020\/10\/Campus-Sursee-legt-Grundstein-fuer-neuen-Multifunktionspavillon_Organisator.jpg","schema":{"@context":"https:\/\/schema.org","@graph":[{"@type":"Article","@id":"https:\/\/www.organisator.ch\/de\/allgemein\/2020-10-13\/campus-sursee-legt-grundstein-fuer-neuen-multifunktionspavillon\/#article","isPartOf":{"@id":"https:\/\/www.organisator.ch\/de\/allgemein\/2020-10-13\/campus-sursee-legt-grundstein-fuer-neuen-multifunktionspavillon\/"},"author":{"name":"thomas.berner","@id":"https:\/\/www.organisator.ch\/#\/schema\/person\/6f650f90b2842cd4c0cc334b4e36f67e"},"headline":"Campus Sursee legt Grundstein f\u00fcr neuen Multifunktionspavillon","datePublished":"2020-10-13T06:55:45+00:00","mainEntityOfPage":{"@id":"https:\/\/www.organisator.ch\/de\/allgemein\/2020-10-13\/campus-sursee-legt-grundstein-fuer-neuen-multifunktionspavillon\/"},"wordCount":391,"publisher":{"@id":"https:\/\/www.organisator.ch\/#organization"},"image":{"@id":"https:\/\/www.organisator.ch\/de\/allgemein\/2020-10-13\/campus-sursee-legt-grundstein-fuer-neuen-multifunktionspavillon\/#primaryimage"},"thumbnailUrl":"https:\/\/www.organisator.ch\/wp-content\/uploads\/2020\/10\/Campus-Sursee-legt-Grundstein-fuer-neuen-Multifunktionspavillon_Organisator.jpg","keywords":["Aus-\/Weiterbildung","Unternehmen","Vermischtes"],"articleSection":["Allgemein"],"inLanguage":"en-US"},{"@type":"WebPage","@id":"https:\/\/www.organisator.ch\/de\/allgemein\/2020-10-13\/campus-sursee-legt-grundstein-fuer-neuen-multifunktionspavillon\/","url":"https:\/\/www.organisator.ch\/de\/allgemein\/2020-10-13\/campus-sursee-legt-grundstein-fuer-neuen-multifunktionspavillon\/","name":"Sursee Campus lays foundation stone for new multifunctional pavilion - Organizer","isPartOf":{"@id":"https:\/\/www.organisator.ch\/#website"},"primaryImageOfPage":{"@id":"https:\/\/www.organisator.ch\/de\/allgemein\/2020-10-13\/campus-sursee-legt-grundstein-fuer-neuen-multifunktionspavillon\/#primaryimage"},"image":{"@id":"https:\/\/www.organisator.ch\/de\/allgemein\/2020-10-13\/campus-sursee-legt-grundstein-fuer-neuen-multifunktionspavillon\/#primaryimage"},"thumbnailUrl":"https:\/\/www.organisator.ch\/wp-content\/uploads\/2020\/10\/Campus-Sursee-legt-Grundstein-fuer-neuen-Multifunktionspavillon_Organisator.jpg","datePublished":"2020-10-13T06:55:45+00:00","description":"A multifunctional space that meets the latest technical and ecological requirements is being built at the Sursee campus. The opening will take place in 2022.","breadcrumb":{"@id":"https:\/\/www.organisator.ch\/de\/allgemein\/2020-10-13\/campus-sursee-legt-grundstein-fuer-neuen-multifunktionspavillon\/#breadcrumb"},"inLanguage":"en-US","potentialAction":[{"@type":"ReadAction","target":["https:\/\/www.organisator.ch\/de\/allgemein\/2020-10-13\/campus-sursee-legt-grundstein-fuer-neuen-multifunktionspavillon\/"]}]},{"@type":"ImageObject","inLanguage":"en-US","@id":"https:\/\/www.organisator.ch\/de\/allgemein\/2020-10-13\/campus-sursee-legt-grundstein-fuer-neuen-multifunktionspavillon\/#primaryimage","url":"https:\/\/www.organisator.ch\/wp-content\/uploads\/2020\/10\/Campus-Sursee-legt-Grundstein-fuer-neuen-Multifunktionspavillon_Organisator.jpg","contentUrl":"https:\/\/www.organisator.ch\/wp-content\/uploads\/2020\/10\/Campus-Sursee-legt-Grundstein-fuer-neuen-Multifunktionspavillon_Organisator.jpg","width":680,"height":453,"caption":"Der k\u00fcnftige Multifunktionspavillon am Campus Sursee: Am 13. September 2020 wurde der Grundstein gelegt. (Bild: zVg)"},{"@type":"BreadcrumbList","@id":"https:\/\/www.organisator.ch\/de\/allgemein\/2020-10-13\/campus-sursee-legt-grundstein-fuer-neuen-multifunktionspavillon\/#breadcrumb","itemListElement":[{"@type":"ListItem","position":1,"name":"Home","item":"https:\/\/www.organisator.ch\/"},{"@type":"ListItem","position":2,"name":"Campus Sursee legt Grundstein f\u00fcr neuen Multifunktionspavillon"}]},{"@type":"WebSite","@id":"https:\/\/www.organisator.ch\/#website","url":"https:\/\/www.organisator.ch\/","name":"Organizer","description":"Competent. Practical. In 10 issues per year, ORGANISATOR presents the essential topics for managers of SMEs.","publisher":{"@id":"https:\/\/www.organisator.ch\/#organization"},"potentialAction":[{"@type":"SearchAction","target":{"@type":"EntryPoint","urlTemplate":"https:\/\/www.organisator.ch\/?s={search_term_string}"},"query-input":{"@type":"PropertyValueSpecification","valueRequired":true,"valueName":"search_term_string"}}],"inLanguage":"en-US"},{"@type":"Organization","@id":"https:\/\/www.organisator.ch\/#organization","name":"Organizer","url":"https:\/\/www.organisator.ch\/","logo":{"@type":"ImageObject","inLanguage":"en-US","@id":"https:\/\/www.organisator.ch\/#\/schema\/logo\/image\/","url":"https:\/\/www.organisator.ch\/wp-content\/uploads\/2022\/01\/Logo_Organisator_Website.png","contentUrl":"https:\/\/www.organisator.ch\/wp-content\/uploads\/2022\/01\/Logo_Organisator_Website.png","width":800,"height":77,"caption":"Organisator"},"image":{"@id":"https:\/\/www.organisator.ch\/#\/schema\/logo\/image\/"},"sameAs":["https:\/\/www.facebook.com\/OrganisatorFachmagazin","https:\/\/www.linkedin.com\/showcase\/organisator-das-magazin-fr-kmu","https:\/\/www.xing.com\/news\/pages\/organisator-ch-695","https:\/\/www.youtube.com\/channel\/UCGP2Sq0iWaZwT3BdIAQFYpw"]},{"@type":"Person","@id":"https:\/\/www.organisator.ch\/#\/schema\/person\/6f650f90b2842cd4c0cc334b4e36f67e","name":"thomas.berner","image":{"@type":"ImageObject","inLanguage":"en-US","@id":"https:\/\/secure.gravatar.com\/avatar\/ac5001d2a36cb6c6cd3e50789007ffca834b477b74a2144564522e944eabff61?s=96&d=mm&r=g","url":"https:\/\/secure.gravatar.com\/avatar\/ac5001d2a36cb6c6cd3e50789007ffca834b477b74a2144564522e944eabff61?s=96&d=mm&r=g","contentUrl":"https:\/\/secure.gravatar.com\/avatar\/ac5001d2a36cb6c6cd3e50789007ffca834b477b74a2144564522e944eabff61?s=96&d=mm&r=g","caption":"thomas.berner"},"url":"https:\/\/www.organisator.ch\/en\/author\/thomas-berner\/"}]}},"_links":{"self":[{"href":"https:\/\/www.organisator.ch\/en\/wp-json\/wp\/v2\/posts\/7211","targetHints":{"allow":["GET"]}}],"collection":[{"href":"https:\/\/www.organisator.ch\/en\/wp-json\/wp\/v2\/posts"}],"about":[{"href":"https:\/\/www.organisator.ch\/en\/wp-json\/wp\/v2\/types\/post"}],"author":[{"embeddable":true,"href":"https:\/\/www.organisator.ch\/en\/wp-json\/wp\/v2\/users\/4"}],"replies":[{"embeddable":true,"href":"https:\/\/www.organisator.ch\/en\/wp-json\/wp\/v2\/comments?post=7211"}],"version-history":[{"count":0,"href":"https:\/\/www.organisator.ch\/en\/wp-json\/wp\/v2\/posts\/7211\/revisions"}],"wp:featuredmedia":[{"embeddable":true,"href":"https:\/\/www.organisator.ch\/en\/wp-json\/wp\/v2\/media\/7212"}],"wp:attachment":[{"href":"https:\/\/www.organisator.ch\/en\/wp-json\/wp\/v2\/media?parent=7211"}],"wp:term":[{"taxonomy":"category","embeddable":true,"href":"https:\/\/www.organisator.ch\/en\/wp-json\/wp\/v2\/categories?post=7211"},{"taxonomy":"post_tag","embeddable":true,"href":"https:\/\/www.organisator.ch\/en\/wp-json\/wp\/v2\/tags?post=7211"}],"curies":[{"name":"wp","href":"https:\/\/api.w.org\/{rel}","templated":true}]}}