{"id":7221,"date":"2020-10-14T10:49:27","date_gmt":"2020-10-14T08:49:27","guid":{"rendered":"https:\/\/www.organisator.ch\/?p=7221"},"modified":"2020-10-14T10:49:27","modified_gmt":"2020-10-14T08:49:27","slug":"lueften-in-bueros-zum-nationalsport-machen","status":"publish","type":"post","link":"https:\/\/www.organisator.ch\/en\/human-resources\/fit_im_job\/2020-10-14\/lueften-in-bueros-zum-nationalsport-machen\/","title":{"rendered":"Making ventilation in offices a national sport"},"content":{"rendered":"<figure id=\"attachment_7222\" aria-describedby=\"caption-attachment-7222\" style=\"width: 680px\" class=\"wp-caption alignnone\"><img loading=\"lazy\" decoding=\"async\" class=\"size-medium wp-image-7222\" src=\"https:\/\/www.organisator.ch\/wp-content\/uploads\/2020\/10\/Lueften-in-Bueros-zum-Nationalsport-machen_Organisator.jpg\" alt=\"\" width=\"680\" height=\"304\" srcset=\"https:\/\/www.organisator.ch\/wp-content\/uploads\/2020\/10\/Lueften-in-Bueros-zum-Nationalsport-machen_Organisator.jpg 680w, https:\/\/www.organisator.ch\/wp-content\/uploads\/2020\/10\/Lueften-in-Bueros-zum-Nationalsport-machen_Organisator-16x7.jpg 16w, https:\/\/www.organisator.ch\/wp-content\/uploads\/2020\/10\/Lueften-in-Bueros-zum-Nationalsport-machen_Organisator-375x168.jpg 375w, https:\/\/www.organisator.ch\/wp-content\/uploads\/2020\/10\/Lueften-in-Bueros-zum-Nationalsport-machen_Organisator-300x134.jpg 300w\" sizes=\"auto, (max-width: 680px) 100vw, 680px\" \/><figcaption id=\"caption-attachment-7222\" class=\"wp-caption-text\">The CARU air CO2 sensor is designed to playfully facilitate ventilation in offices. (Image: CARU AG)<\/figcaption><\/figure>\n<p>We have long been professionals at keeping our distance, washing our hands and wearing masks. Ventilation, on the other hand, is something many of us don't think about. Not yet. But numerous studies show that the coronavirus can also be transmitted via aerosols. Germany was the first country to declare ventilation as one of the five main measures to contain the coronavirus. After the lockdown in the spring, it is clear to many that we want to be able to continue visiting our parents and grandparents in nursing homes, send our children to school, and share the office with our colleagues as a change from the home office.<\/p>\n<h2>With fresh air against Corona<\/h2>\n<p>Particularly in rooms with many people, such as classrooms, meeting rooms, open-plan offices, co-working spaces, restaurants, hospitals and retirement and care centers, a lack of fresh air can quickly lead to an increased risk of infection with the coronavirus. Even when distance is maintained and hands are diligently washed. This is because we spread aerosols through the air we breathe out. Coronaviruses also enter the air through these. By ventilating, we can reduce the amount of aerosols in the air. And thus also the risk of infection with the coronavirus. Proper ventilation in offices is therefore the motto for the coming fall and winter months. As simple as it may seem, proper and effective ventilation is not that easy.<\/p>\n<h2>Know when it's time to ventilate offices<\/h2>\n<p>The CO2 concentration is a reliable indicator of when and how much fresh air supply is needed. And this is exactly where CARU air comes in. \"With CARU air, we don't just want to measure the CO2 concentration in the air,\" says Susanne Dr\u00f6scher, co-CEO of CARU AG. \"We want to incorporate ventilation into everyday life in a playful way and make it a team sport - for young and old.\" The CARU air CO2 measuring device works like a traffic light: it's time to ventilate at yellow (1000 - 1399 ppm CO2) at the earliest and red (&gt; 1400 ppm CO2) at the latest. CARU air is more or less a \"side kick\" to CARU AG's core product, a voice-controlled emergency call for seniors with chat function. \"The step from a voice-controlled emergency call to a CO2 measuring device may seem big from the outside. In fact, by turning our vision into the core product, everything needed for a cool CO2 meter was already there: an award-winning design and a high-quality CO2 sensor from Sensirion,\" says Thomas Helbling, co-CEO of CARU AG. The high-quality sensor from the world's leading manufacturer of digital microsensors, headquartered in Switzerland, ensures that CARU air determines the CO2 concentration accurately and reliably.<\/p>\n<h2>First units already successfully in operation<\/h2>\n<p>For a few weeks now, the first CARU airs have been installed in selected schools, retirement homes, offices and doctors' surgeries. The feedback: positive across the board. Jan Hollenstein, Managing Director of<br \/>\nTertianum Residenz Segeten says: \"Since the spring, the demands relating to the pandemic have steadily increased for the employees. They have to pay attention to many things at the same time. CARU air makes it easy for us in terms of ventilation and therefore ideally complements our protection concept.\" The first pre-orders from large companies such as units at ETH Zurich have already arrived. CARU air can be conveniently ordered online: <a href=\"http:\/\/www.caruair.com\">www.caruair.com<\/a>.<\/p>","protected":false},"excerpt":{"rendered":"<p>Im Abstand halten, H\u00e4nde waschen und Maske tragen sind wir l\u00e4ngst Profis. L\u00fcften hingegen haben viele von uns nicht im Blick. Noch nicht. Zahlreiche Studien zeigen aber: Das Coronavirus kann auch \u00fcber sogenannte Aerosole \u00fcbertragen werden. So hat Deutschland als erstes Land das L\u00fcften als eine der f\u00fcnf Hauptmassnahmen zur Eind\u00e4mmung des Coronavirus erkl\u00e4rt. Denn [&hellip;]<\/p>\n","protected":false},"author":4,"featured_media":7222,"comment_status":"closed","ping_status":"closed","sticky":false,"template":"","format":"standard","meta":{"_acf_changed":false,"_yoast_wpseo_focuskw":"L\u00fcften in B\u00fcros","_yoast_wpseo_metadesc":"Das Z\u00fcrcher Jungunternehmen CARU AG m\u00f6chte mit seinem j\u00fcngsten Produkt CARU air das L\u00fcften in B\u00fcros zum Nationalsport machen und Corona die Stirn bieten.","articlekey":"","footnotes":""},"categories":[25],"tags":[77,208,393,451],"class_list":["post-7221","post","type-post","status-publish","format-standard","has-post-thumbnail","hentry","category-fit_im_job","tag-betriebliches-gesundheitsmanagement","tag-fit-im-job","tag-produkte","tag-startups"],"acf":[],"yoast_head":"<!-- This site is optimized with the Yoast SEO plugin v27.5 - https:\/\/yoast.com\/product\/yoast-seo-wordpress\/ -->\n<title>L\u00fcften in B\u00fcros zum Nationalsport machen - Organisator<\/title>\n<meta name=\"description\" content=\"Das Z\u00fcrcher Jungunternehmen CARU AG m\u00f6chte mit seinem j\u00fcngsten Produkt CARU air das L\u00fcften in B\u00fcros zum Nationalsport machen und Corona die Stirn bieten.\" \/>\n<meta name=\"robots\" content=\"index, follow, max-snippet:-1, max-image-preview:large, max-video-preview:-1\" \/>\n<link rel=\"canonical\" href=\"https:\/\/www.organisator.ch\/en\/human-resources\/fit_im_job\/2020-10-14\/lueften-in-bueros-zum-nationalsport-machen\/\" \/>\n<meta property=\"og:locale\" content=\"en_US\" \/>\n<meta property=\"og:type\" content=\"article\" \/>\n<meta property=\"og:title\" content=\"L\u00fcften in B\u00fcros zum Nationalsport machen\" \/>\n<meta property=\"og:description\" content=\"Das Z\u00fcrcher Jungunternehmen CARU AG m\u00f6chte mit seinem j\u00fcngsten Produkt CARU air das L\u00fcften in B\u00fcros zum Nationalsport machen und Corona die Stirn bieten.\" \/>\n<meta property=\"og:url\" content=\"https:\/\/www.organisator.ch\/en\/human-resources\/fit_im_job\/2020-10-14\/lueften-in-bueros-zum-nationalsport-machen\/\" \/>\n<meta property=\"og:site_name\" content=\"Organisator\" \/>\n<meta property=\"article:publisher\" content=\"https:\/\/www.facebook.com\/OrganisatorFachmagazin\" \/>\n<meta property=\"article:published_time\" content=\"2020-10-14T08:49:27+00:00\" \/>\n<meta property=\"og:image\" content=\"https:\/\/www.organisator.ch\/wp-content\/uploads\/2020\/10\/Lueften-in-Bueros-zum-Nationalsport-machen_Organisator.jpg\" \/>\n\t<meta property=\"og:image:width\" content=\"680\" \/>\n\t<meta property=\"og:image:height\" content=\"304\" \/>\n\t<meta property=\"og:image:type\" content=\"image\/jpeg\" \/>\n<meta name=\"author\" content=\"thomas.berner\" \/>\n<meta name=\"twitter:card\" content=\"summary_large_image\" \/>\n<meta name=\"twitter:title\" content=\"#L\u00fcften in B\u00fcros zum #Nationalsport machen\" \/>\n<meta name=\"twitter:description\" content=\"Das Z\u00fcrcher #Jungunternehmen #CARU AG m\u00f6chte mit seinem j\u00fcngsten Produkt CARU air das #L\u00fcften in B\u00fcros zum Nationalsport machen und Corona die Stirn bieten.\" \/>\n<meta name=\"twitter:image\" content=\"https:\/\/www.organisator.ch\/wp-content\/uploads\/2020\/10\/Lueften-in-Bueros-zum-Nationalsport-machen_Organisator.jpg\" \/>\n<script type=\"application\/ld+json\" class=\"yoast-schema-graph\">{\"@context\":\"https:\\\/\\\/schema.org\",\"@graph\":[{\"@type\":\"Article\",\"@id\":\"https:\\\/\\\/www.organisator.ch\\\/human-resources\\\/fit_im_job\\\/2020-10-14\\\/lueften-in-bueros-zum-nationalsport-machen\\\/#article\",\"isPartOf\":{\"@id\":\"https:\\\/\\\/www.organisator.ch\\\/human-resources\\\/fit_im_job\\\/2020-10-14\\\/lueften-in-bueros-zum-nationalsport-machen\\\/\"},\"author\":{\"name\":\"thomas.berner\",\"@id\":\"https:\\\/\\\/www.organisator.ch\\\/#\\\/schema\\\/person\\\/6f650f90b2842cd4c0cc334b4e36f67e\"},\"headline\":\"L\u00fcften in B\u00fcros zum Nationalsport machen\",\"datePublished\":\"2020-10-14T08:49:27+00:00\",\"mainEntityOfPage\":{\"@id\":\"https:\\\/\\\/www.organisator.ch\\\/human-resources\\\/fit_im_job\\\/2020-10-14\\\/lueften-in-bueros-zum-nationalsport-machen\\\/\"},\"wordCount\":587,\"publisher\":{\"@id\":\"https:\\\/\\\/www.organisator.ch\\\/#organization\"},\"image\":{\"@id\":\"https:\\\/\\\/www.organisator.ch\\\/human-resources\\\/fit_im_job\\\/2020-10-14\\\/lueften-in-bueros-zum-nationalsport-machen\\\/#primaryimage\"},\"thumbnailUrl\":\"https:\\\/\\\/www.organisator.ch\\\/wp-content\\\/uploads\\\/2020\\\/10\\\/Lueften-in-Bueros-zum-Nationalsport-machen_Organisator.jpg\",\"keywords\":[\"Betriebliches Gesundheitsmanagement\",\"Fit im Job\",\"Produkte\",\"Startups\"],\"articleSection\":[\"FIT IM JOB\"],\"inLanguage\":\"en-US\"},{\"@type\":\"WebPage\",\"@id\":\"https:\\\/\\\/www.organisator.ch\\\/human-resources\\\/fit_im_job\\\/2020-10-14\\\/lueften-in-bueros-zum-nationalsport-machen\\\/\",\"url\":\"https:\\\/\\\/www.organisator.ch\\\/human-resources\\\/fit_im_job\\\/2020-10-14\\\/lueften-in-bueros-zum-nationalsport-machen\\\/\",\"name\":\"L\u00fcften in B\u00fcros zum Nationalsport machen - Organisator\",\"isPartOf\":{\"@id\":\"https:\\\/\\\/www.organisator.ch\\\/#website\"},\"primaryImageOfPage\":{\"@id\":\"https:\\\/\\\/www.organisator.ch\\\/human-resources\\\/fit_im_job\\\/2020-10-14\\\/lueften-in-bueros-zum-nationalsport-machen\\\/#primaryimage\"},\"image\":{\"@id\":\"https:\\\/\\\/www.organisator.ch\\\/human-resources\\\/fit_im_job\\\/2020-10-14\\\/lueften-in-bueros-zum-nationalsport-machen\\\/#primaryimage\"},\"thumbnailUrl\":\"https:\\\/\\\/www.organisator.ch\\\/wp-content\\\/uploads\\\/2020\\\/10\\\/Lueften-in-Bueros-zum-Nationalsport-machen_Organisator.jpg\",\"datePublished\":\"2020-10-14T08:49:27+00:00\",\"description\":\"Das Z\u00fcrcher Jungunternehmen CARU AG m\u00f6chte mit seinem j\u00fcngsten Produkt CARU air das L\u00fcften in B\u00fcros zum Nationalsport machen und Corona die Stirn bieten.\",\"breadcrumb\":{\"@id\":\"https:\\\/\\\/www.organisator.ch\\\/human-resources\\\/fit_im_job\\\/2020-10-14\\\/lueften-in-bueros-zum-nationalsport-machen\\\/#breadcrumb\"},\"inLanguage\":\"en-US\",\"potentialAction\":[{\"@type\":\"ReadAction\",\"target\":[\"https:\\\/\\\/www.organisator.ch\\\/human-resources\\\/fit_im_job\\\/2020-10-14\\\/lueften-in-bueros-zum-nationalsport-machen\\\/\"]}]},{\"@type\":\"ImageObject\",\"inLanguage\":\"en-US\",\"@id\":\"https:\\\/\\\/www.organisator.ch\\\/human-resources\\\/fit_im_job\\\/2020-10-14\\\/lueften-in-bueros-zum-nationalsport-machen\\\/#primaryimage\",\"url\":\"https:\\\/\\\/www.organisator.ch\\\/wp-content\\\/uploads\\\/2020\\\/10\\\/Lueften-in-Bueros-zum-Nationalsport-machen_Organisator.jpg\",\"contentUrl\":\"https:\\\/\\\/www.organisator.ch\\\/wp-content\\\/uploads\\\/2020\\\/10\\\/Lueften-in-Bueros-zum-Nationalsport-machen_Organisator.jpg\",\"width\":680,\"height\":304,\"caption\":\"Soll L\u00fcften in B\u00fcros spielerisch erleichtern: Der CO2-Sensor CARU air. (Bild: CARU AG)\"},{\"@type\":\"BreadcrumbList\",\"@id\":\"https:\\\/\\\/www.organisator.ch\\\/human-resources\\\/fit_im_job\\\/2020-10-14\\\/lueften-in-bueros-zum-nationalsport-machen\\\/#breadcrumb\",\"itemListElement\":[{\"@type\":\"ListItem\",\"position\":1,\"name\":\"Home\",\"item\":\"https:\\\/\\\/www.organisator.ch\\\/\"},{\"@type\":\"ListItem\",\"position\":2,\"name\":\"L\u00fcften in B\u00fcros zum Nationalsport machen\"}]},{\"@type\":\"WebSite\",\"@id\":\"https:\\\/\\\/www.organisator.ch\\\/#website\",\"url\":\"https:\\\/\\\/www.organisator.ch\\\/\",\"name\":\"Organisator\",\"description\":\"Kompetent. Praxisnah. Der ORGANISATOR bereitet in 10 Ausgaben pro Jahr die wesentlichen Themen f\u00fcr F\u00fchrungskr\u00e4fte von KMU auf.\",\"publisher\":{\"@id\":\"https:\\\/\\\/www.organisator.ch\\\/#organization\"},\"potentialAction\":[{\"@type\":\"SearchAction\",\"target\":{\"@type\":\"EntryPoint\",\"urlTemplate\":\"https:\\\/\\\/www.organisator.ch\\\/?s={search_term_string}\"},\"query-input\":{\"@type\":\"PropertyValueSpecification\",\"valueRequired\":true,\"valueName\":\"search_term_string\"}}],\"inLanguage\":\"en-US\"},{\"@type\":\"Organization\",\"@id\":\"https:\\\/\\\/www.organisator.ch\\\/#organization\",\"name\":\"Organisator\",\"url\":\"https:\\\/\\\/www.organisator.ch\\\/\",\"logo\":{\"@type\":\"ImageObject\",\"inLanguage\":\"en-US\",\"@id\":\"https:\\\/\\\/www.organisator.ch\\\/#\\\/schema\\\/logo\\\/image\\\/\",\"url\":\"https:\\\/\\\/www.organisator.ch\\\/wp-content\\\/uploads\\\/2022\\\/01\\\/Logo_Organisator_Website.png\",\"contentUrl\":\"https:\\\/\\\/www.organisator.ch\\\/wp-content\\\/uploads\\\/2022\\\/01\\\/Logo_Organisator_Website.png\",\"width\":800,\"height\":77,\"caption\":\"Organisator\"},\"image\":{\"@id\":\"https:\\\/\\\/www.organisator.ch\\\/#\\\/schema\\\/logo\\\/image\\\/\"},\"sameAs\":[\"https:\\\/\\\/www.facebook.com\\\/OrganisatorFachmagazin\",\"https:\\\/\\\/www.linkedin.com\\\/showcase\\\/organisator-das-magazin-fr-kmu\",\"https:\\\/\\\/www.xing.com\\\/news\\\/pages\\\/organisator-ch-695\",\"https:\\\/\\\/www.youtube.com\\\/channel\\\/UCGP2Sq0iWaZwT3BdIAQFYpw\"]},{\"@type\":\"Person\",\"@id\":\"https:\\\/\\\/www.organisator.ch\\\/#\\\/schema\\\/person\\\/6f650f90b2842cd4c0cc334b4e36f67e\",\"name\":\"thomas.berner\",\"image\":{\"@type\":\"ImageObject\",\"inLanguage\":\"en-US\",\"@id\":\"https:\\\/\\\/secure.gravatar.com\\\/avatar\\\/ac5001d2a36cb6c6cd3e50789007ffca834b477b74a2144564522e944eabff61?s=96&d=mm&r=g\",\"url\":\"https:\\\/\\\/secure.gravatar.com\\\/avatar\\\/ac5001d2a36cb6c6cd3e50789007ffca834b477b74a2144564522e944eabff61?s=96&d=mm&r=g\",\"contentUrl\":\"https:\\\/\\\/secure.gravatar.com\\\/avatar\\\/ac5001d2a36cb6c6cd3e50789007ffca834b477b74a2144564522e944eabff61?s=96&d=mm&r=g\",\"caption\":\"thomas.berner\"},\"url\":\"https:\\\/\\\/www.organisator.ch\\\/en\\\/author\\\/thomas-berner\\\/\"}]}<\/script>\n<!-- \/ Yoast SEO plugin. -->","yoast_head_json":{"title":"Making ventilation in offices a national sport - organizer","description":"With its latest product CARU air, the Zurich-based start-up CARU AG wants to turn office ventilation into a national sport and give Corona a run for its money.","robots":{"index":"index","follow":"follow","max-snippet":"max-snippet:-1","max-image-preview":"max-image-preview:large","max-video-preview":"max-video-preview:-1"},"canonical":"https:\/\/www.organisator.ch\/en\/human-resources\/fit_im_job\/2020-10-14\/lueften-in-bueros-zum-nationalsport-machen\/","og_locale":"en_US","og_type":"article","og_title":"L\u00fcften in B\u00fcros zum Nationalsport machen","og_description":"Das Z\u00fcrcher Jungunternehmen CARU AG m\u00f6chte mit seinem j\u00fcngsten Produkt CARU air das L\u00fcften in B\u00fcros zum Nationalsport machen und Corona die Stirn bieten.","og_url":"https:\/\/www.organisator.ch\/en\/human-resources\/fit_im_job\/2020-10-14\/lueften-in-bueros-zum-nationalsport-machen\/","og_site_name":"Organisator","article_publisher":"https:\/\/www.facebook.com\/OrganisatorFachmagazin","article_published_time":"2020-10-14T08:49:27+00:00","og_image":[{"width":680,"height":304,"url":"https:\/\/www.organisator.ch\/wp-content\/uploads\/2020\/10\/Lueften-in-Bueros-zum-Nationalsport-machen_Organisator.jpg","type":"image\/jpeg"}],"author":"thomas.berner","twitter_card":"summary_large_image","twitter_title":"#L\u00fcften in B\u00fcros zum #Nationalsport machen","twitter_description":"Das Z\u00fcrcher #Jungunternehmen #CARU AG m\u00f6chte mit seinem j\u00fcngsten Produkt CARU air das #L\u00fcften in B\u00fcros zum Nationalsport machen und Corona die Stirn bieten.","twitter_image":"https:\/\/www.organisator.ch\/wp-content\/uploads\/2020\/10\/Lueften-in-Bueros-zum-Nationalsport-machen_Organisator.jpg","schema":{"@context":"https:\/\/schema.org","@graph":[{"@type":"Article","@id":"https:\/\/www.organisator.ch\/human-resources\/fit_im_job\/2020-10-14\/lueften-in-bueros-zum-nationalsport-machen\/#article","isPartOf":{"@id":"https:\/\/www.organisator.ch\/human-resources\/fit_im_job\/2020-10-14\/lueften-in-bueros-zum-nationalsport-machen\/"},"author":{"name":"thomas.berner","@id":"https:\/\/www.organisator.ch\/#\/schema\/person\/6f650f90b2842cd4c0cc334b4e36f67e"},"headline":"L\u00fcften in B\u00fcros zum Nationalsport machen","datePublished":"2020-10-14T08:49:27+00:00","mainEntityOfPage":{"@id":"https:\/\/www.organisator.ch\/human-resources\/fit_im_job\/2020-10-14\/lueften-in-bueros-zum-nationalsport-machen\/"},"wordCount":587,"publisher":{"@id":"https:\/\/www.organisator.ch\/#organization"},"image":{"@id":"https:\/\/www.organisator.ch\/human-resources\/fit_im_job\/2020-10-14\/lueften-in-bueros-zum-nationalsport-machen\/#primaryimage"},"thumbnailUrl":"https:\/\/www.organisator.ch\/wp-content\/uploads\/2020\/10\/Lueften-in-Bueros-zum-Nationalsport-machen_Organisator.jpg","keywords":["Betriebliches Gesundheitsmanagement","Fit im Job","Produkte","Startups"],"articleSection":["FIT IM JOB"],"inLanguage":"en-US"},{"@type":"WebPage","@id":"https:\/\/www.organisator.ch\/human-resources\/fit_im_job\/2020-10-14\/lueften-in-bueros-zum-nationalsport-machen\/","url":"https:\/\/www.organisator.ch\/human-resources\/fit_im_job\/2020-10-14\/lueften-in-bueros-zum-nationalsport-machen\/","name":"Making ventilation in offices a national sport - organizer","isPartOf":{"@id":"https:\/\/www.organisator.ch\/#website"},"primaryImageOfPage":{"@id":"https:\/\/www.organisator.ch\/human-resources\/fit_im_job\/2020-10-14\/lueften-in-bueros-zum-nationalsport-machen\/#primaryimage"},"image":{"@id":"https:\/\/www.organisator.ch\/human-resources\/fit_im_job\/2020-10-14\/lueften-in-bueros-zum-nationalsport-machen\/#primaryimage"},"thumbnailUrl":"https:\/\/www.organisator.ch\/wp-content\/uploads\/2020\/10\/Lueften-in-Bueros-zum-Nationalsport-machen_Organisator.jpg","datePublished":"2020-10-14T08:49:27+00:00","description":"With its latest product CARU air, the Zurich-based start-up CARU AG wants to turn office ventilation into a national sport and give Corona a run for its money.","breadcrumb":{"@id":"https:\/\/www.organisator.ch\/human-resources\/fit_im_job\/2020-10-14\/lueften-in-bueros-zum-nationalsport-machen\/#breadcrumb"},"inLanguage":"en-US","potentialAction":[{"@type":"ReadAction","target":["https:\/\/www.organisator.ch\/human-resources\/fit_im_job\/2020-10-14\/lueften-in-bueros-zum-nationalsport-machen\/"]}]},{"@type":"ImageObject","inLanguage":"en-US","@id":"https:\/\/www.organisator.ch\/human-resources\/fit_im_job\/2020-10-14\/lueften-in-bueros-zum-nationalsport-machen\/#primaryimage","url":"https:\/\/www.organisator.ch\/wp-content\/uploads\/2020\/10\/Lueften-in-Bueros-zum-Nationalsport-machen_Organisator.jpg","contentUrl":"https:\/\/www.organisator.ch\/wp-content\/uploads\/2020\/10\/Lueften-in-Bueros-zum-Nationalsport-machen_Organisator.jpg","width":680,"height":304,"caption":"Soll L\u00fcften in B\u00fcros spielerisch erleichtern: Der CO2-Sensor CARU air. (Bild: CARU AG)"},{"@type":"BreadcrumbList","@id":"https:\/\/www.organisator.ch\/human-resources\/fit_im_job\/2020-10-14\/lueften-in-bueros-zum-nationalsport-machen\/#breadcrumb","itemListElement":[{"@type":"ListItem","position":1,"name":"Home","item":"https:\/\/www.organisator.ch\/"},{"@type":"ListItem","position":2,"name":"L\u00fcften in B\u00fcros zum Nationalsport machen"}]},{"@type":"WebSite","@id":"https:\/\/www.organisator.ch\/#website","url":"https:\/\/www.organisator.ch\/","name":"Organizer","description":"Competent. Practical. In 10 issues per year, ORGANISATOR presents the essential topics for managers of SMEs.","publisher":{"@id":"https:\/\/www.organisator.ch\/#organization"},"potentialAction":[{"@type":"SearchAction","target":{"@type":"EntryPoint","urlTemplate":"https:\/\/www.organisator.ch\/?s={search_term_string}"},"query-input":{"@type":"PropertyValueSpecification","valueRequired":true,"valueName":"search_term_string"}}],"inLanguage":"en-US"},{"@type":"Organization","@id":"https:\/\/www.organisator.ch\/#organization","name":"Organizer","url":"https:\/\/www.organisator.ch\/","logo":{"@type":"ImageObject","inLanguage":"en-US","@id":"https:\/\/www.organisator.ch\/#\/schema\/logo\/image\/","url":"https:\/\/www.organisator.ch\/wp-content\/uploads\/2022\/01\/Logo_Organisator_Website.png","contentUrl":"https:\/\/www.organisator.ch\/wp-content\/uploads\/2022\/01\/Logo_Organisator_Website.png","width":800,"height":77,"caption":"Organisator"},"image":{"@id":"https:\/\/www.organisator.ch\/#\/schema\/logo\/image\/"},"sameAs":["https:\/\/www.facebook.com\/OrganisatorFachmagazin","https:\/\/www.linkedin.com\/showcase\/organisator-das-magazin-fr-kmu","https:\/\/www.xing.com\/news\/pages\/organisator-ch-695","https:\/\/www.youtube.com\/channel\/UCGP2Sq0iWaZwT3BdIAQFYpw"]},{"@type":"Person","@id":"https:\/\/www.organisator.ch\/#\/schema\/person\/6f650f90b2842cd4c0cc334b4e36f67e","name":"thomas.berner","image":{"@type":"ImageObject","inLanguage":"en-US","@id":"https:\/\/secure.gravatar.com\/avatar\/ac5001d2a36cb6c6cd3e50789007ffca834b477b74a2144564522e944eabff61?s=96&d=mm&r=g","url":"https:\/\/secure.gravatar.com\/avatar\/ac5001d2a36cb6c6cd3e50789007ffca834b477b74a2144564522e944eabff61?s=96&d=mm&r=g","contentUrl":"https:\/\/secure.gravatar.com\/avatar\/ac5001d2a36cb6c6cd3e50789007ffca834b477b74a2144564522e944eabff61?s=96&d=mm&r=g","caption":"thomas.berner"},"url":"https:\/\/www.organisator.ch\/en\/author\/thomas-berner\/"}]}},"_links":{"self":[{"href":"https:\/\/www.organisator.ch\/en\/wp-json\/wp\/v2\/posts\/7221","targetHints":{"allow":["GET"]}}],"collection":[{"href":"https:\/\/www.organisator.ch\/en\/wp-json\/wp\/v2\/posts"}],"about":[{"href":"https:\/\/www.organisator.ch\/en\/wp-json\/wp\/v2\/types\/post"}],"author":[{"embeddable":true,"href":"https:\/\/www.organisator.ch\/en\/wp-json\/wp\/v2\/users\/4"}],"replies":[{"embeddable":true,"href":"https:\/\/www.organisator.ch\/en\/wp-json\/wp\/v2\/comments?post=7221"}],"version-history":[{"count":0,"href":"https:\/\/www.organisator.ch\/en\/wp-json\/wp\/v2\/posts\/7221\/revisions"}],"wp:featuredmedia":[{"embeddable":true,"href":"https:\/\/www.organisator.ch\/en\/wp-json\/wp\/v2\/media\/7222"}],"wp:attachment":[{"href":"https:\/\/www.organisator.ch\/en\/wp-json\/wp\/v2\/media?parent=7221"}],"wp:term":[{"taxonomy":"category","embeddable":true,"href":"https:\/\/www.organisator.ch\/en\/wp-json\/wp\/v2\/categories?post=7221"},{"taxonomy":"post_tag","embeddable":true,"href":"https:\/\/www.organisator.ch\/en\/wp-json\/wp\/v2\/tags?post=7221"}],"curies":[{"name":"wp","href":"https:\/\/api.w.org\/{rel}","templated":true}]}}