{"id":7231,"date":"2020-10-19T11:07:06","date_gmt":"2020-10-19T09:07:06","guid":{"rendered":"https:\/\/www.organisator.ch\/?p=7231"},"modified":"2020-10-19T11:07:06","modified_gmt":"2020-10-19T09:07:06","slug":"schweizer-kmu-tag-wird-auf-2021-verschoben","status":"publish","type":"post","link":"https:\/\/www.organisator.ch\/en\/allgemein\/2020-10-19\/schweizer-kmu-tag-wird-auf-2021-verschoben\/","title":{"rendered":"Swiss SME Day to be postponed until 2021"},"content":{"rendered":"<figure id=\"attachment_7232\" aria-describedby=\"caption-attachment-7232\" style=\"width: 680px\" class=\"wp-caption alignnone\"><img loading=\"lazy\" decoding=\"async\" class=\"size-medium wp-image-7232\" src=\"https:\/\/www.organisator.ch\/wp-content\/uploads\/2020\/10\/Schweizer-KMU-Tag-wird-auf-2021-verschoben_Organisator.jpg\" alt=\"\" width=\"680\" height=\"203\" srcset=\"https:\/\/www.organisator.ch\/wp-content\/uploads\/2020\/10\/Schweizer-KMU-Tag-wird-auf-2021-verschoben_Organisator.jpg 680w, https:\/\/www.organisator.ch\/wp-content\/uploads\/2020\/10\/Schweizer-KMU-Tag-wird-auf-2021-verschoben_Organisator-16x5.jpg 16w, https:\/\/www.organisator.ch\/wp-content\/uploads\/2020\/10\/Schweizer-KMU-Tag-wird-auf-2021-verschoben_Organisator-375x112.jpg 375w, https:\/\/www.organisator.ch\/wp-content\/uploads\/2020\/10\/Schweizer-KMU-Tag-wird-auf-2021-verschoben_Organisator-300x90.jpg 300w\" sizes=\"auto, (max-width: 680px) 100vw, 680px\" \/><figcaption id=\"caption-attachment-7232\" class=\"wp-caption-text\">Despite comprehensive Covid 19 protection concept: Swiss SME Day 2020 must be postponed until next year. (<a href=\"http:\/\/www.kmu-tag.ch\">www.kmu-tag.ch<\/a>)<\/figcaption><\/figure>\n<p>The Swiss SME Day in St.Gallen planned for October 23, 2020 will be postponed to next year. It will now take place on October 22, 2021. The reason for the postponement is the covid protection measures tightened at short notice by the Federal Council in the new ordinance. They have now proved to be too great an obstacle to keep the mixture of technical input in presentations and discussions and the cultivation and expansion of the personal network still reasonably feasible. It seems that the conference motto \"SMEs and surprises - bang on!\" is once again proving to be truer than one could wish.<\/p>\n<h2>Swiss SME Day focuses on health protection<\/h2>\n<p>\"We were prepared to hold this important SME networking event with a comprehensive protection concept,\" explains Tobias Wolf, member of the organizing committee: \"Although some guests rebooked for the streaming option, there would still have been over 800 participants on site.\" For Swiss SME Day, however, the focus is on protecting health - just as it is in small and medium-sized enterprises (SMEs) themselves - and thus helping to contain the pandemic. And this includes a complete implementation of the measures prescribed by the authorities: Admittedly, RFID tracing on SME Day would have gone much further than prescribed. However, the 100-second sectors ordered at short notice in the lecture room and correspondingly also in the catering cannot be implemented at the Swiss SME Day with justifiable effort.<\/p>\n<h2>Hope for understanding<\/h2>\n<p>Although the organizers regret the postponement, they are certain that the Swiss SME scene will understand and remain loyal to the event next year. In any case, the tickets sold will retain their validity. New details about the program will be announced later.<\/p>\n<p><em><a href=\"http:\/\/www.kmu-tag.ch\">www.kmu-tag.ch<\/a><\/em><\/p>","protected":false},"excerpt":{"rendered":"<p>Der f\u00fcr den 23. Oktober 2020 geplante Schweizer KMU-Tag in St.Gallen wird auf n\u00e4chstes Jahr verschoben. Neu findet er am 22. Oktober 2021 statt. Grund f\u00fcr die Verschiebung sind die kurzfristig vom Bundesrat in der neuen Verordnung versch\u00e4rften Covid-Schutzmassnahmen. Sie haben sich nun als eine zu grosse H\u00fcrde erwiesen, um die Mischung aus fachlichen Inputs [&hellip;]<\/p>\n","protected":false},"author":4,"featured_media":7232,"comment_status":"closed","ping_status":"closed","sticky":false,"template":"","format":"standard","meta":{"_acf_changed":false,"_yoast_wpseo_focuskw":"Schweizer KMU-Tag","_yoast_wpseo_metadesc":"Der Schweizer KMU-Tag, geplant f\u00fcr den 23. Oktober, wird um ein Jahr verschoben. Er findet neu am 22. Oktober 2021 statt.","articlekey":"","footnotes":""},"categories":[1],"tags":[193,492,508],"class_list":["post-7231","post","type-post","status-publish","format-standard","has-post-thumbnail","hentry","category-allgemein","tag-fachkongressfachmesse","tag-unternehmen","tag-vermischtes"],"acf":[],"yoast_head":"<!-- This site is optimized with the Yoast SEO plugin v27.4 - https:\/\/yoast.com\/product\/yoast-seo-wordpress\/ -->\n<title>Schweizer KMU-Tag wird auf 2021 verschoben - Organisator<\/title>\n<meta name=\"description\" content=\"Der Schweizer KMU-Tag, geplant f\u00fcr den 23. Oktober, wird um ein Jahr verschoben. Er findet neu am 22. Oktober 2021 statt.\" \/>\n<meta name=\"robots\" content=\"index, follow, max-snippet:-1, max-image-preview:large, max-video-preview:-1\" \/>\n<link rel=\"canonical\" href=\"https:\/\/www.organisator.ch\/en\/general\/2020-10-19\/schweizer-kmu-tag-wird-auf-2021-verschoben\/\" \/>\n<meta property=\"og:locale\" content=\"en_US\" \/>\n<meta property=\"og:type\" content=\"article\" \/>\n<meta property=\"og:title\" content=\"Schweizer KMU-Tag wird auf 2021 verschoben\" \/>\n<meta property=\"og:description\" content=\"Der Schweizer KMU-Tag, geplant f\u00fcr den 23. Oktober, wird um ein Jahr verschoben. Er findet neu am 22. Oktober 2021 statt.\" \/>\n<meta property=\"og:url\" content=\"https:\/\/www.organisator.ch\/en\/general\/2020-10-19\/schweizer-kmu-tag-wird-auf-2021-verschoben\/\" \/>\n<meta property=\"og:site_name\" content=\"Organisator\" \/>\n<meta property=\"article:publisher\" content=\"https:\/\/www.facebook.com\/OrganisatorFachmagazin\" \/>\n<meta property=\"article:published_time\" content=\"2020-10-19T09:07:06+00:00\" \/>\n<meta property=\"og:image\" content=\"https:\/\/www.organisator.ch\/wp-content\/uploads\/2020\/10\/Schweizer-KMU-Tag-wird-auf-2021-verschoben_Organisator.jpg\" \/>\n\t<meta property=\"og:image:width\" content=\"680\" \/>\n\t<meta property=\"og:image:height\" content=\"203\" \/>\n\t<meta property=\"og:image:type\" content=\"image\/jpeg\" \/>\n<meta name=\"author\" content=\"thomas.berner\" \/>\n<meta name=\"twitter:card\" content=\"summary_large_image\" \/>\n<meta name=\"twitter:title\" content=\"Schweizer #KMU-Tag wird auf 2021 verschoben\" \/>\n<meta name=\"twitter:description\" content=\"Der Schweizer #KMU-Tag, geplant f\u00fcr den 23. Oktober, wird um ein Jahr verschoben. Er findet neu am 22. Oktober 2021 statt.\" \/>\n<meta name=\"twitter:image\" content=\"https:\/\/www.organisator.ch\/wp-content\/uploads\/2020\/10\/Schweizer-KMU-Tag-wird-auf-2021-verschoben_Organisator.jpg\" \/>\n<script type=\"application\/ld+json\" class=\"yoast-schema-graph\">{\"@context\":\"https:\\\/\\\/schema.org\",\"@graph\":[{\"@type\":\"Article\",\"@id\":\"https:\\\/\\\/www.organisator.ch\\\/en\\\/general\\\/2020-10-19\\\/schweizer-kmu-tag-wird-auf-2021-verschoben\\\/#article\",\"isPartOf\":{\"@id\":\"https:\\\/\\\/www.organisator.ch\\\/en\\\/general\\\/2020-10-19\\\/schweizer-kmu-tag-wird-auf-2021-verschoben\\\/\"},\"author\":{\"name\":\"thomas.berner\",\"@id\":\"https:\\\/\\\/www.organisator.ch\\\/#\\\/schema\\\/person\\\/6f650f90b2842cd4c0cc334b4e36f67e\"},\"headline\":\"Schweizer KMU-Tag wird auf 2021 verschoben\",\"datePublished\":\"2020-10-19T09:07:06+00:00\",\"mainEntityOfPage\":{\"@id\":\"https:\\\/\\\/www.organisator.ch\\\/en\\\/general\\\/2020-10-19\\\/schweizer-kmu-tag-wird-auf-2021-verschoben\\\/\"},\"wordCount\":307,\"publisher\":{\"@id\":\"https:\\\/\\\/www.organisator.ch\\\/#organization\"},\"image\":{\"@id\":\"https:\\\/\\\/www.organisator.ch\\\/en\\\/general\\\/2020-10-19\\\/schweizer-kmu-tag-wird-auf-2021-verschoben\\\/#primaryimage\"},\"thumbnailUrl\":\"https:\\\/\\\/www.organisator.ch\\\/wp-content\\\/uploads\\\/2020\\\/10\\\/Schweizer-KMU-Tag-wird-auf-2021-verschoben_Organisator.jpg\",\"keywords\":[\"Fachkongress\\\/Fachmesse\",\"Unternehmen\",\"Vermischtes\"],\"articleSection\":[\"Allgemein\"],\"inLanguage\":\"en-US\"},{\"@type\":\"WebPage\",\"@id\":\"https:\\\/\\\/www.organisator.ch\\\/en\\\/general\\\/2020-10-19\\\/schweizer-kmu-tag-wird-auf-2021-verschoben\\\/\",\"url\":\"https:\\\/\\\/www.organisator.ch\\\/en\\\/general\\\/2020-10-19\\\/schweizer-kmu-tag-wird-auf-2021-verschoben\\\/\",\"name\":\"Schweizer KMU-Tag wird auf 2021 verschoben - Organisator\",\"isPartOf\":{\"@id\":\"https:\\\/\\\/www.organisator.ch\\\/#website\"},\"primaryImageOfPage\":{\"@id\":\"https:\\\/\\\/www.organisator.ch\\\/en\\\/general\\\/2020-10-19\\\/schweizer-kmu-tag-wird-auf-2021-verschoben\\\/#primaryimage\"},\"image\":{\"@id\":\"https:\\\/\\\/www.organisator.ch\\\/en\\\/general\\\/2020-10-19\\\/schweizer-kmu-tag-wird-auf-2021-verschoben\\\/#primaryimage\"},\"thumbnailUrl\":\"https:\\\/\\\/www.organisator.ch\\\/wp-content\\\/uploads\\\/2020\\\/10\\\/Schweizer-KMU-Tag-wird-auf-2021-verschoben_Organisator.jpg\",\"datePublished\":\"2020-10-19T09:07:06+00:00\",\"description\":\"Der Schweizer KMU-Tag, geplant f\u00fcr den 23. Oktober, wird um ein Jahr verschoben. Er findet neu am 22. Oktober 2021 statt.\",\"breadcrumb\":{\"@id\":\"https:\\\/\\\/www.organisator.ch\\\/en\\\/general\\\/2020-10-19\\\/schweizer-kmu-tag-wird-auf-2021-verschoben\\\/#breadcrumb\"},\"inLanguage\":\"en-US\",\"potentialAction\":[{\"@type\":\"ReadAction\",\"target\":[\"https:\\\/\\\/www.organisator.ch\\\/en\\\/general\\\/2020-10-19\\\/schweizer-kmu-tag-wird-auf-2021-verschoben\\\/\"]}]},{\"@type\":\"ImageObject\",\"inLanguage\":\"en-US\",\"@id\":\"https:\\\/\\\/www.organisator.ch\\\/en\\\/general\\\/2020-10-19\\\/schweizer-kmu-tag-wird-auf-2021-verschoben\\\/#primaryimage\",\"url\":\"https:\\\/\\\/www.organisator.ch\\\/wp-content\\\/uploads\\\/2020\\\/10\\\/Schweizer-KMU-Tag-wird-auf-2021-verschoben_Organisator.jpg\",\"contentUrl\":\"https:\\\/\\\/www.organisator.ch\\\/wp-content\\\/uploads\\\/2020\\\/10\\\/Schweizer-KMU-Tag-wird-auf-2021-verschoben_Organisator.jpg\",\"width\":680,\"height\":203,\"caption\":\"Trotz umfangreichem Covid-19-Schutzkonzept: Der Schweizer KMU-Tag 2020 muss auf n\u00e4chstes Jahr verschoben werden. (www.kmu-tag.ch)\"},{\"@type\":\"BreadcrumbList\",\"@id\":\"https:\\\/\\\/www.organisator.ch\\\/en\\\/general\\\/2020-10-19\\\/schweizer-kmu-tag-wird-auf-2021-verschoben\\\/#breadcrumb\",\"itemListElement\":[{\"@type\":\"ListItem\",\"position\":1,\"name\":\"Home\",\"item\":\"https:\\\/\\\/www.organisator.ch\\\/\"},{\"@type\":\"ListItem\",\"position\":2,\"name\":\"Schweizer KMU-Tag wird auf 2021 verschoben\"}]},{\"@type\":\"WebSite\",\"@id\":\"https:\\\/\\\/www.organisator.ch\\\/#website\",\"url\":\"https:\\\/\\\/www.organisator.ch\\\/\",\"name\":\"Organisator\",\"description\":\"Kompetent. Praxisnah. Der ORGANISATOR bereitet in 10 Ausgaben pro Jahr die wesentlichen Themen f\u00fcr F\u00fchrungskr\u00e4fte von KMU auf.\",\"publisher\":{\"@id\":\"https:\\\/\\\/www.organisator.ch\\\/#organization\"},\"potentialAction\":[{\"@type\":\"SearchAction\",\"target\":{\"@type\":\"EntryPoint\",\"urlTemplate\":\"https:\\\/\\\/www.organisator.ch\\\/?s={search_term_string}\"},\"query-input\":{\"@type\":\"PropertyValueSpecification\",\"valueRequired\":true,\"valueName\":\"search_term_string\"}}],\"inLanguage\":\"en-US\"},{\"@type\":\"Organization\",\"@id\":\"https:\\\/\\\/www.organisator.ch\\\/#organization\",\"name\":\"Organisator\",\"url\":\"https:\\\/\\\/www.organisator.ch\\\/\",\"logo\":{\"@type\":\"ImageObject\",\"inLanguage\":\"en-US\",\"@id\":\"https:\\\/\\\/www.organisator.ch\\\/#\\\/schema\\\/logo\\\/image\\\/\",\"url\":\"https:\\\/\\\/www.organisator.ch\\\/wp-content\\\/uploads\\\/2022\\\/01\\\/Logo_Organisator_Website.png\",\"contentUrl\":\"https:\\\/\\\/www.organisator.ch\\\/wp-content\\\/uploads\\\/2022\\\/01\\\/Logo_Organisator_Website.png\",\"width\":800,\"height\":77,\"caption\":\"Organisator\"},\"image\":{\"@id\":\"https:\\\/\\\/www.organisator.ch\\\/#\\\/schema\\\/logo\\\/image\\\/\"},\"sameAs\":[\"https:\\\/\\\/www.facebook.com\\\/OrganisatorFachmagazin\",\"https:\\\/\\\/www.linkedin.com\\\/showcase\\\/organisator-das-magazin-fr-kmu\",\"https:\\\/\\\/www.xing.com\\\/news\\\/pages\\\/organisator-ch-695\",\"https:\\\/\\\/www.youtube.com\\\/channel\\\/UCGP2Sq0iWaZwT3BdIAQFYpw\"]},{\"@type\":\"Person\",\"@id\":\"https:\\\/\\\/www.organisator.ch\\\/#\\\/schema\\\/person\\\/6f650f90b2842cd4c0cc334b4e36f67e\",\"name\":\"thomas.berner\",\"image\":{\"@type\":\"ImageObject\",\"inLanguage\":\"en-US\",\"@id\":\"https:\\\/\\\/secure.gravatar.com\\\/avatar\\\/ac5001d2a36cb6c6cd3e50789007ffca834b477b74a2144564522e944eabff61?s=96&d=mm&r=g\",\"url\":\"https:\\\/\\\/secure.gravatar.com\\\/avatar\\\/ac5001d2a36cb6c6cd3e50789007ffca834b477b74a2144564522e944eabff61?s=96&d=mm&r=g\",\"contentUrl\":\"https:\\\/\\\/secure.gravatar.com\\\/avatar\\\/ac5001d2a36cb6c6cd3e50789007ffca834b477b74a2144564522e944eabff61?s=96&d=mm&r=g\",\"caption\":\"thomas.berner\"},\"url\":\"https:\\\/\\\/www.organisator.ch\\\/en\\\/author\\\/thomas-berner\\\/\"}]}<\/script>\n<!-- \/ Yoast SEO plugin. -->","yoast_head_json":{"title":"Swiss SME Day to be postponed until 2021 - organizer","description":"The Swiss SME Day, planned for October 23, will be postponed by one year. It will now take place on October 22, 2021.","robots":{"index":"index","follow":"follow","max-snippet":"max-snippet:-1","max-image-preview":"max-image-preview:large","max-video-preview":"max-video-preview:-1"},"canonical":"https:\/\/www.organisator.ch\/en\/general\/2020-10-19\/schweizer-kmu-tag-wird-auf-2021-verschoben\/","og_locale":"en_US","og_type":"article","og_title":"Schweizer KMU-Tag wird auf 2021 verschoben","og_description":"Der Schweizer KMU-Tag, geplant f\u00fcr den 23. Oktober, wird um ein Jahr verschoben. Er findet neu am 22. Oktober 2021 statt.","og_url":"https:\/\/www.organisator.ch\/en\/general\/2020-10-19\/schweizer-kmu-tag-wird-auf-2021-verschoben\/","og_site_name":"Organisator","article_publisher":"https:\/\/www.facebook.com\/OrganisatorFachmagazin","article_published_time":"2020-10-19T09:07:06+00:00","og_image":[{"width":680,"height":203,"url":"https:\/\/www.organisator.ch\/wp-content\/uploads\/2020\/10\/Schweizer-KMU-Tag-wird-auf-2021-verschoben_Organisator.jpg","type":"image\/jpeg"}],"author":"thomas.berner","twitter_card":"summary_large_image","twitter_title":"Schweizer #KMU-Tag wird auf 2021 verschoben","twitter_description":"Der Schweizer #KMU-Tag, geplant f\u00fcr den 23. Oktober, wird um ein Jahr verschoben. Er findet neu am 22. Oktober 2021 statt.","twitter_image":"https:\/\/www.organisator.ch\/wp-content\/uploads\/2020\/10\/Schweizer-KMU-Tag-wird-auf-2021-verschoben_Organisator.jpg","schema":{"@context":"https:\/\/schema.org","@graph":[{"@type":"Article","@id":"https:\/\/www.organisator.ch\/en\/general\/2020-10-19\/schweizer-kmu-tag-wird-auf-2021-verschoben\/#article","isPartOf":{"@id":"https:\/\/www.organisator.ch\/en\/general\/2020-10-19\/schweizer-kmu-tag-wird-auf-2021-verschoben\/"},"author":{"name":"thomas.berner","@id":"https:\/\/www.organisator.ch\/#\/schema\/person\/6f650f90b2842cd4c0cc334b4e36f67e"},"headline":"Schweizer KMU-Tag wird auf 2021 verschoben","datePublished":"2020-10-19T09:07:06+00:00","mainEntityOfPage":{"@id":"https:\/\/www.organisator.ch\/en\/general\/2020-10-19\/schweizer-kmu-tag-wird-auf-2021-verschoben\/"},"wordCount":307,"publisher":{"@id":"https:\/\/www.organisator.ch\/#organization"},"image":{"@id":"https:\/\/www.organisator.ch\/en\/general\/2020-10-19\/schweizer-kmu-tag-wird-auf-2021-verschoben\/#primaryimage"},"thumbnailUrl":"https:\/\/www.organisator.ch\/wp-content\/uploads\/2020\/10\/Schweizer-KMU-Tag-wird-auf-2021-verschoben_Organisator.jpg","keywords":["Fachkongress\/Fachmesse","Unternehmen","Vermischtes"],"articleSection":["Allgemein"],"inLanguage":"en-US"},{"@type":"WebPage","@id":"https:\/\/www.organisator.ch\/en\/general\/2020-10-19\/schweizer-kmu-tag-wird-auf-2021-verschoben\/","url":"https:\/\/www.organisator.ch\/en\/general\/2020-10-19\/schweizer-kmu-tag-wird-auf-2021-verschoben\/","name":"Swiss SME Day to be postponed until 2021 - organizer","isPartOf":{"@id":"https:\/\/www.organisator.ch\/#website"},"primaryImageOfPage":{"@id":"https:\/\/www.organisator.ch\/en\/general\/2020-10-19\/schweizer-kmu-tag-wird-auf-2021-verschoben\/#primaryimage"},"image":{"@id":"https:\/\/www.organisator.ch\/en\/general\/2020-10-19\/schweizer-kmu-tag-wird-auf-2021-verschoben\/#primaryimage"},"thumbnailUrl":"https:\/\/www.organisator.ch\/wp-content\/uploads\/2020\/10\/Schweizer-KMU-Tag-wird-auf-2021-verschoben_Organisator.jpg","datePublished":"2020-10-19T09:07:06+00:00","description":"The Swiss SME Day, planned for October 23, will be postponed by one year. It will now take place on October 22, 2021.","breadcrumb":{"@id":"https:\/\/www.organisator.ch\/en\/general\/2020-10-19\/schweizer-kmu-tag-wird-auf-2021-verschoben\/#breadcrumb"},"inLanguage":"en-US","potentialAction":[{"@type":"ReadAction","target":["https:\/\/www.organisator.ch\/en\/general\/2020-10-19\/schweizer-kmu-tag-wird-auf-2021-verschoben\/"]}]},{"@type":"ImageObject","inLanguage":"en-US","@id":"https:\/\/www.organisator.ch\/en\/general\/2020-10-19\/schweizer-kmu-tag-wird-auf-2021-verschoben\/#primaryimage","url":"https:\/\/www.organisator.ch\/wp-content\/uploads\/2020\/10\/Schweizer-KMU-Tag-wird-auf-2021-verschoben_Organisator.jpg","contentUrl":"https:\/\/www.organisator.ch\/wp-content\/uploads\/2020\/10\/Schweizer-KMU-Tag-wird-auf-2021-verschoben_Organisator.jpg","width":680,"height":203,"caption":"Trotz umfangreichem Covid-19-Schutzkonzept: Der Schweizer KMU-Tag 2020 muss auf n\u00e4chstes Jahr verschoben werden. (www.kmu-tag.ch)"},{"@type":"BreadcrumbList","@id":"https:\/\/www.organisator.ch\/en\/general\/2020-10-19\/schweizer-kmu-tag-wird-auf-2021-verschoben\/#breadcrumb","itemListElement":[{"@type":"ListItem","position":1,"name":"Home","item":"https:\/\/www.organisator.ch\/"},{"@type":"ListItem","position":2,"name":"Schweizer KMU-Tag wird auf 2021 verschoben"}]},{"@type":"WebSite","@id":"https:\/\/www.organisator.ch\/#website","url":"https:\/\/www.organisator.ch\/","name":"Organizer","description":"Competent. Practical. In 10 issues per year, ORGANISATOR presents the essential topics for managers of SMEs.","publisher":{"@id":"https:\/\/www.organisator.ch\/#organization"},"potentialAction":[{"@type":"SearchAction","target":{"@type":"EntryPoint","urlTemplate":"https:\/\/www.organisator.ch\/?s={search_term_string}"},"query-input":{"@type":"PropertyValueSpecification","valueRequired":true,"valueName":"search_term_string"}}],"inLanguage":"en-US"},{"@type":"Organization","@id":"https:\/\/www.organisator.ch\/#organization","name":"Organizer","url":"https:\/\/www.organisator.ch\/","logo":{"@type":"ImageObject","inLanguage":"en-US","@id":"https:\/\/www.organisator.ch\/#\/schema\/logo\/image\/","url":"https:\/\/www.organisator.ch\/wp-content\/uploads\/2022\/01\/Logo_Organisator_Website.png","contentUrl":"https:\/\/www.organisator.ch\/wp-content\/uploads\/2022\/01\/Logo_Organisator_Website.png","width":800,"height":77,"caption":"Organisator"},"image":{"@id":"https:\/\/www.organisator.ch\/#\/schema\/logo\/image\/"},"sameAs":["https:\/\/www.facebook.com\/OrganisatorFachmagazin","https:\/\/www.linkedin.com\/showcase\/organisator-das-magazin-fr-kmu","https:\/\/www.xing.com\/news\/pages\/organisator-ch-695","https:\/\/www.youtube.com\/channel\/UCGP2Sq0iWaZwT3BdIAQFYpw"]},{"@type":"Person","@id":"https:\/\/www.organisator.ch\/#\/schema\/person\/6f650f90b2842cd4c0cc334b4e36f67e","name":"thomas.berner","image":{"@type":"ImageObject","inLanguage":"en-US","@id":"https:\/\/secure.gravatar.com\/avatar\/ac5001d2a36cb6c6cd3e50789007ffca834b477b74a2144564522e944eabff61?s=96&d=mm&r=g","url":"https:\/\/secure.gravatar.com\/avatar\/ac5001d2a36cb6c6cd3e50789007ffca834b477b74a2144564522e944eabff61?s=96&d=mm&r=g","contentUrl":"https:\/\/secure.gravatar.com\/avatar\/ac5001d2a36cb6c6cd3e50789007ffca834b477b74a2144564522e944eabff61?s=96&d=mm&r=g","caption":"thomas.berner"},"url":"https:\/\/www.organisator.ch\/en\/author\/thomas-berner\/"}]}},"_links":{"self":[{"href":"https:\/\/www.organisator.ch\/en\/wp-json\/wp\/v2\/posts\/7231","targetHints":{"allow":["GET"]}}],"collection":[{"href":"https:\/\/www.organisator.ch\/en\/wp-json\/wp\/v2\/posts"}],"about":[{"href":"https:\/\/www.organisator.ch\/en\/wp-json\/wp\/v2\/types\/post"}],"author":[{"embeddable":true,"href":"https:\/\/www.organisator.ch\/en\/wp-json\/wp\/v2\/users\/4"}],"replies":[{"embeddable":true,"href":"https:\/\/www.organisator.ch\/en\/wp-json\/wp\/v2\/comments?post=7231"}],"version-history":[{"count":0,"href":"https:\/\/www.organisator.ch\/en\/wp-json\/wp\/v2\/posts\/7231\/revisions"}],"wp:featuredmedia":[{"embeddable":true,"href":"https:\/\/www.organisator.ch\/en\/wp-json\/wp\/v2\/media\/7232"}],"wp:attachment":[{"href":"https:\/\/www.organisator.ch\/en\/wp-json\/wp\/v2\/media?parent=7231"}],"wp:term":[{"taxonomy":"category","embeddable":true,"href":"https:\/\/www.organisator.ch\/en\/wp-json\/wp\/v2\/categories?post=7231"},{"taxonomy":"post_tag","embeddable":true,"href":"https:\/\/www.organisator.ch\/en\/wp-json\/wp\/v2\/tags?post=7231"}],"curies":[{"name":"wp","href":"https:\/\/api.w.org\/{rel}","templated":true}]}}