{"id":7266,"date":"2020-10-28T07:50:54","date_gmt":"2020-10-28T06:50:54","guid":{"rendered":"https:\/\/www.organisator.ch\/?p=7266"},"modified":"2020-10-28T07:50:54","modified_gmt":"2020-10-28T06:50:54","slug":"opaccconnect2020-ein-event-direkt-bei-den-kunden","status":"publish","type":"post","link":"https:\/\/www.organisator.ch\/en\/management\/it\/2020-10-28\/opaccconnect2020-ein-event-direkt-bei-den-kunden\/","title":{"rendered":"OpaccConnect2020: An event directly with customers"},"content":{"rendered":"<figure id=\"attachment_7267\" aria-describedby=\"caption-attachment-7267\" style=\"width: 680px\" class=\"wp-caption alignnone\"><img loading=\"lazy\" decoding=\"async\" class=\"size-medium wp-image-7267\" src=\"https:\/\/www.organisator.ch\/wp-content\/uploads\/2020\/10\/OpaccConnect2020-Ein-Event-direkt-bei-den-Kunden_Organisator.jpg\" alt=\"\" width=\"680\" height=\"454\" srcset=\"https:\/\/www.organisator.ch\/wp-content\/uploads\/2020\/10\/OpaccConnect2020-Ein-Event-direkt-bei-den-Kunden_Organisator.jpg 680w, https:\/\/www.organisator.ch\/wp-content\/uploads\/2020\/10\/OpaccConnect2020-Ein-Event-direkt-bei-den-Kunden_Organisator-16x12.jpg 16w, https:\/\/www.organisator.ch\/wp-content\/uploads\/2020\/10\/OpaccConnect2020-Ein-Event-direkt-bei-den-Kunden_Organisator-262x175.jpg 262w, https:\/\/www.organisator.ch\/wp-content\/uploads\/2020\/10\/OpaccConnect2020-Ein-Event-direkt-bei-den-Kunden_Organisator-524x350.jpg 524w, https:\/\/www.organisator.ch\/wp-content\/uploads\/2020\/10\/OpaccConnect2020-Ein-Event-direkt-bei-den-Kunden_Organisator-300x200.jpg 300w\" sizes=\"auto, (max-width: 680px) 100vw, 680px\" \/><figcaption id=\"caption-attachment-7267\" class=\"wp-caption-text\">Beat Bussmann and moderator Sascha Ruefer at OpaccConnect2020. (Image: Opacc)<\/figcaption><\/figure>\n<p>This idea - born in the Corona emergency - turned out to be a stroke of luck: More than 400 participants at dozens of customers of the software manufacturer from central Switzerland had the innovations of OpaccConnect2020 presented live in their own offices. What in other years was done with a large customer event with a marquee or other function rooms, was now staged with decentralized events. More than 25 MyConnect arrangements were booked, where at least five customer representatives followed the live stream in their own offices and were personally accompanied by a project manager. Daniel Preisig, IT manager at M\u00f6bel Pfister, was enthusiastic on behalf of many other Opacc customers: \"A really great live session, very professional and competent, that makes you want more!<\/p>\n<h2>OpaccConnect2020: Live with Sascha Ruefer<\/h2>\n<p>The four-hour live session was moderated by TV man Sascha Ruefer in an entertaining and humorous way. Prof. Ralf W\u00f6lfle presented the latest Commerce Report and explained trends in digital commerce. CEO Beat Bussmann and the responsible project managers were in constant action to bring as many of the numerous highlights as possible closer to the customers via the live session.<\/p>\n<h2>SmartCloud makes OpaccOXAS even more flexible for third-party applications<\/h2>\n<p>Opacc refers to the increasing merging of internal and external resources into a homogeneous whole as SmartCloud. These cloud integration services are available to Opacc customers at the push of a button without any initialization effort. For example, Opacc customers can immediately use third-party providers or external services, such as Moneyhouse (HR data on companies and individuals), deepl (translations), SMS messaging and much more.<\/p>\n<p>In the latest version, OpaccOXAS remains the backend of Opacc applications, but at the same time is expanded to become the actual platform. Beat Bussmann, CEO Opacc Software AG: \"As the backbone of digital marketing, the upcoming version also supports the seamless recording of all contacts with prospects and business partners. For this purpose, OpaccOXAS provides a powerful data container for recording these contacts, so-called touchpoints.\"<\/p>\n<h2>EnterpriseShop benefits from platform architecture<\/h2>\n<p>Opacc assumes that the next generation of WebShops will offer more customer group and customer-specific services and data. All sales and interaction channels must be represented. The latest EnterpriseShop version already masters the handling of this paradigm shift. At Connect - as an example - a simple application for the recognition and processing of address duplicates, which can arise in the context of self-registration processes, was presented.<\/p>\n<h2>Noticeable corona effect<\/h2>\n<p>According to Beat Bussmann, the effects of the Corona pandemic are also being felt at Opacc. For example, the digitalization push has triggered more e-business projects. \"Things are going better than ever in this respect,\" he stated. The company is happy to take the associated growth as a \"reward,\" because it does not have an actual growth strategy, but rather primarily pursues qualitative goals - which in turn lead to Opacc continuing to grow.<\/p>\n<p>Opacc is also known for its outstanding working conditions as an employer. The company recently received the Best Workplace Award in the SME category. Among the privileges that Opacc employees enjoy is the use of mobile devices, which make it easy to work from home - of crucial importance in Corona times, of course. Nevertheless, Beat Bussmann relies on the high level of personal responsibility of the employees. And despite everything, personal exchange remains important.<\/p>\n<p><em>Source and further information: <a href=\"https:\/\/www.opacc.ch\/\">Opacc<\/a><\/em><\/p>","protected":false},"excerpt":{"rendered":"<p>Diese Idee \u2013 in der Corona-Not geboren \u2013 wurde zum Gl\u00fccksfall: \u00dcber 400 Teilnehmende bei Dutzenden von Kunden des Innerschweizer Software-Herstellers liessen sich in den eigenen B\u00fcros die Neuheiten der OpaccConnect2020 live pr\u00e4sentieren. Was in anderen Jahren mit einer grossen Kundenveranstaltung mit Festzelt oder andern Veranstaltungsr\u00e4umen \u00fcber die B\u00fchne ging, wurde jetzt mit dezentralen Events [&hellip;]<\/p>\n","protected":false},"author":4,"featured_media":7267,"comment_status":"closed","ping_status":"closed","sticky":false,"template":"","format":"standard","meta":{"_acf_changed":false,"_yoast_wpseo_focuskw":"OpaccConnect2020","_yoast_wpseo_metadesc":"Mit dem Slogan \u00abDie Opacc kommt zu Ihnen\u00bb reisten im Rahmen des Events OpaccConnect2020 Kundenberater und Projektleiter direkt zu den Kunden.","articlekey":"","footnotes":""},"categories":[27],"tags":[286,288,492],"class_list":["post-7266","post","type-post","status-publish","format-standard","has-post-thumbnail","hentry","category-it","tag-it","tag-it-business-software","tag-unternehmen"],"acf":[],"yoast_head":"<!-- This site is optimized with the Yoast SEO plugin v27.4 - https:\/\/yoast.com\/product\/yoast-seo-wordpress\/ -->\n<title>OpaccConnect2020: Ein Event direkt bei den Kunden - Organisator<\/title>\n<meta name=\"description\" content=\"Mit dem Slogan \u00abDie Opacc kommt zu Ihnen\u00bb reisten im Rahmen des Events OpaccConnect2020 Kundenberater und Projektleiter direkt zu den Kunden.\" \/>\n<meta name=\"robots\" content=\"index, follow, max-snippet:-1, max-image-preview:large, max-video-preview:-1\" \/>\n<link rel=\"canonical\" href=\"https:\/\/www.organisator.ch\/en\/management\/it\/2020-10-28\/opaccconnect2020-ein-event-direkt-bei-den-kunden\/\" \/>\n<meta property=\"og:locale\" content=\"en_US\" \/>\n<meta property=\"og:type\" content=\"article\" \/>\n<meta property=\"og:title\" content=\"OpaccConnect2020: Ein Event direkt bei den Kunden\" \/>\n<meta property=\"og:description\" content=\"Mit dem Slogan \u00abDie Opacc kommt zu Ihnen\u00bb reisten im Rahmen des Events OpaccConnect2020 Kundenberater und Projektleiter direkt zu den Kunden.\" \/>\n<meta property=\"og:url\" content=\"https:\/\/www.organisator.ch\/en\/management\/it\/2020-10-28\/opaccconnect2020-ein-event-direkt-bei-den-kunden\/\" \/>\n<meta property=\"og:site_name\" content=\"Organisator\" \/>\n<meta property=\"article:publisher\" content=\"https:\/\/www.facebook.com\/OrganisatorFachmagazin\" \/>\n<meta property=\"article:published_time\" content=\"2020-10-28T06:50:54+00:00\" \/>\n<meta property=\"og:image\" content=\"https:\/\/www.organisator.ch\/wp-content\/uploads\/2020\/10\/OpaccConnect2020-Ein-Event-direkt-bei-den-Kunden_Organisator.jpg\" \/>\n\t<meta property=\"og:image:width\" content=\"680\" \/>\n\t<meta property=\"og:image:height\" content=\"454\" \/>\n\t<meta property=\"og:image:type\" content=\"image\/jpeg\" \/>\n<meta name=\"author\" content=\"thomas.berner\" \/>\n<meta name=\"twitter:card\" content=\"summary_large_image\" \/>\n<meta name=\"twitter:title\" content=\"#OpaccConnect2020: Ein Event direkt bei den Kunden\" \/>\n<meta name=\"twitter:description\" content=\"Mit dem Slogan \u00abDie #Opacc kommt zu Ihnen\u00bb reisten im Rahmen des Events #OpaccConnect2020 Kundenberater und Projektleiter direkt zu den Kunden.\" \/>\n<meta name=\"twitter:image\" content=\"https:\/\/www.organisator.ch\/wp-content\/uploads\/2020\/10\/OpaccConnect2020-Ein-Event-direkt-bei-den-Kunden_Organisator.jpg\" \/>\n<script type=\"application\/ld+json\" class=\"yoast-schema-graph\">{\"@context\":\"https:\\\/\\\/schema.org\",\"@graph\":[{\"@type\":\"Article\",\"@id\":\"https:\\\/\\\/www.organisator.ch\\\/management\\\/it\\\/2020-10-28\\\/opaccconnect2020-ein-event-direkt-bei-den-kunden\\\/#article\",\"isPartOf\":{\"@id\":\"https:\\\/\\\/www.organisator.ch\\\/management\\\/it\\\/2020-10-28\\\/opaccconnect2020-ein-event-direkt-bei-den-kunden\\\/\"},\"author\":{\"name\":\"thomas.berner\",\"@id\":\"https:\\\/\\\/www.organisator.ch\\\/#\\\/schema\\\/person\\\/6f650f90b2842cd4c0cc334b4e36f67e\"},\"headline\":\"OpaccConnect2020: Ein Event direkt bei den Kunden\",\"datePublished\":\"2020-10-28T06:50:54+00:00\",\"mainEntityOfPage\":{\"@id\":\"https:\\\/\\\/www.organisator.ch\\\/management\\\/it\\\/2020-10-28\\\/opaccconnect2020-ein-event-direkt-bei-den-kunden\\\/\"},\"wordCount\":564,\"publisher\":{\"@id\":\"https:\\\/\\\/www.organisator.ch\\\/#organization\"},\"image\":{\"@id\":\"https:\\\/\\\/www.organisator.ch\\\/management\\\/it\\\/2020-10-28\\\/opaccconnect2020-ein-event-direkt-bei-den-kunden\\\/#primaryimage\"},\"thumbnailUrl\":\"https:\\\/\\\/www.organisator.ch\\\/wp-content\\\/uploads\\\/2020\\\/10\\\/OpaccConnect2020-Ein-Event-direkt-bei-den-Kunden_Organisator.jpg\",\"keywords\":[\"IT\",\"IT &amp; Business Software\",\"Unternehmen\"],\"articleSection\":[\"IT\"],\"inLanguage\":\"en-US\"},{\"@type\":\"WebPage\",\"@id\":\"https:\\\/\\\/www.organisator.ch\\\/management\\\/it\\\/2020-10-28\\\/opaccconnect2020-ein-event-direkt-bei-den-kunden\\\/\",\"url\":\"https:\\\/\\\/www.organisator.ch\\\/management\\\/it\\\/2020-10-28\\\/opaccconnect2020-ein-event-direkt-bei-den-kunden\\\/\",\"name\":\"OpaccConnect2020: Ein Event direkt bei den Kunden - Organisator\",\"isPartOf\":{\"@id\":\"https:\\\/\\\/www.organisator.ch\\\/#website\"},\"primaryImageOfPage\":{\"@id\":\"https:\\\/\\\/www.organisator.ch\\\/management\\\/it\\\/2020-10-28\\\/opaccconnect2020-ein-event-direkt-bei-den-kunden\\\/#primaryimage\"},\"image\":{\"@id\":\"https:\\\/\\\/www.organisator.ch\\\/management\\\/it\\\/2020-10-28\\\/opaccconnect2020-ein-event-direkt-bei-den-kunden\\\/#primaryimage\"},\"thumbnailUrl\":\"https:\\\/\\\/www.organisator.ch\\\/wp-content\\\/uploads\\\/2020\\\/10\\\/OpaccConnect2020-Ein-Event-direkt-bei-den-Kunden_Organisator.jpg\",\"datePublished\":\"2020-10-28T06:50:54+00:00\",\"description\":\"Mit dem Slogan \u00abDie Opacc kommt zu Ihnen\u00bb reisten im Rahmen des Events OpaccConnect2020 Kundenberater und Projektleiter direkt zu den Kunden.\",\"breadcrumb\":{\"@id\":\"https:\\\/\\\/www.organisator.ch\\\/management\\\/it\\\/2020-10-28\\\/opaccconnect2020-ein-event-direkt-bei-den-kunden\\\/#breadcrumb\"},\"inLanguage\":\"en-US\",\"potentialAction\":[{\"@type\":\"ReadAction\",\"target\":[\"https:\\\/\\\/www.organisator.ch\\\/management\\\/it\\\/2020-10-28\\\/opaccconnect2020-ein-event-direkt-bei-den-kunden\\\/\"]}]},{\"@type\":\"ImageObject\",\"inLanguage\":\"en-US\",\"@id\":\"https:\\\/\\\/www.organisator.ch\\\/management\\\/it\\\/2020-10-28\\\/opaccconnect2020-ein-event-direkt-bei-den-kunden\\\/#primaryimage\",\"url\":\"https:\\\/\\\/www.organisator.ch\\\/wp-content\\\/uploads\\\/2020\\\/10\\\/OpaccConnect2020-Ein-Event-direkt-bei-den-Kunden_Organisator.jpg\",\"contentUrl\":\"https:\\\/\\\/www.organisator.ch\\\/wp-content\\\/uploads\\\/2020\\\/10\\\/OpaccConnect2020-Ein-Event-direkt-bei-den-Kunden_Organisator.jpg\",\"width\":680,\"height\":454,\"caption\":\"Beat Bussmann und Moderator Sascha Ruefer an der OpaccConnect2020. (Bild: Opacc)\"},{\"@type\":\"BreadcrumbList\",\"@id\":\"https:\\\/\\\/www.organisator.ch\\\/management\\\/it\\\/2020-10-28\\\/opaccconnect2020-ein-event-direkt-bei-den-kunden\\\/#breadcrumb\",\"itemListElement\":[{\"@type\":\"ListItem\",\"position\":1,\"name\":\"Home\",\"item\":\"https:\\\/\\\/www.organisator.ch\\\/\"},{\"@type\":\"ListItem\",\"position\":2,\"name\":\"OpaccConnect2020: Ein Event direkt bei den Kunden\"}]},{\"@type\":\"WebSite\",\"@id\":\"https:\\\/\\\/www.organisator.ch\\\/#website\",\"url\":\"https:\\\/\\\/www.organisator.ch\\\/\",\"name\":\"Organisator\",\"description\":\"Kompetent. Praxisnah. Der ORGANISATOR bereitet in 10 Ausgaben pro Jahr die wesentlichen Themen f\u00fcr F\u00fchrungskr\u00e4fte von KMU auf.\",\"publisher\":{\"@id\":\"https:\\\/\\\/www.organisator.ch\\\/#organization\"},\"potentialAction\":[{\"@type\":\"SearchAction\",\"target\":{\"@type\":\"EntryPoint\",\"urlTemplate\":\"https:\\\/\\\/www.organisator.ch\\\/?s={search_term_string}\"},\"query-input\":{\"@type\":\"PropertyValueSpecification\",\"valueRequired\":true,\"valueName\":\"search_term_string\"}}],\"inLanguage\":\"en-US\"},{\"@type\":\"Organization\",\"@id\":\"https:\\\/\\\/www.organisator.ch\\\/#organization\",\"name\":\"Organisator\",\"url\":\"https:\\\/\\\/www.organisator.ch\\\/\",\"logo\":{\"@type\":\"ImageObject\",\"inLanguage\":\"en-US\",\"@id\":\"https:\\\/\\\/www.organisator.ch\\\/#\\\/schema\\\/logo\\\/image\\\/\",\"url\":\"https:\\\/\\\/www.organisator.ch\\\/wp-content\\\/uploads\\\/2022\\\/01\\\/Logo_Organisator_Website.png\",\"contentUrl\":\"https:\\\/\\\/www.organisator.ch\\\/wp-content\\\/uploads\\\/2022\\\/01\\\/Logo_Organisator_Website.png\",\"width\":800,\"height\":77,\"caption\":\"Organisator\"},\"image\":{\"@id\":\"https:\\\/\\\/www.organisator.ch\\\/#\\\/schema\\\/logo\\\/image\\\/\"},\"sameAs\":[\"https:\\\/\\\/www.facebook.com\\\/OrganisatorFachmagazin\",\"https:\\\/\\\/www.linkedin.com\\\/showcase\\\/organisator-das-magazin-fr-kmu\",\"https:\\\/\\\/www.xing.com\\\/news\\\/pages\\\/organisator-ch-695\",\"https:\\\/\\\/www.youtube.com\\\/channel\\\/UCGP2Sq0iWaZwT3BdIAQFYpw\"]},{\"@type\":\"Person\",\"@id\":\"https:\\\/\\\/www.organisator.ch\\\/#\\\/schema\\\/person\\\/6f650f90b2842cd4c0cc334b4e36f67e\",\"name\":\"thomas.berner\",\"image\":{\"@type\":\"ImageObject\",\"inLanguage\":\"en-US\",\"@id\":\"https:\\\/\\\/secure.gravatar.com\\\/avatar\\\/ac5001d2a36cb6c6cd3e50789007ffca834b477b74a2144564522e944eabff61?s=96&d=mm&r=g\",\"url\":\"https:\\\/\\\/secure.gravatar.com\\\/avatar\\\/ac5001d2a36cb6c6cd3e50789007ffca834b477b74a2144564522e944eabff61?s=96&d=mm&r=g\",\"contentUrl\":\"https:\\\/\\\/secure.gravatar.com\\\/avatar\\\/ac5001d2a36cb6c6cd3e50789007ffca834b477b74a2144564522e944eabff61?s=96&d=mm&r=g\",\"caption\":\"thomas.berner\"},\"url\":\"https:\\\/\\\/www.organisator.ch\\\/en\\\/author\\\/thomas-berner\\\/\"}]}<\/script>\n<!-- \/ Yoast SEO plugin. -->","yoast_head_json":{"title":"OpaccConnect2020: An event directly at the customers - Organizer","description":"With the slogan \"Opacc comes to you\", customer consultants and project managers traveled directly to customers as part of the OpaccConnect2020 event.","robots":{"index":"index","follow":"follow","max-snippet":"max-snippet:-1","max-image-preview":"max-image-preview:large","max-video-preview":"max-video-preview:-1"},"canonical":"https:\/\/www.organisator.ch\/en\/management\/it\/2020-10-28\/opaccconnect2020-ein-event-direkt-bei-den-kunden\/","og_locale":"en_US","og_type":"article","og_title":"OpaccConnect2020: Ein Event direkt bei den Kunden","og_description":"Mit dem Slogan \u00abDie Opacc kommt zu Ihnen\u00bb reisten im Rahmen des Events OpaccConnect2020 Kundenberater und Projektleiter direkt zu den Kunden.","og_url":"https:\/\/www.organisator.ch\/en\/management\/it\/2020-10-28\/opaccconnect2020-ein-event-direkt-bei-den-kunden\/","og_site_name":"Organisator","article_publisher":"https:\/\/www.facebook.com\/OrganisatorFachmagazin","article_published_time":"2020-10-28T06:50:54+00:00","og_image":[{"width":680,"height":454,"url":"https:\/\/www.organisator.ch\/wp-content\/uploads\/2020\/10\/OpaccConnect2020-Ein-Event-direkt-bei-den-Kunden_Organisator.jpg","type":"image\/jpeg"}],"author":"thomas.berner","twitter_card":"summary_large_image","twitter_title":"#OpaccConnect2020: Ein Event direkt bei den Kunden","twitter_description":"Mit dem Slogan \u00abDie #Opacc kommt zu Ihnen\u00bb reisten im Rahmen des Events #OpaccConnect2020 Kundenberater und Projektleiter direkt zu den Kunden.","twitter_image":"https:\/\/www.organisator.ch\/wp-content\/uploads\/2020\/10\/OpaccConnect2020-Ein-Event-direkt-bei-den-Kunden_Organisator.jpg","schema":{"@context":"https:\/\/schema.org","@graph":[{"@type":"Article","@id":"https:\/\/www.organisator.ch\/management\/it\/2020-10-28\/opaccconnect2020-ein-event-direkt-bei-den-kunden\/#article","isPartOf":{"@id":"https:\/\/www.organisator.ch\/management\/it\/2020-10-28\/opaccconnect2020-ein-event-direkt-bei-den-kunden\/"},"author":{"name":"thomas.berner","@id":"https:\/\/www.organisator.ch\/#\/schema\/person\/6f650f90b2842cd4c0cc334b4e36f67e"},"headline":"OpaccConnect2020: Ein Event direkt bei den Kunden","datePublished":"2020-10-28T06:50:54+00:00","mainEntityOfPage":{"@id":"https:\/\/www.organisator.ch\/management\/it\/2020-10-28\/opaccconnect2020-ein-event-direkt-bei-den-kunden\/"},"wordCount":564,"publisher":{"@id":"https:\/\/www.organisator.ch\/#organization"},"image":{"@id":"https:\/\/www.organisator.ch\/management\/it\/2020-10-28\/opaccconnect2020-ein-event-direkt-bei-den-kunden\/#primaryimage"},"thumbnailUrl":"https:\/\/www.organisator.ch\/wp-content\/uploads\/2020\/10\/OpaccConnect2020-Ein-Event-direkt-bei-den-Kunden_Organisator.jpg","keywords":["IT","IT &amp; Business Software","Unternehmen"],"articleSection":["IT"],"inLanguage":"en-US"},{"@type":"WebPage","@id":"https:\/\/www.organisator.ch\/management\/it\/2020-10-28\/opaccconnect2020-ein-event-direkt-bei-den-kunden\/","url":"https:\/\/www.organisator.ch\/management\/it\/2020-10-28\/opaccconnect2020-ein-event-direkt-bei-den-kunden\/","name":"OpaccConnect2020: An event directly at the customers - Organizer","isPartOf":{"@id":"https:\/\/www.organisator.ch\/#website"},"primaryImageOfPage":{"@id":"https:\/\/www.organisator.ch\/management\/it\/2020-10-28\/opaccconnect2020-ein-event-direkt-bei-den-kunden\/#primaryimage"},"image":{"@id":"https:\/\/www.organisator.ch\/management\/it\/2020-10-28\/opaccconnect2020-ein-event-direkt-bei-den-kunden\/#primaryimage"},"thumbnailUrl":"https:\/\/www.organisator.ch\/wp-content\/uploads\/2020\/10\/OpaccConnect2020-Ein-Event-direkt-bei-den-Kunden_Organisator.jpg","datePublished":"2020-10-28T06:50:54+00:00","description":"With the slogan \"Opacc comes to you\", customer consultants and project managers traveled directly to customers as part of the OpaccConnect2020 event.","breadcrumb":{"@id":"https:\/\/www.organisator.ch\/management\/it\/2020-10-28\/opaccconnect2020-ein-event-direkt-bei-den-kunden\/#breadcrumb"},"inLanguage":"en-US","potentialAction":[{"@type":"ReadAction","target":["https:\/\/www.organisator.ch\/management\/it\/2020-10-28\/opaccconnect2020-ein-event-direkt-bei-den-kunden\/"]}]},{"@type":"ImageObject","inLanguage":"en-US","@id":"https:\/\/www.organisator.ch\/management\/it\/2020-10-28\/opaccconnect2020-ein-event-direkt-bei-den-kunden\/#primaryimage","url":"https:\/\/www.organisator.ch\/wp-content\/uploads\/2020\/10\/OpaccConnect2020-Ein-Event-direkt-bei-den-Kunden_Organisator.jpg","contentUrl":"https:\/\/www.organisator.ch\/wp-content\/uploads\/2020\/10\/OpaccConnect2020-Ein-Event-direkt-bei-den-Kunden_Organisator.jpg","width":680,"height":454,"caption":"Beat Bussmann und Moderator Sascha Ruefer an der OpaccConnect2020. (Bild: Opacc)"},{"@type":"BreadcrumbList","@id":"https:\/\/www.organisator.ch\/management\/it\/2020-10-28\/opaccconnect2020-ein-event-direkt-bei-den-kunden\/#breadcrumb","itemListElement":[{"@type":"ListItem","position":1,"name":"Home","item":"https:\/\/www.organisator.ch\/"},{"@type":"ListItem","position":2,"name":"OpaccConnect2020: Ein Event direkt bei den Kunden"}]},{"@type":"WebSite","@id":"https:\/\/www.organisator.ch\/#website","url":"https:\/\/www.organisator.ch\/","name":"Organizer","description":"Competent. Practical. In 10 issues per year, ORGANISATOR presents the essential topics for managers of SMEs.","publisher":{"@id":"https:\/\/www.organisator.ch\/#organization"},"potentialAction":[{"@type":"SearchAction","target":{"@type":"EntryPoint","urlTemplate":"https:\/\/www.organisator.ch\/?s={search_term_string}"},"query-input":{"@type":"PropertyValueSpecification","valueRequired":true,"valueName":"search_term_string"}}],"inLanguage":"en-US"},{"@type":"Organization","@id":"https:\/\/www.organisator.ch\/#organization","name":"Organizer","url":"https:\/\/www.organisator.ch\/","logo":{"@type":"ImageObject","inLanguage":"en-US","@id":"https:\/\/www.organisator.ch\/#\/schema\/logo\/image\/","url":"https:\/\/www.organisator.ch\/wp-content\/uploads\/2022\/01\/Logo_Organisator_Website.png","contentUrl":"https:\/\/www.organisator.ch\/wp-content\/uploads\/2022\/01\/Logo_Organisator_Website.png","width":800,"height":77,"caption":"Organisator"},"image":{"@id":"https:\/\/www.organisator.ch\/#\/schema\/logo\/image\/"},"sameAs":["https:\/\/www.facebook.com\/OrganisatorFachmagazin","https:\/\/www.linkedin.com\/showcase\/organisator-das-magazin-fr-kmu","https:\/\/www.xing.com\/news\/pages\/organisator-ch-695","https:\/\/www.youtube.com\/channel\/UCGP2Sq0iWaZwT3BdIAQFYpw"]},{"@type":"Person","@id":"https:\/\/www.organisator.ch\/#\/schema\/person\/6f650f90b2842cd4c0cc334b4e36f67e","name":"thomas.berner","image":{"@type":"ImageObject","inLanguage":"en-US","@id":"https:\/\/secure.gravatar.com\/avatar\/ac5001d2a36cb6c6cd3e50789007ffca834b477b74a2144564522e944eabff61?s=96&d=mm&r=g","url":"https:\/\/secure.gravatar.com\/avatar\/ac5001d2a36cb6c6cd3e50789007ffca834b477b74a2144564522e944eabff61?s=96&d=mm&r=g","contentUrl":"https:\/\/secure.gravatar.com\/avatar\/ac5001d2a36cb6c6cd3e50789007ffca834b477b74a2144564522e944eabff61?s=96&d=mm&r=g","caption":"thomas.berner"},"url":"https:\/\/www.organisator.ch\/en\/author\/thomas-berner\/"}]}},"_links":{"self":[{"href":"https:\/\/www.organisator.ch\/en\/wp-json\/wp\/v2\/posts\/7266","targetHints":{"allow":["GET"]}}],"collection":[{"href":"https:\/\/www.organisator.ch\/en\/wp-json\/wp\/v2\/posts"}],"about":[{"href":"https:\/\/www.organisator.ch\/en\/wp-json\/wp\/v2\/types\/post"}],"author":[{"embeddable":true,"href":"https:\/\/www.organisator.ch\/en\/wp-json\/wp\/v2\/users\/4"}],"replies":[{"embeddable":true,"href":"https:\/\/www.organisator.ch\/en\/wp-json\/wp\/v2\/comments?post=7266"}],"version-history":[{"count":0,"href":"https:\/\/www.organisator.ch\/en\/wp-json\/wp\/v2\/posts\/7266\/revisions"}],"wp:featuredmedia":[{"embeddable":true,"href":"https:\/\/www.organisator.ch\/en\/wp-json\/wp\/v2\/media\/7267"}],"wp:attachment":[{"href":"https:\/\/www.organisator.ch\/en\/wp-json\/wp\/v2\/media?parent=7266"}],"wp:term":[{"taxonomy":"category","embeddable":true,"href":"https:\/\/www.organisator.ch\/en\/wp-json\/wp\/v2\/categories?post=7266"},{"taxonomy":"post_tag","embeddable":true,"href":"https:\/\/www.organisator.ch\/en\/wp-json\/wp\/v2\/tags?post=7266"}],"curies":[{"name":"wp","href":"https:\/\/api.w.org\/{rel}","templated":true}]}}