{"id":729,"date":"2016-09-23T16:31:31","date_gmt":"2016-09-23T14:31:31","guid":{"rendered":"http:\/\/dev.organisator.ch\/?p=729"},"modified":"2016-09-23T16:31:31","modified_gmt":"2016-09-23T14:31:31","slug":"brexit-keine-kurzfristigen-massnahmen","status":"publish","type":"post","link":"https:\/\/www.organisator.ch\/en\/allgemein\/2016-09-23\/brexit-keine-kurzfristigen-massnahmen\/","title":{"rendered":"Brexit: \"No short-term measures\""},"content":{"rendered":"<figure id=\"attachment_730\" aria-describedby=\"caption-attachment-730\" style=\"width: 480px\" class=\"wp-caption alignnone\"><img loading=\"lazy\" decoding=\"async\" class=\"size-full wp-image-730\" src=\"https:\/\/www.organisator.ch\/wp-content\/uploads\/2016\/12\/Brexit-22Keine-kurzfristigen-Massnahmen22-organisator.jpg\" alt=\"\" width=\"480\" height=\"640\" srcset=\"https:\/\/www.organisator.ch\/wp-content\/uploads\/2016\/12\/Brexit-22Keine-kurzfristigen-Massnahmen22-organisator.jpg 480w, https:\/\/www.organisator.ch\/wp-content\/uploads\/2016\/12\/Brexit-22Keine-kurzfristigen-Massnahmen22-organisator-9x12.jpg 9w, https:\/\/www.organisator.ch\/wp-content\/uploads\/2016\/12\/Brexit-22Keine-kurzfristigen-Massnahmen22-organisator-131x175.jpg 131w, https:\/\/www.organisator.ch\/wp-content\/uploads\/2016\/12\/Brexit-22Keine-kurzfristigen-Massnahmen22-organisator-263x350.jpg 263w, https:\/\/www.organisator.ch\/wp-content\/uploads\/2016\/12\/Brexit-22Keine-kurzfristigen-Massnahmen22-organisator-300x400.jpg 300w\" sizes=\"auto, (max-width: 480px) 100vw, 480px\" \/><figcaption id=\"caption-attachment-730\" class=\"wp-caption-text\">Andr\u00e9 Frei of Partners Group: \"We believe in a globally diversified investment approach\". (Photo: zVg)<\/figcaption><\/figure>\n<p><em>Your employees are probably the most important factor in the success of your company. How do you ensure that you find the right skilled workers? Are you affected by the immigration initiative in Switzerland and do you feel a shortage of skilled workers?<\/em><\/p>\n<p>You are right, our employees are indeed the decisive success factor for our company, and we attach the greatest importance to hiring the best talent worldwide. To ensure this, all applicants undergo an intensive interview process lasting several hours or spread over several days, during which we place particular emphasis on \"cultural fit\" in addition to qualifications and work experience, in order to promote a team-oriented corporate culture with a long-term focus.<\/p>\n<p>As we are a very globally positioned company, the immigration initiative affects us much less than companies that have the majority of their workforce in Switzerland and rely on international specialists on site. Our more than 850 employees are spread across 19 offices worldwide, and we recruit globally accordingly. As one of the leading private market specialists in an industry with rapidly growing demand, we received around 15,000 applications for around 100 vacancies last year.<\/p>\n<p>We are therefore in the comfortable position that many qualified talents want to work for us and approach us directly. While we don't have to complain about a shortage of skilled workers on a global basis, the Zug site, our \"headquarters\", is, however, dependent on regular work permits for qualified applicants, and that is why we are in close contact with the local employment office.<\/p>\n<p><em>Will the Swiss financial center gain relative importance after BREXIT?<\/em><\/p>\n<p>First and foremost is the question of whether the UK can retain passporting, which allows companies such as banks, insurance companies and asset managers to offer financial services in the EU from the UK. If passporting is retained, the changes will be limited and we should not see a substantial shift of labor from one financial center to another - such as from London to Frankfurt. If, on the other hand, contrary to expectations, a scenario were to occur in which passporting for the UK could not be maintained, then relocations would occur. However, Switzerland must first do its homework and adapt its financial market regulation to international standards in order to be able to cut a slice of the cake. In particular, this involves adopting the FinSA and FinIA and obtaining a certificate of equivalence, e.g. from the EU. If this happens, then locations such as Zurich or Geneva will be serious competitors to the EU locations Frankfurt, Paris or Milan, despite high labor costs, thanks to decades of experience for banks and asset managers. However, we will have to wait until the negotiations between the EU and the UK take shape, which may still take years. As Partners Group, we feel well positioned with our offices in Europe, which are partly inside and partly outside the EU, and are therefore not taking any short-term measures at the moment.<\/p>\n<p><em>What impact will BREXIT have on your company?<\/em><\/p>\n<p>Every participant in the financial markets - including Partners Group - is directly and\/or indirectly affected by a BREXIT. For our company itself, however, the impact is manageable because less than 3% of our sales are booked in British pounds and the devaluation of the currency compared to the Swiss franc will therefore only have a marginal impact on our results. However, we have many customers in the UK and of course there is currently some uncertainty with regard to investments. However, we firmly believe that UK institutional investors will continue to be interested in private market investments for yield and diversification reasons, even if the country will no longer be part of the EU. On the investment side, we think the impact will be limited in the medium term, as only around 6% of our assets under management are invested in the UK, and not all assets will be equally affected by BREXIT. Especially here we feel confirmed in our global investment approach.<\/p>\n<p><em>What is Partners Group's recipe for success?<\/em><\/p>\n<p>We focus on private markets, there on equity and debt capital for medium-sized companies, as well as real estate and infrastructure investments. To this end, we have built a global platform with 19 offices and over 850 employees. Thanks to this, we can compare investment opportunities and make investments in all private markets worldwide.<\/p>\n<p>Events such as BREXIT highlight the risks of those investment strategies that focus solely on one country, industry and\/or sector. At Partners Group, we believe very strongly in a globally diversified investment approach to minimize the risks for our investors, and this is also true for our client base. For example, around one third of our assets under management come from German-speaking Europe, one third from the Anglo-Saxon region and one third from the rest of the world. Our income is thus also correspondingly broadly diversified, which plays an important role in the stability of our company.<\/p>\n<p><em>In what light do you see the current year?<\/em><\/p>\n<p>The investment environment is broadly the same as in 2015. Valuations are at high levels given high liquidity in the market and we cannot expect our investments to achieve return targets \"only\" via global economic growth. We need to actively add value to our portfolio, which we do, among other things, with specialists in various industries (such as telecommunications or medical) working for us and being part of the investment process. In addition, we pursue a very long-term investment horizon in our asset classes. Specifically, we make investments in companies, real estate and infrastructure assets to develop them over a period of 4-8 years. We can live well with long holding periods, as we can basically decide for ourselves when is the best time to exit. This is a key advantage of the private markets compared with the public markets (equity markets): the maturities for the majority of our products are ten to twelve years, and over this period we need to achieve the best possible return.<\/p>\n<p>In the first half of 2016, we received capital commitments from our clients in the amount of EUR 4.6 billion, spread across all asset classes, thus increasing total assets under management to EUR 49 billion. For the full year 2016, we expect new capital commitments from our clients in the amount of EUR 8-9 billion.<\/p>\n<p><em>Andr\u00e9 Frei will speak on November 14 at the <a href=\"http:\/\/www.europaforum.ch\" target=\"_blank\" rel=\"noreferrer noopener\" data-cke-saved-href=\"http:\/\/www.europaforum.ch\">Europe Forum Lucerne<\/a>. He is Co-CEO of the <a href=\"http:\/\/www.partnersgroup.com\" target=\"_blank\" rel=\"noreferrer noopener\" data-cke-saved-href=\"http:\/\/www.partnersgroup.com\">Partners Group<\/a>, a global private markets investment manager with over 850 institutional investors worldwide.<\/em><\/p>","protected":false},"excerpt":{"rendered":"<p>Ihre Mitarbeiter sind der wohl wichtigste Faktor f\u00fcr den Erfolg ihres Unternehmens. Wie stellen Sie sicher, dass Sie die richtigen Fachkr\u00e4fte finden? Sind Sie dabei von der Zuwanderungsinitiative in der Schweiz betroffen und sp\u00fcren einen Mangel an Fachkr\u00e4ften? Sie haben Recht, unsere Mitarbeiter sind tats\u00e4chlich der entscheidende Erfolgsfaktor f\u00fcr unser Unternehmen und wir legen gr\u00f6ssten [&hellip;]<\/p>\n","protected":false},"author":1,"featured_media":730,"comment_status":"open","ping_status":"open","sticky":false,"template":"","format":"standard","meta":{"_acf_changed":false,"_yoast_wpseo_focuskw":"Brexit","_yoast_wpseo_metadesc":"Offene und flexible Arbeitsm\u00e4rkte sind das Herz einer Volkswirtschaft. Andererseits st\u00f6sst die unbeschr\u00e4nkte Zuwanderung auf politischen Widerstand.","articlekey":"","footnotes":""},"categories":[1],"tags":[193,508],"class_list":["post-729","post","type-post","status-publish","format-standard","has-post-thumbnail","hentry","category-allgemein","tag-fachkongressfachmesse","tag-vermischtes"],"acf":[],"yoast_head":"<!-- This site is optimized with the Yoast SEO plugin v27.5 - https:\/\/yoast.com\/product\/yoast-seo-wordpress\/ -->\n<title>Brexit: &quot;Keine kurzfristigen Massnahmen&quot; - Organisator<\/title>\n<meta name=\"description\" content=\"Offene und flexible Arbeitsm\u00e4rkte sind das Herz einer Volkswirtschaft. Andererseits st\u00f6sst die unbeschr\u00e4nkte Zuwanderung auf politischen Widerstand.\" \/>\n<meta name=\"robots\" content=\"index, follow, max-snippet:-1, max-image-preview:large, max-video-preview:-1\" \/>\n<link rel=\"canonical\" href=\"https:\/\/www.organisator.ch\/en\/general\/2016-09-23\/brexit-keine-kurzfristigen-massnahmen\/\" \/>\n<meta property=\"og:locale\" content=\"en_US\" \/>\n<meta property=\"og:type\" content=\"article\" \/>\n<meta property=\"og:title\" content=\"Brexit: &quot;Keine kurzfristigen Massnahmen&quot;\" \/>\n<meta property=\"og:description\" content=\"Offene und flexible Arbeitsm\u00e4rkte sind das Herz einer Volkswirtschaft. Andererseits st\u00f6sst die unbeschr\u00e4nkte Zuwanderung auf politischen Widerstand. Der BREXIT hat diese Ausgangslage nicht entsch\u00e4rft. Vor diesem Hintergrund wird am Europa Forum Luzern vom 14. November, dem Gipfeltreffen von Wirtschaft, Wissenschaft und Politik \u00fcber die Zukunft der Schweiz in Europa diskutiert. Im Vorfeld unterhielten wir uns mit Andr\u00e9 Frei, Co-CEO der Partners Group.\" \/>\n<meta property=\"og:url\" content=\"https:\/\/www.organisator.ch\/en\/general\/2016-09-23\/brexit-keine-kurzfristigen-massnahmen\/\" \/>\n<meta property=\"og:site_name\" content=\"Organisator\" \/>\n<meta property=\"article:publisher\" content=\"https:\/\/www.facebook.com\/OrganisatorFachmagazin\" \/>\n<meta property=\"article:published_time\" content=\"2016-09-23T14:31:31+00:00\" \/>\n<meta name=\"author\" content=\"admin\" \/>\n<meta name=\"twitter:card\" content=\"summary_large_image\" \/>\n<meta name=\"twitter:image\" content=\"https:\/\/www.organisator.ch\/wp-content\/uploads\/2016\/12\/Brexit-22Keine-kurzfristigen-Massnahmen22-organisator.jpg\" \/>\n<script type=\"application\/ld+json\" class=\"yoast-schema-graph\">{\"@context\":\"https:\\\/\\\/schema.org\",\"@graph\":[{\"@type\":\"Article\",\"@id\":\"https:\\\/\\\/www.organisator.ch\\\/de\\\/allgemein\\\/2016-09-23\\\/brexit-keine-kurzfristigen-massnahmen\\\/#article\",\"isPartOf\":{\"@id\":\"https:\\\/\\\/www.organisator.ch\\\/de\\\/allgemein\\\/2016-09-23\\\/brexit-keine-kurzfristigen-massnahmen\\\/\"},\"author\":{\"name\":\"admin\",\"@id\":\"https:\\\/\\\/www.organisator.ch\\\/#\\\/schema\\\/person\\\/aa2bace6c5c5aad60102004a50c4eb1c\"},\"headline\":\"Brexit: &#8222;Keine kurzfristigen Massnahmen&#8220;\",\"datePublished\":\"2016-09-23T14:31:31+00:00\",\"mainEntityOfPage\":{\"@id\":\"https:\\\/\\\/www.organisator.ch\\\/de\\\/allgemein\\\/2016-09-23\\\/brexit-keine-kurzfristigen-massnahmen\\\/\"},\"wordCount\":1100,\"commentCount\":0,\"publisher\":{\"@id\":\"https:\\\/\\\/www.organisator.ch\\\/#organization\"},\"image\":{\"@id\":\"https:\\\/\\\/www.organisator.ch\\\/de\\\/allgemein\\\/2016-09-23\\\/brexit-keine-kurzfristigen-massnahmen\\\/#primaryimage\"},\"thumbnailUrl\":\"https:\\\/\\\/www.organisator.ch\\\/wp-content\\\/uploads\\\/2016\\\/12\\\/Brexit-22Keine-kurzfristigen-Massnahmen22-organisator.jpg\",\"keywords\":[\"Fachkongress\\\/Fachmesse\",\"Vermischtes\"],\"articleSection\":[\"Allgemein\"],\"inLanguage\":\"en-US\"},{\"@type\":\"WebPage\",\"@id\":\"https:\\\/\\\/www.organisator.ch\\\/de\\\/allgemein\\\/2016-09-23\\\/brexit-keine-kurzfristigen-massnahmen\\\/\",\"url\":\"https:\\\/\\\/www.organisator.ch\\\/de\\\/allgemein\\\/2016-09-23\\\/brexit-keine-kurzfristigen-massnahmen\\\/\",\"name\":\"Brexit: \\\"Keine kurzfristigen Massnahmen\\\" - Organisator\",\"isPartOf\":{\"@id\":\"https:\\\/\\\/www.organisator.ch\\\/#website\"},\"primaryImageOfPage\":{\"@id\":\"https:\\\/\\\/www.organisator.ch\\\/de\\\/allgemein\\\/2016-09-23\\\/brexit-keine-kurzfristigen-massnahmen\\\/#primaryimage\"},\"image\":{\"@id\":\"https:\\\/\\\/www.organisator.ch\\\/de\\\/allgemein\\\/2016-09-23\\\/brexit-keine-kurzfristigen-massnahmen\\\/#primaryimage\"},\"thumbnailUrl\":\"https:\\\/\\\/www.organisator.ch\\\/wp-content\\\/uploads\\\/2016\\\/12\\\/Brexit-22Keine-kurzfristigen-Massnahmen22-organisator.jpg\",\"datePublished\":\"2016-09-23T14:31:31+00:00\",\"description\":\"Offene und flexible Arbeitsm\u00e4rkte sind das Herz einer Volkswirtschaft. Andererseits st\u00f6sst die unbeschr\u00e4nkte Zuwanderung auf politischen Widerstand.\",\"breadcrumb\":{\"@id\":\"https:\\\/\\\/www.organisator.ch\\\/de\\\/allgemein\\\/2016-09-23\\\/brexit-keine-kurzfristigen-massnahmen\\\/#breadcrumb\"},\"inLanguage\":\"en-US\",\"potentialAction\":[{\"@type\":\"ReadAction\",\"target\":[\"https:\\\/\\\/www.organisator.ch\\\/de\\\/allgemein\\\/2016-09-23\\\/brexit-keine-kurzfristigen-massnahmen\\\/\"]}]},{\"@type\":\"ImageObject\",\"inLanguage\":\"en-US\",\"@id\":\"https:\\\/\\\/www.organisator.ch\\\/de\\\/allgemein\\\/2016-09-23\\\/brexit-keine-kurzfristigen-massnahmen\\\/#primaryimage\",\"url\":\"https:\\\/\\\/www.organisator.ch\\\/wp-content\\\/uploads\\\/2016\\\/12\\\/Brexit-22Keine-kurzfristigen-Massnahmen22-organisator.jpg\",\"contentUrl\":\"https:\\\/\\\/www.organisator.ch\\\/wp-content\\\/uploads\\\/2016\\\/12\\\/Brexit-22Keine-kurzfristigen-Massnahmen22-organisator.jpg\",\"width\":480,\"height\":640,\"caption\":\"Andr\u00e9 Frei von Partners Group: \\\"Wir glauben an einen global diversifizierten Investitionsansatz\\\". (Foto: zVg)\"},{\"@type\":\"BreadcrumbList\",\"@id\":\"https:\\\/\\\/www.organisator.ch\\\/de\\\/allgemein\\\/2016-09-23\\\/brexit-keine-kurzfristigen-massnahmen\\\/#breadcrumb\",\"itemListElement\":[{\"@type\":\"ListItem\",\"position\":1,\"name\":\"Home\",\"item\":\"https:\\\/\\\/www.organisator.ch\\\/\"},{\"@type\":\"ListItem\",\"position\":2,\"name\":\"Brexit: &#8222;Keine kurzfristigen Massnahmen&#8220;\"}]},{\"@type\":\"WebSite\",\"@id\":\"https:\\\/\\\/www.organisator.ch\\\/#website\",\"url\":\"https:\\\/\\\/www.organisator.ch\\\/\",\"name\":\"Organisator\",\"description\":\"Kompetent. Praxisnah. Der ORGANISATOR bereitet in 10 Ausgaben pro Jahr die wesentlichen Themen f\u00fcr F\u00fchrungskr\u00e4fte von KMU auf.\",\"publisher\":{\"@id\":\"https:\\\/\\\/www.organisator.ch\\\/#organization\"},\"potentialAction\":[{\"@type\":\"SearchAction\",\"target\":{\"@type\":\"EntryPoint\",\"urlTemplate\":\"https:\\\/\\\/www.organisator.ch\\\/?s={search_term_string}\"},\"query-input\":{\"@type\":\"PropertyValueSpecification\",\"valueRequired\":true,\"valueName\":\"search_term_string\"}}],\"inLanguage\":\"en-US\"},{\"@type\":\"Organization\",\"@id\":\"https:\\\/\\\/www.organisator.ch\\\/#organization\",\"name\":\"Organisator\",\"url\":\"https:\\\/\\\/www.organisator.ch\\\/\",\"logo\":{\"@type\":\"ImageObject\",\"inLanguage\":\"en-US\",\"@id\":\"https:\\\/\\\/www.organisator.ch\\\/#\\\/schema\\\/logo\\\/image\\\/\",\"url\":\"https:\\\/\\\/www.organisator.ch\\\/wp-content\\\/uploads\\\/2022\\\/01\\\/Logo_Organisator_Website.png\",\"contentUrl\":\"https:\\\/\\\/www.organisator.ch\\\/wp-content\\\/uploads\\\/2022\\\/01\\\/Logo_Organisator_Website.png\",\"width\":800,\"height\":77,\"caption\":\"Organisator\"},\"image\":{\"@id\":\"https:\\\/\\\/www.organisator.ch\\\/#\\\/schema\\\/logo\\\/image\\\/\"},\"sameAs\":[\"https:\\\/\\\/www.facebook.com\\\/OrganisatorFachmagazin\",\"https:\\\/\\\/www.linkedin.com\\\/showcase\\\/organisator-das-magazin-fr-kmu\",\"https:\\\/\\\/www.xing.com\\\/news\\\/pages\\\/organisator-ch-695\",\"https:\\\/\\\/www.youtube.com\\\/channel\\\/UCGP2Sq0iWaZwT3BdIAQFYpw\"]},{\"@type\":\"Person\",\"@id\":\"https:\\\/\\\/www.organisator.ch\\\/#\\\/schema\\\/person\\\/aa2bace6c5c5aad60102004a50c4eb1c\",\"name\":\"admin\",\"image\":{\"@type\":\"ImageObject\",\"inLanguage\":\"en-US\",\"@id\":\"https:\\\/\\\/secure.gravatar.com\\\/avatar\\\/ae2f4d718e6c49043e314ce431e7e645d646302a24a5ef5a8bc8e3f5a032e319?s=96&d=mm&r=g\",\"url\":\"https:\\\/\\\/secure.gravatar.com\\\/avatar\\\/ae2f4d718e6c49043e314ce431e7e645d646302a24a5ef5a8bc8e3f5a032e319?s=96&d=mm&r=g\",\"contentUrl\":\"https:\\\/\\\/secure.gravatar.com\\\/avatar\\\/ae2f4d718e6c49043e314ce431e7e645d646302a24a5ef5a8bc8e3f5a032e319?s=96&d=mm&r=g\",\"caption\":\"admin\"},\"sameAs\":[\"https:\\\/\\\/www.organisator.ch\"],\"url\":\"https:\\\/\\\/www.organisator.ch\\\/en\\\/author\\\/admin\\\/\"}]}<\/script>\n<!-- \/ Yoast SEO plugin. -->","yoast_head_json":{"title":"Brexit: \"No short-term measures\" - organizer","description":"Open and flexible labor markets are the heart of an economy. On the other hand, unrestricted immigration meets with political resistance.","robots":{"index":"index","follow":"follow","max-snippet":"max-snippet:-1","max-image-preview":"max-image-preview:large","max-video-preview":"max-video-preview:-1"},"canonical":"https:\/\/www.organisator.ch\/en\/general\/2016-09-23\/brexit-keine-kurzfristigen-massnahmen\/","og_locale":"en_US","og_type":"article","og_title":"Brexit: \"Keine kurzfristigen Massnahmen\"","og_description":"Offene und flexible Arbeitsm\u00e4rkte sind das Herz einer Volkswirtschaft. Andererseits st\u00f6sst die unbeschr\u00e4nkte Zuwanderung auf politischen Widerstand. Der BREXIT hat diese Ausgangslage nicht entsch\u00e4rft. Vor diesem Hintergrund wird am Europa Forum Luzern vom 14. November, dem Gipfeltreffen von Wirtschaft, Wissenschaft und Politik \u00fcber die Zukunft der Schweiz in Europa diskutiert. Im Vorfeld unterhielten wir uns mit Andr\u00e9 Frei, Co-CEO der Partners Group.","og_url":"https:\/\/www.organisator.ch\/en\/general\/2016-09-23\/brexit-keine-kurzfristigen-massnahmen\/","og_site_name":"Organisator","article_publisher":"https:\/\/www.facebook.com\/OrganisatorFachmagazin","article_published_time":"2016-09-23T14:31:31+00:00","author":"admin","twitter_card":"summary_large_image","twitter_image":"https:\/\/www.organisator.ch\/wp-content\/uploads\/2016\/12\/Brexit-22Keine-kurzfristigen-Massnahmen22-organisator.jpg","schema":{"@context":"https:\/\/schema.org","@graph":[{"@type":"Article","@id":"https:\/\/www.organisator.ch\/de\/allgemein\/2016-09-23\/brexit-keine-kurzfristigen-massnahmen\/#article","isPartOf":{"@id":"https:\/\/www.organisator.ch\/de\/allgemein\/2016-09-23\/brexit-keine-kurzfristigen-massnahmen\/"},"author":{"name":"admin","@id":"https:\/\/www.organisator.ch\/#\/schema\/person\/aa2bace6c5c5aad60102004a50c4eb1c"},"headline":"Brexit: &#8222;Keine kurzfristigen Massnahmen&#8220;","datePublished":"2016-09-23T14:31:31+00:00","mainEntityOfPage":{"@id":"https:\/\/www.organisator.ch\/de\/allgemein\/2016-09-23\/brexit-keine-kurzfristigen-massnahmen\/"},"wordCount":1100,"commentCount":0,"publisher":{"@id":"https:\/\/www.organisator.ch\/#organization"},"image":{"@id":"https:\/\/www.organisator.ch\/de\/allgemein\/2016-09-23\/brexit-keine-kurzfristigen-massnahmen\/#primaryimage"},"thumbnailUrl":"https:\/\/www.organisator.ch\/wp-content\/uploads\/2016\/12\/Brexit-22Keine-kurzfristigen-Massnahmen22-organisator.jpg","keywords":["Fachkongress\/Fachmesse","Vermischtes"],"articleSection":["Allgemein"],"inLanguage":"en-US"},{"@type":"WebPage","@id":"https:\/\/www.organisator.ch\/de\/allgemein\/2016-09-23\/brexit-keine-kurzfristigen-massnahmen\/","url":"https:\/\/www.organisator.ch\/de\/allgemein\/2016-09-23\/brexit-keine-kurzfristigen-massnahmen\/","name":"Brexit: \"No short-term measures\" - organizer","isPartOf":{"@id":"https:\/\/www.organisator.ch\/#website"},"primaryImageOfPage":{"@id":"https:\/\/www.organisator.ch\/de\/allgemein\/2016-09-23\/brexit-keine-kurzfristigen-massnahmen\/#primaryimage"},"image":{"@id":"https:\/\/www.organisator.ch\/de\/allgemein\/2016-09-23\/brexit-keine-kurzfristigen-massnahmen\/#primaryimage"},"thumbnailUrl":"https:\/\/www.organisator.ch\/wp-content\/uploads\/2016\/12\/Brexit-22Keine-kurzfristigen-Massnahmen22-organisator.jpg","datePublished":"2016-09-23T14:31:31+00:00","description":"Open and flexible labor markets are the heart of an economy. On the other hand, unrestricted immigration meets with political resistance.","breadcrumb":{"@id":"https:\/\/www.organisator.ch\/de\/allgemein\/2016-09-23\/brexit-keine-kurzfristigen-massnahmen\/#breadcrumb"},"inLanguage":"en-US","potentialAction":[{"@type":"ReadAction","target":["https:\/\/www.organisator.ch\/de\/allgemein\/2016-09-23\/brexit-keine-kurzfristigen-massnahmen\/"]}]},{"@type":"ImageObject","inLanguage":"en-US","@id":"https:\/\/www.organisator.ch\/de\/allgemein\/2016-09-23\/brexit-keine-kurzfristigen-massnahmen\/#primaryimage","url":"https:\/\/www.organisator.ch\/wp-content\/uploads\/2016\/12\/Brexit-22Keine-kurzfristigen-Massnahmen22-organisator.jpg","contentUrl":"https:\/\/www.organisator.ch\/wp-content\/uploads\/2016\/12\/Brexit-22Keine-kurzfristigen-Massnahmen22-organisator.jpg","width":480,"height":640,"caption":"Andr\u00e9 Frei von Partners Group: \"Wir glauben an einen global diversifizierten Investitionsansatz\". (Foto: zVg)"},{"@type":"BreadcrumbList","@id":"https:\/\/www.organisator.ch\/de\/allgemein\/2016-09-23\/brexit-keine-kurzfristigen-massnahmen\/#breadcrumb","itemListElement":[{"@type":"ListItem","position":1,"name":"Home","item":"https:\/\/www.organisator.ch\/"},{"@type":"ListItem","position":2,"name":"Brexit: &#8222;Keine kurzfristigen Massnahmen&#8220;"}]},{"@type":"WebSite","@id":"https:\/\/www.organisator.ch\/#website","url":"https:\/\/www.organisator.ch\/","name":"Organizer","description":"Competent. Practical. In 10 issues per year, ORGANISATOR presents the essential topics for managers of SMEs.","publisher":{"@id":"https:\/\/www.organisator.ch\/#organization"},"potentialAction":[{"@type":"SearchAction","target":{"@type":"EntryPoint","urlTemplate":"https:\/\/www.organisator.ch\/?s={search_term_string}"},"query-input":{"@type":"PropertyValueSpecification","valueRequired":true,"valueName":"search_term_string"}}],"inLanguage":"en-US"},{"@type":"Organization","@id":"https:\/\/www.organisator.ch\/#organization","name":"Organizer","url":"https:\/\/www.organisator.ch\/","logo":{"@type":"ImageObject","inLanguage":"en-US","@id":"https:\/\/www.organisator.ch\/#\/schema\/logo\/image\/","url":"https:\/\/www.organisator.ch\/wp-content\/uploads\/2022\/01\/Logo_Organisator_Website.png","contentUrl":"https:\/\/www.organisator.ch\/wp-content\/uploads\/2022\/01\/Logo_Organisator_Website.png","width":800,"height":77,"caption":"Organisator"},"image":{"@id":"https:\/\/www.organisator.ch\/#\/schema\/logo\/image\/"},"sameAs":["https:\/\/www.facebook.com\/OrganisatorFachmagazin","https:\/\/www.linkedin.com\/showcase\/organisator-das-magazin-fr-kmu","https:\/\/www.xing.com\/news\/pages\/organisator-ch-695","https:\/\/www.youtube.com\/channel\/UCGP2Sq0iWaZwT3BdIAQFYpw"]},{"@type":"Person","@id":"https:\/\/www.organisator.ch\/#\/schema\/person\/aa2bace6c5c5aad60102004a50c4eb1c","name":"admin","image":{"@type":"ImageObject","inLanguage":"en-US","@id":"https:\/\/secure.gravatar.com\/avatar\/ae2f4d718e6c49043e314ce431e7e645d646302a24a5ef5a8bc8e3f5a032e319?s=96&d=mm&r=g","url":"https:\/\/secure.gravatar.com\/avatar\/ae2f4d718e6c49043e314ce431e7e645d646302a24a5ef5a8bc8e3f5a032e319?s=96&d=mm&r=g","contentUrl":"https:\/\/secure.gravatar.com\/avatar\/ae2f4d718e6c49043e314ce431e7e645d646302a24a5ef5a8bc8e3f5a032e319?s=96&d=mm&r=g","caption":"admin"},"sameAs":["https:\/\/www.organisator.ch"],"url":"https:\/\/www.organisator.ch\/en\/author\/admin\/"}]}},"_links":{"self":[{"href":"https:\/\/www.organisator.ch\/en\/wp-json\/wp\/v2\/posts\/729","targetHints":{"allow":["GET"]}}],"collection":[{"href":"https:\/\/www.organisator.ch\/en\/wp-json\/wp\/v2\/posts"}],"about":[{"href":"https:\/\/www.organisator.ch\/en\/wp-json\/wp\/v2\/types\/post"}],"author":[{"embeddable":true,"href":"https:\/\/www.organisator.ch\/en\/wp-json\/wp\/v2\/users\/1"}],"replies":[{"embeddable":true,"href":"https:\/\/www.organisator.ch\/en\/wp-json\/wp\/v2\/comments?post=729"}],"version-history":[{"count":0,"href":"https:\/\/www.organisator.ch\/en\/wp-json\/wp\/v2\/posts\/729\/revisions"}],"wp:featuredmedia":[{"embeddable":true,"href":"https:\/\/www.organisator.ch\/en\/wp-json\/wp\/v2\/media\/730"}],"wp:attachment":[{"href":"https:\/\/www.organisator.ch\/en\/wp-json\/wp\/v2\/media?parent=729"}],"wp:term":[{"taxonomy":"category","embeddable":true,"href":"https:\/\/www.organisator.ch\/en\/wp-json\/wp\/v2\/categories?post=729"},{"taxonomy":"post_tag","embeddable":true,"href":"https:\/\/www.organisator.ch\/en\/wp-json\/wp\/v2\/tags?post=729"}],"curies":[{"name":"wp","href":"https:\/\/api.w.org\/{rel}","templated":true}]}}