{"id":7383,"date":"2020-11-30T11:03:11","date_gmt":"2020-11-30T10:03:11","guid":{"rendered":"https:\/\/www.organisator.ch\/?p=7383"},"modified":"2020-11-30T11:03:11","modified_gmt":"2020-11-30T10:03:11","slug":"ball-bearings-from-skf-for-100-years-in-switzerland","status":"publish","type":"post","link":"https:\/\/www.organisator.ch\/en\/management\/2020-11-30\/kugellager-von-skf-seit-100-jahren-in-der-schweiz\/","title":{"rendered":"Ball bearings from SKF: 100 years in Switzerland"},"content":{"rendered":"<figure id=\"attachment_7384\" aria-describedby=\"caption-attachment-7384\" style=\"width: 680px\" class=\"wp-caption alignnone\"><img loading=\"lazy\" decoding=\"async\" class=\"size-medium wp-image-7384\" src=\"https:\/\/www.organisator.ch\/wp-content\/uploads\/2020\/11\/Kugellager-von-SKF-Seit-100-Jahren-in-der-Schweiz_Organisator.jpg\" alt=\"\" width=\"680\" height=\"510\" srcset=\"https:\/\/www.organisator.ch\/wp-content\/uploads\/2020\/11\/Kugellager-von-SKF-Seit-100-Jahren-in-der-Schweiz_Organisator.jpg 680w, https:\/\/www.organisator.ch\/wp-content\/uploads\/2020\/11\/Kugellager-von-SKF-Seit-100-Jahren-in-der-Schweiz_Organisator-16x12.jpg 16w, https:\/\/www.organisator.ch\/wp-content\/uploads\/2020\/11\/Kugellager-von-SKF-Seit-100-Jahren-in-der-Schweiz_Organisator-233x175.jpg 233w, https:\/\/www.organisator.ch\/wp-content\/uploads\/2020\/11\/Kugellager-von-SKF-Seit-100-Jahren-in-der-Schweiz_Organisator-467x350.jpg 467w, https:\/\/www.organisator.ch\/wp-content\/uploads\/2020\/11\/Kugellager-von-SKF-Seit-100-Jahren-in-der-Schweiz_Organisator-300x225.jpg 300w\" sizes=\"auto, (max-width: 680px) 100vw, 680px\" \/><figcaption id=\"caption-attachment-7384\" class=\"wp-caption-text\">SKF ball bearings have also been available in Switzerland for 100 years. Here, the headquarters of the Swiss subsidiary in Schwerzenbach ZH. (Image: SKF)<\/figcaption><\/figure>\n<p><span style=\"color: black;\">The SKF company was founded in Sweden in 1907. As early as 1920, the company opened its Swiss branch in Zurich's Bahnhofstrasse to distribute ball and roller bearings and other machine elements for the Swiss market from here. But there is now more than just ball bearings from SKF in Switzerland: for example, in 1987 the company acquired Jacob AG, a specialist in linear drives, and in 2008 integrated Actuation Systems Liestal, formerly Magnetic, a leading manufacturer of electromechanical actuators, into its Swiss sales structure. Thus, the business activities of the Swiss SKF were significantly expanded.<\/span><\/p>\n<h2>Swiss headquarters in Schwerzenbach<\/h2>\n<p><span style=\"color: black;\">Swiss SKF has been managed for more than three decades from the office and former warehouse in Schwerzenbach, which was thoroughly renovated, rebuilt and modernized in 2019. The 40 employees are primarily involved in nationwide sales and technical consulting for customers. \"Over the past 100 years, SKF Switzerland and its employees have earned the trust of customers time and again with technical expertise and great commitment,\" emphasizes Erik Nelander, President Industrial Sales Europe and Middle East and Africa at SKF Group Management. \"In doing so, they have made an important contribution to the success of the company as a whole. For this, our heartfelt thanks!\"<\/span><\/p>\n<h2>100 years of ball bearings from SKF Switzerland: donation instead of celebration<\/h2>\n<p><span style=\"color: black;\">Jochen Diehm, Country Manager of SKF Switzerland, is pleased to celebrate 100 years of SKF in Switzerland. \"I would like to take this opportunity to thank all our customers, shareholders and supporters. They have been and continue to be integral to our success. We look forward to many more years of positive collaboration.\" He adds, \"Since an official ceremony with customers and representatives of local authorities and associations is not possible, we will support the caregivers and relief efforts related to the Corona pandemic with a donation. Our thoughts are with all those directly or indirectly affected by COVID during this difficult time.\"<\/span><\/p>\n<p><em>Source: <a href=\"http:\/\/www.skf.com\">SKF<\/a><\/em><\/p>","protected":false},"excerpt":{"rendered":"<p>Das Unternehmen SKF wurde 1907 in Schweden gegr\u00fcndet. Bereits 1920 er\u00f6ffnete das Unternehmen seine Schweizer Niederlassung in der Z\u00fcrcher Bahnhofstra\u00dfe, um von hier aus Kugel- und Rollenlager sowie andere Maschinenelemente f\u00fcr den Schweizer Markt zu vertreiben. Doch inzwischen gibt es mehr als nur Kugellager von SKF in der Schweiz: Beispielsweise \u00fcbernahm das Unternehmen 1987 mit [&hellip;]<\/p>\n","protected":false},"author":4,"featured_media":7384,"comment_status":"closed","ping_status":"closed","sticky":false,"template":"","format":"standard","meta":{"_acf_changed":false,"_yoast_wpseo_focuskw":"Kugellager von SKF","_yoast_wpseo_metadesc":"Kugellager von SKF: Die schwedische SKF Gruppe feiert am 8. Dezember das 100j\u00e4hrige Bestehen ihrer Schweizer Tochtergesellschaft.","articlekey":"","footnotes":""},"categories":[28],"tags":[206,335,492],"class_list":["post-7383","post","type-post","status-publish","format-standard","has-post-thumbnail","hentry","category-management","tag-firmenjubilaeum","tag-management-und-unternehmensfuehrung","tag-unternehmen"],"acf":[],"yoast_head":"<!-- This site is optimized with the Yoast SEO plugin v27.5 - https:\/\/yoast.com\/product\/yoast-seo-wordpress\/ -->\n<title>Kugellager von SKF: Seit 100 Jahren in der Schweiz - Organisator<\/title>\n<meta name=\"description\" content=\"Kugellager von SKF: Die schwedische SKF Gruppe feiert am 8. Dezember das 100j\u00e4hrige Bestehen ihrer Schweizer Tochtergesellschaft.\" \/>\n<meta name=\"robots\" content=\"index, follow, max-snippet:-1, max-image-preview:large, max-video-preview:-1\" \/>\n<link rel=\"canonical\" href=\"https:\/\/www.organisator.ch\/en\/management\/2020-11-30\/ball-bearings-from-skf-for-100-years-in-switzerland\/\" \/>\n<meta property=\"og:locale\" content=\"en_US\" \/>\n<meta property=\"og:type\" content=\"article\" \/>\n<meta property=\"og:title\" content=\"Kugellager von SKF: Seit 100 Jahren in der Schweiz\" \/>\n<meta property=\"og:description\" content=\"Kugellager von SKF: Die schwedische SKF Gruppe feiert am 8. Dezember das 100j\u00e4hrige Bestehen ihrer Schweizer Tochtergesellschaft.\" \/>\n<meta property=\"og:url\" content=\"https:\/\/www.organisator.ch\/en\/management\/2020-11-30\/ball-bearings-from-skf-for-100-years-in-switzerland\/\" \/>\n<meta property=\"og:site_name\" content=\"Organisator\" \/>\n<meta property=\"article:publisher\" content=\"https:\/\/www.facebook.com\/OrganisatorFachmagazin\" \/>\n<meta property=\"article:published_time\" content=\"2020-11-30T10:03:11+00:00\" \/>\n<meta property=\"og:image\" content=\"https:\/\/www.organisator.ch\/wp-content\/uploads\/2020\/11\/Kugellager-von-SKF-Seit-100-Jahren-in-der-Schweiz_Organisator.jpg\" \/>\n\t<meta property=\"og:image:width\" content=\"680\" \/>\n\t<meta property=\"og:image:height\" content=\"510\" \/>\n\t<meta property=\"og:image:type\" content=\"image\/jpeg\" \/>\n<meta name=\"author\" content=\"thomas.berner\" \/>\n<meta name=\"twitter:card\" content=\"summary_large_image\" \/>\n<meta name=\"twitter:title\" content=\"#Kugellager von #SKF: Seit 100 Jahren in der Schweiz\" \/>\n<meta name=\"twitter:description\" content=\"Kugellager von #SKF: Die schwedische SKF Gruppe feiert am 8. Dezember das 100j\u00e4hrige Bestehen ihrer #Schweizer #Tochtergesellschaft.\" \/>\n<meta name=\"twitter:image\" content=\"https:\/\/www.organisator.ch\/wp-content\/uploads\/2020\/11\/Kugellager-von-SKF-Seit-100-Jahren-in-der-Schweiz_Organisator.jpg\" \/>\n<script type=\"application\/ld+json\" class=\"yoast-schema-graph\">{\"@context\":\"https:\\\/\\\/schema.org\",\"@graph\":[{\"@type\":\"Article\",\"@id\":\"https:\\\/\\\/www.organisator.ch\\\/management\\\/2020-11-30\\\/kugellager-von-skf-seit-100-jahren-in-der-schweiz\\\/#article\",\"isPartOf\":{\"@id\":\"https:\\\/\\\/www.organisator.ch\\\/management\\\/2020-11-30\\\/kugellager-von-skf-seit-100-jahren-in-der-schweiz\\\/\"},\"author\":{\"name\":\"thomas.berner\",\"@id\":\"https:\\\/\\\/www.organisator.ch\\\/#\\\/schema\\\/person\\\/6f650f90b2842cd4c0cc334b4e36f67e\"},\"headline\":\"Kugellager von SKF: Seit 100 Jahren in der Schweiz\",\"datePublished\":\"2020-11-30T10:03:11+00:00\",\"mainEntityOfPage\":{\"@id\":\"https:\\\/\\\/www.organisator.ch\\\/management\\\/2020-11-30\\\/kugellager-von-skf-seit-100-jahren-in-der-schweiz\\\/\"},\"wordCount\":367,\"publisher\":{\"@id\":\"https:\\\/\\\/www.organisator.ch\\\/#organization\"},\"image\":{\"@id\":\"https:\\\/\\\/www.organisator.ch\\\/management\\\/2020-11-30\\\/kugellager-von-skf-seit-100-jahren-in-der-schweiz\\\/#primaryimage\"},\"thumbnailUrl\":\"https:\\\/\\\/www.organisator.ch\\\/wp-content\\\/uploads\\\/2020\\\/11\\\/Kugellager-von-SKF-Seit-100-Jahren-in-der-Schweiz_Organisator.jpg\",\"keywords\":[\"Firmenjubil\u00e4um\",\"Management und Unternehmensf\u00fchrung\",\"Unternehmen\"],\"articleSection\":[\"MANAGEMENT\"],\"inLanguage\":\"en-US\"},{\"@type\":\"WebPage\",\"@id\":\"https:\\\/\\\/www.organisator.ch\\\/management\\\/2020-11-30\\\/kugellager-von-skf-seit-100-jahren-in-der-schweiz\\\/\",\"url\":\"https:\\\/\\\/www.organisator.ch\\\/management\\\/2020-11-30\\\/kugellager-von-skf-seit-100-jahren-in-der-schweiz\\\/\",\"name\":\"Kugellager von SKF: Seit 100 Jahren in der Schweiz - Organisator\",\"isPartOf\":{\"@id\":\"https:\\\/\\\/www.organisator.ch\\\/#website\"},\"primaryImageOfPage\":{\"@id\":\"https:\\\/\\\/www.organisator.ch\\\/management\\\/2020-11-30\\\/kugellager-von-skf-seit-100-jahren-in-der-schweiz\\\/#primaryimage\"},\"image\":{\"@id\":\"https:\\\/\\\/www.organisator.ch\\\/management\\\/2020-11-30\\\/kugellager-von-skf-seit-100-jahren-in-der-schweiz\\\/#primaryimage\"},\"thumbnailUrl\":\"https:\\\/\\\/www.organisator.ch\\\/wp-content\\\/uploads\\\/2020\\\/11\\\/Kugellager-von-SKF-Seit-100-Jahren-in-der-Schweiz_Organisator.jpg\",\"datePublished\":\"2020-11-30T10:03:11+00:00\",\"description\":\"Kugellager von SKF: Die schwedische SKF Gruppe feiert am 8. Dezember das 100j\u00e4hrige Bestehen ihrer Schweizer Tochtergesellschaft.\",\"breadcrumb\":{\"@id\":\"https:\\\/\\\/www.organisator.ch\\\/management\\\/2020-11-30\\\/kugellager-von-skf-seit-100-jahren-in-der-schweiz\\\/#breadcrumb\"},\"inLanguage\":\"en-US\",\"potentialAction\":[{\"@type\":\"ReadAction\",\"target\":[\"https:\\\/\\\/www.organisator.ch\\\/management\\\/2020-11-30\\\/kugellager-von-skf-seit-100-jahren-in-der-schweiz\\\/\"]}]},{\"@type\":\"ImageObject\",\"inLanguage\":\"en-US\",\"@id\":\"https:\\\/\\\/www.organisator.ch\\\/management\\\/2020-11-30\\\/kugellager-von-skf-seit-100-jahren-in-der-schweiz\\\/#primaryimage\",\"url\":\"https:\\\/\\\/www.organisator.ch\\\/wp-content\\\/uploads\\\/2020\\\/11\\\/Kugellager-von-SKF-Seit-100-Jahren-in-der-Schweiz_Organisator.jpg\",\"contentUrl\":\"https:\\\/\\\/www.organisator.ch\\\/wp-content\\\/uploads\\\/2020\\\/11\\\/Kugellager-von-SKF-Seit-100-Jahren-in-der-Schweiz_Organisator.jpg\",\"width\":680,\"height\":510,\"caption\":\"Seit 100 Jahren gibt es die Kugellager von SKF auch in der Schweiz. Hier der Sitz der Schweizer Niederlassung in Schwerzenbach ZH. (Bild: SKF)\"},{\"@type\":\"BreadcrumbList\",\"@id\":\"https:\\\/\\\/www.organisator.ch\\\/management\\\/2020-11-30\\\/kugellager-von-skf-seit-100-jahren-in-der-schweiz\\\/#breadcrumb\",\"itemListElement\":[{\"@type\":\"ListItem\",\"position\":1,\"name\":\"Home\",\"item\":\"https:\\\/\\\/www.organisator.ch\\\/\"},{\"@type\":\"ListItem\",\"position\":2,\"name\":\"Kugellager von SKF: Seit 100 Jahren in der Schweiz\"}]},{\"@type\":\"WebSite\",\"@id\":\"https:\\\/\\\/www.organisator.ch\\\/#website\",\"url\":\"https:\\\/\\\/www.organisator.ch\\\/\",\"name\":\"Organisator\",\"description\":\"Kompetent. Praxisnah. Der ORGANISATOR bereitet in 10 Ausgaben pro Jahr die wesentlichen Themen f\u00fcr F\u00fchrungskr\u00e4fte von KMU auf.\",\"publisher\":{\"@id\":\"https:\\\/\\\/www.organisator.ch\\\/#organization\"},\"potentialAction\":[{\"@type\":\"SearchAction\",\"target\":{\"@type\":\"EntryPoint\",\"urlTemplate\":\"https:\\\/\\\/www.organisator.ch\\\/?s={search_term_string}\"},\"query-input\":{\"@type\":\"PropertyValueSpecification\",\"valueRequired\":true,\"valueName\":\"search_term_string\"}}],\"inLanguage\":\"en-US\"},{\"@type\":\"Organization\",\"@id\":\"https:\\\/\\\/www.organisator.ch\\\/#organization\",\"name\":\"Organisator\",\"url\":\"https:\\\/\\\/www.organisator.ch\\\/\",\"logo\":{\"@type\":\"ImageObject\",\"inLanguage\":\"en-US\",\"@id\":\"https:\\\/\\\/www.organisator.ch\\\/#\\\/schema\\\/logo\\\/image\\\/\",\"url\":\"https:\\\/\\\/www.organisator.ch\\\/wp-content\\\/uploads\\\/2022\\\/01\\\/Logo_Organisator_Website.png\",\"contentUrl\":\"https:\\\/\\\/www.organisator.ch\\\/wp-content\\\/uploads\\\/2022\\\/01\\\/Logo_Organisator_Website.png\",\"width\":800,\"height\":77,\"caption\":\"Organisator\"},\"image\":{\"@id\":\"https:\\\/\\\/www.organisator.ch\\\/#\\\/schema\\\/logo\\\/image\\\/\"},\"sameAs\":[\"https:\\\/\\\/www.facebook.com\\\/OrganisatorFachmagazin\",\"https:\\\/\\\/www.linkedin.com\\\/showcase\\\/organisator-das-magazin-fr-kmu\",\"https:\\\/\\\/www.xing.com\\\/news\\\/pages\\\/organisator-ch-695\",\"https:\\\/\\\/www.youtube.com\\\/channel\\\/UCGP2Sq0iWaZwT3BdIAQFYpw\"]},{\"@type\":\"Person\",\"@id\":\"https:\\\/\\\/www.organisator.ch\\\/#\\\/schema\\\/person\\\/6f650f90b2842cd4c0cc334b4e36f67e\",\"name\":\"thomas.berner\",\"image\":{\"@type\":\"ImageObject\",\"inLanguage\":\"en-US\",\"@id\":\"https:\\\/\\\/secure.gravatar.com\\\/avatar\\\/ac5001d2a36cb6c6cd3e50789007ffca834b477b74a2144564522e944eabff61?s=96&d=mm&r=g\",\"url\":\"https:\\\/\\\/secure.gravatar.com\\\/avatar\\\/ac5001d2a36cb6c6cd3e50789007ffca834b477b74a2144564522e944eabff61?s=96&d=mm&r=g\",\"contentUrl\":\"https:\\\/\\\/secure.gravatar.com\\\/avatar\\\/ac5001d2a36cb6c6cd3e50789007ffca834b477b74a2144564522e944eabff61?s=96&d=mm&r=g\",\"caption\":\"thomas.berner\"},\"url\":\"https:\\\/\\\/www.organisator.ch\\\/en\\\/author\\\/thomas-berner\\\/\"}]}<\/script>\n<!-- \/ Yoast SEO plugin. -->","yoast_head_json":{"title":"Ball bearings from SKF: In Switzerland for 100 years - Organizer","description":"Ball bearings from SKF: The Swedish SKF Group celebrates the 100th anniversary of its Swiss subsidiary on December 8.","robots":{"index":"index","follow":"follow","max-snippet":"max-snippet:-1","max-image-preview":"max-image-preview:large","max-video-preview":"max-video-preview:-1"},"canonical":"https:\/\/www.organisator.ch\/en\/management\/2020-11-30\/ball-bearings-from-skf-for-100-years-in-switzerland\/","og_locale":"en_US","og_type":"article","og_title":"Kugellager von SKF: Seit 100 Jahren in der Schweiz","og_description":"Kugellager von SKF: Die schwedische SKF Gruppe feiert am 8. Dezember das 100j\u00e4hrige Bestehen ihrer Schweizer Tochtergesellschaft.","og_url":"https:\/\/www.organisator.ch\/en\/management\/2020-11-30\/ball-bearings-from-skf-for-100-years-in-switzerland\/","og_site_name":"Organisator","article_publisher":"https:\/\/www.facebook.com\/OrganisatorFachmagazin","article_published_time":"2020-11-30T10:03:11+00:00","og_image":[{"width":680,"height":510,"url":"https:\/\/www.organisator.ch\/wp-content\/uploads\/2020\/11\/Kugellager-von-SKF-Seit-100-Jahren-in-der-Schweiz_Organisator.jpg","type":"image\/jpeg"}],"author":"thomas.berner","twitter_card":"summary_large_image","twitter_title":"#Kugellager von #SKF: Seit 100 Jahren in der Schweiz","twitter_description":"Kugellager von #SKF: Die schwedische SKF Gruppe feiert am 8. Dezember das 100j\u00e4hrige Bestehen ihrer #Schweizer #Tochtergesellschaft.","twitter_image":"https:\/\/www.organisator.ch\/wp-content\/uploads\/2020\/11\/Kugellager-von-SKF-Seit-100-Jahren-in-der-Schweiz_Organisator.jpg","schema":{"@context":"https:\/\/schema.org","@graph":[{"@type":"Article","@id":"https:\/\/www.organisator.ch\/management\/2020-11-30\/kugellager-von-skf-seit-100-jahren-in-der-schweiz\/#article","isPartOf":{"@id":"https:\/\/www.organisator.ch\/management\/2020-11-30\/kugellager-von-skf-seit-100-jahren-in-der-schweiz\/"},"author":{"name":"thomas.berner","@id":"https:\/\/www.organisator.ch\/#\/schema\/person\/6f650f90b2842cd4c0cc334b4e36f67e"},"headline":"Kugellager von SKF: Seit 100 Jahren in der Schweiz","datePublished":"2020-11-30T10:03:11+00:00","mainEntityOfPage":{"@id":"https:\/\/www.organisator.ch\/management\/2020-11-30\/kugellager-von-skf-seit-100-jahren-in-der-schweiz\/"},"wordCount":367,"publisher":{"@id":"https:\/\/www.organisator.ch\/#organization"},"image":{"@id":"https:\/\/www.organisator.ch\/management\/2020-11-30\/kugellager-von-skf-seit-100-jahren-in-der-schweiz\/#primaryimage"},"thumbnailUrl":"https:\/\/www.organisator.ch\/wp-content\/uploads\/2020\/11\/Kugellager-von-SKF-Seit-100-Jahren-in-der-Schweiz_Organisator.jpg","keywords":["Firmenjubil\u00e4um","Management und Unternehmensf\u00fchrung","Unternehmen"],"articleSection":["MANAGEMENT"],"inLanguage":"en-US"},{"@type":"WebPage","@id":"https:\/\/www.organisator.ch\/management\/2020-11-30\/kugellager-von-skf-seit-100-jahren-in-der-schweiz\/","url":"https:\/\/www.organisator.ch\/management\/2020-11-30\/kugellager-von-skf-seit-100-jahren-in-der-schweiz\/","name":"Ball bearings from SKF: In Switzerland for 100 years - Organizer","isPartOf":{"@id":"https:\/\/www.organisator.ch\/#website"},"primaryImageOfPage":{"@id":"https:\/\/www.organisator.ch\/management\/2020-11-30\/kugellager-von-skf-seit-100-jahren-in-der-schweiz\/#primaryimage"},"image":{"@id":"https:\/\/www.organisator.ch\/management\/2020-11-30\/kugellager-von-skf-seit-100-jahren-in-der-schweiz\/#primaryimage"},"thumbnailUrl":"https:\/\/www.organisator.ch\/wp-content\/uploads\/2020\/11\/Kugellager-von-SKF-Seit-100-Jahren-in-der-Schweiz_Organisator.jpg","datePublished":"2020-11-30T10:03:11+00:00","description":"Ball bearings from SKF: The Swedish SKF Group celebrates the 100th anniversary of its Swiss subsidiary on December 8.","breadcrumb":{"@id":"https:\/\/www.organisator.ch\/management\/2020-11-30\/kugellager-von-skf-seit-100-jahren-in-der-schweiz\/#breadcrumb"},"inLanguage":"en-US","potentialAction":[{"@type":"ReadAction","target":["https:\/\/www.organisator.ch\/management\/2020-11-30\/kugellager-von-skf-seit-100-jahren-in-der-schweiz\/"]}]},{"@type":"ImageObject","inLanguage":"en-US","@id":"https:\/\/www.organisator.ch\/management\/2020-11-30\/kugellager-von-skf-seit-100-jahren-in-der-schweiz\/#primaryimage","url":"https:\/\/www.organisator.ch\/wp-content\/uploads\/2020\/11\/Kugellager-von-SKF-Seit-100-Jahren-in-der-Schweiz_Organisator.jpg","contentUrl":"https:\/\/www.organisator.ch\/wp-content\/uploads\/2020\/11\/Kugellager-von-SKF-Seit-100-Jahren-in-der-Schweiz_Organisator.jpg","width":680,"height":510,"caption":"Seit 100 Jahren gibt es die Kugellager von SKF auch in der Schweiz. Hier der Sitz der Schweizer Niederlassung in Schwerzenbach ZH. (Bild: SKF)"},{"@type":"BreadcrumbList","@id":"https:\/\/www.organisator.ch\/management\/2020-11-30\/kugellager-von-skf-seit-100-jahren-in-der-schweiz\/#breadcrumb","itemListElement":[{"@type":"ListItem","position":1,"name":"Home","item":"https:\/\/www.organisator.ch\/"},{"@type":"ListItem","position":2,"name":"Kugellager von SKF: Seit 100 Jahren in der Schweiz"}]},{"@type":"WebSite","@id":"https:\/\/www.organisator.ch\/#website","url":"https:\/\/www.organisator.ch\/","name":"Organizer","description":"Competent. Practical. In 10 issues per year, ORGANISATOR presents the essential topics for managers of SMEs.","publisher":{"@id":"https:\/\/www.organisator.ch\/#organization"},"potentialAction":[{"@type":"SearchAction","target":{"@type":"EntryPoint","urlTemplate":"https:\/\/www.organisator.ch\/?s={search_term_string}"},"query-input":{"@type":"PropertyValueSpecification","valueRequired":true,"valueName":"search_term_string"}}],"inLanguage":"en-US"},{"@type":"Organization","@id":"https:\/\/www.organisator.ch\/#organization","name":"Organizer","url":"https:\/\/www.organisator.ch\/","logo":{"@type":"ImageObject","inLanguage":"en-US","@id":"https:\/\/www.organisator.ch\/#\/schema\/logo\/image\/","url":"https:\/\/www.organisator.ch\/wp-content\/uploads\/2022\/01\/Logo_Organisator_Website.png","contentUrl":"https:\/\/www.organisator.ch\/wp-content\/uploads\/2022\/01\/Logo_Organisator_Website.png","width":800,"height":77,"caption":"Organisator"},"image":{"@id":"https:\/\/www.organisator.ch\/#\/schema\/logo\/image\/"},"sameAs":["https:\/\/www.facebook.com\/OrganisatorFachmagazin","https:\/\/www.linkedin.com\/showcase\/organisator-das-magazin-fr-kmu","https:\/\/www.xing.com\/news\/pages\/organisator-ch-695","https:\/\/www.youtube.com\/channel\/UCGP2Sq0iWaZwT3BdIAQFYpw"]},{"@type":"Person","@id":"https:\/\/www.organisator.ch\/#\/schema\/person\/6f650f90b2842cd4c0cc334b4e36f67e","name":"thomas.berner","image":{"@type":"ImageObject","inLanguage":"en-US","@id":"https:\/\/secure.gravatar.com\/avatar\/ac5001d2a36cb6c6cd3e50789007ffca834b477b74a2144564522e944eabff61?s=96&d=mm&r=g","url":"https:\/\/secure.gravatar.com\/avatar\/ac5001d2a36cb6c6cd3e50789007ffca834b477b74a2144564522e944eabff61?s=96&d=mm&r=g","contentUrl":"https:\/\/secure.gravatar.com\/avatar\/ac5001d2a36cb6c6cd3e50789007ffca834b477b74a2144564522e944eabff61?s=96&d=mm&r=g","caption":"thomas.berner"},"url":"https:\/\/www.organisator.ch\/en\/author\/thomas-berner\/"}]}},"_links":{"self":[{"href":"https:\/\/www.organisator.ch\/en\/wp-json\/wp\/v2\/posts\/7383","targetHints":{"allow":["GET"]}}],"collection":[{"href":"https:\/\/www.organisator.ch\/en\/wp-json\/wp\/v2\/posts"}],"about":[{"href":"https:\/\/www.organisator.ch\/en\/wp-json\/wp\/v2\/types\/post"}],"author":[{"embeddable":true,"href":"https:\/\/www.organisator.ch\/en\/wp-json\/wp\/v2\/users\/4"}],"replies":[{"embeddable":true,"href":"https:\/\/www.organisator.ch\/en\/wp-json\/wp\/v2\/comments?post=7383"}],"version-history":[{"count":0,"href":"https:\/\/www.organisator.ch\/en\/wp-json\/wp\/v2\/posts\/7383\/revisions"}],"wp:featuredmedia":[{"embeddable":true,"href":"https:\/\/www.organisator.ch\/en\/wp-json\/wp\/v2\/media\/7384"}],"wp:attachment":[{"href":"https:\/\/www.organisator.ch\/en\/wp-json\/wp\/v2\/media?parent=7383"}],"wp:term":[{"taxonomy":"category","embeddable":true,"href":"https:\/\/www.organisator.ch\/en\/wp-json\/wp\/v2\/categories?post=7383"},{"taxonomy":"post_tag","embeddable":true,"href":"https:\/\/www.organisator.ch\/en\/wp-json\/wp\/v2\/tags?post=7383"}],"curies":[{"name":"wp","href":"https:\/\/api.w.org\/{rel}","templated":true}]}}