{"id":7420,"date":"2020-12-08T11:55:46","date_gmt":"2020-12-08T10:55:46","guid":{"rendered":"https:\/\/www.organisator.ch\/?p=7420"},"modified":"2020-12-08T11:55:46","modified_gmt":"2020-12-08T10:55:46","slug":"it-budgets-steigen-trotz-corona-pandemie","status":"publish","type":"post","link":"https:\/\/www.organisator.ch\/en\/management\/it\/2020-12-08\/it-budgets-steigen-trotz-corona-pandemie\/","title":{"rendered":"IT budgets rise despite Corona pandemic"},"content":{"rendered":"<figure id=\"attachment_7424\" aria-describedby=\"caption-attachment-7424\" style=\"width: 680px\" class=\"wp-caption alignnone\"><img loading=\"lazy\" decoding=\"async\" class=\"size-medium wp-image-7424\" src=\"https:\/\/www.organisator.ch\/wp-content\/uploads\/2020\/12\/IT-Budgets-steigen-trotz-Corona-Pandemie_Organisator.jpg\" alt=\"\" width=\"680\" height=\"508\" srcset=\"https:\/\/www.organisator.ch\/wp-content\/uploads\/2020\/12\/IT-Budgets-steigen-trotz-Corona-Pandemie_Organisator.jpg 680w, https:\/\/www.organisator.ch\/wp-content\/uploads\/2020\/12\/IT-Budgets-steigen-trotz-Corona-Pandemie_Organisator-16x12.jpg 16w, https:\/\/www.organisator.ch\/wp-content\/uploads\/2020\/12\/IT-Budgets-steigen-trotz-Corona-Pandemie_Organisator-234x175.jpg 234w, https:\/\/www.organisator.ch\/wp-content\/uploads\/2020\/12\/IT-Budgets-steigen-trotz-Corona-Pandemie_Organisator-469x350.jpg 469w, https:\/\/www.organisator.ch\/wp-content\/uploads\/2020\/12\/IT-Budgets-steigen-trotz-Corona-Pandemie_Organisator-300x224.jpg 300w\" sizes=\"auto, (max-width: 680px) 100vw, 680px\" \/><figcaption id=\"caption-attachment-7424\" class=\"wp-caption-text\">IT budgets continue to rise: Despite or because of Corona? (Image: Pixabay.com)<\/figcaption><\/figure>\n<p>The vast majority of companies and public authorities are pushing ahead with digitization during the pandemic: it remains the top priority for 2021 as well. That about sums up Capgemini's IT Trends Study 2021. Almost half of the respondents (48.4 percent) said their company plans to increase its IT budget in 2021; twelve months earlier, 63.1 percent still intended to spend more money. For around 27 percent, IT budgets for 2021 will remain at the previous year's level. That is a good 5 percent more than a year ago. Only just under 15 percent of respondents will reduce IT spending. This proportion is unchanged, but the cuts are more drastic than before. The sectors most affected are those that are currently subject to restrictions or are facing fundamental challenges. 9.4 percent of the study participants abstained.<\/p>\n<figure id=\"attachment_7421\" aria-describedby=\"caption-attachment-7421\" style=\"width: 680px\" class=\"wp-caption alignnone\"><img loading=\"lazy\" decoding=\"async\" class=\"size-medium wp-image-7421\" src=\"https:\/\/www.organisator.ch\/wp-content\/uploads\/2020\/12\/IT-Budgets-steigen-trotz-Corona-Pandemie-1_Organisator.jpg\" alt=\"\" width=\"680\" height=\"243\" srcset=\"https:\/\/www.organisator.ch\/wp-content\/uploads\/2020\/12\/IT-Budgets-steigen-trotz-Corona-Pandemie-1_Organisator.jpg 680w, https:\/\/www.organisator.ch\/wp-content\/uploads\/2020\/12\/IT-Budgets-steigen-trotz-Corona-Pandemie-1_Organisator-16x6.jpg 16w, https:\/\/www.organisator.ch\/wp-content\/uploads\/2020\/12\/IT-Budgets-steigen-trotz-Corona-Pandemie-1_Organisator-375x134.jpg 375w, https:\/\/www.organisator.ch\/wp-content\/uploads\/2020\/12\/IT-Budgets-steigen-trotz-Corona-Pandemie-1_Organisator-300x107.jpg 300w\" sizes=\"auto, (max-width: 680px) 100vw, 680px\" \/><figcaption id=\"caption-attachment-7421\" class=\"wp-caption-text\">Figure 1: Development of IT budgets in 2021 (Source: Capgemini)<\/figcaption><\/figure>\n<p>This means that the Corona pandemic is only having a limited negative impact on IT spending. This is because 87 percent of companies and public authorities are using it as an opportunity to expand digitization. After the waning interest in the previous year, it is once again at the top of the priority list for 2021, followed by efficiency enhancement, cost reduction and the development of new IT products and services. Alignment with the needs of end customers has become more important for many organizations and now ranks fifth.<\/p>\n<h2>Projects stopped or postponed<\/h2>\n<p>Almost 55 percent of respondents reacted to the uncertain economic situation by shifting budgets. Around 25 percent have stopped IT projects, while 42 percent have postponed the start of projects into the future. Almost three-quarters of the postponed projects are expected to start in the coming year. Of the stopped projects, nearly half are expected to continue in the coming year. 18 percent of the study participants have brought forward IT projects. Of these, however, almost one-third are not expected to be completed.<\/p>\n<figure id=\"attachment_7422\" aria-describedby=\"caption-attachment-7422\" style=\"width: 680px\" class=\"wp-caption alignnone\"><img loading=\"lazy\" decoding=\"async\" class=\"size-medium wp-image-7422\" src=\"https:\/\/www.organisator.ch\/wp-content\/uploads\/2020\/12\/IT-Budgets-steigen-trotz-Corona-Pandemie-2_Organisator.jpg\" alt=\"\" width=\"680\" height=\"166\" srcset=\"https:\/\/www.organisator.ch\/wp-content\/uploads\/2020\/12\/IT-Budgets-steigen-trotz-Corona-Pandemie-2_Organisator.jpg 680w, https:\/\/www.organisator.ch\/wp-content\/uploads\/2020\/12\/IT-Budgets-steigen-trotz-Corona-Pandemie-2_Organisator-16x4.jpg 16w, https:\/\/www.organisator.ch\/wp-content\/uploads\/2020\/12\/IT-Budgets-steigen-trotz-Corona-Pandemie-2_Organisator-375x92.jpg 375w, https:\/\/www.organisator.ch\/wp-content\/uploads\/2020\/12\/IT-Budgets-steigen-trotz-Corona-Pandemie-2_Organisator-300x73.jpg 300w\" sizes=\"auto, (max-width: 680px) 100vw, 680px\" \/><figcaption id=\"caption-attachment-7422\" class=\"wp-caption-text\">Figure 2: Impact of Corona on IT projects. (Source: Capgemini)<\/figcaption><\/figure>\n<p>Guido Kamann, Head of Capgemini in Switzerland, explains: \"Since the outbreak of the pandemic, companies and public authorities have been increasingly pushing digitalization in order to maintain operations in the new situation with lockdown and longer-term restrictions. There was a need to quickly enable or expand working from home, as well as contactless service and online sales. As part of this, information evaluation and use, shorter release cycles and partner networks became more important, while less attention was paid to flexibility and efficiency.\"<\/p>\n<h2><strong>Expenditure on system maintenance still high<\/strong><\/h2>\n<p>On average, CIOs invest 27 percent of their budget in modernization and around 26 percent in new applications and systems. Expenditure on maintaining existing systems remains high at just under 47 percent. Large corporations have the lowest costs in this area, while midsize companies have the highest. The midmarket pro rata obtains fewer services from provider clouds, which possibly leads to higher fixed costs. Another factor could be the lower level of automation in the last 12 months compared to corporations. As a result, SMEs are currently able to invest less money in modernization and new developments than corporate groups.<\/p>\n<figure id=\"attachment_7423\" aria-describedby=\"caption-attachment-7423\" style=\"width: 680px\" class=\"wp-caption alignnone\"><img loading=\"lazy\" decoding=\"async\" class=\"size-medium wp-image-7423\" src=\"https:\/\/www.organisator.ch\/wp-content\/uploads\/2020\/12\/IT-Budgets-steigen-trotz-Corona-Pandemie-3_Organisator.jpg\" alt=\"\" width=\"680\" height=\"145\" srcset=\"https:\/\/www.organisator.ch\/wp-content\/uploads\/2020\/12\/IT-Budgets-steigen-trotz-Corona-Pandemie-3_Organisator.jpg 680w, https:\/\/www.organisator.ch\/wp-content\/uploads\/2020\/12\/IT-Budgets-steigen-trotz-Corona-Pandemie-3_Organisator-16x3.jpg 16w, https:\/\/www.organisator.ch\/wp-content\/uploads\/2020\/12\/IT-Budgets-steigen-trotz-Corona-Pandemie-3_Organisator-375x80.jpg 375w, https:\/\/www.organisator.ch\/wp-content\/uploads\/2020\/12\/IT-Budgets-steigen-trotz-Corona-Pandemie-3_Organisator-300x64.jpg 300w\" sizes=\"auto, (max-width: 680px) 100vw, 680px\" \/><figcaption id=\"caption-attachment-7423\" class=\"wp-caption-text\">Figure 3: The spending areas for IT budgets in 2021. (Source: Capgemini)<\/figcaption><\/figure>\n<h2>IT budgets: Reducing the cost of what already exists<\/h2>\n<p>\"IT budgets have increased almost permanently in recent years, but the proportions of spending on existing IT and new have hardly changed. To gain financial leeway, companies and public authorities should reduce their costs for the existing - for example, through automation and other innovations. Then they can respond more easily to market changes and develop their business models in a more visionary way,\" comments Guido Kamann. However, only individual organizations or industries are currently succeeding in implementing the principle of cost reduction through innovation.<\/p>\n<p><em>Source: <\/em><em><a href=\"http:\/\/www.capgemini.com\/ch-en\/\">www.capgemini.com\/ch-en\/<\/a>.<\/em><\/p>","protected":false},"excerpt":{"rendered":"<p>Die grosse Mehrheit der Unternehmen und Beh\u00f6rden treibt w\u00e4hrend der Pandemie die Digitalisierung voran: Sie bleibt die Top-Priori\u00e4t auch f\u00fcr 2021. So in etwa l\u00e4sst sich die IT-Trends-Studie 2021 von Capgemini zusammenfassen. Fast die H\u00e4lfte der Befragten (48,4 Prozent) gab an, dass ihr Unternehmen eine Erh\u00f6hung des IT-Budgets f\u00fcr 2021 plant; zw\u00f6lf Monate zuvor beabsichtigten [&hellip;]<\/p>\n","protected":false},"author":4,"featured_media":7424,"comment_status":"closed","ping_status":"closed","sticky":false,"template":"","format":"standard","meta":{"_acf_changed":false,"_yoast_wpseo_focuskw":"IT-Budgets","_yoast_wpseo_metadesc":"Trotz Corona-Pandemie und ungewisser Konjunkturaussichten steigen die IT-Budgets im kommenden Jahr weiter an, wenn auch weniger stark als im Vorjahr.","articlekey":"","footnotes":""},"categories":[27],"tags":[132,156,203,286],"class_list":["post-7420","post","type-post","status-publish","format-standard","has-post-thumbnail","hentry","category-it","tag-coronavirus","tag-digitalisierung","tag-finanzierung","tag-it"],"acf":[],"yoast_head":"<!-- This site is optimized with the Yoast SEO plugin v27.5 - https:\/\/yoast.com\/product\/yoast-seo-wordpress\/ -->\n<title>IT-Budgets steigen trotz Corona-Pandemie - Organisator<\/title>\n<meta name=\"description\" content=\"Trotz Corona-Pandemie und ungewisser Konjunkturaussichten steigen die IT-Budgets im kommenden Jahr weiter an, wenn auch weniger stark als im Vorjahr.\" \/>\n<meta name=\"robots\" content=\"index, follow, max-snippet:-1, max-image-preview:large, max-video-preview:-1\" \/>\n<link rel=\"canonical\" href=\"https:\/\/www.organisator.ch\/en\/management\/it\/2020-12-08\/it-budgets-steigen-trotz-corona-pandemie\/\" \/>\n<meta property=\"og:locale\" content=\"en_US\" \/>\n<meta property=\"og:type\" content=\"article\" \/>\n<meta property=\"og:title\" content=\"IT-Budgets steigen trotz Corona-Pandemie\" \/>\n<meta property=\"og:description\" content=\"Trotz Corona-Pandemie und ungewisser Konjunkturaussichten steigen die IT-Budgets im kommenden Jahr weiter an, wenn auch weniger stark als im Vorjahr.\" \/>\n<meta property=\"og:url\" content=\"https:\/\/www.organisator.ch\/en\/management\/it\/2020-12-08\/it-budgets-steigen-trotz-corona-pandemie\/\" \/>\n<meta property=\"og:site_name\" content=\"Organisator\" \/>\n<meta property=\"article:publisher\" content=\"https:\/\/www.facebook.com\/OrganisatorFachmagazin\" \/>\n<meta property=\"article:published_time\" content=\"2020-12-08T10:55:46+00:00\" \/>\n<meta property=\"og:image\" content=\"https:\/\/www.organisator.ch\/wp-content\/uploads\/2020\/12\/IT-Budgets-steigen-trotz-Corona-Pandemie_Organisator.jpg\" \/>\n\t<meta property=\"og:image:width\" content=\"680\" \/>\n\t<meta property=\"og:image:height\" content=\"508\" \/>\n\t<meta property=\"og:image:type\" content=\"image\/jpeg\" \/>\n<meta name=\"author\" content=\"thomas.berner\" \/>\n<meta name=\"twitter:card\" content=\"summary_large_image\" \/>\n<meta name=\"twitter:title\" content=\"#IT-Budgets steigen trotz #Corona-Pandemie\" \/>\n<meta name=\"twitter:description\" content=\"Trotz #Corona-Pandemie und ungewisser #Konjunkturaussichten steigen die #IT-Budgets im kommenden Jahr weiter an, wenn auch weniger stark als im Vorjahr.\" \/>\n<meta name=\"twitter:image\" content=\"https:\/\/www.organisator.ch\/wp-content\/uploads\/2020\/12\/IT-Budgets-steigen-trotz-Corona-Pandemie_Organisator.jpg\" \/>\n<script type=\"application\/ld+json\" class=\"yoast-schema-graph\">{\"@context\":\"https:\\\/\\\/schema.org\",\"@graph\":[{\"@type\":\"Article\",\"@id\":\"https:\\\/\\\/www.organisator.ch\\\/management\\\/it\\\/2020-12-08\\\/it-budgets-steigen-trotz-corona-pandemie\\\/#article\",\"isPartOf\":{\"@id\":\"https:\\\/\\\/www.organisator.ch\\\/management\\\/it\\\/2020-12-08\\\/it-budgets-steigen-trotz-corona-pandemie\\\/\"},\"author\":{\"name\":\"thomas.berner\",\"@id\":\"https:\\\/\\\/www.organisator.ch\\\/#\\\/schema\\\/person\\\/6f650f90b2842cd4c0cc334b4e36f67e\"},\"headline\":\"IT-Budgets steigen trotz Corona-Pandemie\",\"datePublished\":\"2020-12-08T10:55:46+00:00\",\"mainEntityOfPage\":{\"@id\":\"https:\\\/\\\/www.organisator.ch\\\/management\\\/it\\\/2020-12-08\\\/it-budgets-steigen-trotz-corona-pandemie\\\/\"},\"wordCount\":627,\"publisher\":{\"@id\":\"https:\\\/\\\/www.organisator.ch\\\/#organization\"},\"image\":{\"@id\":\"https:\\\/\\\/www.organisator.ch\\\/management\\\/it\\\/2020-12-08\\\/it-budgets-steigen-trotz-corona-pandemie\\\/#primaryimage\"},\"thumbnailUrl\":\"https:\\\/\\\/www.organisator.ch\\\/wp-content\\\/uploads\\\/2020\\\/12\\\/IT-Budgets-steigen-trotz-Corona-Pandemie_Organisator.jpg\",\"keywords\":[\"Coronavirus\",\"Digitalisierung\",\"Finanzierung\",\"IT\"],\"articleSection\":[\"IT\"],\"inLanguage\":\"en-US\"},{\"@type\":\"WebPage\",\"@id\":\"https:\\\/\\\/www.organisator.ch\\\/management\\\/it\\\/2020-12-08\\\/it-budgets-steigen-trotz-corona-pandemie\\\/\",\"url\":\"https:\\\/\\\/www.organisator.ch\\\/management\\\/it\\\/2020-12-08\\\/it-budgets-steigen-trotz-corona-pandemie\\\/\",\"name\":\"IT-Budgets steigen trotz Corona-Pandemie - Organisator\",\"isPartOf\":{\"@id\":\"https:\\\/\\\/www.organisator.ch\\\/#website\"},\"primaryImageOfPage\":{\"@id\":\"https:\\\/\\\/www.organisator.ch\\\/management\\\/it\\\/2020-12-08\\\/it-budgets-steigen-trotz-corona-pandemie\\\/#primaryimage\"},\"image\":{\"@id\":\"https:\\\/\\\/www.organisator.ch\\\/management\\\/it\\\/2020-12-08\\\/it-budgets-steigen-trotz-corona-pandemie\\\/#primaryimage\"},\"thumbnailUrl\":\"https:\\\/\\\/www.organisator.ch\\\/wp-content\\\/uploads\\\/2020\\\/12\\\/IT-Budgets-steigen-trotz-Corona-Pandemie_Organisator.jpg\",\"datePublished\":\"2020-12-08T10:55:46+00:00\",\"description\":\"Trotz Corona-Pandemie und ungewisser Konjunkturaussichten steigen die IT-Budgets im kommenden Jahr weiter an, wenn auch weniger stark als im Vorjahr.\",\"breadcrumb\":{\"@id\":\"https:\\\/\\\/www.organisator.ch\\\/management\\\/it\\\/2020-12-08\\\/it-budgets-steigen-trotz-corona-pandemie\\\/#breadcrumb\"},\"inLanguage\":\"en-US\",\"potentialAction\":[{\"@type\":\"ReadAction\",\"target\":[\"https:\\\/\\\/www.organisator.ch\\\/management\\\/it\\\/2020-12-08\\\/it-budgets-steigen-trotz-corona-pandemie\\\/\"]}]},{\"@type\":\"ImageObject\",\"inLanguage\":\"en-US\",\"@id\":\"https:\\\/\\\/www.organisator.ch\\\/management\\\/it\\\/2020-12-08\\\/it-budgets-steigen-trotz-corona-pandemie\\\/#primaryimage\",\"url\":\"https:\\\/\\\/www.organisator.ch\\\/wp-content\\\/uploads\\\/2020\\\/12\\\/IT-Budgets-steigen-trotz-Corona-Pandemie_Organisator.jpg\",\"contentUrl\":\"https:\\\/\\\/www.organisator.ch\\\/wp-content\\\/uploads\\\/2020\\\/12\\\/IT-Budgets-steigen-trotz-Corona-Pandemie_Organisator.jpg\",\"width\":680,\"height\":508,\"caption\":\"Die IT-Budgets steigen weiter an: Trotz oder wegen Corona? (Bild: Pixabay.com)\"},{\"@type\":\"BreadcrumbList\",\"@id\":\"https:\\\/\\\/www.organisator.ch\\\/management\\\/it\\\/2020-12-08\\\/it-budgets-steigen-trotz-corona-pandemie\\\/#breadcrumb\",\"itemListElement\":[{\"@type\":\"ListItem\",\"position\":1,\"name\":\"Home\",\"item\":\"https:\\\/\\\/www.organisator.ch\\\/\"},{\"@type\":\"ListItem\",\"position\":2,\"name\":\"IT-Budgets steigen trotz Corona-Pandemie\"}]},{\"@type\":\"WebSite\",\"@id\":\"https:\\\/\\\/www.organisator.ch\\\/#website\",\"url\":\"https:\\\/\\\/www.organisator.ch\\\/\",\"name\":\"Organisator\",\"description\":\"Kompetent. Praxisnah. Der ORGANISATOR bereitet in 10 Ausgaben pro Jahr die wesentlichen Themen f\u00fcr F\u00fchrungskr\u00e4fte von KMU auf.\",\"publisher\":{\"@id\":\"https:\\\/\\\/www.organisator.ch\\\/#organization\"},\"potentialAction\":[{\"@type\":\"SearchAction\",\"target\":{\"@type\":\"EntryPoint\",\"urlTemplate\":\"https:\\\/\\\/www.organisator.ch\\\/?s={search_term_string}\"},\"query-input\":{\"@type\":\"PropertyValueSpecification\",\"valueRequired\":true,\"valueName\":\"search_term_string\"}}],\"inLanguage\":\"en-US\"},{\"@type\":\"Organization\",\"@id\":\"https:\\\/\\\/www.organisator.ch\\\/#organization\",\"name\":\"Organisator\",\"url\":\"https:\\\/\\\/www.organisator.ch\\\/\",\"logo\":{\"@type\":\"ImageObject\",\"inLanguage\":\"en-US\",\"@id\":\"https:\\\/\\\/www.organisator.ch\\\/#\\\/schema\\\/logo\\\/image\\\/\",\"url\":\"https:\\\/\\\/www.organisator.ch\\\/wp-content\\\/uploads\\\/2022\\\/01\\\/Logo_Organisator_Website.png\",\"contentUrl\":\"https:\\\/\\\/www.organisator.ch\\\/wp-content\\\/uploads\\\/2022\\\/01\\\/Logo_Organisator_Website.png\",\"width\":800,\"height\":77,\"caption\":\"Organisator\"},\"image\":{\"@id\":\"https:\\\/\\\/www.organisator.ch\\\/#\\\/schema\\\/logo\\\/image\\\/\"},\"sameAs\":[\"https:\\\/\\\/www.facebook.com\\\/OrganisatorFachmagazin\",\"https:\\\/\\\/www.linkedin.com\\\/showcase\\\/organisator-das-magazin-fr-kmu\",\"https:\\\/\\\/www.xing.com\\\/news\\\/pages\\\/organisator-ch-695\",\"https:\\\/\\\/www.youtube.com\\\/channel\\\/UCGP2Sq0iWaZwT3BdIAQFYpw\"]},{\"@type\":\"Person\",\"@id\":\"https:\\\/\\\/www.organisator.ch\\\/#\\\/schema\\\/person\\\/6f650f90b2842cd4c0cc334b4e36f67e\",\"name\":\"thomas.berner\",\"image\":{\"@type\":\"ImageObject\",\"inLanguage\":\"en-US\",\"@id\":\"https:\\\/\\\/secure.gravatar.com\\\/avatar\\\/ac5001d2a36cb6c6cd3e50789007ffca834b477b74a2144564522e944eabff61?s=96&d=mm&r=g\",\"url\":\"https:\\\/\\\/secure.gravatar.com\\\/avatar\\\/ac5001d2a36cb6c6cd3e50789007ffca834b477b74a2144564522e944eabff61?s=96&d=mm&r=g\",\"contentUrl\":\"https:\\\/\\\/secure.gravatar.com\\\/avatar\\\/ac5001d2a36cb6c6cd3e50789007ffca834b477b74a2144564522e944eabff61?s=96&d=mm&r=g\",\"caption\":\"thomas.berner\"},\"url\":\"https:\\\/\\\/www.organisator.ch\\\/en\\\/author\\\/thomas-berner\\\/\"}]}<\/script>\n<!-- \/ Yoast SEO plugin. -->","yoast_head_json":{"title":"IT budgets rise despite Corona pandemic - Organizer","description":"Despite the Corona pandemic and uncertain economic outlook, IT budgets will continue to rise in the coming year, albeit at a slower rate than last year.","robots":{"index":"index","follow":"follow","max-snippet":"max-snippet:-1","max-image-preview":"max-image-preview:large","max-video-preview":"max-video-preview:-1"},"canonical":"https:\/\/www.organisator.ch\/en\/management\/it\/2020-12-08\/it-budgets-steigen-trotz-corona-pandemie\/","og_locale":"en_US","og_type":"article","og_title":"IT-Budgets steigen trotz Corona-Pandemie","og_description":"Trotz Corona-Pandemie und ungewisser Konjunkturaussichten steigen die IT-Budgets im kommenden Jahr weiter an, wenn auch weniger stark als im Vorjahr.","og_url":"https:\/\/www.organisator.ch\/en\/management\/it\/2020-12-08\/it-budgets-steigen-trotz-corona-pandemie\/","og_site_name":"Organisator","article_publisher":"https:\/\/www.facebook.com\/OrganisatorFachmagazin","article_published_time":"2020-12-08T10:55:46+00:00","og_image":[{"width":680,"height":508,"url":"https:\/\/www.organisator.ch\/wp-content\/uploads\/2020\/12\/IT-Budgets-steigen-trotz-Corona-Pandemie_Organisator.jpg","type":"image\/jpeg"}],"author":"thomas.berner","twitter_card":"summary_large_image","twitter_title":"#IT-Budgets steigen trotz #Corona-Pandemie","twitter_description":"Trotz #Corona-Pandemie und ungewisser #Konjunkturaussichten steigen die #IT-Budgets im kommenden Jahr weiter an, wenn auch weniger stark als im Vorjahr.","twitter_image":"https:\/\/www.organisator.ch\/wp-content\/uploads\/2020\/12\/IT-Budgets-steigen-trotz-Corona-Pandemie_Organisator.jpg","schema":{"@context":"https:\/\/schema.org","@graph":[{"@type":"Article","@id":"https:\/\/www.organisator.ch\/management\/it\/2020-12-08\/it-budgets-steigen-trotz-corona-pandemie\/#article","isPartOf":{"@id":"https:\/\/www.organisator.ch\/management\/it\/2020-12-08\/it-budgets-steigen-trotz-corona-pandemie\/"},"author":{"name":"thomas.berner","@id":"https:\/\/www.organisator.ch\/#\/schema\/person\/6f650f90b2842cd4c0cc334b4e36f67e"},"headline":"IT-Budgets steigen trotz Corona-Pandemie","datePublished":"2020-12-08T10:55:46+00:00","mainEntityOfPage":{"@id":"https:\/\/www.organisator.ch\/management\/it\/2020-12-08\/it-budgets-steigen-trotz-corona-pandemie\/"},"wordCount":627,"publisher":{"@id":"https:\/\/www.organisator.ch\/#organization"},"image":{"@id":"https:\/\/www.organisator.ch\/management\/it\/2020-12-08\/it-budgets-steigen-trotz-corona-pandemie\/#primaryimage"},"thumbnailUrl":"https:\/\/www.organisator.ch\/wp-content\/uploads\/2020\/12\/IT-Budgets-steigen-trotz-Corona-Pandemie_Organisator.jpg","keywords":["Coronavirus","Digitalisierung","Finanzierung","IT"],"articleSection":["IT"],"inLanguage":"en-US"},{"@type":"WebPage","@id":"https:\/\/www.organisator.ch\/management\/it\/2020-12-08\/it-budgets-steigen-trotz-corona-pandemie\/","url":"https:\/\/www.organisator.ch\/management\/it\/2020-12-08\/it-budgets-steigen-trotz-corona-pandemie\/","name":"IT budgets rise despite Corona pandemic - Organizer","isPartOf":{"@id":"https:\/\/www.organisator.ch\/#website"},"primaryImageOfPage":{"@id":"https:\/\/www.organisator.ch\/management\/it\/2020-12-08\/it-budgets-steigen-trotz-corona-pandemie\/#primaryimage"},"image":{"@id":"https:\/\/www.organisator.ch\/management\/it\/2020-12-08\/it-budgets-steigen-trotz-corona-pandemie\/#primaryimage"},"thumbnailUrl":"https:\/\/www.organisator.ch\/wp-content\/uploads\/2020\/12\/IT-Budgets-steigen-trotz-Corona-Pandemie_Organisator.jpg","datePublished":"2020-12-08T10:55:46+00:00","description":"Despite the Corona pandemic and uncertain economic outlook, IT budgets will continue to rise in the coming year, albeit at a slower rate than last year.","breadcrumb":{"@id":"https:\/\/www.organisator.ch\/management\/it\/2020-12-08\/it-budgets-steigen-trotz-corona-pandemie\/#breadcrumb"},"inLanguage":"en-US","potentialAction":[{"@type":"ReadAction","target":["https:\/\/www.organisator.ch\/management\/it\/2020-12-08\/it-budgets-steigen-trotz-corona-pandemie\/"]}]},{"@type":"ImageObject","inLanguage":"en-US","@id":"https:\/\/www.organisator.ch\/management\/it\/2020-12-08\/it-budgets-steigen-trotz-corona-pandemie\/#primaryimage","url":"https:\/\/www.organisator.ch\/wp-content\/uploads\/2020\/12\/IT-Budgets-steigen-trotz-Corona-Pandemie_Organisator.jpg","contentUrl":"https:\/\/www.organisator.ch\/wp-content\/uploads\/2020\/12\/IT-Budgets-steigen-trotz-Corona-Pandemie_Organisator.jpg","width":680,"height":508,"caption":"Die IT-Budgets steigen weiter an: Trotz oder wegen Corona? (Bild: Pixabay.com)"},{"@type":"BreadcrumbList","@id":"https:\/\/www.organisator.ch\/management\/it\/2020-12-08\/it-budgets-steigen-trotz-corona-pandemie\/#breadcrumb","itemListElement":[{"@type":"ListItem","position":1,"name":"Home","item":"https:\/\/www.organisator.ch\/"},{"@type":"ListItem","position":2,"name":"IT-Budgets steigen trotz Corona-Pandemie"}]},{"@type":"WebSite","@id":"https:\/\/www.organisator.ch\/#website","url":"https:\/\/www.organisator.ch\/","name":"Organizer","description":"Competent. Practical. In 10 issues per year, ORGANISATOR presents the essential topics for managers of SMEs.","publisher":{"@id":"https:\/\/www.organisator.ch\/#organization"},"potentialAction":[{"@type":"SearchAction","target":{"@type":"EntryPoint","urlTemplate":"https:\/\/www.organisator.ch\/?s={search_term_string}"},"query-input":{"@type":"PropertyValueSpecification","valueRequired":true,"valueName":"search_term_string"}}],"inLanguage":"en-US"},{"@type":"Organization","@id":"https:\/\/www.organisator.ch\/#organization","name":"Organizer","url":"https:\/\/www.organisator.ch\/","logo":{"@type":"ImageObject","inLanguage":"en-US","@id":"https:\/\/www.organisator.ch\/#\/schema\/logo\/image\/","url":"https:\/\/www.organisator.ch\/wp-content\/uploads\/2022\/01\/Logo_Organisator_Website.png","contentUrl":"https:\/\/www.organisator.ch\/wp-content\/uploads\/2022\/01\/Logo_Organisator_Website.png","width":800,"height":77,"caption":"Organisator"},"image":{"@id":"https:\/\/www.organisator.ch\/#\/schema\/logo\/image\/"},"sameAs":["https:\/\/www.facebook.com\/OrganisatorFachmagazin","https:\/\/www.linkedin.com\/showcase\/organisator-das-magazin-fr-kmu","https:\/\/www.xing.com\/news\/pages\/organisator-ch-695","https:\/\/www.youtube.com\/channel\/UCGP2Sq0iWaZwT3BdIAQFYpw"]},{"@type":"Person","@id":"https:\/\/www.organisator.ch\/#\/schema\/person\/6f650f90b2842cd4c0cc334b4e36f67e","name":"thomas.berner","image":{"@type":"ImageObject","inLanguage":"en-US","@id":"https:\/\/secure.gravatar.com\/avatar\/ac5001d2a36cb6c6cd3e50789007ffca834b477b74a2144564522e944eabff61?s=96&d=mm&r=g","url":"https:\/\/secure.gravatar.com\/avatar\/ac5001d2a36cb6c6cd3e50789007ffca834b477b74a2144564522e944eabff61?s=96&d=mm&r=g","contentUrl":"https:\/\/secure.gravatar.com\/avatar\/ac5001d2a36cb6c6cd3e50789007ffca834b477b74a2144564522e944eabff61?s=96&d=mm&r=g","caption":"thomas.berner"},"url":"https:\/\/www.organisator.ch\/en\/author\/thomas-berner\/"}]}},"_links":{"self":[{"href":"https:\/\/www.organisator.ch\/en\/wp-json\/wp\/v2\/posts\/7420","targetHints":{"allow":["GET"]}}],"collection":[{"href":"https:\/\/www.organisator.ch\/en\/wp-json\/wp\/v2\/posts"}],"about":[{"href":"https:\/\/www.organisator.ch\/en\/wp-json\/wp\/v2\/types\/post"}],"author":[{"embeddable":true,"href":"https:\/\/www.organisator.ch\/en\/wp-json\/wp\/v2\/users\/4"}],"replies":[{"embeddable":true,"href":"https:\/\/www.organisator.ch\/en\/wp-json\/wp\/v2\/comments?post=7420"}],"version-history":[{"count":0,"href":"https:\/\/www.organisator.ch\/en\/wp-json\/wp\/v2\/posts\/7420\/revisions"}],"wp:featuredmedia":[{"embeddable":true,"href":"https:\/\/www.organisator.ch\/en\/wp-json\/wp\/v2\/media\/7424"}],"wp:attachment":[{"href":"https:\/\/www.organisator.ch\/en\/wp-json\/wp\/v2\/media?parent=7420"}],"wp:term":[{"taxonomy":"category","embeddable":true,"href":"https:\/\/www.organisator.ch\/en\/wp-json\/wp\/v2\/categories?post=7420"},{"taxonomy":"post_tag","embeddable":true,"href":"https:\/\/www.organisator.ch\/en\/wp-json\/wp\/v2\/tags?post=7420"}],"curies":[{"name":"wp","href":"https:\/\/api.w.org\/{rel}","templated":true}]}}