{"id":7430,"date":"2020-12-09T13:54:23","date_gmt":"2020-12-09T12:54:23","guid":{"rendered":"https:\/\/www.organisator.ch\/?p=7430"},"modified":"2020-12-09T13:54:23","modified_gmt":"2020-12-09T12:54:23","slug":"leadership-trendbarometer-fuehrung-erlebt-in-der-corona-krise-eine-renaissance","status":"publish","type":"post","link":"https:\/\/www.organisator.ch\/en\/management\/2020-12-09\/leadership-trendbarometer-fuehrung-erlebt-in-der-corona-krise-eine-renaissance\/","title":{"rendered":"Leadership Trend Barometer: Leadership Experiences a Renaissance in the Corona Crisis"},"content":{"rendered":"<figure id=\"attachment_7431\" aria-describedby=\"caption-attachment-7431\" style=\"width: 680px\" class=\"wp-caption alignnone\"><img loading=\"lazy\" decoding=\"async\" class=\"size-medium wp-image-7431\" src=\"https:\/\/www.organisator.ch\/wp-content\/uploads\/2020\/12\/Leadership-Trendbarometer-Fuehrung-erlebt-in-der-Corona-Krise-eine-Renaissance-1_Organisator.jpg\" alt=\"\" width=\"680\" height=\"410\" srcset=\"https:\/\/www.organisator.ch\/wp-content\/uploads\/2020\/12\/Leadership-Trendbarometer-Fuehrung-erlebt-in-der-Corona-Krise-eine-Renaissance-1_Organisator.jpg 680w, https:\/\/www.organisator.ch\/wp-content\/uploads\/2020\/12\/Leadership-Trendbarometer-Fuehrung-erlebt-in-der-Corona-Krise-eine-Renaissance-1_Organisator-16x10.jpg 16w, https:\/\/www.organisator.ch\/wp-content\/uploads\/2020\/12\/Leadership-Trendbarometer-Fuehrung-erlebt-in-der-Corona-Krise-eine-Renaissance-1_Organisator-290x175.jpg 290w, https:\/\/www.organisator.ch\/wp-content\/uploads\/2020\/12\/Leadership-Trendbarometer-Fuehrung-erlebt-in-der-Corona-Krise-eine-Renaissance-1_Organisator-580x350.jpg 580w, https:\/\/www.organisator.ch\/wp-content\/uploads\/2020\/12\/Leadership-Trendbarometer-Fuehrung-erlebt-in-der-Corona-Krise-eine-Renaissance-1_Organisator-300x181.jpg 300w\" sizes=\"auto, (max-width: 680px) 100vw, 680px\" \/><figcaption id=\"caption-attachment-7431\" class=\"wp-caption-text\">The current IFIDZ Leadership Trend Barometer shows: Especially in the Corona crisis, employees want \"real\" leadership again. (Image: Pixabay.com)<\/figcaption><\/figure>\n<p>During the Corona pandemic, corporate executives are once again in greater demand as leaders. In this context, the increased demand for leadership results primarily from two factors: the in some cases high level of uncertainty among employees and the fact that in many companies a large proportion of employees currently have to be managed remotely because they largely work from home offices. At least, this is the assumption suggested by the current Leadership Trend Barometer of the Institute for Managers in the Digital Age (IFIDZ), Frankfurt.<\/p>\n<h2>Leadership trend barometer identifies key challenges<\/h2>\n<p>In the online survey on which the trend barometer is based, IFIDZ wanted to know from the participating managers what they see as the greatest challenges in the area of employee management and communication in corona times. A maximum of three answers were possible. Among the top four items in the survey were two that, according to IFIDZ founder and director Barbara Liebermeister, are \"closely related to the deep insecurity that many employees are currently feeling.<\/p>\n<p><img loading=\"lazy\" decoding=\"async\" class=\"alignnone size-medium wp-image-7432\" src=\"https:\/\/www.organisator.ch\/wp-content\/uploads\/2020\/12\/Leadership-Trendbarometer-Fuehrung-erlebt-in-der-Corona-Krise-eine-Renaissance-2_Organisator.jpg\" alt=\"\" width=\"680\" height=\"492\" srcset=\"https:\/\/www.organisator.ch\/wp-content\/uploads\/2020\/12\/Leadership-Trendbarometer-Fuehrung-erlebt-in-der-Corona-Krise-eine-Renaissance-2_Organisator.jpg 680w, https:\/\/www.organisator.ch\/wp-content\/uploads\/2020\/12\/Leadership-Trendbarometer-Fuehrung-erlebt-in-der-Corona-Krise-eine-Renaissance-2_Organisator-16x12.jpg 16w, https:\/\/www.organisator.ch\/wp-content\/uploads\/2020\/12\/Leadership-Trendbarometer-Fuehrung-erlebt-in-der-Corona-Krise-eine-Renaissance-2_Organisator-242x175.jpg 242w, https:\/\/www.organisator.ch\/wp-content\/uploads\/2020\/12\/Leadership-Trendbarometer-Fuehrung-erlebt-in-der-Corona-Krise-eine-Renaissance-2_Organisator-484x350.jpg 484w, https:\/\/www.organisator.ch\/wp-content\/uploads\/2020\/12\/Leadership-Trendbarometer-Fuehrung-erlebt-in-der-Corona-Krise-eine-Renaissance-2_Organisator-300x217.jpg 300w\" sizes=\"auto, (max-width: 680px) 100vw, 680px\" \/><\/p>\n<p>For example, nearly three-quarters of the 127 managers surveyed (73 percent) said a key challenge of theirs was \"giving employees the guidance and support they need\"; in addition, 55 percent cited \"taking sufficient time for employees and their questions\" as one of their biggest challenges. Also landing in the top 4 biggest challenges were two items closely related to the current increased need to manage employees at a distance. For example, nearly two-thirds of the executives surveyed (65 percent) cited \"maintaining relationships with employees in the home office\" as one of their biggest challenges at the moment, and more than half (51 percent) generally cited the task of \"managing employees at a distance or remotely.\"<\/p>\n<h2>Maintain team spirit<\/h2>\n<p>At the same time, in addition to maintaining relationships with individual employees, managers also seem to have increasing problems maintaining team spirit under the current conditions. At the very least, 45 percent of them said one of their three biggest challenges was \"maintaining the team spirit necessary for performance.\" All the other challenges mentioned in the survey seem to play a rather subordinate role compared to those mentioned above. It is noticeable, for example, that all challenges that are closely linked to the decision-making function of managers are rather rarely mentioned as a central \"construction site.\" For example, only 18 percent emphasized that one of their greatest challenges was \"adapting targets to the changed framework conditions\".<\/p>\n<h2>\"Classic\" leadership experiences renaissance<\/h2>\n<p>In view of the survey results, Barbara Liebermeister says one can speak of a \"renaissance of leadership\" in the current crisis. Moreover, in retrospect, it seems almost absurd that until the outbreak of the pandemic, there was still lively discussion under such buzzwords as holocracy about the extent to which leadership and managers would still be necessary at all in the company of the future. In contrast, he said, IFIDZ has always emphasized that \"leadership must change, but it is becoming increasingly important in the digital age.\" According to Liebermeister, the Corona pandemic, which is also accompanied by a surge in digitization, now makes it abundantly clear that this is true.<\/p>\n<p><em>For more information on the results of the latest IFIDZ Leadership Trendbarometer, please visit the IFIDZ website (<a href=\"http:\/\/www.ifidz.de\">www.ifidz.de<\/a>) in the studies section.<\/em><\/p>","protected":false},"excerpt":{"rendered":"<p>W\u00e4hrend der Corona-Pandemie sind die F\u00fchrungskr\u00e4fte der Unternehmen wieder verst\u00e4rkt als F\u00fchrungskr\u00e4fte gefragt. Dabei resultiert der erh\u00f6hte Bedarf an F\u00fchrung vor allem aus zwei Faktoren: der zum Teil hochgradigen Verunsicherung der Mitarbeiter und aus der Tatsache, dass in vielen Betrieben ein gro\u00dfer Teil der Mitarbeiter zurzeit aus der Ferne gef\u00fchrt werden muss, weil er weitgehend [&hellip;]<\/p>\n","protected":false},"author":4,"featured_media":7431,"comment_status":"closed","ping_status":"closed","sticky":false,"template":"","format":"standard","meta":{"_acf_changed":false,"_yoast_wpseo_focuskw":"Leadership-Trendbarometer","_yoast_wpseo_metadesc":"Leadership-Trendbarometer des IFIDZ-zeigt, seit dem Ausbruch der Pandemie sind die F\u00fchrungskr\u00e4fte wieder verst\u00e4rkt als F\u00fchrungskr\u00e4fte gefragt.","articlekey":"","footnotes":""},"categories":[28],"tags":[132,320,335,459],"class_list":["post-7430","post","type-post","status-publish","format-standard","has-post-thumbnail","hentry","category-management","tag-coronavirus","tag-leadership","tag-management-und-unternehmensfuehrung","tag-studie"],"acf":[],"yoast_head":"<!-- This site is optimized with the Yoast SEO plugin v27.4 - https:\/\/yoast.com\/product\/yoast-seo-wordpress\/ -->\n<title>Leadership-Trendbarometer: F\u00fchrung erlebt in der Corona-Krise eine Renaissance - Organisator<\/title>\n<meta name=\"description\" content=\"Leadership-Trendbarometer des IFIDZ-zeigt, seit dem Ausbruch der Pandemie sind die F\u00fchrungskr\u00e4fte wieder verst\u00e4rkt als F\u00fchrungskr\u00e4fte gefragt.\" \/>\n<meta name=\"robots\" content=\"index, follow, max-snippet:-1, max-image-preview:large, max-video-preview:-1\" \/>\n<link rel=\"canonical\" href=\"https:\/\/www.organisator.ch\/en\/management\/2020-12-09\/leadership-trendbarometer-fuehrung-erlebt-in-der-corona-krise-eine-renaissance\/\" \/>\n<meta property=\"og:locale\" content=\"en_US\" \/>\n<meta property=\"og:type\" content=\"article\" \/>\n<meta property=\"og:title\" content=\"Leadership-Trendbarometer: F\u00fchrung erlebt in der Corona-Krise eine Renaissance\" \/>\n<meta property=\"og:description\" content=\"Leadership-Trendbarometer des IFIDZ zeigt, seit dem Ausbruch der Pandemie sind die F\u00fchrungskr\u00e4fte wieder verst\u00e4rkt als F\u00fchrungskr\u00e4fte gefragt.\" \/>\n<meta property=\"og:url\" content=\"https:\/\/www.organisator.ch\/en\/management\/2020-12-09\/leadership-trendbarometer-fuehrung-erlebt-in-der-corona-krise-eine-renaissance\/\" \/>\n<meta property=\"og:site_name\" content=\"Organisator\" \/>\n<meta property=\"article:publisher\" content=\"https:\/\/www.facebook.com\/OrganisatorFachmagazin\" \/>\n<meta property=\"article:published_time\" content=\"2020-12-09T12:54:23+00:00\" \/>\n<meta property=\"og:image\" content=\"https:\/\/www.organisator.ch\/wp-content\/uploads\/2020\/12\/Leadership-Trendbarometer-Fuehrung-erlebt-in-der-Corona-Krise-eine-Renaissance-1_Organisator.jpg\" \/>\n\t<meta property=\"og:image:width\" content=\"680\" \/>\n\t<meta property=\"og:image:height\" content=\"410\" \/>\n\t<meta property=\"og:image:type\" content=\"image\/jpeg\" \/>\n<meta name=\"author\" content=\"thomas.berner\" \/>\n<meta name=\"twitter:card\" content=\"summary_large_image\" \/>\n<meta name=\"twitter:title\" content=\"#Leadership-Trendbarometer: #F\u00fchrung erlebt in der #Corona-Krise eine #Renaissance\" \/>\n<meta name=\"twitter:description\" content=\"#Leadership-Trendbarometer des #IFIDZ zeigt, seit dem Ausbruch der #Pandemie sind die F\u00fchrungskr\u00e4fte wieder verst\u00e4rkt als #F\u00fchrungskr\u00e4fte gefragt.\" \/>\n<meta name=\"twitter:image\" content=\"https:\/\/www.organisator.ch\/wp-content\/uploads\/2020\/12\/Leadership-Trendbarometer-Fuehrung-erlebt-in-der-Corona-Krise-eine-Renaissance-1_Organisator.jpg\" \/>\n<script type=\"application\/ld+json\" class=\"yoast-schema-graph\">{\"@context\":\"https:\\\/\\\/schema.org\",\"@graph\":[{\"@type\":\"Article\",\"@id\":\"https:\\\/\\\/www.organisator.ch\\\/management\\\/2020-12-09\\\/leadership-trendbarometer-fuehrung-erlebt-in-der-corona-krise-eine-renaissance\\\/#article\",\"isPartOf\":{\"@id\":\"https:\\\/\\\/www.organisator.ch\\\/management\\\/2020-12-09\\\/leadership-trendbarometer-fuehrung-erlebt-in-der-corona-krise-eine-renaissance\\\/\"},\"author\":{\"name\":\"thomas.berner\",\"@id\":\"https:\\\/\\\/www.organisator.ch\\\/#\\\/schema\\\/person\\\/6f650f90b2842cd4c0cc334b4e36f67e\"},\"headline\":\"Leadership-Trendbarometer: F\u00fchrung erlebt in der Corona-Krise eine Renaissance\",\"datePublished\":\"2020-12-09T12:54:23+00:00\",\"mainEntityOfPage\":{\"@id\":\"https:\\\/\\\/www.organisator.ch\\\/management\\\/2020-12-09\\\/leadership-trendbarometer-fuehrung-erlebt-in-der-corona-krise-eine-renaissance\\\/\"},\"wordCount\":573,\"publisher\":{\"@id\":\"https:\\\/\\\/www.organisator.ch\\\/#organization\"},\"image\":{\"@id\":\"https:\\\/\\\/www.organisator.ch\\\/management\\\/2020-12-09\\\/leadership-trendbarometer-fuehrung-erlebt-in-der-corona-krise-eine-renaissance\\\/#primaryimage\"},\"thumbnailUrl\":\"https:\\\/\\\/www.organisator.ch\\\/wp-content\\\/uploads\\\/2020\\\/12\\\/Leadership-Trendbarometer-Fuehrung-erlebt-in-der-Corona-Krise-eine-Renaissance-1_Organisator.jpg\",\"keywords\":[\"Coronavirus\",\"Leadership\",\"Management und Unternehmensf\u00fchrung\",\"Studie\"],\"articleSection\":[\"MANAGEMENT\"],\"inLanguage\":\"en-US\"},{\"@type\":\"WebPage\",\"@id\":\"https:\\\/\\\/www.organisator.ch\\\/management\\\/2020-12-09\\\/leadership-trendbarometer-fuehrung-erlebt-in-der-corona-krise-eine-renaissance\\\/\",\"url\":\"https:\\\/\\\/www.organisator.ch\\\/management\\\/2020-12-09\\\/leadership-trendbarometer-fuehrung-erlebt-in-der-corona-krise-eine-renaissance\\\/\",\"name\":\"Leadership-Trendbarometer: F\u00fchrung erlebt in der Corona-Krise eine Renaissance - Organisator\",\"isPartOf\":{\"@id\":\"https:\\\/\\\/www.organisator.ch\\\/#website\"},\"primaryImageOfPage\":{\"@id\":\"https:\\\/\\\/www.organisator.ch\\\/management\\\/2020-12-09\\\/leadership-trendbarometer-fuehrung-erlebt-in-der-corona-krise-eine-renaissance\\\/#primaryimage\"},\"image\":{\"@id\":\"https:\\\/\\\/www.organisator.ch\\\/management\\\/2020-12-09\\\/leadership-trendbarometer-fuehrung-erlebt-in-der-corona-krise-eine-renaissance\\\/#primaryimage\"},\"thumbnailUrl\":\"https:\\\/\\\/www.organisator.ch\\\/wp-content\\\/uploads\\\/2020\\\/12\\\/Leadership-Trendbarometer-Fuehrung-erlebt-in-der-Corona-Krise-eine-Renaissance-1_Organisator.jpg\",\"datePublished\":\"2020-12-09T12:54:23+00:00\",\"description\":\"Leadership-Trendbarometer des IFIDZ-zeigt, seit dem Ausbruch der Pandemie sind die F\u00fchrungskr\u00e4fte wieder verst\u00e4rkt als F\u00fchrungskr\u00e4fte gefragt.\",\"breadcrumb\":{\"@id\":\"https:\\\/\\\/www.organisator.ch\\\/management\\\/2020-12-09\\\/leadership-trendbarometer-fuehrung-erlebt-in-der-corona-krise-eine-renaissance\\\/#breadcrumb\"},\"inLanguage\":\"en-US\",\"potentialAction\":[{\"@type\":\"ReadAction\",\"target\":[\"https:\\\/\\\/www.organisator.ch\\\/management\\\/2020-12-09\\\/leadership-trendbarometer-fuehrung-erlebt-in-der-corona-krise-eine-renaissance\\\/\"]}]},{\"@type\":\"ImageObject\",\"inLanguage\":\"en-US\",\"@id\":\"https:\\\/\\\/www.organisator.ch\\\/management\\\/2020-12-09\\\/leadership-trendbarometer-fuehrung-erlebt-in-der-corona-krise-eine-renaissance\\\/#primaryimage\",\"url\":\"https:\\\/\\\/www.organisator.ch\\\/wp-content\\\/uploads\\\/2020\\\/12\\\/Leadership-Trendbarometer-Fuehrung-erlebt-in-der-Corona-Krise-eine-Renaissance-1_Organisator.jpg\",\"contentUrl\":\"https:\\\/\\\/www.organisator.ch\\\/wp-content\\\/uploads\\\/2020\\\/12\\\/Leadership-Trendbarometer-Fuehrung-erlebt-in-der-Corona-Krise-eine-Renaissance-1_Organisator.jpg\",\"width\":680,\"height\":410,\"caption\":\"Der aktuelle Leadership-Trendbarometer von IFIDZ zeigt: Gerade in der Corona-Krise w\u00fcnschen sich Mitarbeitende wieder \\\"richtige\\\" F\u00fchrung. (Bild: Pixabay.com)\"},{\"@type\":\"BreadcrumbList\",\"@id\":\"https:\\\/\\\/www.organisator.ch\\\/management\\\/2020-12-09\\\/leadership-trendbarometer-fuehrung-erlebt-in-der-corona-krise-eine-renaissance\\\/#breadcrumb\",\"itemListElement\":[{\"@type\":\"ListItem\",\"position\":1,\"name\":\"Home\",\"item\":\"https:\\\/\\\/www.organisator.ch\\\/\"},{\"@type\":\"ListItem\",\"position\":2,\"name\":\"Leadership-Trendbarometer: F\u00fchrung erlebt in der Corona-Krise eine Renaissance\"}]},{\"@type\":\"WebSite\",\"@id\":\"https:\\\/\\\/www.organisator.ch\\\/#website\",\"url\":\"https:\\\/\\\/www.organisator.ch\\\/\",\"name\":\"Organisator\",\"description\":\"Kompetent. Praxisnah. Der ORGANISATOR bereitet in 10 Ausgaben pro Jahr die wesentlichen Themen f\u00fcr F\u00fchrungskr\u00e4fte von KMU auf.\",\"publisher\":{\"@id\":\"https:\\\/\\\/www.organisator.ch\\\/#organization\"},\"potentialAction\":[{\"@type\":\"SearchAction\",\"target\":{\"@type\":\"EntryPoint\",\"urlTemplate\":\"https:\\\/\\\/www.organisator.ch\\\/?s={search_term_string}\"},\"query-input\":{\"@type\":\"PropertyValueSpecification\",\"valueRequired\":true,\"valueName\":\"search_term_string\"}}],\"inLanguage\":\"en-US\"},{\"@type\":\"Organization\",\"@id\":\"https:\\\/\\\/www.organisator.ch\\\/#organization\",\"name\":\"Organisator\",\"url\":\"https:\\\/\\\/www.organisator.ch\\\/\",\"logo\":{\"@type\":\"ImageObject\",\"inLanguage\":\"en-US\",\"@id\":\"https:\\\/\\\/www.organisator.ch\\\/#\\\/schema\\\/logo\\\/image\\\/\",\"url\":\"https:\\\/\\\/www.organisator.ch\\\/wp-content\\\/uploads\\\/2022\\\/01\\\/Logo_Organisator_Website.png\",\"contentUrl\":\"https:\\\/\\\/www.organisator.ch\\\/wp-content\\\/uploads\\\/2022\\\/01\\\/Logo_Organisator_Website.png\",\"width\":800,\"height\":77,\"caption\":\"Organisator\"},\"image\":{\"@id\":\"https:\\\/\\\/www.organisator.ch\\\/#\\\/schema\\\/logo\\\/image\\\/\"},\"sameAs\":[\"https:\\\/\\\/www.facebook.com\\\/OrganisatorFachmagazin\",\"https:\\\/\\\/www.linkedin.com\\\/showcase\\\/organisator-das-magazin-fr-kmu\",\"https:\\\/\\\/www.xing.com\\\/news\\\/pages\\\/organisator-ch-695\",\"https:\\\/\\\/www.youtube.com\\\/channel\\\/UCGP2Sq0iWaZwT3BdIAQFYpw\"]},{\"@type\":\"Person\",\"@id\":\"https:\\\/\\\/www.organisator.ch\\\/#\\\/schema\\\/person\\\/6f650f90b2842cd4c0cc334b4e36f67e\",\"name\":\"thomas.berner\",\"image\":{\"@type\":\"ImageObject\",\"inLanguage\":\"en-US\",\"@id\":\"https:\\\/\\\/secure.gravatar.com\\\/avatar\\\/ac5001d2a36cb6c6cd3e50789007ffca834b477b74a2144564522e944eabff61?s=96&d=mm&r=g\",\"url\":\"https:\\\/\\\/secure.gravatar.com\\\/avatar\\\/ac5001d2a36cb6c6cd3e50789007ffca834b477b74a2144564522e944eabff61?s=96&d=mm&r=g\",\"contentUrl\":\"https:\\\/\\\/secure.gravatar.com\\\/avatar\\\/ac5001d2a36cb6c6cd3e50789007ffca834b477b74a2144564522e944eabff61?s=96&d=mm&r=g\",\"caption\":\"thomas.berner\"},\"url\":\"https:\\\/\\\/www.organisator.ch\\\/en\\\/author\\\/thomas-berner\\\/\"}]}<\/script>\n<!-- \/ Yoast SEO plugin. -->","yoast_head_json":{"title":"Leadership Trend Barometer: Leadership experiences a renaissance in the Corona crisis - Organizer","description":"Leadership Trendbarometer of IFIDZ-shows, since the outbreak of the pandemic, managers are again in greater demand as leaders.","robots":{"index":"index","follow":"follow","max-snippet":"max-snippet:-1","max-image-preview":"max-image-preview:large","max-video-preview":"max-video-preview:-1"},"canonical":"https:\/\/www.organisator.ch\/en\/management\/2020-12-09\/leadership-trendbarometer-fuehrung-erlebt-in-der-corona-krise-eine-renaissance\/","og_locale":"en_US","og_type":"article","og_title":"Leadership-Trendbarometer: F\u00fchrung erlebt in der Corona-Krise eine Renaissance","og_description":"Leadership-Trendbarometer des IFIDZ zeigt, seit dem Ausbruch der Pandemie sind die F\u00fchrungskr\u00e4fte wieder verst\u00e4rkt als F\u00fchrungskr\u00e4fte gefragt.","og_url":"https:\/\/www.organisator.ch\/en\/management\/2020-12-09\/leadership-trendbarometer-fuehrung-erlebt-in-der-corona-krise-eine-renaissance\/","og_site_name":"Organisator","article_publisher":"https:\/\/www.facebook.com\/OrganisatorFachmagazin","article_published_time":"2020-12-09T12:54:23+00:00","og_image":[{"width":680,"height":410,"url":"https:\/\/www.organisator.ch\/wp-content\/uploads\/2020\/12\/Leadership-Trendbarometer-Fuehrung-erlebt-in-der-Corona-Krise-eine-Renaissance-1_Organisator.jpg","type":"image\/jpeg"}],"author":"thomas.berner","twitter_card":"summary_large_image","twitter_title":"#Leadership-Trendbarometer: #F\u00fchrung erlebt in der #Corona-Krise eine #Renaissance","twitter_description":"#Leadership-Trendbarometer des #IFIDZ zeigt, seit dem Ausbruch der #Pandemie sind die F\u00fchrungskr\u00e4fte wieder verst\u00e4rkt als #F\u00fchrungskr\u00e4fte gefragt.","twitter_image":"https:\/\/www.organisator.ch\/wp-content\/uploads\/2020\/12\/Leadership-Trendbarometer-Fuehrung-erlebt-in-der-Corona-Krise-eine-Renaissance-1_Organisator.jpg","schema":{"@context":"https:\/\/schema.org","@graph":[{"@type":"Article","@id":"https:\/\/www.organisator.ch\/management\/2020-12-09\/leadership-trendbarometer-fuehrung-erlebt-in-der-corona-krise-eine-renaissance\/#article","isPartOf":{"@id":"https:\/\/www.organisator.ch\/management\/2020-12-09\/leadership-trendbarometer-fuehrung-erlebt-in-der-corona-krise-eine-renaissance\/"},"author":{"name":"thomas.berner","@id":"https:\/\/www.organisator.ch\/#\/schema\/person\/6f650f90b2842cd4c0cc334b4e36f67e"},"headline":"Leadership-Trendbarometer: F\u00fchrung erlebt in der Corona-Krise eine Renaissance","datePublished":"2020-12-09T12:54:23+00:00","mainEntityOfPage":{"@id":"https:\/\/www.organisator.ch\/management\/2020-12-09\/leadership-trendbarometer-fuehrung-erlebt-in-der-corona-krise-eine-renaissance\/"},"wordCount":573,"publisher":{"@id":"https:\/\/www.organisator.ch\/#organization"},"image":{"@id":"https:\/\/www.organisator.ch\/management\/2020-12-09\/leadership-trendbarometer-fuehrung-erlebt-in-der-corona-krise-eine-renaissance\/#primaryimage"},"thumbnailUrl":"https:\/\/www.organisator.ch\/wp-content\/uploads\/2020\/12\/Leadership-Trendbarometer-Fuehrung-erlebt-in-der-Corona-Krise-eine-Renaissance-1_Organisator.jpg","keywords":["Coronavirus","Leadership","Management und Unternehmensf\u00fchrung","Studie"],"articleSection":["MANAGEMENT"],"inLanguage":"en-US"},{"@type":"WebPage","@id":"https:\/\/www.organisator.ch\/management\/2020-12-09\/leadership-trendbarometer-fuehrung-erlebt-in-der-corona-krise-eine-renaissance\/","url":"https:\/\/www.organisator.ch\/management\/2020-12-09\/leadership-trendbarometer-fuehrung-erlebt-in-der-corona-krise-eine-renaissance\/","name":"Leadership Trend Barometer: Leadership experiences a renaissance in the Corona crisis - Organizer","isPartOf":{"@id":"https:\/\/www.organisator.ch\/#website"},"primaryImageOfPage":{"@id":"https:\/\/www.organisator.ch\/management\/2020-12-09\/leadership-trendbarometer-fuehrung-erlebt-in-der-corona-krise-eine-renaissance\/#primaryimage"},"image":{"@id":"https:\/\/www.organisator.ch\/management\/2020-12-09\/leadership-trendbarometer-fuehrung-erlebt-in-der-corona-krise-eine-renaissance\/#primaryimage"},"thumbnailUrl":"https:\/\/www.organisator.ch\/wp-content\/uploads\/2020\/12\/Leadership-Trendbarometer-Fuehrung-erlebt-in-der-Corona-Krise-eine-Renaissance-1_Organisator.jpg","datePublished":"2020-12-09T12:54:23+00:00","description":"Leadership Trendbarometer of IFIDZ-shows, since the outbreak of the pandemic, managers are again in greater demand as leaders.","breadcrumb":{"@id":"https:\/\/www.organisator.ch\/management\/2020-12-09\/leadership-trendbarometer-fuehrung-erlebt-in-der-corona-krise-eine-renaissance\/#breadcrumb"},"inLanguage":"en-US","potentialAction":[{"@type":"ReadAction","target":["https:\/\/www.organisator.ch\/management\/2020-12-09\/leadership-trendbarometer-fuehrung-erlebt-in-der-corona-krise-eine-renaissance\/"]}]},{"@type":"ImageObject","inLanguage":"en-US","@id":"https:\/\/www.organisator.ch\/management\/2020-12-09\/leadership-trendbarometer-fuehrung-erlebt-in-der-corona-krise-eine-renaissance\/#primaryimage","url":"https:\/\/www.organisator.ch\/wp-content\/uploads\/2020\/12\/Leadership-Trendbarometer-Fuehrung-erlebt-in-der-Corona-Krise-eine-Renaissance-1_Organisator.jpg","contentUrl":"https:\/\/www.organisator.ch\/wp-content\/uploads\/2020\/12\/Leadership-Trendbarometer-Fuehrung-erlebt-in-der-Corona-Krise-eine-Renaissance-1_Organisator.jpg","width":680,"height":410,"caption":"Der aktuelle Leadership-Trendbarometer von IFIDZ zeigt: Gerade in der Corona-Krise w\u00fcnschen sich Mitarbeitende wieder \"richtige\" F\u00fchrung. (Bild: Pixabay.com)"},{"@type":"BreadcrumbList","@id":"https:\/\/www.organisator.ch\/management\/2020-12-09\/leadership-trendbarometer-fuehrung-erlebt-in-der-corona-krise-eine-renaissance\/#breadcrumb","itemListElement":[{"@type":"ListItem","position":1,"name":"Home","item":"https:\/\/www.organisator.ch\/"},{"@type":"ListItem","position":2,"name":"Leadership-Trendbarometer: F\u00fchrung erlebt in der Corona-Krise eine Renaissance"}]},{"@type":"WebSite","@id":"https:\/\/www.organisator.ch\/#website","url":"https:\/\/www.organisator.ch\/","name":"Organizer","description":"Competent. Practical. In 10 issues per year, ORGANISATOR presents the essential topics for managers of SMEs.","publisher":{"@id":"https:\/\/www.organisator.ch\/#organization"},"potentialAction":[{"@type":"SearchAction","target":{"@type":"EntryPoint","urlTemplate":"https:\/\/www.organisator.ch\/?s={search_term_string}"},"query-input":{"@type":"PropertyValueSpecification","valueRequired":true,"valueName":"search_term_string"}}],"inLanguage":"en-US"},{"@type":"Organization","@id":"https:\/\/www.organisator.ch\/#organization","name":"Organizer","url":"https:\/\/www.organisator.ch\/","logo":{"@type":"ImageObject","inLanguage":"en-US","@id":"https:\/\/www.organisator.ch\/#\/schema\/logo\/image\/","url":"https:\/\/www.organisator.ch\/wp-content\/uploads\/2022\/01\/Logo_Organisator_Website.png","contentUrl":"https:\/\/www.organisator.ch\/wp-content\/uploads\/2022\/01\/Logo_Organisator_Website.png","width":800,"height":77,"caption":"Organisator"},"image":{"@id":"https:\/\/www.organisator.ch\/#\/schema\/logo\/image\/"},"sameAs":["https:\/\/www.facebook.com\/OrganisatorFachmagazin","https:\/\/www.linkedin.com\/showcase\/organisator-das-magazin-fr-kmu","https:\/\/www.xing.com\/news\/pages\/organisator-ch-695","https:\/\/www.youtube.com\/channel\/UCGP2Sq0iWaZwT3BdIAQFYpw"]},{"@type":"Person","@id":"https:\/\/www.organisator.ch\/#\/schema\/person\/6f650f90b2842cd4c0cc334b4e36f67e","name":"thomas.berner","image":{"@type":"ImageObject","inLanguage":"en-US","@id":"https:\/\/secure.gravatar.com\/avatar\/ac5001d2a36cb6c6cd3e50789007ffca834b477b74a2144564522e944eabff61?s=96&d=mm&r=g","url":"https:\/\/secure.gravatar.com\/avatar\/ac5001d2a36cb6c6cd3e50789007ffca834b477b74a2144564522e944eabff61?s=96&d=mm&r=g","contentUrl":"https:\/\/secure.gravatar.com\/avatar\/ac5001d2a36cb6c6cd3e50789007ffca834b477b74a2144564522e944eabff61?s=96&d=mm&r=g","caption":"thomas.berner"},"url":"https:\/\/www.organisator.ch\/en\/author\/thomas-berner\/"}]}},"_links":{"self":[{"href":"https:\/\/www.organisator.ch\/en\/wp-json\/wp\/v2\/posts\/7430","targetHints":{"allow":["GET"]}}],"collection":[{"href":"https:\/\/www.organisator.ch\/en\/wp-json\/wp\/v2\/posts"}],"about":[{"href":"https:\/\/www.organisator.ch\/en\/wp-json\/wp\/v2\/types\/post"}],"author":[{"embeddable":true,"href":"https:\/\/www.organisator.ch\/en\/wp-json\/wp\/v2\/users\/4"}],"replies":[{"embeddable":true,"href":"https:\/\/www.organisator.ch\/en\/wp-json\/wp\/v2\/comments?post=7430"}],"version-history":[{"count":0,"href":"https:\/\/www.organisator.ch\/en\/wp-json\/wp\/v2\/posts\/7430\/revisions"}],"wp:featuredmedia":[{"embeddable":true,"href":"https:\/\/www.organisator.ch\/en\/wp-json\/wp\/v2\/media\/7431"}],"wp:attachment":[{"href":"https:\/\/www.organisator.ch\/en\/wp-json\/wp\/v2\/media?parent=7430"}],"wp:term":[{"taxonomy":"category","embeddable":true,"href":"https:\/\/www.organisator.ch\/en\/wp-json\/wp\/v2\/categories?post=7430"},{"taxonomy":"post_tag","embeddable":true,"href":"https:\/\/www.organisator.ch\/en\/wp-json\/wp\/v2\/tags?post=7430"}],"curies":[{"name":"wp","href":"https:\/\/api.w.org\/{rel}","templated":true}]}}