{"id":7455,"date":"2020-12-17T08:52:22","date_gmt":"2020-12-17T07:52:22","guid":{"rendered":"https:\/\/www.organisator.ch\/?p=7455"},"modified":"2020-12-17T08:52:22","modified_gmt":"2020-12-17T07:52:22","slug":"erfolgs-impuls-haben-sie-probleme-mit-ihrem-gefuehl","status":"publish","type":"post","link":"https:\/\/www.organisator.ch\/en\/management\/2020-12-17\/erfolgs-impuls-haben-sie-probleme-mit-ihrem-gefuehl\/","title":{"rendered":"Success Impulse: Do you have problems with your feeling?"},"content":{"rendered":"<figure id=\"attachment_7456\" aria-describedby=\"caption-attachment-7456\" style=\"width: 680px\" class=\"wp-caption alignnone\"><img loading=\"lazy\" decoding=\"async\" class=\"size-medium wp-image-7456\" src=\"https:\/\/www.organisator.ch\/wp-content\/uploads\/2020\/12\/Erfolgs-Impuls-Haben-Sie-Probleme-mit-Ihrem-Gefuehl_Organisator.jpg\" alt=\"\" width=\"680\" height=\"453\" srcset=\"https:\/\/www.organisator.ch\/wp-content\/uploads\/2020\/12\/Erfolgs-Impuls-Haben-Sie-Probleme-mit-Ihrem-Gefuehl_Organisator.jpg 680w, https:\/\/www.organisator.ch\/wp-content\/uploads\/2020\/12\/Erfolgs-Impuls-Haben-Sie-Probleme-mit-Ihrem-Gefuehl_Organisator-16x12.jpg 16w, https:\/\/www.organisator.ch\/wp-content\/uploads\/2020\/12\/Erfolgs-Impuls-Haben-Sie-Probleme-mit-Ihrem-Gefuehl_Organisator-263x175.jpg 263w, https:\/\/www.organisator.ch\/wp-content\/uploads\/2020\/12\/Erfolgs-Impuls-Haben-Sie-Probleme-mit-Ihrem-Gefuehl_Organisator-525x350.jpg 525w, https:\/\/www.organisator.ch\/wp-content\/uploads\/2020\/12\/Erfolgs-Impuls-Haben-Sie-Probleme-mit-Ihrem-Gefuehl_Organisator-300x200.jpg 300w\" sizes=\"auto, (max-width: 680px) 100vw, 680px\" \/><figcaption id=\"caption-attachment-7456\" class=\"wp-caption-text\">Joy is a beautiful feeling... The power of feelings can be used positively for personal leadership. (Image: Pixabay.com)<\/figcaption><\/figure>\n<p>\"People will forget what you say and forget what you do ... but they will never forget the feeling you gave them\": this is relevant whenever you want to get others to take action or influence them. And this is one of your main tasks as a leader.<\/p>\n<h2>Trigger the right feeling<\/h2>\n<p>You can talk as much as you want, even do the right and important things, the impact on others will always be limited compared to when you trigger certain feelings in others.<\/p>\n<p>Example: If others feel safe with you to say what they think and dare to try new things without fearing sarcastic comments, they will try more. If people feel a sense of departure with the prospect of new fascinating experiences, they will go the distance.<\/p>\n<p>The biggest problem with this is often that people are afraid that their feelings may be hurt, that the security was only apparent, that the vision was not serious. In other words, that their feelings will be disappointed.<\/p>\n<h2>Using the power of feelings<\/h2>\n<p>If this seems too \"soft\" for leadership, I can assure you that these are exactly the \"hard facts\" that cause projects and strategies to fail. Here are three short ideas on how you can use the power of feelings for your leadership:<\/p>\n<ol>\n<li>The Why. For each change, clarify with your team why it feels better when we have achieved our goals or vision. What is different there for each individual? Why is this good and important?<\/li>\n<li>The demands. How do you want to think and behave? What demands do you make on yourself? Demands are always associated with feelings. Examples: We want to have fun in what we do. Each of us takes full responsibility for the consequences of our actions. Everyone tries to understand the others.<\/li>\n<li>The successes. Most people give far too little credit to successes. Why is that important? Successes and failures trigger feelings. That's why consistent recognition (even on a small scale) is a very easy lever for good feelings.<\/li>\n<\/ol>\n<p>Emotions play an important role not only at this time of year, but at every time of our lives. With logic you make people think, with emotions you make them act. Take advantage of that in the new year!<\/p>\n<p><i><strong>To the author:<\/strong><br \/>\n<\/i><em>Volkmar V\u00f6lzke is a success maximizer. Book author. Consultant. Coach. Speaker. <a href=\"http:\/\/www.volkmarvoelzke.ch\/\">www.volkmarvoelzke.ch<\/a><\/em><\/p>","protected":false},"excerpt":{"rendered":"<p>\u201cMenschen werden vergessen, was Du sagst und vergessen, was Du tust \u2026 aber sie werden nie vergessen, welches Gef\u00fchl Du ihnen gegeben hast\u201d: Das ist immer dann relevant, wenn Sie andere zu Aktionen bringen oder sie beeinflussen wollen. Und das ist eine Ihrer Haupt-Aufgaben als F\u00fchrungsperson. Das richtige Gef\u00fchl ausl\u00f6sen Sie k\u00f6nnen reden, wieviel Sie [&hellip;]<\/p>\n","protected":false},"author":4,"featured_media":7456,"comment_status":"closed","ping_status":"closed","sticky":false,"template":"","format":"standard","meta":{"_acf_changed":false,"_yoast_wpseo_focuskw":"Gef\u00fchl","_yoast_wpseo_metadesc":"Erfolgs-Impuls: \u201cMenschen werden vergessen, was Du sagst und vergessen, was Du tust \u2026 aber sie werden nie vergessen, welches Gef\u00fchl Du ihnen gegeben hast.\u201d","articlekey":"","footnotes":""},"categories":[28],"tags":[115,177,320],"class_list":["post-7455","post","type-post","status-publish","format-standard","has-post-thumbnail","hentry","category-management","tag-checklisten","tag-erfolgs-impuls","tag-leadership"],"acf":[],"yoast_head":"<!-- This site is optimized with the Yoast SEO plugin v27.5 - https:\/\/yoast.com\/product\/yoast-seo-wordpress\/ -->\n<title>Erfolgs-Impuls: Haben Sie Probleme mit Ihrem Gef\u00fchl? - Organisator<\/title>\n<meta name=\"description\" content=\"Erfolgs-Impuls: \u201cMenschen werden vergessen, was Du sagst und vergessen, was Du tust \u2026 aber sie werden nie vergessen, welches Gef\u00fchl Du ihnen gegeben hast.\u201d\" \/>\n<meta name=\"robots\" content=\"index, follow, max-snippet:-1, max-image-preview:large, max-video-preview:-1\" \/>\n<link rel=\"canonical\" href=\"https:\/\/www.organisator.ch\/en\/management\/2020-12-17\/erfolgs-impuls-haben-sie-probleme-mit-ihrem-gefuehl\/\" \/>\n<meta property=\"og:locale\" content=\"en_US\" \/>\n<meta property=\"og:type\" content=\"article\" \/>\n<meta property=\"og:title\" content=\"Erfolgs-Impuls: Haben Sie Probleme mit Ihrem Gef\u00fchl?\" \/>\n<meta property=\"og:description\" content=\"Erfolgs-Impuls: \u201cMenschen werden vergessen, was Du sagst und vergessen, was Du tust \u2026 aber sie werden nie vergessen, welches Gef\u00fchl Du ihnen gegeben hast.\u201d\" \/>\n<meta property=\"og:url\" content=\"https:\/\/www.organisator.ch\/en\/management\/2020-12-17\/erfolgs-impuls-haben-sie-probleme-mit-ihrem-gefuehl\/\" \/>\n<meta property=\"og:site_name\" content=\"Organisator\" \/>\n<meta property=\"article:publisher\" content=\"https:\/\/www.facebook.com\/OrganisatorFachmagazin\" \/>\n<meta property=\"article:published_time\" content=\"2020-12-17T07:52:22+00:00\" \/>\n<meta property=\"og:image\" content=\"https:\/\/www.organisator.ch\/wp-content\/uploads\/2020\/12\/Erfolgs-Impuls-Haben-Sie-Probleme-mit-Ihrem-Gefuehl_Organisator.jpg\" \/>\n\t<meta property=\"og:image:width\" content=\"680\" \/>\n\t<meta property=\"og:image:height\" content=\"453\" \/>\n\t<meta property=\"og:image:type\" content=\"image\/jpeg\" \/>\n<meta name=\"author\" content=\"thomas.berner\" \/>\n<meta name=\"twitter:card\" content=\"summary_large_image\" \/>\n<meta name=\"twitter:title\" content=\"#Erfolgs-Impuls: Haben Sie Probleme mit Ihrem #Gef\u00fchl?\" \/>\n<meta name=\"twitter:description\" content=\"#Erfolgs-Impuls: \u201cMenschen werden vergessen, was Du sagst und vergessen, was Du tust \u2026 aber sie werden nie vergessen, welches Gef\u00fchl Du ihnen gegeben hast.\u201d\" \/>\n<meta name=\"twitter:image\" content=\"https:\/\/www.organisator.ch\/wp-content\/uploads\/2020\/12\/Erfolgs-Impuls-Haben-Sie-Probleme-mit-Ihrem-Gefuehl_Organisator.jpg\" \/>\n<script type=\"application\/ld+json\" class=\"yoast-schema-graph\">{\"@context\":\"https:\\\/\\\/schema.org\",\"@graph\":[{\"@type\":\"Article\",\"@id\":\"https:\\\/\\\/www.organisator.ch\\\/management\\\/2020-12-17\\\/erfolgs-impuls-haben-sie-probleme-mit-ihrem-gefuehl\\\/#article\",\"isPartOf\":{\"@id\":\"https:\\\/\\\/www.organisator.ch\\\/management\\\/2020-12-17\\\/erfolgs-impuls-haben-sie-probleme-mit-ihrem-gefuehl\\\/\"},\"author\":{\"name\":\"thomas.berner\",\"@id\":\"https:\\\/\\\/www.organisator.ch\\\/#\\\/schema\\\/person\\\/6f650f90b2842cd4c0cc334b4e36f67e\"},\"headline\":\"Erfolgs-Impuls: Haben Sie Probleme mit Ihrem Gef\u00fchl?\",\"datePublished\":\"2020-12-17T07:52:22+00:00\",\"mainEntityOfPage\":{\"@id\":\"https:\\\/\\\/www.organisator.ch\\\/management\\\/2020-12-17\\\/erfolgs-impuls-haben-sie-probleme-mit-ihrem-gefuehl\\\/\"},\"wordCount\":455,\"publisher\":{\"@id\":\"https:\\\/\\\/www.organisator.ch\\\/#organization\"},\"image\":{\"@id\":\"https:\\\/\\\/www.organisator.ch\\\/management\\\/2020-12-17\\\/erfolgs-impuls-haben-sie-probleme-mit-ihrem-gefuehl\\\/#primaryimage\"},\"thumbnailUrl\":\"https:\\\/\\\/www.organisator.ch\\\/wp-content\\\/uploads\\\/2020\\\/12\\\/Erfolgs-Impuls-Haben-Sie-Probleme-mit-Ihrem-Gefuehl_Organisator.jpg\",\"keywords\":[\"Checklisten\",\"Erfolgs-Impuls\",\"Leadership\"],\"articleSection\":[\"MANAGEMENT\"],\"inLanguage\":\"en-US\"},{\"@type\":\"WebPage\",\"@id\":\"https:\\\/\\\/www.organisator.ch\\\/management\\\/2020-12-17\\\/erfolgs-impuls-haben-sie-probleme-mit-ihrem-gefuehl\\\/\",\"url\":\"https:\\\/\\\/www.organisator.ch\\\/management\\\/2020-12-17\\\/erfolgs-impuls-haben-sie-probleme-mit-ihrem-gefuehl\\\/\",\"name\":\"Erfolgs-Impuls: Haben Sie Probleme mit Ihrem Gef\u00fchl? - Organisator\",\"isPartOf\":{\"@id\":\"https:\\\/\\\/www.organisator.ch\\\/#website\"},\"primaryImageOfPage\":{\"@id\":\"https:\\\/\\\/www.organisator.ch\\\/management\\\/2020-12-17\\\/erfolgs-impuls-haben-sie-probleme-mit-ihrem-gefuehl\\\/#primaryimage\"},\"image\":{\"@id\":\"https:\\\/\\\/www.organisator.ch\\\/management\\\/2020-12-17\\\/erfolgs-impuls-haben-sie-probleme-mit-ihrem-gefuehl\\\/#primaryimage\"},\"thumbnailUrl\":\"https:\\\/\\\/www.organisator.ch\\\/wp-content\\\/uploads\\\/2020\\\/12\\\/Erfolgs-Impuls-Haben-Sie-Probleme-mit-Ihrem-Gefuehl_Organisator.jpg\",\"datePublished\":\"2020-12-17T07:52:22+00:00\",\"description\":\"Erfolgs-Impuls: \u201cMenschen werden vergessen, was Du sagst und vergessen, was Du tust \u2026 aber sie werden nie vergessen, welches Gef\u00fchl Du ihnen gegeben hast.\u201d\",\"breadcrumb\":{\"@id\":\"https:\\\/\\\/www.organisator.ch\\\/management\\\/2020-12-17\\\/erfolgs-impuls-haben-sie-probleme-mit-ihrem-gefuehl\\\/#breadcrumb\"},\"inLanguage\":\"en-US\",\"potentialAction\":[{\"@type\":\"ReadAction\",\"target\":[\"https:\\\/\\\/www.organisator.ch\\\/management\\\/2020-12-17\\\/erfolgs-impuls-haben-sie-probleme-mit-ihrem-gefuehl\\\/\"]}]},{\"@type\":\"ImageObject\",\"inLanguage\":\"en-US\",\"@id\":\"https:\\\/\\\/www.organisator.ch\\\/management\\\/2020-12-17\\\/erfolgs-impuls-haben-sie-probleme-mit-ihrem-gefuehl\\\/#primaryimage\",\"url\":\"https:\\\/\\\/www.organisator.ch\\\/wp-content\\\/uploads\\\/2020\\\/12\\\/Erfolgs-Impuls-Haben-Sie-Probleme-mit-Ihrem-Gefuehl_Organisator.jpg\",\"contentUrl\":\"https:\\\/\\\/www.organisator.ch\\\/wp-content\\\/uploads\\\/2020\\\/12\\\/Erfolgs-Impuls-Haben-Sie-Probleme-mit-Ihrem-Gefuehl_Organisator.jpg\",\"width\":680,\"height\":453,\"caption\":\"Freude ist ein sch\u00f6nes Gef\u00fchl... Die Kraft von Gef\u00fchlen l\u00e4sst sich auf f\u00fcr die pers\u00f6nliche Leadership positiv nutzen. (Bild: Pixabay.com)\"},{\"@type\":\"BreadcrumbList\",\"@id\":\"https:\\\/\\\/www.organisator.ch\\\/management\\\/2020-12-17\\\/erfolgs-impuls-haben-sie-probleme-mit-ihrem-gefuehl\\\/#breadcrumb\",\"itemListElement\":[{\"@type\":\"ListItem\",\"position\":1,\"name\":\"Home\",\"item\":\"https:\\\/\\\/www.organisator.ch\\\/\"},{\"@type\":\"ListItem\",\"position\":2,\"name\":\"Erfolgs-Impuls: Haben Sie Probleme mit Ihrem Gef\u00fchl?\"}]},{\"@type\":\"WebSite\",\"@id\":\"https:\\\/\\\/www.organisator.ch\\\/#website\",\"url\":\"https:\\\/\\\/www.organisator.ch\\\/\",\"name\":\"Organisator\",\"description\":\"Kompetent. Praxisnah. Der ORGANISATOR bereitet in 10 Ausgaben pro Jahr die wesentlichen Themen f\u00fcr F\u00fchrungskr\u00e4fte von KMU auf.\",\"publisher\":{\"@id\":\"https:\\\/\\\/www.organisator.ch\\\/#organization\"},\"potentialAction\":[{\"@type\":\"SearchAction\",\"target\":{\"@type\":\"EntryPoint\",\"urlTemplate\":\"https:\\\/\\\/www.organisator.ch\\\/?s={search_term_string}\"},\"query-input\":{\"@type\":\"PropertyValueSpecification\",\"valueRequired\":true,\"valueName\":\"search_term_string\"}}],\"inLanguage\":\"en-US\"},{\"@type\":\"Organization\",\"@id\":\"https:\\\/\\\/www.organisator.ch\\\/#organization\",\"name\":\"Organisator\",\"url\":\"https:\\\/\\\/www.organisator.ch\\\/\",\"logo\":{\"@type\":\"ImageObject\",\"inLanguage\":\"en-US\",\"@id\":\"https:\\\/\\\/www.organisator.ch\\\/#\\\/schema\\\/logo\\\/image\\\/\",\"url\":\"https:\\\/\\\/www.organisator.ch\\\/wp-content\\\/uploads\\\/2022\\\/01\\\/Logo_Organisator_Website.png\",\"contentUrl\":\"https:\\\/\\\/www.organisator.ch\\\/wp-content\\\/uploads\\\/2022\\\/01\\\/Logo_Organisator_Website.png\",\"width\":800,\"height\":77,\"caption\":\"Organisator\"},\"image\":{\"@id\":\"https:\\\/\\\/www.organisator.ch\\\/#\\\/schema\\\/logo\\\/image\\\/\"},\"sameAs\":[\"https:\\\/\\\/www.facebook.com\\\/OrganisatorFachmagazin\",\"https:\\\/\\\/www.linkedin.com\\\/showcase\\\/organisator-das-magazin-fr-kmu\",\"https:\\\/\\\/www.xing.com\\\/news\\\/pages\\\/organisator-ch-695\",\"https:\\\/\\\/www.youtube.com\\\/channel\\\/UCGP2Sq0iWaZwT3BdIAQFYpw\"]},{\"@type\":\"Person\",\"@id\":\"https:\\\/\\\/www.organisator.ch\\\/#\\\/schema\\\/person\\\/6f650f90b2842cd4c0cc334b4e36f67e\",\"name\":\"thomas.berner\",\"image\":{\"@type\":\"ImageObject\",\"inLanguage\":\"en-US\",\"@id\":\"https:\\\/\\\/secure.gravatar.com\\\/avatar\\\/ac5001d2a36cb6c6cd3e50789007ffca834b477b74a2144564522e944eabff61?s=96&d=mm&r=g\",\"url\":\"https:\\\/\\\/secure.gravatar.com\\\/avatar\\\/ac5001d2a36cb6c6cd3e50789007ffca834b477b74a2144564522e944eabff61?s=96&d=mm&r=g\",\"contentUrl\":\"https:\\\/\\\/secure.gravatar.com\\\/avatar\\\/ac5001d2a36cb6c6cd3e50789007ffca834b477b74a2144564522e944eabff61?s=96&d=mm&r=g\",\"caption\":\"thomas.berner\"},\"url\":\"https:\\\/\\\/www.organisator.ch\\\/en\\\/author\\\/thomas-berner\\\/\"}]}<\/script>\n<!-- \/ Yoast SEO plugin. -->","yoast_head_json":{"title":"Success Impulse: Are you having trouble feeling your way? - Organizer","description":"Success Impulse: \"People will forget what you say and forget what you do ... but they will never forget the feeling you gave them.\"","robots":{"index":"index","follow":"follow","max-snippet":"max-snippet:-1","max-image-preview":"max-image-preview:large","max-video-preview":"max-video-preview:-1"},"canonical":"https:\/\/www.organisator.ch\/en\/management\/2020-12-17\/erfolgs-impuls-haben-sie-probleme-mit-ihrem-gefuehl\/","og_locale":"en_US","og_type":"article","og_title":"Erfolgs-Impuls: Haben Sie Probleme mit Ihrem Gef\u00fchl?","og_description":"Erfolgs-Impuls: \u201cMenschen werden vergessen, was Du sagst und vergessen, was Du tust \u2026 aber sie werden nie vergessen, welches Gef\u00fchl Du ihnen gegeben hast.\u201d","og_url":"https:\/\/www.organisator.ch\/en\/management\/2020-12-17\/erfolgs-impuls-haben-sie-probleme-mit-ihrem-gefuehl\/","og_site_name":"Organisator","article_publisher":"https:\/\/www.facebook.com\/OrganisatorFachmagazin","article_published_time":"2020-12-17T07:52:22+00:00","og_image":[{"width":680,"height":453,"url":"https:\/\/www.organisator.ch\/wp-content\/uploads\/2020\/12\/Erfolgs-Impuls-Haben-Sie-Probleme-mit-Ihrem-Gefuehl_Organisator.jpg","type":"image\/jpeg"}],"author":"thomas.berner","twitter_card":"summary_large_image","twitter_title":"#Erfolgs-Impuls: Haben Sie Probleme mit Ihrem #Gef\u00fchl?","twitter_description":"#Erfolgs-Impuls: \u201cMenschen werden vergessen, was Du sagst und vergessen, was Du tust \u2026 aber sie werden nie vergessen, welches Gef\u00fchl Du ihnen gegeben hast.\u201d","twitter_image":"https:\/\/www.organisator.ch\/wp-content\/uploads\/2020\/12\/Erfolgs-Impuls-Haben-Sie-Probleme-mit-Ihrem-Gefuehl_Organisator.jpg","schema":{"@context":"https:\/\/schema.org","@graph":[{"@type":"Article","@id":"https:\/\/www.organisator.ch\/management\/2020-12-17\/erfolgs-impuls-haben-sie-probleme-mit-ihrem-gefuehl\/#article","isPartOf":{"@id":"https:\/\/www.organisator.ch\/management\/2020-12-17\/erfolgs-impuls-haben-sie-probleme-mit-ihrem-gefuehl\/"},"author":{"name":"thomas.berner","@id":"https:\/\/www.organisator.ch\/#\/schema\/person\/6f650f90b2842cd4c0cc334b4e36f67e"},"headline":"Erfolgs-Impuls: Haben Sie Probleme mit Ihrem Gef\u00fchl?","datePublished":"2020-12-17T07:52:22+00:00","mainEntityOfPage":{"@id":"https:\/\/www.organisator.ch\/management\/2020-12-17\/erfolgs-impuls-haben-sie-probleme-mit-ihrem-gefuehl\/"},"wordCount":455,"publisher":{"@id":"https:\/\/www.organisator.ch\/#organization"},"image":{"@id":"https:\/\/www.organisator.ch\/management\/2020-12-17\/erfolgs-impuls-haben-sie-probleme-mit-ihrem-gefuehl\/#primaryimage"},"thumbnailUrl":"https:\/\/www.organisator.ch\/wp-content\/uploads\/2020\/12\/Erfolgs-Impuls-Haben-Sie-Probleme-mit-Ihrem-Gefuehl_Organisator.jpg","keywords":["Checklisten","Erfolgs-Impuls","Leadership"],"articleSection":["MANAGEMENT"],"inLanguage":"en-US"},{"@type":"WebPage","@id":"https:\/\/www.organisator.ch\/management\/2020-12-17\/erfolgs-impuls-haben-sie-probleme-mit-ihrem-gefuehl\/","url":"https:\/\/www.organisator.ch\/management\/2020-12-17\/erfolgs-impuls-haben-sie-probleme-mit-ihrem-gefuehl\/","name":"Success Impulse: Are you having trouble feeling your way? - Organizer","isPartOf":{"@id":"https:\/\/www.organisator.ch\/#website"},"primaryImageOfPage":{"@id":"https:\/\/www.organisator.ch\/management\/2020-12-17\/erfolgs-impuls-haben-sie-probleme-mit-ihrem-gefuehl\/#primaryimage"},"image":{"@id":"https:\/\/www.organisator.ch\/management\/2020-12-17\/erfolgs-impuls-haben-sie-probleme-mit-ihrem-gefuehl\/#primaryimage"},"thumbnailUrl":"https:\/\/www.organisator.ch\/wp-content\/uploads\/2020\/12\/Erfolgs-Impuls-Haben-Sie-Probleme-mit-Ihrem-Gefuehl_Organisator.jpg","datePublished":"2020-12-17T07:52:22+00:00","description":"Success Impulse: \"People will forget what you say and forget what you do ... but they will never forget the feeling you gave them.\"","breadcrumb":{"@id":"https:\/\/www.organisator.ch\/management\/2020-12-17\/erfolgs-impuls-haben-sie-probleme-mit-ihrem-gefuehl\/#breadcrumb"},"inLanguage":"en-US","potentialAction":[{"@type":"ReadAction","target":["https:\/\/www.organisator.ch\/management\/2020-12-17\/erfolgs-impuls-haben-sie-probleme-mit-ihrem-gefuehl\/"]}]},{"@type":"ImageObject","inLanguage":"en-US","@id":"https:\/\/www.organisator.ch\/management\/2020-12-17\/erfolgs-impuls-haben-sie-probleme-mit-ihrem-gefuehl\/#primaryimage","url":"https:\/\/www.organisator.ch\/wp-content\/uploads\/2020\/12\/Erfolgs-Impuls-Haben-Sie-Probleme-mit-Ihrem-Gefuehl_Organisator.jpg","contentUrl":"https:\/\/www.organisator.ch\/wp-content\/uploads\/2020\/12\/Erfolgs-Impuls-Haben-Sie-Probleme-mit-Ihrem-Gefuehl_Organisator.jpg","width":680,"height":453,"caption":"Freude ist ein sch\u00f6nes Gef\u00fchl... Die Kraft von Gef\u00fchlen l\u00e4sst sich auf f\u00fcr die pers\u00f6nliche Leadership positiv nutzen. (Bild: Pixabay.com)"},{"@type":"BreadcrumbList","@id":"https:\/\/www.organisator.ch\/management\/2020-12-17\/erfolgs-impuls-haben-sie-probleme-mit-ihrem-gefuehl\/#breadcrumb","itemListElement":[{"@type":"ListItem","position":1,"name":"Home","item":"https:\/\/www.organisator.ch\/"},{"@type":"ListItem","position":2,"name":"Erfolgs-Impuls: Haben Sie Probleme mit Ihrem Gef\u00fchl?"}]},{"@type":"WebSite","@id":"https:\/\/www.organisator.ch\/#website","url":"https:\/\/www.organisator.ch\/","name":"Organizer","description":"Competent. Practical. In 10 issues per year, ORGANISATOR presents the essential topics for managers of SMEs.","publisher":{"@id":"https:\/\/www.organisator.ch\/#organization"},"potentialAction":[{"@type":"SearchAction","target":{"@type":"EntryPoint","urlTemplate":"https:\/\/www.organisator.ch\/?s={search_term_string}"},"query-input":{"@type":"PropertyValueSpecification","valueRequired":true,"valueName":"search_term_string"}}],"inLanguage":"en-US"},{"@type":"Organization","@id":"https:\/\/www.organisator.ch\/#organization","name":"Organizer","url":"https:\/\/www.organisator.ch\/","logo":{"@type":"ImageObject","inLanguage":"en-US","@id":"https:\/\/www.organisator.ch\/#\/schema\/logo\/image\/","url":"https:\/\/www.organisator.ch\/wp-content\/uploads\/2022\/01\/Logo_Organisator_Website.png","contentUrl":"https:\/\/www.organisator.ch\/wp-content\/uploads\/2022\/01\/Logo_Organisator_Website.png","width":800,"height":77,"caption":"Organisator"},"image":{"@id":"https:\/\/www.organisator.ch\/#\/schema\/logo\/image\/"},"sameAs":["https:\/\/www.facebook.com\/OrganisatorFachmagazin","https:\/\/www.linkedin.com\/showcase\/organisator-das-magazin-fr-kmu","https:\/\/www.xing.com\/news\/pages\/organisator-ch-695","https:\/\/www.youtube.com\/channel\/UCGP2Sq0iWaZwT3BdIAQFYpw"]},{"@type":"Person","@id":"https:\/\/www.organisator.ch\/#\/schema\/person\/6f650f90b2842cd4c0cc334b4e36f67e","name":"thomas.berner","image":{"@type":"ImageObject","inLanguage":"en-US","@id":"https:\/\/secure.gravatar.com\/avatar\/ac5001d2a36cb6c6cd3e50789007ffca834b477b74a2144564522e944eabff61?s=96&d=mm&r=g","url":"https:\/\/secure.gravatar.com\/avatar\/ac5001d2a36cb6c6cd3e50789007ffca834b477b74a2144564522e944eabff61?s=96&d=mm&r=g","contentUrl":"https:\/\/secure.gravatar.com\/avatar\/ac5001d2a36cb6c6cd3e50789007ffca834b477b74a2144564522e944eabff61?s=96&d=mm&r=g","caption":"thomas.berner"},"url":"https:\/\/www.organisator.ch\/en\/author\/thomas-berner\/"}]}},"_links":{"self":[{"href":"https:\/\/www.organisator.ch\/en\/wp-json\/wp\/v2\/posts\/7455","targetHints":{"allow":["GET"]}}],"collection":[{"href":"https:\/\/www.organisator.ch\/en\/wp-json\/wp\/v2\/posts"}],"about":[{"href":"https:\/\/www.organisator.ch\/en\/wp-json\/wp\/v2\/types\/post"}],"author":[{"embeddable":true,"href":"https:\/\/www.organisator.ch\/en\/wp-json\/wp\/v2\/users\/4"}],"replies":[{"embeddable":true,"href":"https:\/\/www.organisator.ch\/en\/wp-json\/wp\/v2\/comments?post=7455"}],"version-history":[{"count":0,"href":"https:\/\/www.organisator.ch\/en\/wp-json\/wp\/v2\/posts\/7455\/revisions"}],"wp:featuredmedia":[{"embeddable":true,"href":"https:\/\/www.organisator.ch\/en\/wp-json\/wp\/v2\/media\/7456"}],"wp:attachment":[{"href":"https:\/\/www.organisator.ch\/en\/wp-json\/wp\/v2\/media?parent=7455"}],"wp:term":[{"taxonomy":"category","embeddable":true,"href":"https:\/\/www.organisator.ch\/en\/wp-json\/wp\/v2\/categories?post=7455"},{"taxonomy":"post_tag","embeddable":true,"href":"https:\/\/www.organisator.ch\/en\/wp-json\/wp\/v2\/tags?post=7455"}],"curies":[{"name":"wp","href":"https:\/\/api.w.org\/{rel}","templated":true}]}}