{"id":746,"date":"2017-02-21T09:32:14","date_gmt":"2017-02-21T08:32:14","guid":{"rendered":"https:\/\/www.umweltperspektiven.ch\/?p=746"},"modified":"2022-02-09T11:06:57","modified_gmt":"2022-02-09T10:06:57","slug":"selenmangelgefahr-wegen-klimawandel","status":"publish","type":"post","link":"https:\/\/www.organisator.ch\/en\/sustainability\/2017-02-21\/selenmangelgefahr-wegen-klimawandel\/","title":{"rendered":"Risk of selenium deficiency due to climate change"},"content":{"rendered":"<figure id=\"attachment_748\" aria-describedby=\"caption-attachment-748\" style=\"width: 680px\" class=\"wp-caption alignnone\"><img loading=\"lazy\" decoding=\"async\" class=\"size-medium wp-image-748\" src=\"\/\/www.umweltperspektiven.ch\/wp-content\/uploads\/2017\/02\/Selen_1.jpg\" alt=\"\" width=\"680\" height=\"836\" \/><figcaption id=\"caption-attachment-748\" class=\"wp-caption-text\">The trace element selenium is absorbed by plants from the soil and thus enters the food chain.<br \/>Photo: Agroscope (Gabriela Br\u00e4ndle, Urs Zihlmann), LANAT (Andreas Chervet)<\/figcaption><\/figure>\n<p>Selenium is an indispensable trace element that we take in through food, for example cereals. The selenium content of food depends strongly on the selenium concentration in the soil. Studies showed that selenium concentration is lower when pH and oxygen availability are high and the proportion of clay and organic carbon in the soil is low. In Europe, selenium-poor soils are found mainly in Germany, Denmark, Scotland, Finland and some Balkan countries. This is known on the basis of regionally limited investigations.<\/p>\n<p><strong>Precipitation is central<\/strong><\/p>\n<p>The global distribution of selenium, on the other hand, was previously largely unknown. However, thanks to the analysis of a large amount of data collected for other purposes (data-mining), Eawag and five other institutes, including ETH Zurich, have now succeeded in reconstructing the global distribution. The researchers compiled information from 16 data sets collected from 1994-2016 and evaluated a total of 33,241 soil samples. They analyzed selenium concentrations in the top 30 centimeters of the soil layer and 26 other environmental variables. It was shown that above all the interactions between climate and soil play a role in the distribution of selenium.<\/p>\n<p>The greatest influence on the selenium concentration in the soil is precipitation and the ratio between precipitation and evaporation (drought index). Precipitation washes out the soil and causes a loss of selenium. At the same time, precipitation can have a positive effect on selenium content. This is because wet soils have a lower oxygen content and a lower ph value, so that the negatively charged selenium remains better bound to soil particles. Areas with low to moderate rainfall and high clay content are most likely to have high selenium content. Dry, alkaline soils with little clay are more likely to contain little selenium.<\/p>\n<figure id=\"attachment_747\" aria-describedby=\"caption-attachment-747\" style=\"width: 680px\" class=\"wp-caption alignnone\"><img loading=\"lazy\" decoding=\"async\" class=\"size-medium wp-image-747\" src=\"\/\/www.umweltperspektiven.ch\/wp-content\/uploads\/2017\/02\/Selen-2.jpg\" alt=\"\" width=\"680\" height=\"256\" \/><figcaption id=\"caption-attachment-747\" class=\"wp-caption-text\">Percent change in selenium concentrations in soils due to climate change.<br \/>Graphic: Eawag<\/figcaption><\/figure>\n<p>Based on these findings, the researchers modeled the average selenium concentration of soils for the periods 1980-1999 and 2080-2099. Parts of Australia, China, India and Africa will see an increase in selenium content due to climate change, they said. Overall, however, selenium content in soils will decrease, the researchers conclude: Compared to 1980-1999, by the end of this century (2080-2099), 66 % of agricultural land will have an average selenium loss of about 9 %. Affected areas are mainly croplands in Europe and India, China, southern South America, South Africa and the southwestern United States (see map).<\/p>\n<p>These losses can also be significant for our health. Because already today, up to one billion people are affected by insufficient selenium intake. The authors see their study as an early warning for humanitarian organizations and the agricultural industry. To counteract selenium deficiency, selenium-containing fertilizer could be used. Finland has been doing this since 1984, and selenium could also be used as an additive in animal feed.<\/p>\n<p><b>Health significance of selenium<\/b><\/p>\n<p>Selenium (Se) is essential for human health and is absorbed through food. Due to its antioxidant effect, it intercepts free radicals and thus plays an important role for the immune system. It also serves the body as a building block for numerous proteins. Today, up to one billion people are affected by a selenium deficiency. This can result, for example, in a disease of the heart muscle. But too much selenium can also be harmful and lead to vomiting, liver damage or a disturbance of taste.<\/p>\n<p>Text: Eawag<\/p>","protected":false},"excerpt":{"rendered":"<p>Selen ist ein unverzichtbares Spurenelement, das wir \u00fcber die Nahrung, beispielsweise \u00fcber Getreide, aufnehmen. Der Selengehalt von Nahrungsmitteln h\u00e4ngt stark von der Selenkonzentration im Boden ab. Studien zeigten, dass die Selenkonzentration tiefer ist, wenn der pH-Wert und die Sauerstoffverf\u00fcgbarkeit hoch und der Anteil an Ton und organischem Kohlenstoff im Boden tief sind. In Europa finden [&hellip;]<\/p>\n","protected":false},"author":1,"featured_media":9466,"comment_status":"open","ping_status":"open","sticky":false,"template":"","format":"standard","meta":{"_acf_changed":false,"_yoast_wpseo_focuskw":"Selen","_yoast_wpseo_metadesc":"Der Klimawandel f\u00fchrt dazu, dass das Spurenelement Selen in B\u00f6den rar wird. Dadurch steigt in vielen Regionen das Risiko, an Selenmangel zu erkranken.","articlekey":"","footnotes":""},"categories":[580],"tags":[858,1011,2104,600],"class_list":["post-746","post","type-post","status-publish","format-standard","has-post-thumbnail","hentry","category-sustainability","tag-boden","tag-eawag","tag-selen","tag-wasser"],"acf":[],"yoast_head":"<!-- This site is optimized with the Yoast SEO plugin v27.5 - https:\/\/yoast.com\/product\/yoast-seo-wordpress\/ -->\n<title>Selenmangelgefahr wegen Klimawandel - Organisator<\/title>\n<meta name=\"description\" content=\"Der Klimawandel f\u00fchrt dazu, dass das Spurenelement Selen in B\u00f6den rar wird. Dadurch steigt in vielen Regionen das Risiko, an Selenmangel zu erkranken.\" \/>\n<meta name=\"robots\" content=\"index, follow, max-snippet:-1, max-image-preview:large, max-video-preview:-1\" \/>\n<link rel=\"canonical\" href=\"https:\/\/www.organisator.ch\/en\/sustainability\/2017-02-21\/selenmangelgefahr-wegen-klimawandel\/\" \/>\n<meta property=\"og:locale\" content=\"en_US\" \/>\n<meta property=\"og:type\" content=\"article\" \/>\n<meta property=\"og:title\" content=\"Selenmangelgefahr wegen Klimawandel - Organisator\" \/>\n<meta property=\"og:description\" content=\"Der Klimawandel f\u00fchrt dazu, dass das Spurenelement Selen in B\u00f6den rar wird. Dadurch steigt in vielen Regionen das Risiko, an Selenmangel zu erkranken.\" \/>\n<meta property=\"og:url\" content=\"https:\/\/www.organisator.ch\/en\/sustainability\/2017-02-21\/selenmangelgefahr-wegen-klimawandel\/\" \/>\n<meta property=\"og:site_name\" content=\"Organisator\" \/>\n<meta property=\"article:publisher\" content=\"https:\/\/www.facebook.com\/OrganisatorFachmagazin\" \/>\n<meta property=\"article:published_time\" content=\"2017-02-21T08:32:14+00:00\" \/>\n<meta property=\"article:modified_time\" content=\"2022-02-09T10:06:57+00:00\" \/>\n<meta property=\"og:image\" content=\"https:\/\/www.organisator.ch\/wp-content\/uploads\/2017\/02\/Selen_1-833x1024.jpg\" \/>\n\t<meta property=\"og:image:width\" content=\"833\" \/>\n\t<meta property=\"og:image:height\" content=\"1024\" \/>\n\t<meta property=\"og:image:type\" content=\"image\/jpeg\" \/>\n<meta name=\"author\" content=\"admin\" \/>\n<meta name=\"twitter:card\" content=\"summary_large_image\" \/>\n<script type=\"application\/ld+json\" class=\"yoast-schema-graph\">{\"@context\":\"https:\\\/\\\/schema.org\",\"@graph\":[{\"@type\":\"Article\",\"@id\":\"https:\\\/\\\/www.organisator.ch\\\/sustainability\\\/2017-02-21\\\/selenmangelgefahr-wegen-klimawandel\\\/#article\",\"isPartOf\":{\"@id\":\"https:\\\/\\\/www.organisator.ch\\\/sustainability\\\/2017-02-21\\\/selenmangelgefahr-wegen-klimawandel\\\/\"},\"author\":{\"name\":\"admin\",\"@id\":\"https:\\\/\\\/www.organisator.ch\\\/#\\\/schema\\\/person\\\/aa2bace6c5c5aad60102004a50c4eb1c\"},\"headline\":\"Selenmangelgefahr wegen Klimawandel\",\"datePublished\":\"2017-02-21T08:32:14+00:00\",\"dateModified\":\"2022-02-09T10:06:57+00:00\",\"mainEntityOfPage\":{\"@id\":\"https:\\\/\\\/www.organisator.ch\\\/sustainability\\\/2017-02-21\\\/selenmangelgefahr-wegen-klimawandel\\\/\"},\"wordCount\":614,\"commentCount\":0,\"publisher\":{\"@id\":\"https:\\\/\\\/www.organisator.ch\\\/#organization\"},\"image\":{\"@id\":\"https:\\\/\\\/www.organisator.ch\\\/sustainability\\\/2017-02-21\\\/selenmangelgefahr-wegen-klimawandel\\\/#primaryimage\"},\"thumbnailUrl\":\"https:\\\/\\\/www.organisator.ch\\\/wp-content\\\/uploads\\\/2017\\\/02\\\/Selen_1.jpg\",\"keywords\":[\"Boden\",\"Eawag\",\"Selen\",\"WASSER\"],\"articleSection\":[\"SUSTAINABILITY\"],\"inLanguage\":\"en-US\"},{\"@type\":\"WebPage\",\"@id\":\"https:\\\/\\\/www.organisator.ch\\\/sustainability\\\/2017-02-21\\\/selenmangelgefahr-wegen-klimawandel\\\/\",\"url\":\"https:\\\/\\\/www.organisator.ch\\\/sustainability\\\/2017-02-21\\\/selenmangelgefahr-wegen-klimawandel\\\/\",\"name\":\"Selenmangelgefahr wegen Klimawandel - Organisator\",\"isPartOf\":{\"@id\":\"https:\\\/\\\/www.organisator.ch\\\/#website\"},\"primaryImageOfPage\":{\"@id\":\"https:\\\/\\\/www.organisator.ch\\\/sustainability\\\/2017-02-21\\\/selenmangelgefahr-wegen-klimawandel\\\/#primaryimage\"},\"image\":{\"@id\":\"https:\\\/\\\/www.organisator.ch\\\/sustainability\\\/2017-02-21\\\/selenmangelgefahr-wegen-klimawandel\\\/#primaryimage\"},\"thumbnailUrl\":\"https:\\\/\\\/www.organisator.ch\\\/wp-content\\\/uploads\\\/2017\\\/02\\\/Selen_1.jpg\",\"datePublished\":\"2017-02-21T08:32:14+00:00\",\"dateModified\":\"2022-02-09T10:06:57+00:00\",\"description\":\"Der Klimawandel f\u00fchrt dazu, dass das Spurenelement Selen in B\u00f6den rar wird. Dadurch steigt in vielen Regionen das Risiko, an Selenmangel zu erkranken.\",\"breadcrumb\":{\"@id\":\"https:\\\/\\\/www.organisator.ch\\\/sustainability\\\/2017-02-21\\\/selenmangelgefahr-wegen-klimawandel\\\/#breadcrumb\"},\"inLanguage\":\"en-US\",\"potentialAction\":[{\"@type\":\"ReadAction\",\"target\":[\"https:\\\/\\\/www.organisator.ch\\\/sustainability\\\/2017-02-21\\\/selenmangelgefahr-wegen-klimawandel\\\/\"]}]},{\"@type\":\"ImageObject\",\"inLanguage\":\"en-US\",\"@id\":\"https:\\\/\\\/www.organisator.ch\\\/sustainability\\\/2017-02-21\\\/selenmangelgefahr-wegen-klimawandel\\\/#primaryimage\",\"url\":\"https:\\\/\\\/www.organisator.ch\\\/wp-content\\\/uploads\\\/2017\\\/02\\\/Selen_1.jpg\",\"contentUrl\":\"https:\\\/\\\/www.organisator.ch\\\/wp-content\\\/uploads\\\/2017\\\/02\\\/Selen_1.jpg\",\"width\":1921,\"height\":2362,\"caption\":\"Das Spurenelement Selen wird von Pflanzen aus dem Boden aufgenommen und gelangt so in die Nahrungskette. Foto: Agroscope (Gabriela Br\u00e4ndle, Urs Zihlmann), LANAT (Andreas Chervet)\"},{\"@type\":\"BreadcrumbList\",\"@id\":\"https:\\\/\\\/www.organisator.ch\\\/sustainability\\\/2017-02-21\\\/selenmangelgefahr-wegen-klimawandel\\\/#breadcrumb\",\"itemListElement\":[{\"@type\":\"ListItem\",\"position\":1,\"name\":\"Home\",\"item\":\"https:\\\/\\\/www.organisator.ch\\\/\"},{\"@type\":\"ListItem\",\"position\":2,\"name\":\"Selenmangelgefahr wegen Klimawandel\"}]},{\"@type\":\"WebSite\",\"@id\":\"https:\\\/\\\/www.organisator.ch\\\/#website\",\"url\":\"https:\\\/\\\/www.organisator.ch\\\/\",\"name\":\"Organisator\",\"description\":\"Kompetent. Praxisnah. Der ORGANISATOR bereitet in 10 Ausgaben pro Jahr die wesentlichen Themen f\u00fcr F\u00fchrungskr\u00e4fte von KMU auf.\",\"publisher\":{\"@id\":\"https:\\\/\\\/www.organisator.ch\\\/#organization\"},\"potentialAction\":[{\"@type\":\"SearchAction\",\"target\":{\"@type\":\"EntryPoint\",\"urlTemplate\":\"https:\\\/\\\/www.organisator.ch\\\/?s={search_term_string}\"},\"query-input\":{\"@type\":\"PropertyValueSpecification\",\"valueRequired\":true,\"valueName\":\"search_term_string\"}}],\"inLanguage\":\"en-US\"},{\"@type\":\"Organization\",\"@id\":\"https:\\\/\\\/www.organisator.ch\\\/#organization\",\"name\":\"Organisator\",\"url\":\"https:\\\/\\\/www.organisator.ch\\\/\",\"logo\":{\"@type\":\"ImageObject\",\"inLanguage\":\"en-US\",\"@id\":\"https:\\\/\\\/www.organisator.ch\\\/#\\\/schema\\\/logo\\\/image\\\/\",\"url\":\"https:\\\/\\\/www.organisator.ch\\\/wp-content\\\/uploads\\\/2022\\\/01\\\/Logo_Organisator_Website.png\",\"contentUrl\":\"https:\\\/\\\/www.organisator.ch\\\/wp-content\\\/uploads\\\/2022\\\/01\\\/Logo_Organisator_Website.png\",\"width\":800,\"height\":77,\"caption\":\"Organisator\"},\"image\":{\"@id\":\"https:\\\/\\\/www.organisator.ch\\\/#\\\/schema\\\/logo\\\/image\\\/\"},\"sameAs\":[\"https:\\\/\\\/www.facebook.com\\\/OrganisatorFachmagazin\",\"https:\\\/\\\/www.linkedin.com\\\/showcase\\\/organisator-das-magazin-fr-kmu\",\"https:\\\/\\\/www.xing.com\\\/news\\\/pages\\\/organisator-ch-695\",\"https:\\\/\\\/www.youtube.com\\\/channel\\\/UCGP2Sq0iWaZwT3BdIAQFYpw\"]},{\"@type\":\"Person\",\"@id\":\"https:\\\/\\\/www.organisator.ch\\\/#\\\/schema\\\/person\\\/aa2bace6c5c5aad60102004a50c4eb1c\",\"name\":\"admin\",\"image\":{\"@type\":\"ImageObject\",\"inLanguage\":\"en-US\",\"@id\":\"https:\\\/\\\/secure.gravatar.com\\\/avatar\\\/ae2f4d718e6c49043e314ce431e7e645d646302a24a5ef5a8bc8e3f5a032e319?s=96&d=mm&r=g\",\"url\":\"https:\\\/\\\/secure.gravatar.com\\\/avatar\\\/ae2f4d718e6c49043e314ce431e7e645d646302a24a5ef5a8bc8e3f5a032e319?s=96&d=mm&r=g\",\"contentUrl\":\"https:\\\/\\\/secure.gravatar.com\\\/avatar\\\/ae2f4d718e6c49043e314ce431e7e645d646302a24a5ef5a8bc8e3f5a032e319?s=96&d=mm&r=g\",\"caption\":\"admin\"},\"sameAs\":[\"https:\\\/\\\/www.organisator.ch\"],\"url\":\"https:\\\/\\\/www.organisator.ch\\\/en\\\/author\\\/admin\\\/\"}]}<\/script>\n<!-- \/ Yoast SEO plugin. -->","yoast_head_json":{"title":"Risk of selenium deficiency due to climate change - Organizer","description":"Climate change is causing the trace element selenium to become scarce in soils. This increases the risk of selenium deficiency in many regions.","robots":{"index":"index","follow":"follow","max-snippet":"max-snippet:-1","max-image-preview":"max-image-preview:large","max-video-preview":"max-video-preview:-1"},"canonical":"https:\/\/www.organisator.ch\/en\/sustainability\/2017-02-21\/selenmangelgefahr-wegen-klimawandel\/","og_locale":"en_US","og_type":"article","og_title":"Selenmangelgefahr wegen Klimawandel - Organisator","og_description":"Der Klimawandel f\u00fchrt dazu, dass das Spurenelement Selen in B\u00f6den rar wird. Dadurch steigt in vielen Regionen das Risiko, an Selenmangel zu erkranken.","og_url":"https:\/\/www.organisator.ch\/en\/sustainability\/2017-02-21\/selenmangelgefahr-wegen-klimawandel\/","og_site_name":"Organisator","article_publisher":"https:\/\/www.facebook.com\/OrganisatorFachmagazin","article_published_time":"2017-02-21T08:32:14+00:00","article_modified_time":"2022-02-09T10:06:57+00:00","og_image":[{"width":833,"height":1024,"url":"https:\/\/www.organisator.ch\/wp-content\/uploads\/2017\/02\/Selen_1-833x1024.jpg","type":"image\/jpeg"}],"author":"admin","twitter_card":"summary_large_image","schema":{"@context":"https:\/\/schema.org","@graph":[{"@type":"Article","@id":"https:\/\/www.organisator.ch\/sustainability\/2017-02-21\/selenmangelgefahr-wegen-klimawandel\/#article","isPartOf":{"@id":"https:\/\/www.organisator.ch\/sustainability\/2017-02-21\/selenmangelgefahr-wegen-klimawandel\/"},"author":{"name":"admin","@id":"https:\/\/www.organisator.ch\/#\/schema\/person\/aa2bace6c5c5aad60102004a50c4eb1c"},"headline":"Selenmangelgefahr wegen Klimawandel","datePublished":"2017-02-21T08:32:14+00:00","dateModified":"2022-02-09T10:06:57+00:00","mainEntityOfPage":{"@id":"https:\/\/www.organisator.ch\/sustainability\/2017-02-21\/selenmangelgefahr-wegen-klimawandel\/"},"wordCount":614,"commentCount":0,"publisher":{"@id":"https:\/\/www.organisator.ch\/#organization"},"image":{"@id":"https:\/\/www.organisator.ch\/sustainability\/2017-02-21\/selenmangelgefahr-wegen-klimawandel\/#primaryimage"},"thumbnailUrl":"https:\/\/www.organisator.ch\/wp-content\/uploads\/2017\/02\/Selen_1.jpg","keywords":["Boden","Eawag","Selen","WASSER"],"articleSection":["SUSTAINABILITY"],"inLanguage":"en-US"},{"@type":"WebPage","@id":"https:\/\/www.organisator.ch\/sustainability\/2017-02-21\/selenmangelgefahr-wegen-klimawandel\/","url":"https:\/\/www.organisator.ch\/sustainability\/2017-02-21\/selenmangelgefahr-wegen-klimawandel\/","name":"Risk of selenium deficiency due to climate change - Organizer","isPartOf":{"@id":"https:\/\/www.organisator.ch\/#website"},"primaryImageOfPage":{"@id":"https:\/\/www.organisator.ch\/sustainability\/2017-02-21\/selenmangelgefahr-wegen-klimawandel\/#primaryimage"},"image":{"@id":"https:\/\/www.organisator.ch\/sustainability\/2017-02-21\/selenmangelgefahr-wegen-klimawandel\/#primaryimage"},"thumbnailUrl":"https:\/\/www.organisator.ch\/wp-content\/uploads\/2017\/02\/Selen_1.jpg","datePublished":"2017-02-21T08:32:14+00:00","dateModified":"2022-02-09T10:06:57+00:00","description":"Climate change is causing the trace element selenium to become scarce in soils. This increases the risk of selenium deficiency in many regions.","breadcrumb":{"@id":"https:\/\/www.organisator.ch\/sustainability\/2017-02-21\/selenmangelgefahr-wegen-klimawandel\/#breadcrumb"},"inLanguage":"en-US","potentialAction":[{"@type":"ReadAction","target":["https:\/\/www.organisator.ch\/sustainability\/2017-02-21\/selenmangelgefahr-wegen-klimawandel\/"]}]},{"@type":"ImageObject","inLanguage":"en-US","@id":"https:\/\/www.organisator.ch\/sustainability\/2017-02-21\/selenmangelgefahr-wegen-klimawandel\/#primaryimage","url":"https:\/\/www.organisator.ch\/wp-content\/uploads\/2017\/02\/Selen_1.jpg","contentUrl":"https:\/\/www.organisator.ch\/wp-content\/uploads\/2017\/02\/Selen_1.jpg","width":1921,"height":2362,"caption":"Das Spurenelement Selen wird von Pflanzen aus dem Boden aufgenommen und gelangt so in die Nahrungskette. Foto: Agroscope (Gabriela Br\u00e4ndle, Urs Zihlmann), LANAT (Andreas Chervet)"},{"@type":"BreadcrumbList","@id":"https:\/\/www.organisator.ch\/sustainability\/2017-02-21\/selenmangelgefahr-wegen-klimawandel\/#breadcrumb","itemListElement":[{"@type":"ListItem","position":1,"name":"Home","item":"https:\/\/www.organisator.ch\/"},{"@type":"ListItem","position":2,"name":"Selenmangelgefahr wegen Klimawandel"}]},{"@type":"WebSite","@id":"https:\/\/www.organisator.ch\/#website","url":"https:\/\/www.organisator.ch\/","name":"Organizer","description":"Competent. Practical. In 10 issues per year, ORGANISATOR presents the essential topics for managers of SMEs.","publisher":{"@id":"https:\/\/www.organisator.ch\/#organization"},"potentialAction":[{"@type":"SearchAction","target":{"@type":"EntryPoint","urlTemplate":"https:\/\/www.organisator.ch\/?s={search_term_string}"},"query-input":{"@type":"PropertyValueSpecification","valueRequired":true,"valueName":"search_term_string"}}],"inLanguage":"en-US"},{"@type":"Organization","@id":"https:\/\/www.organisator.ch\/#organization","name":"Organizer","url":"https:\/\/www.organisator.ch\/","logo":{"@type":"ImageObject","inLanguage":"en-US","@id":"https:\/\/www.organisator.ch\/#\/schema\/logo\/image\/","url":"https:\/\/www.organisator.ch\/wp-content\/uploads\/2022\/01\/Logo_Organisator_Website.png","contentUrl":"https:\/\/www.organisator.ch\/wp-content\/uploads\/2022\/01\/Logo_Organisator_Website.png","width":800,"height":77,"caption":"Organisator"},"image":{"@id":"https:\/\/www.organisator.ch\/#\/schema\/logo\/image\/"},"sameAs":["https:\/\/www.facebook.com\/OrganisatorFachmagazin","https:\/\/www.linkedin.com\/showcase\/organisator-das-magazin-fr-kmu","https:\/\/www.xing.com\/news\/pages\/organisator-ch-695","https:\/\/www.youtube.com\/channel\/UCGP2Sq0iWaZwT3BdIAQFYpw"]},{"@type":"Person","@id":"https:\/\/www.organisator.ch\/#\/schema\/person\/aa2bace6c5c5aad60102004a50c4eb1c","name":"admin","image":{"@type":"ImageObject","inLanguage":"en-US","@id":"https:\/\/secure.gravatar.com\/avatar\/ae2f4d718e6c49043e314ce431e7e645d646302a24a5ef5a8bc8e3f5a032e319?s=96&d=mm&r=g","url":"https:\/\/secure.gravatar.com\/avatar\/ae2f4d718e6c49043e314ce431e7e645d646302a24a5ef5a8bc8e3f5a032e319?s=96&d=mm&r=g","contentUrl":"https:\/\/secure.gravatar.com\/avatar\/ae2f4d718e6c49043e314ce431e7e645d646302a24a5ef5a8bc8e3f5a032e319?s=96&d=mm&r=g","caption":"admin"},"sameAs":["https:\/\/www.organisator.ch"],"url":"https:\/\/www.organisator.ch\/en\/author\/admin\/"}]}},"_links":{"self":[{"href":"https:\/\/www.organisator.ch\/en\/wp-json\/wp\/v2\/posts\/746","targetHints":{"allow":["GET"]}}],"collection":[{"href":"https:\/\/www.organisator.ch\/en\/wp-json\/wp\/v2\/posts"}],"about":[{"href":"https:\/\/www.organisator.ch\/en\/wp-json\/wp\/v2\/types\/post"}],"author":[{"embeddable":true,"href":"https:\/\/www.organisator.ch\/en\/wp-json\/wp\/v2\/users\/1"}],"replies":[{"embeddable":true,"href":"https:\/\/www.organisator.ch\/en\/wp-json\/wp\/v2\/comments?post=746"}],"version-history":[{"count":1,"href":"https:\/\/www.organisator.ch\/en\/wp-json\/wp\/v2\/posts\/746\/revisions"}],"predecessor-version":[{"id":10739,"href":"https:\/\/www.organisator.ch\/en\/wp-json\/wp\/v2\/posts\/746\/revisions\/10739"}],"wp:featuredmedia":[{"embeddable":true,"href":"https:\/\/www.organisator.ch\/en\/wp-json\/wp\/v2\/media\/9466"}],"wp:attachment":[{"href":"https:\/\/www.organisator.ch\/en\/wp-json\/wp\/v2\/media?parent=746"}],"wp:term":[{"taxonomy":"category","embeddable":true,"href":"https:\/\/www.organisator.ch\/en\/wp-json\/wp\/v2\/categories?post=746"},{"taxonomy":"post_tag","embeddable":true,"href":"https:\/\/www.organisator.ch\/en\/wp-json\/wp\/v2\/tags?post=746"}],"curies":[{"name":"wp","href":"https:\/\/api.w.org\/{rel}","templated":true}]}}