{"id":7493,"date":"2021-01-07T08:20:11","date_gmt":"2021-01-07T07:20:11","guid":{"rendered":"https:\/\/www.organisator.ch\/?p=7493"},"modified":"2021-01-07T08:20:11","modified_gmt":"2021-01-07T07:20:11","slug":"logistik-waehrend-der-corona-pandemie-welche-fragen-sich-haeufig-stellen","status":"publish","type":"post","link":"https:\/\/www.organisator.ch\/en\/management\/2021-01-07\/logistik-waehrend-der-corona-pandemie-welche-fragen-sich-haeufig-stellen\/","title":{"rendered":"Logistics during the Corona pandemic: what questions frequently arise"},"content":{"rendered":"<figure id=\"attachment_7494\" aria-describedby=\"caption-attachment-7494\" style=\"width: 680px\" class=\"wp-caption alignnone\"><img loading=\"lazy\" decoding=\"async\" class=\"size-medium wp-image-7494\" src=\"https:\/\/www.organisator.ch\/wp-content\/uploads\/2021\/01\/Logistik-waehrend-der-Corona-Pandemie-Welche-Fragen-sich-haeufig-stellen-1_Organisator.jpg\" alt=\"\" width=\"680\" height=\"453\" srcset=\"https:\/\/www.organisator.ch\/wp-content\/uploads\/2021\/01\/Logistik-waehrend-der-Corona-Pandemie-Welche-Fragen-sich-haeufig-stellen-1_Organisator.jpg 680w, https:\/\/www.organisator.ch\/wp-content\/uploads\/2021\/01\/Logistik-waehrend-der-Corona-Pandemie-Welche-Fragen-sich-haeufig-stellen-1_Organisator-16x12.jpg 16w, https:\/\/www.organisator.ch\/wp-content\/uploads\/2021\/01\/Logistik-waehrend-der-Corona-Pandemie-Welche-Fragen-sich-haeufig-stellen-1_Organisator-263x175.jpg 263w, https:\/\/www.organisator.ch\/wp-content\/uploads\/2021\/01\/Logistik-waehrend-der-Corona-Pandemie-Welche-Fragen-sich-haeufig-stellen-1_Organisator-525x350.jpg 525w, https:\/\/www.organisator.ch\/wp-content\/uploads\/2021\/01\/Logistik-waehrend-der-Corona-Pandemie-Welche-Fragen-sich-haeufig-stellen-1_Organisator-300x200.jpg 300w\" sizes=\"auto, (max-width: 680px) 100vw, 680px\" \/><figcaption id=\"caption-attachment-7494\" class=\"wp-caption-text\">The Corona pandemic is also having an impact on logistics: For example, longer waiting times at container ports can be expected. (Image: Pixabay.com)<\/figcaption><\/figure>\n<p>How does the Corona pandemic affect the international movement of goods? Many exporters have more than a few burning questions when it comes to logistics. The logistics provider Dachser Switzerland has answers ready: Urs H\u00e4ner, Managing Director European Logistics Switzerland, and Samuel Haller, Country Manager Switzerland for the Air &amp; Sea Logistics business segment, Dachser Spedition AG, provide information.<\/p>\n<p><em>It's home office time again. Can I still reach my scheduler by phone or is communication only by e-mail?<\/em><br \/>\n<strong>Urs H\u00e4ner:<\/strong> Of course, you can reach our dispatchers by phone. Due to the pandemic, we had during peak times<br \/>\naround one-third of the workforce worked from home. The majority of these were employees with administrative tasks, such as<br \/>\nfor example accounting, billing, sales\/HR. Employees in operational processing such as export, import, disposition, etc. were and are always on site. Our organization is set up in such a way that each department is always also staffed on site. Communication with the customers and coordination with the employees at the mobile workstations is thus ensured at all times.<\/p>\n<p><em>Swiss, but also other airlines, are offering fewer and fewer flight connections to and from Zurich, Basel and Geneva. On-time delivery is a crucial competitive factor for us. How do I ensure that my export air freight shipments nevertheless reach the recipient on time?<\/em><br \/>\n<strong>Samuel Haller:<\/strong> In addition to direct flight connections to and from Swiss airports, Dachser also offers airfreight routings via our<br \/>\nGateway in Frankfurt in Germany. Here, goods from all over Europe are bundled and flown overseas. Imported goods for Swiss customers from other continents are deconsolidated in Frankfurt and transported directly to Switzerland in cooperation with Dachser European Logistics, Dachser's land transport division. Furthermore, Dachser offers its own weekly charter services for selected routes to America and Asia. We try to find a solution for each customer that meets his or her requirements.<\/p>\n<figure id=\"attachment_7495\" aria-describedby=\"caption-attachment-7495\" style=\"width: 680px\" class=\"wp-caption alignnone\"><img loading=\"lazy\" decoding=\"async\" class=\"size-medium wp-image-7495\" src=\"https:\/\/www.organisator.ch\/wp-content\/uploads\/2021\/01\/Logistik-waehrend-der-Corona-Pandemie-Welche-Fragen-sich-haeufig-stellen-2_Organisator.jpg\" alt=\"\" width=\"680\" height=\"437\" srcset=\"https:\/\/www.organisator.ch\/wp-content\/uploads\/2021\/01\/Logistik-waehrend-der-Corona-Pandemie-Welche-Fragen-sich-haeufig-stellen-2_Organisator.jpg 680w, https:\/\/www.organisator.ch\/wp-content\/uploads\/2021\/01\/Logistik-waehrend-der-Corona-Pandemie-Welche-Fragen-sich-haeufig-stellen-2_Organisator-16x10.jpg 16w, https:\/\/www.organisator.ch\/wp-content\/uploads\/2021\/01\/Logistik-waehrend-der-Corona-Pandemie-Welche-Fragen-sich-haeufig-stellen-2_Organisator-272x175.jpg 272w, https:\/\/www.organisator.ch\/wp-content\/uploads\/2021\/01\/Logistik-waehrend-der-Corona-Pandemie-Welche-Fragen-sich-haeufig-stellen-2_Organisator-545x350.jpg 545w, https:\/\/www.organisator.ch\/wp-content\/uploads\/2021\/01\/Logistik-waehrend-der-Corona-Pandemie-Welche-Fragen-sich-haeufig-stellen-2_Organisator-300x193.jpg 300w\" sizes=\"auto, (max-width: 680px) 100vw, 680px\" \/><figcaption id=\"caption-attachment-7495\" class=\"wp-caption-text\">Samuel Haller on new trends in logistics: \"An increasing number of shippers are newly opting for consolidated container transport.\" (Image: Dachser)<\/figcaption><\/figure>\n<p><em>Air freight rates have risen sharply during the crisis. What does that mean for me as a shipper?<\/em><br \/>\n<strong>Samuel Haller:<\/strong> The price increase requires early interaction with the logistics service provider. In cooperation with the shipper, the logistics service provider can then examine possible options - from cheaper alternative flight routes to alternative transport solutions such as sea-air, truck, rail or ocean freight. As a result, an increasing number of shippers are opting for groupage container transports for the first time. Here, Dachser offers a<br \/>\nglobal network in combination with European Logistics for pre-carriage and onward carriage, including train connections to China.<\/p>\n<p>In many EU countries there are already massive restrictions on economic life again. Will this lead to delays in deliveries to \/ collection from customers?<br \/>\n<strong>Urs H\u00e4ner:<\/strong> Our network is 100 percent efficient. However, it does happen that we are faced with closed doors when the shipment is delivered because the recipients have redefined their delivery windows due to the pandemic. In the spring, temporary controls were introduced at many inner-European borders. This resulted in kilometer-long traffic jams and delays in supply chains.<\/p>\n<p><em>What measures has Dachser taken in case there are more border controls and longer downtimes in Switzerland-EU traffic again?<\/em><br \/>\n<strong>Urs H\u00e4ner:<\/strong> During the first two days of border closure, there were delays. However, I would like to note that the Swiss and German customs authorities worked very well together to reduce congestion. If border closures occur again, we will re-cycle the schedule with a longer border stop. This will lead to earlier departure times and requires prior coordination with the shippers.<\/p>\n<figure id=\"attachment_7496\" aria-describedby=\"caption-attachment-7496\" style=\"width: 680px\" class=\"wp-caption alignnone\"><img loading=\"lazy\" decoding=\"async\" class=\"size-medium wp-image-7496\" src=\"https:\/\/www.organisator.ch\/wp-content\/uploads\/2021\/01\/Logistik-waehrend-der-Corona-Pandemie-Welche-Fragen-sich-haeufig-stellen-3_Organisator.jpg\" alt=\"\" width=\"680\" height=\"461\" srcset=\"https:\/\/www.organisator.ch\/wp-content\/uploads\/2021\/01\/Logistik-waehrend-der-Corona-Pandemie-Welche-Fragen-sich-haeufig-stellen-3_Organisator.jpg 680w, https:\/\/www.organisator.ch\/wp-content\/uploads\/2021\/01\/Logistik-waehrend-der-Corona-Pandemie-Welche-Fragen-sich-haeufig-stellen-3_Organisator-16x12.jpg 16w, https:\/\/www.organisator.ch\/wp-content\/uploads\/2021\/01\/Logistik-waehrend-der-Corona-Pandemie-Welche-Fragen-sich-haeufig-stellen-3_Organisator-258x175.jpg 258w, https:\/\/www.organisator.ch\/wp-content\/uploads\/2021\/01\/Logistik-waehrend-der-Corona-Pandemie-Welche-Fragen-sich-haeufig-stellen-3_Organisator-516x350.jpg 516w, https:\/\/www.organisator.ch\/wp-content\/uploads\/2021\/01\/Logistik-waehrend-der-Corona-Pandemie-Welche-Fragen-sich-haeufig-stellen-3_Organisator-300x203.jpg 300w\" sizes=\"auto, (max-width: 680px) 100vw, 680px\" \/><figcaption id=\"caption-attachment-7496\" class=\"wp-caption-text\">Urs H\u00e4ner on the problem of standstill times at the border: \"The Swiss and German customs authorities have worked very well together to reduce congestion.\" (Image: Dachser)<\/figcaption><\/figure>\n<p><em>So I have to allow for longer transit times for truck shipments, but also for overseas shipments (Logistics Lead Time Planning)?<\/em><br \/>\n<strong>Urs H\u00e4ner:<\/strong> Yes, that is recommended. However, our European network has also proven to be absolutely reliable and<br \/>\nefficient.<br \/>\n<strong>Samuel Haller:<\/strong> For ocean freight, shippers must indeed expect longer transport times. In addition to a shortage of empty containers, cancellations of ship sailings (blank sailings) and capacity bottlenecks in some ports, e.g. in the USA, as well as corona-related<br \/>\nDelays in customs and port clearance currently lead to disruptions in the transport chain. It is important here that shippers provide the logistics service provider with the most accurate volume forecasts possible at an early stage so that appropriate planning, capacity assurance and booking can be carried out.<br \/>\ncan be carried out by the latter. So-called backup carrier models to ensure punctual delivery are also available. It should be noted that there is currently no absolute loading guarantee with the shipping companies and so-called rollovers, a postponement to the next departure, cannot be completely ruled out. Accordingly, shippers should build time buffers into their planning and booking in order to be on the \"safe side\". A \"just in sequence\" approach is definitely not advisable in the current phase.<\/p>\n<p><em>How do I get transparent real-time information in case of delays in the lead time to the port of shipment, loading at the port, transshipment problems or other travel delays in Asian traffic (supply chain visibility)?<\/em><br \/>\n<strong>Samuel Haller:<\/strong> Dachser provides corresponding information on its Track &amp; Trace platform eLogistics, which is available to customers<br \/>\ncan be viewed at any time. In the event of foreseeable delays, customers are proactively informed by our Customer Service. Sea freight rates have risen sharply in recent months.<\/p>\n<p><em>Will this trend continue in 2021?<\/em><br \/>\n<strong>Samuel Haller:<\/strong> We expect ocean freight rates to remain at a high level or to increase further. For example, the<br \/>\nShanghai Container Freight Index SCFI as of before Christmas over 160 percent higher than a year ago. However, price is currently not the issue, but the availability of equipment\/capacity. How the situation will develop after the Chinese New Year is still uncertain. But shippers can assume that it will not calm down immediately.<\/p>\n<p><em>Our supply chain management has mastered all problems well so far. Would a detailed analysis of the risks in our supply chain ecosystem in cooperation with a logistics service provider still be worthwhile?<\/em><br \/>\n<strong>Samuel Haller:<\/strong> Absolutely. Our experience is that such analyses, carried out in partnership and in an interdisciplinary manner with the customer, offer opportunities for supply chain optimization and create sustainable added value.<\/p>\n<p><em>More information: <a href=\"http:\/\/www.dachser.ch\">Dachser Spedition AG<\/a><\/em><\/p>","protected":false},"excerpt":{"rendered":"<p>Wie wirkt sich die Corona-Pandemie auf den internationalen Warenverkehr aus? Vielen Exporteuren brennen nicht wenige Fragen unter den N\u00e4geln, wenn es um die Logistik geht. Der Logistik-Dienstleister Dachser Schweiz hat Antworten parat: Urs H\u00e4ner, Managing Director European Logistics Switzerland, und Samuel Haller, Country Manager Schweiz f\u00fcr das Gesch\u00e4ftsfeld Air &amp; Sea Logistics, Dachser Spedition AG, [&hellip;]<\/p>\n","protected":false},"author":4,"featured_media":7494,"comment_status":"closed","ping_status":"closed","sticky":false,"template":"","format":"standard","meta":{"_acf_changed":false,"_yoast_wpseo_focuskw":"Logistik","_yoast_wpseo_metadesc":"Die Corona-Pandemie wirkt sich auch auf die Logistik aus. Wie unterst\u00fctzen Spediteure ihre Kunden? Experten geben Antworten auf dr\u00e4ngende Fragen.","articlekey":"","footnotes":""},"categories":[28],"tags":[132,189,328,334,462],"class_list":["post-7493","post","type-post","status-publish","format-standard","has-post-thumbnail","hentry","category-management","tag-coronavirus","tag-export","tag-logistik","tag-management","tag-supply-chain-management"],"acf":[],"yoast_head":"<!-- This site is optimized with the Yoast SEO plugin v27.4 - https:\/\/yoast.com\/product\/yoast-seo-wordpress\/ -->\n<title>Logistik w\u00e4hrend der Corona-Pandemie: Welche Fragen sich h\u00e4ufig stellen - Organisator<\/title>\n<meta name=\"description\" content=\"Die Corona-Pandemie wirkt sich auch auf die Logistik aus. Wie unterst\u00fctzen Spediteure ihre Kunden? Experten geben Antworten auf dr\u00e4ngende Fragen.\" \/>\n<meta name=\"robots\" content=\"index, follow, max-snippet:-1, max-image-preview:large, max-video-preview:-1\" \/>\n<link rel=\"canonical\" href=\"https:\/\/www.organisator.ch\/en\/management\/2021-01-07\/logistik-waehrend-der-corona-pandemie-welche-fragen-sich-haeufig-stellen\/\" \/>\n<meta property=\"og:locale\" content=\"en_US\" \/>\n<meta property=\"og:type\" content=\"article\" \/>\n<meta property=\"og:title\" content=\"Logistik w\u00e4hrend der Corona-Pandemie: Welche Fragen sich h\u00e4ufig stellen\" \/>\n<meta property=\"og:description\" content=\"Die Corona-Pandemie wirkt sich auch auf die Logistik aus. Wie unterst\u00fctzen Spediteure ihre Kunden? Experten geben Antworten auf dr\u00e4ngende Fragen.\" \/>\n<meta property=\"og:url\" content=\"https:\/\/www.organisator.ch\/en\/management\/2021-01-07\/logistik-waehrend-der-corona-pandemie-welche-fragen-sich-haeufig-stellen\/\" \/>\n<meta property=\"og:site_name\" content=\"Organisator\" \/>\n<meta property=\"article:publisher\" content=\"https:\/\/www.facebook.com\/OrganisatorFachmagazin\" \/>\n<meta property=\"article:published_time\" content=\"2021-01-07T07:20:11+00:00\" \/>\n<meta property=\"og:image\" content=\"https:\/\/www.organisator.ch\/wp-content\/uploads\/2021\/01\/Logistik-waehrend-der-Corona-Pandemie-Welche-Fragen-sich-haeufig-stellen-1_Organisator.jpg\" \/>\n\t<meta property=\"og:image:width\" content=\"680\" \/>\n\t<meta property=\"og:image:height\" content=\"453\" \/>\n\t<meta property=\"og:image:type\" content=\"image\/jpeg\" \/>\n<meta name=\"author\" content=\"thomas.berner\" \/>\n<meta name=\"twitter:card\" content=\"summary_large_image\" \/>\n<meta name=\"twitter:title\" content=\"#Logistik w\u00e4hrend der #Corona-Pandemie: Welche Fragen sich h\u00e4ufig stellen\" \/>\n<meta name=\"twitter:description\" content=\"Die #Corona-Pandemie wirkt sich auch auf die #Logistik aus. Wie unterst\u00fctzen #Spediteure ihre Kunden? Experten geben Antworten auf dr\u00e4ngende Fragen.\" \/>\n<meta name=\"twitter:image\" content=\"https:\/\/www.organisator.ch\/wp-content\/uploads\/2021\/01\/Logistik-waehrend-der-Corona-Pandemie-Welche-Fragen-sich-haeufig-stellen-1_Organisator.jpg\" \/>\n<script type=\"application\/ld+json\" class=\"yoast-schema-graph\">{\"@context\":\"https:\\\/\\\/schema.org\",\"@graph\":[{\"@type\":\"Article\",\"@id\":\"https:\\\/\\\/www.organisator.ch\\\/management\\\/2021-01-07\\\/logistik-waehrend-der-corona-pandemie-welche-fragen-sich-haeufig-stellen\\\/#article\",\"isPartOf\":{\"@id\":\"https:\\\/\\\/www.organisator.ch\\\/management\\\/2021-01-07\\\/logistik-waehrend-der-corona-pandemie-welche-fragen-sich-haeufig-stellen\\\/\"},\"author\":{\"name\":\"thomas.berner\",\"@id\":\"https:\\\/\\\/www.organisator.ch\\\/#\\\/schema\\\/person\\\/6f650f90b2842cd4c0cc334b4e36f67e\"},\"headline\":\"Logistik w\u00e4hrend der Corona-Pandemie: Welche Fragen sich h\u00e4ufig stellen\",\"datePublished\":\"2021-01-07T07:20:11+00:00\",\"mainEntityOfPage\":{\"@id\":\"https:\\\/\\\/www.organisator.ch\\\/management\\\/2021-01-07\\\/logistik-waehrend-der-corona-pandemie-welche-fragen-sich-haeufig-stellen\\\/\"},\"wordCount\":1106,\"publisher\":{\"@id\":\"https:\\\/\\\/www.organisator.ch\\\/#organization\"},\"image\":{\"@id\":\"https:\\\/\\\/www.organisator.ch\\\/management\\\/2021-01-07\\\/logistik-waehrend-der-corona-pandemie-welche-fragen-sich-haeufig-stellen\\\/#primaryimage\"},\"thumbnailUrl\":\"https:\\\/\\\/www.organisator.ch\\\/wp-content\\\/uploads\\\/2021\\\/01\\\/Logistik-waehrend-der-Corona-Pandemie-Welche-Fragen-sich-haeufig-stellen-1_Organisator.jpg\",\"keywords\":[\"Coronavirus\",\"Export\",\"Logistik\",\"Management\",\"Supply Chain Management\"],\"articleSection\":[\"MANAGEMENT\"],\"inLanguage\":\"en-US\"},{\"@type\":\"WebPage\",\"@id\":\"https:\\\/\\\/www.organisator.ch\\\/management\\\/2021-01-07\\\/logistik-waehrend-der-corona-pandemie-welche-fragen-sich-haeufig-stellen\\\/\",\"url\":\"https:\\\/\\\/www.organisator.ch\\\/management\\\/2021-01-07\\\/logistik-waehrend-der-corona-pandemie-welche-fragen-sich-haeufig-stellen\\\/\",\"name\":\"Logistik w\u00e4hrend der Corona-Pandemie: Welche Fragen sich h\u00e4ufig stellen - Organisator\",\"isPartOf\":{\"@id\":\"https:\\\/\\\/www.organisator.ch\\\/#website\"},\"primaryImageOfPage\":{\"@id\":\"https:\\\/\\\/www.organisator.ch\\\/management\\\/2021-01-07\\\/logistik-waehrend-der-corona-pandemie-welche-fragen-sich-haeufig-stellen\\\/#primaryimage\"},\"image\":{\"@id\":\"https:\\\/\\\/www.organisator.ch\\\/management\\\/2021-01-07\\\/logistik-waehrend-der-corona-pandemie-welche-fragen-sich-haeufig-stellen\\\/#primaryimage\"},\"thumbnailUrl\":\"https:\\\/\\\/www.organisator.ch\\\/wp-content\\\/uploads\\\/2021\\\/01\\\/Logistik-waehrend-der-Corona-Pandemie-Welche-Fragen-sich-haeufig-stellen-1_Organisator.jpg\",\"datePublished\":\"2021-01-07T07:20:11+00:00\",\"description\":\"Die Corona-Pandemie wirkt sich auch auf die Logistik aus. Wie unterst\u00fctzen Spediteure ihre Kunden? Experten geben Antworten auf dr\u00e4ngende Fragen.\",\"breadcrumb\":{\"@id\":\"https:\\\/\\\/www.organisator.ch\\\/management\\\/2021-01-07\\\/logistik-waehrend-der-corona-pandemie-welche-fragen-sich-haeufig-stellen\\\/#breadcrumb\"},\"inLanguage\":\"en-US\",\"potentialAction\":[{\"@type\":\"ReadAction\",\"target\":[\"https:\\\/\\\/www.organisator.ch\\\/management\\\/2021-01-07\\\/logistik-waehrend-der-corona-pandemie-welche-fragen-sich-haeufig-stellen\\\/\"]}]},{\"@type\":\"ImageObject\",\"inLanguage\":\"en-US\",\"@id\":\"https:\\\/\\\/www.organisator.ch\\\/management\\\/2021-01-07\\\/logistik-waehrend-der-corona-pandemie-welche-fragen-sich-haeufig-stellen\\\/#primaryimage\",\"url\":\"https:\\\/\\\/www.organisator.ch\\\/wp-content\\\/uploads\\\/2021\\\/01\\\/Logistik-waehrend-der-Corona-Pandemie-Welche-Fragen-sich-haeufig-stellen-1_Organisator.jpg\",\"contentUrl\":\"https:\\\/\\\/www.organisator.ch\\\/wp-content\\\/uploads\\\/2021\\\/01\\\/Logistik-waehrend-der-Corona-Pandemie-Welche-Fragen-sich-haeufig-stellen-1_Organisator.jpg\",\"width\":680,\"height\":453,\"caption\":\"Die Corona-Pandemie wirkt sich auch auf die Logistik aus: So ist z.B. mit l\u00e4ngeren Wartezeiten an Containerh\u00e4fen zu rechnen. (Bild: Pixabay.com)\"},{\"@type\":\"BreadcrumbList\",\"@id\":\"https:\\\/\\\/www.organisator.ch\\\/management\\\/2021-01-07\\\/logistik-waehrend-der-corona-pandemie-welche-fragen-sich-haeufig-stellen\\\/#breadcrumb\",\"itemListElement\":[{\"@type\":\"ListItem\",\"position\":1,\"name\":\"Home\",\"item\":\"https:\\\/\\\/www.organisator.ch\\\/\"},{\"@type\":\"ListItem\",\"position\":2,\"name\":\"Logistik w\u00e4hrend der Corona-Pandemie: Welche Fragen sich h\u00e4ufig stellen\"}]},{\"@type\":\"WebSite\",\"@id\":\"https:\\\/\\\/www.organisator.ch\\\/#website\",\"url\":\"https:\\\/\\\/www.organisator.ch\\\/\",\"name\":\"Organisator\",\"description\":\"Kompetent. Praxisnah. Der ORGANISATOR bereitet in 10 Ausgaben pro Jahr die wesentlichen Themen f\u00fcr F\u00fchrungskr\u00e4fte von KMU auf.\",\"publisher\":{\"@id\":\"https:\\\/\\\/www.organisator.ch\\\/#organization\"},\"potentialAction\":[{\"@type\":\"SearchAction\",\"target\":{\"@type\":\"EntryPoint\",\"urlTemplate\":\"https:\\\/\\\/www.organisator.ch\\\/?s={search_term_string}\"},\"query-input\":{\"@type\":\"PropertyValueSpecification\",\"valueRequired\":true,\"valueName\":\"search_term_string\"}}],\"inLanguage\":\"en-US\"},{\"@type\":\"Organization\",\"@id\":\"https:\\\/\\\/www.organisator.ch\\\/#organization\",\"name\":\"Organisator\",\"url\":\"https:\\\/\\\/www.organisator.ch\\\/\",\"logo\":{\"@type\":\"ImageObject\",\"inLanguage\":\"en-US\",\"@id\":\"https:\\\/\\\/www.organisator.ch\\\/#\\\/schema\\\/logo\\\/image\\\/\",\"url\":\"https:\\\/\\\/www.organisator.ch\\\/wp-content\\\/uploads\\\/2022\\\/01\\\/Logo_Organisator_Website.png\",\"contentUrl\":\"https:\\\/\\\/www.organisator.ch\\\/wp-content\\\/uploads\\\/2022\\\/01\\\/Logo_Organisator_Website.png\",\"width\":800,\"height\":77,\"caption\":\"Organisator\"},\"image\":{\"@id\":\"https:\\\/\\\/www.organisator.ch\\\/#\\\/schema\\\/logo\\\/image\\\/\"},\"sameAs\":[\"https:\\\/\\\/www.facebook.com\\\/OrganisatorFachmagazin\",\"https:\\\/\\\/www.linkedin.com\\\/showcase\\\/organisator-das-magazin-fr-kmu\",\"https:\\\/\\\/www.xing.com\\\/news\\\/pages\\\/organisator-ch-695\",\"https:\\\/\\\/www.youtube.com\\\/channel\\\/UCGP2Sq0iWaZwT3BdIAQFYpw\"]},{\"@type\":\"Person\",\"@id\":\"https:\\\/\\\/www.organisator.ch\\\/#\\\/schema\\\/person\\\/6f650f90b2842cd4c0cc334b4e36f67e\",\"name\":\"thomas.berner\",\"image\":{\"@type\":\"ImageObject\",\"inLanguage\":\"en-US\",\"@id\":\"https:\\\/\\\/secure.gravatar.com\\\/avatar\\\/ac5001d2a36cb6c6cd3e50789007ffca834b477b74a2144564522e944eabff61?s=96&d=mm&r=g\",\"url\":\"https:\\\/\\\/secure.gravatar.com\\\/avatar\\\/ac5001d2a36cb6c6cd3e50789007ffca834b477b74a2144564522e944eabff61?s=96&d=mm&r=g\",\"contentUrl\":\"https:\\\/\\\/secure.gravatar.com\\\/avatar\\\/ac5001d2a36cb6c6cd3e50789007ffca834b477b74a2144564522e944eabff61?s=96&d=mm&r=g\",\"caption\":\"thomas.berner\"},\"url\":\"https:\\\/\\\/www.organisator.ch\\\/en\\\/author\\\/thomas-berner\\\/\"}]}<\/script>\n<!-- \/ Yoast SEO plugin. -->","yoast_head_json":{"title":"Logistics during the Corona pandemic: what are the common questions - organizer","description":"The Corona pandemic is also having an impact on logistics. How do forwarders support their customers? Experts provide answers to pressing questions.","robots":{"index":"index","follow":"follow","max-snippet":"max-snippet:-1","max-image-preview":"max-image-preview:large","max-video-preview":"max-video-preview:-1"},"canonical":"https:\/\/www.organisator.ch\/en\/management\/2021-01-07\/logistik-waehrend-der-corona-pandemie-welche-fragen-sich-haeufig-stellen\/","og_locale":"en_US","og_type":"article","og_title":"Logistik w\u00e4hrend der Corona-Pandemie: Welche Fragen sich h\u00e4ufig stellen","og_description":"Die Corona-Pandemie wirkt sich auch auf die Logistik aus. Wie unterst\u00fctzen Spediteure ihre Kunden? Experten geben Antworten auf dr\u00e4ngende Fragen.","og_url":"https:\/\/www.organisator.ch\/en\/management\/2021-01-07\/logistik-waehrend-der-corona-pandemie-welche-fragen-sich-haeufig-stellen\/","og_site_name":"Organisator","article_publisher":"https:\/\/www.facebook.com\/OrganisatorFachmagazin","article_published_time":"2021-01-07T07:20:11+00:00","og_image":[{"width":680,"height":453,"url":"https:\/\/www.organisator.ch\/wp-content\/uploads\/2021\/01\/Logistik-waehrend-der-Corona-Pandemie-Welche-Fragen-sich-haeufig-stellen-1_Organisator.jpg","type":"image\/jpeg"}],"author":"thomas.berner","twitter_card":"summary_large_image","twitter_title":"#Logistik w\u00e4hrend der #Corona-Pandemie: Welche Fragen sich h\u00e4ufig stellen","twitter_description":"Die #Corona-Pandemie wirkt sich auch auf die #Logistik aus. Wie unterst\u00fctzen #Spediteure ihre Kunden? Experten geben Antworten auf dr\u00e4ngende Fragen.","twitter_image":"https:\/\/www.organisator.ch\/wp-content\/uploads\/2021\/01\/Logistik-waehrend-der-Corona-Pandemie-Welche-Fragen-sich-haeufig-stellen-1_Organisator.jpg","schema":{"@context":"https:\/\/schema.org","@graph":[{"@type":"Article","@id":"https:\/\/www.organisator.ch\/management\/2021-01-07\/logistik-waehrend-der-corona-pandemie-welche-fragen-sich-haeufig-stellen\/#article","isPartOf":{"@id":"https:\/\/www.organisator.ch\/management\/2021-01-07\/logistik-waehrend-der-corona-pandemie-welche-fragen-sich-haeufig-stellen\/"},"author":{"name":"thomas.berner","@id":"https:\/\/www.organisator.ch\/#\/schema\/person\/6f650f90b2842cd4c0cc334b4e36f67e"},"headline":"Logistik w\u00e4hrend der Corona-Pandemie: Welche Fragen sich h\u00e4ufig stellen","datePublished":"2021-01-07T07:20:11+00:00","mainEntityOfPage":{"@id":"https:\/\/www.organisator.ch\/management\/2021-01-07\/logistik-waehrend-der-corona-pandemie-welche-fragen-sich-haeufig-stellen\/"},"wordCount":1106,"publisher":{"@id":"https:\/\/www.organisator.ch\/#organization"},"image":{"@id":"https:\/\/www.organisator.ch\/management\/2021-01-07\/logistik-waehrend-der-corona-pandemie-welche-fragen-sich-haeufig-stellen\/#primaryimage"},"thumbnailUrl":"https:\/\/www.organisator.ch\/wp-content\/uploads\/2021\/01\/Logistik-waehrend-der-Corona-Pandemie-Welche-Fragen-sich-haeufig-stellen-1_Organisator.jpg","keywords":["Coronavirus","Export","Logistik","Management","Supply Chain Management"],"articleSection":["MANAGEMENT"],"inLanguage":"en-US"},{"@type":"WebPage","@id":"https:\/\/www.organisator.ch\/management\/2021-01-07\/logistik-waehrend-der-corona-pandemie-welche-fragen-sich-haeufig-stellen\/","url":"https:\/\/www.organisator.ch\/management\/2021-01-07\/logistik-waehrend-der-corona-pandemie-welche-fragen-sich-haeufig-stellen\/","name":"Logistics during the Corona pandemic: what are the common questions - organizer","isPartOf":{"@id":"https:\/\/www.organisator.ch\/#website"},"primaryImageOfPage":{"@id":"https:\/\/www.organisator.ch\/management\/2021-01-07\/logistik-waehrend-der-corona-pandemie-welche-fragen-sich-haeufig-stellen\/#primaryimage"},"image":{"@id":"https:\/\/www.organisator.ch\/management\/2021-01-07\/logistik-waehrend-der-corona-pandemie-welche-fragen-sich-haeufig-stellen\/#primaryimage"},"thumbnailUrl":"https:\/\/www.organisator.ch\/wp-content\/uploads\/2021\/01\/Logistik-waehrend-der-Corona-Pandemie-Welche-Fragen-sich-haeufig-stellen-1_Organisator.jpg","datePublished":"2021-01-07T07:20:11+00:00","description":"The Corona pandemic is also having an impact on logistics. How do forwarders support their customers? Experts provide answers to pressing questions.","breadcrumb":{"@id":"https:\/\/www.organisator.ch\/management\/2021-01-07\/logistik-waehrend-der-corona-pandemie-welche-fragen-sich-haeufig-stellen\/#breadcrumb"},"inLanguage":"en-US","potentialAction":[{"@type":"ReadAction","target":["https:\/\/www.organisator.ch\/management\/2021-01-07\/logistik-waehrend-der-corona-pandemie-welche-fragen-sich-haeufig-stellen\/"]}]},{"@type":"ImageObject","inLanguage":"en-US","@id":"https:\/\/www.organisator.ch\/management\/2021-01-07\/logistik-waehrend-der-corona-pandemie-welche-fragen-sich-haeufig-stellen\/#primaryimage","url":"https:\/\/www.organisator.ch\/wp-content\/uploads\/2021\/01\/Logistik-waehrend-der-Corona-Pandemie-Welche-Fragen-sich-haeufig-stellen-1_Organisator.jpg","contentUrl":"https:\/\/www.organisator.ch\/wp-content\/uploads\/2021\/01\/Logistik-waehrend-der-Corona-Pandemie-Welche-Fragen-sich-haeufig-stellen-1_Organisator.jpg","width":680,"height":453,"caption":"Die Corona-Pandemie wirkt sich auch auf die Logistik aus: So ist z.B. mit l\u00e4ngeren Wartezeiten an Containerh\u00e4fen zu rechnen. (Bild: Pixabay.com)"},{"@type":"BreadcrumbList","@id":"https:\/\/www.organisator.ch\/management\/2021-01-07\/logistik-waehrend-der-corona-pandemie-welche-fragen-sich-haeufig-stellen\/#breadcrumb","itemListElement":[{"@type":"ListItem","position":1,"name":"Home","item":"https:\/\/www.organisator.ch\/"},{"@type":"ListItem","position":2,"name":"Logistik w\u00e4hrend der Corona-Pandemie: Welche Fragen sich h\u00e4ufig stellen"}]},{"@type":"WebSite","@id":"https:\/\/www.organisator.ch\/#website","url":"https:\/\/www.organisator.ch\/","name":"Organizer","description":"Competent. Practical. In 10 issues per year, ORGANISATOR presents the essential topics for managers of SMEs.","publisher":{"@id":"https:\/\/www.organisator.ch\/#organization"},"potentialAction":[{"@type":"SearchAction","target":{"@type":"EntryPoint","urlTemplate":"https:\/\/www.organisator.ch\/?s={search_term_string}"},"query-input":{"@type":"PropertyValueSpecification","valueRequired":true,"valueName":"search_term_string"}}],"inLanguage":"en-US"},{"@type":"Organization","@id":"https:\/\/www.organisator.ch\/#organization","name":"Organizer","url":"https:\/\/www.organisator.ch\/","logo":{"@type":"ImageObject","inLanguage":"en-US","@id":"https:\/\/www.organisator.ch\/#\/schema\/logo\/image\/","url":"https:\/\/www.organisator.ch\/wp-content\/uploads\/2022\/01\/Logo_Organisator_Website.png","contentUrl":"https:\/\/www.organisator.ch\/wp-content\/uploads\/2022\/01\/Logo_Organisator_Website.png","width":800,"height":77,"caption":"Organisator"},"image":{"@id":"https:\/\/www.organisator.ch\/#\/schema\/logo\/image\/"},"sameAs":["https:\/\/www.facebook.com\/OrganisatorFachmagazin","https:\/\/www.linkedin.com\/showcase\/organisator-das-magazin-fr-kmu","https:\/\/www.xing.com\/news\/pages\/organisator-ch-695","https:\/\/www.youtube.com\/channel\/UCGP2Sq0iWaZwT3BdIAQFYpw"]},{"@type":"Person","@id":"https:\/\/www.organisator.ch\/#\/schema\/person\/6f650f90b2842cd4c0cc334b4e36f67e","name":"thomas.berner","image":{"@type":"ImageObject","inLanguage":"en-US","@id":"https:\/\/secure.gravatar.com\/avatar\/ac5001d2a36cb6c6cd3e50789007ffca834b477b74a2144564522e944eabff61?s=96&d=mm&r=g","url":"https:\/\/secure.gravatar.com\/avatar\/ac5001d2a36cb6c6cd3e50789007ffca834b477b74a2144564522e944eabff61?s=96&d=mm&r=g","contentUrl":"https:\/\/secure.gravatar.com\/avatar\/ac5001d2a36cb6c6cd3e50789007ffca834b477b74a2144564522e944eabff61?s=96&d=mm&r=g","caption":"thomas.berner"},"url":"https:\/\/www.organisator.ch\/en\/author\/thomas-berner\/"}]}},"_links":{"self":[{"href":"https:\/\/www.organisator.ch\/en\/wp-json\/wp\/v2\/posts\/7493","targetHints":{"allow":["GET"]}}],"collection":[{"href":"https:\/\/www.organisator.ch\/en\/wp-json\/wp\/v2\/posts"}],"about":[{"href":"https:\/\/www.organisator.ch\/en\/wp-json\/wp\/v2\/types\/post"}],"author":[{"embeddable":true,"href":"https:\/\/www.organisator.ch\/en\/wp-json\/wp\/v2\/users\/4"}],"replies":[{"embeddable":true,"href":"https:\/\/www.organisator.ch\/en\/wp-json\/wp\/v2\/comments?post=7493"}],"version-history":[{"count":0,"href":"https:\/\/www.organisator.ch\/en\/wp-json\/wp\/v2\/posts\/7493\/revisions"}],"wp:featuredmedia":[{"embeddable":true,"href":"https:\/\/www.organisator.ch\/en\/wp-json\/wp\/v2\/media\/7494"}],"wp:attachment":[{"href":"https:\/\/www.organisator.ch\/en\/wp-json\/wp\/v2\/media?parent=7493"}],"wp:term":[{"taxonomy":"category","embeddable":true,"href":"https:\/\/www.organisator.ch\/en\/wp-json\/wp\/v2\/categories?post=7493"},{"taxonomy":"post_tag","embeddable":true,"href":"https:\/\/www.organisator.ch\/en\/wp-json\/wp\/v2\/tags?post=7493"}],"curies":[{"name":"wp","href":"https:\/\/api.w.org\/{rel}","templated":true}]}}