{"id":7514,"date":"2021-01-13T13:44:50","date_gmt":"2021-01-13T12:44:50","guid":{"rendered":"https:\/\/www.organisator.ch\/?p=7514"},"modified":"2021-01-13T13:44:50","modified_gmt":"2021-01-13T12:44:50","slug":"die-schweizer-unternehmerlandschaft-wird-weiblicher","status":"publish","type":"post","link":"https:\/\/www.organisator.ch\/en\/management\/2021-01-13\/die-schweizer-unternehmerlandschaft-wird-weiblicher\/","title":{"rendered":"The Swiss entrepreneurial landscape is becoming more female"},"content":{"rendered":"<figure id=\"attachment_7515\" aria-describedby=\"caption-attachment-7515\" style=\"width: 680px\" class=\"wp-caption alignnone\"><img loading=\"lazy\" decoding=\"async\" class=\"size-medium wp-image-7515\" src=\"https:\/\/www.organisator.ch\/wp-content\/uploads\/2021\/01\/Die-Schweizer-Unternehmerlandschaft-wird-weiblicher_Organisator.jpg\" alt=\"\" width=\"680\" height=\"491\" srcset=\"https:\/\/www.organisator.ch\/wp-content\/uploads\/2021\/01\/Die-Schweizer-Unternehmerlandschaft-wird-weiblicher_Organisator.jpg 680w, https:\/\/www.organisator.ch\/wp-content\/uploads\/2021\/01\/Die-Schweizer-Unternehmerlandschaft-wird-weiblicher_Organisator-16x12.jpg 16w, https:\/\/www.organisator.ch\/wp-content\/uploads\/2021\/01\/Die-Schweizer-Unternehmerlandschaft-wird-weiblicher_Organisator-242x175.jpg 242w, https:\/\/www.organisator.ch\/wp-content\/uploads\/2021\/01\/Die-Schweizer-Unternehmerlandschaft-wird-weiblicher_Organisator-485x350.jpg 485w, https:\/\/www.organisator.ch\/wp-content\/uploads\/2021\/01\/Die-Schweizer-Unternehmerlandschaft-wird-weiblicher_Organisator-300x217.jpg 300w\" sizes=\"auto, (max-width: 680px) 100vw, 680px\" \/><figcaption id=\"caption-attachment-7515\" class=\"wp-caption-text\">Women are also on the rise in the Swiss entrepreneurial landscape. (Image: Pixabay.com)<\/figcaption><\/figure>\n<p>Never before have so many new companies been founded in Switzerland as in 2020. But the Swiss entrepreneurial landscape is also on the move in other respects: More and more women are choosing the path to self-employment. This has been investigated by the University of Applied Sciences Northwestern Switzerland. The data comes from a survey of new companies founded between 2014 and 2019.<\/p>\n<h2>Share of women has doubled within 20 years<\/h2>\n<p>The average start-up person in Switzerland is male, 40.4 years old, childless, has a university degree, around 22 years of professional experience and some management experience. Since the first survey 20 years ago, the proportion of women among founders has almost exactly doubled and now amounts to 31.6 percent. The proportion of founders with an academic background has also increased massively. Every second founder now has a bachelor's, master's or doctorate degree. Twenty years ago, it was still one in three.<\/p>\n<p>Among the motives for becoming self-employed, factors such as self-realization, independence and implementing one's own ideas are clearly at the top of the list. The pursuit of a meaningful activity is also rated as very important. Far less important are the continuation of family traditions, the prospect of a higher income, power or prestige. The motives for self-employment have changed very little over the past 20 years.<\/p>\n<h2>Entrepreneurial landscape is changing - starting a business has become more affordable<\/h2>\n<p>The new companies are small and growing less than 10 or 20 years ago. The average start-up has no employees when it is founded and only one or two after 3.5 years. Three quarters of the new self-employed have had to invest less than 50,000 francs at the beginning (20 years ago, almost half had to invest more than 50,000 francs at the start). In the last 20 years, it has become easier and cheaper - financially speaking - to start a business.<\/p>\n<p>The most important reference persons in the establishment and management of the company are family, relatives and acquaintances and the former business environment. Very few founders make use of government agencies such as business development agencies, either in preparing the start-up or in the event of difficulties.<\/p>\n<h2>Higher satisfaction in entrepreneurship<\/h2>\n<p>Overall, the founders are extremely satisfied with their self-employment. The new self-employed see themselves as very successful, have positive prospects for the future and are in a good financial position. Likewise, they rate their development prospects as very good, especially in terms of sales and profits. \"The study shows that the new self-employed are successful and more satisfied than in employment, even though they work more and earn less on average,\" says Prof. Dr. Rolf Meyer, the study's co-author.<\/p>\n<p>The data obtained will be used to publish further research reports later in the year, for example on female entrepreneurship or the success factors of the new self-employed.<\/p>\n<p><em>Source and further information: <a href=\"http:\/\/www.fhnw.ch\">University of Applied Sciences Northwestern Switzerland<\/a><\/em><\/p>","protected":false},"excerpt":{"rendered":"<p>Noch nie wurden in der Schweiz so viele neue Firmen gegr\u00fcndet wie 2020. Doch auch in anderer Hinsicht ist die Schweizer Unternehmerlandschaft in Bewegung: Immer mehr Frauen w\u00e4hlen den Weg in die Selbst\u00e4ndigkeit. Dies hat die Fachhochschule Nordwestschweiz untersucht. Die Daten stammen aus einer Umfrage unter neuen Unternehmen, die zwischen 2014 und 2019 gegr\u00fcndet wurden. [&hellip;]<\/p>\n","protected":false},"author":4,"featured_media":7515,"comment_status":"closed","ping_status":"closed","sticky":false,"template":"","format":"standard","meta":{"_acf_changed":false,"_yoast_wpseo_focuskw":"Unternehmerlandschaft","_yoast_wpseo_metadesc":"Eine Studie der Fachhochschule Nordwestschweiz FHNW untersuchte die Schweizer Unternehmerlandschaft und dabei die Zukunftsaussichten der Firmengr\u00fcnder.","articlekey":"","footnotes":""},"categories":[28],"tags":[159,335,451,459],"class_list":["post-7514","post","type-post","status-publish","format-standard","has-post-thumbnail","hentry","category-management","tag-diversity","tag-management-und-unternehmensfuehrung","tag-startups","tag-studie"],"acf":[],"yoast_head":"<!-- This site is optimized with the Yoast SEO plugin v27.4 - https:\/\/yoast.com\/product\/yoast-seo-wordpress\/ -->\n<title>Die Schweizer Unternehmerlandschaft wird weiblicher - Organisator<\/title>\n<meta name=\"description\" content=\"Eine Studie der Fachhochschule Nordwestschweiz FHNW untersuchte die Schweizer Unternehmerlandschaft und dabei die Zukunftsaussichten der Firmengr\u00fcnder.\" \/>\n<meta name=\"robots\" content=\"index, follow, max-snippet:-1, max-image-preview:large, max-video-preview:-1\" \/>\n<link rel=\"canonical\" href=\"https:\/\/www.organisator.ch\/en\/management\/2021-01-13\/die-schweizer-unternehmerlandschaft-wird-weiblicher\/\" \/>\n<meta property=\"og:locale\" content=\"en_US\" \/>\n<meta property=\"og:type\" content=\"article\" \/>\n<meta property=\"og:title\" content=\"Die Schweizer Unternehmerlandschaft wird weiblicher\" \/>\n<meta property=\"og:description\" content=\"Eine Studie der Fachhochschule Nordwestschweiz FHNW untersuchte die Schweizer Unternehmerlandschaft und dabei die Zukunftsaussichten der Firmengr\u00fcnder.\" \/>\n<meta property=\"og:url\" content=\"https:\/\/www.organisator.ch\/en\/management\/2021-01-13\/die-schweizer-unternehmerlandschaft-wird-weiblicher\/\" \/>\n<meta property=\"og:site_name\" content=\"Organisator\" \/>\n<meta property=\"article:publisher\" content=\"https:\/\/www.facebook.com\/OrganisatorFachmagazin\" \/>\n<meta property=\"article:published_time\" content=\"2021-01-13T12:44:50+00:00\" \/>\n<meta property=\"og:image\" content=\"https:\/\/www.organisator.ch\/wp-content\/uploads\/2021\/01\/Die-Schweizer-Unternehmerlandschaft-wird-weiblicher_Organisator.jpg\" \/>\n\t<meta property=\"og:image:width\" content=\"680\" \/>\n\t<meta property=\"og:image:height\" content=\"491\" \/>\n\t<meta property=\"og:image:type\" content=\"image\/jpeg\" \/>\n<meta name=\"author\" content=\"thomas.berner\" \/>\n<meta name=\"twitter:card\" content=\"summary_large_image\" \/>\n<meta name=\"twitter:title\" content=\"Die Schweizer #Unternehmerlandschaft wird weiblicher\" \/>\n<meta name=\"twitter:description\" content=\"Eine Studie der Fachhochschule Nordwestschweiz #FHNW untersuchte die Schweizer #Unternehmerlandschaft und dabei die Zukunftsaussichten der #Firmengr\u00fcnder.\" \/>\n<meta name=\"twitter:image\" content=\"https:\/\/www.organisator.ch\/wp-content\/uploads\/2021\/01\/Die-Schweizer-Unternehmerlandschaft-wird-weiblicher_Organisator.jpg\" \/>\n<script type=\"application\/ld+json\" class=\"yoast-schema-graph\">{\"@context\":\"https:\\\/\\\/schema.org\",\"@graph\":[{\"@type\":\"Article\",\"@id\":\"https:\\\/\\\/www.organisator.ch\\\/management\\\/2021-01-13\\\/die-schweizer-unternehmerlandschaft-wird-weiblicher\\\/#article\",\"isPartOf\":{\"@id\":\"https:\\\/\\\/www.organisator.ch\\\/management\\\/2021-01-13\\\/die-schweizer-unternehmerlandschaft-wird-weiblicher\\\/\"},\"author\":{\"name\":\"thomas.berner\",\"@id\":\"https:\\\/\\\/www.organisator.ch\\\/#\\\/schema\\\/person\\\/6f650f90b2842cd4c0cc334b4e36f67e\"},\"headline\":\"Die Schweizer Unternehmerlandschaft wird weiblicher\",\"datePublished\":\"2021-01-13T12:44:50+00:00\",\"mainEntityOfPage\":{\"@id\":\"https:\\\/\\\/www.organisator.ch\\\/management\\\/2021-01-13\\\/die-schweizer-unternehmerlandschaft-wird-weiblicher\\\/\"},\"wordCount\":496,\"publisher\":{\"@id\":\"https:\\\/\\\/www.organisator.ch\\\/#organization\"},\"image\":{\"@id\":\"https:\\\/\\\/www.organisator.ch\\\/management\\\/2021-01-13\\\/die-schweizer-unternehmerlandschaft-wird-weiblicher\\\/#primaryimage\"},\"thumbnailUrl\":\"https:\\\/\\\/www.organisator.ch\\\/wp-content\\\/uploads\\\/2021\\\/01\\\/Die-Schweizer-Unternehmerlandschaft-wird-weiblicher_Organisator.jpg\",\"keywords\":[\"Diversity\",\"Management und Unternehmensf\u00fchrung\",\"Startups\",\"Studie\"],\"articleSection\":[\"MANAGEMENT\"],\"inLanguage\":\"en-US\"},{\"@type\":\"WebPage\",\"@id\":\"https:\\\/\\\/www.organisator.ch\\\/management\\\/2021-01-13\\\/die-schweizer-unternehmerlandschaft-wird-weiblicher\\\/\",\"url\":\"https:\\\/\\\/www.organisator.ch\\\/management\\\/2021-01-13\\\/die-schweizer-unternehmerlandschaft-wird-weiblicher\\\/\",\"name\":\"Die Schweizer Unternehmerlandschaft wird weiblicher - Organisator\",\"isPartOf\":{\"@id\":\"https:\\\/\\\/www.organisator.ch\\\/#website\"},\"primaryImageOfPage\":{\"@id\":\"https:\\\/\\\/www.organisator.ch\\\/management\\\/2021-01-13\\\/die-schweizer-unternehmerlandschaft-wird-weiblicher\\\/#primaryimage\"},\"image\":{\"@id\":\"https:\\\/\\\/www.organisator.ch\\\/management\\\/2021-01-13\\\/die-schweizer-unternehmerlandschaft-wird-weiblicher\\\/#primaryimage\"},\"thumbnailUrl\":\"https:\\\/\\\/www.organisator.ch\\\/wp-content\\\/uploads\\\/2021\\\/01\\\/Die-Schweizer-Unternehmerlandschaft-wird-weiblicher_Organisator.jpg\",\"datePublished\":\"2021-01-13T12:44:50+00:00\",\"description\":\"Eine Studie der Fachhochschule Nordwestschweiz FHNW untersuchte die Schweizer Unternehmerlandschaft und dabei die Zukunftsaussichten der Firmengr\u00fcnder.\",\"breadcrumb\":{\"@id\":\"https:\\\/\\\/www.organisator.ch\\\/management\\\/2021-01-13\\\/die-schweizer-unternehmerlandschaft-wird-weiblicher\\\/#breadcrumb\"},\"inLanguage\":\"en-US\",\"potentialAction\":[{\"@type\":\"ReadAction\",\"target\":[\"https:\\\/\\\/www.organisator.ch\\\/management\\\/2021-01-13\\\/die-schweizer-unternehmerlandschaft-wird-weiblicher\\\/\"]}]},{\"@type\":\"ImageObject\",\"inLanguage\":\"en-US\",\"@id\":\"https:\\\/\\\/www.organisator.ch\\\/management\\\/2021-01-13\\\/die-schweizer-unternehmerlandschaft-wird-weiblicher\\\/#primaryimage\",\"url\":\"https:\\\/\\\/www.organisator.ch\\\/wp-content\\\/uploads\\\/2021\\\/01\\\/Die-Schweizer-Unternehmerlandschaft-wird-weiblicher_Organisator.jpg\",\"contentUrl\":\"https:\\\/\\\/www.organisator.ch\\\/wp-content\\\/uploads\\\/2021\\\/01\\\/Die-Schweizer-Unternehmerlandschaft-wird-weiblicher_Organisator.jpg\",\"width\":680,\"height\":491,\"caption\":\"Frauen sind auch in der Schweizer Unternehmerlandschaft auf dem Vormarsch. (Bild: Pixabay.com)\"},{\"@type\":\"BreadcrumbList\",\"@id\":\"https:\\\/\\\/www.organisator.ch\\\/management\\\/2021-01-13\\\/die-schweizer-unternehmerlandschaft-wird-weiblicher\\\/#breadcrumb\",\"itemListElement\":[{\"@type\":\"ListItem\",\"position\":1,\"name\":\"Home\",\"item\":\"https:\\\/\\\/www.organisator.ch\\\/\"},{\"@type\":\"ListItem\",\"position\":2,\"name\":\"Die Schweizer Unternehmerlandschaft wird weiblicher\"}]},{\"@type\":\"WebSite\",\"@id\":\"https:\\\/\\\/www.organisator.ch\\\/#website\",\"url\":\"https:\\\/\\\/www.organisator.ch\\\/\",\"name\":\"Organisator\",\"description\":\"Kompetent. Praxisnah. Der ORGANISATOR bereitet in 10 Ausgaben pro Jahr die wesentlichen Themen f\u00fcr F\u00fchrungskr\u00e4fte von KMU auf.\",\"publisher\":{\"@id\":\"https:\\\/\\\/www.organisator.ch\\\/#organization\"},\"potentialAction\":[{\"@type\":\"SearchAction\",\"target\":{\"@type\":\"EntryPoint\",\"urlTemplate\":\"https:\\\/\\\/www.organisator.ch\\\/?s={search_term_string}\"},\"query-input\":{\"@type\":\"PropertyValueSpecification\",\"valueRequired\":true,\"valueName\":\"search_term_string\"}}],\"inLanguage\":\"en-US\"},{\"@type\":\"Organization\",\"@id\":\"https:\\\/\\\/www.organisator.ch\\\/#organization\",\"name\":\"Organisator\",\"url\":\"https:\\\/\\\/www.organisator.ch\\\/\",\"logo\":{\"@type\":\"ImageObject\",\"inLanguage\":\"en-US\",\"@id\":\"https:\\\/\\\/www.organisator.ch\\\/#\\\/schema\\\/logo\\\/image\\\/\",\"url\":\"https:\\\/\\\/www.organisator.ch\\\/wp-content\\\/uploads\\\/2022\\\/01\\\/Logo_Organisator_Website.png\",\"contentUrl\":\"https:\\\/\\\/www.organisator.ch\\\/wp-content\\\/uploads\\\/2022\\\/01\\\/Logo_Organisator_Website.png\",\"width\":800,\"height\":77,\"caption\":\"Organisator\"},\"image\":{\"@id\":\"https:\\\/\\\/www.organisator.ch\\\/#\\\/schema\\\/logo\\\/image\\\/\"},\"sameAs\":[\"https:\\\/\\\/www.facebook.com\\\/OrganisatorFachmagazin\",\"https:\\\/\\\/www.linkedin.com\\\/showcase\\\/organisator-das-magazin-fr-kmu\",\"https:\\\/\\\/www.xing.com\\\/news\\\/pages\\\/organisator-ch-695\",\"https:\\\/\\\/www.youtube.com\\\/channel\\\/UCGP2Sq0iWaZwT3BdIAQFYpw\"]},{\"@type\":\"Person\",\"@id\":\"https:\\\/\\\/www.organisator.ch\\\/#\\\/schema\\\/person\\\/6f650f90b2842cd4c0cc334b4e36f67e\",\"name\":\"thomas.berner\",\"image\":{\"@type\":\"ImageObject\",\"inLanguage\":\"en-US\",\"@id\":\"https:\\\/\\\/secure.gravatar.com\\\/avatar\\\/ac5001d2a36cb6c6cd3e50789007ffca834b477b74a2144564522e944eabff61?s=96&d=mm&r=g\",\"url\":\"https:\\\/\\\/secure.gravatar.com\\\/avatar\\\/ac5001d2a36cb6c6cd3e50789007ffca834b477b74a2144564522e944eabff61?s=96&d=mm&r=g\",\"contentUrl\":\"https:\\\/\\\/secure.gravatar.com\\\/avatar\\\/ac5001d2a36cb6c6cd3e50789007ffca834b477b74a2144564522e944eabff61?s=96&d=mm&r=g\",\"caption\":\"thomas.berner\"},\"url\":\"https:\\\/\\\/www.organisator.ch\\\/en\\\/author\\\/thomas-berner\\\/\"}]}<\/script>\n<!-- \/ Yoast SEO plugin. -->","yoast_head_json":{"title":"The Swiss entrepreneurial landscape is becoming more female - Organizer","description":"A study by the University of Applied Sciences Northwestern Switzerland FHNW examined the Swiss entrepreneurial landscape and, in the process, the future prospects of company founders.","robots":{"index":"index","follow":"follow","max-snippet":"max-snippet:-1","max-image-preview":"max-image-preview:large","max-video-preview":"max-video-preview:-1"},"canonical":"https:\/\/www.organisator.ch\/en\/management\/2021-01-13\/die-schweizer-unternehmerlandschaft-wird-weiblicher\/","og_locale":"en_US","og_type":"article","og_title":"Die Schweizer Unternehmerlandschaft wird weiblicher","og_description":"Eine Studie der Fachhochschule Nordwestschweiz FHNW untersuchte die Schweizer Unternehmerlandschaft und dabei die Zukunftsaussichten der Firmengr\u00fcnder.","og_url":"https:\/\/www.organisator.ch\/en\/management\/2021-01-13\/die-schweizer-unternehmerlandschaft-wird-weiblicher\/","og_site_name":"Organisator","article_publisher":"https:\/\/www.facebook.com\/OrganisatorFachmagazin","article_published_time":"2021-01-13T12:44:50+00:00","og_image":[{"width":680,"height":491,"url":"https:\/\/www.organisator.ch\/wp-content\/uploads\/2021\/01\/Die-Schweizer-Unternehmerlandschaft-wird-weiblicher_Organisator.jpg","type":"image\/jpeg"}],"author":"thomas.berner","twitter_card":"summary_large_image","twitter_title":"Die Schweizer #Unternehmerlandschaft wird weiblicher","twitter_description":"Eine Studie der Fachhochschule Nordwestschweiz #FHNW untersuchte die Schweizer #Unternehmerlandschaft und dabei die Zukunftsaussichten der #Firmengr\u00fcnder.","twitter_image":"https:\/\/www.organisator.ch\/wp-content\/uploads\/2021\/01\/Die-Schweizer-Unternehmerlandschaft-wird-weiblicher_Organisator.jpg","schema":{"@context":"https:\/\/schema.org","@graph":[{"@type":"Article","@id":"https:\/\/www.organisator.ch\/management\/2021-01-13\/die-schweizer-unternehmerlandschaft-wird-weiblicher\/#article","isPartOf":{"@id":"https:\/\/www.organisator.ch\/management\/2021-01-13\/die-schweizer-unternehmerlandschaft-wird-weiblicher\/"},"author":{"name":"thomas.berner","@id":"https:\/\/www.organisator.ch\/#\/schema\/person\/6f650f90b2842cd4c0cc334b4e36f67e"},"headline":"Die Schweizer Unternehmerlandschaft wird weiblicher","datePublished":"2021-01-13T12:44:50+00:00","mainEntityOfPage":{"@id":"https:\/\/www.organisator.ch\/management\/2021-01-13\/die-schweizer-unternehmerlandschaft-wird-weiblicher\/"},"wordCount":496,"publisher":{"@id":"https:\/\/www.organisator.ch\/#organization"},"image":{"@id":"https:\/\/www.organisator.ch\/management\/2021-01-13\/die-schweizer-unternehmerlandschaft-wird-weiblicher\/#primaryimage"},"thumbnailUrl":"https:\/\/www.organisator.ch\/wp-content\/uploads\/2021\/01\/Die-Schweizer-Unternehmerlandschaft-wird-weiblicher_Organisator.jpg","keywords":["Diversity","Management und Unternehmensf\u00fchrung","Startups","Studie"],"articleSection":["MANAGEMENT"],"inLanguage":"en-US"},{"@type":"WebPage","@id":"https:\/\/www.organisator.ch\/management\/2021-01-13\/die-schweizer-unternehmerlandschaft-wird-weiblicher\/","url":"https:\/\/www.organisator.ch\/management\/2021-01-13\/die-schweizer-unternehmerlandschaft-wird-weiblicher\/","name":"The Swiss entrepreneurial landscape is becoming more female - Organizer","isPartOf":{"@id":"https:\/\/www.organisator.ch\/#website"},"primaryImageOfPage":{"@id":"https:\/\/www.organisator.ch\/management\/2021-01-13\/die-schweizer-unternehmerlandschaft-wird-weiblicher\/#primaryimage"},"image":{"@id":"https:\/\/www.organisator.ch\/management\/2021-01-13\/die-schweizer-unternehmerlandschaft-wird-weiblicher\/#primaryimage"},"thumbnailUrl":"https:\/\/www.organisator.ch\/wp-content\/uploads\/2021\/01\/Die-Schweizer-Unternehmerlandschaft-wird-weiblicher_Organisator.jpg","datePublished":"2021-01-13T12:44:50+00:00","description":"A study by the University of Applied Sciences Northwestern Switzerland FHNW examined the Swiss entrepreneurial landscape and, in the process, the future prospects of company founders.","breadcrumb":{"@id":"https:\/\/www.organisator.ch\/management\/2021-01-13\/die-schweizer-unternehmerlandschaft-wird-weiblicher\/#breadcrumb"},"inLanguage":"en-US","potentialAction":[{"@type":"ReadAction","target":["https:\/\/www.organisator.ch\/management\/2021-01-13\/die-schweizer-unternehmerlandschaft-wird-weiblicher\/"]}]},{"@type":"ImageObject","inLanguage":"en-US","@id":"https:\/\/www.organisator.ch\/management\/2021-01-13\/die-schweizer-unternehmerlandschaft-wird-weiblicher\/#primaryimage","url":"https:\/\/www.organisator.ch\/wp-content\/uploads\/2021\/01\/Die-Schweizer-Unternehmerlandschaft-wird-weiblicher_Organisator.jpg","contentUrl":"https:\/\/www.organisator.ch\/wp-content\/uploads\/2021\/01\/Die-Schweizer-Unternehmerlandschaft-wird-weiblicher_Organisator.jpg","width":680,"height":491,"caption":"Frauen sind auch in der Schweizer Unternehmerlandschaft auf dem Vormarsch. (Bild: Pixabay.com)"},{"@type":"BreadcrumbList","@id":"https:\/\/www.organisator.ch\/management\/2021-01-13\/die-schweizer-unternehmerlandschaft-wird-weiblicher\/#breadcrumb","itemListElement":[{"@type":"ListItem","position":1,"name":"Home","item":"https:\/\/www.organisator.ch\/"},{"@type":"ListItem","position":2,"name":"Die Schweizer Unternehmerlandschaft wird weiblicher"}]},{"@type":"WebSite","@id":"https:\/\/www.organisator.ch\/#website","url":"https:\/\/www.organisator.ch\/","name":"Organizer","description":"Competent. Practical. In 10 issues per year, ORGANISATOR presents the essential topics for managers of SMEs.","publisher":{"@id":"https:\/\/www.organisator.ch\/#organization"},"potentialAction":[{"@type":"SearchAction","target":{"@type":"EntryPoint","urlTemplate":"https:\/\/www.organisator.ch\/?s={search_term_string}"},"query-input":{"@type":"PropertyValueSpecification","valueRequired":true,"valueName":"search_term_string"}}],"inLanguage":"en-US"},{"@type":"Organization","@id":"https:\/\/www.organisator.ch\/#organization","name":"Organizer","url":"https:\/\/www.organisator.ch\/","logo":{"@type":"ImageObject","inLanguage":"en-US","@id":"https:\/\/www.organisator.ch\/#\/schema\/logo\/image\/","url":"https:\/\/www.organisator.ch\/wp-content\/uploads\/2022\/01\/Logo_Organisator_Website.png","contentUrl":"https:\/\/www.organisator.ch\/wp-content\/uploads\/2022\/01\/Logo_Organisator_Website.png","width":800,"height":77,"caption":"Organisator"},"image":{"@id":"https:\/\/www.organisator.ch\/#\/schema\/logo\/image\/"},"sameAs":["https:\/\/www.facebook.com\/OrganisatorFachmagazin","https:\/\/www.linkedin.com\/showcase\/organisator-das-magazin-fr-kmu","https:\/\/www.xing.com\/news\/pages\/organisator-ch-695","https:\/\/www.youtube.com\/channel\/UCGP2Sq0iWaZwT3BdIAQFYpw"]},{"@type":"Person","@id":"https:\/\/www.organisator.ch\/#\/schema\/person\/6f650f90b2842cd4c0cc334b4e36f67e","name":"thomas.berner","image":{"@type":"ImageObject","inLanguage":"en-US","@id":"https:\/\/secure.gravatar.com\/avatar\/ac5001d2a36cb6c6cd3e50789007ffca834b477b74a2144564522e944eabff61?s=96&d=mm&r=g","url":"https:\/\/secure.gravatar.com\/avatar\/ac5001d2a36cb6c6cd3e50789007ffca834b477b74a2144564522e944eabff61?s=96&d=mm&r=g","contentUrl":"https:\/\/secure.gravatar.com\/avatar\/ac5001d2a36cb6c6cd3e50789007ffca834b477b74a2144564522e944eabff61?s=96&d=mm&r=g","caption":"thomas.berner"},"url":"https:\/\/www.organisator.ch\/en\/author\/thomas-berner\/"}]}},"_links":{"self":[{"href":"https:\/\/www.organisator.ch\/en\/wp-json\/wp\/v2\/posts\/7514","targetHints":{"allow":["GET"]}}],"collection":[{"href":"https:\/\/www.organisator.ch\/en\/wp-json\/wp\/v2\/posts"}],"about":[{"href":"https:\/\/www.organisator.ch\/en\/wp-json\/wp\/v2\/types\/post"}],"author":[{"embeddable":true,"href":"https:\/\/www.organisator.ch\/en\/wp-json\/wp\/v2\/users\/4"}],"replies":[{"embeddable":true,"href":"https:\/\/www.organisator.ch\/en\/wp-json\/wp\/v2\/comments?post=7514"}],"version-history":[{"count":0,"href":"https:\/\/www.organisator.ch\/en\/wp-json\/wp\/v2\/posts\/7514\/revisions"}],"wp:featuredmedia":[{"embeddable":true,"href":"https:\/\/www.organisator.ch\/en\/wp-json\/wp\/v2\/media\/7515"}],"wp:attachment":[{"href":"https:\/\/www.organisator.ch\/en\/wp-json\/wp\/v2\/media?parent=7514"}],"wp:term":[{"taxonomy":"category","embeddable":true,"href":"https:\/\/www.organisator.ch\/en\/wp-json\/wp\/v2\/categories?post=7514"},{"taxonomy":"post_tag","embeddable":true,"href":"https:\/\/www.organisator.ch\/en\/wp-json\/wp\/v2\/tags?post=7514"}],"curies":[{"name":"wp","href":"https:\/\/api.w.org\/{rel}","templated":true}]}}