{"id":752,"date":"2016-06-17T16:42:29","date_gmt":"2016-06-17T14:42:29","guid":{"rendered":"http:\/\/dev.organisator.ch\/?p=752"},"modified":"2016-06-17T16:42:29","modified_gmt":"2016-06-17T14:42:29","slug":"was-mint-fachkraefte-von-ihren-arbeitgebern-erwarten","status":"publish","type":"post","link":"https:\/\/www.organisator.ch\/en\/management\/2016-06-17\/was-mint-fachkraefte-von-ihren-arbeitgebern-erwarten\/","title":{"rendered":"What STEM professionals expect from their employers"},"content":{"rendered":"<figure id=\"attachment_753\" aria-describedby=\"caption-attachment-753\" style=\"width: 640px\" class=\"wp-caption alignnone\"><img loading=\"lazy\" decoding=\"async\" class=\"size-full wp-image-753\" src=\"https:\/\/www.organisator.ch\/wp-content\/uploads\/2016\/12\/Was-MINT-Fachkraefte-von-ihren-Arbeitgebern-erwarten-organisator.jpg\" alt=\"\" width=\"640\" height=\"416\" srcset=\"https:\/\/www.organisator.ch\/wp-content\/uploads\/2016\/12\/Was-MINT-Fachkraefte-von-ihren-Arbeitgebern-erwarten-organisator.jpg 640w, https:\/\/www.organisator.ch\/wp-content\/uploads\/2016\/12\/Was-MINT-Fachkraefte-von-ihren-Arbeitgebern-erwarten-organisator-16x10.jpg 16w, https:\/\/www.organisator.ch\/wp-content\/uploads\/2016\/12\/Was-MINT-Fachkraefte-von-ihren-Arbeitgebern-erwarten-organisator-269x175.jpg 269w, https:\/\/www.organisator.ch\/wp-content\/uploads\/2016\/12\/Was-MINT-Fachkraefte-von-ihren-Arbeitgebern-erwarten-organisator-538x350.jpg 538w, https:\/\/www.organisator.ch\/wp-content\/uploads\/2016\/12\/Was-MINT-Fachkraefte-von-ihren-Arbeitgebern-erwarten-organisator-300x195.jpg 300w\" sizes=\"auto, (max-width: 640px) 100vw, 640px\" \/><figcaption id=\"caption-attachment-753\" class=\"wp-caption-text\">Not happy with your job? According to a study, this is quite often the case for STEM professionals. (Image: Fotolia.com)<\/figcaption><\/figure>\n<p>According to the Swiss Federal Statistical Office, the demand for STEM specialists in Switzerland has increased tenfold over the past six decades. The reason for this is the far-reaching structural change toward a more technology-savvy knowledge society. At the same time, demand is outstripping supply: there is a pronounced shortage of STEM specialists, which is now worsening in the wake of generational and demographic change. \"As a result, companies are faced with the question of how to effectively address, attract and retain highly sought-after, confident professionals,\" says human resources management researcher Peter Kels of the Lucerne University of Applied Sciences and Arts. In a comprehensive research project, the Lucerne University of Applied Sciences and Arts and the Bern University of Applied Sciences examined the expectations of Swiss STEM professionals of generations Y (born 1982-1999) and X (born 1965-1981) with regard to employers.<\/p>\n<p><strong>Many STEM professionals are currently dissatisfied with their employer<\/strong><\/p>\n<p>The study shows that the current work situation is not satisfactory for many STEM professionals of generations Y and X: 36 percent of the respondents intend to leave their employers within the next 12 months. This means that STEM professionals are considerably more likely to quit their jobs than workers in other occupations. \"This should be a wake-up call for management and motivate them to pay even more attention to the job satisfaction of STEM professionals,\" Kels says. The largest difference exists across both<br \/>\ngenerations in terms of the co-determination expected and granted in the workplace, as well as in terms of development prospects in the company.<\/p>\n<p><strong>What STEM professionals want<\/strong><\/p>\n<p>In detail, the demands of STEM professionals of generations Y and X on employers are as follows: When looking for a job, they are essentially guided by five employer- and job-related factors. By far the most important factor for an application is job content (cited by over 80 percent of respondents). Preference is given to varied, technically complex and innovative specialist and project tasks. Other key attractiveness factors are information on development opportunities, team<br \/>\nand flexible working time models. Only in fifth place is the overall salary mentioned. The factors of job security, industry and culture are mentioned much less frequently, by only around one-third of respondents. The company's reputation (employer of choice or market leader) is relevant for only a tiny minority (see graphic).<\/p>\n<p><strong>What expectations employers must meet<\/strong><\/p>\n<p>However, sustainable personnel recruitment and retention in the STEM sector requires more than positive employer and job-related factors. The key lies in systematically shaping the working relationship, often based on unspoken expectations, also known as the psychological contract. STEM professionals of both generations show high job satisfaction and retention when four expectations are met:<\/p>\n<ol>\n<li>The opportunity to work on varied, technically complex and innovative specialist and project tasks and to develop independent solutions,<\/li>\n<li>Prospects of attractive career development prospects and a variety of options, in particular the development of competencies through challenging tasks and projects\/in the context of alternative careers (specialist, project or horizontal careers),<\/li>\n<li>corporate management and cooperation culture that focuses on collegiality, eye level, participation, feedback and humanity,<\/li>\n<li>Option of flexible working time models tailored to the individual (variable start and end of working day, compensation for overtime or part-time or home office).<\/li>\n<\/ol>\n<p><strong>Younger STEM workforce expects true \"team spirit\"<\/strong><\/p>\n<p>\"A comparison of the two generations shows that STEM professionals from Generation Y have higher expectations of cooperation at the team level as well as of the leadership relationship,\" summarizes teamwork expert Andrea Gurtner from the Bern University of Applied Sciences. If STEM employees from Generation X are largely satisfied with a cooperative working atmosphere, Generation Y professionals expect real \"team spirit\" (a sense of togetherness, common goals, learning from each other). From superiors, younger STEM professionals expect to be encouraged in their professional and personal development through challenging tasks and regular feedback as part of an individual leadership relationship.<\/p>\n<p><em>Source and further information on the study: <a href=\"http:\/\/www.hslu.ch\/projekt-mint-fachkraefte\" target=\"_blank\" data-cke-saved-href=\"http:\/\/www.hslu.ch\/projekt-mint-fachkraefte\" rel=\"noopener\">www.hslu.ch\/projekt-mint-fachkraefte<\/a><\/em><\/p>\n<figure id=\"attachment_758\" aria-describedby=\"caption-attachment-758\" style=\"width: 680px\" class=\"wp-caption alignnone\"><img loading=\"lazy\" decoding=\"async\" class=\"size-medium wp-image-758\" src=\"https:\/\/organisator.ch\/wp-content\/uploads\/2016\/12\/Was-MINT-Fachkr\u00e4fte-von-ihren-Arbeitgebern-erwarten1-organisator.jpg\" alt=\"\" width=\"680\" height=\"564\" \/><figcaption id=\"caption-attachment-758\" class=\"wp-caption-text\">Information and factors leading to an application (Image: Bern University of Applied Sciences and Arts and Lucerne University of Applied Sciences and Arts)<\/figcaption><\/figure>","protected":false},"excerpt":{"rendered":"<p>Die Nachfrage nach MINT-Fachkr\u00e4ften in der Schweiz hat sich in den vergangenen sechs Jahrzehnten gem\u00e4ss Bundesamt f\u00fcr Statistik verzehnfacht. Grund daf\u00fcr ist der tiefgreifende Strukturwandel hin zu einer technologie-affineren Wissensgesellschaft. Dabei \u00fcbersteigt die Nachfrage das Angebot: Es herrscht ein ausgepr\u00e4gter Mangel an MINT-Fachpersonen, der sich im Zuge des Generationenwechsels und des demografischen Wandels nun weiter [&hellip;]<\/p>\n","protected":false},"author":1,"featured_media":753,"comment_status":"open","ping_status":"open","sticky":false,"template":"","format":"standard","meta":{"_acf_changed":false,"_yoast_wpseo_focuskw":"MINT Fachkr\u00e4fte","_yoast_wpseo_metadesc":"Fachkr\u00e4fte in den Bereichen Mathematik, Informatik, Naturwissenschaften und Technik, kurz MINT, sind in der Schweiz stark nachgefragt.","articlekey":"","footnotes":""},"categories":[28],"tags":[334,335],"class_list":["post-752","post","type-post","status-publish","format-standard","has-post-thumbnail","hentry","category-management","tag-management","tag-management-und-unternehmensfuehrung"],"acf":[],"yoast_head":"<!-- This site is optimized with the Yoast SEO plugin v27.5 - https:\/\/yoast.com\/product\/yoast-seo-wordpress\/ -->\n<title>Was MINT-Fachkr\u00e4fte von ihren Arbeitgebern erwarten - Organisator<\/title>\n<meta name=\"description\" content=\"Fachkr\u00e4fte in den Bereichen Mathematik, Informatik, Naturwissenschaften und Technik, kurz MINT, sind in der Schweiz stark nachgefragt.\" \/>\n<meta name=\"robots\" content=\"index, follow, max-snippet:-1, max-image-preview:large, max-video-preview:-1\" \/>\n<link rel=\"canonical\" href=\"https:\/\/www.organisator.ch\/en\/management\/2016-06-17\/was-mint-fachkraefte-von-ihren-arbeitgebern-erwarten\/\" \/>\n<meta property=\"og:locale\" content=\"en_US\" \/>\n<meta property=\"og:type\" content=\"article\" \/>\n<meta property=\"og:title\" content=\"Was MINT-Fachkr\u00e4fte von ihren Arbeitgebern erwarten\" \/>\n<meta property=\"og:description\" content=\"Fachkr\u00e4fte in den Bereichen Mathematik, Informatik, Naturwissenschaften und Technik, kurz MINT, sind in der Schweiz stark nachgefragt. Was erwarten sie von ihren Arbeitgeberinnen und Arbeitgebern? Eine Studie der Hochschule Luzern und der Berner Fachhochschule zeigt: MINT-Fachkr\u00e4fte m\u00f6chten ihre Kompetenzen durch herausfordernde Fach- und Projektaufgaben weiterentwickeln, w\u00fcnschen eine partizipative F\u00fchrungskultur und flexible Arbeitsmodelle. Ihre Erwartungen werden aber oft nur unzureichend erf\u00fcllt.\" \/>\n<meta property=\"og:url\" content=\"https:\/\/www.organisator.ch\/en\/management\/2016-06-17\/was-mint-fachkraefte-von-ihren-arbeitgebern-erwarten\/\" \/>\n<meta property=\"og:site_name\" content=\"Organisator\" \/>\n<meta property=\"article:publisher\" content=\"https:\/\/www.facebook.com\/OrganisatorFachmagazin\" \/>\n<meta property=\"article:published_time\" content=\"2016-06-17T14:42:29+00:00\" \/>\n<meta name=\"author\" content=\"admin\" \/>\n<meta name=\"twitter:card\" content=\"summary_large_image\" \/>\n<meta name=\"twitter:image\" content=\"https:\/\/www.organisator.ch\/wp-content\/uploads\/2016\/12\/Was-MINT-Fachkraefte-von-ihren-Arbeitgebern-erwarten-organisator.jpg\" \/>\n<script type=\"application\/ld+json\" class=\"yoast-schema-graph\">{\"@context\":\"https:\\\/\\\/schema.org\",\"@graph\":[{\"@type\":\"Article\",\"@id\":\"https:\\\/\\\/www.organisator.ch\\\/management\\\/2016-06-17\\\/was-mint-fachkraefte-von-ihren-arbeitgebern-erwarten\\\/#article\",\"isPartOf\":{\"@id\":\"https:\\\/\\\/www.organisator.ch\\\/management\\\/2016-06-17\\\/was-mint-fachkraefte-von-ihren-arbeitgebern-erwarten\\\/\"},\"author\":{\"name\":\"admin\",\"@id\":\"https:\\\/\\\/www.organisator.ch\\\/#\\\/schema\\\/person\\\/aa2bace6c5c5aad60102004a50c4eb1c\"},\"headline\":\"Was MINT-Fachkr\u00e4fte von ihren Arbeitgebern erwarten\",\"datePublished\":\"2016-06-17T14:42:29+00:00\",\"mainEntityOfPage\":{\"@id\":\"https:\\\/\\\/www.organisator.ch\\\/management\\\/2016-06-17\\\/was-mint-fachkraefte-von-ihren-arbeitgebern-erwarten\\\/\"},\"wordCount\":678,\"commentCount\":0,\"publisher\":{\"@id\":\"https:\\\/\\\/www.organisator.ch\\\/#organization\"},\"image\":{\"@id\":\"https:\\\/\\\/www.organisator.ch\\\/management\\\/2016-06-17\\\/was-mint-fachkraefte-von-ihren-arbeitgebern-erwarten\\\/#primaryimage\"},\"thumbnailUrl\":\"https:\\\/\\\/www.organisator.ch\\\/wp-content\\\/uploads\\\/2016\\\/12\\\/Was-MINT-Fachkraefte-von-ihren-Arbeitgebern-erwarten-organisator.jpg\",\"keywords\":[\"Management\",\"Management und Unternehmensf\u00fchrung\"],\"articleSection\":[\"MANAGEMENT\"],\"inLanguage\":\"en-US\"},{\"@type\":\"WebPage\",\"@id\":\"https:\\\/\\\/www.organisator.ch\\\/management\\\/2016-06-17\\\/was-mint-fachkraefte-von-ihren-arbeitgebern-erwarten\\\/\",\"url\":\"https:\\\/\\\/www.organisator.ch\\\/management\\\/2016-06-17\\\/was-mint-fachkraefte-von-ihren-arbeitgebern-erwarten\\\/\",\"name\":\"Was MINT-Fachkr\u00e4fte von ihren Arbeitgebern erwarten - Organisator\",\"isPartOf\":{\"@id\":\"https:\\\/\\\/www.organisator.ch\\\/#website\"},\"primaryImageOfPage\":{\"@id\":\"https:\\\/\\\/www.organisator.ch\\\/management\\\/2016-06-17\\\/was-mint-fachkraefte-von-ihren-arbeitgebern-erwarten\\\/#primaryimage\"},\"image\":{\"@id\":\"https:\\\/\\\/www.organisator.ch\\\/management\\\/2016-06-17\\\/was-mint-fachkraefte-von-ihren-arbeitgebern-erwarten\\\/#primaryimage\"},\"thumbnailUrl\":\"https:\\\/\\\/www.organisator.ch\\\/wp-content\\\/uploads\\\/2016\\\/12\\\/Was-MINT-Fachkraefte-von-ihren-Arbeitgebern-erwarten-organisator.jpg\",\"datePublished\":\"2016-06-17T14:42:29+00:00\",\"description\":\"Fachkr\u00e4fte in den Bereichen Mathematik, Informatik, Naturwissenschaften und Technik, kurz MINT, sind in der Schweiz stark nachgefragt.\",\"breadcrumb\":{\"@id\":\"https:\\\/\\\/www.organisator.ch\\\/management\\\/2016-06-17\\\/was-mint-fachkraefte-von-ihren-arbeitgebern-erwarten\\\/#breadcrumb\"},\"inLanguage\":\"en-US\",\"potentialAction\":[{\"@type\":\"ReadAction\",\"target\":[\"https:\\\/\\\/www.organisator.ch\\\/management\\\/2016-06-17\\\/was-mint-fachkraefte-von-ihren-arbeitgebern-erwarten\\\/\"]}]},{\"@type\":\"ImageObject\",\"inLanguage\":\"en-US\",\"@id\":\"https:\\\/\\\/www.organisator.ch\\\/management\\\/2016-06-17\\\/was-mint-fachkraefte-von-ihren-arbeitgebern-erwarten\\\/#primaryimage\",\"url\":\"https:\\\/\\\/www.organisator.ch\\\/wp-content\\\/uploads\\\/2016\\\/12\\\/Was-MINT-Fachkraefte-von-ihren-Arbeitgebern-erwarten-organisator.jpg\",\"contentUrl\":\"https:\\\/\\\/www.organisator.ch\\\/wp-content\\\/uploads\\\/2016\\\/12\\\/Was-MINT-Fachkraefte-von-ihren-Arbeitgebern-erwarten-organisator.jpg\",\"width\":640,\"height\":416,\"caption\":\"Nicht gl\u00fccklich mit der Arbeitsstelle? Bei MINT-Fachkr\u00e4ften gem\u00e4ss einer Studie ist dies recht h\u00e4ufig der Fall. (Bild: Fotolia.com)\"},{\"@type\":\"BreadcrumbList\",\"@id\":\"https:\\\/\\\/www.organisator.ch\\\/management\\\/2016-06-17\\\/was-mint-fachkraefte-von-ihren-arbeitgebern-erwarten\\\/#breadcrumb\",\"itemListElement\":[{\"@type\":\"ListItem\",\"position\":1,\"name\":\"Home\",\"item\":\"https:\\\/\\\/www.organisator.ch\\\/\"},{\"@type\":\"ListItem\",\"position\":2,\"name\":\"Was MINT-Fachkr\u00e4fte von ihren Arbeitgebern erwarten\"}]},{\"@type\":\"WebSite\",\"@id\":\"https:\\\/\\\/www.organisator.ch\\\/#website\",\"url\":\"https:\\\/\\\/www.organisator.ch\\\/\",\"name\":\"Organisator\",\"description\":\"Kompetent. Praxisnah. Der ORGANISATOR bereitet in 10 Ausgaben pro Jahr die wesentlichen Themen f\u00fcr F\u00fchrungskr\u00e4fte von KMU auf.\",\"publisher\":{\"@id\":\"https:\\\/\\\/www.organisator.ch\\\/#organization\"},\"potentialAction\":[{\"@type\":\"SearchAction\",\"target\":{\"@type\":\"EntryPoint\",\"urlTemplate\":\"https:\\\/\\\/www.organisator.ch\\\/?s={search_term_string}\"},\"query-input\":{\"@type\":\"PropertyValueSpecification\",\"valueRequired\":true,\"valueName\":\"search_term_string\"}}],\"inLanguage\":\"en-US\"},{\"@type\":\"Organization\",\"@id\":\"https:\\\/\\\/www.organisator.ch\\\/#organization\",\"name\":\"Organisator\",\"url\":\"https:\\\/\\\/www.organisator.ch\\\/\",\"logo\":{\"@type\":\"ImageObject\",\"inLanguage\":\"en-US\",\"@id\":\"https:\\\/\\\/www.organisator.ch\\\/#\\\/schema\\\/logo\\\/image\\\/\",\"url\":\"https:\\\/\\\/www.organisator.ch\\\/wp-content\\\/uploads\\\/2022\\\/01\\\/Logo_Organisator_Website.png\",\"contentUrl\":\"https:\\\/\\\/www.organisator.ch\\\/wp-content\\\/uploads\\\/2022\\\/01\\\/Logo_Organisator_Website.png\",\"width\":800,\"height\":77,\"caption\":\"Organisator\"},\"image\":{\"@id\":\"https:\\\/\\\/www.organisator.ch\\\/#\\\/schema\\\/logo\\\/image\\\/\"},\"sameAs\":[\"https:\\\/\\\/www.facebook.com\\\/OrganisatorFachmagazin\",\"https:\\\/\\\/www.linkedin.com\\\/showcase\\\/organisator-das-magazin-fr-kmu\",\"https:\\\/\\\/www.xing.com\\\/news\\\/pages\\\/organisator-ch-695\",\"https:\\\/\\\/www.youtube.com\\\/channel\\\/UCGP2Sq0iWaZwT3BdIAQFYpw\"]},{\"@type\":\"Person\",\"@id\":\"https:\\\/\\\/www.organisator.ch\\\/#\\\/schema\\\/person\\\/aa2bace6c5c5aad60102004a50c4eb1c\",\"name\":\"admin\",\"image\":{\"@type\":\"ImageObject\",\"inLanguage\":\"en-US\",\"@id\":\"https:\\\/\\\/secure.gravatar.com\\\/avatar\\\/ae2f4d718e6c49043e314ce431e7e645d646302a24a5ef5a8bc8e3f5a032e319?s=96&d=mm&r=g\",\"url\":\"https:\\\/\\\/secure.gravatar.com\\\/avatar\\\/ae2f4d718e6c49043e314ce431e7e645d646302a24a5ef5a8bc8e3f5a032e319?s=96&d=mm&r=g\",\"contentUrl\":\"https:\\\/\\\/secure.gravatar.com\\\/avatar\\\/ae2f4d718e6c49043e314ce431e7e645d646302a24a5ef5a8bc8e3f5a032e319?s=96&d=mm&r=g\",\"caption\":\"admin\"},\"sameAs\":[\"https:\\\/\\\/www.organisator.ch\"],\"url\":\"https:\\\/\\\/www.organisator.ch\\\/en\\\/author\\\/admin\\\/\"}]}<\/script>\n<!-- \/ Yoast SEO plugin. -->","yoast_head_json":{"title":"What STEM professionals expect from their employers - Organizer.","description":"Specialists in the fields of mathematics, information technology, natural sciences and technology, or MINT for short, are in high demand in Switzerland.","robots":{"index":"index","follow":"follow","max-snippet":"max-snippet:-1","max-image-preview":"max-image-preview:large","max-video-preview":"max-video-preview:-1"},"canonical":"https:\/\/www.organisator.ch\/en\/management\/2016-06-17\/was-mint-fachkraefte-von-ihren-arbeitgebern-erwarten\/","og_locale":"en_US","og_type":"article","og_title":"Was MINT-Fachkr\u00e4fte von ihren Arbeitgebern erwarten","og_description":"Fachkr\u00e4fte in den Bereichen Mathematik, Informatik, Naturwissenschaften und Technik, kurz MINT, sind in der Schweiz stark nachgefragt. Was erwarten sie von ihren Arbeitgeberinnen und Arbeitgebern? Eine Studie der Hochschule Luzern und der Berner Fachhochschule zeigt: MINT-Fachkr\u00e4fte m\u00f6chten ihre Kompetenzen durch herausfordernde Fach- und Projektaufgaben weiterentwickeln, w\u00fcnschen eine partizipative F\u00fchrungskultur und flexible Arbeitsmodelle. Ihre Erwartungen werden aber oft nur unzureichend erf\u00fcllt.","og_url":"https:\/\/www.organisator.ch\/en\/management\/2016-06-17\/was-mint-fachkraefte-von-ihren-arbeitgebern-erwarten\/","og_site_name":"Organisator","article_publisher":"https:\/\/www.facebook.com\/OrganisatorFachmagazin","article_published_time":"2016-06-17T14:42:29+00:00","author":"admin","twitter_card":"summary_large_image","twitter_image":"https:\/\/www.organisator.ch\/wp-content\/uploads\/2016\/12\/Was-MINT-Fachkraefte-von-ihren-Arbeitgebern-erwarten-organisator.jpg","schema":{"@context":"https:\/\/schema.org","@graph":[{"@type":"Article","@id":"https:\/\/www.organisator.ch\/management\/2016-06-17\/was-mint-fachkraefte-von-ihren-arbeitgebern-erwarten\/#article","isPartOf":{"@id":"https:\/\/www.organisator.ch\/management\/2016-06-17\/was-mint-fachkraefte-von-ihren-arbeitgebern-erwarten\/"},"author":{"name":"admin","@id":"https:\/\/www.organisator.ch\/#\/schema\/person\/aa2bace6c5c5aad60102004a50c4eb1c"},"headline":"Was MINT-Fachkr\u00e4fte von ihren Arbeitgebern erwarten","datePublished":"2016-06-17T14:42:29+00:00","mainEntityOfPage":{"@id":"https:\/\/www.organisator.ch\/management\/2016-06-17\/was-mint-fachkraefte-von-ihren-arbeitgebern-erwarten\/"},"wordCount":678,"commentCount":0,"publisher":{"@id":"https:\/\/www.organisator.ch\/#organization"},"image":{"@id":"https:\/\/www.organisator.ch\/management\/2016-06-17\/was-mint-fachkraefte-von-ihren-arbeitgebern-erwarten\/#primaryimage"},"thumbnailUrl":"https:\/\/www.organisator.ch\/wp-content\/uploads\/2016\/12\/Was-MINT-Fachkraefte-von-ihren-Arbeitgebern-erwarten-organisator.jpg","keywords":["Management","Management und Unternehmensf\u00fchrung"],"articleSection":["MANAGEMENT"],"inLanguage":"en-US"},{"@type":"WebPage","@id":"https:\/\/www.organisator.ch\/management\/2016-06-17\/was-mint-fachkraefte-von-ihren-arbeitgebern-erwarten\/","url":"https:\/\/www.organisator.ch\/management\/2016-06-17\/was-mint-fachkraefte-von-ihren-arbeitgebern-erwarten\/","name":"What STEM professionals expect from their employers - Organizer.","isPartOf":{"@id":"https:\/\/www.organisator.ch\/#website"},"primaryImageOfPage":{"@id":"https:\/\/www.organisator.ch\/management\/2016-06-17\/was-mint-fachkraefte-von-ihren-arbeitgebern-erwarten\/#primaryimage"},"image":{"@id":"https:\/\/www.organisator.ch\/management\/2016-06-17\/was-mint-fachkraefte-von-ihren-arbeitgebern-erwarten\/#primaryimage"},"thumbnailUrl":"https:\/\/www.organisator.ch\/wp-content\/uploads\/2016\/12\/Was-MINT-Fachkraefte-von-ihren-Arbeitgebern-erwarten-organisator.jpg","datePublished":"2016-06-17T14:42:29+00:00","description":"Specialists in the fields of mathematics, information technology, natural sciences and technology, or MINT for short, are in high demand in Switzerland.","breadcrumb":{"@id":"https:\/\/www.organisator.ch\/management\/2016-06-17\/was-mint-fachkraefte-von-ihren-arbeitgebern-erwarten\/#breadcrumb"},"inLanguage":"en-US","potentialAction":[{"@type":"ReadAction","target":["https:\/\/www.organisator.ch\/management\/2016-06-17\/was-mint-fachkraefte-von-ihren-arbeitgebern-erwarten\/"]}]},{"@type":"ImageObject","inLanguage":"en-US","@id":"https:\/\/www.organisator.ch\/management\/2016-06-17\/was-mint-fachkraefte-von-ihren-arbeitgebern-erwarten\/#primaryimage","url":"https:\/\/www.organisator.ch\/wp-content\/uploads\/2016\/12\/Was-MINT-Fachkraefte-von-ihren-Arbeitgebern-erwarten-organisator.jpg","contentUrl":"https:\/\/www.organisator.ch\/wp-content\/uploads\/2016\/12\/Was-MINT-Fachkraefte-von-ihren-Arbeitgebern-erwarten-organisator.jpg","width":640,"height":416,"caption":"Nicht gl\u00fccklich mit der Arbeitsstelle? Bei MINT-Fachkr\u00e4ften gem\u00e4ss einer Studie ist dies recht h\u00e4ufig der Fall. (Bild: Fotolia.com)"},{"@type":"BreadcrumbList","@id":"https:\/\/www.organisator.ch\/management\/2016-06-17\/was-mint-fachkraefte-von-ihren-arbeitgebern-erwarten\/#breadcrumb","itemListElement":[{"@type":"ListItem","position":1,"name":"Home","item":"https:\/\/www.organisator.ch\/"},{"@type":"ListItem","position":2,"name":"Was MINT-Fachkr\u00e4fte von ihren Arbeitgebern erwarten"}]},{"@type":"WebSite","@id":"https:\/\/www.organisator.ch\/#website","url":"https:\/\/www.organisator.ch\/","name":"Organizer","description":"Competent. Practical. In 10 issues per year, ORGANISATOR presents the essential topics for managers of SMEs.","publisher":{"@id":"https:\/\/www.organisator.ch\/#organization"},"potentialAction":[{"@type":"SearchAction","target":{"@type":"EntryPoint","urlTemplate":"https:\/\/www.organisator.ch\/?s={search_term_string}"},"query-input":{"@type":"PropertyValueSpecification","valueRequired":true,"valueName":"search_term_string"}}],"inLanguage":"en-US"},{"@type":"Organization","@id":"https:\/\/www.organisator.ch\/#organization","name":"Organizer","url":"https:\/\/www.organisator.ch\/","logo":{"@type":"ImageObject","inLanguage":"en-US","@id":"https:\/\/www.organisator.ch\/#\/schema\/logo\/image\/","url":"https:\/\/www.organisator.ch\/wp-content\/uploads\/2022\/01\/Logo_Organisator_Website.png","contentUrl":"https:\/\/www.organisator.ch\/wp-content\/uploads\/2022\/01\/Logo_Organisator_Website.png","width":800,"height":77,"caption":"Organisator"},"image":{"@id":"https:\/\/www.organisator.ch\/#\/schema\/logo\/image\/"},"sameAs":["https:\/\/www.facebook.com\/OrganisatorFachmagazin","https:\/\/www.linkedin.com\/showcase\/organisator-das-magazin-fr-kmu","https:\/\/www.xing.com\/news\/pages\/organisator-ch-695","https:\/\/www.youtube.com\/channel\/UCGP2Sq0iWaZwT3BdIAQFYpw"]},{"@type":"Person","@id":"https:\/\/www.organisator.ch\/#\/schema\/person\/aa2bace6c5c5aad60102004a50c4eb1c","name":"admin","image":{"@type":"ImageObject","inLanguage":"en-US","@id":"https:\/\/secure.gravatar.com\/avatar\/ae2f4d718e6c49043e314ce431e7e645d646302a24a5ef5a8bc8e3f5a032e319?s=96&d=mm&r=g","url":"https:\/\/secure.gravatar.com\/avatar\/ae2f4d718e6c49043e314ce431e7e645d646302a24a5ef5a8bc8e3f5a032e319?s=96&d=mm&r=g","contentUrl":"https:\/\/secure.gravatar.com\/avatar\/ae2f4d718e6c49043e314ce431e7e645d646302a24a5ef5a8bc8e3f5a032e319?s=96&d=mm&r=g","caption":"admin"},"sameAs":["https:\/\/www.organisator.ch"],"url":"https:\/\/www.organisator.ch\/en\/author\/admin\/"}]}},"_links":{"self":[{"href":"https:\/\/www.organisator.ch\/en\/wp-json\/wp\/v2\/posts\/752","targetHints":{"allow":["GET"]}}],"collection":[{"href":"https:\/\/www.organisator.ch\/en\/wp-json\/wp\/v2\/posts"}],"about":[{"href":"https:\/\/www.organisator.ch\/en\/wp-json\/wp\/v2\/types\/post"}],"author":[{"embeddable":true,"href":"https:\/\/www.organisator.ch\/en\/wp-json\/wp\/v2\/users\/1"}],"replies":[{"embeddable":true,"href":"https:\/\/www.organisator.ch\/en\/wp-json\/wp\/v2\/comments?post=752"}],"version-history":[{"count":0,"href":"https:\/\/www.organisator.ch\/en\/wp-json\/wp\/v2\/posts\/752\/revisions"}],"wp:featuredmedia":[{"embeddable":true,"href":"https:\/\/www.organisator.ch\/en\/wp-json\/wp\/v2\/media\/753"}],"wp:attachment":[{"href":"https:\/\/www.organisator.ch\/en\/wp-json\/wp\/v2\/media?parent=752"}],"wp:term":[{"taxonomy":"category","embeddable":true,"href":"https:\/\/www.organisator.ch\/en\/wp-json\/wp\/v2\/categories?post=752"},{"taxonomy":"post_tag","embeddable":true,"href":"https:\/\/www.organisator.ch\/en\/wp-json\/wp\/v2\/tags?post=752"}],"curies":[{"name":"wp","href":"https:\/\/api.w.org\/{rel}","templated":true}]}}