{"id":7525,"date":"2021-01-14T14:02:00","date_gmt":"2021-01-14T13:02:00","guid":{"rendered":"https:\/\/www.organisator.ch\/?p=7525"},"modified":"2021-01-14T14:02:00","modified_gmt":"2021-01-14T13:02:00","slug":"cloud-trends-2021-wo-stehen-schweizer-unternehmen","status":"publish","type":"post","link":"https:\/\/www.organisator.ch\/en\/management\/it\/2021-01-14\/cloud-trends-2021-wo-stehen-schweizer-unternehmen\/","title":{"rendered":"Cloud Trends 2021: Where do Swiss companies stand?"},"content":{"rendered":"<figure id=\"attachment_7526\" aria-describedby=\"caption-attachment-7526\" style=\"width: 680px\" class=\"wp-caption alignnone\"><img loading=\"lazy\" decoding=\"async\" class=\"size-medium wp-image-7526\" src=\"https:\/\/www.organisator.ch\/wp-content\/uploads\/2021\/01\/Cloud-Trends-2021-Wo-stehen-Schweizer-Unternehmen_Organisator.jpg\" alt=\"\" width=\"680\" height=\"453\" srcset=\"https:\/\/www.organisator.ch\/wp-content\/uploads\/2021\/01\/Cloud-Trends-2021-Wo-stehen-Schweizer-Unternehmen_Organisator.jpg 680w, https:\/\/www.organisator.ch\/wp-content\/uploads\/2021\/01\/Cloud-Trends-2021-Wo-stehen-Schweizer-Unternehmen_Organisator-16x12.jpg 16w, https:\/\/www.organisator.ch\/wp-content\/uploads\/2021\/01\/Cloud-Trends-2021-Wo-stehen-Schweizer-Unternehmen_Organisator-263x175.jpg 263w, https:\/\/www.organisator.ch\/wp-content\/uploads\/2021\/01\/Cloud-Trends-2021-Wo-stehen-Schweizer-Unternehmen_Organisator-525x350.jpg 525w, https:\/\/www.organisator.ch\/wp-content\/uploads\/2021\/01\/Cloud-Trends-2021-Wo-stehen-Schweizer-Unternehmen_Organisator-300x200.jpg 300w\" sizes=\"auto, (max-width: 680px) 100vw, 680px\" \/><figcaption id=\"caption-attachment-7526\" class=\"wp-caption-text\">Where to put all the data? And to which cloud? The \"Cloud Trends 2021\" study by Interxion surveyed 150 IT decision-makers in Switzerland on this issue. (Image: Pixabay.com)<\/figcaption><\/figure>\n<p>The \"Cloud Trends 2021\" study was conducted in 2020 for the second time with a total of 150 Swiss IT decision-makers. Their responses only partially confirmed the predictions they had made in 2018: from the on-premise focus in 2018 (47.7 % of Swiss respondents store their data in on-premise solutions - either in their own data center or in a private cloud), data actually migrated towards the public cloud by 2020, albeit only half as fast as expected.<\/p>\n<h2>Cloud Trends 2021: Public cloud share will continue to grow<\/h2>\n<p>By the end of 2020, more than half of Swiss IT decision-makers wanted to outsource 51.4 % of their data to the public cloud in 2018; in fact, their own data center still accounts for 39.4 % and public clouds for only 45%. The colocation share increased from 12 % to 13.2 % percent since 2018. Overall, it can be observed that the migration of data to the cloud is only happening half as fast as in the past.<br \/>\nas expected by Swiss decision-makers in 2018.<\/p>\n<p>For 2022, respondents expect the following picture when it comes to application location: public clouds 55.4 % (+16 %), colocation 12.9 % (-0.3 % and own data center 27.4 % (-12 %)x - so the big push into clouds has been delayed by 2 years.<\/p>\n<h2>Applications that stay close<\/h2>\n<p>However, not all data migrates to the same infrastructure. Four groups can be distinguished. The first group comprises the applications that remain in the vicinity: For ERP, CRM, supply chain management and storage, a migration towards the cloud is discernible. In 2018, up to three quarters of the data load is still in the company's own data center. By the end of 2020, they have already been distributed much more strongly to colocation and public cloud solutions, albeit much less strongly than expected. The cloud share is currently 26.4 % on average. Business-relevant data does not need to be scaled quickly, and security and direct access are also important. For<br \/>\nHowever, by 2022, over 50 % of these critical applications are expected to be sourced from the public cloud.<\/p>\n<h2>The localists<\/h2>\n<p>The second group can be called the localists: HR, marketing automation and backup were already strongly represented in the public cloud in 2018. In the case of HR applications, 56.7 % of respondents will be using the public cloud at the end of 2020 (+15 %), marketing automation 73.3 % (+9.2 %) and backup 44.2 % (+2.3 %). The reason: here it is a matter of flexible access and secured performance. In the area of marketing automation, the data must also be easily available to external partners and service providers. For HR and marketing automation, stagnation is expected up to 2022, while the cloud share for backup is expected to grow by 20 %.<\/p>\n<h2>The cloud mixed models<\/h2>\n<p>For database applications, a broad spread across deployment models was expected in 2018. This has not materialized by the end of 2020 and own data centers continue to dominate here. Everything from the private cloud in the company's own data center to the hyperscaler is in use here. In this application group, it depends on the industry and the specific data handled in each case which infrastructure offers the most advantages.<\/p>\n<h2>Your own data center deserted? Not as fast as expected!<\/h2>\n<p>In 2018, Swiss decision-makers expected a large migration to the cloud. But instead of only 26.3 % of all applications, 39.4 % will still be operated as a monolithic application or in a private cloud in their own data center at the end of 2020. The resilience of the own data center is particularly well demonstrated by the Development\/Testing area, for which 85 % public cloud shares were expected in 2018. Instead, the real shares at the end of 2020 show that there has been no more significant shift to the public cloud. The area even declines slightly from 72 % to 71 %.<\/p>\n<h2>2020: The multi-cloud world<\/h2>\n<p>The study shows that the trend toward multi-cloud is continuing or has solidified. As early as 2018, 60 % of the decision-makers surveyed reported that they use up to five service providers for Infrastructure-as-a-Service and Platform-as-a-Service. By the end of 2020, 64.7 percent said they were already using up to 10 cloud providers. Here, the focus has clearly shifted towards diversity.<\/p>\n<h2>Cloud Connectivity Hubs are the interface to all infrastructures<\/h2>\n<p>IT decision-makers looking for the right infrastructure for their future business success will find the best location in so-called Cloud Connectivity Hubs. There, they can operate their own private clouds securely and efficiently, but also have secure, high-performance access to hyperscalers and local public clouds through the colocation location. In this way, hybrid clouds can be set up efficiently. This is also shown by the growth of colocation as a deployment model from 12 % to 13.6 %.<\/p>\n<p><em>Source: <a href=\"http:\/\/www.interxion.com\">Interxion<\/a><\/em><\/p>","protected":false},"excerpt":{"rendered":"<p>Die Studie \u00abCloud Trends 2021\u00bb wurde 2020 zum zweiten Mal mit insgesamt 150 Schweizer IT-Entscheidern durchgef\u00fchrt. Ihre Antworten best\u00e4tigen die Prognosen, die sie 2018 gemacht hatten, nur zum Teil: Vom On-Premise-Schwerpunkt in 2018 (47,7 % der Schweizer Befragten lagern ihre Daten in On-Premise- L\u00f6sungen \u2013 entweder im eigenen Rechenzentrum oder in einer Private Cloud) wanderten [&hellip;]<\/p>\n","protected":false},"author":4,"featured_media":7526,"comment_status":"closed","ping_status":"closed","sticky":false,"template":"","format":"standard","meta":{"_acf_changed":false,"_yoast_wpseo_focuskw":"Cloud Trends","_yoast_wpseo_metadesc":"Wo stehen Schweizer Unternehmen auf dem Weg in die Cloud? Eine neue Studie vermittelt Einsicht in die Cloud Trends f\u00fcr das Jahr 2021 und dar\u00fcber hinaus.","articlekey":"","footnotes":""},"categories":[27],"tags":[123,286,459],"class_list":["post-7525","post","type-post","status-publish","format-standard","has-post-thumbnail","hentry","category-it","tag-cloud-computing","tag-it","tag-studie"],"acf":[],"yoast_head":"<!-- This site is optimized with the Yoast SEO plugin v27.5 - https:\/\/yoast.com\/product\/yoast-seo-wordpress\/ -->\n<title>Cloud Trends 2021: Wo stehen Schweizer Unternehmen? - Organisator<\/title>\n<meta name=\"description\" content=\"Wo stehen Schweizer Unternehmen auf dem Weg in die Cloud? Eine neue Studie vermittelt Einsicht in die Cloud Trends f\u00fcr das Jahr 2021 und dar\u00fcber hinaus.\" \/>\n<meta name=\"robots\" content=\"index, follow, max-snippet:-1, max-image-preview:large, max-video-preview:-1\" \/>\n<link rel=\"canonical\" href=\"https:\/\/www.organisator.ch\/en\/management\/it\/2021-01-14\/cloud-trends-2021-wo-stehen-schweizer-unternehmen\/\" \/>\n<meta property=\"og:locale\" content=\"en_US\" \/>\n<meta property=\"og:type\" content=\"article\" \/>\n<meta property=\"og:title\" content=\"Cloud Trends 2021: Wo stehen Schweizer Unternehmen?\" \/>\n<meta property=\"og:description\" content=\"Wo stehen Schweizer Unternehmen auf dem Weg in die Cloud? Eine neue Studie vermittelt Einsicht in die Cloud Trends f\u00fcr das Jahr 2021 und dar\u00fcber hinaus.\" \/>\n<meta property=\"og:url\" content=\"https:\/\/www.organisator.ch\/en\/management\/it\/2021-01-14\/cloud-trends-2021-wo-stehen-schweizer-unternehmen\/\" \/>\n<meta property=\"og:site_name\" content=\"Organisator\" \/>\n<meta property=\"article:publisher\" content=\"https:\/\/www.facebook.com\/OrganisatorFachmagazin\" \/>\n<meta property=\"article:published_time\" content=\"2021-01-14T13:02:00+00:00\" \/>\n<meta property=\"og:image\" content=\"https:\/\/www.organisator.ch\/wp-content\/uploads\/2021\/01\/Cloud-Trends-2021-Wo-stehen-Schweizer-Unternehmen_Organisator.jpg\" \/>\n\t<meta property=\"og:image:width\" content=\"680\" \/>\n\t<meta property=\"og:image:height\" content=\"453\" \/>\n\t<meta property=\"og:image:type\" content=\"image\/jpeg\" \/>\n<meta name=\"author\" content=\"thomas.berner\" \/>\n<meta name=\"twitter:card\" content=\"summary_large_image\" \/>\n<meta name=\"twitter:title\" content=\"#CloudTrends 2021: Wo stehen Schweizer Unternehmen?\" \/>\n<meta name=\"twitter:description\" content=\"Wo stehen Schweizer Unternehmen auf dem Weg in die #Cloud? Eine neue Studie vermittelt Einsicht in die Cloud Trends f\u00fcr das Jahr 2021 und dar\u00fcber hinaus.\" \/>\n<meta name=\"twitter:image\" content=\"https:\/\/www.organisator.ch\/wp-content\/uploads\/2021\/01\/Cloud-Trends-2021-Wo-stehen-Schweizer-Unternehmen_Organisator.jpg\" \/>\n<script type=\"application\/ld+json\" class=\"yoast-schema-graph\">{\"@context\":\"https:\\\/\\\/schema.org\",\"@graph\":[{\"@type\":\"Article\",\"@id\":\"https:\\\/\\\/www.organisator.ch\\\/management\\\/it\\\/2021-01-14\\\/cloud-trends-2021-wo-stehen-schweizer-unternehmen\\\/#article\",\"isPartOf\":{\"@id\":\"https:\\\/\\\/www.organisator.ch\\\/management\\\/it\\\/2021-01-14\\\/cloud-trends-2021-wo-stehen-schweizer-unternehmen\\\/\"},\"author\":{\"name\":\"thomas.berner\",\"@id\":\"https:\\\/\\\/www.organisator.ch\\\/#\\\/schema\\\/person\\\/6f650f90b2842cd4c0cc334b4e36f67e\"},\"headline\":\"Cloud Trends 2021: Wo stehen Schweizer Unternehmen?\",\"datePublished\":\"2021-01-14T13:02:00+00:00\",\"mainEntityOfPage\":{\"@id\":\"https:\\\/\\\/www.organisator.ch\\\/management\\\/it\\\/2021-01-14\\\/cloud-trends-2021-wo-stehen-schweizer-unternehmen\\\/\"},\"wordCount\":704,\"publisher\":{\"@id\":\"https:\\\/\\\/www.organisator.ch\\\/#organization\"},\"image\":{\"@id\":\"https:\\\/\\\/www.organisator.ch\\\/management\\\/it\\\/2021-01-14\\\/cloud-trends-2021-wo-stehen-schweizer-unternehmen\\\/#primaryimage\"},\"thumbnailUrl\":\"https:\\\/\\\/www.organisator.ch\\\/wp-content\\\/uploads\\\/2021\\\/01\\\/Cloud-Trends-2021-Wo-stehen-Schweizer-Unternehmen_Organisator.jpg\",\"keywords\":[\"Cloud Computing\",\"IT\",\"Studie\"],\"articleSection\":[\"IT\"],\"inLanguage\":\"en-US\"},{\"@type\":\"WebPage\",\"@id\":\"https:\\\/\\\/www.organisator.ch\\\/management\\\/it\\\/2021-01-14\\\/cloud-trends-2021-wo-stehen-schweizer-unternehmen\\\/\",\"url\":\"https:\\\/\\\/www.organisator.ch\\\/management\\\/it\\\/2021-01-14\\\/cloud-trends-2021-wo-stehen-schweizer-unternehmen\\\/\",\"name\":\"Cloud Trends 2021: Wo stehen Schweizer Unternehmen? - Organisator\",\"isPartOf\":{\"@id\":\"https:\\\/\\\/www.organisator.ch\\\/#website\"},\"primaryImageOfPage\":{\"@id\":\"https:\\\/\\\/www.organisator.ch\\\/management\\\/it\\\/2021-01-14\\\/cloud-trends-2021-wo-stehen-schweizer-unternehmen\\\/#primaryimage\"},\"image\":{\"@id\":\"https:\\\/\\\/www.organisator.ch\\\/management\\\/it\\\/2021-01-14\\\/cloud-trends-2021-wo-stehen-schweizer-unternehmen\\\/#primaryimage\"},\"thumbnailUrl\":\"https:\\\/\\\/www.organisator.ch\\\/wp-content\\\/uploads\\\/2021\\\/01\\\/Cloud-Trends-2021-Wo-stehen-Schweizer-Unternehmen_Organisator.jpg\",\"datePublished\":\"2021-01-14T13:02:00+00:00\",\"description\":\"Wo stehen Schweizer Unternehmen auf dem Weg in die Cloud? Eine neue Studie vermittelt Einsicht in die Cloud Trends f\u00fcr das Jahr 2021 und dar\u00fcber hinaus.\",\"breadcrumb\":{\"@id\":\"https:\\\/\\\/www.organisator.ch\\\/management\\\/it\\\/2021-01-14\\\/cloud-trends-2021-wo-stehen-schweizer-unternehmen\\\/#breadcrumb\"},\"inLanguage\":\"en-US\",\"potentialAction\":[{\"@type\":\"ReadAction\",\"target\":[\"https:\\\/\\\/www.organisator.ch\\\/management\\\/it\\\/2021-01-14\\\/cloud-trends-2021-wo-stehen-schweizer-unternehmen\\\/\"]}]},{\"@type\":\"ImageObject\",\"inLanguage\":\"en-US\",\"@id\":\"https:\\\/\\\/www.organisator.ch\\\/management\\\/it\\\/2021-01-14\\\/cloud-trends-2021-wo-stehen-schweizer-unternehmen\\\/#primaryimage\",\"url\":\"https:\\\/\\\/www.organisator.ch\\\/wp-content\\\/uploads\\\/2021\\\/01\\\/Cloud-Trends-2021-Wo-stehen-Schweizer-Unternehmen_Organisator.jpg\",\"contentUrl\":\"https:\\\/\\\/www.organisator.ch\\\/wp-content\\\/uploads\\\/2021\\\/01\\\/Cloud-Trends-2021-Wo-stehen-Schweizer-Unternehmen_Organisator.jpg\",\"width\":680,\"height\":453,\"caption\":\"Wohin mit allen Daten? Und in welche Cloud? Die Studie \\\"Cloud Trends 2021\\\" von Interxion hat dazu 150 IT-Entscheider in der Schweiz befragt. (Bild: Pixabay.com)\"},{\"@type\":\"BreadcrumbList\",\"@id\":\"https:\\\/\\\/www.organisator.ch\\\/management\\\/it\\\/2021-01-14\\\/cloud-trends-2021-wo-stehen-schweizer-unternehmen\\\/#breadcrumb\",\"itemListElement\":[{\"@type\":\"ListItem\",\"position\":1,\"name\":\"Home\",\"item\":\"https:\\\/\\\/www.organisator.ch\\\/\"},{\"@type\":\"ListItem\",\"position\":2,\"name\":\"Cloud Trends 2021: Wo stehen Schweizer Unternehmen?\"}]},{\"@type\":\"WebSite\",\"@id\":\"https:\\\/\\\/www.organisator.ch\\\/#website\",\"url\":\"https:\\\/\\\/www.organisator.ch\\\/\",\"name\":\"Organisator\",\"description\":\"Kompetent. Praxisnah. Der ORGANISATOR bereitet in 10 Ausgaben pro Jahr die wesentlichen Themen f\u00fcr F\u00fchrungskr\u00e4fte von KMU auf.\",\"publisher\":{\"@id\":\"https:\\\/\\\/www.organisator.ch\\\/#organization\"},\"potentialAction\":[{\"@type\":\"SearchAction\",\"target\":{\"@type\":\"EntryPoint\",\"urlTemplate\":\"https:\\\/\\\/www.organisator.ch\\\/?s={search_term_string}\"},\"query-input\":{\"@type\":\"PropertyValueSpecification\",\"valueRequired\":true,\"valueName\":\"search_term_string\"}}],\"inLanguage\":\"en-US\"},{\"@type\":\"Organization\",\"@id\":\"https:\\\/\\\/www.organisator.ch\\\/#organization\",\"name\":\"Organisator\",\"url\":\"https:\\\/\\\/www.organisator.ch\\\/\",\"logo\":{\"@type\":\"ImageObject\",\"inLanguage\":\"en-US\",\"@id\":\"https:\\\/\\\/www.organisator.ch\\\/#\\\/schema\\\/logo\\\/image\\\/\",\"url\":\"https:\\\/\\\/www.organisator.ch\\\/wp-content\\\/uploads\\\/2022\\\/01\\\/Logo_Organisator_Website.png\",\"contentUrl\":\"https:\\\/\\\/www.organisator.ch\\\/wp-content\\\/uploads\\\/2022\\\/01\\\/Logo_Organisator_Website.png\",\"width\":800,\"height\":77,\"caption\":\"Organisator\"},\"image\":{\"@id\":\"https:\\\/\\\/www.organisator.ch\\\/#\\\/schema\\\/logo\\\/image\\\/\"},\"sameAs\":[\"https:\\\/\\\/www.facebook.com\\\/OrganisatorFachmagazin\",\"https:\\\/\\\/www.linkedin.com\\\/showcase\\\/organisator-das-magazin-fr-kmu\",\"https:\\\/\\\/www.xing.com\\\/news\\\/pages\\\/organisator-ch-695\",\"https:\\\/\\\/www.youtube.com\\\/channel\\\/UCGP2Sq0iWaZwT3BdIAQFYpw\"]},{\"@type\":\"Person\",\"@id\":\"https:\\\/\\\/www.organisator.ch\\\/#\\\/schema\\\/person\\\/6f650f90b2842cd4c0cc334b4e36f67e\",\"name\":\"thomas.berner\",\"image\":{\"@type\":\"ImageObject\",\"inLanguage\":\"en-US\",\"@id\":\"https:\\\/\\\/secure.gravatar.com\\\/avatar\\\/ac5001d2a36cb6c6cd3e50789007ffca834b477b74a2144564522e944eabff61?s=96&d=mm&r=g\",\"url\":\"https:\\\/\\\/secure.gravatar.com\\\/avatar\\\/ac5001d2a36cb6c6cd3e50789007ffca834b477b74a2144564522e944eabff61?s=96&d=mm&r=g\",\"contentUrl\":\"https:\\\/\\\/secure.gravatar.com\\\/avatar\\\/ac5001d2a36cb6c6cd3e50789007ffca834b477b74a2144564522e944eabff61?s=96&d=mm&r=g\",\"caption\":\"thomas.berner\"},\"url\":\"https:\\\/\\\/www.organisator.ch\\\/en\\\/author\\\/thomas-berner\\\/\"}]}<\/script>\n<!-- \/ Yoast SEO plugin. -->","yoast_head_json":{"title":"Cloud Trends 2021: Where do Swiss companies stand? - Organizer","description":"Where do Swiss companies stand on the way to the cloud? A new study provides insight into cloud trends for 2021 and beyond.","robots":{"index":"index","follow":"follow","max-snippet":"max-snippet:-1","max-image-preview":"max-image-preview:large","max-video-preview":"max-video-preview:-1"},"canonical":"https:\/\/www.organisator.ch\/en\/management\/it\/2021-01-14\/cloud-trends-2021-wo-stehen-schweizer-unternehmen\/","og_locale":"en_US","og_type":"article","og_title":"Cloud Trends 2021: Wo stehen Schweizer Unternehmen?","og_description":"Wo stehen Schweizer Unternehmen auf dem Weg in die Cloud? Eine neue Studie vermittelt Einsicht in die Cloud Trends f\u00fcr das Jahr 2021 und dar\u00fcber hinaus.","og_url":"https:\/\/www.organisator.ch\/en\/management\/it\/2021-01-14\/cloud-trends-2021-wo-stehen-schweizer-unternehmen\/","og_site_name":"Organisator","article_publisher":"https:\/\/www.facebook.com\/OrganisatorFachmagazin","article_published_time":"2021-01-14T13:02:00+00:00","og_image":[{"width":680,"height":453,"url":"https:\/\/www.organisator.ch\/wp-content\/uploads\/2021\/01\/Cloud-Trends-2021-Wo-stehen-Schweizer-Unternehmen_Organisator.jpg","type":"image\/jpeg"}],"author":"thomas.berner","twitter_card":"summary_large_image","twitter_title":"#CloudTrends 2021: Wo stehen Schweizer Unternehmen?","twitter_description":"Wo stehen Schweizer Unternehmen auf dem Weg in die #Cloud? Eine neue Studie vermittelt Einsicht in die Cloud Trends f\u00fcr das Jahr 2021 und dar\u00fcber hinaus.","twitter_image":"https:\/\/www.organisator.ch\/wp-content\/uploads\/2021\/01\/Cloud-Trends-2021-Wo-stehen-Schweizer-Unternehmen_Organisator.jpg","schema":{"@context":"https:\/\/schema.org","@graph":[{"@type":"Article","@id":"https:\/\/www.organisator.ch\/management\/it\/2021-01-14\/cloud-trends-2021-wo-stehen-schweizer-unternehmen\/#article","isPartOf":{"@id":"https:\/\/www.organisator.ch\/management\/it\/2021-01-14\/cloud-trends-2021-wo-stehen-schweizer-unternehmen\/"},"author":{"name":"thomas.berner","@id":"https:\/\/www.organisator.ch\/#\/schema\/person\/6f650f90b2842cd4c0cc334b4e36f67e"},"headline":"Cloud Trends 2021: Wo stehen Schweizer Unternehmen?","datePublished":"2021-01-14T13:02:00+00:00","mainEntityOfPage":{"@id":"https:\/\/www.organisator.ch\/management\/it\/2021-01-14\/cloud-trends-2021-wo-stehen-schweizer-unternehmen\/"},"wordCount":704,"publisher":{"@id":"https:\/\/www.organisator.ch\/#organization"},"image":{"@id":"https:\/\/www.organisator.ch\/management\/it\/2021-01-14\/cloud-trends-2021-wo-stehen-schweizer-unternehmen\/#primaryimage"},"thumbnailUrl":"https:\/\/www.organisator.ch\/wp-content\/uploads\/2021\/01\/Cloud-Trends-2021-Wo-stehen-Schweizer-Unternehmen_Organisator.jpg","keywords":["Cloud Computing","IT","Studie"],"articleSection":["IT"],"inLanguage":"en-US"},{"@type":"WebPage","@id":"https:\/\/www.organisator.ch\/management\/it\/2021-01-14\/cloud-trends-2021-wo-stehen-schweizer-unternehmen\/","url":"https:\/\/www.organisator.ch\/management\/it\/2021-01-14\/cloud-trends-2021-wo-stehen-schweizer-unternehmen\/","name":"Cloud Trends 2021: Where do Swiss companies stand? - Organizer","isPartOf":{"@id":"https:\/\/www.organisator.ch\/#website"},"primaryImageOfPage":{"@id":"https:\/\/www.organisator.ch\/management\/it\/2021-01-14\/cloud-trends-2021-wo-stehen-schweizer-unternehmen\/#primaryimage"},"image":{"@id":"https:\/\/www.organisator.ch\/management\/it\/2021-01-14\/cloud-trends-2021-wo-stehen-schweizer-unternehmen\/#primaryimage"},"thumbnailUrl":"https:\/\/www.organisator.ch\/wp-content\/uploads\/2021\/01\/Cloud-Trends-2021-Wo-stehen-Schweizer-Unternehmen_Organisator.jpg","datePublished":"2021-01-14T13:02:00+00:00","description":"Where do Swiss companies stand on the way to the cloud? A new study provides insight into cloud trends for 2021 and beyond.","breadcrumb":{"@id":"https:\/\/www.organisator.ch\/management\/it\/2021-01-14\/cloud-trends-2021-wo-stehen-schweizer-unternehmen\/#breadcrumb"},"inLanguage":"en-US","potentialAction":[{"@type":"ReadAction","target":["https:\/\/www.organisator.ch\/management\/it\/2021-01-14\/cloud-trends-2021-wo-stehen-schweizer-unternehmen\/"]}]},{"@type":"ImageObject","inLanguage":"en-US","@id":"https:\/\/www.organisator.ch\/management\/it\/2021-01-14\/cloud-trends-2021-wo-stehen-schweizer-unternehmen\/#primaryimage","url":"https:\/\/www.organisator.ch\/wp-content\/uploads\/2021\/01\/Cloud-Trends-2021-Wo-stehen-Schweizer-Unternehmen_Organisator.jpg","contentUrl":"https:\/\/www.organisator.ch\/wp-content\/uploads\/2021\/01\/Cloud-Trends-2021-Wo-stehen-Schweizer-Unternehmen_Organisator.jpg","width":680,"height":453,"caption":"Wohin mit allen Daten? Und in welche Cloud? Die Studie \"Cloud Trends 2021\" von Interxion hat dazu 150 IT-Entscheider in der Schweiz befragt. (Bild: Pixabay.com)"},{"@type":"BreadcrumbList","@id":"https:\/\/www.organisator.ch\/management\/it\/2021-01-14\/cloud-trends-2021-wo-stehen-schweizer-unternehmen\/#breadcrumb","itemListElement":[{"@type":"ListItem","position":1,"name":"Home","item":"https:\/\/www.organisator.ch\/"},{"@type":"ListItem","position":2,"name":"Cloud Trends 2021: Wo stehen Schweizer Unternehmen?"}]},{"@type":"WebSite","@id":"https:\/\/www.organisator.ch\/#website","url":"https:\/\/www.organisator.ch\/","name":"Organizer","description":"Competent. Practical. In 10 issues per year, ORGANISATOR presents the essential topics for managers of SMEs.","publisher":{"@id":"https:\/\/www.organisator.ch\/#organization"},"potentialAction":[{"@type":"SearchAction","target":{"@type":"EntryPoint","urlTemplate":"https:\/\/www.organisator.ch\/?s={search_term_string}"},"query-input":{"@type":"PropertyValueSpecification","valueRequired":true,"valueName":"search_term_string"}}],"inLanguage":"en-US"},{"@type":"Organization","@id":"https:\/\/www.organisator.ch\/#organization","name":"Organizer","url":"https:\/\/www.organisator.ch\/","logo":{"@type":"ImageObject","inLanguage":"en-US","@id":"https:\/\/www.organisator.ch\/#\/schema\/logo\/image\/","url":"https:\/\/www.organisator.ch\/wp-content\/uploads\/2022\/01\/Logo_Organisator_Website.png","contentUrl":"https:\/\/www.organisator.ch\/wp-content\/uploads\/2022\/01\/Logo_Organisator_Website.png","width":800,"height":77,"caption":"Organisator"},"image":{"@id":"https:\/\/www.organisator.ch\/#\/schema\/logo\/image\/"},"sameAs":["https:\/\/www.facebook.com\/OrganisatorFachmagazin","https:\/\/www.linkedin.com\/showcase\/organisator-das-magazin-fr-kmu","https:\/\/www.xing.com\/news\/pages\/organisator-ch-695","https:\/\/www.youtube.com\/channel\/UCGP2Sq0iWaZwT3BdIAQFYpw"]},{"@type":"Person","@id":"https:\/\/www.organisator.ch\/#\/schema\/person\/6f650f90b2842cd4c0cc334b4e36f67e","name":"thomas.berner","image":{"@type":"ImageObject","inLanguage":"en-US","@id":"https:\/\/secure.gravatar.com\/avatar\/ac5001d2a36cb6c6cd3e50789007ffca834b477b74a2144564522e944eabff61?s=96&d=mm&r=g","url":"https:\/\/secure.gravatar.com\/avatar\/ac5001d2a36cb6c6cd3e50789007ffca834b477b74a2144564522e944eabff61?s=96&d=mm&r=g","contentUrl":"https:\/\/secure.gravatar.com\/avatar\/ac5001d2a36cb6c6cd3e50789007ffca834b477b74a2144564522e944eabff61?s=96&d=mm&r=g","caption":"thomas.berner"},"url":"https:\/\/www.organisator.ch\/en\/author\/thomas-berner\/"}]}},"_links":{"self":[{"href":"https:\/\/www.organisator.ch\/en\/wp-json\/wp\/v2\/posts\/7525","targetHints":{"allow":["GET"]}}],"collection":[{"href":"https:\/\/www.organisator.ch\/en\/wp-json\/wp\/v2\/posts"}],"about":[{"href":"https:\/\/www.organisator.ch\/en\/wp-json\/wp\/v2\/types\/post"}],"author":[{"embeddable":true,"href":"https:\/\/www.organisator.ch\/en\/wp-json\/wp\/v2\/users\/4"}],"replies":[{"embeddable":true,"href":"https:\/\/www.organisator.ch\/en\/wp-json\/wp\/v2\/comments?post=7525"}],"version-history":[{"count":0,"href":"https:\/\/www.organisator.ch\/en\/wp-json\/wp\/v2\/posts\/7525\/revisions"}],"wp:featuredmedia":[{"embeddable":true,"href":"https:\/\/www.organisator.ch\/en\/wp-json\/wp\/v2\/media\/7526"}],"wp:attachment":[{"href":"https:\/\/www.organisator.ch\/en\/wp-json\/wp\/v2\/media?parent=7525"}],"wp:term":[{"taxonomy":"category","embeddable":true,"href":"https:\/\/www.organisator.ch\/en\/wp-json\/wp\/v2\/categories?post=7525"},{"taxonomy":"post_tag","embeddable":true,"href":"https:\/\/www.organisator.ch\/en\/wp-json\/wp\/v2\/tags?post=7525"}],"curies":[{"name":"wp","href":"https:\/\/api.w.org\/{rel}","templated":true}]}}