{"id":7544,"date":"2021-01-22T08:23:35","date_gmt":"2021-01-22T07:23:35","guid":{"rendered":"https:\/\/www.organisator.ch\/?p=7544"},"modified":"2021-01-22T08:23:35","modified_gmt":"2021-01-22T07:23:35","slug":"schweizer-berufstaetige-bleiben-wechselfreudig","status":"publish","type":"post","link":"https:\/\/www.organisator.ch\/en\/human-resources\/hrm\/2021-01-22\/schweizer-berufstaetige-bleiben-wechselfreudig\/","title":{"rendered":"Swiss professionals remain willing to change jobs"},"content":{"rendered":"<figure id=\"attachment_7546\" aria-describedby=\"caption-attachment-7546\" style=\"width: 680px\" class=\"wp-caption alignnone\"><img loading=\"lazy\" decoding=\"async\" class=\"size-medium wp-image-7546\" src=\"https:\/\/www.organisator.ch\/wp-content\/uploads\/2021\/01\/Schweizer-Berufstaetige-bleiben-wechselfreudig_Organisator.jpg\" alt=\"\" width=\"680\" height=\"511\" srcset=\"https:\/\/www.organisator.ch\/wp-content\/uploads\/2021\/01\/Schweizer-Berufstaetige-bleiben-wechselfreudig_Organisator.jpg 680w, https:\/\/www.organisator.ch\/wp-content\/uploads\/2021\/01\/Schweizer-Berufstaetige-bleiben-wechselfreudig_Organisator-16x12.jpg 16w, https:\/\/www.organisator.ch\/wp-content\/uploads\/2021\/01\/Schweizer-Berufstaetige-bleiben-wechselfreudig_Organisator-233x175.jpg 233w, https:\/\/www.organisator.ch\/wp-content\/uploads\/2021\/01\/Schweizer-Berufstaetige-bleiben-wechselfreudig_Organisator-466x350.jpg 466w, https:\/\/www.organisator.ch\/wp-content\/uploads\/2021\/01\/Schweizer-Berufstaetige-bleiben-wechselfreudig_Organisator-300x225.jpg 300w\" sizes=\"auto, (max-width: 680px) 100vw, 680px\" \/><figcaption id=\"caption-attachment-7546\" class=\"wp-caption-text\">Keeping an eye on your career despite Corona: Swiss professionals continue to show a high willingness to change jobs. (Image: Pixabay.com)<\/figcaption><\/figure>\n<p>On behalf of XING, the market and media research institute Forsa surveyed around five hundred Swiss professionals aged 18 and over about the current working environment and their career plans for 2021. The survey participants were selected by means of representative random sampling.<\/p>\n<h2><strong>Swiss professionals seek new professional challenges despite Corona<\/strong><\/h2>\n<p>More than half (54 percent) of professionals are basically willing to change jobs in 2021. This means that the willingness to change jobs is practically the same as a year ago (56 percent) and is largely unaffected by the Corona pandemic. 16 percent of respondents even have concrete plans to change jobs this year. Another 38 percent are open to a change, but have not yet taken any concrete steps. Contrary to what the high willingness to change might suggest, the majority of respondents (87 percent) say they are very or somewhat satisfied with their current job. This figure is also on a par with the previous year.<\/p>\n<h2><strong>Younger employees increasingly have concrete plans to switch<\/strong><\/h2>\n<p>A look at the age groups shows a significant increase in the number of people aged 18 to 29 who already have concrete plans to switch in the coming year (29 percent vs. 20 percent at the beginning of 2020). Overall, the willingness to switch has decreased among the over-50s. At 37 percent, this is nine percent below the previous year's figure of 46 percent.<\/p>\n<h2><strong>Pandemic inhibits active job search<\/strong><\/h2>\n<p>Although the general willingness to change jobs has remained virtually constant, the Corona pandemic sometimes discourages employees who are willing to change jobs from actively looking for one. Forty-nine percent of those latently willing to change jobs say that Corona is one reason why they have not yet actively looked for a new job. This figure is even significantly higher in the youngest age group, 18 to 29. Here, 68 percent of those latently willing to change jobs feel held back in their active planning by the Corona pandemic. In addition, Corona puts a much stronger brake on employees' concrete plans to change jobs in the retail sector than in other industries. XING Switzerland Managing Director Robert Bertschinger comments: \"A high latent willingness to switch makes actively approaching candidates even more important for companies. There are many people who are open to a change. But in the current environment, they are more hesitant to become active themselves. Hoping that the right candidate will come forward on their own is therefore not a promising strategy.\"<\/p>\n<h2><strong>Middle management slightly less satisfied<\/strong><\/h2>\n<p>While satisfaction with the current job is at least as high as in the previous year among professionals without management responsibility and among members of senior management, the proportion of rather or very satisfied employees in middle management, for example people with team leadership functions, fell slightly from 90 to 85 percent. Robert Bertschinger explains: \"In 2020, members of middle management were often particularly challenged by working from home, as they had to assume their direct management responsibilities under completely new conditions. This pressure may have influenced satisfaction.\"<\/p>\n<h2><strong>Younger Swiss Professionals Worry About Their Jobs<\/strong><\/h2>\n<p>Overall, 39 percent of respondents are concerned about job security. Younger people in particular are concerned about the current situation. In the 18 to 29 age group, almost half (46 percent) are worried about job security. In a sector comparison, it is primarily professionals in the retail sector, at 56 percent, who are worried about their own job security. The figures are lower in the industry and manufacturing sectors (39 percent) and services (36 percent).<\/p>\n<h2><strong>Dealing with Corona: Good marks for Swiss employers<\/strong><\/h2>\n<p>Just under two-thirds (61 percent) of professionals rate their employer's handling of the Corona crisis to date as good or even very good. Only 8 percent rated their behavior as poor or insufficient. The best marks are awarded by employees in the industry and manufacturing sector, while employees in the retail sector are the most critical.<\/p>\n<p><em>Source: <a href=\"http:\/\/www.xing.com\">XING<\/a><\/em><\/p>","protected":false},"excerpt":{"rendered":"<p>Im Auftrag von XING hat das Markt- und Mediaforschungsinstitut Forsa rund f\u00fcnfhundert Schweizer Berufst\u00e4tige ab 18 Jahren zur aktuellen Arbeitswelt und ihren beruflichen Pl\u00e4nen f\u00fcr 2021 befragt. Die Auswahl der Umfrageteilnehmer erfolgte mittels repr\u00e4sentativer Zufallsauswahl. Schweizer Berufst\u00e4tige suchen trotz Corona neue berufliche Herausforderungen Mehr als die H\u00e4lfte (54 Prozent) der Berufst\u00e4tigen ist grunds\u00e4tzlich bereit, 2021 [&hellip;]<\/p>\n","protected":false},"author":4,"featured_media":7546,"comment_status":"closed","ping_status":"closed","sticky":false,"template":"","format":"standard","meta":{"_acf_changed":false,"_yoast_wpseo_focuskw":"Schweizer Berufst\u00e4tige","_yoast_wpseo_metadesc":"Viele Schweizer Berufst\u00e4tige sind trotz Corona bereit, 2021 den Job zu wechseln. Das geht aus einer repr\u00e4sentativen Studie im Auftrag von XING hervor.","articlekey":"","footnotes":""},"categories":[26],"tags":[208,254,407,459],"class_list":["post-7544","post","type-post","status-publish","format-standard","has-post-thumbnail","hentry","category-hrm","tag-fit-im-job","tag-hrm","tag-recruiting","tag-studie"],"acf":[],"yoast_head":"<!-- This site is optimized with the Yoast SEO plugin v27.4 - https:\/\/yoast.com\/product\/yoast-seo-wordpress\/ -->\n<title>Schweizer Berufst\u00e4tige bleiben wechselfreudig - Organisator<\/title>\n<meta name=\"description\" content=\"Viele Schweizer Berufst\u00e4tige sind trotz Corona bereit, 2021 den Job zu wechseln. Das geht aus einer repr\u00e4sentativen Studie im Auftrag von XING hervor.\" \/>\n<meta name=\"robots\" content=\"index, follow, max-snippet:-1, max-image-preview:large, max-video-preview:-1\" \/>\n<link rel=\"canonical\" href=\"https:\/\/www.organisator.ch\/en\/human-resources\/hrm\/2021-01-22\/schweizer-berufstaetige-bleiben-wechselfreudig\/\" \/>\n<meta property=\"og:locale\" content=\"en_US\" \/>\n<meta property=\"og:type\" content=\"article\" \/>\n<meta property=\"og:title\" content=\"Schweizer Berufst\u00e4tige bleiben wechselfreudig\" \/>\n<meta property=\"og:description\" content=\"Viele Schweizer Berufst\u00e4tige sind trotz Corona bereit, 2021 den Job zu wechseln. Das geht aus einer repr\u00e4sentativen Studie im Auftrag von XING hervor.\" \/>\n<meta property=\"og:url\" content=\"https:\/\/www.organisator.ch\/en\/human-resources\/hrm\/2021-01-22\/schweizer-berufstaetige-bleiben-wechselfreudig\/\" \/>\n<meta property=\"og:site_name\" content=\"Organisator\" \/>\n<meta property=\"article:publisher\" content=\"https:\/\/www.facebook.com\/OrganisatorFachmagazin\" \/>\n<meta property=\"article:published_time\" content=\"2021-01-22T07:23:35+00:00\" \/>\n<meta property=\"og:image\" content=\"https:\/\/www.organisator.ch\/wp-content\/uploads\/2021\/01\/Schweizer-Berufstaetige-bleiben-wechselfreudig_Organisator.jpg\" \/>\n\t<meta property=\"og:image:width\" content=\"680\" \/>\n\t<meta property=\"og:image:height\" content=\"511\" \/>\n\t<meta property=\"og:image:type\" content=\"image\/jpeg\" \/>\n<meta name=\"author\" content=\"thomas.berner\" \/>\n<meta name=\"twitter:card\" content=\"summary_large_image\" \/>\n<meta name=\"twitter:title\" content=\"Schweizer Berufst\u00e4tige bleiben #wechselfreudig\" \/>\n<meta name=\"twitter:description\" content=\"Viele Schweizer #Berufst\u00e4tige sind trotz Corona bereit, 2021 den #Job zu wechseln. Das geht aus einer repr\u00e4sentativen Studie im Auftrag von #XING hervor.\" \/>\n<meta name=\"twitter:image\" content=\"https:\/\/www.organisator.ch\/wp-content\/uploads\/2021\/01\/Schweizer-Berufstaetige-bleiben-wechselfreudig_Organisator.jpg\" \/>\n<script type=\"application\/ld+json\" class=\"yoast-schema-graph\">{\"@context\":\"https:\\\/\\\/schema.org\",\"@graph\":[{\"@type\":\"Article\",\"@id\":\"https:\\\/\\\/www.organisator.ch\\\/human-resources\\\/hrm\\\/2021-01-22\\\/schweizer-berufstaetige-bleiben-wechselfreudig\\\/#article\",\"isPartOf\":{\"@id\":\"https:\\\/\\\/www.organisator.ch\\\/human-resources\\\/hrm\\\/2021-01-22\\\/schweizer-berufstaetige-bleiben-wechselfreudig\\\/\"},\"author\":{\"name\":\"thomas.berner\",\"@id\":\"https:\\\/\\\/www.organisator.ch\\\/#\\\/schema\\\/person\\\/6f650f90b2842cd4c0cc334b4e36f67e\"},\"headline\":\"Schweizer Berufst\u00e4tige bleiben wechselfreudig\",\"datePublished\":\"2021-01-22T07:23:35+00:00\",\"mainEntityOfPage\":{\"@id\":\"https:\\\/\\\/www.organisator.ch\\\/human-resources\\\/hrm\\\/2021-01-22\\\/schweizer-berufstaetige-bleiben-wechselfreudig\\\/\"},\"wordCount\":660,\"publisher\":{\"@id\":\"https:\\\/\\\/www.organisator.ch\\\/#organization\"},\"image\":{\"@id\":\"https:\\\/\\\/www.organisator.ch\\\/human-resources\\\/hrm\\\/2021-01-22\\\/schweizer-berufstaetige-bleiben-wechselfreudig\\\/#primaryimage\"},\"thumbnailUrl\":\"https:\\\/\\\/www.organisator.ch\\\/wp-content\\\/uploads\\\/2021\\\/01\\\/Schweizer-Berufstaetige-bleiben-wechselfreudig_Organisator.jpg\",\"keywords\":[\"Fit im Job\",\"HRM\",\"Recruiting\",\"Studie\"],\"articleSection\":[\"HRM\"],\"inLanguage\":\"en-US\"},{\"@type\":\"WebPage\",\"@id\":\"https:\\\/\\\/www.organisator.ch\\\/human-resources\\\/hrm\\\/2021-01-22\\\/schweizer-berufstaetige-bleiben-wechselfreudig\\\/\",\"url\":\"https:\\\/\\\/www.organisator.ch\\\/human-resources\\\/hrm\\\/2021-01-22\\\/schweizer-berufstaetige-bleiben-wechselfreudig\\\/\",\"name\":\"Schweizer Berufst\u00e4tige bleiben wechselfreudig - Organisator\",\"isPartOf\":{\"@id\":\"https:\\\/\\\/www.organisator.ch\\\/#website\"},\"primaryImageOfPage\":{\"@id\":\"https:\\\/\\\/www.organisator.ch\\\/human-resources\\\/hrm\\\/2021-01-22\\\/schweizer-berufstaetige-bleiben-wechselfreudig\\\/#primaryimage\"},\"image\":{\"@id\":\"https:\\\/\\\/www.organisator.ch\\\/human-resources\\\/hrm\\\/2021-01-22\\\/schweizer-berufstaetige-bleiben-wechselfreudig\\\/#primaryimage\"},\"thumbnailUrl\":\"https:\\\/\\\/www.organisator.ch\\\/wp-content\\\/uploads\\\/2021\\\/01\\\/Schweizer-Berufstaetige-bleiben-wechselfreudig_Organisator.jpg\",\"datePublished\":\"2021-01-22T07:23:35+00:00\",\"description\":\"Viele Schweizer Berufst\u00e4tige sind trotz Corona bereit, 2021 den Job zu wechseln. Das geht aus einer repr\u00e4sentativen Studie im Auftrag von XING hervor.\",\"breadcrumb\":{\"@id\":\"https:\\\/\\\/www.organisator.ch\\\/human-resources\\\/hrm\\\/2021-01-22\\\/schweizer-berufstaetige-bleiben-wechselfreudig\\\/#breadcrumb\"},\"inLanguage\":\"en-US\",\"potentialAction\":[{\"@type\":\"ReadAction\",\"target\":[\"https:\\\/\\\/www.organisator.ch\\\/human-resources\\\/hrm\\\/2021-01-22\\\/schweizer-berufstaetige-bleiben-wechselfreudig\\\/\"]}]},{\"@type\":\"ImageObject\",\"inLanguage\":\"en-US\",\"@id\":\"https:\\\/\\\/www.organisator.ch\\\/human-resources\\\/hrm\\\/2021-01-22\\\/schweizer-berufstaetige-bleiben-wechselfreudig\\\/#primaryimage\",\"url\":\"https:\\\/\\\/www.organisator.ch\\\/wp-content\\\/uploads\\\/2021\\\/01\\\/Schweizer-Berufstaetige-bleiben-wechselfreudig_Organisator.jpg\",\"contentUrl\":\"https:\\\/\\\/www.organisator.ch\\\/wp-content\\\/uploads\\\/2021\\\/01\\\/Schweizer-Berufstaetige-bleiben-wechselfreudig_Organisator.jpg\",\"width\":680,\"height\":511,\"caption\":\"Trotz Corona die Karriere im Blick: Schweizer Berufst\u00e4tige zeigen nach wie vor eine hohe Bereitschaft f\u00fcr einen Jobwechsel. (Bild: Pixabay.com)\"},{\"@type\":\"BreadcrumbList\",\"@id\":\"https:\\\/\\\/www.organisator.ch\\\/human-resources\\\/hrm\\\/2021-01-22\\\/schweizer-berufstaetige-bleiben-wechselfreudig\\\/#breadcrumb\",\"itemListElement\":[{\"@type\":\"ListItem\",\"position\":1,\"name\":\"Home\",\"item\":\"https:\\\/\\\/www.organisator.ch\\\/\"},{\"@type\":\"ListItem\",\"position\":2,\"name\":\"Schweizer Berufst\u00e4tige bleiben wechselfreudig\"}]},{\"@type\":\"WebSite\",\"@id\":\"https:\\\/\\\/www.organisator.ch\\\/#website\",\"url\":\"https:\\\/\\\/www.organisator.ch\\\/\",\"name\":\"Organisator\",\"description\":\"Kompetent. Praxisnah. Der ORGANISATOR bereitet in 10 Ausgaben pro Jahr die wesentlichen Themen f\u00fcr F\u00fchrungskr\u00e4fte von KMU auf.\",\"publisher\":{\"@id\":\"https:\\\/\\\/www.organisator.ch\\\/#organization\"},\"potentialAction\":[{\"@type\":\"SearchAction\",\"target\":{\"@type\":\"EntryPoint\",\"urlTemplate\":\"https:\\\/\\\/www.organisator.ch\\\/?s={search_term_string}\"},\"query-input\":{\"@type\":\"PropertyValueSpecification\",\"valueRequired\":true,\"valueName\":\"search_term_string\"}}],\"inLanguage\":\"en-US\"},{\"@type\":\"Organization\",\"@id\":\"https:\\\/\\\/www.organisator.ch\\\/#organization\",\"name\":\"Organisator\",\"url\":\"https:\\\/\\\/www.organisator.ch\\\/\",\"logo\":{\"@type\":\"ImageObject\",\"inLanguage\":\"en-US\",\"@id\":\"https:\\\/\\\/www.organisator.ch\\\/#\\\/schema\\\/logo\\\/image\\\/\",\"url\":\"https:\\\/\\\/www.organisator.ch\\\/wp-content\\\/uploads\\\/2022\\\/01\\\/Logo_Organisator_Website.png\",\"contentUrl\":\"https:\\\/\\\/www.organisator.ch\\\/wp-content\\\/uploads\\\/2022\\\/01\\\/Logo_Organisator_Website.png\",\"width\":800,\"height\":77,\"caption\":\"Organisator\"},\"image\":{\"@id\":\"https:\\\/\\\/www.organisator.ch\\\/#\\\/schema\\\/logo\\\/image\\\/\"},\"sameAs\":[\"https:\\\/\\\/www.facebook.com\\\/OrganisatorFachmagazin\",\"https:\\\/\\\/www.linkedin.com\\\/showcase\\\/organisator-das-magazin-fr-kmu\",\"https:\\\/\\\/www.xing.com\\\/news\\\/pages\\\/organisator-ch-695\",\"https:\\\/\\\/www.youtube.com\\\/channel\\\/UCGP2Sq0iWaZwT3BdIAQFYpw\"]},{\"@type\":\"Person\",\"@id\":\"https:\\\/\\\/www.organisator.ch\\\/#\\\/schema\\\/person\\\/6f650f90b2842cd4c0cc334b4e36f67e\",\"name\":\"thomas.berner\",\"image\":{\"@type\":\"ImageObject\",\"inLanguage\":\"en-US\",\"@id\":\"https:\\\/\\\/secure.gravatar.com\\\/avatar\\\/ac5001d2a36cb6c6cd3e50789007ffca834b477b74a2144564522e944eabff61?s=96&d=mm&r=g\",\"url\":\"https:\\\/\\\/secure.gravatar.com\\\/avatar\\\/ac5001d2a36cb6c6cd3e50789007ffca834b477b74a2144564522e944eabff61?s=96&d=mm&r=g\",\"contentUrl\":\"https:\\\/\\\/secure.gravatar.com\\\/avatar\\\/ac5001d2a36cb6c6cd3e50789007ffca834b477b74a2144564522e944eabff61?s=96&d=mm&r=g\",\"caption\":\"thomas.berner\"},\"url\":\"https:\\\/\\\/www.organisator.ch\\\/en\\\/author\\\/thomas-berner\\\/\"}]}<\/script>\n<!-- \/ Yoast SEO plugin. -->","yoast_head_json":{"title":"Swiss professionals remain willing to change - Organizer","description":"Many Swiss professionals are willing to change jobs in 2021 despite Corona. This is the result of a representative study commissioned by XING.","robots":{"index":"index","follow":"follow","max-snippet":"max-snippet:-1","max-image-preview":"max-image-preview:large","max-video-preview":"max-video-preview:-1"},"canonical":"https:\/\/www.organisator.ch\/en\/human-resources\/hrm\/2021-01-22\/schweizer-berufstaetige-bleiben-wechselfreudig\/","og_locale":"en_US","og_type":"article","og_title":"Schweizer Berufst\u00e4tige bleiben wechselfreudig","og_description":"Viele Schweizer Berufst\u00e4tige sind trotz Corona bereit, 2021 den Job zu wechseln. Das geht aus einer repr\u00e4sentativen Studie im Auftrag von XING hervor.","og_url":"https:\/\/www.organisator.ch\/en\/human-resources\/hrm\/2021-01-22\/schweizer-berufstaetige-bleiben-wechselfreudig\/","og_site_name":"Organisator","article_publisher":"https:\/\/www.facebook.com\/OrganisatorFachmagazin","article_published_time":"2021-01-22T07:23:35+00:00","og_image":[{"width":680,"height":511,"url":"https:\/\/www.organisator.ch\/wp-content\/uploads\/2021\/01\/Schweizer-Berufstaetige-bleiben-wechselfreudig_Organisator.jpg","type":"image\/jpeg"}],"author":"thomas.berner","twitter_card":"summary_large_image","twitter_title":"Schweizer Berufst\u00e4tige bleiben #wechselfreudig","twitter_description":"Viele Schweizer #Berufst\u00e4tige sind trotz Corona bereit, 2021 den #Job zu wechseln. Das geht aus einer repr\u00e4sentativen Studie im Auftrag von #XING hervor.","twitter_image":"https:\/\/www.organisator.ch\/wp-content\/uploads\/2021\/01\/Schweizer-Berufstaetige-bleiben-wechselfreudig_Organisator.jpg","schema":{"@context":"https:\/\/schema.org","@graph":[{"@type":"Article","@id":"https:\/\/www.organisator.ch\/human-resources\/hrm\/2021-01-22\/schweizer-berufstaetige-bleiben-wechselfreudig\/#article","isPartOf":{"@id":"https:\/\/www.organisator.ch\/human-resources\/hrm\/2021-01-22\/schweizer-berufstaetige-bleiben-wechselfreudig\/"},"author":{"name":"thomas.berner","@id":"https:\/\/www.organisator.ch\/#\/schema\/person\/6f650f90b2842cd4c0cc334b4e36f67e"},"headline":"Schweizer Berufst\u00e4tige bleiben wechselfreudig","datePublished":"2021-01-22T07:23:35+00:00","mainEntityOfPage":{"@id":"https:\/\/www.organisator.ch\/human-resources\/hrm\/2021-01-22\/schweizer-berufstaetige-bleiben-wechselfreudig\/"},"wordCount":660,"publisher":{"@id":"https:\/\/www.organisator.ch\/#organization"},"image":{"@id":"https:\/\/www.organisator.ch\/human-resources\/hrm\/2021-01-22\/schweizer-berufstaetige-bleiben-wechselfreudig\/#primaryimage"},"thumbnailUrl":"https:\/\/www.organisator.ch\/wp-content\/uploads\/2021\/01\/Schweizer-Berufstaetige-bleiben-wechselfreudig_Organisator.jpg","keywords":["Fit im Job","HRM","Recruiting","Studie"],"articleSection":["HRM"],"inLanguage":"en-US"},{"@type":"WebPage","@id":"https:\/\/www.organisator.ch\/human-resources\/hrm\/2021-01-22\/schweizer-berufstaetige-bleiben-wechselfreudig\/","url":"https:\/\/www.organisator.ch\/human-resources\/hrm\/2021-01-22\/schweizer-berufstaetige-bleiben-wechselfreudig\/","name":"Swiss professionals remain willing to change - Organizer","isPartOf":{"@id":"https:\/\/www.organisator.ch\/#website"},"primaryImageOfPage":{"@id":"https:\/\/www.organisator.ch\/human-resources\/hrm\/2021-01-22\/schweizer-berufstaetige-bleiben-wechselfreudig\/#primaryimage"},"image":{"@id":"https:\/\/www.organisator.ch\/human-resources\/hrm\/2021-01-22\/schweizer-berufstaetige-bleiben-wechselfreudig\/#primaryimage"},"thumbnailUrl":"https:\/\/www.organisator.ch\/wp-content\/uploads\/2021\/01\/Schweizer-Berufstaetige-bleiben-wechselfreudig_Organisator.jpg","datePublished":"2021-01-22T07:23:35+00:00","description":"Many Swiss professionals are willing to change jobs in 2021 despite Corona. This is the result of a representative study commissioned by XING.","breadcrumb":{"@id":"https:\/\/www.organisator.ch\/human-resources\/hrm\/2021-01-22\/schweizer-berufstaetige-bleiben-wechselfreudig\/#breadcrumb"},"inLanguage":"en-US","potentialAction":[{"@type":"ReadAction","target":["https:\/\/www.organisator.ch\/human-resources\/hrm\/2021-01-22\/schweizer-berufstaetige-bleiben-wechselfreudig\/"]}]},{"@type":"ImageObject","inLanguage":"en-US","@id":"https:\/\/www.organisator.ch\/human-resources\/hrm\/2021-01-22\/schweizer-berufstaetige-bleiben-wechselfreudig\/#primaryimage","url":"https:\/\/www.organisator.ch\/wp-content\/uploads\/2021\/01\/Schweizer-Berufstaetige-bleiben-wechselfreudig_Organisator.jpg","contentUrl":"https:\/\/www.organisator.ch\/wp-content\/uploads\/2021\/01\/Schweizer-Berufstaetige-bleiben-wechselfreudig_Organisator.jpg","width":680,"height":511,"caption":"Trotz Corona die Karriere im Blick: Schweizer Berufst\u00e4tige zeigen nach wie vor eine hohe Bereitschaft f\u00fcr einen Jobwechsel. (Bild: Pixabay.com)"},{"@type":"BreadcrumbList","@id":"https:\/\/www.organisator.ch\/human-resources\/hrm\/2021-01-22\/schweizer-berufstaetige-bleiben-wechselfreudig\/#breadcrumb","itemListElement":[{"@type":"ListItem","position":1,"name":"Home","item":"https:\/\/www.organisator.ch\/"},{"@type":"ListItem","position":2,"name":"Schweizer Berufst\u00e4tige bleiben wechselfreudig"}]},{"@type":"WebSite","@id":"https:\/\/www.organisator.ch\/#website","url":"https:\/\/www.organisator.ch\/","name":"Organizer","description":"Competent. Practical. In 10 issues per year, ORGANISATOR presents the essential topics for managers of SMEs.","publisher":{"@id":"https:\/\/www.organisator.ch\/#organization"},"potentialAction":[{"@type":"SearchAction","target":{"@type":"EntryPoint","urlTemplate":"https:\/\/www.organisator.ch\/?s={search_term_string}"},"query-input":{"@type":"PropertyValueSpecification","valueRequired":true,"valueName":"search_term_string"}}],"inLanguage":"en-US"},{"@type":"Organization","@id":"https:\/\/www.organisator.ch\/#organization","name":"Organizer","url":"https:\/\/www.organisator.ch\/","logo":{"@type":"ImageObject","inLanguage":"en-US","@id":"https:\/\/www.organisator.ch\/#\/schema\/logo\/image\/","url":"https:\/\/www.organisator.ch\/wp-content\/uploads\/2022\/01\/Logo_Organisator_Website.png","contentUrl":"https:\/\/www.organisator.ch\/wp-content\/uploads\/2022\/01\/Logo_Organisator_Website.png","width":800,"height":77,"caption":"Organisator"},"image":{"@id":"https:\/\/www.organisator.ch\/#\/schema\/logo\/image\/"},"sameAs":["https:\/\/www.facebook.com\/OrganisatorFachmagazin","https:\/\/www.linkedin.com\/showcase\/organisator-das-magazin-fr-kmu","https:\/\/www.xing.com\/news\/pages\/organisator-ch-695","https:\/\/www.youtube.com\/channel\/UCGP2Sq0iWaZwT3BdIAQFYpw"]},{"@type":"Person","@id":"https:\/\/www.organisator.ch\/#\/schema\/person\/6f650f90b2842cd4c0cc334b4e36f67e","name":"thomas.berner","image":{"@type":"ImageObject","inLanguage":"en-US","@id":"https:\/\/secure.gravatar.com\/avatar\/ac5001d2a36cb6c6cd3e50789007ffca834b477b74a2144564522e944eabff61?s=96&d=mm&r=g","url":"https:\/\/secure.gravatar.com\/avatar\/ac5001d2a36cb6c6cd3e50789007ffca834b477b74a2144564522e944eabff61?s=96&d=mm&r=g","contentUrl":"https:\/\/secure.gravatar.com\/avatar\/ac5001d2a36cb6c6cd3e50789007ffca834b477b74a2144564522e944eabff61?s=96&d=mm&r=g","caption":"thomas.berner"},"url":"https:\/\/www.organisator.ch\/en\/author\/thomas-berner\/"}]}},"_links":{"self":[{"href":"https:\/\/www.organisator.ch\/en\/wp-json\/wp\/v2\/posts\/7544","targetHints":{"allow":["GET"]}}],"collection":[{"href":"https:\/\/www.organisator.ch\/en\/wp-json\/wp\/v2\/posts"}],"about":[{"href":"https:\/\/www.organisator.ch\/en\/wp-json\/wp\/v2\/types\/post"}],"author":[{"embeddable":true,"href":"https:\/\/www.organisator.ch\/en\/wp-json\/wp\/v2\/users\/4"}],"replies":[{"embeddable":true,"href":"https:\/\/www.organisator.ch\/en\/wp-json\/wp\/v2\/comments?post=7544"}],"version-history":[{"count":0,"href":"https:\/\/www.organisator.ch\/en\/wp-json\/wp\/v2\/posts\/7544\/revisions"}],"wp:featuredmedia":[{"embeddable":true,"href":"https:\/\/www.organisator.ch\/en\/wp-json\/wp\/v2\/media\/7546"}],"wp:attachment":[{"href":"https:\/\/www.organisator.ch\/en\/wp-json\/wp\/v2\/media?parent=7544"}],"wp:term":[{"taxonomy":"category","embeddable":true,"href":"https:\/\/www.organisator.ch\/en\/wp-json\/wp\/v2\/categories?post=7544"},{"taxonomy":"post_tag","embeddable":true,"href":"https:\/\/www.organisator.ch\/en\/wp-json\/wp\/v2\/tags?post=7544"}],"curies":[{"name":"wp","href":"https:\/\/api.w.org\/{rel}","templated":true}]}}