{"id":7572,"date":"2021-01-27T10:17:08","date_gmt":"2021-01-27T09:17:08","guid":{"rendered":"https:\/\/www.organisator.ch\/?p=7572"},"modified":"2021-01-27T10:17:08","modified_gmt":"2021-01-27T09:17:08","slug":"corona-macht-veraenderungen-bei-lieferketten-noetig","status":"publish","type":"post","link":"https:\/\/www.organisator.ch\/en\/management\/2021-01-27\/corona-macht-veraenderungen-bei-lieferketten-noetig\/","title":{"rendered":"Corona necessitates changes in supply chains"},"content":{"rendered":"<figure id=\"attachment_7573\" aria-describedby=\"caption-attachment-7573\" style=\"width: 680px\" class=\"wp-caption alignnone\"><img loading=\"lazy\" decoding=\"async\" class=\"size-medium wp-image-7573\" src=\"https:\/\/www.organisator.ch\/wp-content\/uploads\/2021\/01\/Corona-macht-Veraenderungen-bei-Lieferketten-noetig_Organisator.jpg\" alt=\"\" width=\"680\" height=\"342\" srcset=\"https:\/\/www.organisator.ch\/wp-content\/uploads\/2021\/01\/Corona-macht-Veraenderungen-bei-Lieferketten-noetig_Organisator.jpg 680w, https:\/\/www.organisator.ch\/wp-content\/uploads\/2021\/01\/Corona-macht-Veraenderungen-bei-Lieferketten-noetig_Organisator-16x8.jpg 16w, https:\/\/www.organisator.ch\/wp-content\/uploads\/2021\/01\/Corona-macht-Veraenderungen-bei-Lieferketten-noetig_Organisator-348x175.jpg 348w, https:\/\/www.organisator.ch\/wp-content\/uploads\/2021\/01\/Corona-macht-Veraenderungen-bei-Lieferketten-noetig_Organisator-300x151.jpg 300w\" sizes=\"auto, (max-width: 680px) 100vw, 680px\" \/><figcaption id=\"caption-attachment-7573\" class=\"wp-caption-text\">70 percent of companies see global pandemics as the greatest risk for supply chains. This is shown by a recent study. (Image: Pixabay.com)<\/figcaption><\/figure>\n<p>The global supply chain study by Orange Business Services shows: The global pandemic reveals necessary changes for future-proof supply chains. Around 83 percent of the companies surveyed in this study stated that they are more aware of supply chain risks such as raw material shortages, production stoppages or transport blockages than they were a year ago. Accordingly, the pandemic is something of a wake-up call for companies. In particular, speed, agility and innovation are seen as essential for mastering future challenges. In addition, to ensure survival, building resilience and sustainability in supply chains through digitalization and real-time data insights is a priority within transformation strategies for many companies. In fact, 44 percent of companies plan to launch real-time data initiatives in the next two years.<\/p>\n<h2>Strengthening the supply chains<\/h2>\n<p>According to the survey, nearly eight out of ten companies have accelerated the digitization of their supply chain. In addition, nearly 50 percent of respondents are considering revising their risk management strategies in the next two years. Also gaining importance is automation to manage rapidly changing demand. In fact, 42 percent of companies say they are using automation to manage risk. The same number (42 percent) plan to do so in the next two years.<\/p>\n<p>The extent to which the pandemic is affecting supply chains is also made clear by the following findings: two out of five study participants say that their supply chain was unable to keep up at the first peak of the pandemic. This is where technology enablers such as artificial intelligence (AI), cloud, 5G and Big Data analytics will play a big role in the future, as they improve supply chains through improved planning and execution. Collecting and sharing real-time data increases efficiency and transparency throughout the supply chain. At the same time, it supports relationships between suppliers and manufacturers to make smart decisions.<\/p>\n<p>\"The global health emergency has led organizations to accept the fragility of their ecosystems. Critical gaps must now be closed to ensure end-to-end transparency on a global scale and minimize risk to businesses and organizations. Digital technologies and capabilities are key to enabling companies and their partners to secure the supply chain. Digitization and data capture will also be key enablers to become more sustainable and save both costs and the planet's resources,\" says Kristof Symons, Executive Vice President, International, Orange Business Services.<\/p>\n<h2>New impetus for sustainability programs<\/h2>\n<p>Although the pandemic has pushed the issue of sustainability down the corporate agenda, 59 percent of respondents said that a company that is not run ethically and sustainably poses a significant business risk that impacts the bottom line. Smart factories, for example, are capable of saving around 30 percent on energy costs.<\/p>\n<p>Looking ahead, 85 percent of the companies surveyed plan to make investments to become more sustainable. These include new data collection technologies to gain better insight into sustainability metrics, as well as management and control of factors such as energy consumption. 78 percent of companies see sustainability as an opportunity to drive product and service innovation - a key advantage in maintaining competitiveness.<\/p>\n<p>\"The pandemic will eventually and somehow come to an end. But climate change, sustainability - these developments and risks will remain for the next decades,\" explains Erwin Verstraelen, CDO and CIO at the Port of Antwerp. \"For example, the European Green Deal will put more pressure on all stakeholders to identify the origin of emissions and minimize their environmental footprint. The supply chain is an important element in this.\" Should companies live up to their claim, digitally driven sustainable management programs are expected to be nearly universal in the next two years.<\/p>\n<p><em>Source: <a href=\"http:\/\/www.orange-business.com\">Orange Business Services<\/a><\/em><\/p>","protected":false},"excerpt":{"rendered":"<p>Die globale Supply Chain Studie von Orange Business Services zeigt: Die weltweite Pandemie offenbart notwendige Ver\u00e4nderungen f\u00fcr zukunftssichere Lieferketten. Rund 83 Prozent der in dieser Studie befragten Unternehmen gaben an, dass sie sich der Risiken in der Lieferkette wie Rohstoffengp\u00e4ssen, Produktionsstillst\u00e4nden oder Transportblockaden st\u00e4rker bewusst sind als noch vor einem Jahr. Die Pandemie ist demzufolge [&hellip;]<\/p>\n","protected":false},"author":4,"featured_media":7573,"comment_status":"closed","ping_status":"closed","sticky":false,"template":"","format":"standard","meta":{"_acf_changed":false,"_yoast_wpseo_focuskw":"Lieferketten","_yoast_wpseo_metadesc":"Eine Studie im Auftrag von Orange Business Services unter internationalen Unternehmen zeigt: 40 Prozent der Lieferketten hielten der Pandemie nicht Stand.","articlekey":"","footnotes":""},"categories":[28],"tags":[132,328,334,459,462],"class_list":["post-7572","post","type-post","status-publish","format-standard","has-post-thumbnail","hentry","category-management","tag-coronavirus","tag-logistik","tag-management","tag-studie","tag-supply-chain-management"],"acf":[],"yoast_head":"<!-- This site is optimized with the Yoast SEO plugin v27.4 - https:\/\/yoast.com\/product\/yoast-seo-wordpress\/ -->\n<title>Corona macht Ver\u00e4nderungen bei Lieferketten n\u00f6tig - Organisator<\/title>\n<meta name=\"description\" content=\"Eine Studie im Auftrag von Orange Business Services unter internationalen Unternehmen zeigt: 40 Prozent der Lieferketten hielten der Pandemie nicht Stand.\" \/>\n<meta name=\"robots\" content=\"index, follow, max-snippet:-1, max-image-preview:large, max-video-preview:-1\" \/>\n<link rel=\"canonical\" href=\"https:\/\/www.organisator.ch\/en\/management\/2021-01-27\/corona-macht-veraenderungen-bei-lieferketten-noetig\/\" \/>\n<meta property=\"og:locale\" content=\"en_US\" \/>\n<meta property=\"og:type\" content=\"article\" \/>\n<meta property=\"og:title\" content=\"Corona macht Ver\u00e4nderungen bei Lieferketten n\u00f6tig\" \/>\n<meta property=\"og:description\" content=\"Eine Studie im Auftrag von Orange Business Services unter internationalen Unternehmen zeigt: 40 Prozent der Lieferketten hielten der Pandemie nicht Stand.\" \/>\n<meta property=\"og:url\" content=\"https:\/\/www.organisator.ch\/en\/management\/2021-01-27\/corona-macht-veraenderungen-bei-lieferketten-noetig\/\" \/>\n<meta property=\"og:site_name\" content=\"Organisator\" \/>\n<meta property=\"article:publisher\" content=\"https:\/\/www.facebook.com\/OrganisatorFachmagazin\" \/>\n<meta property=\"article:published_time\" content=\"2021-01-27T09:17:08+00:00\" \/>\n<meta property=\"og:image\" content=\"https:\/\/www.organisator.ch\/wp-content\/uploads\/2021\/01\/Corona-macht-Veraenderungen-bei-Lieferketten-noetig_Organisator.jpg\" \/>\n\t<meta property=\"og:image:width\" content=\"680\" \/>\n\t<meta property=\"og:image:height\" content=\"342\" \/>\n\t<meta property=\"og:image:type\" content=\"image\/jpeg\" \/>\n<meta name=\"author\" content=\"thomas.berner\" \/>\n<meta name=\"twitter:card\" content=\"summary_large_image\" \/>\n<meta name=\"twitter:title\" content=\"#Corona macht Ver\u00e4nderungen bei #Lieferketten n\u00f6tig\" \/>\n<meta name=\"twitter:description\" content=\"Eine Studie im Auftrag von #OrangeBusinessServices unter internationalen Unternehmen zeigt: 40 Prozent der #Lieferketten hielten der Pandemie nicht Stand.\" \/>\n<meta name=\"twitter:image\" content=\"https:\/\/www.organisator.ch\/wp-content\/uploads\/2021\/01\/Corona-macht-Veraenderungen-bei-Lieferketten-noetig_Organisator.jpg\" \/>\n<script type=\"application\/ld+json\" class=\"yoast-schema-graph\">{\"@context\":\"https:\\\/\\\/schema.org\",\"@graph\":[{\"@type\":\"Article\",\"@id\":\"https:\\\/\\\/www.organisator.ch\\\/management\\\/2021-01-27\\\/corona-macht-veraenderungen-bei-lieferketten-noetig\\\/#article\",\"isPartOf\":{\"@id\":\"https:\\\/\\\/www.organisator.ch\\\/management\\\/2021-01-27\\\/corona-macht-veraenderungen-bei-lieferketten-noetig\\\/\"},\"author\":{\"name\":\"thomas.berner\",\"@id\":\"https:\\\/\\\/www.organisator.ch\\\/#\\\/schema\\\/person\\\/6f650f90b2842cd4c0cc334b4e36f67e\"},\"headline\":\"Corona macht Ver\u00e4nderungen bei Lieferketten n\u00f6tig\",\"datePublished\":\"2021-01-27T09:17:08+00:00\",\"mainEntityOfPage\":{\"@id\":\"https:\\\/\\\/www.organisator.ch\\\/management\\\/2021-01-27\\\/corona-macht-veraenderungen-bei-lieferketten-noetig\\\/\"},\"wordCount\":657,\"publisher\":{\"@id\":\"https:\\\/\\\/www.organisator.ch\\\/#organization\"},\"image\":{\"@id\":\"https:\\\/\\\/www.organisator.ch\\\/management\\\/2021-01-27\\\/corona-macht-veraenderungen-bei-lieferketten-noetig\\\/#primaryimage\"},\"thumbnailUrl\":\"https:\\\/\\\/www.organisator.ch\\\/wp-content\\\/uploads\\\/2021\\\/01\\\/Corona-macht-Veraenderungen-bei-Lieferketten-noetig_Organisator.jpg\",\"keywords\":[\"Coronavirus\",\"Logistik\",\"Management\",\"Studie\",\"Supply Chain Management\"],\"articleSection\":[\"MANAGEMENT\"],\"inLanguage\":\"en-US\"},{\"@type\":\"WebPage\",\"@id\":\"https:\\\/\\\/www.organisator.ch\\\/management\\\/2021-01-27\\\/corona-macht-veraenderungen-bei-lieferketten-noetig\\\/\",\"url\":\"https:\\\/\\\/www.organisator.ch\\\/management\\\/2021-01-27\\\/corona-macht-veraenderungen-bei-lieferketten-noetig\\\/\",\"name\":\"Corona macht Ver\u00e4nderungen bei Lieferketten n\u00f6tig - Organisator\",\"isPartOf\":{\"@id\":\"https:\\\/\\\/www.organisator.ch\\\/#website\"},\"primaryImageOfPage\":{\"@id\":\"https:\\\/\\\/www.organisator.ch\\\/management\\\/2021-01-27\\\/corona-macht-veraenderungen-bei-lieferketten-noetig\\\/#primaryimage\"},\"image\":{\"@id\":\"https:\\\/\\\/www.organisator.ch\\\/management\\\/2021-01-27\\\/corona-macht-veraenderungen-bei-lieferketten-noetig\\\/#primaryimage\"},\"thumbnailUrl\":\"https:\\\/\\\/www.organisator.ch\\\/wp-content\\\/uploads\\\/2021\\\/01\\\/Corona-macht-Veraenderungen-bei-Lieferketten-noetig_Organisator.jpg\",\"datePublished\":\"2021-01-27T09:17:08+00:00\",\"description\":\"Eine Studie im Auftrag von Orange Business Services unter internationalen Unternehmen zeigt: 40 Prozent der Lieferketten hielten der Pandemie nicht Stand.\",\"breadcrumb\":{\"@id\":\"https:\\\/\\\/www.organisator.ch\\\/management\\\/2021-01-27\\\/corona-macht-veraenderungen-bei-lieferketten-noetig\\\/#breadcrumb\"},\"inLanguage\":\"en-US\",\"potentialAction\":[{\"@type\":\"ReadAction\",\"target\":[\"https:\\\/\\\/www.organisator.ch\\\/management\\\/2021-01-27\\\/corona-macht-veraenderungen-bei-lieferketten-noetig\\\/\"]}]},{\"@type\":\"ImageObject\",\"inLanguage\":\"en-US\",\"@id\":\"https:\\\/\\\/www.organisator.ch\\\/management\\\/2021-01-27\\\/corona-macht-veraenderungen-bei-lieferketten-noetig\\\/#primaryimage\",\"url\":\"https:\\\/\\\/www.organisator.ch\\\/wp-content\\\/uploads\\\/2021\\\/01\\\/Corona-macht-Veraenderungen-bei-Lieferketten-noetig_Organisator.jpg\",\"contentUrl\":\"https:\\\/\\\/www.organisator.ch\\\/wp-content\\\/uploads\\\/2021\\\/01\\\/Corona-macht-Veraenderungen-bei-Lieferketten-noetig_Organisator.jpg\",\"width\":680,\"height\":342,\"caption\":\"\uf06e 70 Prozent der Unternehmen sehen globale Pandemie als gr\u00f6sstes Risiko f\u00fcr Lieferketten. Dies zeigt eine aktuelle Studie. (Bild: Pixabay.com)\"},{\"@type\":\"BreadcrumbList\",\"@id\":\"https:\\\/\\\/www.organisator.ch\\\/management\\\/2021-01-27\\\/corona-macht-veraenderungen-bei-lieferketten-noetig\\\/#breadcrumb\",\"itemListElement\":[{\"@type\":\"ListItem\",\"position\":1,\"name\":\"Home\",\"item\":\"https:\\\/\\\/www.organisator.ch\\\/\"},{\"@type\":\"ListItem\",\"position\":2,\"name\":\"Corona macht Ver\u00e4nderungen bei Lieferketten n\u00f6tig\"}]},{\"@type\":\"WebSite\",\"@id\":\"https:\\\/\\\/www.organisator.ch\\\/#website\",\"url\":\"https:\\\/\\\/www.organisator.ch\\\/\",\"name\":\"Organisator\",\"description\":\"Kompetent. Praxisnah. Der ORGANISATOR bereitet in 10 Ausgaben pro Jahr die wesentlichen Themen f\u00fcr F\u00fchrungskr\u00e4fte von KMU auf.\",\"publisher\":{\"@id\":\"https:\\\/\\\/www.organisator.ch\\\/#organization\"},\"potentialAction\":[{\"@type\":\"SearchAction\",\"target\":{\"@type\":\"EntryPoint\",\"urlTemplate\":\"https:\\\/\\\/www.organisator.ch\\\/?s={search_term_string}\"},\"query-input\":{\"@type\":\"PropertyValueSpecification\",\"valueRequired\":true,\"valueName\":\"search_term_string\"}}],\"inLanguage\":\"en-US\"},{\"@type\":\"Organization\",\"@id\":\"https:\\\/\\\/www.organisator.ch\\\/#organization\",\"name\":\"Organisator\",\"url\":\"https:\\\/\\\/www.organisator.ch\\\/\",\"logo\":{\"@type\":\"ImageObject\",\"inLanguage\":\"en-US\",\"@id\":\"https:\\\/\\\/www.organisator.ch\\\/#\\\/schema\\\/logo\\\/image\\\/\",\"url\":\"https:\\\/\\\/www.organisator.ch\\\/wp-content\\\/uploads\\\/2022\\\/01\\\/Logo_Organisator_Website.png\",\"contentUrl\":\"https:\\\/\\\/www.organisator.ch\\\/wp-content\\\/uploads\\\/2022\\\/01\\\/Logo_Organisator_Website.png\",\"width\":800,\"height\":77,\"caption\":\"Organisator\"},\"image\":{\"@id\":\"https:\\\/\\\/www.organisator.ch\\\/#\\\/schema\\\/logo\\\/image\\\/\"},\"sameAs\":[\"https:\\\/\\\/www.facebook.com\\\/OrganisatorFachmagazin\",\"https:\\\/\\\/www.linkedin.com\\\/showcase\\\/organisator-das-magazin-fr-kmu\",\"https:\\\/\\\/www.xing.com\\\/news\\\/pages\\\/organisator-ch-695\",\"https:\\\/\\\/www.youtube.com\\\/channel\\\/UCGP2Sq0iWaZwT3BdIAQFYpw\"]},{\"@type\":\"Person\",\"@id\":\"https:\\\/\\\/www.organisator.ch\\\/#\\\/schema\\\/person\\\/6f650f90b2842cd4c0cc334b4e36f67e\",\"name\":\"thomas.berner\",\"image\":{\"@type\":\"ImageObject\",\"inLanguage\":\"en-US\",\"@id\":\"https:\\\/\\\/secure.gravatar.com\\\/avatar\\\/ac5001d2a36cb6c6cd3e50789007ffca834b477b74a2144564522e944eabff61?s=96&d=mm&r=g\",\"url\":\"https:\\\/\\\/secure.gravatar.com\\\/avatar\\\/ac5001d2a36cb6c6cd3e50789007ffca834b477b74a2144564522e944eabff61?s=96&d=mm&r=g\",\"contentUrl\":\"https:\\\/\\\/secure.gravatar.com\\\/avatar\\\/ac5001d2a36cb6c6cd3e50789007ffca834b477b74a2144564522e944eabff61?s=96&d=mm&r=g\",\"caption\":\"thomas.berner\"},\"url\":\"https:\\\/\\\/www.organisator.ch\\\/en\\\/author\\\/thomas-berner\\\/\"}]}<\/script>\n<!-- \/ Yoast SEO plugin. -->","yoast_head_json":{"title":"Corona necessitates changes in supply chains - Organizer","description":"A study commissioned by Orange Business Services among international companies shows: 40 percent of supply chains did not withstand the pandemic.","robots":{"index":"index","follow":"follow","max-snippet":"max-snippet:-1","max-image-preview":"max-image-preview:large","max-video-preview":"max-video-preview:-1"},"canonical":"https:\/\/www.organisator.ch\/en\/management\/2021-01-27\/corona-macht-veraenderungen-bei-lieferketten-noetig\/","og_locale":"en_US","og_type":"article","og_title":"Corona macht Ver\u00e4nderungen bei Lieferketten n\u00f6tig","og_description":"Eine Studie im Auftrag von Orange Business Services unter internationalen Unternehmen zeigt: 40 Prozent der Lieferketten hielten der Pandemie nicht Stand.","og_url":"https:\/\/www.organisator.ch\/en\/management\/2021-01-27\/corona-macht-veraenderungen-bei-lieferketten-noetig\/","og_site_name":"Organisator","article_publisher":"https:\/\/www.facebook.com\/OrganisatorFachmagazin","article_published_time":"2021-01-27T09:17:08+00:00","og_image":[{"width":680,"height":342,"url":"https:\/\/www.organisator.ch\/wp-content\/uploads\/2021\/01\/Corona-macht-Veraenderungen-bei-Lieferketten-noetig_Organisator.jpg","type":"image\/jpeg"}],"author":"thomas.berner","twitter_card":"summary_large_image","twitter_title":"#Corona macht Ver\u00e4nderungen bei #Lieferketten n\u00f6tig","twitter_description":"Eine Studie im Auftrag von #OrangeBusinessServices unter internationalen Unternehmen zeigt: 40 Prozent der #Lieferketten hielten der Pandemie nicht Stand.","twitter_image":"https:\/\/www.organisator.ch\/wp-content\/uploads\/2021\/01\/Corona-macht-Veraenderungen-bei-Lieferketten-noetig_Organisator.jpg","schema":{"@context":"https:\/\/schema.org","@graph":[{"@type":"Article","@id":"https:\/\/www.organisator.ch\/management\/2021-01-27\/corona-macht-veraenderungen-bei-lieferketten-noetig\/#article","isPartOf":{"@id":"https:\/\/www.organisator.ch\/management\/2021-01-27\/corona-macht-veraenderungen-bei-lieferketten-noetig\/"},"author":{"name":"thomas.berner","@id":"https:\/\/www.organisator.ch\/#\/schema\/person\/6f650f90b2842cd4c0cc334b4e36f67e"},"headline":"Corona macht Ver\u00e4nderungen bei Lieferketten n\u00f6tig","datePublished":"2021-01-27T09:17:08+00:00","mainEntityOfPage":{"@id":"https:\/\/www.organisator.ch\/management\/2021-01-27\/corona-macht-veraenderungen-bei-lieferketten-noetig\/"},"wordCount":657,"publisher":{"@id":"https:\/\/www.organisator.ch\/#organization"},"image":{"@id":"https:\/\/www.organisator.ch\/management\/2021-01-27\/corona-macht-veraenderungen-bei-lieferketten-noetig\/#primaryimage"},"thumbnailUrl":"https:\/\/www.organisator.ch\/wp-content\/uploads\/2021\/01\/Corona-macht-Veraenderungen-bei-Lieferketten-noetig_Organisator.jpg","keywords":["Coronavirus","Logistik","Management","Studie","Supply Chain Management"],"articleSection":["MANAGEMENT"],"inLanguage":"en-US"},{"@type":"WebPage","@id":"https:\/\/www.organisator.ch\/management\/2021-01-27\/corona-macht-veraenderungen-bei-lieferketten-noetig\/","url":"https:\/\/www.organisator.ch\/management\/2021-01-27\/corona-macht-veraenderungen-bei-lieferketten-noetig\/","name":"Corona necessitates changes in supply chains - Organizer","isPartOf":{"@id":"https:\/\/www.organisator.ch\/#website"},"primaryImageOfPage":{"@id":"https:\/\/www.organisator.ch\/management\/2021-01-27\/corona-macht-veraenderungen-bei-lieferketten-noetig\/#primaryimage"},"image":{"@id":"https:\/\/www.organisator.ch\/management\/2021-01-27\/corona-macht-veraenderungen-bei-lieferketten-noetig\/#primaryimage"},"thumbnailUrl":"https:\/\/www.organisator.ch\/wp-content\/uploads\/2021\/01\/Corona-macht-Veraenderungen-bei-Lieferketten-noetig_Organisator.jpg","datePublished":"2021-01-27T09:17:08+00:00","description":"A study commissioned by Orange Business Services among international companies shows: 40 percent of supply chains did not withstand the pandemic.","breadcrumb":{"@id":"https:\/\/www.organisator.ch\/management\/2021-01-27\/corona-macht-veraenderungen-bei-lieferketten-noetig\/#breadcrumb"},"inLanguage":"en-US","potentialAction":[{"@type":"ReadAction","target":["https:\/\/www.organisator.ch\/management\/2021-01-27\/corona-macht-veraenderungen-bei-lieferketten-noetig\/"]}]},{"@type":"ImageObject","inLanguage":"en-US","@id":"https:\/\/www.organisator.ch\/management\/2021-01-27\/corona-macht-veraenderungen-bei-lieferketten-noetig\/#primaryimage","url":"https:\/\/www.organisator.ch\/wp-content\/uploads\/2021\/01\/Corona-macht-Veraenderungen-bei-Lieferketten-noetig_Organisator.jpg","contentUrl":"https:\/\/www.organisator.ch\/wp-content\/uploads\/2021\/01\/Corona-macht-Veraenderungen-bei-Lieferketten-noetig_Organisator.jpg","width":680,"height":342,"caption":"\uf06e 70 Prozent der Unternehmen sehen globale Pandemie als gr\u00f6sstes Risiko f\u00fcr Lieferketten. Dies zeigt eine aktuelle Studie. (Bild: Pixabay.com)"},{"@type":"BreadcrumbList","@id":"https:\/\/www.organisator.ch\/management\/2021-01-27\/corona-macht-veraenderungen-bei-lieferketten-noetig\/#breadcrumb","itemListElement":[{"@type":"ListItem","position":1,"name":"Home","item":"https:\/\/www.organisator.ch\/"},{"@type":"ListItem","position":2,"name":"Corona macht Ver\u00e4nderungen bei Lieferketten n\u00f6tig"}]},{"@type":"WebSite","@id":"https:\/\/www.organisator.ch\/#website","url":"https:\/\/www.organisator.ch\/","name":"Organizer","description":"Competent. Practical. In 10 issues per year, ORGANISATOR presents the essential topics for managers of SMEs.","publisher":{"@id":"https:\/\/www.organisator.ch\/#organization"},"potentialAction":[{"@type":"SearchAction","target":{"@type":"EntryPoint","urlTemplate":"https:\/\/www.organisator.ch\/?s={search_term_string}"},"query-input":{"@type":"PropertyValueSpecification","valueRequired":true,"valueName":"search_term_string"}}],"inLanguage":"en-US"},{"@type":"Organization","@id":"https:\/\/www.organisator.ch\/#organization","name":"Organizer","url":"https:\/\/www.organisator.ch\/","logo":{"@type":"ImageObject","inLanguage":"en-US","@id":"https:\/\/www.organisator.ch\/#\/schema\/logo\/image\/","url":"https:\/\/www.organisator.ch\/wp-content\/uploads\/2022\/01\/Logo_Organisator_Website.png","contentUrl":"https:\/\/www.organisator.ch\/wp-content\/uploads\/2022\/01\/Logo_Organisator_Website.png","width":800,"height":77,"caption":"Organisator"},"image":{"@id":"https:\/\/www.organisator.ch\/#\/schema\/logo\/image\/"},"sameAs":["https:\/\/www.facebook.com\/OrganisatorFachmagazin","https:\/\/www.linkedin.com\/showcase\/organisator-das-magazin-fr-kmu","https:\/\/www.xing.com\/news\/pages\/organisator-ch-695","https:\/\/www.youtube.com\/channel\/UCGP2Sq0iWaZwT3BdIAQFYpw"]},{"@type":"Person","@id":"https:\/\/www.organisator.ch\/#\/schema\/person\/6f650f90b2842cd4c0cc334b4e36f67e","name":"thomas.berner","image":{"@type":"ImageObject","inLanguage":"en-US","@id":"https:\/\/secure.gravatar.com\/avatar\/ac5001d2a36cb6c6cd3e50789007ffca834b477b74a2144564522e944eabff61?s=96&d=mm&r=g","url":"https:\/\/secure.gravatar.com\/avatar\/ac5001d2a36cb6c6cd3e50789007ffca834b477b74a2144564522e944eabff61?s=96&d=mm&r=g","contentUrl":"https:\/\/secure.gravatar.com\/avatar\/ac5001d2a36cb6c6cd3e50789007ffca834b477b74a2144564522e944eabff61?s=96&d=mm&r=g","caption":"thomas.berner"},"url":"https:\/\/www.organisator.ch\/en\/author\/thomas-berner\/"}]}},"_links":{"self":[{"href":"https:\/\/www.organisator.ch\/en\/wp-json\/wp\/v2\/posts\/7572","targetHints":{"allow":["GET"]}}],"collection":[{"href":"https:\/\/www.organisator.ch\/en\/wp-json\/wp\/v2\/posts"}],"about":[{"href":"https:\/\/www.organisator.ch\/en\/wp-json\/wp\/v2\/types\/post"}],"author":[{"embeddable":true,"href":"https:\/\/www.organisator.ch\/en\/wp-json\/wp\/v2\/users\/4"}],"replies":[{"embeddable":true,"href":"https:\/\/www.organisator.ch\/en\/wp-json\/wp\/v2\/comments?post=7572"}],"version-history":[{"count":0,"href":"https:\/\/www.organisator.ch\/en\/wp-json\/wp\/v2\/posts\/7572\/revisions"}],"wp:featuredmedia":[{"embeddable":true,"href":"https:\/\/www.organisator.ch\/en\/wp-json\/wp\/v2\/media\/7573"}],"wp:attachment":[{"href":"https:\/\/www.organisator.ch\/en\/wp-json\/wp\/v2\/media?parent=7572"}],"wp:term":[{"taxonomy":"category","embeddable":true,"href":"https:\/\/www.organisator.ch\/en\/wp-json\/wp\/v2\/categories?post=7572"},{"taxonomy":"post_tag","embeddable":true,"href":"https:\/\/www.organisator.ch\/en\/wp-json\/wp\/v2\/tags?post=7572"}],"curies":[{"name":"wp","href":"https:\/\/api.w.org\/{rel}","templated":true}]}}