{"id":7589,"date":"2021-02-04T11:13:05","date_gmt":"2021-02-04T10:13:05","guid":{"rendered":"https:\/\/www.organisator.ch\/?p=7589"},"modified":"2021-02-04T11:13:05","modified_gmt":"2021-02-04T10:13:05","slug":"bgm-in-kmu-das-geht","status":"publish","type":"post","link":"https:\/\/www.organisator.ch\/en\/human-resources\/fit_im_job\/2021-02-04\/bgm-in-kmu-das-geht\/","title":{"rendered":"BGM in SMEs: It's possible!"},"content":{"rendered":"<figure id=\"attachment_7590\" aria-describedby=\"caption-attachment-7590\" style=\"width: 680px\" class=\"wp-caption alignnone\"><img loading=\"lazy\" decoding=\"async\" class=\"size-medium wp-image-7590\" src=\"https:\/\/www.organisator.ch\/wp-content\/uploads\/2021\/02\/BGM-in-KMU-Das-geht_Organisator.jpg\" alt=\"\" width=\"680\" height=\"571\" srcset=\"https:\/\/www.organisator.ch\/wp-content\/uploads\/2021\/02\/BGM-in-KMU-Das-geht_Organisator.jpg 680w, https:\/\/www.organisator.ch\/wp-content\/uploads\/2021\/02\/BGM-in-KMU-Das-geht_Organisator-14x12.jpg 14w, https:\/\/www.organisator.ch\/wp-content\/uploads\/2021\/02\/BGM-in-KMU-Das-geht_Organisator-208x175.jpg 208w, https:\/\/www.organisator.ch\/wp-content\/uploads\/2021\/02\/BGM-in-KMU-Das-geht_Organisator-417x350.jpg 417w, https:\/\/www.organisator.ch\/wp-content\/uploads\/2021\/02\/BGM-in-KMU-Das-geht_Organisator-300x252.jpg 300w\" sizes=\"auto, (max-width: 680px) 100vw, 680px\" \/><figcaption id=\"caption-attachment-7590\" class=\"wp-caption-text\">BGM in SMEs: Mathias Fr\u00f6hlich shows that it is also worthwhile for small companies to invest in occupational health management. (Image: zVg)<\/figcaption><\/figure>\n<p>The architecture firm has been awarded the \"Friendly Work Space\" label by Health Promotion Switzerland since August 2017. \"We are the first architecture firm in the canton of Schwyz and currently the smallest company in Switzerland to receive this award,\" says owner Mathias Fr\u00f6hlich. What was the trigger for this comprehensive BGM commitment?<\/p>\n<h2>Pragmatic start<\/h2>\n<p>In 2014, Mathias Fr\u00f6hlich was confronted with the complete absence of a project manager and the executive assistant due to illness. A loss that was difficult to compensate for, with the risk of further absences due to a permanent overload of the remaining employees. For the entrepreneur it was clear that something had to be done preventively for the health of his team. He found the right support in his new management assistant and BGM manager Nadine Martig. Mathias Fr\u00f6hlich on the beginnings: \"We approached the topic very pragmatically with measures that were plausible for everyone involved. These included nutrition and ergonomics consulting as well as team workshops. These measures have proven so successful that they have since become an integral part of our occupational health management.\"<\/p>\n<h2>Measurable effect<\/h2>\n<p>Since 2014, Fr\u00f6hlich Architektur has relied on the validated tools and expertise of Health Promotion Switzerland for the professional development of its systematic occupational health management. A partnership that has proven its worth. Linked to this was the decision to be certified as a \"Friendly Work Space\". Mathias Fr\u00f6hlich thus sent a clear signal that, as an SME entrepreneur, the health of his employees is a priority for him.<br \/>\nemployees is a sustainable concern. This also includes an annual BGM impact check using Friendly Work Space (FWS) Job Stress Analysis, the digital employee survey from Health Promotion Switzerland. \"This is also a perfect initial orientation for getting started with BGM, which is why I recommend it to every SME,\" emphasizes Fr\u00f6hlich.<\/p>\n<h2>Better through the crisis with BGM<\/h2>\n<p>In 2018, Fr\u00f6hlich Architektur found itself in a serious economic crisis. \"Thanks to our BGM measures, we were already very well sensitized at that time to pay attention to our own health and that of our colleagues in this extreme stress phase. Fears, concerns, criticism, etc. were and are openly addressed. The resulting strengthened team cohesion and the high level of loyalty of our employees have made a decisive contribution to overcoming this crisis. With these experiences under our belt, we were able to keep the Corona year 2020 well under control. That's why there's no question in my mind that systematic occupational health management is worthwhile - especially for SMEs,\" concludes Mathias Fr\u00f6hlich.<\/p>\n<p>&nbsp;<\/p>\n<p><strong><em>Background: BGM in SMEs<\/em><\/strong><\/p>\n<p><em>The Fr\u00f6hlich Architektur AG (<a href=\"http:\/\/www.froehlicharchitektur.ch\">www.froehlicharchitektur.ch<\/a>) is based in B\u00e4ch (SZ) and Zurich. Owner Mathias Fr\u00f6hlich and his highly qualified team of more than 20 people dedicate themselves with broad professional experience and enthusiasm to the design of valuable living space. Fr\u00f6hlich Generalunternehmung AG, founded by Mathias Fr\u00f6hlich in 2015, offers in addition to the architectural services <\/em><em>also offers all GU\/TU and real estate services.<\/em><\/p>\n<p><em>Health Promotion Switzerland is a foundation under private law, supported by the cantons and insurers. With a legal mandate, it initiates, coordinates and evaluates measures to promote health. This also includes supporting companies in setting up an occupational health management system. Until March 31, 2021, Health Promotion Switzerland is offering SMEs that want to benefit from this support a simple and inexpensive way to get started with occupational health management.<\/em><br \/>\n<em>&gt; More details under <a href=\"http:\/\/www.friendlyworkspace.ch\/anteilsfinanzierung\">www.friendlyworkspace.ch\/anteilsfinanzierung<\/a><\/em><\/p>","protected":false},"excerpt":{"rendered":"<p>Das Architekturb\u00fcro ist seit August 2017 mit dem Label \u00abFriendly Work Space\u00bb von Gesundheitsf\u00f6rderung Schweiz ausgezeichnet. \u00abWir sind das erste Architekturb\u00fcro im Kanton Schwyz und momentan der kleinste Betrieb in der Schweiz, der diese Auszeichnung erhalten hat\u00bb, erz\u00e4hlt Inhaber Mathias Fr\u00f6hlich. Was war der Ausl\u00f6ser f\u00fcr dieses umfassende BGM-Engagement? Pragmatischer Start 2014 war Mathias Fr\u00f6hlich [&hellip;]<\/p>\n","protected":false},"author":4,"featured_media":7590,"comment_status":"closed","ping_status":"closed","sticky":false,"template":"","format":"standard","meta":{"_acf_changed":false,"_yoast_wpseo_focuskw":"BGM in KMU","_yoast_wpseo_metadesc":"Der Vorbehalt, dass BGM in KMU viel Aufwand verursache und zu wenig Nutzen bringe, h\u00e4lt sich hartn\u00e4ckig. Die Fr\u00f6hlich Architektur AG beweist das Gegenteil.","articlekey":"","footnotes":""},"categories":[25],"tags":[77,208,492],"class_list":["post-7589","post","type-post","status-publish","format-standard","has-post-thumbnail","hentry","category-fit_im_job","tag-betriebliches-gesundheitsmanagement","tag-fit-im-job","tag-unternehmen"],"acf":[],"yoast_head":"<!-- This site is optimized with the Yoast SEO plugin v27.5 - https:\/\/yoast.com\/product\/yoast-seo-wordpress\/ -->\n<title>BGM in KMU: Das geht! - Organisator<\/title>\n<meta name=\"description\" content=\"Der Vorbehalt, dass BGM in KMU viel Aufwand verursache und zu wenig Nutzen bringe, h\u00e4lt sich hartn\u00e4ckig. Die Fr\u00f6hlich Architektur AG beweist das Gegenteil.\" \/>\n<meta name=\"robots\" content=\"index, follow, max-snippet:-1, max-image-preview:large, max-video-preview:-1\" \/>\n<link rel=\"canonical\" href=\"https:\/\/www.organisator.ch\/en\/human-resources\/fit_im_job\/2021-02-04\/bgm-in-kmu-das-geht\/\" \/>\n<meta property=\"og:locale\" content=\"en_US\" \/>\n<meta property=\"og:type\" content=\"article\" \/>\n<meta property=\"og:title\" content=\"BGM in KMU: Das geht!\" \/>\n<meta property=\"og:description\" content=\"Der Vorbehalt, dass BGM in KMU viel Aufwand verursache und zu wenig Nutzen bringe, h\u00e4lt sich hartn\u00e4ckig. Die Fr\u00f6hlich Architektur AG beweist das Gegenteil.\" \/>\n<meta property=\"og:url\" content=\"https:\/\/www.organisator.ch\/en\/human-resources\/fit_im_job\/2021-02-04\/bgm-in-kmu-das-geht\/\" \/>\n<meta property=\"og:site_name\" content=\"Organisator\" \/>\n<meta property=\"article:publisher\" content=\"https:\/\/www.facebook.com\/OrganisatorFachmagazin\" \/>\n<meta property=\"article:published_time\" content=\"2021-02-04T10:13:05+00:00\" \/>\n<meta property=\"og:image\" content=\"https:\/\/www.organisator.ch\/wp-content\/uploads\/2021\/02\/BGM-in-KMU-Das-geht_Organisator.jpg\" \/>\n\t<meta property=\"og:image:width\" content=\"680\" \/>\n\t<meta property=\"og:image:height\" content=\"571\" \/>\n\t<meta property=\"og:image:type\" content=\"image\/jpeg\" \/>\n<meta name=\"author\" content=\"thomas.berner\" \/>\n<meta name=\"twitter:card\" content=\"summary_large_image\" \/>\n<meta name=\"twitter:title\" content=\"#BGM in KMU: Das geht!\" \/>\n<meta name=\"twitter:description\" content=\"Der Vorbehalt, dass #BGM in KMU viel Aufwand verursache und zu wenig Nutzen bringe, h\u00e4lt sich hartn\u00e4ckig. Die #Fr\u00f6hlich Architektur AG beweist das Gegenteil.\" \/>\n<meta name=\"twitter:image\" content=\"https:\/\/www.organisator.ch\/wp-content\/uploads\/2021\/02\/BGM-in-KMU-Das-geht_Organisator.jpg\" \/>\n<script type=\"application\/ld+json\" class=\"yoast-schema-graph\">{\"@context\":\"https:\\\/\\\/schema.org\",\"@graph\":[{\"@type\":\"Article\",\"@id\":\"https:\\\/\\\/www.organisator.ch\\\/human-resources\\\/fit_im_job\\\/2021-02-04\\\/bgm-in-kmu-das-geht\\\/#article\",\"isPartOf\":{\"@id\":\"https:\\\/\\\/www.organisator.ch\\\/human-resources\\\/fit_im_job\\\/2021-02-04\\\/bgm-in-kmu-das-geht\\\/\"},\"author\":{\"name\":\"thomas.berner\",\"@id\":\"https:\\\/\\\/www.organisator.ch\\\/#\\\/schema\\\/person\\\/6f650f90b2842cd4c0cc334b4e36f67e\"},\"headline\":\"BGM in KMU: Das geht!\",\"datePublished\":\"2021-02-04T10:13:05+00:00\",\"mainEntityOfPage\":{\"@id\":\"https:\\\/\\\/www.organisator.ch\\\/human-resources\\\/fit_im_job\\\/2021-02-04\\\/bgm-in-kmu-das-geht\\\/\"},\"wordCount\":567,\"publisher\":{\"@id\":\"https:\\\/\\\/www.organisator.ch\\\/#organization\"},\"image\":{\"@id\":\"https:\\\/\\\/www.organisator.ch\\\/human-resources\\\/fit_im_job\\\/2021-02-04\\\/bgm-in-kmu-das-geht\\\/#primaryimage\"},\"thumbnailUrl\":\"https:\\\/\\\/www.organisator.ch\\\/wp-content\\\/uploads\\\/2021\\\/02\\\/BGM-in-KMU-Das-geht_Organisator.jpg\",\"keywords\":[\"Betriebliches Gesundheitsmanagement\",\"Fit im Job\",\"Unternehmen\"],\"articleSection\":[\"FIT IM JOB\"],\"inLanguage\":\"en-US\"},{\"@type\":\"WebPage\",\"@id\":\"https:\\\/\\\/www.organisator.ch\\\/human-resources\\\/fit_im_job\\\/2021-02-04\\\/bgm-in-kmu-das-geht\\\/\",\"url\":\"https:\\\/\\\/www.organisator.ch\\\/human-resources\\\/fit_im_job\\\/2021-02-04\\\/bgm-in-kmu-das-geht\\\/\",\"name\":\"BGM in KMU: Das geht! - Organisator\",\"isPartOf\":{\"@id\":\"https:\\\/\\\/www.organisator.ch\\\/#website\"},\"primaryImageOfPage\":{\"@id\":\"https:\\\/\\\/www.organisator.ch\\\/human-resources\\\/fit_im_job\\\/2021-02-04\\\/bgm-in-kmu-das-geht\\\/#primaryimage\"},\"image\":{\"@id\":\"https:\\\/\\\/www.organisator.ch\\\/human-resources\\\/fit_im_job\\\/2021-02-04\\\/bgm-in-kmu-das-geht\\\/#primaryimage\"},\"thumbnailUrl\":\"https:\\\/\\\/www.organisator.ch\\\/wp-content\\\/uploads\\\/2021\\\/02\\\/BGM-in-KMU-Das-geht_Organisator.jpg\",\"datePublished\":\"2021-02-04T10:13:05+00:00\",\"description\":\"Der Vorbehalt, dass BGM in KMU viel Aufwand verursache und zu wenig Nutzen bringe, h\u00e4lt sich hartn\u00e4ckig. Die Fr\u00f6hlich Architektur AG beweist das Gegenteil.\",\"breadcrumb\":{\"@id\":\"https:\\\/\\\/www.organisator.ch\\\/human-resources\\\/fit_im_job\\\/2021-02-04\\\/bgm-in-kmu-das-geht\\\/#breadcrumb\"},\"inLanguage\":\"en-US\",\"potentialAction\":[{\"@type\":\"ReadAction\",\"target\":[\"https:\\\/\\\/www.organisator.ch\\\/human-resources\\\/fit_im_job\\\/2021-02-04\\\/bgm-in-kmu-das-geht\\\/\"]}]},{\"@type\":\"ImageObject\",\"inLanguage\":\"en-US\",\"@id\":\"https:\\\/\\\/www.organisator.ch\\\/human-resources\\\/fit_im_job\\\/2021-02-04\\\/bgm-in-kmu-das-geht\\\/#primaryimage\",\"url\":\"https:\\\/\\\/www.organisator.ch\\\/wp-content\\\/uploads\\\/2021\\\/02\\\/BGM-in-KMU-Das-geht_Organisator.jpg\",\"contentUrl\":\"https:\\\/\\\/www.organisator.ch\\\/wp-content\\\/uploads\\\/2021\\\/02\\\/BGM-in-KMU-Das-geht_Organisator.jpg\",\"width\":680,\"height\":571,\"caption\":\"BGM in KMU: Mathias Fr\u00f6hlich zeigt, dass es sich auch f\u00fcr kleine Unternehmen lohnt, in betriebliches Gesundheitsmanagement zu investieren. (Bild: zVg)\"},{\"@type\":\"BreadcrumbList\",\"@id\":\"https:\\\/\\\/www.organisator.ch\\\/human-resources\\\/fit_im_job\\\/2021-02-04\\\/bgm-in-kmu-das-geht\\\/#breadcrumb\",\"itemListElement\":[{\"@type\":\"ListItem\",\"position\":1,\"name\":\"Home\",\"item\":\"https:\\\/\\\/www.organisator.ch\\\/\"},{\"@type\":\"ListItem\",\"position\":2,\"name\":\"BGM in KMU: Das geht!\"}]},{\"@type\":\"WebSite\",\"@id\":\"https:\\\/\\\/www.organisator.ch\\\/#website\",\"url\":\"https:\\\/\\\/www.organisator.ch\\\/\",\"name\":\"Organisator\",\"description\":\"Kompetent. Praxisnah. Der ORGANISATOR bereitet in 10 Ausgaben pro Jahr die wesentlichen Themen f\u00fcr F\u00fchrungskr\u00e4fte von KMU auf.\",\"publisher\":{\"@id\":\"https:\\\/\\\/www.organisator.ch\\\/#organization\"},\"potentialAction\":[{\"@type\":\"SearchAction\",\"target\":{\"@type\":\"EntryPoint\",\"urlTemplate\":\"https:\\\/\\\/www.organisator.ch\\\/?s={search_term_string}\"},\"query-input\":{\"@type\":\"PropertyValueSpecification\",\"valueRequired\":true,\"valueName\":\"search_term_string\"}}],\"inLanguage\":\"en-US\"},{\"@type\":\"Organization\",\"@id\":\"https:\\\/\\\/www.organisator.ch\\\/#organization\",\"name\":\"Organisator\",\"url\":\"https:\\\/\\\/www.organisator.ch\\\/\",\"logo\":{\"@type\":\"ImageObject\",\"inLanguage\":\"en-US\",\"@id\":\"https:\\\/\\\/www.organisator.ch\\\/#\\\/schema\\\/logo\\\/image\\\/\",\"url\":\"https:\\\/\\\/www.organisator.ch\\\/wp-content\\\/uploads\\\/2022\\\/01\\\/Logo_Organisator_Website.png\",\"contentUrl\":\"https:\\\/\\\/www.organisator.ch\\\/wp-content\\\/uploads\\\/2022\\\/01\\\/Logo_Organisator_Website.png\",\"width\":800,\"height\":77,\"caption\":\"Organisator\"},\"image\":{\"@id\":\"https:\\\/\\\/www.organisator.ch\\\/#\\\/schema\\\/logo\\\/image\\\/\"},\"sameAs\":[\"https:\\\/\\\/www.facebook.com\\\/OrganisatorFachmagazin\",\"https:\\\/\\\/www.linkedin.com\\\/showcase\\\/organisator-das-magazin-fr-kmu\",\"https:\\\/\\\/www.xing.com\\\/news\\\/pages\\\/organisator-ch-695\",\"https:\\\/\\\/www.youtube.com\\\/channel\\\/UCGP2Sq0iWaZwT3BdIAQFYpw\"]},{\"@type\":\"Person\",\"@id\":\"https:\\\/\\\/www.organisator.ch\\\/#\\\/schema\\\/person\\\/6f650f90b2842cd4c0cc334b4e36f67e\",\"name\":\"thomas.berner\",\"image\":{\"@type\":\"ImageObject\",\"inLanguage\":\"en-US\",\"@id\":\"https:\\\/\\\/secure.gravatar.com\\\/avatar\\\/ac5001d2a36cb6c6cd3e50789007ffca834b477b74a2144564522e944eabff61?s=96&d=mm&r=g\",\"url\":\"https:\\\/\\\/secure.gravatar.com\\\/avatar\\\/ac5001d2a36cb6c6cd3e50789007ffca834b477b74a2144564522e944eabff61?s=96&d=mm&r=g\",\"contentUrl\":\"https:\\\/\\\/secure.gravatar.com\\\/avatar\\\/ac5001d2a36cb6c6cd3e50789007ffca834b477b74a2144564522e944eabff61?s=96&d=mm&r=g\",\"caption\":\"thomas.berner\"},\"url\":\"https:\\\/\\\/www.organisator.ch\\\/en\\\/author\\\/thomas-berner\\\/\"}]}<\/script>\n<!-- \/ Yoast SEO plugin. -->","yoast_head_json":{"title":"BGM in SMEs: It's possible! - Organizer","description":"The reservation that BGM in SMEs causes a lot of effort and brings too little benefit persists. Fr\u00f6hlich Architektur AG proves the opposite.","robots":{"index":"index","follow":"follow","max-snippet":"max-snippet:-1","max-image-preview":"max-image-preview:large","max-video-preview":"max-video-preview:-1"},"canonical":"https:\/\/www.organisator.ch\/en\/human-resources\/fit_im_job\/2021-02-04\/bgm-in-kmu-das-geht\/","og_locale":"en_US","og_type":"article","og_title":"BGM in KMU: Das geht!","og_description":"Der Vorbehalt, dass BGM in KMU viel Aufwand verursache und zu wenig Nutzen bringe, h\u00e4lt sich hartn\u00e4ckig. Die Fr\u00f6hlich Architektur AG beweist das Gegenteil.","og_url":"https:\/\/www.organisator.ch\/en\/human-resources\/fit_im_job\/2021-02-04\/bgm-in-kmu-das-geht\/","og_site_name":"Organisator","article_publisher":"https:\/\/www.facebook.com\/OrganisatorFachmagazin","article_published_time":"2021-02-04T10:13:05+00:00","og_image":[{"width":680,"height":571,"url":"https:\/\/www.organisator.ch\/wp-content\/uploads\/2021\/02\/BGM-in-KMU-Das-geht_Organisator.jpg","type":"image\/jpeg"}],"author":"thomas.berner","twitter_card":"summary_large_image","twitter_title":"#BGM in KMU: Das geht!","twitter_description":"Der Vorbehalt, dass #BGM in KMU viel Aufwand verursache und zu wenig Nutzen bringe, h\u00e4lt sich hartn\u00e4ckig. Die #Fr\u00f6hlich Architektur AG beweist das Gegenteil.","twitter_image":"https:\/\/www.organisator.ch\/wp-content\/uploads\/2021\/02\/BGM-in-KMU-Das-geht_Organisator.jpg","schema":{"@context":"https:\/\/schema.org","@graph":[{"@type":"Article","@id":"https:\/\/www.organisator.ch\/human-resources\/fit_im_job\/2021-02-04\/bgm-in-kmu-das-geht\/#article","isPartOf":{"@id":"https:\/\/www.organisator.ch\/human-resources\/fit_im_job\/2021-02-04\/bgm-in-kmu-das-geht\/"},"author":{"name":"thomas.berner","@id":"https:\/\/www.organisator.ch\/#\/schema\/person\/6f650f90b2842cd4c0cc334b4e36f67e"},"headline":"BGM in KMU: Das geht!","datePublished":"2021-02-04T10:13:05+00:00","mainEntityOfPage":{"@id":"https:\/\/www.organisator.ch\/human-resources\/fit_im_job\/2021-02-04\/bgm-in-kmu-das-geht\/"},"wordCount":567,"publisher":{"@id":"https:\/\/www.organisator.ch\/#organization"},"image":{"@id":"https:\/\/www.organisator.ch\/human-resources\/fit_im_job\/2021-02-04\/bgm-in-kmu-das-geht\/#primaryimage"},"thumbnailUrl":"https:\/\/www.organisator.ch\/wp-content\/uploads\/2021\/02\/BGM-in-KMU-Das-geht_Organisator.jpg","keywords":["Betriebliches Gesundheitsmanagement","Fit im Job","Unternehmen"],"articleSection":["FIT IM JOB"],"inLanguage":"en-US"},{"@type":"WebPage","@id":"https:\/\/www.organisator.ch\/human-resources\/fit_im_job\/2021-02-04\/bgm-in-kmu-das-geht\/","url":"https:\/\/www.organisator.ch\/human-resources\/fit_im_job\/2021-02-04\/bgm-in-kmu-das-geht\/","name":"BGM in SMEs: It's possible! - Organizer","isPartOf":{"@id":"https:\/\/www.organisator.ch\/#website"},"primaryImageOfPage":{"@id":"https:\/\/www.organisator.ch\/human-resources\/fit_im_job\/2021-02-04\/bgm-in-kmu-das-geht\/#primaryimage"},"image":{"@id":"https:\/\/www.organisator.ch\/human-resources\/fit_im_job\/2021-02-04\/bgm-in-kmu-das-geht\/#primaryimage"},"thumbnailUrl":"https:\/\/www.organisator.ch\/wp-content\/uploads\/2021\/02\/BGM-in-KMU-Das-geht_Organisator.jpg","datePublished":"2021-02-04T10:13:05+00:00","description":"The reservation that BGM in SMEs causes a lot of effort and brings too little benefit persists. Fr\u00f6hlich Architektur AG proves the opposite.","breadcrumb":{"@id":"https:\/\/www.organisator.ch\/human-resources\/fit_im_job\/2021-02-04\/bgm-in-kmu-das-geht\/#breadcrumb"},"inLanguage":"en-US","potentialAction":[{"@type":"ReadAction","target":["https:\/\/www.organisator.ch\/human-resources\/fit_im_job\/2021-02-04\/bgm-in-kmu-das-geht\/"]}]},{"@type":"ImageObject","inLanguage":"en-US","@id":"https:\/\/www.organisator.ch\/human-resources\/fit_im_job\/2021-02-04\/bgm-in-kmu-das-geht\/#primaryimage","url":"https:\/\/www.organisator.ch\/wp-content\/uploads\/2021\/02\/BGM-in-KMU-Das-geht_Organisator.jpg","contentUrl":"https:\/\/www.organisator.ch\/wp-content\/uploads\/2021\/02\/BGM-in-KMU-Das-geht_Organisator.jpg","width":680,"height":571,"caption":"BGM in KMU: Mathias Fr\u00f6hlich zeigt, dass es sich auch f\u00fcr kleine Unternehmen lohnt, in betriebliches Gesundheitsmanagement zu investieren. (Bild: zVg)"},{"@type":"BreadcrumbList","@id":"https:\/\/www.organisator.ch\/human-resources\/fit_im_job\/2021-02-04\/bgm-in-kmu-das-geht\/#breadcrumb","itemListElement":[{"@type":"ListItem","position":1,"name":"Home","item":"https:\/\/www.organisator.ch\/"},{"@type":"ListItem","position":2,"name":"BGM in KMU: Das geht!"}]},{"@type":"WebSite","@id":"https:\/\/www.organisator.ch\/#website","url":"https:\/\/www.organisator.ch\/","name":"Organizer","description":"Competent. Practical. In 10 issues per year, ORGANISATOR presents the essential topics for managers of SMEs.","publisher":{"@id":"https:\/\/www.organisator.ch\/#organization"},"potentialAction":[{"@type":"SearchAction","target":{"@type":"EntryPoint","urlTemplate":"https:\/\/www.organisator.ch\/?s={search_term_string}"},"query-input":{"@type":"PropertyValueSpecification","valueRequired":true,"valueName":"search_term_string"}}],"inLanguage":"en-US"},{"@type":"Organization","@id":"https:\/\/www.organisator.ch\/#organization","name":"Organizer","url":"https:\/\/www.organisator.ch\/","logo":{"@type":"ImageObject","inLanguage":"en-US","@id":"https:\/\/www.organisator.ch\/#\/schema\/logo\/image\/","url":"https:\/\/www.organisator.ch\/wp-content\/uploads\/2022\/01\/Logo_Organisator_Website.png","contentUrl":"https:\/\/www.organisator.ch\/wp-content\/uploads\/2022\/01\/Logo_Organisator_Website.png","width":800,"height":77,"caption":"Organisator"},"image":{"@id":"https:\/\/www.organisator.ch\/#\/schema\/logo\/image\/"},"sameAs":["https:\/\/www.facebook.com\/OrganisatorFachmagazin","https:\/\/www.linkedin.com\/showcase\/organisator-das-magazin-fr-kmu","https:\/\/www.xing.com\/news\/pages\/organisator-ch-695","https:\/\/www.youtube.com\/channel\/UCGP2Sq0iWaZwT3BdIAQFYpw"]},{"@type":"Person","@id":"https:\/\/www.organisator.ch\/#\/schema\/person\/6f650f90b2842cd4c0cc334b4e36f67e","name":"thomas.berner","image":{"@type":"ImageObject","inLanguage":"en-US","@id":"https:\/\/secure.gravatar.com\/avatar\/ac5001d2a36cb6c6cd3e50789007ffca834b477b74a2144564522e944eabff61?s=96&d=mm&r=g","url":"https:\/\/secure.gravatar.com\/avatar\/ac5001d2a36cb6c6cd3e50789007ffca834b477b74a2144564522e944eabff61?s=96&d=mm&r=g","contentUrl":"https:\/\/secure.gravatar.com\/avatar\/ac5001d2a36cb6c6cd3e50789007ffca834b477b74a2144564522e944eabff61?s=96&d=mm&r=g","caption":"thomas.berner"},"url":"https:\/\/www.organisator.ch\/en\/author\/thomas-berner\/"}]}},"_links":{"self":[{"href":"https:\/\/www.organisator.ch\/en\/wp-json\/wp\/v2\/posts\/7589","targetHints":{"allow":["GET"]}}],"collection":[{"href":"https:\/\/www.organisator.ch\/en\/wp-json\/wp\/v2\/posts"}],"about":[{"href":"https:\/\/www.organisator.ch\/en\/wp-json\/wp\/v2\/types\/post"}],"author":[{"embeddable":true,"href":"https:\/\/www.organisator.ch\/en\/wp-json\/wp\/v2\/users\/4"}],"replies":[{"embeddable":true,"href":"https:\/\/www.organisator.ch\/en\/wp-json\/wp\/v2\/comments?post=7589"}],"version-history":[{"count":0,"href":"https:\/\/www.organisator.ch\/en\/wp-json\/wp\/v2\/posts\/7589\/revisions"}],"wp:featuredmedia":[{"embeddable":true,"href":"https:\/\/www.organisator.ch\/en\/wp-json\/wp\/v2\/media\/7590"}],"wp:attachment":[{"href":"https:\/\/www.organisator.ch\/en\/wp-json\/wp\/v2\/media?parent=7589"}],"wp:term":[{"taxonomy":"category","embeddable":true,"href":"https:\/\/www.organisator.ch\/en\/wp-json\/wp\/v2\/categories?post=7589"},{"taxonomy":"post_tag","embeddable":true,"href":"https:\/\/www.organisator.ch\/en\/wp-json\/wp\/v2\/tags?post=7589"}],"curies":[{"name":"wp","href":"https:\/\/api.w.org\/{rel}","templated":true}]}}