{"id":762,"date":"2017-02-23T08:36:08","date_gmt":"2017-02-23T07:36:08","guid":{"rendered":"https:\/\/www.umweltperspektiven.ch\/?p=762"},"modified":"2022-02-09T11:06:21","modified_gmt":"2022-02-09T10:06:21","slug":"die-grosse-frage-lenken-oder-foerdern","status":"publish","type":"post","link":"https:\/\/www.organisator.ch\/en\/sustainability\/2017-02-23\/die-grosse-frage-lenken-oder-foerdern\/","title":{"rendered":"The big question: Steer or promote?"},"content":{"rendered":"<figure id=\"attachment_763\" aria-describedby=\"caption-attachment-763\" style=\"width: 680px\" class=\"wp-caption alignnone\"><img loading=\"lazy\" decoding=\"async\" class=\"size-medium wp-image-763\" src=\"\/\/www.umweltperspektiven.ch\/wp-content\/uploads\/2017\/02\/Depositphotos_11942296_l-2015.jpg\" alt=\"\" width=\"680\" height=\"453\" srcset=\"https:\/\/www.organisator.ch\/wp-content\/uploads\/2017\/02\/Depositphotos_11942296_l-2015.jpg 2000w, https:\/\/www.organisator.ch\/wp-content\/uploads\/2017\/02\/Depositphotos_11942296_l-2015-680x453.jpg 680w, https:\/\/www.organisator.ch\/wp-content\/uploads\/2017\/02\/Depositphotos_11942296_l-2015-1024x682.jpg 1024w, https:\/\/www.organisator.ch\/wp-content\/uploads\/2017\/02\/Depositphotos_11942296_l-2015-768x511.jpg 768w, https:\/\/www.organisator.ch\/wp-content\/uploads\/2017\/02\/Depositphotos_11942296_l-2015-1536x1023.jpg 1536w, https:\/\/www.organisator.ch\/wp-content\/uploads\/2017\/02\/Depositphotos_11942296_l-2015-18x12.jpg 18w, https:\/\/www.organisator.ch\/wp-content\/uploads\/2017\/02\/Depositphotos_11942296_l-2015-263x175.jpg 263w, https:\/\/www.organisator.ch\/wp-content\/uploads\/2017\/02\/Depositphotos_11942296_l-2015-526x350.jpg 526w, https:\/\/www.organisator.ch\/wp-content\/uploads\/2017\/02\/Depositphotos_11942296_l-2015-1201x800.jpg 1201w, https:\/\/www.organisator.ch\/wp-content\/uploads\/2017\/02\/Depositphotos_11942296_l-2015-920x613.jpg 920w, https:\/\/www.organisator.ch\/wp-content\/uploads\/2017\/02\/Depositphotos_11942296_l-2015-1400x932.jpg 1400w, https:\/\/www.organisator.ch\/wp-content\/uploads\/2017\/02\/Depositphotos_11942296_l-2015-300x200.jpg 300w\" sizes=\"auto, (max-width: 680px) 100vw, 680px\" \/><figcaption id=\"caption-attachment-763\" class=\"wp-caption-text\">Which measure is more effective: incentive taxes or subsidies?<\/figcaption><\/figure>\n<p>Political measures to reduce energy consumption and CO2 emissions have a variety of effects on the economy and households. A study carried out in the National Research Program \"Control of Energy Consumption\" (<a href=\"\/\/www.nfp71.ch\/de\">NRP 71<\/a>) provides for the first time detailed impact assessments of the energy policy strategies \"steering\" and \"promotion\" with regard to efficiency and social balance.<\/p>\n<p>In order to pursue the consumption targets of the Energy Strategy 2050 and the CO2 legislation, policymakers have two basic strategies at their disposal: consumption control by means of taxation of energy and CO2 or support measures with market mechanisms (e.g. taxes and subsidies) or with mandatory requirements (e.g. efficiency regulations for electrical appliances or exhaust emission limits for passenger cars).<\/p>\n<p>\"The question of the appropriate choice and design of policy measures to reduce energy and CO2 emissions must take into account not only the total costs but also, to a significant extent, how the gains and burdens are distributed among different socio-economic groups,\" says Sebastian Rausch. The professor of energy economics at the Center for Economic Research at ETH Zurich conducted the study as part of NRP 71.<\/p>\n<p><strong>Hidden costs of promotion<\/strong><\/p>\n<p>The study concludes that, in macroeconomic terms, steering is significantly more efficient and up to five times less costly than subsidies. However, households perceive this differently, as energy prices increase more with steering measures and the redistribution of revenues back to households and businesses is hidden. \"With subsidy measures, energy prices rise only slightly. But this only suggests seemingly lower costs,\" Rausch says. \"Subsidy measures reduce energy consumption only where they are subsidized, and some things are subsidized that are realized anyway. Steering, on the other hand, acts everywhere and on every single energy-related decision made by households and businesses. Steering acting across the board therefore leads to significantly lower total costs than selective promotion. The higher total costs of the promotion strategy are hidden. Ultimately, however, households and companies have to pay for these additional costs,\" Rausch explains.<\/p>\n<p><strong>Treat everyone equally, or allow winners and losers?<\/strong><\/p>\n<p>The study shows that with both steering and subsidies, individual households are affected differently because of their respective energy use and income - there are \"winners\" and \"losers\" in both strategies. However, the strategies differ in three key ways:<\/p>\n<p>1. steering leads to a significantly wider dispersion of effects on disposable income between households due to larger energy price changes.<\/p>\n<p>2. most households are better off with steering than with promotion.<\/p>\n<p>3. with the promotion strategy, almost all households lose, while with steering, one third of households are actually better off.<\/p>\n<p>Who gains or loses from steering depends largely on the redistribution mechanism of the steering tax as well as on energy expenditures and household income: On average, lower-income households are protected from rising energy costs by a per capita redistribution of tax revenues, homeowners are worse off compared to renters, and households in rural areas lose out to households in cities and agglomerations.<\/p>\n<p><strong>Insights into households<\/strong><\/p>\n<p>The perspective of households is particularly significant because, as workers and consumers of energy and goods, they are affected by energy policy measures in several ways.<\/p>\n<p>Rausch states, \"The present findings help to increase the social acceptance of such market interventions. However, the aim of the study is not to evaluate specific policy measures, but rather to highlight the fundamental differences between promotion- and steering-based energy and climate policies.\"<\/p>\n<p>A detailed description of the study and the results can be found in the working paper &gt; <a href=\"\/\/www.nfp71.ch\/SiteCollectionDocuments\/nfp71_prostep_report.pdf\">Extended Abstract and Summary ProSTEP.<\/a> (in English)<\/p>\n<p>Source: SNF<\/p>","protected":false},"excerpt":{"rendered":"<p>Politische Massnahmen zur Reduktion von Energieverbrauch und CO2-Emissionen haben vielf\u00e4ltige Effekte auf Wirtschaft und Haushalte. Eine im Nationalen Forschungsprogramm &#8222;Steuerung des Energieverbrauchs&#8220; (NFP 71) durchgef\u00fchrte Studie liefert erstmals detaillierte Folgeabsch\u00e4tzungen der energiepolitischen Strategien &#8222;Lenkung&#8220; und &#8222;F\u00f6rderung&#8220; hinsichtlich Effizienz und sozialer Ausgewogenheit. Um die Verbrauchsziele der Energiestrategie 2050 und der CO2-Gesetzgebung zu verfolgen, verf\u00fcgt die Politik [&hellip;]<\/p>\n","protected":false},"author":1,"featured_media":763,"comment_status":"open","ping_status":"open","sticky":false,"template":"","format":"standard","meta":{"_acf_changed":false,"_yoast_wpseo_focuskw":"Lenken","_yoast_wpseo_metadesc":"Es ist ein heiss diskutiertes Thema im Bereich Energieeffizienz und CO2-Reduktion: Lenkungsabgaben oder F\u00f6rdermassnahmen? Eine neue Studie gibt Antworten.","articlekey":"","footnotes":""},"categories":[580],"tags":[928,1066,1127,459],"class_list":["post-762","post","type-post","status-publish","format-standard","has-post-thumbnail","hentry","category-sustainability","tag-co2","tag-energieeffizienz","tag-eth","tag-studie"],"acf":[],"yoast_head":"<!-- This site is optimized with the Yoast SEO plugin v27.4 - https:\/\/yoast.com\/product\/yoast-seo-wordpress\/ -->\n<title>Die grosse Frage: Lenken oder F\u00f6rdern? - Organisator<\/title>\n<meta name=\"description\" content=\"Es ist ein heiss diskutiertes Thema im Bereich Energieeffizienz und CO2-Reduktion: Lenkungsabgaben oder F\u00f6rdermassnahmen? Eine neue Studie gibt Antworten.\" \/>\n<meta name=\"robots\" content=\"index, follow, max-snippet:-1, max-image-preview:large, max-video-preview:-1\" \/>\n<link rel=\"canonical\" href=\"https:\/\/www.organisator.ch\/en\/sustainability\/2017-02-23\/die-grosse-frage-lenken-oder-foerdern\/\" \/>\n<meta property=\"og:locale\" content=\"en_US\" \/>\n<meta property=\"og:type\" content=\"article\" \/>\n<meta property=\"og:title\" content=\"Die grosse Frage: Lenken oder F\u00f6rdern? - Organisator\" \/>\n<meta property=\"og:description\" content=\"Es ist ein heiss diskutiertes Thema im Bereich Energieeffizienz und CO2-Reduktion: Lenkungsabgaben oder F\u00f6rdermassnahmen? Eine neue Studie gibt Antworten.\" \/>\n<meta property=\"og:url\" content=\"https:\/\/www.organisator.ch\/en\/sustainability\/2017-02-23\/die-grosse-frage-lenken-oder-foerdern\/\" \/>\n<meta property=\"og:site_name\" content=\"Organisator\" \/>\n<meta property=\"article:publisher\" content=\"https:\/\/www.facebook.com\/OrganisatorFachmagazin\" \/>\n<meta property=\"article:published_time\" content=\"2017-02-23T07:36:08+00:00\" \/>\n<meta property=\"article:modified_time\" content=\"2022-02-09T10:06:21+00:00\" \/>\n<meta property=\"og:image\" content=\"https:\/\/www.organisator.ch\/wp-content\/uploads\/2017\/02\/Depositphotos_11942296_l-2015-1024x682.jpg\" \/>\n\t<meta property=\"og:image:width\" content=\"1024\" \/>\n\t<meta property=\"og:image:height\" content=\"682\" \/>\n\t<meta property=\"og:image:type\" content=\"image\/jpeg\" \/>\n<meta name=\"author\" content=\"admin\" \/>\n<meta name=\"twitter:card\" content=\"summary_large_image\" \/>\n<script type=\"application\/ld+json\" class=\"yoast-schema-graph\">{\"@context\":\"https:\\\/\\\/schema.org\",\"@graph\":[{\"@type\":\"Article\",\"@id\":\"https:\\\/\\\/www.organisator.ch\\\/sustainability\\\/2017-02-23\\\/die-grosse-frage-lenken-oder-foerdern\\\/#article\",\"isPartOf\":{\"@id\":\"https:\\\/\\\/www.organisator.ch\\\/sustainability\\\/2017-02-23\\\/die-grosse-frage-lenken-oder-foerdern\\\/\"},\"author\":{\"name\":\"admin\",\"@id\":\"https:\\\/\\\/www.organisator.ch\\\/#\\\/schema\\\/person\\\/aa2bace6c5c5aad60102004a50c4eb1c\"},\"headline\":\"Die grosse Frage: Lenken oder F\u00f6rdern?\",\"datePublished\":\"2017-02-23T07:36:08+00:00\",\"dateModified\":\"2022-02-09T10:06:21+00:00\",\"mainEntityOfPage\":{\"@id\":\"https:\\\/\\\/www.organisator.ch\\\/sustainability\\\/2017-02-23\\\/die-grosse-frage-lenken-oder-foerdern\\\/\"},\"wordCount\":594,\"commentCount\":0,\"publisher\":{\"@id\":\"https:\\\/\\\/www.organisator.ch\\\/#organization\"},\"image\":{\"@id\":\"https:\\\/\\\/www.organisator.ch\\\/sustainability\\\/2017-02-23\\\/die-grosse-frage-lenken-oder-foerdern\\\/#primaryimage\"},\"thumbnailUrl\":\"https:\\\/\\\/www.organisator.ch\\\/wp-content\\\/uploads\\\/2017\\\/02\\\/Depositphotos_11942296_l-2015.jpg\",\"keywords\":[\"CO2\",\"Energieeffizienz\",\"ETH\",\"Studie\"],\"articleSection\":[\"SUSTAINABILITY\"],\"inLanguage\":\"en-US\"},{\"@type\":\"WebPage\",\"@id\":\"https:\\\/\\\/www.organisator.ch\\\/sustainability\\\/2017-02-23\\\/die-grosse-frage-lenken-oder-foerdern\\\/\",\"url\":\"https:\\\/\\\/www.organisator.ch\\\/sustainability\\\/2017-02-23\\\/die-grosse-frage-lenken-oder-foerdern\\\/\",\"name\":\"Die grosse Frage: Lenken oder F\u00f6rdern? - Organisator\",\"isPartOf\":{\"@id\":\"https:\\\/\\\/www.organisator.ch\\\/#website\"},\"primaryImageOfPage\":{\"@id\":\"https:\\\/\\\/www.organisator.ch\\\/sustainability\\\/2017-02-23\\\/die-grosse-frage-lenken-oder-foerdern\\\/#primaryimage\"},\"image\":{\"@id\":\"https:\\\/\\\/www.organisator.ch\\\/sustainability\\\/2017-02-23\\\/die-grosse-frage-lenken-oder-foerdern\\\/#primaryimage\"},\"thumbnailUrl\":\"https:\\\/\\\/www.organisator.ch\\\/wp-content\\\/uploads\\\/2017\\\/02\\\/Depositphotos_11942296_l-2015.jpg\",\"datePublished\":\"2017-02-23T07:36:08+00:00\",\"dateModified\":\"2022-02-09T10:06:21+00:00\",\"description\":\"Es ist ein heiss diskutiertes Thema im Bereich Energieeffizienz und CO2-Reduktion: Lenkungsabgaben oder F\u00f6rdermassnahmen? Eine neue Studie gibt Antworten.\",\"breadcrumb\":{\"@id\":\"https:\\\/\\\/www.organisator.ch\\\/sustainability\\\/2017-02-23\\\/die-grosse-frage-lenken-oder-foerdern\\\/#breadcrumb\"},\"inLanguage\":\"en-US\",\"potentialAction\":[{\"@type\":\"ReadAction\",\"target\":[\"https:\\\/\\\/www.organisator.ch\\\/sustainability\\\/2017-02-23\\\/die-grosse-frage-lenken-oder-foerdern\\\/\"]}]},{\"@type\":\"ImageObject\",\"inLanguage\":\"en-US\",\"@id\":\"https:\\\/\\\/www.organisator.ch\\\/sustainability\\\/2017-02-23\\\/die-grosse-frage-lenken-oder-foerdern\\\/#primaryimage\",\"url\":\"https:\\\/\\\/www.organisator.ch\\\/wp-content\\\/uploads\\\/2017\\\/02\\\/Depositphotos_11942296_l-2015.jpg\",\"contentUrl\":\"https:\\\/\\\/www.organisator.ch\\\/wp-content\\\/uploads\\\/2017\\\/02\\\/Depositphotos_11942296_l-2015.jpg\",\"width\":2000,\"height\":1332,\"caption\":\"Welche Massnahme bringt mehr: Lenkungsabgaben oder F\u00f6rdergelder?\"},{\"@type\":\"BreadcrumbList\",\"@id\":\"https:\\\/\\\/www.organisator.ch\\\/sustainability\\\/2017-02-23\\\/die-grosse-frage-lenken-oder-foerdern\\\/#breadcrumb\",\"itemListElement\":[{\"@type\":\"ListItem\",\"position\":1,\"name\":\"Home\",\"item\":\"https:\\\/\\\/www.organisator.ch\\\/\"},{\"@type\":\"ListItem\",\"position\":2,\"name\":\"Die grosse Frage: Lenken oder F\u00f6rdern?\"}]},{\"@type\":\"WebSite\",\"@id\":\"https:\\\/\\\/www.organisator.ch\\\/#website\",\"url\":\"https:\\\/\\\/www.organisator.ch\\\/\",\"name\":\"Organisator\",\"description\":\"Kompetent. Praxisnah. Der ORGANISATOR bereitet in 10 Ausgaben pro Jahr die wesentlichen Themen f\u00fcr F\u00fchrungskr\u00e4fte von KMU auf.\",\"publisher\":{\"@id\":\"https:\\\/\\\/www.organisator.ch\\\/#organization\"},\"potentialAction\":[{\"@type\":\"SearchAction\",\"target\":{\"@type\":\"EntryPoint\",\"urlTemplate\":\"https:\\\/\\\/www.organisator.ch\\\/?s={search_term_string}\"},\"query-input\":{\"@type\":\"PropertyValueSpecification\",\"valueRequired\":true,\"valueName\":\"search_term_string\"}}],\"inLanguage\":\"en-US\"},{\"@type\":\"Organization\",\"@id\":\"https:\\\/\\\/www.organisator.ch\\\/#organization\",\"name\":\"Organisator\",\"url\":\"https:\\\/\\\/www.organisator.ch\\\/\",\"logo\":{\"@type\":\"ImageObject\",\"inLanguage\":\"en-US\",\"@id\":\"https:\\\/\\\/www.organisator.ch\\\/#\\\/schema\\\/logo\\\/image\\\/\",\"url\":\"https:\\\/\\\/www.organisator.ch\\\/wp-content\\\/uploads\\\/2022\\\/01\\\/Logo_Organisator_Website.png\",\"contentUrl\":\"https:\\\/\\\/www.organisator.ch\\\/wp-content\\\/uploads\\\/2022\\\/01\\\/Logo_Organisator_Website.png\",\"width\":800,\"height\":77,\"caption\":\"Organisator\"},\"image\":{\"@id\":\"https:\\\/\\\/www.organisator.ch\\\/#\\\/schema\\\/logo\\\/image\\\/\"},\"sameAs\":[\"https:\\\/\\\/www.facebook.com\\\/OrganisatorFachmagazin\",\"https:\\\/\\\/www.linkedin.com\\\/showcase\\\/organisator-das-magazin-fr-kmu\",\"https:\\\/\\\/www.xing.com\\\/news\\\/pages\\\/organisator-ch-695\",\"https:\\\/\\\/www.youtube.com\\\/channel\\\/UCGP2Sq0iWaZwT3BdIAQFYpw\"]},{\"@type\":\"Person\",\"@id\":\"https:\\\/\\\/www.organisator.ch\\\/#\\\/schema\\\/person\\\/aa2bace6c5c5aad60102004a50c4eb1c\",\"name\":\"admin\",\"image\":{\"@type\":\"ImageObject\",\"inLanguage\":\"en-US\",\"@id\":\"https:\\\/\\\/secure.gravatar.com\\\/avatar\\\/ae2f4d718e6c49043e314ce431e7e645d646302a24a5ef5a8bc8e3f5a032e319?s=96&d=mm&r=g\",\"url\":\"https:\\\/\\\/secure.gravatar.com\\\/avatar\\\/ae2f4d718e6c49043e314ce431e7e645d646302a24a5ef5a8bc8e3f5a032e319?s=96&d=mm&r=g\",\"contentUrl\":\"https:\\\/\\\/secure.gravatar.com\\\/avatar\\\/ae2f4d718e6c49043e314ce431e7e645d646302a24a5ef5a8bc8e3f5a032e319?s=96&d=mm&r=g\",\"caption\":\"admin\"},\"sameAs\":[\"https:\\\/\\\/www.organisator.ch\"],\"url\":\"https:\\\/\\\/www.organisator.ch\\\/en\\\/author\\\/admin\\\/\"}]}<\/script>\n<!-- \/ Yoast SEO plugin. -->","yoast_head_json":{"title":"The big question: directing or promoting? - Organizer","description":"It's a hotly debated topic in the field of energy efficiency and CO2 reduction: incentive taxes or subsidy measures? A new study provides answers.","robots":{"index":"index","follow":"follow","max-snippet":"max-snippet:-1","max-image-preview":"max-image-preview:large","max-video-preview":"max-video-preview:-1"},"canonical":"https:\/\/www.organisator.ch\/en\/sustainability\/2017-02-23\/die-grosse-frage-lenken-oder-foerdern\/","og_locale":"en_US","og_type":"article","og_title":"Die grosse Frage: Lenken oder F\u00f6rdern? - Organisator","og_description":"Es ist ein heiss diskutiertes Thema im Bereich Energieeffizienz und CO2-Reduktion: Lenkungsabgaben oder F\u00f6rdermassnahmen? Eine neue Studie gibt Antworten.","og_url":"https:\/\/www.organisator.ch\/en\/sustainability\/2017-02-23\/die-grosse-frage-lenken-oder-foerdern\/","og_site_name":"Organisator","article_publisher":"https:\/\/www.facebook.com\/OrganisatorFachmagazin","article_published_time":"2017-02-23T07:36:08+00:00","article_modified_time":"2022-02-09T10:06:21+00:00","og_image":[{"width":1024,"height":682,"url":"https:\/\/www.organisator.ch\/wp-content\/uploads\/2017\/02\/Depositphotos_11942296_l-2015-1024x682.jpg","type":"image\/jpeg"}],"author":"admin","twitter_card":"summary_large_image","schema":{"@context":"https:\/\/schema.org","@graph":[{"@type":"Article","@id":"https:\/\/www.organisator.ch\/sustainability\/2017-02-23\/die-grosse-frage-lenken-oder-foerdern\/#article","isPartOf":{"@id":"https:\/\/www.organisator.ch\/sustainability\/2017-02-23\/die-grosse-frage-lenken-oder-foerdern\/"},"author":{"name":"admin","@id":"https:\/\/www.organisator.ch\/#\/schema\/person\/aa2bace6c5c5aad60102004a50c4eb1c"},"headline":"Die grosse Frage: Lenken oder F\u00f6rdern?","datePublished":"2017-02-23T07:36:08+00:00","dateModified":"2022-02-09T10:06:21+00:00","mainEntityOfPage":{"@id":"https:\/\/www.organisator.ch\/sustainability\/2017-02-23\/die-grosse-frage-lenken-oder-foerdern\/"},"wordCount":594,"commentCount":0,"publisher":{"@id":"https:\/\/www.organisator.ch\/#organization"},"image":{"@id":"https:\/\/www.organisator.ch\/sustainability\/2017-02-23\/die-grosse-frage-lenken-oder-foerdern\/#primaryimage"},"thumbnailUrl":"https:\/\/www.organisator.ch\/wp-content\/uploads\/2017\/02\/Depositphotos_11942296_l-2015.jpg","keywords":["CO2","Energieeffizienz","ETH","Studie"],"articleSection":["SUSTAINABILITY"],"inLanguage":"en-US"},{"@type":"WebPage","@id":"https:\/\/www.organisator.ch\/sustainability\/2017-02-23\/die-grosse-frage-lenken-oder-foerdern\/","url":"https:\/\/www.organisator.ch\/sustainability\/2017-02-23\/die-grosse-frage-lenken-oder-foerdern\/","name":"The big question: directing or promoting? - Organizer","isPartOf":{"@id":"https:\/\/www.organisator.ch\/#website"},"primaryImageOfPage":{"@id":"https:\/\/www.organisator.ch\/sustainability\/2017-02-23\/die-grosse-frage-lenken-oder-foerdern\/#primaryimage"},"image":{"@id":"https:\/\/www.organisator.ch\/sustainability\/2017-02-23\/die-grosse-frage-lenken-oder-foerdern\/#primaryimage"},"thumbnailUrl":"https:\/\/www.organisator.ch\/wp-content\/uploads\/2017\/02\/Depositphotos_11942296_l-2015.jpg","datePublished":"2017-02-23T07:36:08+00:00","dateModified":"2022-02-09T10:06:21+00:00","description":"It's a hotly debated topic in the field of energy efficiency and CO2 reduction: incentive taxes or subsidy measures? A new study provides answers.","breadcrumb":{"@id":"https:\/\/www.organisator.ch\/sustainability\/2017-02-23\/die-grosse-frage-lenken-oder-foerdern\/#breadcrumb"},"inLanguage":"en-US","potentialAction":[{"@type":"ReadAction","target":["https:\/\/www.organisator.ch\/sustainability\/2017-02-23\/die-grosse-frage-lenken-oder-foerdern\/"]}]},{"@type":"ImageObject","inLanguage":"en-US","@id":"https:\/\/www.organisator.ch\/sustainability\/2017-02-23\/die-grosse-frage-lenken-oder-foerdern\/#primaryimage","url":"https:\/\/www.organisator.ch\/wp-content\/uploads\/2017\/02\/Depositphotos_11942296_l-2015.jpg","contentUrl":"https:\/\/www.organisator.ch\/wp-content\/uploads\/2017\/02\/Depositphotos_11942296_l-2015.jpg","width":2000,"height":1332,"caption":"Welche Massnahme bringt mehr: Lenkungsabgaben oder F\u00f6rdergelder?"},{"@type":"BreadcrumbList","@id":"https:\/\/www.organisator.ch\/sustainability\/2017-02-23\/die-grosse-frage-lenken-oder-foerdern\/#breadcrumb","itemListElement":[{"@type":"ListItem","position":1,"name":"Home","item":"https:\/\/www.organisator.ch\/"},{"@type":"ListItem","position":2,"name":"Die grosse Frage: Lenken oder F\u00f6rdern?"}]},{"@type":"WebSite","@id":"https:\/\/www.organisator.ch\/#website","url":"https:\/\/www.organisator.ch\/","name":"Organizer","description":"Competent. Practical. In 10 issues per year, ORGANISATOR presents the essential topics for managers of SMEs.","publisher":{"@id":"https:\/\/www.organisator.ch\/#organization"},"potentialAction":[{"@type":"SearchAction","target":{"@type":"EntryPoint","urlTemplate":"https:\/\/www.organisator.ch\/?s={search_term_string}"},"query-input":{"@type":"PropertyValueSpecification","valueRequired":true,"valueName":"search_term_string"}}],"inLanguage":"en-US"},{"@type":"Organization","@id":"https:\/\/www.organisator.ch\/#organization","name":"Organizer","url":"https:\/\/www.organisator.ch\/","logo":{"@type":"ImageObject","inLanguage":"en-US","@id":"https:\/\/www.organisator.ch\/#\/schema\/logo\/image\/","url":"https:\/\/www.organisator.ch\/wp-content\/uploads\/2022\/01\/Logo_Organisator_Website.png","contentUrl":"https:\/\/www.organisator.ch\/wp-content\/uploads\/2022\/01\/Logo_Organisator_Website.png","width":800,"height":77,"caption":"Organisator"},"image":{"@id":"https:\/\/www.organisator.ch\/#\/schema\/logo\/image\/"},"sameAs":["https:\/\/www.facebook.com\/OrganisatorFachmagazin","https:\/\/www.linkedin.com\/showcase\/organisator-das-magazin-fr-kmu","https:\/\/www.xing.com\/news\/pages\/organisator-ch-695","https:\/\/www.youtube.com\/channel\/UCGP2Sq0iWaZwT3BdIAQFYpw"]},{"@type":"Person","@id":"https:\/\/www.organisator.ch\/#\/schema\/person\/aa2bace6c5c5aad60102004a50c4eb1c","name":"admin","image":{"@type":"ImageObject","inLanguage":"en-US","@id":"https:\/\/secure.gravatar.com\/avatar\/ae2f4d718e6c49043e314ce431e7e645d646302a24a5ef5a8bc8e3f5a032e319?s=96&d=mm&r=g","url":"https:\/\/secure.gravatar.com\/avatar\/ae2f4d718e6c49043e314ce431e7e645d646302a24a5ef5a8bc8e3f5a032e319?s=96&d=mm&r=g","contentUrl":"https:\/\/secure.gravatar.com\/avatar\/ae2f4d718e6c49043e314ce431e7e645d646302a24a5ef5a8bc8e3f5a032e319?s=96&d=mm&r=g","caption":"admin"},"sameAs":["https:\/\/www.organisator.ch"],"url":"https:\/\/www.organisator.ch\/en\/author\/admin\/"}]}},"_links":{"self":[{"href":"https:\/\/www.organisator.ch\/en\/wp-json\/wp\/v2\/posts\/762","targetHints":{"allow":["GET"]}}],"collection":[{"href":"https:\/\/www.organisator.ch\/en\/wp-json\/wp\/v2\/posts"}],"about":[{"href":"https:\/\/www.organisator.ch\/en\/wp-json\/wp\/v2\/types\/post"}],"author":[{"embeddable":true,"href":"https:\/\/www.organisator.ch\/en\/wp-json\/wp\/v2\/users\/1"}],"replies":[{"embeddable":true,"href":"https:\/\/www.organisator.ch\/en\/wp-json\/wp\/v2\/comments?post=762"}],"version-history":[{"count":1,"href":"https:\/\/www.organisator.ch\/en\/wp-json\/wp\/v2\/posts\/762\/revisions"}],"predecessor-version":[{"id":10594,"href":"https:\/\/www.organisator.ch\/en\/wp-json\/wp\/v2\/posts\/762\/revisions\/10594"}],"wp:featuredmedia":[{"embeddable":true,"href":"https:\/\/www.organisator.ch\/en\/wp-json\/wp\/v2\/media\/763"}],"wp:attachment":[{"href":"https:\/\/www.organisator.ch\/en\/wp-json\/wp\/v2\/media?parent=762"}],"wp:term":[{"taxonomy":"category","embeddable":true,"href":"https:\/\/www.organisator.ch\/en\/wp-json\/wp\/v2\/categories?post=762"},{"taxonomy":"post_tag","embeddable":true,"href":"https:\/\/www.organisator.ch\/en\/wp-json\/wp\/v2\/tags?post=762"}],"curies":[{"name":"wp","href":"https:\/\/api.w.org\/{rel}","templated":true}]}}