{"id":764,"date":"2016-06-17T16:43:53","date_gmt":"2016-06-17T14:43:53","guid":{"rendered":"http:\/\/dev.organisator.ch\/?p=764"},"modified":"2016-06-17T16:43:53","modified_gmt":"2016-06-17T14:43:53","slug":"buchtipp-touch-point-sieg","status":"publish","type":"post","link":"https:\/\/www.organisator.ch\/en\/management\/2016-06-17\/buchtipp-touch-point-sieg\/","title":{"rendered":"Book tip: Touch. Point. Victory."},"content":{"rendered":"<figure id=\"attachment_766\" aria-describedby=\"caption-attachment-766\" style=\"width: 680px\" class=\"wp-caption alignnone\"><img loading=\"lazy\" decoding=\"async\" class=\"size-medium wp-image-766\" src=\"https:\/\/organisator.ch\/wp-content\/uploads\/2016\/12\/Buchtipp-Touch.-Point.-Sieg.-organisator.jpg\" alt=\"\" width=\"680\" height=\"931\" srcset=\"https:\/\/www.organisator.ch\/wp-content\/uploads\/2016\/12\/Buchtipp-Touch.-Point.-Sieg.-organisator.jpg 1180w, https:\/\/www.organisator.ch\/wp-content\/uploads\/2016\/12\/Buchtipp-Touch.-Point.-Sieg.-organisator-680x931.jpg 680w, https:\/\/www.organisator.ch\/wp-content\/uploads\/2016\/12\/Buchtipp-Touch.-Point.-Sieg.-organisator-748x1024.jpg 748w, https:\/\/www.organisator.ch\/wp-content\/uploads\/2016\/12\/Buchtipp-Touch.-Point.-Sieg.-organisator-768x1052.jpg 768w, https:\/\/www.organisator.ch\/wp-content\/uploads\/2016\/12\/Buchtipp-Touch.-Point.-Sieg.-organisator-1122x1536.jpg 1122w, https:\/\/www.organisator.ch\/wp-content\/uploads\/2016\/12\/Buchtipp-Touch.-Point.-Sieg.-organisator-9x12.jpg 9w, https:\/\/www.organisator.ch\/wp-content\/uploads\/2016\/12\/Buchtipp-Touch.-Point.-Sieg.-organisator-128x175.jpg 128w, https:\/\/www.organisator.ch\/wp-content\/uploads\/2016\/12\/Buchtipp-Touch.-Point.-Sieg.-organisator-256x350.jpg 256w, https:\/\/www.organisator.ch\/wp-content\/uploads\/2016\/12\/Buchtipp-Touch.-Point.-Sieg.-organisator-584x800.jpg 584w, https:\/\/www.organisator.ch\/wp-content\/uploads\/2016\/12\/Buchtipp-Touch.-Point.-Sieg.-organisator-920x1260.jpg 920w, https:\/\/www.organisator.ch\/wp-content\/uploads\/2016\/12\/Buchtipp-Touch.-Point.-Sieg.-organisator-1022x1400.jpg 1022w, https:\/\/www.organisator.ch\/wp-content\/uploads\/2016\/12\/Buchtipp-Touch.-Point.-Sieg.-organisator-300x411.jpg 300w\" sizes=\"auto, (max-width: 680px) 100vw, 680px\" \/><figcaption id=\"caption-attachment-766\" class=\"wp-caption-text\">The latest book by Anne M. Sch\u00fcller: Touch. Point. Victory. Communication in Times of Digital Transformation.<\/figcaption><\/figure>\n<p>Oh yes - everything used to be so simple. Back then, we still talked to each other in the normal way - person to person. Then we started talking to people from a digital parallel world: with friends on displays or with business partners via video conference on the other side of the world. That's how conversations became three-dimensional. And now? We're on the verge of a whole new era of communication: we're talking to digital assistants, robots and digitized machines that give us not only information, but also commands. We will soon trust computers more than people. In the past, we had a guilty conscience; today, we have self-tracking wristbands and apps that not only monitor us, but also measure us.<\/p>\n<p><strong>Knowledge of human nature instead of Big Data<\/strong><\/p>\n<p>The digital transformation that is sweeping over us at an insanely fast pace will completely change the way we live and work. Of course, this also affects communication between companies and customers. With which success strategies providers can make themselves fit for this changed business world, the multiple award-winning bestselling author Anne M. Sch\u00fcller shows in her new book <em>Touch.Point.Sieg: Communication in times of digital transformation<\/em>. Probably her most important conclusion is that the true communicative successes take place beyond Big Data and algorithms. It is not analytics and mathematics, but people skills and empathy that lead to the goal, especially in digitalized times.<\/p>\n<p><strong>Touching customers emotionally<\/strong><\/p>\n<p>The content of the book, always with an eye on advancing digitization, is on the one hand strategic and on the other very operational, i.e. chock-full of practical tips and strategies for success. The first part, entitled \"Touch,\" reveals how you can \"touch\" customers emotionally and charge communication multisensory by using the latest findings of brain and behavioral research. The second part, \"Point,\" shows how you can generate \"want to have\" in customers by analyzing and optimizing the communicative \"touchpoints\" that arise during a customer journey between supplier and customer. The third part, entitled \"Victory,\" shows a wealth of promising, communicative paths to the digital future. Written in a pointed, entertaining, and comprehensible way <em>Touch.Point.Victory<\/em> a useful guide for all entrepreneurs and every customer-facing employee to master the challenges of the coming years.<\/p>\n<p><em><strong>Anne M. Sch\u00fcller: Touch. Point. Victory. Communication in Times of Digital Transformation.<\/strong> 380 pages, hardcover. ISBN 978-3-86936-694-4. \u20ac 29.90 (D) | \u20ac 30.80 (A). GABAL Verlag, Offenbach 2016<\/em><\/p>","protected":false},"excerpt":{"rendered":"<p>Ach ja \u2013 fr\u00fcher war alles so einfach. Da haben wir noch ganz normal \u2013 von Mensch zu Mensch \u2013 miteinander gesprochen. Dann begannen wir mit Leuten aus einer digitalen Parallelwelt zu reden: mit Freunden auf Displays oder mit Gesch\u00e4ftspartnern per Videokonferenz am anderen Ende der Welt. So wurden Gespr\u00e4che dreidimensional. Und jetzt? Wir stehen [&hellip;]<\/p>\n","protected":false},"author":1,"featured_media":766,"comment_status":"open","ping_status":"open","sticky":false,"template":"","format":"standard","meta":{"_acf_changed":false,"_yoast_wpseo_focuskw":"Buchtipp","_yoast_wpseo_metadesc":"Buchtipp: Anne M. Sch\u00fcller neuestes Buch befasst sich mit dem Thema Kommunikation in Zeiten der digitalen Transformation.","articlekey":"","footnotes":""},"categories":[28],"tags":[334,335,339],"class_list":["post-764","post","type-post","status-publish","format-standard","has-post-thumbnail","hentry","category-management","tag-management","tag-management-und-unternehmensfuehrung","tag-marketing"],"acf":[],"yoast_head":"<!-- This site is optimized with the Yoast SEO plugin v27.4 - https:\/\/yoast.com\/product\/yoast-seo-wordpress\/ -->\n<title>Buchtipp: Touch. Point. Sieg. - Organisator<\/title>\n<meta name=\"description\" content=\"Buchtipp: Anne M. Sch\u00fcller neuestes Buch befasst sich mit dem Thema Kommunikation in Zeiten der digitalen Transformation.\" \/>\n<meta name=\"robots\" content=\"index, follow, max-snippet:-1, max-image-preview:large, max-video-preview:-1\" \/>\n<link rel=\"canonical\" href=\"https:\/\/www.organisator.ch\/en\/management\/2016-06-17\/buchtipp-touch-point-sieg\/\" \/>\n<meta property=\"og:locale\" content=\"en_US\" \/>\n<meta property=\"og:type\" content=\"article\" \/>\n<meta property=\"og:title\" content=\"Buchtipp: Touch. Point. Sieg.\" \/>\n<meta property=\"og:description\" content=\"Anne M. Sch\u00fcller ist Managementdenker, Keynote-Speaker, Bestsellerautorin und Businesscoach. Die Diplom-Betriebswirtin gilt als Europas f\u00fchrende Expertin f\u00fcr Touchpoint Management, Kundenloyalit\u00e4t und Empfehlungsmarketing. Sie z\u00e4hlt zu den gefragtesten Referenten im deutschsprachigen Raum und ist Gastdozentin an mehreren Hochschulen. Ihr neuestes Buch befasst sich mit dem Thema Kommunikation in Zeiten der digitalen Transformation.\" \/>\n<meta property=\"og:url\" content=\"https:\/\/www.organisator.ch\/en\/management\/2016-06-17\/buchtipp-touch-point-sieg\/\" \/>\n<meta property=\"og:site_name\" content=\"Organisator\" \/>\n<meta property=\"article:publisher\" content=\"https:\/\/www.facebook.com\/OrganisatorFachmagazin\" \/>\n<meta property=\"article:published_time\" content=\"2016-06-17T14:43:53+00:00\" \/>\n<meta name=\"author\" content=\"admin\" \/>\n<meta name=\"twitter:card\" content=\"summary_large_image\" \/>\n<meta name=\"twitter:image\" content=\"https:\/\/www.organisator.ch\/wp-content\/uploads\/2016\/12\/Buchtipp-Touch.-Point.-Sieg.-organisator.jpg\" \/>\n<script type=\"application\/ld+json\" class=\"yoast-schema-graph\">{\"@context\":\"https:\\\/\\\/schema.org\",\"@graph\":[{\"@type\":\"Article\",\"@id\":\"https:\\\/\\\/www.organisator.ch\\\/management\\\/2016-06-17\\\/buchtipp-touch-point-sieg\\\/#article\",\"isPartOf\":{\"@id\":\"https:\\\/\\\/www.organisator.ch\\\/management\\\/2016-06-17\\\/buchtipp-touch-point-sieg\\\/\"},\"author\":{\"name\":\"admin\",\"@id\":\"https:\\\/\\\/www.organisator.ch\\\/#\\\/schema\\\/person\\\/aa2bace6c5c5aad60102004a50c4eb1c\"},\"headline\":\"Buchtipp: Touch. Point. Sieg.\",\"datePublished\":\"2016-06-17T14:43:53+00:00\",\"mainEntityOfPage\":{\"@id\":\"https:\\\/\\\/www.organisator.ch\\\/management\\\/2016-06-17\\\/buchtipp-touch-point-sieg\\\/\"},\"wordCount\":424,\"commentCount\":0,\"publisher\":{\"@id\":\"https:\\\/\\\/www.organisator.ch\\\/#organization\"},\"image\":{\"@id\":\"https:\\\/\\\/www.organisator.ch\\\/management\\\/2016-06-17\\\/buchtipp-touch-point-sieg\\\/#primaryimage\"},\"thumbnailUrl\":\"https:\\\/\\\/www.organisator.ch\\\/wp-content\\\/uploads\\\/2016\\\/12\\\/Buchtipp-Touch.-Point.-Sieg.-organisator.jpg\",\"keywords\":[\"Management\",\"Management und Unternehmensf\u00fchrung\",\"Marketing\"],\"articleSection\":[\"MANAGEMENT\"],\"inLanguage\":\"en-US\"},{\"@type\":\"WebPage\",\"@id\":\"https:\\\/\\\/www.organisator.ch\\\/management\\\/2016-06-17\\\/buchtipp-touch-point-sieg\\\/\",\"url\":\"https:\\\/\\\/www.organisator.ch\\\/management\\\/2016-06-17\\\/buchtipp-touch-point-sieg\\\/\",\"name\":\"Buchtipp: Touch. Point. Sieg. - Organisator\",\"isPartOf\":{\"@id\":\"https:\\\/\\\/www.organisator.ch\\\/#website\"},\"primaryImageOfPage\":{\"@id\":\"https:\\\/\\\/www.organisator.ch\\\/management\\\/2016-06-17\\\/buchtipp-touch-point-sieg\\\/#primaryimage\"},\"image\":{\"@id\":\"https:\\\/\\\/www.organisator.ch\\\/management\\\/2016-06-17\\\/buchtipp-touch-point-sieg\\\/#primaryimage\"},\"thumbnailUrl\":\"https:\\\/\\\/www.organisator.ch\\\/wp-content\\\/uploads\\\/2016\\\/12\\\/Buchtipp-Touch.-Point.-Sieg.-organisator.jpg\",\"datePublished\":\"2016-06-17T14:43:53+00:00\",\"description\":\"Buchtipp: Anne M. Sch\u00fcller neuestes Buch befasst sich mit dem Thema Kommunikation in Zeiten der digitalen Transformation.\",\"breadcrumb\":{\"@id\":\"https:\\\/\\\/www.organisator.ch\\\/management\\\/2016-06-17\\\/buchtipp-touch-point-sieg\\\/#breadcrumb\"},\"inLanguage\":\"en-US\",\"potentialAction\":[{\"@type\":\"ReadAction\",\"target\":[\"https:\\\/\\\/www.organisator.ch\\\/management\\\/2016-06-17\\\/buchtipp-touch-point-sieg\\\/\"]}]},{\"@type\":\"ImageObject\",\"inLanguage\":\"en-US\",\"@id\":\"https:\\\/\\\/www.organisator.ch\\\/management\\\/2016-06-17\\\/buchtipp-touch-point-sieg\\\/#primaryimage\",\"url\":\"https:\\\/\\\/www.organisator.ch\\\/wp-content\\\/uploads\\\/2016\\\/12\\\/Buchtipp-Touch.-Point.-Sieg.-organisator.jpg\",\"contentUrl\":\"https:\\\/\\\/www.organisator.ch\\\/wp-content\\\/uploads\\\/2016\\\/12\\\/Buchtipp-Touch.-Point.-Sieg.-organisator.jpg\",\"width\":1180,\"height\":1616,\"caption\":\"Das neueste Buch von Anne M. Sch\u00fcller: Touch. Point. Sieg. Kommunikation in Zeiten der digitalen Transformation.\"},{\"@type\":\"BreadcrumbList\",\"@id\":\"https:\\\/\\\/www.organisator.ch\\\/management\\\/2016-06-17\\\/buchtipp-touch-point-sieg\\\/#breadcrumb\",\"itemListElement\":[{\"@type\":\"ListItem\",\"position\":1,\"name\":\"Home\",\"item\":\"https:\\\/\\\/www.organisator.ch\\\/\"},{\"@type\":\"ListItem\",\"position\":2,\"name\":\"Buchtipp: Touch. Point. Sieg.\"}]},{\"@type\":\"WebSite\",\"@id\":\"https:\\\/\\\/www.organisator.ch\\\/#website\",\"url\":\"https:\\\/\\\/www.organisator.ch\\\/\",\"name\":\"Organisator\",\"description\":\"Kompetent. Praxisnah. Der ORGANISATOR bereitet in 10 Ausgaben pro Jahr die wesentlichen Themen f\u00fcr F\u00fchrungskr\u00e4fte von KMU auf.\",\"publisher\":{\"@id\":\"https:\\\/\\\/www.organisator.ch\\\/#organization\"},\"potentialAction\":[{\"@type\":\"SearchAction\",\"target\":{\"@type\":\"EntryPoint\",\"urlTemplate\":\"https:\\\/\\\/www.organisator.ch\\\/?s={search_term_string}\"},\"query-input\":{\"@type\":\"PropertyValueSpecification\",\"valueRequired\":true,\"valueName\":\"search_term_string\"}}],\"inLanguage\":\"en-US\"},{\"@type\":\"Organization\",\"@id\":\"https:\\\/\\\/www.organisator.ch\\\/#organization\",\"name\":\"Organisator\",\"url\":\"https:\\\/\\\/www.organisator.ch\\\/\",\"logo\":{\"@type\":\"ImageObject\",\"inLanguage\":\"en-US\",\"@id\":\"https:\\\/\\\/www.organisator.ch\\\/#\\\/schema\\\/logo\\\/image\\\/\",\"url\":\"https:\\\/\\\/www.organisator.ch\\\/wp-content\\\/uploads\\\/2022\\\/01\\\/Logo_Organisator_Website.png\",\"contentUrl\":\"https:\\\/\\\/www.organisator.ch\\\/wp-content\\\/uploads\\\/2022\\\/01\\\/Logo_Organisator_Website.png\",\"width\":800,\"height\":77,\"caption\":\"Organisator\"},\"image\":{\"@id\":\"https:\\\/\\\/www.organisator.ch\\\/#\\\/schema\\\/logo\\\/image\\\/\"},\"sameAs\":[\"https:\\\/\\\/www.facebook.com\\\/OrganisatorFachmagazin\",\"https:\\\/\\\/www.linkedin.com\\\/showcase\\\/organisator-das-magazin-fr-kmu\",\"https:\\\/\\\/www.xing.com\\\/news\\\/pages\\\/organisator-ch-695\",\"https:\\\/\\\/www.youtube.com\\\/channel\\\/UCGP2Sq0iWaZwT3BdIAQFYpw\"]},{\"@type\":\"Person\",\"@id\":\"https:\\\/\\\/www.organisator.ch\\\/#\\\/schema\\\/person\\\/aa2bace6c5c5aad60102004a50c4eb1c\",\"name\":\"admin\",\"image\":{\"@type\":\"ImageObject\",\"inLanguage\":\"en-US\",\"@id\":\"https:\\\/\\\/secure.gravatar.com\\\/avatar\\\/ae2f4d718e6c49043e314ce431e7e645d646302a24a5ef5a8bc8e3f5a032e319?s=96&d=mm&r=g\",\"url\":\"https:\\\/\\\/secure.gravatar.com\\\/avatar\\\/ae2f4d718e6c49043e314ce431e7e645d646302a24a5ef5a8bc8e3f5a032e319?s=96&d=mm&r=g\",\"contentUrl\":\"https:\\\/\\\/secure.gravatar.com\\\/avatar\\\/ae2f4d718e6c49043e314ce431e7e645d646302a24a5ef5a8bc8e3f5a032e319?s=96&d=mm&r=g\",\"caption\":\"admin\"},\"sameAs\":[\"https:\\\/\\\/www.organisator.ch\"],\"url\":\"https:\\\/\\\/www.organisator.ch\\\/en\\\/author\\\/admin\\\/\"}]}<\/script>\n<!-- \/ Yoast SEO plugin. -->","yoast_head_json":{"title":"Book tip: Touch. Point. Victory. - Organizer","description":"Book tip: Anne M. Sch\u00fcller's latest book deals with the topic of communication in times of digital transformation.","robots":{"index":"index","follow":"follow","max-snippet":"max-snippet:-1","max-image-preview":"max-image-preview:large","max-video-preview":"max-video-preview:-1"},"canonical":"https:\/\/www.organisator.ch\/en\/management\/2016-06-17\/buchtipp-touch-point-sieg\/","og_locale":"en_US","og_type":"article","og_title":"Buchtipp: Touch. Point. Sieg.","og_description":"Anne M. Sch\u00fcller ist Managementdenker, Keynote-Speaker, Bestsellerautorin und Businesscoach. Die Diplom-Betriebswirtin gilt als Europas f\u00fchrende Expertin f\u00fcr Touchpoint Management, Kundenloyalit\u00e4t und Empfehlungsmarketing. Sie z\u00e4hlt zu den gefragtesten Referenten im deutschsprachigen Raum und ist Gastdozentin an mehreren Hochschulen. Ihr neuestes Buch befasst sich mit dem Thema Kommunikation in Zeiten der digitalen Transformation.","og_url":"https:\/\/www.organisator.ch\/en\/management\/2016-06-17\/buchtipp-touch-point-sieg\/","og_site_name":"Organisator","article_publisher":"https:\/\/www.facebook.com\/OrganisatorFachmagazin","article_published_time":"2016-06-17T14:43:53+00:00","author":"admin","twitter_card":"summary_large_image","twitter_image":"https:\/\/www.organisator.ch\/wp-content\/uploads\/2016\/12\/Buchtipp-Touch.-Point.-Sieg.-organisator.jpg","schema":{"@context":"https:\/\/schema.org","@graph":[{"@type":"Article","@id":"https:\/\/www.organisator.ch\/management\/2016-06-17\/buchtipp-touch-point-sieg\/#article","isPartOf":{"@id":"https:\/\/www.organisator.ch\/management\/2016-06-17\/buchtipp-touch-point-sieg\/"},"author":{"name":"admin","@id":"https:\/\/www.organisator.ch\/#\/schema\/person\/aa2bace6c5c5aad60102004a50c4eb1c"},"headline":"Buchtipp: Touch. Point. Sieg.","datePublished":"2016-06-17T14:43:53+00:00","mainEntityOfPage":{"@id":"https:\/\/www.organisator.ch\/management\/2016-06-17\/buchtipp-touch-point-sieg\/"},"wordCount":424,"commentCount":0,"publisher":{"@id":"https:\/\/www.organisator.ch\/#organization"},"image":{"@id":"https:\/\/www.organisator.ch\/management\/2016-06-17\/buchtipp-touch-point-sieg\/#primaryimage"},"thumbnailUrl":"https:\/\/www.organisator.ch\/wp-content\/uploads\/2016\/12\/Buchtipp-Touch.-Point.-Sieg.-organisator.jpg","keywords":["Management","Management und Unternehmensf\u00fchrung","Marketing"],"articleSection":["MANAGEMENT"],"inLanguage":"en-US"},{"@type":"WebPage","@id":"https:\/\/www.organisator.ch\/management\/2016-06-17\/buchtipp-touch-point-sieg\/","url":"https:\/\/www.organisator.ch\/management\/2016-06-17\/buchtipp-touch-point-sieg\/","name":"Book tip: Touch. Point. Victory. - Organizer","isPartOf":{"@id":"https:\/\/www.organisator.ch\/#website"},"primaryImageOfPage":{"@id":"https:\/\/www.organisator.ch\/management\/2016-06-17\/buchtipp-touch-point-sieg\/#primaryimage"},"image":{"@id":"https:\/\/www.organisator.ch\/management\/2016-06-17\/buchtipp-touch-point-sieg\/#primaryimage"},"thumbnailUrl":"https:\/\/www.organisator.ch\/wp-content\/uploads\/2016\/12\/Buchtipp-Touch.-Point.-Sieg.-organisator.jpg","datePublished":"2016-06-17T14:43:53+00:00","description":"Book tip: Anne M. Sch\u00fcller's latest book deals with the topic of communication in times of digital transformation.","breadcrumb":{"@id":"https:\/\/www.organisator.ch\/management\/2016-06-17\/buchtipp-touch-point-sieg\/#breadcrumb"},"inLanguage":"en-US","potentialAction":[{"@type":"ReadAction","target":["https:\/\/www.organisator.ch\/management\/2016-06-17\/buchtipp-touch-point-sieg\/"]}]},{"@type":"ImageObject","inLanguage":"en-US","@id":"https:\/\/www.organisator.ch\/management\/2016-06-17\/buchtipp-touch-point-sieg\/#primaryimage","url":"https:\/\/www.organisator.ch\/wp-content\/uploads\/2016\/12\/Buchtipp-Touch.-Point.-Sieg.-organisator.jpg","contentUrl":"https:\/\/www.organisator.ch\/wp-content\/uploads\/2016\/12\/Buchtipp-Touch.-Point.-Sieg.-organisator.jpg","width":1180,"height":1616,"caption":"Das neueste Buch von Anne M. Sch\u00fcller: Touch. Point. Sieg. Kommunikation in Zeiten der digitalen Transformation."},{"@type":"BreadcrumbList","@id":"https:\/\/www.organisator.ch\/management\/2016-06-17\/buchtipp-touch-point-sieg\/#breadcrumb","itemListElement":[{"@type":"ListItem","position":1,"name":"Home","item":"https:\/\/www.organisator.ch\/"},{"@type":"ListItem","position":2,"name":"Buchtipp: Touch. Point. Sieg."}]},{"@type":"WebSite","@id":"https:\/\/www.organisator.ch\/#website","url":"https:\/\/www.organisator.ch\/","name":"Organizer","description":"Competent. Practical. In 10 issues per year, ORGANISATOR presents the essential topics for managers of SMEs.","publisher":{"@id":"https:\/\/www.organisator.ch\/#organization"},"potentialAction":[{"@type":"SearchAction","target":{"@type":"EntryPoint","urlTemplate":"https:\/\/www.organisator.ch\/?s={search_term_string}"},"query-input":{"@type":"PropertyValueSpecification","valueRequired":true,"valueName":"search_term_string"}}],"inLanguage":"en-US"},{"@type":"Organization","@id":"https:\/\/www.organisator.ch\/#organization","name":"Organizer","url":"https:\/\/www.organisator.ch\/","logo":{"@type":"ImageObject","inLanguage":"en-US","@id":"https:\/\/www.organisator.ch\/#\/schema\/logo\/image\/","url":"https:\/\/www.organisator.ch\/wp-content\/uploads\/2022\/01\/Logo_Organisator_Website.png","contentUrl":"https:\/\/www.organisator.ch\/wp-content\/uploads\/2022\/01\/Logo_Organisator_Website.png","width":800,"height":77,"caption":"Organisator"},"image":{"@id":"https:\/\/www.organisator.ch\/#\/schema\/logo\/image\/"},"sameAs":["https:\/\/www.facebook.com\/OrganisatorFachmagazin","https:\/\/www.linkedin.com\/showcase\/organisator-das-magazin-fr-kmu","https:\/\/www.xing.com\/news\/pages\/organisator-ch-695","https:\/\/www.youtube.com\/channel\/UCGP2Sq0iWaZwT3BdIAQFYpw"]},{"@type":"Person","@id":"https:\/\/www.organisator.ch\/#\/schema\/person\/aa2bace6c5c5aad60102004a50c4eb1c","name":"admin","image":{"@type":"ImageObject","inLanguage":"en-US","@id":"https:\/\/secure.gravatar.com\/avatar\/ae2f4d718e6c49043e314ce431e7e645d646302a24a5ef5a8bc8e3f5a032e319?s=96&d=mm&r=g","url":"https:\/\/secure.gravatar.com\/avatar\/ae2f4d718e6c49043e314ce431e7e645d646302a24a5ef5a8bc8e3f5a032e319?s=96&d=mm&r=g","contentUrl":"https:\/\/secure.gravatar.com\/avatar\/ae2f4d718e6c49043e314ce431e7e645d646302a24a5ef5a8bc8e3f5a032e319?s=96&d=mm&r=g","caption":"admin"},"sameAs":["https:\/\/www.organisator.ch"],"url":"https:\/\/www.organisator.ch\/en\/author\/admin\/"}]}},"_links":{"self":[{"href":"https:\/\/www.organisator.ch\/en\/wp-json\/wp\/v2\/posts\/764","targetHints":{"allow":["GET"]}}],"collection":[{"href":"https:\/\/www.organisator.ch\/en\/wp-json\/wp\/v2\/posts"}],"about":[{"href":"https:\/\/www.organisator.ch\/en\/wp-json\/wp\/v2\/types\/post"}],"author":[{"embeddable":true,"href":"https:\/\/www.organisator.ch\/en\/wp-json\/wp\/v2\/users\/1"}],"replies":[{"embeddable":true,"href":"https:\/\/www.organisator.ch\/en\/wp-json\/wp\/v2\/comments?post=764"}],"version-history":[{"count":0,"href":"https:\/\/www.organisator.ch\/en\/wp-json\/wp\/v2\/posts\/764\/revisions"}],"wp:featuredmedia":[{"embeddable":true,"href":"https:\/\/www.organisator.ch\/en\/wp-json\/wp\/v2\/media\/766"}],"wp:attachment":[{"href":"https:\/\/www.organisator.ch\/en\/wp-json\/wp\/v2\/media?parent=764"}],"wp:term":[{"taxonomy":"category","embeddable":true,"href":"https:\/\/www.organisator.ch\/en\/wp-json\/wp\/v2\/categories?post=764"},{"taxonomy":"post_tag","embeddable":true,"href":"https:\/\/www.organisator.ch\/en\/wp-json\/wp\/v2\/tags?post=764"}],"curies":[{"name":"wp","href":"https:\/\/api.w.org\/{rel}","templated":true}]}}