{"id":7672,"date":"2021-02-16T16:51:49","date_gmt":"2021-02-16T15:51:49","guid":{"rendered":"https:\/\/www.organisator.ch\/?p=7672"},"modified":"2021-02-16T16:51:49","modified_gmt":"2021-02-16T15:51:49","slug":"roadmap-aus-dem-lockdown-sgv-will-oeffnung-am-1-maerz-2021","status":"publish","type":"post","link":"https:\/\/www.organisator.ch\/en\/allgemein\/2021-02-16\/roadmap-aus-dem-lockdown-sgv-will-oeffnung-am-1-maerz-2021\/","title":{"rendered":"Roadmap out of lockdown: sgv wants opening on March 1, 2021"},"content":{"rendered":"<figure id=\"attachment_7673\" aria-describedby=\"caption-attachment-7673\" style=\"width: 680px\" class=\"wp-caption alignnone\"><img loading=\"lazy\" decoding=\"async\" class=\"size-medium wp-image-7673\" src=\"https:\/\/www.organisator.ch\/wp-content\/uploads\/2021\/02\/Roadmap-aus-dem-Lockdown-sgv-will-Oeffnung-am-1-Maerz-2021_Organisator.jpg\" alt=\"\" width=\"680\" height=\"427\" srcset=\"https:\/\/www.organisator.ch\/wp-content\/uploads\/2021\/02\/Roadmap-aus-dem-Lockdown-sgv-will-Oeffnung-am-1-Maerz-2021_Organisator.jpg 680w, https:\/\/www.organisator.ch\/wp-content\/uploads\/2021\/02\/Roadmap-aus-dem-Lockdown-sgv-will-Oeffnung-am-1-Maerz-2021_Organisator-16x10.jpg 16w, https:\/\/www.organisator.ch\/wp-content\/uploads\/2021\/02\/Roadmap-aus-dem-Lockdown-sgv-will-Oeffnung-am-1-Maerz-2021_Organisator-279x175.jpg 279w, https:\/\/www.organisator.ch\/wp-content\/uploads\/2021\/02\/Roadmap-aus-dem-Lockdown-sgv-will-Oeffnung-am-1-Maerz-2021_Organisator-557x350.jpg 557w, https:\/\/www.organisator.ch\/wp-content\/uploads\/2021\/02\/Roadmap-aus-dem-Lockdown-sgv-will-Oeffnung-am-1-Maerz-2021_Organisator-300x188.jpg 300w\" sizes=\"auto, (max-width: 680px) 100vw, 680px\" \/><figcaption id=\"caption-attachment-7673\" class=\"wp-caption-text\">Open stores and restaurants served outdoors: this is what the sgv is calling for in its roadmap to end the lockdown, among other things. But it might still be a long way to the pre-pandemic state. (Image: Pixabay.com)<\/figcaption><\/figure>\n<p>The <a href=\"http:\/\/www.sgv-usam.ch\">Swiss trade association sgv<\/a> demands the immediate relaxation of the lockdown with the approval of terrace and outdoor businesses in the catering industry and \"private shopping\" and outdoor sales in the retail trade. As of March 1, 2021, the sgv demands the complete opening of the economy. Accompanying this, testing must be intensified and expanded to break the staking chains. The full vaccination program must be completed by the end of June 2021. As a basis for information, the federal government must develop a clearly communicated \"national dashboard\" with indicators such as figures on hospitalizations, intensive care bed occupancy, 7-day incidence, positivity rates and infection sites. That, in a nutshell, is the sgv's roadmap. The association is thus underpinning its already <a href=\"https:\/\/www.organisator.ch\/gewerbeverband-fordert-ende-des-lockdowns\/\">last week<\/a> communicated direction of thrust.<\/p>\n<h2>Situation is becoming increasingly difficult for many industries<\/h2>\n<p>Some representatives of heavily affected industries continue to draw attention to the difficult situation of many SMEs. The specialist textile trade, for example, is recording losses of 8 to 35 percent - depending on the outlet. Milo Goldener, president of the textilschweiz association: \"The lockdown last spring has already depleted the reserves.\" Milo Goldener rules out the possibility that opening clothing stores will lead to an increase in infections: \"Our protection concepts have proven their worth. Even employees who contracted the virus in their private lives have not passed it on to customers or staff in the stores.\" The situation in the sports retail sector is similarly dramatic, as its association president Peter Bruggmann explained. His demand is therefore unequivocal: \"The lockdown strategy is costing the sports industry one in five jobs. It must be ended, immediately!\" The auto-schweiz association is also complaining about massive declines in car sales because of the lockdown. In 25 years, the market situation has never been this bad, as Fran\u00e7ois Launaz, president of auto-schweiz, explained.<\/p>\n<h2>Lockdown endangers health<\/h2>\n<p>Roland Steiner, Vice President and Honorary President of the Swiss Fitness and Health Center Association SFGV, pointed out an aspect that should not be underestimated at the media conference. For it is not only the virus directly that endangers health, but also indirectly the closed fitness centers. Because a survey had shown that in the lockdown, physical complaints among customers would increase sharply. One in three had to see a doctor or therapist again because of a worsening health problem. A large proportion are now unnecessarily suffering again from back or knee pain or are experiencing a sharp increase in weight.<\/p>\n<h2>Protection concepts as part of the roadmap<\/h2>\n<p>Therefore, the sgv demands, leisure, fitness and sports facilities should be able to reopen fully on March 1, 2021. Retailers should also be able to offer their full range of products again. Restaurants and similar establishments should be allowed to receive guests again according to the detailed new concept of Gastro-Suisse. This opening is to be accompanied by consistent compliance with protection concepts, such as those already created after the first lockdown.<\/p>\n<p>Another demand of the sgv is the abolition of the home office obligation. According to sgv Director Hans-Ulrich Bigler, this would have brought nothing but rather caused uncertainty.<\/p>\n<h2>Not all call for lockdown to be lifted<\/h2>\n<p>Nonetheless, not all industries want the lockdown to end so vehemently. The Swiss Bank Employees Association (SBPV), for example, has written an open letter to the Federal Council. In it, it warns against opening the lockdown too quickly, as the employers' associations are demanding. In the banking sector in particular, a relaxation of the measures is not an urgent need - here, the home office has already proven itself in practice and a relaxation would undoubtedly pose a health risk to employees, writes the SBA. Experience has shown that banks have found good solutions to be able to continue to provide their services despite home office, it continues. The bank employees' union is therefore calling for the continuation of<br \/>\n\"of these proven measures to protect workers and prevent unnecessary contact.\" But not only that: The home office obligation is even to be strengthened by financial support for employees in matters of ergonomics and the reimbursement of expenses.<\/p>\n<h2>What roadmap does the Federal Council have?<\/h2>\n<p>Be that as it may, the Federal Council is under pressure. The question remains open as to which voices it will listen to most when it makes its next decision: Those who lobby for an opening or those who fear a 3rd wave. It seems that the current situation is like a choice between plague and cholera. In any case, it is to be hoped that the Swiss population - not only the business community - can be presented with a clear perspective, combined with measures that are logical, easy to understand and clearly communicated.<\/p>","protected":false},"excerpt":{"rendered":"<p>Der Schweizerische Gewerbeverband sgv fordert die sofortige Lockerung des Lockdowns mit der Zulassung von Terrassen- und Outdoorbetrieben in der Gastronomie sowie von \u00abPrivate Shopping\u00bb und Outdoorverkauf im Detailhandel. Per 1. M\u00e4rz 2021 fordert der sgv die komplette \u00d6ffnung der Wirtschaft. Flankierend dazu m\u00fcssen die Tests intensiviert und ausgeweitet werden um die Absteckungsketten zu unterbrechen. Das [&hellip;]<\/p>\n","protected":false},"author":4,"featured_media":7673,"comment_status":"closed","ping_status":"closed","sticky":false,"template":"","format":"standard","meta":{"_acf_changed":false,"_yoast_wpseo_focuskw":"Roadmap","_yoast_wpseo_metadesc":"Der Schweizerische Gewerbeverband sgv erneuert seine Forderung nach einer \u00d6ffnung am 1. M\u00e4rz 2021 und legt eine Roadmap aus dem Lockdown vor.","articlekey":"","footnotes":""},"categories":[1],"tags":[132,492,503,531],"class_list":["post-7672","post","type-post","status-publish","format-standard","has-post-thumbnail","hentry","category-allgemein","tag-coronavirus","tag-unternehmen","tag-verbaende","tag-wirtschaftspolitik"],"acf":[],"yoast_head":"<!-- This site is optimized with the Yoast SEO plugin v27.5 - https:\/\/yoast.com\/product\/yoast-seo-wordpress\/ -->\n<title>Roadmap aus dem Lockdown: sgv will \u00d6ffnung am 1. M\u00e4rz 2021 - Organisator<\/title>\n<meta name=\"description\" content=\"Der Schweizerische Gewerbeverband sgv erneuert seine Forderung nach einer \u00d6ffnung am 1. M\u00e4rz 2021 und legt eine Roadmap aus dem Lockdown vor.\" \/>\n<meta name=\"robots\" content=\"index, follow, max-snippet:-1, max-image-preview:large, max-video-preview:-1\" \/>\n<link rel=\"canonical\" href=\"https:\/\/www.organisator.ch\/en\/general\/2021-02-16\/roadmap-aus-dem-lockdown-sgv-will-oeffnung-am-1-maerz-2021\/\" \/>\n<meta property=\"og:locale\" content=\"en_US\" \/>\n<meta property=\"og:type\" content=\"article\" \/>\n<meta property=\"og:title\" content=\"Roadmap aus dem Lockdown: sgv will \u00d6ffnung am 1. M\u00e4rz 2021\" \/>\n<meta property=\"og:description\" content=\"Der Schweizerische Gewerbeverband sgv erneuert seine Forderung nach einer \u00d6ffnung am 1. M\u00e4rz 2021 und legt eine Roadmap aus dem Lockdown vor.\" \/>\n<meta property=\"og:url\" content=\"https:\/\/www.organisator.ch\/en\/general\/2021-02-16\/roadmap-aus-dem-lockdown-sgv-will-oeffnung-am-1-maerz-2021\/\" \/>\n<meta property=\"og:site_name\" content=\"Organisator\" \/>\n<meta property=\"article:publisher\" content=\"https:\/\/www.facebook.com\/OrganisatorFachmagazin\" \/>\n<meta property=\"article:published_time\" content=\"2021-02-16T15:51:49+00:00\" \/>\n<meta property=\"og:image\" content=\"https:\/\/www.organisator.ch\/wp-content\/uploads\/2021\/02\/Roadmap-aus-dem-Lockdown-sgv-will-Oeffnung-am-1-Maerz-2021_Organisator.jpg\" \/>\n\t<meta property=\"og:image:width\" content=\"680\" \/>\n\t<meta property=\"og:image:height\" content=\"427\" \/>\n\t<meta property=\"og:image:type\" content=\"image\/jpeg\" \/>\n<meta name=\"author\" content=\"thomas.berner\" \/>\n<meta name=\"twitter:card\" content=\"summary_large_image\" \/>\n<meta name=\"twitter:title\" content=\"#Roadmap aus dem #Lockdown: #sgv will \u00d6ffnung am 1. M\u00e4rz 2021\" \/>\n<meta name=\"twitter:description\" content=\"Der Schweizerische Gewerbeverband #sgv erneuert seine Forderung nach einer \u00d6ffnung am 1. M\u00e4rz 2021 und legt eine #Roadmap aus dem Lockdown vor.\" \/>\n<meta name=\"twitter:image\" content=\"https:\/\/www.organisator.ch\/wp-content\/uploads\/2021\/02\/Roadmap-aus-dem-Lockdown-sgv-will-Oeffnung-am-1-Maerz-2021_Organisator.jpg\" \/>\n<script type=\"application\/ld+json\" class=\"yoast-schema-graph\">{\"@context\":\"https:\\\/\\\/schema.org\",\"@graph\":[{\"@type\":\"Article\",\"@id\":\"https:\\\/\\\/www.organisator.ch\\\/fr\\\/general\\\/2021-02-16\\\/feuille-de-route-hors-du-lockdown-sgv-veut-ouvrir-le-1-mars-2021\\\/#article\",\"isPartOf\":{\"@id\":\"https:\\\/\\\/www.organisator.ch\\\/fr\\\/general\\\/2021-02-16\\\/feuille-de-route-hors-du-lockdown-sgv-veut-ouvrir-le-1-mars-2021\\\/\"},\"author\":{\"name\":\"thomas.berner\",\"@id\":\"https:\\\/\\\/www.organisator.ch\\\/#\\\/schema\\\/person\\\/6f650f90b2842cd4c0cc334b4e36f67e\"},\"headline\":\"Roadmap aus dem Lockdown: sgv will \u00d6ffnung am 1. M\u00e4rz 2021\",\"datePublished\":\"2021-02-16T15:51:49+00:00\",\"mainEntityOfPage\":{\"@id\":\"https:\\\/\\\/www.organisator.ch\\\/fr\\\/general\\\/2021-02-16\\\/feuille-de-route-hors-du-lockdown-sgv-veut-ouvrir-le-1-mars-2021\\\/\"},\"wordCount\":807,\"publisher\":{\"@id\":\"https:\\\/\\\/www.organisator.ch\\\/#organization\"},\"image\":{\"@id\":\"https:\\\/\\\/www.organisator.ch\\\/fr\\\/general\\\/2021-02-16\\\/feuille-de-route-hors-du-lockdown-sgv-veut-ouvrir-le-1-mars-2021\\\/#primaryimage\"},\"thumbnailUrl\":\"https:\\\/\\\/www.organisator.ch\\\/wp-content\\\/uploads\\\/2021\\\/02\\\/Roadmap-aus-dem-Lockdown-sgv-will-Oeffnung-am-1-Maerz-2021_Organisator.jpg\",\"keywords\":[\"Coronavirus\",\"Unternehmen\",\"Verb\u00e4nde\",\"Wirtschaftspolitik\"],\"articleSection\":[\"Allgemein\"],\"inLanguage\":\"en-US\"},{\"@type\":\"WebPage\",\"@id\":\"https:\\\/\\\/www.organisator.ch\\\/fr\\\/general\\\/2021-02-16\\\/feuille-de-route-hors-du-lockdown-sgv-veut-ouvrir-le-1-mars-2021\\\/\",\"url\":\"https:\\\/\\\/www.organisator.ch\\\/fr\\\/general\\\/2021-02-16\\\/feuille-de-route-hors-du-lockdown-sgv-veut-ouvrir-le-1-mars-2021\\\/\",\"name\":\"Roadmap aus dem Lockdown: sgv will \u00d6ffnung am 1. M\u00e4rz 2021 - Organisator\",\"isPartOf\":{\"@id\":\"https:\\\/\\\/www.organisator.ch\\\/#website\"},\"primaryImageOfPage\":{\"@id\":\"https:\\\/\\\/www.organisator.ch\\\/fr\\\/general\\\/2021-02-16\\\/feuille-de-route-hors-du-lockdown-sgv-veut-ouvrir-le-1-mars-2021\\\/#primaryimage\"},\"image\":{\"@id\":\"https:\\\/\\\/www.organisator.ch\\\/fr\\\/general\\\/2021-02-16\\\/feuille-de-route-hors-du-lockdown-sgv-veut-ouvrir-le-1-mars-2021\\\/#primaryimage\"},\"thumbnailUrl\":\"https:\\\/\\\/www.organisator.ch\\\/wp-content\\\/uploads\\\/2021\\\/02\\\/Roadmap-aus-dem-Lockdown-sgv-will-Oeffnung-am-1-Maerz-2021_Organisator.jpg\",\"datePublished\":\"2021-02-16T15:51:49+00:00\",\"description\":\"Der Schweizerische Gewerbeverband sgv erneuert seine Forderung nach einer \u00d6ffnung am 1. M\u00e4rz 2021 und legt eine Roadmap aus dem Lockdown vor.\",\"breadcrumb\":{\"@id\":\"https:\\\/\\\/www.organisator.ch\\\/fr\\\/general\\\/2021-02-16\\\/feuille-de-route-hors-du-lockdown-sgv-veut-ouvrir-le-1-mars-2021\\\/#breadcrumb\"},\"inLanguage\":\"en-US\",\"potentialAction\":[{\"@type\":\"ReadAction\",\"target\":[\"https:\\\/\\\/www.organisator.ch\\\/fr\\\/general\\\/2021-02-16\\\/feuille-de-route-hors-du-lockdown-sgv-veut-ouvrir-le-1-mars-2021\\\/\"]}]},{\"@type\":\"ImageObject\",\"inLanguage\":\"en-US\",\"@id\":\"https:\\\/\\\/www.organisator.ch\\\/fr\\\/general\\\/2021-02-16\\\/feuille-de-route-hors-du-lockdown-sgv-veut-ouvrir-le-1-mars-2021\\\/#primaryimage\",\"url\":\"https:\\\/\\\/www.organisator.ch\\\/wp-content\\\/uploads\\\/2021\\\/02\\\/Roadmap-aus-dem-Lockdown-sgv-will-Oeffnung-am-1-Maerz-2021_Organisator.jpg\",\"contentUrl\":\"https:\\\/\\\/www.organisator.ch\\\/wp-content\\\/uploads\\\/2021\\\/02\\\/Roadmap-aus-dem-Lockdown-sgv-will-Oeffnung-am-1-Maerz-2021_Organisator.jpg\",\"width\":680,\"height\":427,\"caption\":\"Offene L\u00e4den und im Freien bediente Restaurants: Das fordert der sgv in seiner Roadmap zum Ende des Lockdowns. Doch bis zum Zustand vor der Pandemie d\u00fcrfte es noch ein langer Weg sein. (Bild: Pixabay.com)\"},{\"@type\":\"BreadcrumbList\",\"@id\":\"https:\\\/\\\/www.organisator.ch\\\/fr\\\/general\\\/2021-02-16\\\/feuille-de-route-hors-du-lockdown-sgv-veut-ouvrir-le-1-mars-2021\\\/#breadcrumb\",\"itemListElement\":[{\"@type\":\"ListItem\",\"position\":1,\"name\":\"Home\",\"item\":\"https:\\\/\\\/www.organisator.ch\\\/\"},{\"@type\":\"ListItem\",\"position\":2,\"name\":\"Roadmap aus dem Lockdown: sgv will \u00d6ffnung am 1. M\u00e4rz 2021\"}]},{\"@type\":\"WebSite\",\"@id\":\"https:\\\/\\\/www.organisator.ch\\\/#website\",\"url\":\"https:\\\/\\\/www.organisator.ch\\\/\",\"name\":\"Organisator\",\"description\":\"Kompetent. Praxisnah. Der ORGANISATOR bereitet in 10 Ausgaben pro Jahr die wesentlichen Themen f\u00fcr F\u00fchrungskr\u00e4fte von KMU auf.\",\"publisher\":{\"@id\":\"https:\\\/\\\/www.organisator.ch\\\/#organization\"},\"potentialAction\":[{\"@type\":\"SearchAction\",\"target\":{\"@type\":\"EntryPoint\",\"urlTemplate\":\"https:\\\/\\\/www.organisator.ch\\\/?s={search_term_string}\"},\"query-input\":{\"@type\":\"PropertyValueSpecification\",\"valueRequired\":true,\"valueName\":\"search_term_string\"}}],\"inLanguage\":\"en-US\"},{\"@type\":\"Organization\",\"@id\":\"https:\\\/\\\/www.organisator.ch\\\/#organization\",\"name\":\"Organisator\",\"url\":\"https:\\\/\\\/www.organisator.ch\\\/\",\"logo\":{\"@type\":\"ImageObject\",\"inLanguage\":\"en-US\",\"@id\":\"https:\\\/\\\/www.organisator.ch\\\/#\\\/schema\\\/logo\\\/image\\\/\",\"url\":\"https:\\\/\\\/www.organisator.ch\\\/wp-content\\\/uploads\\\/2022\\\/01\\\/Logo_Organisator_Website.png\",\"contentUrl\":\"https:\\\/\\\/www.organisator.ch\\\/wp-content\\\/uploads\\\/2022\\\/01\\\/Logo_Organisator_Website.png\",\"width\":800,\"height\":77,\"caption\":\"Organisator\"},\"image\":{\"@id\":\"https:\\\/\\\/www.organisator.ch\\\/#\\\/schema\\\/logo\\\/image\\\/\"},\"sameAs\":[\"https:\\\/\\\/www.facebook.com\\\/OrganisatorFachmagazin\",\"https:\\\/\\\/www.linkedin.com\\\/showcase\\\/organisator-das-magazin-fr-kmu\",\"https:\\\/\\\/www.xing.com\\\/news\\\/pages\\\/organisator-ch-695\",\"https:\\\/\\\/www.youtube.com\\\/channel\\\/UCGP2Sq0iWaZwT3BdIAQFYpw\"]},{\"@type\":\"Person\",\"@id\":\"https:\\\/\\\/www.organisator.ch\\\/#\\\/schema\\\/person\\\/6f650f90b2842cd4c0cc334b4e36f67e\",\"name\":\"thomas.berner\",\"image\":{\"@type\":\"ImageObject\",\"inLanguage\":\"en-US\",\"@id\":\"https:\\\/\\\/secure.gravatar.com\\\/avatar\\\/ac5001d2a36cb6c6cd3e50789007ffca834b477b74a2144564522e944eabff61?s=96&d=mm&r=g\",\"url\":\"https:\\\/\\\/secure.gravatar.com\\\/avatar\\\/ac5001d2a36cb6c6cd3e50789007ffca834b477b74a2144564522e944eabff61?s=96&d=mm&r=g\",\"contentUrl\":\"https:\\\/\\\/secure.gravatar.com\\\/avatar\\\/ac5001d2a36cb6c6cd3e50789007ffca834b477b74a2144564522e944eabff61?s=96&d=mm&r=g\",\"caption\":\"thomas.berner\"},\"url\":\"https:\\\/\\\/www.organisator.ch\\\/en\\\/author\\\/thomas-berner\\\/\"}]}<\/script>\n<!-- \/ Yoast SEO plugin. -->","yoast_head_json":{"title":"Roadmap out of lockdown: sgv wants opening on March 1, 2021 - Organizer","description":"The Swiss Trade Association sgv renews its call for an opening on March 1, 2021 and presents a roadmap out of the lockdown.","robots":{"index":"index","follow":"follow","max-snippet":"max-snippet:-1","max-image-preview":"max-image-preview:large","max-video-preview":"max-video-preview:-1"},"canonical":"https:\/\/www.organisator.ch\/en\/general\/2021-02-16\/roadmap-aus-dem-lockdown-sgv-will-oeffnung-am-1-maerz-2021\/","og_locale":"en_US","og_type":"article","og_title":"Roadmap aus dem Lockdown: sgv will \u00d6ffnung am 1. M\u00e4rz 2021","og_description":"Der Schweizerische Gewerbeverband sgv erneuert seine Forderung nach einer \u00d6ffnung am 1. M\u00e4rz 2021 und legt eine Roadmap aus dem Lockdown vor.","og_url":"https:\/\/www.organisator.ch\/en\/general\/2021-02-16\/roadmap-aus-dem-lockdown-sgv-will-oeffnung-am-1-maerz-2021\/","og_site_name":"Organisator","article_publisher":"https:\/\/www.facebook.com\/OrganisatorFachmagazin","article_published_time":"2021-02-16T15:51:49+00:00","og_image":[{"width":680,"height":427,"url":"https:\/\/www.organisator.ch\/wp-content\/uploads\/2021\/02\/Roadmap-aus-dem-Lockdown-sgv-will-Oeffnung-am-1-Maerz-2021_Organisator.jpg","type":"image\/jpeg"}],"author":"thomas.berner","twitter_card":"summary_large_image","twitter_title":"#Roadmap aus dem #Lockdown: #sgv will \u00d6ffnung am 1. M\u00e4rz 2021","twitter_description":"Der Schweizerische Gewerbeverband #sgv erneuert seine Forderung nach einer \u00d6ffnung am 1. M\u00e4rz 2021 und legt eine #Roadmap aus dem Lockdown vor.","twitter_image":"https:\/\/www.organisator.ch\/wp-content\/uploads\/2021\/02\/Roadmap-aus-dem-Lockdown-sgv-will-Oeffnung-am-1-Maerz-2021_Organisator.jpg","schema":{"@context":"https:\/\/schema.org","@graph":[{"@type":"Article","@id":"https:\/\/www.organisator.ch\/fr\/general\/2021-02-16\/feuille-de-route-hors-du-lockdown-sgv-veut-ouvrir-le-1-mars-2021\/#article","isPartOf":{"@id":"https:\/\/www.organisator.ch\/fr\/general\/2021-02-16\/feuille-de-route-hors-du-lockdown-sgv-veut-ouvrir-le-1-mars-2021\/"},"author":{"name":"thomas.berner","@id":"https:\/\/www.organisator.ch\/#\/schema\/person\/6f650f90b2842cd4c0cc334b4e36f67e"},"headline":"Roadmap aus dem Lockdown: sgv will \u00d6ffnung am 1. M\u00e4rz 2021","datePublished":"2021-02-16T15:51:49+00:00","mainEntityOfPage":{"@id":"https:\/\/www.organisator.ch\/fr\/general\/2021-02-16\/feuille-de-route-hors-du-lockdown-sgv-veut-ouvrir-le-1-mars-2021\/"},"wordCount":807,"publisher":{"@id":"https:\/\/www.organisator.ch\/#organization"},"image":{"@id":"https:\/\/www.organisator.ch\/fr\/general\/2021-02-16\/feuille-de-route-hors-du-lockdown-sgv-veut-ouvrir-le-1-mars-2021\/#primaryimage"},"thumbnailUrl":"https:\/\/www.organisator.ch\/wp-content\/uploads\/2021\/02\/Roadmap-aus-dem-Lockdown-sgv-will-Oeffnung-am-1-Maerz-2021_Organisator.jpg","keywords":["Coronavirus","Unternehmen","Verb\u00e4nde","Wirtschaftspolitik"],"articleSection":["Allgemein"],"inLanguage":"en-US"},{"@type":"WebPage","@id":"https:\/\/www.organisator.ch\/fr\/general\/2021-02-16\/feuille-de-route-hors-du-lockdown-sgv-veut-ouvrir-le-1-mars-2021\/","url":"https:\/\/www.organisator.ch\/fr\/general\/2021-02-16\/feuille-de-route-hors-du-lockdown-sgv-veut-ouvrir-le-1-mars-2021\/","name":"Roadmap out of lockdown: sgv wants opening on March 1, 2021 - Organizer","isPartOf":{"@id":"https:\/\/www.organisator.ch\/#website"},"primaryImageOfPage":{"@id":"https:\/\/www.organisator.ch\/fr\/general\/2021-02-16\/feuille-de-route-hors-du-lockdown-sgv-veut-ouvrir-le-1-mars-2021\/#primaryimage"},"image":{"@id":"https:\/\/www.organisator.ch\/fr\/general\/2021-02-16\/feuille-de-route-hors-du-lockdown-sgv-veut-ouvrir-le-1-mars-2021\/#primaryimage"},"thumbnailUrl":"https:\/\/www.organisator.ch\/wp-content\/uploads\/2021\/02\/Roadmap-aus-dem-Lockdown-sgv-will-Oeffnung-am-1-Maerz-2021_Organisator.jpg","datePublished":"2021-02-16T15:51:49+00:00","description":"The Swiss Trade Association sgv renews its call for an opening on March 1, 2021 and presents a roadmap out of the lockdown.","breadcrumb":{"@id":"https:\/\/www.organisator.ch\/fr\/general\/2021-02-16\/feuille-de-route-hors-du-lockdown-sgv-veut-ouvrir-le-1-mars-2021\/#breadcrumb"},"inLanguage":"en-US","potentialAction":[{"@type":"ReadAction","target":["https:\/\/www.organisator.ch\/fr\/general\/2021-02-16\/feuille-de-route-hors-du-lockdown-sgv-veut-ouvrir-le-1-mars-2021\/"]}]},{"@type":"ImageObject","inLanguage":"en-US","@id":"https:\/\/www.organisator.ch\/fr\/general\/2021-02-16\/feuille-de-route-hors-du-lockdown-sgv-veut-ouvrir-le-1-mars-2021\/#primaryimage","url":"https:\/\/www.organisator.ch\/wp-content\/uploads\/2021\/02\/Roadmap-aus-dem-Lockdown-sgv-will-Oeffnung-am-1-Maerz-2021_Organisator.jpg","contentUrl":"https:\/\/www.organisator.ch\/wp-content\/uploads\/2021\/02\/Roadmap-aus-dem-Lockdown-sgv-will-Oeffnung-am-1-Maerz-2021_Organisator.jpg","width":680,"height":427,"caption":"Offene L\u00e4den und im Freien bediente Restaurants: Das fordert der sgv in seiner Roadmap zum Ende des Lockdowns. Doch bis zum Zustand vor der Pandemie d\u00fcrfte es noch ein langer Weg sein. (Bild: Pixabay.com)"},{"@type":"BreadcrumbList","@id":"https:\/\/www.organisator.ch\/fr\/general\/2021-02-16\/feuille-de-route-hors-du-lockdown-sgv-veut-ouvrir-le-1-mars-2021\/#breadcrumb","itemListElement":[{"@type":"ListItem","position":1,"name":"Home","item":"https:\/\/www.organisator.ch\/"},{"@type":"ListItem","position":2,"name":"Roadmap aus dem Lockdown: sgv will \u00d6ffnung am 1. M\u00e4rz 2021"}]},{"@type":"WebSite","@id":"https:\/\/www.organisator.ch\/#website","url":"https:\/\/www.organisator.ch\/","name":"Organizer","description":"Competent. Practical. In 10 issues per year, ORGANISATOR presents the essential topics for managers of SMEs.","publisher":{"@id":"https:\/\/www.organisator.ch\/#organization"},"potentialAction":[{"@type":"SearchAction","target":{"@type":"EntryPoint","urlTemplate":"https:\/\/www.organisator.ch\/?s={search_term_string}"},"query-input":{"@type":"PropertyValueSpecification","valueRequired":true,"valueName":"search_term_string"}}],"inLanguage":"en-US"},{"@type":"Organization","@id":"https:\/\/www.organisator.ch\/#organization","name":"Organizer","url":"https:\/\/www.organisator.ch\/","logo":{"@type":"ImageObject","inLanguage":"en-US","@id":"https:\/\/www.organisator.ch\/#\/schema\/logo\/image\/","url":"https:\/\/www.organisator.ch\/wp-content\/uploads\/2022\/01\/Logo_Organisator_Website.png","contentUrl":"https:\/\/www.organisator.ch\/wp-content\/uploads\/2022\/01\/Logo_Organisator_Website.png","width":800,"height":77,"caption":"Organisator"},"image":{"@id":"https:\/\/www.organisator.ch\/#\/schema\/logo\/image\/"},"sameAs":["https:\/\/www.facebook.com\/OrganisatorFachmagazin","https:\/\/www.linkedin.com\/showcase\/organisator-das-magazin-fr-kmu","https:\/\/www.xing.com\/news\/pages\/organisator-ch-695","https:\/\/www.youtube.com\/channel\/UCGP2Sq0iWaZwT3BdIAQFYpw"]},{"@type":"Person","@id":"https:\/\/www.organisator.ch\/#\/schema\/person\/6f650f90b2842cd4c0cc334b4e36f67e","name":"thomas.berner","image":{"@type":"ImageObject","inLanguage":"en-US","@id":"https:\/\/secure.gravatar.com\/avatar\/ac5001d2a36cb6c6cd3e50789007ffca834b477b74a2144564522e944eabff61?s=96&d=mm&r=g","url":"https:\/\/secure.gravatar.com\/avatar\/ac5001d2a36cb6c6cd3e50789007ffca834b477b74a2144564522e944eabff61?s=96&d=mm&r=g","contentUrl":"https:\/\/secure.gravatar.com\/avatar\/ac5001d2a36cb6c6cd3e50789007ffca834b477b74a2144564522e944eabff61?s=96&d=mm&r=g","caption":"thomas.berner"},"url":"https:\/\/www.organisator.ch\/en\/author\/thomas-berner\/"}]}},"_links":{"self":[{"href":"https:\/\/www.organisator.ch\/en\/wp-json\/wp\/v2\/posts\/7672","targetHints":{"allow":["GET"]}}],"collection":[{"href":"https:\/\/www.organisator.ch\/en\/wp-json\/wp\/v2\/posts"}],"about":[{"href":"https:\/\/www.organisator.ch\/en\/wp-json\/wp\/v2\/types\/post"}],"author":[{"embeddable":true,"href":"https:\/\/www.organisator.ch\/en\/wp-json\/wp\/v2\/users\/4"}],"replies":[{"embeddable":true,"href":"https:\/\/www.organisator.ch\/en\/wp-json\/wp\/v2\/comments?post=7672"}],"version-history":[{"count":0,"href":"https:\/\/www.organisator.ch\/en\/wp-json\/wp\/v2\/posts\/7672\/revisions"}],"wp:featuredmedia":[{"embeddable":true,"href":"https:\/\/www.organisator.ch\/en\/wp-json\/wp\/v2\/media\/7673"}],"wp:attachment":[{"href":"https:\/\/www.organisator.ch\/en\/wp-json\/wp\/v2\/media?parent=7672"}],"wp:term":[{"taxonomy":"category","embeddable":true,"href":"https:\/\/www.organisator.ch\/en\/wp-json\/wp\/v2\/categories?post=7672"},{"taxonomy":"post_tag","embeddable":true,"href":"https:\/\/www.organisator.ch\/en\/wp-json\/wp\/v2\/tags?post=7672"}],"curies":[{"name":"wp","href":"https:\/\/api.w.org\/{rel}","templated":true}]}}