{"id":7689,"date":"2021-02-19T07:55:18","date_gmt":"2021-02-19T06:55:18","guid":{"rendered":"https:\/\/www.organisator.ch\/?p=7689"},"modified":"2021-02-19T07:55:18","modified_gmt":"2021-02-19T06:55:18","slug":"das-new-normal-in-familienunternehmen-teil-3-paradigmenwechsel","status":"publish","type":"post","link":"https:\/\/www.organisator.ch\/en\/management\/2021-02-19\/das-new-normal-in-familienunternehmen-teil-3-paradigmenwechsel\/","title":{"rendered":"The \"New Normal\" in Family Businesses, Part 3: Paradigm Shift"},"content":{"rendered":"<figure id=\"attachment_7690\" aria-describedby=\"caption-attachment-7690\" style=\"width: 680px\" class=\"wp-caption alignnone\"><img loading=\"lazy\" decoding=\"async\" class=\"size-medium wp-image-7690\" src=\"https:\/\/www.organisator.ch\/wp-content\/uploads\/2021\/02\/Das-New-Normal-in-Familienunternehmen-Teil-3-Paradigmenwechsel_Organisator.jpg\" alt=\"\" width=\"680\" height=\"453\" srcset=\"https:\/\/www.organisator.ch\/wp-content\/uploads\/2021\/02\/Das-New-Normal-in-Familienunternehmen-Teil-3-Paradigmenwechsel_Organisator.jpg 680w, https:\/\/www.organisator.ch\/wp-content\/uploads\/2021\/02\/Das-New-Normal-in-Familienunternehmen-Teil-3-Paradigmenwechsel_Organisator-16x12.jpg 16w, https:\/\/www.organisator.ch\/wp-content\/uploads\/2021\/02\/Das-New-Normal-in-Familienunternehmen-Teil-3-Paradigmenwechsel_Organisator-263x175.jpg 263w, https:\/\/www.organisator.ch\/wp-content\/uploads\/2021\/02\/Das-New-Normal-in-Familienunternehmen-Teil-3-Paradigmenwechsel_Organisator-525x350.jpg 525w, https:\/\/www.organisator.ch\/wp-content\/uploads\/2021\/02\/Das-New-Normal-in-Familienunternehmen-Teil-3-Paradigmenwechsel_Organisator-300x200.jpg 300w\" sizes=\"auto, (max-width: 680px) 100vw, 680px\" \/><figcaption id=\"caption-attachment-7690\" class=\"wp-caption-text\">New normality requires a paradigm shift: \"Out of crisis-survival mode - into future-shaping mode.\" (Image: Pixabay.com)<\/figcaption><\/figure>\n<p>As the next agenda item of our <a href=\"https:\/\/www.organisator.ch\/virtual-reality-ist-salonfaehig-und-durchdringt-alles-new-normal-in-familienunternehmen-in-2022\/\">Supervisory Board meeting in summer 2022<\/a> The paradigm shift that we want to see completed in the behavior of the team and especially our managers by the beginning of 2022 is: \"Out of crisis-survival mode - into future-shaping mode.\"<\/p>\n<h2><strong>Core competencies and innovations<\/strong><\/h2>\n<p>It still fascinates me today how quickly and consistently we switched to emergency mode in March 2020. But I am even more amazed at how long and rocky the road back to working beyond ad hoc crisis mode is. We constantly find that routines, standards, rules and other norms are no longer useful or practical.<\/p>\n<p>Over the past 12 months, we have taken a very close look at our proven core competencies in our Corporate Innovation Lab, which was established in summer 2020. I would not have thought that in this way - and consistently building on our strengths - we have quickly come up with an impressive number of new business model ideas. A first, promising idea has already been fleshed out and is now in the pilot phase. It's fantastic to see how constructively and naturally our employees here work together with our main customer in mixed teams across organizational boundaries and time zones!<\/p>\n<h2><strong>Paradigm shift with rituals and ideas<\/strong><\/h2>\n<p>We also wanted to underscore our paradigm shift with new, social-distancing-compliant rituals, routines and symbols, which we introduced step by step in our organization. Roll calls at the start of every shift on the shop floor are still as taboo as most of the trade shows, conventions and major events that we would have automatically gone to in the past. Today, we start the day with virtual team breakfasts. And even on the shop floor, all of our employees now willingly use their personal smartphones to stay in touch.<\/p>\n<p>We have introduced a virtual exchange for improvement ideas that is open to all employees. In the virtual idea room, improvement approaches and thoughts can be posted, viewed, explained and enriched. So much for post-its being the future in innovation management! We have often been surprised by how constructively and productively ideas are developed in the virtual room. We particularly like the fact that hierarchy plays a subordinate role. It's the better idea that counts. It doesn't matter who contributed it.<\/p>\n<h2><strong>Spatial distance and customer trust<\/strong><\/h2>\n<p>I particularly enjoy being invited more and more often by other managers and employees - even from other locations and countries - to the virtual coffee break. Here, we discuss more and more topics \"in passing\" as we used to at the coffee machine.<\/p>\n<p>But we need to understand even better how we can secure and develop our customer relationships in the long term, largely without being present on site. Virtual design thinking workshops, virtual factory tours with the customer, product testing at the same time at the customer and supplier with virtual support are just a few examples of our efforts to maintain a high level of customer proximity despite a high physical distance.<\/p>\n<p>We are constantly learning to build trust virtually and to nurture it. And we have also learned to appreciate one major advantage of virtualization: without the expense of travel, appointments can be scheduled much more quickly; participants feel noticeably more available.<\/p>\n<p>The investments in the infrastructure required for this as well as in the skills of our team still seem to us to make much more sense than making business travel agencies and aviation companies big again. Against this backdrop, we have also held long and intensive discussions on how we intend to deal with the business consequences of the crisis in the medium term. We also took a close look at whether we had wisely reallocated our travel, trade show and event budgets last September in the interests of our customer relationships. For the time being, however, we are leaving them at the \"new normal\" level.<\/p>\n<h2><strong>Employers and improvements<\/strong><\/h2>\n<p>I am somewhat frustrated by the fact that we have been discussing adjustments to our employee processes for more than half a year - and how difficult we are finding it to release and implement the extensive improvement measures. Nevertheless, we have probably changed our working time and work location models in production and administration more in the last 12 months than in the entire 12 years before that.<\/p>\n<p>Particularly when it comes to recruiting new specialists and managers, we are noticing that as a typical \"hidden champion\" from the provinces, we are getting better and better at reducing our location disadvantage compared to metropolitan regions. Our attractiveness as an employer is developing very positively!<\/p>\n<p>As, by the way, did interdisciplinary collaboration, which we had always found difficult in the past. We were finally able to leave the old-fashioned silo thinking of the past behind us. The team spirit that has long been invoked now finally seems to have arrived in everyday working life. In particular, we haven't had to put up with political games or power struggles between individual departments for quite some time.<\/p>\n<h2><strong>Leadership culture and data <\/strong><\/h2>\n<p>The introduction of \"micro-feedbacks\", which we introduced at the end of every web conference or telephone conference just three months after the start of the Corona shutdown, certainly contributed to this. Since then, we have been using the resulting data base very consistently to prepare our staff appraisals as managers. The boost in quality and depth that we have been able to achieve in this area over the past few months is remarkable.<\/p>\n<p>Nevertheless, the effective use of the assessment data and, above all, the empathetic handling of the resulting performance transparency currently still represent one of the greater challenges for our managers. All of them should therefore have completed their individual coaching program by the end of the year.<\/p>\n<p>But things are moving forward: Increasingly, our managers have internalized that they should always act consciously and firmly as active ambassadors and guardians of our value base. More and more of them are taking the lively discussion from the management meetings to their teams and are very committed to doing their part for the good of the company as a whole - and \"inciting\" their employees to do so.<\/p>\n<p><em>(to be continued)<\/em><\/p>\n<p><a href=\"https:\/\/www.organisator.ch\/virtual-reality-ist-salonfaehig-und-durchdringt-alles-new-normal-in-familienunternehmen-in-2022\/\"><em>Click here for part 1<\/em><\/a><\/p>\n<p><a href=\"https:\/\/www.organisator.ch\/das-new-normal-in-familienunternehmen-teil-2-krise-als-chance\/\"><em>Click here for part 2<\/em><\/a><\/p>\n<p><a href=\"https:\/\/www.organisator.ch\/das-new-normal-in-familienunternehmen-teil-4-widerstandsfaehigkeit\/\"><em>Click here for part 4<\/em><\/a><\/p>\n<p><a href=\"https:\/\/www.organisator.ch\/das-new-normal-in-familienunternehmen-teil-5-drive-und-spirit\/\"><em>Click here for part 5<\/em><\/a><\/p>\n<p>&nbsp;<\/p>\n<p><strong><em>Authors:<\/em><\/strong><\/p>\n<p><strong><img loading=\"lazy\" decoding=\"async\" class=\"alignnone size-full wp-image-7562\" src=\"https:\/\/www.organisator.ch\/wp-content\/uploads\/2021\/01\/Christian-Schiede_Organisator.jpg\" alt=\"\" width=\"340\" height=\"421\" srcset=\"https:\/\/www.organisator.ch\/wp-content\/uploads\/2021\/01\/Christian-Schiede_Organisator.jpg 340w, https:\/\/www.organisator.ch\/wp-content\/uploads\/2021\/01\/Christian-Schiede_Organisator-10x12.jpg 10w, https:\/\/www.organisator.ch\/wp-content\/uploads\/2021\/01\/Christian-Schiede_Organisator-141x175.jpg 141w, https:\/\/www.organisator.ch\/wp-content\/uploads\/2021\/01\/Christian-Schiede_Organisator-283x350.jpg 283w, https:\/\/www.organisator.ch\/wp-content\/uploads\/2021\/01\/Christian-Schiede_Organisator-300x371.jpg 300w\" sizes=\"auto, (max-width: 340px) 100vw, 340px\" \/><\/strong><\/p>\n<p><strong>Christian Schiede\u00a0<\/strong>has been advising and assisting entrepreneurial families and family businesses to strengthen cohesion, increase competitiveness and secure value since 2003. Contact:\u00a0<a href=\"http:\/\/www.schiede.com\/\">www.schiede.com<\/a>;\u00a0<a href=\"mailto:schiede@shpadvisors.com\">schiede@shpadvisors.com<\/a><\/p>\n<p><img loading=\"lazy\" decoding=\"async\" class=\"alignnone size-full wp-image-7564\" src=\"https:\/\/www.organisator.ch\/wp-content\/uploads\/2021\/01\/Bastian-Schneider_Organisator.jpg\" sizes=\"auto, (max-width: 340px) 100vw, 340px\" srcset=\"https:\/\/www.organisator.ch\/wp-content\/uploads\/2021\/01\/Bastian-Schneider_Organisator.jpg 340w, https:\/\/www.organisator.ch\/wp-content\/uploads\/2021\/01\/Bastian-Schneider_Organisator.jpg 220w\" alt=\"\" width=\"340\" height=\"340\" \/><\/p>\n<p><strong>Bastian Schneider\u00a0<\/strong>has been helping entrepreneurs and management teams strengthen their brands from within and lead their organizations and businesses into the future from this perspective since 2000. In more than 30 industries. In Germany, Austria and Switzerland. Contact:\u00a0<a href=\"http:\/\/www.brandleadership.ch\/\">www.brandleadership.ch<\/a>;\u00a0<a href=\"mailto:bastian.schneider@brandleadership.ch\">bastian.schneider@brandleadership.ch<\/a><\/p>","protected":false},"excerpt":{"rendered":"<p>Als n\u00e4chster Agenda-Punkt unserer Aufsichtsratssitzung im Sommer 2022 steht der Paradigmenwechsel an, den wir im Verhalten der Mannschaft und insbesondere unserer F\u00fchrungskr\u00e4fte bis Anfang 2022 vollzogen sehen wollen: \u00abRaus aus dem Krisen-\u00dcberlebens-Modus \u2013 rein in den Zukunft-Gestalten-Modus.\u00bb Kernkompetenzen und Innovationen Es fasziniert mich heute immer noch, wie schnell und konsequent wir im M\u00e4rz 2020 in [&hellip;]<\/p>\n","protected":false},"author":4,"featured_media":7690,"comment_status":"closed","ping_status":"closed","sticky":false,"template":"","format":"standard","meta":{"_acf_changed":false,"_yoast_wpseo_focuskw":"Paradigmenwechsel","_yoast_wpseo_metadesc":"Wie ver\u00e4ndert die Corona-Pandemie unsere Unternehmens- und Arbeitswelt? N\u00f6tig sind Paradigmenwechsel, wie die Autoren im dritten Teil unserer Serie zeigen.","articlekey":"","footnotes":""},"categories":[28],"tags":[156,320,335,508],"class_list":["post-7689","post","type-post","status-publish","format-standard","has-post-thumbnail","hentry","category-management","tag-digitalisierung","tag-leadership","tag-management-und-unternehmensfuehrung","tag-vermischtes"],"acf":[],"yoast_head":"<!-- This site is optimized with the Yoast SEO plugin v27.4 - https:\/\/yoast.com\/product\/yoast-seo-wordpress\/ -->\n<title>Das \u00abNew Normal\u00bb in Familienunternehmen, Teil 3: Paradigmenwechsel - Organisator<\/title>\n<meta name=\"description\" content=\"Wie ver\u00e4ndert die Corona-Pandemie unsere Unternehmens- und Arbeitswelt? N\u00f6tig sind Paradigmenwechsel, wie die Autoren im dritten Teil unserer Serie zeigen.\" \/>\n<meta name=\"robots\" content=\"index, follow, max-snippet:-1, max-image-preview:large, max-video-preview:-1\" \/>\n<link rel=\"canonical\" href=\"https:\/\/www.organisator.ch\/en\/management\/2021-02-19\/das-new-normal-in-familienunternehmen-teil-3-paradigmenwechsel\/\" \/>\n<meta property=\"og:locale\" content=\"en_US\" \/>\n<meta property=\"og:type\" content=\"article\" \/>\n<meta property=\"og:title\" content=\"Das \u00abNew Normal\u00bb in Familienunternehmen, Teil 3: Paradigmenwechsel\" \/>\n<meta property=\"og:description\" content=\"Wie ver\u00e4ndert die Corona-Pandemie unsere Unternehmens- und Arbeitswelt? N\u00f6tig sind Paradigmenwechsel, wie die Autoren im dritten Teil unserer Serie zeigen.\" \/>\n<meta property=\"og:url\" content=\"https:\/\/www.organisator.ch\/en\/management\/2021-02-19\/das-new-normal-in-familienunternehmen-teil-3-paradigmenwechsel\/\" \/>\n<meta property=\"og:site_name\" content=\"Organisator\" \/>\n<meta property=\"article:publisher\" content=\"https:\/\/www.facebook.com\/OrganisatorFachmagazin\" \/>\n<meta property=\"article:published_time\" content=\"2021-02-19T06:55:18+00:00\" \/>\n<meta property=\"og:image\" content=\"https:\/\/www.organisator.ch\/wp-content\/uploads\/2021\/02\/Das-New-Normal-in-Familienunternehmen-Teil-3-Paradigmenwechsel_Organisator.jpg\" \/>\n\t<meta property=\"og:image:width\" content=\"680\" \/>\n\t<meta property=\"og:image:height\" content=\"453\" \/>\n\t<meta property=\"og:image:type\" content=\"image\/jpeg\" \/>\n<meta name=\"author\" content=\"thomas.berner\" \/>\n<meta name=\"twitter:card\" content=\"summary_large_image\" \/>\n<meta name=\"twitter:title\" content=\"Das \u00abNew Normal\u00bb in #Familienunternehmen, Teil 3: #Paradigmenwechsel\" \/>\n<meta name=\"twitter:description\" content=\"Wie ver\u00e4ndert die #Corona-Pandemie unsere Unternehmens- und Arbeitswelt? N\u00f6tig sind #Paradigmenwechsel, wie die Autoren im dritten Teil unserer Serie zeigen.\" \/>\n<meta name=\"twitter:image\" content=\"https:\/\/www.organisator.ch\/wp-content\/uploads\/2021\/02\/Das-New-Normal-in-Familienunternehmen-Teil-3-Paradigmenwechsel_Organisator.jpg\" \/>\n<script type=\"application\/ld+json\" class=\"yoast-schema-graph\">{\"@context\":\"https:\\\/\\\/schema.org\",\"@graph\":[{\"@type\":\"Article\",\"@id\":\"https:\\\/\\\/www.organisator.ch\\\/management\\\/2021-02-19\\\/das-new-normal-in-familienunternehmen-teil-3-paradigmenwechsel\\\/#article\",\"isPartOf\":{\"@id\":\"https:\\\/\\\/www.organisator.ch\\\/management\\\/2021-02-19\\\/das-new-normal-in-familienunternehmen-teil-3-paradigmenwechsel\\\/\"},\"author\":{\"name\":\"thomas.berner\",\"@id\":\"https:\\\/\\\/www.organisator.ch\\\/#\\\/schema\\\/person\\\/6f650f90b2842cd4c0cc334b4e36f67e\"},\"headline\":\"Das \u00abNew Normal\u00bb in Familienunternehmen, Teil 3: Paradigmenwechsel\",\"datePublished\":\"2021-02-19T06:55:18+00:00\",\"mainEntityOfPage\":{\"@id\":\"https:\\\/\\\/www.organisator.ch\\\/management\\\/2021-02-19\\\/das-new-normal-in-familienunternehmen-teil-3-paradigmenwechsel\\\/\"},\"wordCount\":1100,\"publisher\":{\"@id\":\"https:\\\/\\\/www.organisator.ch\\\/#organization\"},\"image\":{\"@id\":\"https:\\\/\\\/www.organisator.ch\\\/management\\\/2021-02-19\\\/das-new-normal-in-familienunternehmen-teil-3-paradigmenwechsel\\\/#primaryimage\"},\"thumbnailUrl\":\"https:\\\/\\\/www.organisator.ch\\\/wp-content\\\/uploads\\\/2021\\\/02\\\/Das-New-Normal-in-Familienunternehmen-Teil-3-Paradigmenwechsel_Organisator.jpg\",\"keywords\":[\"Digitalisierung\",\"Leadership\",\"Management und Unternehmensf\u00fchrung\",\"Vermischtes\"],\"articleSection\":[\"MANAGEMENT\"],\"inLanguage\":\"en-US\"},{\"@type\":\"WebPage\",\"@id\":\"https:\\\/\\\/www.organisator.ch\\\/management\\\/2021-02-19\\\/das-new-normal-in-familienunternehmen-teil-3-paradigmenwechsel\\\/\",\"url\":\"https:\\\/\\\/www.organisator.ch\\\/management\\\/2021-02-19\\\/das-new-normal-in-familienunternehmen-teil-3-paradigmenwechsel\\\/\",\"name\":\"Das \u00abNew Normal\u00bb in Familienunternehmen, Teil 3: Paradigmenwechsel - Organisator\",\"isPartOf\":{\"@id\":\"https:\\\/\\\/www.organisator.ch\\\/#website\"},\"primaryImageOfPage\":{\"@id\":\"https:\\\/\\\/www.organisator.ch\\\/management\\\/2021-02-19\\\/das-new-normal-in-familienunternehmen-teil-3-paradigmenwechsel\\\/#primaryimage\"},\"image\":{\"@id\":\"https:\\\/\\\/www.organisator.ch\\\/management\\\/2021-02-19\\\/das-new-normal-in-familienunternehmen-teil-3-paradigmenwechsel\\\/#primaryimage\"},\"thumbnailUrl\":\"https:\\\/\\\/www.organisator.ch\\\/wp-content\\\/uploads\\\/2021\\\/02\\\/Das-New-Normal-in-Familienunternehmen-Teil-3-Paradigmenwechsel_Organisator.jpg\",\"datePublished\":\"2021-02-19T06:55:18+00:00\",\"description\":\"Wie ver\u00e4ndert die Corona-Pandemie unsere Unternehmens- und Arbeitswelt? N\u00f6tig sind Paradigmenwechsel, wie die Autoren im dritten Teil unserer Serie zeigen.\",\"breadcrumb\":{\"@id\":\"https:\\\/\\\/www.organisator.ch\\\/management\\\/2021-02-19\\\/das-new-normal-in-familienunternehmen-teil-3-paradigmenwechsel\\\/#breadcrumb\"},\"inLanguage\":\"en-US\",\"potentialAction\":[{\"@type\":\"ReadAction\",\"target\":[\"https:\\\/\\\/www.organisator.ch\\\/management\\\/2021-02-19\\\/das-new-normal-in-familienunternehmen-teil-3-paradigmenwechsel\\\/\"]}]},{\"@type\":\"ImageObject\",\"inLanguage\":\"en-US\",\"@id\":\"https:\\\/\\\/www.organisator.ch\\\/management\\\/2021-02-19\\\/das-new-normal-in-familienunternehmen-teil-3-paradigmenwechsel\\\/#primaryimage\",\"url\":\"https:\\\/\\\/www.organisator.ch\\\/wp-content\\\/uploads\\\/2021\\\/02\\\/Das-New-Normal-in-Familienunternehmen-Teil-3-Paradigmenwechsel_Organisator.jpg\",\"contentUrl\":\"https:\\\/\\\/www.organisator.ch\\\/wp-content\\\/uploads\\\/2021\\\/02\\\/Das-New-Normal-in-Familienunternehmen-Teil-3-Paradigmenwechsel_Organisator.jpg\",\"width\":680,\"height\":453,\"caption\":\"Neue Normalit\u00e4t setzt einen Paradigmenwechsel voraus: \u00abRaus aus dem Krisen-\u00dcberlebens-Modus \u2013 rein in den Zukunft-Gestalten-Modus.\u00bb. (Bild: Pixabay.com)\"},{\"@type\":\"BreadcrumbList\",\"@id\":\"https:\\\/\\\/www.organisator.ch\\\/management\\\/2021-02-19\\\/das-new-normal-in-familienunternehmen-teil-3-paradigmenwechsel\\\/#breadcrumb\",\"itemListElement\":[{\"@type\":\"ListItem\",\"position\":1,\"name\":\"Home\",\"item\":\"https:\\\/\\\/www.organisator.ch\\\/\"},{\"@type\":\"ListItem\",\"position\":2,\"name\":\"Das \u00abNew Normal\u00bb in Familienunternehmen, Teil 3: Paradigmenwechsel\"}]},{\"@type\":\"WebSite\",\"@id\":\"https:\\\/\\\/www.organisator.ch\\\/#website\",\"url\":\"https:\\\/\\\/www.organisator.ch\\\/\",\"name\":\"Organisator\",\"description\":\"Kompetent. Praxisnah. Der ORGANISATOR bereitet in 10 Ausgaben pro Jahr die wesentlichen Themen f\u00fcr F\u00fchrungskr\u00e4fte von KMU auf.\",\"publisher\":{\"@id\":\"https:\\\/\\\/www.organisator.ch\\\/#organization\"},\"potentialAction\":[{\"@type\":\"SearchAction\",\"target\":{\"@type\":\"EntryPoint\",\"urlTemplate\":\"https:\\\/\\\/www.organisator.ch\\\/?s={search_term_string}\"},\"query-input\":{\"@type\":\"PropertyValueSpecification\",\"valueRequired\":true,\"valueName\":\"search_term_string\"}}],\"inLanguage\":\"en-US\"},{\"@type\":\"Organization\",\"@id\":\"https:\\\/\\\/www.organisator.ch\\\/#organization\",\"name\":\"Organisator\",\"url\":\"https:\\\/\\\/www.organisator.ch\\\/\",\"logo\":{\"@type\":\"ImageObject\",\"inLanguage\":\"en-US\",\"@id\":\"https:\\\/\\\/www.organisator.ch\\\/#\\\/schema\\\/logo\\\/image\\\/\",\"url\":\"https:\\\/\\\/www.organisator.ch\\\/wp-content\\\/uploads\\\/2022\\\/01\\\/Logo_Organisator_Website.png\",\"contentUrl\":\"https:\\\/\\\/www.organisator.ch\\\/wp-content\\\/uploads\\\/2022\\\/01\\\/Logo_Organisator_Website.png\",\"width\":800,\"height\":77,\"caption\":\"Organisator\"},\"image\":{\"@id\":\"https:\\\/\\\/www.organisator.ch\\\/#\\\/schema\\\/logo\\\/image\\\/\"},\"sameAs\":[\"https:\\\/\\\/www.facebook.com\\\/OrganisatorFachmagazin\",\"https:\\\/\\\/www.linkedin.com\\\/showcase\\\/organisator-das-magazin-fr-kmu\",\"https:\\\/\\\/www.xing.com\\\/news\\\/pages\\\/organisator-ch-695\",\"https:\\\/\\\/www.youtube.com\\\/channel\\\/UCGP2Sq0iWaZwT3BdIAQFYpw\"]},{\"@type\":\"Person\",\"@id\":\"https:\\\/\\\/www.organisator.ch\\\/#\\\/schema\\\/person\\\/6f650f90b2842cd4c0cc334b4e36f67e\",\"name\":\"thomas.berner\",\"image\":{\"@type\":\"ImageObject\",\"inLanguage\":\"en-US\",\"@id\":\"https:\\\/\\\/secure.gravatar.com\\\/avatar\\\/ac5001d2a36cb6c6cd3e50789007ffca834b477b74a2144564522e944eabff61?s=96&d=mm&r=g\",\"url\":\"https:\\\/\\\/secure.gravatar.com\\\/avatar\\\/ac5001d2a36cb6c6cd3e50789007ffca834b477b74a2144564522e944eabff61?s=96&d=mm&r=g\",\"contentUrl\":\"https:\\\/\\\/secure.gravatar.com\\\/avatar\\\/ac5001d2a36cb6c6cd3e50789007ffca834b477b74a2144564522e944eabff61?s=96&d=mm&r=g\",\"caption\":\"thomas.berner\"},\"url\":\"https:\\\/\\\/www.organisator.ch\\\/en\\\/author\\\/thomas-berner\\\/\"}]}<\/script>\n<!-- \/ Yoast SEO plugin. -->","yoast_head_json":{"title":"The \"New Normal\" in Family Businesses, Part 3: Paradigm Shift - Organizer","description":"How is the Corona pandemic changing our corporate and working world? Paradigm shifts are necessary, as the authors show in the third part of our series.","robots":{"index":"index","follow":"follow","max-snippet":"max-snippet:-1","max-image-preview":"max-image-preview:large","max-video-preview":"max-video-preview:-1"},"canonical":"https:\/\/www.organisator.ch\/en\/management\/2021-02-19\/das-new-normal-in-familienunternehmen-teil-3-paradigmenwechsel\/","og_locale":"en_US","og_type":"article","og_title":"Das \u00abNew Normal\u00bb in Familienunternehmen, Teil 3: Paradigmenwechsel","og_description":"Wie ver\u00e4ndert die Corona-Pandemie unsere Unternehmens- und Arbeitswelt? N\u00f6tig sind Paradigmenwechsel, wie die Autoren im dritten Teil unserer Serie zeigen.","og_url":"https:\/\/www.organisator.ch\/en\/management\/2021-02-19\/das-new-normal-in-familienunternehmen-teil-3-paradigmenwechsel\/","og_site_name":"Organisator","article_publisher":"https:\/\/www.facebook.com\/OrganisatorFachmagazin","article_published_time":"2021-02-19T06:55:18+00:00","og_image":[{"width":680,"height":453,"url":"https:\/\/www.organisator.ch\/wp-content\/uploads\/2021\/02\/Das-New-Normal-in-Familienunternehmen-Teil-3-Paradigmenwechsel_Organisator.jpg","type":"image\/jpeg"}],"author":"thomas.berner","twitter_card":"summary_large_image","twitter_title":"Das \u00abNew Normal\u00bb in #Familienunternehmen, Teil 3: #Paradigmenwechsel","twitter_description":"Wie ver\u00e4ndert die #Corona-Pandemie unsere Unternehmens- und Arbeitswelt? N\u00f6tig sind #Paradigmenwechsel, wie die Autoren im dritten Teil unserer Serie zeigen.","twitter_image":"https:\/\/www.organisator.ch\/wp-content\/uploads\/2021\/02\/Das-New-Normal-in-Familienunternehmen-Teil-3-Paradigmenwechsel_Organisator.jpg","schema":{"@context":"https:\/\/schema.org","@graph":[{"@type":"Article","@id":"https:\/\/www.organisator.ch\/management\/2021-02-19\/das-new-normal-in-familienunternehmen-teil-3-paradigmenwechsel\/#article","isPartOf":{"@id":"https:\/\/www.organisator.ch\/management\/2021-02-19\/das-new-normal-in-familienunternehmen-teil-3-paradigmenwechsel\/"},"author":{"name":"thomas.berner","@id":"https:\/\/www.organisator.ch\/#\/schema\/person\/6f650f90b2842cd4c0cc334b4e36f67e"},"headline":"Das \u00abNew Normal\u00bb in Familienunternehmen, Teil 3: Paradigmenwechsel","datePublished":"2021-02-19T06:55:18+00:00","mainEntityOfPage":{"@id":"https:\/\/www.organisator.ch\/management\/2021-02-19\/das-new-normal-in-familienunternehmen-teil-3-paradigmenwechsel\/"},"wordCount":1100,"publisher":{"@id":"https:\/\/www.organisator.ch\/#organization"},"image":{"@id":"https:\/\/www.organisator.ch\/management\/2021-02-19\/das-new-normal-in-familienunternehmen-teil-3-paradigmenwechsel\/#primaryimage"},"thumbnailUrl":"https:\/\/www.organisator.ch\/wp-content\/uploads\/2021\/02\/Das-New-Normal-in-Familienunternehmen-Teil-3-Paradigmenwechsel_Organisator.jpg","keywords":["Digitalisierung","Leadership","Management und Unternehmensf\u00fchrung","Vermischtes"],"articleSection":["MANAGEMENT"],"inLanguage":"en-US"},{"@type":"WebPage","@id":"https:\/\/www.organisator.ch\/management\/2021-02-19\/das-new-normal-in-familienunternehmen-teil-3-paradigmenwechsel\/","url":"https:\/\/www.organisator.ch\/management\/2021-02-19\/das-new-normal-in-familienunternehmen-teil-3-paradigmenwechsel\/","name":"The \"New Normal\" in Family Businesses, Part 3: Paradigm Shift - Organizer","isPartOf":{"@id":"https:\/\/www.organisator.ch\/#website"},"primaryImageOfPage":{"@id":"https:\/\/www.organisator.ch\/management\/2021-02-19\/das-new-normal-in-familienunternehmen-teil-3-paradigmenwechsel\/#primaryimage"},"image":{"@id":"https:\/\/www.organisator.ch\/management\/2021-02-19\/das-new-normal-in-familienunternehmen-teil-3-paradigmenwechsel\/#primaryimage"},"thumbnailUrl":"https:\/\/www.organisator.ch\/wp-content\/uploads\/2021\/02\/Das-New-Normal-in-Familienunternehmen-Teil-3-Paradigmenwechsel_Organisator.jpg","datePublished":"2021-02-19T06:55:18+00:00","description":"How is the Corona pandemic changing our corporate and working world? Paradigm shifts are necessary, as the authors show in the third part of our series.","breadcrumb":{"@id":"https:\/\/www.organisator.ch\/management\/2021-02-19\/das-new-normal-in-familienunternehmen-teil-3-paradigmenwechsel\/#breadcrumb"},"inLanguage":"en-US","potentialAction":[{"@type":"ReadAction","target":["https:\/\/www.organisator.ch\/management\/2021-02-19\/das-new-normal-in-familienunternehmen-teil-3-paradigmenwechsel\/"]}]},{"@type":"ImageObject","inLanguage":"en-US","@id":"https:\/\/www.organisator.ch\/management\/2021-02-19\/das-new-normal-in-familienunternehmen-teil-3-paradigmenwechsel\/#primaryimage","url":"https:\/\/www.organisator.ch\/wp-content\/uploads\/2021\/02\/Das-New-Normal-in-Familienunternehmen-Teil-3-Paradigmenwechsel_Organisator.jpg","contentUrl":"https:\/\/www.organisator.ch\/wp-content\/uploads\/2021\/02\/Das-New-Normal-in-Familienunternehmen-Teil-3-Paradigmenwechsel_Organisator.jpg","width":680,"height":453,"caption":"Neue Normalit\u00e4t setzt einen Paradigmenwechsel voraus: \u00abRaus aus dem Krisen-\u00dcberlebens-Modus \u2013 rein in den Zukunft-Gestalten-Modus.\u00bb. (Bild: Pixabay.com)"},{"@type":"BreadcrumbList","@id":"https:\/\/www.organisator.ch\/management\/2021-02-19\/das-new-normal-in-familienunternehmen-teil-3-paradigmenwechsel\/#breadcrumb","itemListElement":[{"@type":"ListItem","position":1,"name":"Home","item":"https:\/\/www.organisator.ch\/"},{"@type":"ListItem","position":2,"name":"Das \u00abNew Normal\u00bb in Familienunternehmen, Teil 3: Paradigmenwechsel"}]},{"@type":"WebSite","@id":"https:\/\/www.organisator.ch\/#website","url":"https:\/\/www.organisator.ch\/","name":"Organizer","description":"Competent. Practical. In 10 issues per year, ORGANISATOR presents the essential topics for managers of SMEs.","publisher":{"@id":"https:\/\/www.organisator.ch\/#organization"},"potentialAction":[{"@type":"SearchAction","target":{"@type":"EntryPoint","urlTemplate":"https:\/\/www.organisator.ch\/?s={search_term_string}"},"query-input":{"@type":"PropertyValueSpecification","valueRequired":true,"valueName":"search_term_string"}}],"inLanguage":"en-US"},{"@type":"Organization","@id":"https:\/\/www.organisator.ch\/#organization","name":"Organizer","url":"https:\/\/www.organisator.ch\/","logo":{"@type":"ImageObject","inLanguage":"en-US","@id":"https:\/\/www.organisator.ch\/#\/schema\/logo\/image\/","url":"https:\/\/www.organisator.ch\/wp-content\/uploads\/2022\/01\/Logo_Organisator_Website.png","contentUrl":"https:\/\/www.organisator.ch\/wp-content\/uploads\/2022\/01\/Logo_Organisator_Website.png","width":800,"height":77,"caption":"Organisator"},"image":{"@id":"https:\/\/www.organisator.ch\/#\/schema\/logo\/image\/"},"sameAs":["https:\/\/www.facebook.com\/OrganisatorFachmagazin","https:\/\/www.linkedin.com\/showcase\/organisator-das-magazin-fr-kmu","https:\/\/www.xing.com\/news\/pages\/organisator-ch-695","https:\/\/www.youtube.com\/channel\/UCGP2Sq0iWaZwT3BdIAQFYpw"]},{"@type":"Person","@id":"https:\/\/www.organisator.ch\/#\/schema\/person\/6f650f90b2842cd4c0cc334b4e36f67e","name":"thomas.berner","image":{"@type":"ImageObject","inLanguage":"en-US","@id":"https:\/\/secure.gravatar.com\/avatar\/ac5001d2a36cb6c6cd3e50789007ffca834b477b74a2144564522e944eabff61?s=96&d=mm&r=g","url":"https:\/\/secure.gravatar.com\/avatar\/ac5001d2a36cb6c6cd3e50789007ffca834b477b74a2144564522e944eabff61?s=96&d=mm&r=g","contentUrl":"https:\/\/secure.gravatar.com\/avatar\/ac5001d2a36cb6c6cd3e50789007ffca834b477b74a2144564522e944eabff61?s=96&d=mm&r=g","caption":"thomas.berner"},"url":"https:\/\/www.organisator.ch\/en\/author\/thomas-berner\/"}]}},"_links":{"self":[{"href":"https:\/\/www.organisator.ch\/en\/wp-json\/wp\/v2\/posts\/7689","targetHints":{"allow":["GET"]}}],"collection":[{"href":"https:\/\/www.organisator.ch\/en\/wp-json\/wp\/v2\/posts"}],"about":[{"href":"https:\/\/www.organisator.ch\/en\/wp-json\/wp\/v2\/types\/post"}],"author":[{"embeddable":true,"href":"https:\/\/www.organisator.ch\/en\/wp-json\/wp\/v2\/users\/4"}],"replies":[{"embeddable":true,"href":"https:\/\/www.organisator.ch\/en\/wp-json\/wp\/v2\/comments?post=7689"}],"version-history":[{"count":0,"href":"https:\/\/www.organisator.ch\/en\/wp-json\/wp\/v2\/posts\/7689\/revisions"}],"wp:featuredmedia":[{"embeddable":true,"href":"https:\/\/www.organisator.ch\/en\/wp-json\/wp\/v2\/media\/7690"}],"wp:attachment":[{"href":"https:\/\/www.organisator.ch\/en\/wp-json\/wp\/v2\/media?parent=7689"}],"wp:term":[{"taxonomy":"category","embeddable":true,"href":"https:\/\/www.organisator.ch\/en\/wp-json\/wp\/v2\/categories?post=7689"},{"taxonomy":"post_tag","embeddable":true,"href":"https:\/\/www.organisator.ch\/en\/wp-json\/wp\/v2\/tags?post=7689"}],"curies":[{"name":"wp","href":"https:\/\/api.w.org\/{rel}","templated":true}]}}