{"id":7709,"date":"2021-02-23T13:24:27","date_gmt":"2021-02-23T12:24:27","guid":{"rendered":"https:\/\/www.organisator.ch\/?p=7709"},"modified":"2021-02-23T13:24:27","modified_gmt":"2021-02-23T12:24:27","slug":"edward-snowden-an-den-swiss-cyber-security-days","status":"publish","type":"post","link":"https:\/\/www.organisator.ch\/en\/management\/it\/2021-02-23\/edward-snowden-an-den-swiss-cyber-security-days\/","title":{"rendered":"Edward Snowden at the Swiss Cyber Security Days"},"content":{"rendered":"<figure id=\"attachment_7711\" aria-describedby=\"caption-attachment-7711\" style=\"width: 680px\" class=\"wp-caption alignnone\"><img loading=\"lazy\" decoding=\"async\" class=\"size-medium wp-image-7711\" src=\"https:\/\/www.organisator.ch\/wp-content\/uploads\/2021\/02\/Edward-Snowden-an-den-Swiss-Cyber-Security-Days_Organisator.jpg\" alt=\"\" width=\"680\" height=\"383\" srcset=\"https:\/\/www.organisator.ch\/wp-content\/uploads\/2021\/02\/Edward-Snowden-an-den-Swiss-Cyber-Security-Days_Organisator.jpg 680w, https:\/\/www.organisator.ch\/wp-content\/uploads\/2021\/02\/Edward-Snowden-an-den-Swiss-Cyber-Security-Days_Organisator-16x9.jpg 16w, https:\/\/www.organisator.ch\/wp-content\/uploads\/2021\/02\/Edward-Snowden-an-den-Swiss-Cyber-Security-Days_Organisator-311x175.jpg 311w, https:\/\/www.organisator.ch\/wp-content\/uploads\/2021\/02\/Edward-Snowden-an-den-Swiss-Cyber-Security-Days_Organisator-621x350.jpg 621w, https:\/\/www.organisator.ch\/wp-content\/uploads\/2021\/02\/Edward-Snowden-an-den-Swiss-Cyber-Security-Days_Organisator-300x169.jpg 300w\" sizes=\"auto, (max-width: 680px) 100vw, 680px\" \/><figcaption id=\"caption-attachment-7711\" class=\"wp-caption-text\">Edward Snowden will be live at the Swiss Cyber Security Days 2021. (Image: Laura Poitras\/ACLU)<\/figcaption><\/figure>\n<p>With the engagement of Edward Snowden, the Swiss Cyber Security Days succeeded in a special coup. As whistleblower &amp; cybersecurity expert Edward Snowden reports in his new memoir \"Permanent Record\", the former CIA officer and advisor to the National Security Agency (NSA) risked everything to expose the US government's mass surveillance system. SCSD Program Director Nicolas Mayencourt makes the case that Edward Snowden powerfully demonstrated that, contrary to its original promise, the Internet has been expanded in recent decades into an Internet of government surveillance. \"From Snowden we want to know how he sees the development in the past decade, and what needs to be done to get back on track with the initial promise, and whether there is any chance at all to do so,\" Mayencourt explains the whistleblower's involvement.<\/p>\n<h2>Edward Snowden live from Moscow<\/h2>\n<p>One of the most passionate and authoritative voices on privacy and cybersecurity, Snowden continues to warn about the growing threats of our digital age. Speaking live from Moscow, he discusses technologies and practices that have created \"the most effective means of social control in the history of our species.\" \"Everything we do now will remain forever. Not because we want to remember, but because we can't forget anymore,\" Snowden says, alluding to the central theme of Permanent Record. \"Helping to create this system is my greatest regret.\"<\/p>\n<p>The whistleblower shocked the world in the summer of 2013 when he broke with the intelligence establishment and revealed that the U.S. government was pursuing an unprecedented system of mass surveillance that had the potential to capture every single phone call, text message and email of every person on Earth. Fearing arrest, he fled to Hong Kong, where he<br \/>\nmet secretly with journalists from The Guardian newspaper and filmmaker Laura Poitras. Poitras later won an Academy Award for the documentary \"Citizenfour.\" He was also the focus of the critically acclaimed Oliver Stone film \"Snowden.\"<\/p>\n<p>The Guardian and The Washington Post were awarded a Pulitzer Prize for their role in reporting the NSA leaks. Snowden saw the honor as \"a vindication\" for his efforts to bring the secret surveillance programs to light. Snowden himself has received numerous honors for his public engagement, including the Right Livelihood Award,<br \/>\nthe German Whistleblower Award, the Ridenhour Award for Truth-Finding, and the Carl von Ossietzky Medal of the International League for Human Rights. He is currently Chairman of the Board of Directors of the Freedom of the Press Foundation.<\/p>\n<h2>Passionate advocate of privacy<\/h2>\n<p>Since finding asylum in Russia, Snowden has been in the headlines as a passionate and authoritative champion of privacy, civil liberties and cybersecurity during what he calls \"the greatest redistribution of power since the Industrial Revolution.\" As a result of Snowden's revelations, both the U.S. and U.K. governments challenged their surveillance laws in court, leading to new laws in both countries. Internet companies have responded to public outrage over privacy concerns by making encryption standard. Snowden continues to sound the alarm about mass surveillance and data collection by both governments and corporations.<\/p>\n<h2>Global Hacking and National Sovereignty<\/h2>\n<p>In addition to guest star Snowden, the Swiss Cyber Security Days (SCSD), the most important meeting on cyber security in Switzerland, will bring together key decision-makers and experts in the field of cyber security on March 10 and 11. During the two days dedicated to national and global cyber security, Federal Councillor Ueli Maurer, the head of the Armed Forces, Thomas S\u00fcssli, the French Cyber Defence Commander Didier Tisseyre, and numerous organizations such as Interpol, the WEF, the Geneva Center for Security Policy and the Cyber Peace Institute will be present. The fully virtual 2021 edition will focus on global hacking and national sovereignty, with a March 11 theme dedicated to SME security.<\/p>\n<p><em>Register online now: <a href=\"http:\/\/www.swisscybersecuritydays.ch\">www.swisscybersecuritydays.ch<\/a><\/em><\/p>","protected":false},"excerpt":{"rendered":"<p>Mit dem Engagement von Edward Snowden ist den Swiss Cyber Security Days ein besonderer Coup gelungen. Wie der Whistleblower &amp; Cybersecurity-Experte Edward Snowden in seinen neuen Memoiren \u00abPermanent Record\u00bb berichtet, riskierte der ehemaliger CIA-Offizier und Berater der National Security Agency (NSA) alles, um das Massen\u00fcberwachungssystem der US-Regierung aufzudecken. SCSD-Programmdirektor Nicolas Mayencourt macht deutlich, dass Edward [&hellip;]<\/p>\n","protected":false},"author":4,"featured_media":7711,"comment_status":"closed","ping_status":"closed","sticky":false,"template":"","format":"standard","meta":{"_acf_changed":false,"_yoast_wpseo_focuskw":"Edward Snowden","_yoast_wpseo_metadesc":"Die Swiss Cyber Security Days k\u00f6nnen mit einem prominenten Gast aufwarten: Der Whistleblower Edward Snowden wird als Special Guest auftreten.","articlekey":"","footnotes":""},"categories":[27],"tags":[193,260,286,502],"class_list":["post-7709","post","type-post","status-publish","format-standard","has-post-thumbnail","hentry","category-it","tag-fachkongressfachmesse","tag-ict-sicherheit","tag-it","tag-veranstaltungen"],"acf":[],"yoast_head":"<!-- This site is optimized with the Yoast SEO plugin v27.5 - https:\/\/yoast.com\/product\/yoast-seo-wordpress\/ -->\n<title>Edward Snowden an den Swiss Cyber Security Days - Organisator<\/title>\n<meta name=\"description\" content=\"Die Swiss Cyber Security Days k\u00f6nnen mit einem prominenten Gast aufwarten: Der Whistleblower Edward Snowden wird als Special Guest auftreten.\" \/>\n<meta name=\"robots\" content=\"index, follow, max-snippet:-1, max-image-preview:large, max-video-preview:-1\" \/>\n<link rel=\"canonical\" href=\"https:\/\/www.organisator.ch\/en\/management\/it\/2021-02-23\/edward-snowden-an-den-swiss-cyber-security-days\/\" \/>\n<meta property=\"og:locale\" content=\"en_US\" \/>\n<meta property=\"og:type\" content=\"article\" \/>\n<meta property=\"og:title\" content=\"Edward Snowden an den Swiss Cyber Security Days\" \/>\n<meta property=\"og:description\" content=\"Die Swiss Cyber Security Days k\u00f6nnen mit einem prominenten Gast aufwarten: Der Whistleblower Edward Snowden wird als Special Guest auftreten.\" \/>\n<meta property=\"og:url\" content=\"https:\/\/www.organisator.ch\/en\/management\/it\/2021-02-23\/edward-snowden-an-den-swiss-cyber-security-days\/\" \/>\n<meta property=\"og:site_name\" content=\"Organisator\" \/>\n<meta property=\"article:publisher\" content=\"https:\/\/www.facebook.com\/OrganisatorFachmagazin\" \/>\n<meta property=\"article:published_time\" content=\"2021-02-23T12:24:27+00:00\" \/>\n<meta property=\"og:image\" content=\"https:\/\/www.organisator.ch\/wp-content\/uploads\/2021\/02\/Edward-Snowden-an-den-Swiss-Cyber-Security-Days_Organisator.jpg\" \/>\n\t<meta property=\"og:image:width\" content=\"680\" \/>\n\t<meta property=\"og:image:height\" content=\"383\" \/>\n\t<meta property=\"og:image:type\" content=\"image\/jpeg\" \/>\n<meta name=\"author\" content=\"thomas.berner\" \/>\n<meta name=\"twitter:card\" content=\"summary_large_image\" \/>\n<meta name=\"twitter:title\" content=\"Edward #Snowden an den Swiss Cyber Security Days\" \/>\n<meta name=\"twitter:description\" content=\"Die Swiss Cyber Security Days #SCSD k\u00f6nnen mit einem prominenten Gast aufwarten: Der Whistleblower Edward #Snowden wird als Special Guest auftreten.\" \/>\n<meta name=\"twitter:image\" content=\"https:\/\/www.organisator.ch\/wp-content\/uploads\/2021\/02\/Edward-Snowden-an-den-Swiss-Cyber-Security-Days_Organisator.jpg\" \/>\n<script type=\"application\/ld+json\" class=\"yoast-schema-graph\">{\"@context\":\"https:\\\/\\\/schema.org\",\"@graph\":[{\"@type\":\"Article\",\"@id\":\"https:\\\/\\\/www.organisator.ch\\\/management\\\/it\\\/2021-02-23\\\/edward-snowden-an-den-swiss-cyber-security-days\\\/#article\",\"isPartOf\":{\"@id\":\"https:\\\/\\\/www.organisator.ch\\\/management\\\/it\\\/2021-02-23\\\/edward-snowden-an-den-swiss-cyber-security-days\\\/\"},\"author\":{\"name\":\"thomas.berner\",\"@id\":\"https:\\\/\\\/www.organisator.ch\\\/#\\\/schema\\\/person\\\/6f650f90b2842cd4c0cc334b4e36f67e\"},\"headline\":\"Edward Snowden an den Swiss Cyber Security Days\",\"datePublished\":\"2021-02-23T12:24:27+00:00\",\"mainEntityOfPage\":{\"@id\":\"https:\\\/\\\/www.organisator.ch\\\/management\\\/it\\\/2021-02-23\\\/edward-snowden-an-den-swiss-cyber-security-days\\\/\"},\"wordCount\":681,\"publisher\":{\"@id\":\"https:\\\/\\\/www.organisator.ch\\\/#organization\"},\"image\":{\"@id\":\"https:\\\/\\\/www.organisator.ch\\\/management\\\/it\\\/2021-02-23\\\/edward-snowden-an-den-swiss-cyber-security-days\\\/#primaryimage\"},\"thumbnailUrl\":\"https:\\\/\\\/www.organisator.ch\\\/wp-content\\\/uploads\\\/2021\\\/02\\\/Edward-Snowden-an-den-Swiss-Cyber-Security-Days_Organisator.jpg\",\"keywords\":[\"Fachkongress\\\/Fachmesse\",\"ICT-Sicherheit\",\"IT\",\"Veranstaltungen\"],\"articleSection\":[\"IT\"],\"inLanguage\":\"en-US\"},{\"@type\":\"WebPage\",\"@id\":\"https:\\\/\\\/www.organisator.ch\\\/management\\\/it\\\/2021-02-23\\\/edward-snowden-an-den-swiss-cyber-security-days\\\/\",\"url\":\"https:\\\/\\\/www.organisator.ch\\\/management\\\/it\\\/2021-02-23\\\/edward-snowden-an-den-swiss-cyber-security-days\\\/\",\"name\":\"Edward Snowden an den Swiss Cyber Security Days - Organisator\",\"isPartOf\":{\"@id\":\"https:\\\/\\\/www.organisator.ch\\\/#website\"},\"primaryImageOfPage\":{\"@id\":\"https:\\\/\\\/www.organisator.ch\\\/management\\\/it\\\/2021-02-23\\\/edward-snowden-an-den-swiss-cyber-security-days\\\/#primaryimage\"},\"image\":{\"@id\":\"https:\\\/\\\/www.organisator.ch\\\/management\\\/it\\\/2021-02-23\\\/edward-snowden-an-den-swiss-cyber-security-days\\\/#primaryimage\"},\"thumbnailUrl\":\"https:\\\/\\\/www.organisator.ch\\\/wp-content\\\/uploads\\\/2021\\\/02\\\/Edward-Snowden-an-den-Swiss-Cyber-Security-Days_Organisator.jpg\",\"datePublished\":\"2021-02-23T12:24:27+00:00\",\"description\":\"Die Swiss Cyber Security Days k\u00f6nnen mit einem prominenten Gast aufwarten: Der Whistleblower Edward Snowden wird als Special Guest auftreten.\",\"breadcrumb\":{\"@id\":\"https:\\\/\\\/www.organisator.ch\\\/management\\\/it\\\/2021-02-23\\\/edward-snowden-an-den-swiss-cyber-security-days\\\/#breadcrumb\"},\"inLanguage\":\"en-US\",\"potentialAction\":[{\"@type\":\"ReadAction\",\"target\":[\"https:\\\/\\\/www.organisator.ch\\\/management\\\/it\\\/2021-02-23\\\/edward-snowden-an-den-swiss-cyber-security-days\\\/\"]}]},{\"@type\":\"ImageObject\",\"inLanguage\":\"en-US\",\"@id\":\"https:\\\/\\\/www.organisator.ch\\\/management\\\/it\\\/2021-02-23\\\/edward-snowden-an-den-swiss-cyber-security-days\\\/#primaryimage\",\"url\":\"https:\\\/\\\/www.organisator.ch\\\/wp-content\\\/uploads\\\/2021\\\/02\\\/Edward-Snowden-an-den-Swiss-Cyber-Security-Days_Organisator.jpg\",\"contentUrl\":\"https:\\\/\\\/www.organisator.ch\\\/wp-content\\\/uploads\\\/2021\\\/02\\\/Edward-Snowden-an-den-Swiss-Cyber-Security-Days_Organisator.jpg\",\"width\":680,\"height\":383,\"caption\":\"Edward Snowden wird an den Swiss Cyber Security Days 2021 live zugeschaltet. (Bild: Laura Poitras\\\/ACLU)\"},{\"@type\":\"BreadcrumbList\",\"@id\":\"https:\\\/\\\/www.organisator.ch\\\/management\\\/it\\\/2021-02-23\\\/edward-snowden-an-den-swiss-cyber-security-days\\\/#breadcrumb\",\"itemListElement\":[{\"@type\":\"ListItem\",\"position\":1,\"name\":\"Home\",\"item\":\"https:\\\/\\\/www.organisator.ch\\\/\"},{\"@type\":\"ListItem\",\"position\":2,\"name\":\"Edward Snowden an den Swiss Cyber Security Days\"}]},{\"@type\":\"WebSite\",\"@id\":\"https:\\\/\\\/www.organisator.ch\\\/#website\",\"url\":\"https:\\\/\\\/www.organisator.ch\\\/\",\"name\":\"Organisator\",\"description\":\"Kompetent. Praxisnah. Der ORGANISATOR bereitet in 10 Ausgaben pro Jahr die wesentlichen Themen f\u00fcr F\u00fchrungskr\u00e4fte von KMU auf.\",\"publisher\":{\"@id\":\"https:\\\/\\\/www.organisator.ch\\\/#organization\"},\"potentialAction\":[{\"@type\":\"SearchAction\",\"target\":{\"@type\":\"EntryPoint\",\"urlTemplate\":\"https:\\\/\\\/www.organisator.ch\\\/?s={search_term_string}\"},\"query-input\":{\"@type\":\"PropertyValueSpecification\",\"valueRequired\":true,\"valueName\":\"search_term_string\"}}],\"inLanguage\":\"en-US\"},{\"@type\":\"Organization\",\"@id\":\"https:\\\/\\\/www.organisator.ch\\\/#organization\",\"name\":\"Organisator\",\"url\":\"https:\\\/\\\/www.organisator.ch\\\/\",\"logo\":{\"@type\":\"ImageObject\",\"inLanguage\":\"en-US\",\"@id\":\"https:\\\/\\\/www.organisator.ch\\\/#\\\/schema\\\/logo\\\/image\\\/\",\"url\":\"https:\\\/\\\/www.organisator.ch\\\/wp-content\\\/uploads\\\/2022\\\/01\\\/Logo_Organisator_Website.png\",\"contentUrl\":\"https:\\\/\\\/www.organisator.ch\\\/wp-content\\\/uploads\\\/2022\\\/01\\\/Logo_Organisator_Website.png\",\"width\":800,\"height\":77,\"caption\":\"Organisator\"},\"image\":{\"@id\":\"https:\\\/\\\/www.organisator.ch\\\/#\\\/schema\\\/logo\\\/image\\\/\"},\"sameAs\":[\"https:\\\/\\\/www.facebook.com\\\/OrganisatorFachmagazin\",\"https:\\\/\\\/www.linkedin.com\\\/showcase\\\/organisator-das-magazin-fr-kmu\",\"https:\\\/\\\/www.xing.com\\\/news\\\/pages\\\/organisator-ch-695\",\"https:\\\/\\\/www.youtube.com\\\/channel\\\/UCGP2Sq0iWaZwT3BdIAQFYpw\"]},{\"@type\":\"Person\",\"@id\":\"https:\\\/\\\/www.organisator.ch\\\/#\\\/schema\\\/person\\\/6f650f90b2842cd4c0cc334b4e36f67e\",\"name\":\"thomas.berner\",\"image\":{\"@type\":\"ImageObject\",\"inLanguage\":\"en-US\",\"@id\":\"https:\\\/\\\/secure.gravatar.com\\\/avatar\\\/ac5001d2a36cb6c6cd3e50789007ffca834b477b74a2144564522e944eabff61?s=96&d=mm&r=g\",\"url\":\"https:\\\/\\\/secure.gravatar.com\\\/avatar\\\/ac5001d2a36cb6c6cd3e50789007ffca834b477b74a2144564522e944eabff61?s=96&d=mm&r=g\",\"contentUrl\":\"https:\\\/\\\/secure.gravatar.com\\\/avatar\\\/ac5001d2a36cb6c6cd3e50789007ffca834b477b74a2144564522e944eabff61?s=96&d=mm&r=g\",\"caption\":\"thomas.berner\"},\"url\":\"https:\\\/\\\/www.organisator.ch\\\/en\\\/author\\\/thomas-berner\\\/\"}]}<\/script>\n<!-- \/ Yoast SEO plugin. -->","yoast_head_json":{"title":"Edward Snowden at the Swiss Cyber Security Days - Organizer","description":"The Swiss Cyber Security Days can boast a prominent guest: whistleblower Edward Snowden will appear as a special guest.","robots":{"index":"index","follow":"follow","max-snippet":"max-snippet:-1","max-image-preview":"max-image-preview:large","max-video-preview":"max-video-preview:-1"},"canonical":"https:\/\/www.organisator.ch\/en\/management\/it\/2021-02-23\/edward-snowden-an-den-swiss-cyber-security-days\/","og_locale":"en_US","og_type":"article","og_title":"Edward Snowden an den Swiss Cyber Security Days","og_description":"Die Swiss Cyber Security Days k\u00f6nnen mit einem prominenten Gast aufwarten: Der Whistleblower Edward Snowden wird als Special Guest auftreten.","og_url":"https:\/\/www.organisator.ch\/en\/management\/it\/2021-02-23\/edward-snowden-an-den-swiss-cyber-security-days\/","og_site_name":"Organisator","article_publisher":"https:\/\/www.facebook.com\/OrganisatorFachmagazin","article_published_time":"2021-02-23T12:24:27+00:00","og_image":[{"width":680,"height":383,"url":"https:\/\/www.organisator.ch\/wp-content\/uploads\/2021\/02\/Edward-Snowden-an-den-Swiss-Cyber-Security-Days_Organisator.jpg","type":"image\/jpeg"}],"author":"thomas.berner","twitter_card":"summary_large_image","twitter_title":"Edward #Snowden an den Swiss Cyber Security Days","twitter_description":"Die Swiss Cyber Security Days #SCSD k\u00f6nnen mit einem prominenten Gast aufwarten: Der Whistleblower Edward #Snowden wird als Special Guest auftreten.","twitter_image":"https:\/\/www.organisator.ch\/wp-content\/uploads\/2021\/02\/Edward-Snowden-an-den-Swiss-Cyber-Security-Days_Organisator.jpg","schema":{"@context":"https:\/\/schema.org","@graph":[{"@type":"Article","@id":"https:\/\/www.organisator.ch\/management\/it\/2021-02-23\/edward-snowden-an-den-swiss-cyber-security-days\/#article","isPartOf":{"@id":"https:\/\/www.organisator.ch\/management\/it\/2021-02-23\/edward-snowden-an-den-swiss-cyber-security-days\/"},"author":{"name":"thomas.berner","@id":"https:\/\/www.organisator.ch\/#\/schema\/person\/6f650f90b2842cd4c0cc334b4e36f67e"},"headline":"Edward Snowden an den Swiss Cyber Security Days","datePublished":"2021-02-23T12:24:27+00:00","mainEntityOfPage":{"@id":"https:\/\/www.organisator.ch\/management\/it\/2021-02-23\/edward-snowden-an-den-swiss-cyber-security-days\/"},"wordCount":681,"publisher":{"@id":"https:\/\/www.organisator.ch\/#organization"},"image":{"@id":"https:\/\/www.organisator.ch\/management\/it\/2021-02-23\/edward-snowden-an-den-swiss-cyber-security-days\/#primaryimage"},"thumbnailUrl":"https:\/\/www.organisator.ch\/wp-content\/uploads\/2021\/02\/Edward-Snowden-an-den-Swiss-Cyber-Security-Days_Organisator.jpg","keywords":["Fachkongress\/Fachmesse","ICT-Sicherheit","IT","Veranstaltungen"],"articleSection":["IT"],"inLanguage":"en-US"},{"@type":"WebPage","@id":"https:\/\/www.organisator.ch\/management\/it\/2021-02-23\/edward-snowden-an-den-swiss-cyber-security-days\/","url":"https:\/\/www.organisator.ch\/management\/it\/2021-02-23\/edward-snowden-an-den-swiss-cyber-security-days\/","name":"Edward Snowden at the Swiss Cyber Security Days - Organizer","isPartOf":{"@id":"https:\/\/www.organisator.ch\/#website"},"primaryImageOfPage":{"@id":"https:\/\/www.organisator.ch\/management\/it\/2021-02-23\/edward-snowden-an-den-swiss-cyber-security-days\/#primaryimage"},"image":{"@id":"https:\/\/www.organisator.ch\/management\/it\/2021-02-23\/edward-snowden-an-den-swiss-cyber-security-days\/#primaryimage"},"thumbnailUrl":"https:\/\/www.organisator.ch\/wp-content\/uploads\/2021\/02\/Edward-Snowden-an-den-Swiss-Cyber-Security-Days_Organisator.jpg","datePublished":"2021-02-23T12:24:27+00:00","description":"The Swiss Cyber Security Days can boast a prominent guest: whistleblower Edward Snowden will appear as a special guest.","breadcrumb":{"@id":"https:\/\/www.organisator.ch\/management\/it\/2021-02-23\/edward-snowden-an-den-swiss-cyber-security-days\/#breadcrumb"},"inLanguage":"en-US","potentialAction":[{"@type":"ReadAction","target":["https:\/\/www.organisator.ch\/management\/it\/2021-02-23\/edward-snowden-an-den-swiss-cyber-security-days\/"]}]},{"@type":"ImageObject","inLanguage":"en-US","@id":"https:\/\/www.organisator.ch\/management\/it\/2021-02-23\/edward-snowden-an-den-swiss-cyber-security-days\/#primaryimage","url":"https:\/\/www.organisator.ch\/wp-content\/uploads\/2021\/02\/Edward-Snowden-an-den-Swiss-Cyber-Security-Days_Organisator.jpg","contentUrl":"https:\/\/www.organisator.ch\/wp-content\/uploads\/2021\/02\/Edward-Snowden-an-den-Swiss-Cyber-Security-Days_Organisator.jpg","width":680,"height":383,"caption":"Edward Snowden wird an den Swiss Cyber Security Days 2021 live zugeschaltet. (Bild: Laura Poitras\/ACLU)"},{"@type":"BreadcrumbList","@id":"https:\/\/www.organisator.ch\/management\/it\/2021-02-23\/edward-snowden-an-den-swiss-cyber-security-days\/#breadcrumb","itemListElement":[{"@type":"ListItem","position":1,"name":"Home","item":"https:\/\/www.organisator.ch\/"},{"@type":"ListItem","position":2,"name":"Edward Snowden an den Swiss Cyber Security Days"}]},{"@type":"WebSite","@id":"https:\/\/www.organisator.ch\/#website","url":"https:\/\/www.organisator.ch\/","name":"Organizer","description":"Competent. Practical. In 10 issues per year, ORGANISATOR presents the essential topics for managers of SMEs.","publisher":{"@id":"https:\/\/www.organisator.ch\/#organization"},"potentialAction":[{"@type":"SearchAction","target":{"@type":"EntryPoint","urlTemplate":"https:\/\/www.organisator.ch\/?s={search_term_string}"},"query-input":{"@type":"PropertyValueSpecification","valueRequired":true,"valueName":"search_term_string"}}],"inLanguage":"en-US"},{"@type":"Organization","@id":"https:\/\/www.organisator.ch\/#organization","name":"Organizer","url":"https:\/\/www.organisator.ch\/","logo":{"@type":"ImageObject","inLanguage":"en-US","@id":"https:\/\/www.organisator.ch\/#\/schema\/logo\/image\/","url":"https:\/\/www.organisator.ch\/wp-content\/uploads\/2022\/01\/Logo_Organisator_Website.png","contentUrl":"https:\/\/www.organisator.ch\/wp-content\/uploads\/2022\/01\/Logo_Organisator_Website.png","width":800,"height":77,"caption":"Organisator"},"image":{"@id":"https:\/\/www.organisator.ch\/#\/schema\/logo\/image\/"},"sameAs":["https:\/\/www.facebook.com\/OrganisatorFachmagazin","https:\/\/www.linkedin.com\/showcase\/organisator-das-magazin-fr-kmu","https:\/\/www.xing.com\/news\/pages\/organisator-ch-695","https:\/\/www.youtube.com\/channel\/UCGP2Sq0iWaZwT3BdIAQFYpw"]},{"@type":"Person","@id":"https:\/\/www.organisator.ch\/#\/schema\/person\/6f650f90b2842cd4c0cc334b4e36f67e","name":"thomas.berner","image":{"@type":"ImageObject","inLanguage":"en-US","@id":"https:\/\/secure.gravatar.com\/avatar\/ac5001d2a36cb6c6cd3e50789007ffca834b477b74a2144564522e944eabff61?s=96&d=mm&r=g","url":"https:\/\/secure.gravatar.com\/avatar\/ac5001d2a36cb6c6cd3e50789007ffca834b477b74a2144564522e944eabff61?s=96&d=mm&r=g","contentUrl":"https:\/\/secure.gravatar.com\/avatar\/ac5001d2a36cb6c6cd3e50789007ffca834b477b74a2144564522e944eabff61?s=96&d=mm&r=g","caption":"thomas.berner"},"url":"https:\/\/www.organisator.ch\/en\/author\/thomas-berner\/"}]}},"_links":{"self":[{"href":"https:\/\/www.organisator.ch\/en\/wp-json\/wp\/v2\/posts\/7709","targetHints":{"allow":["GET"]}}],"collection":[{"href":"https:\/\/www.organisator.ch\/en\/wp-json\/wp\/v2\/posts"}],"about":[{"href":"https:\/\/www.organisator.ch\/en\/wp-json\/wp\/v2\/types\/post"}],"author":[{"embeddable":true,"href":"https:\/\/www.organisator.ch\/en\/wp-json\/wp\/v2\/users\/4"}],"replies":[{"embeddable":true,"href":"https:\/\/www.organisator.ch\/en\/wp-json\/wp\/v2\/comments?post=7709"}],"version-history":[{"count":0,"href":"https:\/\/www.organisator.ch\/en\/wp-json\/wp\/v2\/posts\/7709\/revisions"}],"wp:featuredmedia":[{"embeddable":true,"href":"https:\/\/www.organisator.ch\/en\/wp-json\/wp\/v2\/media\/7711"}],"wp:attachment":[{"href":"https:\/\/www.organisator.ch\/en\/wp-json\/wp\/v2\/media?parent=7709"}],"wp:term":[{"taxonomy":"category","embeddable":true,"href":"https:\/\/www.organisator.ch\/en\/wp-json\/wp\/v2\/categories?post=7709"},{"taxonomy":"post_tag","embeddable":true,"href":"https:\/\/www.organisator.ch\/en\/wp-json\/wp\/v2\/tags?post=7709"}],"curies":[{"name":"wp","href":"https:\/\/api.w.org\/{rel}","templated":true}]}}