{"id":7713,"date":"2021-02-24T09:29:37","date_gmt":"2021-02-24T08:29:37","guid":{"rendered":"https:\/\/www.organisator.ch\/?p=7713"},"modified":"2021-02-24T09:29:37","modified_gmt":"2021-02-24T08:29:37","slug":"schweizer-export-forecast-auf-hohem-niveau","status":"publish","type":"post","link":"https:\/\/www.organisator.ch\/en\/allgemein\/2021-02-24\/schweizer-export-forecast-auf-hohem-niveau\/","title":{"rendered":"Swiss export forecast at a high level"},"content":{"rendered":"<figure id=\"attachment_7714\" aria-describedby=\"caption-attachment-7714\" style=\"width: 680px\" class=\"wp-caption alignnone\"><img loading=\"lazy\" decoding=\"async\" class=\"size-medium wp-image-7714\" src=\"https:\/\/www.organisator.ch\/wp-content\/uploads\/2021\/02\/Schweizer-Export-Forecast-auf-hohem-Niveau-1_Organisator.jpg\" alt=\"\" width=\"680\" height=\"522\" srcset=\"https:\/\/www.organisator.ch\/wp-content\/uploads\/2021\/02\/Schweizer-Export-Forecast-auf-hohem-Niveau-1_Organisator.jpg 680w, https:\/\/www.organisator.ch\/wp-content\/uploads\/2021\/02\/Schweizer-Export-Forecast-auf-hohem-Niveau-1_Organisator-16x12.jpg 16w, https:\/\/www.organisator.ch\/wp-content\/uploads\/2021\/02\/Schweizer-Export-Forecast-auf-hohem-Niveau-1_Organisator-228x175.jpg 228w, https:\/\/www.organisator.ch\/wp-content\/uploads\/2021\/02\/Schweizer-Export-Forecast-auf-hohem-Niveau-1_Organisator-456x350.jpg 456w, https:\/\/www.organisator.ch\/wp-content\/uploads\/2021\/02\/Schweizer-Export-Forecast-auf-hohem-Niveau-1_Organisator-300x230.jpg 300w\" sizes=\"auto, (max-width: 680px) 100vw, 680px\" \/><figcaption id=\"caption-attachment-7714\" class=\"wp-caption-text\">A lot is transported by air freight: The Euler Hermes Export Forecast predicts a significant recovery for Switzerland from the 2nd quarter of 2021. (Image: zVg \/ Euler Hermes)<\/figcaption><\/figure>\n<p>At the beginning of 2021, the Euler Hermes Export Forecast stands at 0.78 points - the same value at which the revised indicator was already three months ago. The export forecast is above the zero-point threshold indicating the long-term average growth path of the Swiss export industry, and thus predicts a significant recovery in Swiss exports over the course of the year. This development is supported by the statistical base effect: Given the deep dip in the forecast in spring 2020, high annual rates of change hardly come as a surprise.<\/p>\n<h2><strong>According to Export Forecast: Economic recovery in the second quarter of 2021<\/strong><\/h2>\n<p>Euler Hermes expects global trade volumes to grow again by 5.8% in 2021 after a decline of 10% in the previous year. For Switzerland, 2021 should also be a year of economic recovery. In the short term, however, Euler Hermes expects the situation to deteriorate for the time being due to the second wave of the pandemic and its containment measures. \"An economic resurrection is not expected until Easter at the earliest,\" said Katharina Uterm\u00f6hl, European economist at Euler Hermes. \"Then progress on the vaccination front and warmer temperatures should allow a gradual easing. The mid-year vaccination of at-risk groups sets the stage for a strong consumption boom in the second half of the year. The increasingly synchronized revival of the global economy should also provide a tailwind for Swiss exports.\" Uterm\u00f6hl believes that a return to some degree of economic normality is not possible until 2022. However, the economic cleanup will still be far from complete by then - the unemployment rate is likely to remain at an elevated level and the wave of insolvencies will continue to roll on in 2022. Overall, Euler Hermes expects the Swiss economy to grow by 2.6% in 2021 (2022: +3.2%).<\/p>\n<figure id=\"attachment_7715\" aria-describedby=\"caption-attachment-7715\" style=\"width: 680px\" class=\"wp-caption alignnone\"><img loading=\"lazy\" decoding=\"async\" class=\"wp-image-7715 size-medium\" src=\"https:\/\/www.organisator.ch\/wp-content\/uploads\/2021\/02\/Schweizer-Export-Forecast-auf-hohem-Niveau-2_Organisator.jpg\" alt=\"\" width=\"680\" height=\"460\" srcset=\"https:\/\/www.organisator.ch\/wp-content\/uploads\/2021\/02\/Schweizer-Export-Forecast-auf-hohem-Niveau-2_Organisator.jpg 680w, https:\/\/www.organisator.ch\/wp-content\/uploads\/2021\/02\/Schweizer-Export-Forecast-auf-hohem-Niveau-2_Organisator-16x12.jpg 16w, https:\/\/www.organisator.ch\/wp-content\/uploads\/2021\/02\/Schweizer-Export-Forecast-auf-hohem-Niveau-2_Organisator-259x175.jpg 259w, https:\/\/www.organisator.ch\/wp-content\/uploads\/2021\/02\/Schweizer-Export-Forecast-auf-hohem-Niveau-2_Organisator-517x350.jpg 517w, https:\/\/www.organisator.ch\/wp-content\/uploads\/2021\/02\/Schweizer-Export-Forecast-auf-hohem-Niveau-2_Organisator-300x203.jpg 300w\" sizes=\"auto, (max-width: 680px) 100vw, 680px\" \/><figcaption id=\"caption-attachment-7715\" class=\"wp-caption-text\">(Graphic: Euler Hermes)<\/figcaption><\/figure>\n<h2><strong>Consumer confidence remains low despite positive industry development<\/strong><\/h2>\n<p>Asia and the emerging markets are currently seen as the biggest beacons of hope for Swiss industry. This positive outlook is an important factor for rising commodity prices, especially industrial metals. Furthermore, freight rates for the transport of shipping containers have exploded since December 2020, for which a backlog at Asian ports due to the unexpectedly fast recovery of the global economy is responsible. In addition, due to low passenger numbers, more all-cargo aircraft are operating, making air cargo more attractive to exporters and importers. As a result, the volume of global air freight traffic in December 2020 was back at the level of the previous year. In contrast to the positive development of these indicators, consumer confidence continues to be heavily weighed down by the COVID-19 pandemic, which negatively impacts the Export Forecast. If an improvement takes longer, this is likely to have consequences for the industrial sector, which is why the pandemic remains a weighty factor.<\/p>\n<h2><strong>Foreign trade with China at a new high<\/strong><\/h2>\n<p>After rising by 9.2% in real and seasonally adjusted terms in the third quarter of 2020 compared with the previous quarter, Swiss exports stagnated in the fourth quarter. Imports fell by 1.9%. Nevertheless, the second half of the year was considerably more encouraging overall than the first. Overall, exports fell by 7.1% to 225.1 billion Swiss francs in 2020, while imports declined by 11.2% to 182.1 billion Swiss francs. Stefan Ruf, CEO Euler Hermes Switzerland, commented, \"It is noteworthy that foreign trade with China is at a new record high in both traffic directions. The Swiss export industry has managed to expand trade with China by a whopping 10% to 14.7 billion Swiss francs in 2020, despite COVID-19.\" Despite this exception, the Swiss export industry sold fewer goods overall in 2020 in the three major economic areas of Europe, North America and Asia.<\/p>\n<p><em>Source: <a href=\"http:\/\/www.eulerhermes.com\">Euler Hermes<\/a><\/em><\/p>","protected":false},"excerpt":{"rendered":"<p>Anfang 2021 notiert der Euler Hermes Export-Forecast auf 0.78 Punkten \u2013 demselben Wert, auf dem der revidierte Indikator bereits vor drei Monaten lag. Der Export-Forecast liegt \u00fcber der Null-Punkte-Grenze, die den langj\u00e4hrigen mittleren Wachstumskurs der Schweizer Exportindustrie anzeigt, und sagt damit eine deutliche Erholung der Schweizer Exporte im Verlauf des Jahres voraus. Gest\u00fctzt wird diese [&hellip;]<\/p>\n","protected":false},"author":4,"featured_media":7714,"comment_status":"closed","ping_status":"closed","sticky":false,"template":"","format":"standard","meta":{"_acf_changed":false,"_yoast_wpseo_focuskw":"Export-Forecast","_yoast_wpseo_metadesc":"Der Export-Forecast von Euler Hermes f\u00fcr die Schweiz stand im Januar 2021 auf 0.78 Punkten. Dies deutet auf eine Erholung der Schweizer Exportindustrie hin.","articlekey":"","footnotes":""},"categories":[1],"tags":[189,310,508,531],"class_list":["post-7713","post","type-post","status-publish","format-standard","has-post-thumbnail","hentry","category-allgemein","tag-export","tag-konjunktur","tag-vermischtes","tag-wirtschaftspolitik"],"acf":[],"yoast_head":"<!-- This site is optimized with the Yoast SEO plugin v27.4 - https:\/\/yoast.com\/product\/yoast-seo-wordpress\/ -->\n<title>Schweizer Export-Forecast auf hohem Niveau - Organisator<\/title>\n<meta name=\"description\" content=\"Der Export-Forecast von Euler Hermes f\u00fcr die Schweiz stand im Januar 2021 auf 0.78 Punkten. Dies deutet auf eine Erholung der Schweizer Exportindustrie hin.\" \/>\n<meta name=\"robots\" content=\"index, follow, max-snippet:-1, max-image-preview:large, max-video-preview:-1\" \/>\n<link rel=\"canonical\" href=\"https:\/\/www.organisator.ch\/en\/general\/2021-02-24\/schweizer-export-forecast-auf-hohem-niveau\/\" \/>\n<meta property=\"og:locale\" content=\"en_US\" \/>\n<meta property=\"og:type\" content=\"article\" \/>\n<meta property=\"og:title\" content=\"Schweizer Export-Forecast auf hohem Niveau\" \/>\n<meta property=\"og:description\" content=\"Der Export-Forecast von Euler Hermes f\u00fcr die Schweiz stand im Januar 2021 auf 0.78 Punkten. Dies deutet auf eine Erholung der Schweizer Exportindustrie hin.\" \/>\n<meta property=\"og:url\" content=\"https:\/\/www.organisator.ch\/en\/general\/2021-02-24\/schweizer-export-forecast-auf-hohem-niveau\/\" \/>\n<meta property=\"og:site_name\" content=\"Organisator\" \/>\n<meta property=\"article:publisher\" content=\"https:\/\/www.facebook.com\/OrganisatorFachmagazin\" \/>\n<meta property=\"article:published_time\" content=\"2021-02-24T08:29:37+00:00\" \/>\n<meta property=\"og:image\" content=\"https:\/\/www.organisator.ch\/wp-content\/uploads\/2021\/02\/Schweizer-Export-Forecast-auf-hohem-Niveau-1_Organisator.jpg\" \/>\n\t<meta property=\"og:image:width\" content=\"680\" \/>\n\t<meta property=\"og:image:height\" content=\"522\" \/>\n\t<meta property=\"og:image:type\" content=\"image\/jpeg\" \/>\n<meta name=\"author\" content=\"thomas.berner\" \/>\n<meta name=\"twitter:card\" content=\"summary_large_image\" \/>\n<meta name=\"twitter:title\" content=\"Schweizer #Export-Forecast auf hohem Niveau\" \/>\n<meta name=\"twitter:description\" content=\"Der #Export-Forecast von Euler Hermes f\u00fcr die Schweiz stand im Januar 2021 auf 0.78 Punkten. Dies deutet auf eine Erholung der Schweizer #Exportindustrie hin.\" \/>\n<meta name=\"twitter:image\" content=\"https:\/\/www.organisator.ch\/wp-content\/uploads\/2021\/02\/Schweizer-Export-Forecast-auf-hohem-Niveau-2_Organisator.jpg\" \/>\n<script type=\"application\/ld+json\" class=\"yoast-schema-graph\">{\"@context\":\"https:\\\/\\\/schema.org\",\"@graph\":[{\"@type\":\"Article\",\"@id\":\"https:\\\/\\\/www.organisator.ch\\\/de\\\/allgemein\\\/2021-02-24\\\/schweizer-export-forecast-auf-hohem-niveau\\\/#article\",\"isPartOf\":{\"@id\":\"https:\\\/\\\/www.organisator.ch\\\/de\\\/allgemein\\\/2021-02-24\\\/schweizer-export-forecast-auf-hohem-niveau\\\/\"},\"author\":{\"name\":\"thomas.berner\",\"@id\":\"https:\\\/\\\/www.organisator.ch\\\/#\\\/schema\\\/person\\\/6f650f90b2842cd4c0cc334b4e36f67e\"},\"headline\":\"Schweizer Export-Forecast auf hohem Niveau\",\"datePublished\":\"2021-02-24T08:29:37+00:00\",\"mainEntityOfPage\":{\"@id\":\"https:\\\/\\\/www.organisator.ch\\\/de\\\/allgemein\\\/2021-02-24\\\/schweizer-export-forecast-auf-hohem-niveau\\\/\"},\"wordCount\":593,\"publisher\":{\"@id\":\"https:\\\/\\\/www.organisator.ch\\\/#organization\"},\"image\":{\"@id\":\"https:\\\/\\\/www.organisator.ch\\\/de\\\/allgemein\\\/2021-02-24\\\/schweizer-export-forecast-auf-hohem-niveau\\\/#primaryimage\"},\"thumbnailUrl\":\"https:\\\/\\\/www.organisator.ch\\\/wp-content\\\/uploads\\\/2021\\\/02\\\/Schweizer-Export-Forecast-auf-hohem-Niveau-1_Organisator.jpg\",\"keywords\":[\"Export\",\"Konjunktur\",\"Vermischtes\",\"Wirtschaftspolitik\"],\"articleSection\":[\"Allgemein\"],\"inLanguage\":\"en-US\"},{\"@type\":\"WebPage\",\"@id\":\"https:\\\/\\\/www.organisator.ch\\\/de\\\/allgemein\\\/2021-02-24\\\/schweizer-export-forecast-auf-hohem-niveau\\\/\",\"url\":\"https:\\\/\\\/www.organisator.ch\\\/de\\\/allgemein\\\/2021-02-24\\\/schweizer-export-forecast-auf-hohem-niveau\\\/\",\"name\":\"Schweizer Export-Forecast auf hohem Niveau - Organisator\",\"isPartOf\":{\"@id\":\"https:\\\/\\\/www.organisator.ch\\\/#website\"},\"primaryImageOfPage\":{\"@id\":\"https:\\\/\\\/www.organisator.ch\\\/de\\\/allgemein\\\/2021-02-24\\\/schweizer-export-forecast-auf-hohem-niveau\\\/#primaryimage\"},\"image\":{\"@id\":\"https:\\\/\\\/www.organisator.ch\\\/de\\\/allgemein\\\/2021-02-24\\\/schweizer-export-forecast-auf-hohem-niveau\\\/#primaryimage\"},\"thumbnailUrl\":\"https:\\\/\\\/www.organisator.ch\\\/wp-content\\\/uploads\\\/2021\\\/02\\\/Schweizer-Export-Forecast-auf-hohem-Niveau-1_Organisator.jpg\",\"datePublished\":\"2021-02-24T08:29:37+00:00\",\"description\":\"Der Export-Forecast von Euler Hermes f\u00fcr die Schweiz stand im Januar 2021 auf 0.78 Punkten. Dies deutet auf eine Erholung der Schweizer Exportindustrie hin.\",\"breadcrumb\":{\"@id\":\"https:\\\/\\\/www.organisator.ch\\\/de\\\/allgemein\\\/2021-02-24\\\/schweizer-export-forecast-auf-hohem-niveau\\\/#breadcrumb\"},\"inLanguage\":\"en-US\",\"potentialAction\":[{\"@type\":\"ReadAction\",\"target\":[\"https:\\\/\\\/www.organisator.ch\\\/de\\\/allgemein\\\/2021-02-24\\\/schweizer-export-forecast-auf-hohem-niveau\\\/\"]}]},{\"@type\":\"ImageObject\",\"inLanguage\":\"en-US\",\"@id\":\"https:\\\/\\\/www.organisator.ch\\\/de\\\/allgemein\\\/2021-02-24\\\/schweizer-export-forecast-auf-hohem-niveau\\\/#primaryimage\",\"url\":\"https:\\\/\\\/www.organisator.ch\\\/wp-content\\\/uploads\\\/2021\\\/02\\\/Schweizer-Export-Forecast-auf-hohem-Niveau-1_Organisator.jpg\",\"contentUrl\":\"https:\\\/\\\/www.organisator.ch\\\/wp-content\\\/uploads\\\/2021\\\/02\\\/Schweizer-Export-Forecast-auf-hohem-Niveau-1_Organisator.jpg\",\"width\":680,\"height\":522,\"caption\":\"Viel wird per Luftfracht transportiert: Der Export-Forecast von Euler Hermes prognostiziert f\u00fcr die Schweiz eine deutliche Erholung ab dem 2. Quartal 2021. (Bild: zVg \\\/ Euler Hermes)\"},{\"@type\":\"BreadcrumbList\",\"@id\":\"https:\\\/\\\/www.organisator.ch\\\/de\\\/allgemein\\\/2021-02-24\\\/schweizer-export-forecast-auf-hohem-niveau\\\/#breadcrumb\",\"itemListElement\":[{\"@type\":\"ListItem\",\"position\":1,\"name\":\"Home\",\"item\":\"https:\\\/\\\/www.organisator.ch\\\/\"},{\"@type\":\"ListItem\",\"position\":2,\"name\":\"Schweizer Export-Forecast auf hohem Niveau\"}]},{\"@type\":\"WebSite\",\"@id\":\"https:\\\/\\\/www.organisator.ch\\\/#website\",\"url\":\"https:\\\/\\\/www.organisator.ch\\\/\",\"name\":\"Organisator\",\"description\":\"Kompetent. Praxisnah. Der ORGANISATOR bereitet in 10 Ausgaben pro Jahr die wesentlichen Themen f\u00fcr F\u00fchrungskr\u00e4fte von KMU auf.\",\"publisher\":{\"@id\":\"https:\\\/\\\/www.organisator.ch\\\/#organization\"},\"potentialAction\":[{\"@type\":\"SearchAction\",\"target\":{\"@type\":\"EntryPoint\",\"urlTemplate\":\"https:\\\/\\\/www.organisator.ch\\\/?s={search_term_string}\"},\"query-input\":{\"@type\":\"PropertyValueSpecification\",\"valueRequired\":true,\"valueName\":\"search_term_string\"}}],\"inLanguage\":\"en-US\"},{\"@type\":\"Organization\",\"@id\":\"https:\\\/\\\/www.organisator.ch\\\/#organization\",\"name\":\"Organisator\",\"url\":\"https:\\\/\\\/www.organisator.ch\\\/\",\"logo\":{\"@type\":\"ImageObject\",\"inLanguage\":\"en-US\",\"@id\":\"https:\\\/\\\/www.organisator.ch\\\/#\\\/schema\\\/logo\\\/image\\\/\",\"url\":\"https:\\\/\\\/www.organisator.ch\\\/wp-content\\\/uploads\\\/2022\\\/01\\\/Logo_Organisator_Website.png\",\"contentUrl\":\"https:\\\/\\\/www.organisator.ch\\\/wp-content\\\/uploads\\\/2022\\\/01\\\/Logo_Organisator_Website.png\",\"width\":800,\"height\":77,\"caption\":\"Organisator\"},\"image\":{\"@id\":\"https:\\\/\\\/www.organisator.ch\\\/#\\\/schema\\\/logo\\\/image\\\/\"},\"sameAs\":[\"https:\\\/\\\/www.facebook.com\\\/OrganisatorFachmagazin\",\"https:\\\/\\\/www.linkedin.com\\\/showcase\\\/organisator-das-magazin-fr-kmu\",\"https:\\\/\\\/www.xing.com\\\/news\\\/pages\\\/organisator-ch-695\",\"https:\\\/\\\/www.youtube.com\\\/channel\\\/UCGP2Sq0iWaZwT3BdIAQFYpw\"]},{\"@type\":\"Person\",\"@id\":\"https:\\\/\\\/www.organisator.ch\\\/#\\\/schema\\\/person\\\/6f650f90b2842cd4c0cc334b4e36f67e\",\"name\":\"thomas.berner\",\"image\":{\"@type\":\"ImageObject\",\"inLanguage\":\"en-US\",\"@id\":\"https:\\\/\\\/secure.gravatar.com\\\/avatar\\\/ac5001d2a36cb6c6cd3e50789007ffca834b477b74a2144564522e944eabff61?s=96&d=mm&r=g\",\"url\":\"https:\\\/\\\/secure.gravatar.com\\\/avatar\\\/ac5001d2a36cb6c6cd3e50789007ffca834b477b74a2144564522e944eabff61?s=96&d=mm&r=g\",\"contentUrl\":\"https:\\\/\\\/secure.gravatar.com\\\/avatar\\\/ac5001d2a36cb6c6cd3e50789007ffca834b477b74a2144564522e944eabff61?s=96&d=mm&r=g\",\"caption\":\"thomas.berner\"},\"url\":\"https:\\\/\\\/www.organisator.ch\\\/en\\\/author\\\/thomas-berner\\\/\"}]}<\/script>\n<!-- \/ Yoast SEO plugin. -->","yoast_head_json":{"title":"Swiss export forecast at a high level - Organizer","description":"The Euler Hermes export forecast for Switzerland stood at 0.78 points in January 2021. This indicates a recovery in the Swiss export industry.","robots":{"index":"index","follow":"follow","max-snippet":"max-snippet:-1","max-image-preview":"max-image-preview:large","max-video-preview":"max-video-preview:-1"},"canonical":"https:\/\/www.organisator.ch\/en\/general\/2021-02-24\/schweizer-export-forecast-auf-hohem-niveau\/","og_locale":"en_US","og_type":"article","og_title":"Schweizer Export-Forecast auf hohem Niveau","og_description":"Der Export-Forecast von Euler Hermes f\u00fcr die Schweiz stand im Januar 2021 auf 0.78 Punkten. Dies deutet auf eine Erholung der Schweizer Exportindustrie hin.","og_url":"https:\/\/www.organisator.ch\/en\/general\/2021-02-24\/schweizer-export-forecast-auf-hohem-niveau\/","og_site_name":"Organisator","article_publisher":"https:\/\/www.facebook.com\/OrganisatorFachmagazin","article_published_time":"2021-02-24T08:29:37+00:00","og_image":[{"width":680,"height":522,"url":"https:\/\/www.organisator.ch\/wp-content\/uploads\/2021\/02\/Schweizer-Export-Forecast-auf-hohem-Niveau-1_Organisator.jpg","type":"image\/jpeg"}],"author":"thomas.berner","twitter_card":"summary_large_image","twitter_title":"Schweizer #Export-Forecast auf hohem Niveau","twitter_description":"Der #Export-Forecast von Euler Hermes f\u00fcr die Schweiz stand im Januar 2021 auf 0.78 Punkten. Dies deutet auf eine Erholung der Schweizer #Exportindustrie hin.","twitter_image":"https:\/\/www.organisator.ch\/wp-content\/uploads\/2021\/02\/Schweizer-Export-Forecast-auf-hohem-Niveau-2_Organisator.jpg","schema":{"@context":"https:\/\/schema.org","@graph":[{"@type":"Article","@id":"https:\/\/www.organisator.ch\/de\/allgemein\/2021-02-24\/schweizer-export-forecast-auf-hohem-niveau\/#article","isPartOf":{"@id":"https:\/\/www.organisator.ch\/de\/allgemein\/2021-02-24\/schweizer-export-forecast-auf-hohem-niveau\/"},"author":{"name":"thomas.berner","@id":"https:\/\/www.organisator.ch\/#\/schema\/person\/6f650f90b2842cd4c0cc334b4e36f67e"},"headline":"Schweizer Export-Forecast auf hohem Niveau","datePublished":"2021-02-24T08:29:37+00:00","mainEntityOfPage":{"@id":"https:\/\/www.organisator.ch\/de\/allgemein\/2021-02-24\/schweizer-export-forecast-auf-hohem-niveau\/"},"wordCount":593,"publisher":{"@id":"https:\/\/www.organisator.ch\/#organization"},"image":{"@id":"https:\/\/www.organisator.ch\/de\/allgemein\/2021-02-24\/schweizer-export-forecast-auf-hohem-niveau\/#primaryimage"},"thumbnailUrl":"https:\/\/www.organisator.ch\/wp-content\/uploads\/2021\/02\/Schweizer-Export-Forecast-auf-hohem-Niveau-1_Organisator.jpg","keywords":["Export","Konjunktur","Vermischtes","Wirtschaftspolitik"],"articleSection":["Allgemein"],"inLanguage":"en-US"},{"@type":"WebPage","@id":"https:\/\/www.organisator.ch\/de\/allgemein\/2021-02-24\/schweizer-export-forecast-auf-hohem-niveau\/","url":"https:\/\/www.organisator.ch\/de\/allgemein\/2021-02-24\/schweizer-export-forecast-auf-hohem-niveau\/","name":"Swiss export forecast at a high level - Organizer","isPartOf":{"@id":"https:\/\/www.organisator.ch\/#website"},"primaryImageOfPage":{"@id":"https:\/\/www.organisator.ch\/de\/allgemein\/2021-02-24\/schweizer-export-forecast-auf-hohem-niveau\/#primaryimage"},"image":{"@id":"https:\/\/www.organisator.ch\/de\/allgemein\/2021-02-24\/schweizer-export-forecast-auf-hohem-niveau\/#primaryimage"},"thumbnailUrl":"https:\/\/www.organisator.ch\/wp-content\/uploads\/2021\/02\/Schweizer-Export-Forecast-auf-hohem-Niveau-1_Organisator.jpg","datePublished":"2021-02-24T08:29:37+00:00","description":"The Euler Hermes export forecast for Switzerland stood at 0.78 points in January 2021. This indicates a recovery in the Swiss export industry.","breadcrumb":{"@id":"https:\/\/www.organisator.ch\/de\/allgemein\/2021-02-24\/schweizer-export-forecast-auf-hohem-niveau\/#breadcrumb"},"inLanguage":"en-US","potentialAction":[{"@type":"ReadAction","target":["https:\/\/www.organisator.ch\/de\/allgemein\/2021-02-24\/schweizer-export-forecast-auf-hohem-niveau\/"]}]},{"@type":"ImageObject","inLanguage":"en-US","@id":"https:\/\/www.organisator.ch\/de\/allgemein\/2021-02-24\/schweizer-export-forecast-auf-hohem-niveau\/#primaryimage","url":"https:\/\/www.organisator.ch\/wp-content\/uploads\/2021\/02\/Schweizer-Export-Forecast-auf-hohem-Niveau-1_Organisator.jpg","contentUrl":"https:\/\/www.organisator.ch\/wp-content\/uploads\/2021\/02\/Schweizer-Export-Forecast-auf-hohem-Niveau-1_Organisator.jpg","width":680,"height":522,"caption":"Viel wird per Luftfracht transportiert: Der Export-Forecast von Euler Hermes prognostiziert f\u00fcr die Schweiz eine deutliche Erholung ab dem 2. Quartal 2021. (Bild: zVg \/ Euler Hermes)"},{"@type":"BreadcrumbList","@id":"https:\/\/www.organisator.ch\/de\/allgemein\/2021-02-24\/schweizer-export-forecast-auf-hohem-niveau\/#breadcrumb","itemListElement":[{"@type":"ListItem","position":1,"name":"Home","item":"https:\/\/www.organisator.ch\/"},{"@type":"ListItem","position":2,"name":"Schweizer Export-Forecast auf hohem Niveau"}]},{"@type":"WebSite","@id":"https:\/\/www.organisator.ch\/#website","url":"https:\/\/www.organisator.ch\/","name":"Organizer","description":"Competent. Practical. In 10 issues per year, ORGANISATOR presents the essential topics for managers of SMEs.","publisher":{"@id":"https:\/\/www.organisator.ch\/#organization"},"potentialAction":[{"@type":"SearchAction","target":{"@type":"EntryPoint","urlTemplate":"https:\/\/www.organisator.ch\/?s={search_term_string}"},"query-input":{"@type":"PropertyValueSpecification","valueRequired":true,"valueName":"search_term_string"}}],"inLanguage":"en-US"},{"@type":"Organization","@id":"https:\/\/www.organisator.ch\/#organization","name":"Organizer","url":"https:\/\/www.organisator.ch\/","logo":{"@type":"ImageObject","inLanguage":"en-US","@id":"https:\/\/www.organisator.ch\/#\/schema\/logo\/image\/","url":"https:\/\/www.organisator.ch\/wp-content\/uploads\/2022\/01\/Logo_Organisator_Website.png","contentUrl":"https:\/\/www.organisator.ch\/wp-content\/uploads\/2022\/01\/Logo_Organisator_Website.png","width":800,"height":77,"caption":"Organisator"},"image":{"@id":"https:\/\/www.organisator.ch\/#\/schema\/logo\/image\/"},"sameAs":["https:\/\/www.facebook.com\/OrganisatorFachmagazin","https:\/\/www.linkedin.com\/showcase\/organisator-das-magazin-fr-kmu","https:\/\/www.xing.com\/news\/pages\/organisator-ch-695","https:\/\/www.youtube.com\/channel\/UCGP2Sq0iWaZwT3BdIAQFYpw"]},{"@type":"Person","@id":"https:\/\/www.organisator.ch\/#\/schema\/person\/6f650f90b2842cd4c0cc334b4e36f67e","name":"thomas.berner","image":{"@type":"ImageObject","inLanguage":"en-US","@id":"https:\/\/secure.gravatar.com\/avatar\/ac5001d2a36cb6c6cd3e50789007ffca834b477b74a2144564522e944eabff61?s=96&d=mm&r=g","url":"https:\/\/secure.gravatar.com\/avatar\/ac5001d2a36cb6c6cd3e50789007ffca834b477b74a2144564522e944eabff61?s=96&d=mm&r=g","contentUrl":"https:\/\/secure.gravatar.com\/avatar\/ac5001d2a36cb6c6cd3e50789007ffca834b477b74a2144564522e944eabff61?s=96&d=mm&r=g","caption":"thomas.berner"},"url":"https:\/\/www.organisator.ch\/en\/author\/thomas-berner\/"}]}},"_links":{"self":[{"href":"https:\/\/www.organisator.ch\/en\/wp-json\/wp\/v2\/posts\/7713","targetHints":{"allow":["GET"]}}],"collection":[{"href":"https:\/\/www.organisator.ch\/en\/wp-json\/wp\/v2\/posts"}],"about":[{"href":"https:\/\/www.organisator.ch\/en\/wp-json\/wp\/v2\/types\/post"}],"author":[{"embeddable":true,"href":"https:\/\/www.organisator.ch\/en\/wp-json\/wp\/v2\/users\/4"}],"replies":[{"embeddable":true,"href":"https:\/\/www.organisator.ch\/en\/wp-json\/wp\/v2\/comments?post=7713"}],"version-history":[{"count":0,"href":"https:\/\/www.organisator.ch\/en\/wp-json\/wp\/v2\/posts\/7713\/revisions"}],"wp:featuredmedia":[{"embeddable":true,"href":"https:\/\/www.organisator.ch\/en\/wp-json\/wp\/v2\/media\/7714"}],"wp:attachment":[{"href":"https:\/\/www.organisator.ch\/en\/wp-json\/wp\/v2\/media?parent=7713"}],"wp:term":[{"taxonomy":"category","embeddable":true,"href":"https:\/\/www.organisator.ch\/en\/wp-json\/wp\/v2\/categories?post=7713"},{"taxonomy":"post_tag","embeddable":true,"href":"https:\/\/www.organisator.ch\/en\/wp-json\/wp\/v2\/tags?post=7713"}],"curies":[{"name":"wp","href":"https:\/\/api.w.org\/{rel}","templated":true}]}}