{"id":776,"date":"2017-02-27T11:34:28","date_gmt":"2017-02-27T10:34:28","guid":{"rendered":"https:\/\/www.umweltperspektiven.ch\/?p=776"},"modified":"2022-02-09T11:05:38","modified_gmt":"2022-02-09T10:05:38","slug":"vorgezogene-recyclinggebuehr-nicht-alle-machen-mit","status":"publish","type":"post","link":"https:\/\/www.organisator.ch\/en\/sustainability\/2017-02-27\/vorgezogene-recyclinggebuehr-nicht-alle-machen-mit\/","title":{"rendered":"Recycling fee brought forward: Not everyone goes along with it"},"content":{"rendered":"<figure id=\"attachment_777\" aria-describedby=\"caption-attachment-777\" style=\"width: 680px\" class=\"wp-caption alignnone\"><img loading=\"lazy\" decoding=\"async\" class=\"size-medium wp-image-777\" src=\"\/\/www.umweltperspektiven.ch\/wp-content\/uploads\/2017\/02\/E-Recycling.jpg\" alt=\"\" width=\"680\" height=\"668\" \/><figcaption id=\"caption-attachment-777\" class=\"wp-caption-text\">A new campaign aims to raise awareness of the early recycling fee.<\/figcaption><\/figure>\n<p>The prepaid recycling fee (vRG) is added to the sales price of electrical appliances by most retailers and importers in order to finance the recycling of discarded appliances and light bulbs. However, this is not compulsory - and not everyone goes along with it.<\/p>\n<p>The SENS E-Recycling Foundation criticizes this and launches the campaign <a href=\"\/\/www.schliesse-den-kreis.ch\">\"Close the circle\"<\/a>. In this way, it aims to raise awareness among Swiss consumers and encourage them to buy electrical and electronic household appliances, luminaires and lamps from SENS and SLRS partners and to return them to one of these partners or to a SENS collection point at the end of their useful life.<\/p>\n<p>This is because even old equipment for which no recycling fee is charged ends up in the e-recycling system and is a burden on it, but does not pay for the financing.<\/p>\n<p><strong>Voluntary industry solution<\/strong><\/p>\n<p>Over 600 manufacturers, dealers and importers in Switzerland claim the vRG when they sell an appliance and feed it into the e-recycling loop. In this way, they finance an extremely dense and convenient take-back system for end-of-life electrical and electronic equipment, lamps and luminaires for consumers. This system is organized and managed by the two foundations <a href=\"\/\/www.erecycling.ch\/\">SENS <\/a>and <a href=\"\/\/www.slrs.ch\">SLRS<\/a>.<\/p>\n<p>Since the take-back systems are voluntary industry solutions, companies are free to participate. A number of importers who import electrical and electronic equipment, lamps and luminaires into Switzerland do not levy the vRG. Through channels such as municipal collection points and the trade, their discarded equipment nevertheless often ends up in the SENS take-back system - i.e. is disposed of at the expense of the paying system participants.<\/p>\n<p>SENS has been trying for some time to get the \"non-system participants\" to connect. Some of those approached have so far explicitly refused to make their contribution to the sustainable solution for their old equipment. SENS assumes that their eRecycling circuit will suffer a loss of around 1 million francs as a result. The purchase of devices abroad, where no vRG is levied either, results in further losses of an estimated 2 to 3 million Swiss francs (study<a href=\"\/\/erecycling.us15.list-manage.com\/track\/click?u=6cd97c3514495140ab638d6fa&amp;id=b9ba0dfc91&amp;e=80d24007b0\"> \"Shopping Tourism and Online Retailing.\"<\/a>). Therefore SENS publishes a <a href=\"\/\/www.erecycling.ch\/download\/file\/fid\/1090\">regularly updated list<\/a> of these conscious deniers.<\/p>\n<p><strong>Comprehensive recycling system<\/strong><\/p>\n<p>With the vRG, an efficient, nationwide waste disposal system is maintained in Switzerland.<\/p>\n<p>Raw materials from end-of-life equipment can be recovered (between 1990 and 2015, for example, 17,000 tons of aluminum, 530,000 tons of iron and steel, 28,000 tons of copper, and 103 kilos of gold were collected in the SENS eRecycling circuit).<\/p>\n<p>Most e-waste is recycled in Switzerland and not exported to countries whose quality and environmental guidelines for scrapping do not correspond to those of Switzerland.<\/p>","protected":false},"excerpt":{"rendered":"<p>Die vorgezogene Recyclinggeb\u00fchr (vRG)\u00a0wird von den meisten H\u00e4ndlern und Importeure auf den Verkaufspreis von elektrischen Ger\u00e4ten geschlagen, um den Recyclingkreislauf von ausgedienten Ger\u00e4ten und Leuchtmitteln zu finanzieren. Pflicht ist dies allerdings nicht &#8211; und nicht alle ziehen mit. Die Stiftung SENS E-Recycling kritisiert dies und startet die Kampagne &#8222;Schliesse den Kreis&#8220;. Damit will sie Schweizer [&hellip;]<\/p>\n","protected":false},"author":1,"featured_media":9471,"comment_status":"open","ping_status":"open","sticky":false,"template":"","format":"standard","meta":{"_acf_changed":false,"_yoast_wpseo_focuskw":"Recyclinggeb\u00fchr","_yoast_wpseo_metadesc":"Nicht alle Hersteller und Importeure tragen die vorgezogene Recyclinggeb\u00fchr mit, belasten aber das System mit ausgedienten Ger\u00e4ten.","articlekey":"","footnotes":""},"categories":[580],"tags":[1007,293,1987,2109],"class_list":["post-776","post","type-post","status-publish","format-standard","has-post-thumbnail","hentry","category-sustainability","tag-e-recycling","tag-kampagne","tag-recycling","tag-sens"],"acf":[],"yoast_head":"<!-- This site is optimized with the Yoast SEO plugin v27.5 - https:\/\/yoast.com\/product\/yoast-seo-wordpress\/ -->\n<title>Vorgezogene Recyclinggeb\u00fchr: Nicht alle machen mit - Organisator<\/title>\n<meta name=\"description\" content=\"Nicht alle Hersteller und Importeure tragen die vorgezogene Recyclinggeb\u00fchr mit, belasten aber das System mit ausgedienten Ger\u00e4ten.\" \/>\n<meta name=\"robots\" content=\"index, follow, max-snippet:-1, max-image-preview:large, max-video-preview:-1\" \/>\n<link rel=\"canonical\" href=\"https:\/\/www.organisator.ch\/en\/sustainability\/2017-02-27\/vorgezogene-recyclinggebuehr-nicht-alle-machen-mit\/\" \/>\n<meta property=\"og:locale\" content=\"en_US\" \/>\n<meta property=\"og:type\" content=\"article\" \/>\n<meta property=\"og:title\" content=\"Vorgezogene Recyclinggeb\u00fchr: Nicht alle machen mit - Organisator\" \/>\n<meta property=\"og:description\" content=\"Nicht alle Hersteller und Importeure tragen die vorgezogene Recyclinggeb\u00fchr mit, belasten aber das System mit ausgedienten Ger\u00e4ten.\" \/>\n<meta property=\"og:url\" content=\"https:\/\/www.organisator.ch\/en\/sustainability\/2017-02-27\/vorgezogene-recyclinggebuehr-nicht-alle-machen-mit\/\" \/>\n<meta property=\"og:site_name\" content=\"Organisator\" \/>\n<meta property=\"article:publisher\" content=\"https:\/\/www.facebook.com\/OrganisatorFachmagazin\" \/>\n<meta property=\"article:published_time\" content=\"2017-02-27T10:34:28+00:00\" \/>\n<meta property=\"article:modified_time\" content=\"2022-02-09T10:05:38+00:00\" \/>\n<meta property=\"og:image\" content=\"https:\/\/www.organisator.ch\/wp-content\/uploads\/2017\/02\/E-Recycling.jpg\" \/>\n\t<meta property=\"og:image:width\" content=\"936\" \/>\n\t<meta property=\"og:image:height\" content=\"920\" \/>\n\t<meta property=\"og:image:type\" content=\"image\/jpeg\" \/>\n<meta name=\"author\" content=\"admin\" \/>\n<meta name=\"twitter:card\" content=\"summary_large_image\" \/>\n<script type=\"application\/ld+json\" class=\"yoast-schema-graph\">{\"@context\":\"https:\\\/\\\/schema.org\",\"@graph\":[{\"@type\":\"Article\",\"@id\":\"https:\\\/\\\/www.organisator.ch\\\/sustainability\\\/2017-02-27\\\/vorgezogene-recyclinggebuehr-nicht-alle-machen-mit\\\/#article\",\"isPartOf\":{\"@id\":\"https:\\\/\\\/www.organisator.ch\\\/sustainability\\\/2017-02-27\\\/vorgezogene-recyclinggebuehr-nicht-alle-machen-mit\\\/\"},\"author\":{\"name\":\"admin\",\"@id\":\"https:\\\/\\\/www.organisator.ch\\\/#\\\/schema\\\/person\\\/aa2bace6c5c5aad60102004a50c4eb1c\"},\"headline\":\"Vorgezogene Recyclinggeb\u00fchr: Nicht alle machen mit\",\"datePublished\":\"2017-02-27T10:34:28+00:00\",\"dateModified\":\"2022-02-09T10:05:38+00:00\",\"mainEntityOfPage\":{\"@id\":\"https:\\\/\\\/www.organisator.ch\\\/sustainability\\\/2017-02-27\\\/vorgezogene-recyclinggebuehr-nicht-alle-machen-mit\\\/\"},\"wordCount\":446,\"commentCount\":0,\"publisher\":{\"@id\":\"https:\\\/\\\/www.organisator.ch\\\/#organization\"},\"image\":{\"@id\":\"https:\\\/\\\/www.organisator.ch\\\/sustainability\\\/2017-02-27\\\/vorgezogene-recyclinggebuehr-nicht-alle-machen-mit\\\/#primaryimage\"},\"thumbnailUrl\":\"https:\\\/\\\/www.organisator.ch\\\/wp-content\\\/uploads\\\/2017\\\/02\\\/E-Recycling.jpg\",\"keywords\":[\"E-Recycling\",\"Kampagne\",\"Recycling\",\"SENS\"],\"articleSection\":[\"SUSTAINABILITY\"],\"inLanguage\":\"en-US\"},{\"@type\":\"WebPage\",\"@id\":\"https:\\\/\\\/www.organisator.ch\\\/sustainability\\\/2017-02-27\\\/vorgezogene-recyclinggebuehr-nicht-alle-machen-mit\\\/\",\"url\":\"https:\\\/\\\/www.organisator.ch\\\/sustainability\\\/2017-02-27\\\/vorgezogene-recyclinggebuehr-nicht-alle-machen-mit\\\/\",\"name\":\"Vorgezogene Recyclinggeb\u00fchr: Nicht alle machen mit - Organisator\",\"isPartOf\":{\"@id\":\"https:\\\/\\\/www.organisator.ch\\\/#website\"},\"primaryImageOfPage\":{\"@id\":\"https:\\\/\\\/www.organisator.ch\\\/sustainability\\\/2017-02-27\\\/vorgezogene-recyclinggebuehr-nicht-alle-machen-mit\\\/#primaryimage\"},\"image\":{\"@id\":\"https:\\\/\\\/www.organisator.ch\\\/sustainability\\\/2017-02-27\\\/vorgezogene-recyclinggebuehr-nicht-alle-machen-mit\\\/#primaryimage\"},\"thumbnailUrl\":\"https:\\\/\\\/www.organisator.ch\\\/wp-content\\\/uploads\\\/2017\\\/02\\\/E-Recycling.jpg\",\"datePublished\":\"2017-02-27T10:34:28+00:00\",\"dateModified\":\"2022-02-09T10:05:38+00:00\",\"description\":\"Nicht alle Hersteller und Importeure tragen die vorgezogene Recyclinggeb\u00fchr mit, belasten aber das System mit ausgedienten Ger\u00e4ten.\",\"breadcrumb\":{\"@id\":\"https:\\\/\\\/www.organisator.ch\\\/sustainability\\\/2017-02-27\\\/vorgezogene-recyclinggebuehr-nicht-alle-machen-mit\\\/#breadcrumb\"},\"inLanguage\":\"en-US\",\"potentialAction\":[{\"@type\":\"ReadAction\",\"target\":[\"https:\\\/\\\/www.organisator.ch\\\/sustainability\\\/2017-02-27\\\/vorgezogene-recyclinggebuehr-nicht-alle-machen-mit\\\/\"]}]},{\"@type\":\"ImageObject\",\"inLanguage\":\"en-US\",\"@id\":\"https:\\\/\\\/www.organisator.ch\\\/sustainability\\\/2017-02-27\\\/vorgezogene-recyclinggebuehr-nicht-alle-machen-mit\\\/#primaryimage\",\"url\":\"https:\\\/\\\/www.organisator.ch\\\/wp-content\\\/uploads\\\/2017\\\/02\\\/E-Recycling.jpg\",\"contentUrl\":\"https:\\\/\\\/www.organisator.ch\\\/wp-content\\\/uploads\\\/2017\\\/02\\\/E-Recycling.jpg\",\"width\":936,\"height\":920,\"caption\":\"Eine neue Kampagne will die Bev\u00f6lkerung f\u00fcr die vorgezogene Recyclinggeb\u00fchr sensibilisieren.\"},{\"@type\":\"BreadcrumbList\",\"@id\":\"https:\\\/\\\/www.organisator.ch\\\/sustainability\\\/2017-02-27\\\/vorgezogene-recyclinggebuehr-nicht-alle-machen-mit\\\/#breadcrumb\",\"itemListElement\":[{\"@type\":\"ListItem\",\"position\":1,\"name\":\"Home\",\"item\":\"https:\\\/\\\/www.organisator.ch\\\/\"},{\"@type\":\"ListItem\",\"position\":2,\"name\":\"Vorgezogene Recyclinggeb\u00fchr: Nicht alle machen mit\"}]},{\"@type\":\"WebSite\",\"@id\":\"https:\\\/\\\/www.organisator.ch\\\/#website\",\"url\":\"https:\\\/\\\/www.organisator.ch\\\/\",\"name\":\"Organisator\",\"description\":\"Kompetent. Praxisnah. Der ORGANISATOR bereitet in 10 Ausgaben pro Jahr die wesentlichen Themen f\u00fcr F\u00fchrungskr\u00e4fte von KMU auf.\",\"publisher\":{\"@id\":\"https:\\\/\\\/www.organisator.ch\\\/#organization\"},\"potentialAction\":[{\"@type\":\"SearchAction\",\"target\":{\"@type\":\"EntryPoint\",\"urlTemplate\":\"https:\\\/\\\/www.organisator.ch\\\/?s={search_term_string}\"},\"query-input\":{\"@type\":\"PropertyValueSpecification\",\"valueRequired\":true,\"valueName\":\"search_term_string\"}}],\"inLanguage\":\"en-US\"},{\"@type\":\"Organization\",\"@id\":\"https:\\\/\\\/www.organisator.ch\\\/#organization\",\"name\":\"Organisator\",\"url\":\"https:\\\/\\\/www.organisator.ch\\\/\",\"logo\":{\"@type\":\"ImageObject\",\"inLanguage\":\"en-US\",\"@id\":\"https:\\\/\\\/www.organisator.ch\\\/#\\\/schema\\\/logo\\\/image\\\/\",\"url\":\"https:\\\/\\\/www.organisator.ch\\\/wp-content\\\/uploads\\\/2022\\\/01\\\/Logo_Organisator_Website.png\",\"contentUrl\":\"https:\\\/\\\/www.organisator.ch\\\/wp-content\\\/uploads\\\/2022\\\/01\\\/Logo_Organisator_Website.png\",\"width\":800,\"height\":77,\"caption\":\"Organisator\"},\"image\":{\"@id\":\"https:\\\/\\\/www.organisator.ch\\\/#\\\/schema\\\/logo\\\/image\\\/\"},\"sameAs\":[\"https:\\\/\\\/www.facebook.com\\\/OrganisatorFachmagazin\",\"https:\\\/\\\/www.linkedin.com\\\/showcase\\\/organisator-das-magazin-fr-kmu\",\"https:\\\/\\\/www.xing.com\\\/news\\\/pages\\\/organisator-ch-695\",\"https:\\\/\\\/www.youtube.com\\\/channel\\\/UCGP2Sq0iWaZwT3BdIAQFYpw\"]},{\"@type\":\"Person\",\"@id\":\"https:\\\/\\\/www.organisator.ch\\\/#\\\/schema\\\/person\\\/aa2bace6c5c5aad60102004a50c4eb1c\",\"name\":\"admin\",\"image\":{\"@type\":\"ImageObject\",\"inLanguage\":\"en-US\",\"@id\":\"https:\\\/\\\/secure.gravatar.com\\\/avatar\\\/ae2f4d718e6c49043e314ce431e7e645d646302a24a5ef5a8bc8e3f5a032e319?s=96&d=mm&r=g\",\"url\":\"https:\\\/\\\/secure.gravatar.com\\\/avatar\\\/ae2f4d718e6c49043e314ce431e7e645d646302a24a5ef5a8bc8e3f5a032e319?s=96&d=mm&r=g\",\"contentUrl\":\"https:\\\/\\\/secure.gravatar.com\\\/avatar\\\/ae2f4d718e6c49043e314ce431e7e645d646302a24a5ef5a8bc8e3f5a032e319?s=96&d=mm&r=g\",\"caption\":\"admin\"},\"sameAs\":[\"https:\\\/\\\/www.organisator.ch\"],\"url\":\"https:\\\/\\\/www.organisator.ch\\\/en\\\/author\\\/admin\\\/\"}]}<\/script>\n<!-- \/ Yoast SEO plugin. -->","yoast_head_json":{"title":"Recycling fee brought forward: Not everyone goes along with it - Organizer","description":"Not all manufacturers and importers contribute to the early recycling fee, but they burden the system with discarded equipment.","robots":{"index":"index","follow":"follow","max-snippet":"max-snippet:-1","max-image-preview":"max-image-preview:large","max-video-preview":"max-video-preview:-1"},"canonical":"https:\/\/www.organisator.ch\/en\/sustainability\/2017-02-27\/vorgezogene-recyclinggebuehr-nicht-alle-machen-mit\/","og_locale":"en_US","og_type":"article","og_title":"Vorgezogene Recyclinggeb\u00fchr: Nicht alle machen mit - Organisator","og_description":"Nicht alle Hersteller und Importeure tragen die vorgezogene Recyclinggeb\u00fchr mit, belasten aber das System mit ausgedienten Ger\u00e4ten.","og_url":"https:\/\/www.organisator.ch\/en\/sustainability\/2017-02-27\/vorgezogene-recyclinggebuehr-nicht-alle-machen-mit\/","og_site_name":"Organisator","article_publisher":"https:\/\/www.facebook.com\/OrganisatorFachmagazin","article_published_time":"2017-02-27T10:34:28+00:00","article_modified_time":"2022-02-09T10:05:38+00:00","og_image":[{"width":936,"height":920,"url":"https:\/\/www.organisator.ch\/wp-content\/uploads\/2017\/02\/E-Recycling.jpg","type":"image\/jpeg"}],"author":"admin","twitter_card":"summary_large_image","schema":{"@context":"https:\/\/schema.org","@graph":[{"@type":"Article","@id":"https:\/\/www.organisator.ch\/sustainability\/2017-02-27\/vorgezogene-recyclinggebuehr-nicht-alle-machen-mit\/#article","isPartOf":{"@id":"https:\/\/www.organisator.ch\/sustainability\/2017-02-27\/vorgezogene-recyclinggebuehr-nicht-alle-machen-mit\/"},"author":{"name":"admin","@id":"https:\/\/www.organisator.ch\/#\/schema\/person\/aa2bace6c5c5aad60102004a50c4eb1c"},"headline":"Vorgezogene Recyclinggeb\u00fchr: Nicht alle machen mit","datePublished":"2017-02-27T10:34:28+00:00","dateModified":"2022-02-09T10:05:38+00:00","mainEntityOfPage":{"@id":"https:\/\/www.organisator.ch\/sustainability\/2017-02-27\/vorgezogene-recyclinggebuehr-nicht-alle-machen-mit\/"},"wordCount":446,"commentCount":0,"publisher":{"@id":"https:\/\/www.organisator.ch\/#organization"},"image":{"@id":"https:\/\/www.organisator.ch\/sustainability\/2017-02-27\/vorgezogene-recyclinggebuehr-nicht-alle-machen-mit\/#primaryimage"},"thumbnailUrl":"https:\/\/www.organisator.ch\/wp-content\/uploads\/2017\/02\/E-Recycling.jpg","keywords":["E-Recycling","Kampagne","Recycling","SENS"],"articleSection":["SUSTAINABILITY"],"inLanguage":"en-US"},{"@type":"WebPage","@id":"https:\/\/www.organisator.ch\/sustainability\/2017-02-27\/vorgezogene-recyclinggebuehr-nicht-alle-machen-mit\/","url":"https:\/\/www.organisator.ch\/sustainability\/2017-02-27\/vorgezogene-recyclinggebuehr-nicht-alle-machen-mit\/","name":"Recycling fee brought forward: Not everyone goes along with it - Organizer","isPartOf":{"@id":"https:\/\/www.organisator.ch\/#website"},"primaryImageOfPage":{"@id":"https:\/\/www.organisator.ch\/sustainability\/2017-02-27\/vorgezogene-recyclinggebuehr-nicht-alle-machen-mit\/#primaryimage"},"image":{"@id":"https:\/\/www.organisator.ch\/sustainability\/2017-02-27\/vorgezogene-recyclinggebuehr-nicht-alle-machen-mit\/#primaryimage"},"thumbnailUrl":"https:\/\/www.organisator.ch\/wp-content\/uploads\/2017\/02\/E-Recycling.jpg","datePublished":"2017-02-27T10:34:28+00:00","dateModified":"2022-02-09T10:05:38+00:00","description":"Not all manufacturers and importers contribute to the early recycling fee, but they burden the system with discarded equipment.","breadcrumb":{"@id":"https:\/\/www.organisator.ch\/sustainability\/2017-02-27\/vorgezogene-recyclinggebuehr-nicht-alle-machen-mit\/#breadcrumb"},"inLanguage":"en-US","potentialAction":[{"@type":"ReadAction","target":["https:\/\/www.organisator.ch\/sustainability\/2017-02-27\/vorgezogene-recyclinggebuehr-nicht-alle-machen-mit\/"]}]},{"@type":"ImageObject","inLanguage":"en-US","@id":"https:\/\/www.organisator.ch\/sustainability\/2017-02-27\/vorgezogene-recyclinggebuehr-nicht-alle-machen-mit\/#primaryimage","url":"https:\/\/www.organisator.ch\/wp-content\/uploads\/2017\/02\/E-Recycling.jpg","contentUrl":"https:\/\/www.organisator.ch\/wp-content\/uploads\/2017\/02\/E-Recycling.jpg","width":936,"height":920,"caption":"Eine neue Kampagne will die Bev\u00f6lkerung f\u00fcr die vorgezogene Recyclinggeb\u00fchr sensibilisieren."},{"@type":"BreadcrumbList","@id":"https:\/\/www.organisator.ch\/sustainability\/2017-02-27\/vorgezogene-recyclinggebuehr-nicht-alle-machen-mit\/#breadcrumb","itemListElement":[{"@type":"ListItem","position":1,"name":"Home","item":"https:\/\/www.organisator.ch\/"},{"@type":"ListItem","position":2,"name":"Vorgezogene Recyclinggeb\u00fchr: Nicht alle machen mit"}]},{"@type":"WebSite","@id":"https:\/\/www.organisator.ch\/#website","url":"https:\/\/www.organisator.ch\/","name":"Organizer","description":"Competent. Practical. In 10 issues per year, ORGANISATOR presents the essential topics for managers of SMEs.","publisher":{"@id":"https:\/\/www.organisator.ch\/#organization"},"potentialAction":[{"@type":"SearchAction","target":{"@type":"EntryPoint","urlTemplate":"https:\/\/www.organisator.ch\/?s={search_term_string}"},"query-input":{"@type":"PropertyValueSpecification","valueRequired":true,"valueName":"search_term_string"}}],"inLanguage":"en-US"},{"@type":"Organization","@id":"https:\/\/www.organisator.ch\/#organization","name":"Organizer","url":"https:\/\/www.organisator.ch\/","logo":{"@type":"ImageObject","inLanguage":"en-US","@id":"https:\/\/www.organisator.ch\/#\/schema\/logo\/image\/","url":"https:\/\/www.organisator.ch\/wp-content\/uploads\/2022\/01\/Logo_Organisator_Website.png","contentUrl":"https:\/\/www.organisator.ch\/wp-content\/uploads\/2022\/01\/Logo_Organisator_Website.png","width":800,"height":77,"caption":"Organisator"},"image":{"@id":"https:\/\/www.organisator.ch\/#\/schema\/logo\/image\/"},"sameAs":["https:\/\/www.facebook.com\/OrganisatorFachmagazin","https:\/\/www.linkedin.com\/showcase\/organisator-das-magazin-fr-kmu","https:\/\/www.xing.com\/news\/pages\/organisator-ch-695","https:\/\/www.youtube.com\/channel\/UCGP2Sq0iWaZwT3BdIAQFYpw"]},{"@type":"Person","@id":"https:\/\/www.organisator.ch\/#\/schema\/person\/aa2bace6c5c5aad60102004a50c4eb1c","name":"admin","image":{"@type":"ImageObject","inLanguage":"en-US","@id":"https:\/\/secure.gravatar.com\/avatar\/ae2f4d718e6c49043e314ce431e7e645d646302a24a5ef5a8bc8e3f5a032e319?s=96&d=mm&r=g","url":"https:\/\/secure.gravatar.com\/avatar\/ae2f4d718e6c49043e314ce431e7e645d646302a24a5ef5a8bc8e3f5a032e319?s=96&d=mm&r=g","contentUrl":"https:\/\/secure.gravatar.com\/avatar\/ae2f4d718e6c49043e314ce431e7e645d646302a24a5ef5a8bc8e3f5a032e319?s=96&d=mm&r=g","caption":"admin"},"sameAs":["https:\/\/www.organisator.ch"],"url":"https:\/\/www.organisator.ch\/en\/author\/admin\/"}]}},"_links":{"self":[{"href":"https:\/\/www.organisator.ch\/en\/wp-json\/wp\/v2\/posts\/776","targetHints":{"allow":["GET"]}}],"collection":[{"href":"https:\/\/www.organisator.ch\/en\/wp-json\/wp\/v2\/posts"}],"about":[{"href":"https:\/\/www.organisator.ch\/en\/wp-json\/wp\/v2\/types\/post"}],"author":[{"embeddable":true,"href":"https:\/\/www.organisator.ch\/en\/wp-json\/wp\/v2\/users\/1"}],"replies":[{"embeddable":true,"href":"https:\/\/www.organisator.ch\/en\/wp-json\/wp\/v2\/comments?post=776"}],"version-history":[{"count":1,"href":"https:\/\/www.organisator.ch\/en\/wp-json\/wp\/v2\/posts\/776\/revisions"}],"predecessor-version":[{"id":10432,"href":"https:\/\/www.organisator.ch\/en\/wp-json\/wp\/v2\/posts\/776\/revisions\/10432"}],"wp:featuredmedia":[{"embeddable":true,"href":"https:\/\/www.organisator.ch\/en\/wp-json\/wp\/v2\/media\/9471"}],"wp:attachment":[{"href":"https:\/\/www.organisator.ch\/en\/wp-json\/wp\/v2\/media?parent=776"}],"wp:term":[{"taxonomy":"category","embeddable":true,"href":"https:\/\/www.organisator.ch\/en\/wp-json\/wp\/v2\/categories?post=776"},{"taxonomy":"post_tag","embeddable":true,"href":"https:\/\/www.organisator.ch\/en\/wp-json\/wp\/v2\/tags?post=776"}],"curies":[{"name":"wp","href":"https:\/\/api.w.org\/{rel}","templated":true}]}}