{"id":7774,"date":"2021-03-08T11:59:31","date_gmt":"2021-03-08T10:59:31","guid":{"rendered":"https:\/\/www.organisator.ch\/?p=7774"},"modified":"2021-03-08T11:59:31","modified_gmt":"2021-03-08T10:59:31","slug":"epfl-und-groupe-mutuel-lancieren-startup-accelerator-fuer-femtech","status":"publish","type":"post","link":"https:\/\/www.organisator.ch\/en\/management\/2021-03-08\/epfl-und-groupe-mutuel-lancieren-startup-accelerator-fuer-femtech\/","title":{"rendered":"EPFL and Groupe Mutuel launch startup accelerator for FemTech"},"content":{"rendered":"<figure id=\"attachment_7775\" aria-describedby=\"caption-attachment-7775\" style=\"width: 680px\" class=\"wp-caption alignnone\"><img loading=\"lazy\" decoding=\"async\" class=\"size-medium wp-image-7775\" src=\"https:\/\/www.organisator.ch\/wp-content\/uploads\/2021\/03\/EPFL-und-Groupe-Mutuel-lancieren-Startup-Accelerator-fuer-FemTech_Organisator.jpg\" alt=\"\" width=\"680\" height=\"453\" srcset=\"https:\/\/www.organisator.ch\/wp-content\/uploads\/2021\/03\/EPFL-und-Groupe-Mutuel-lancieren-Startup-Accelerator-fuer-FemTech_Organisator.jpg 680w, https:\/\/www.organisator.ch\/wp-content\/uploads\/2021\/03\/EPFL-und-Groupe-Mutuel-lancieren-Startup-Accelerator-fuer-FemTech_Organisator-16x12.jpg 16w, https:\/\/www.organisator.ch\/wp-content\/uploads\/2021\/03\/EPFL-und-Groupe-Mutuel-lancieren-Startup-Accelerator-fuer-FemTech_Organisator-263x175.jpg 263w, https:\/\/www.organisator.ch\/wp-content\/uploads\/2021\/03\/EPFL-und-Groupe-Mutuel-lancieren-Startup-Accelerator-fuer-FemTech_Organisator-525x350.jpg 525w, https:\/\/www.organisator.ch\/wp-content\/uploads\/2021\/03\/EPFL-und-Groupe-Mutuel-lancieren-Startup-Accelerator-fuer-FemTech_Organisator-300x200.jpg 300w\" sizes=\"auto, (max-width: 680px) 100vw, 680px\" \/><figcaption id=\"caption-attachment-7775\" class=\"wp-caption-text\">Women doing research for women: EPFL and Groupe Mutuel launch a startup accelerator for femtech companies. (Image: Pixabay.com)<\/figcaption><\/figure>\n<p>Many health-related products, services and technologies are often not designed for women. However, there are many areas that require specific solutions for women's issues, such as pregnancy, menstruation, fertility or menopause. In Switzerland and Europe, very few companies and startups are addressing these issues. EPFL and Groupe Mutuel want to encourage the development of these startups and support them through EPFL's Innovation Park and high-quality mentoring. A startup accelerator has now been launched under the title \"Tech4Eva\". In it, selection programs, workshops and coaching are planned to develop a business model and promote the maturation of new technologies for women's health.<\/p>\n<h2>Startup accelerator for Swiss and European startups<\/h2>\n<p>A selection committee will determine a maximum of 15 startups to be supported in this first season. The goal is to address issues around women's health in terms of prevention, support and treatment. Tech4Eva focuses on innovative solutions in areas such as pregnancy, fertility, menstruation, menopause, mental health and family life. The products and services developed by the selected young companies are focused on technological solutions such as apps, internet platforms, diagnostic tools, therapeutic tools or preventive medicine supported by artificial intelligence (AI). The program will last 9 months and is open to companies from Switzerland and Europe.<\/p>\n<h2>A win-win partnership<\/h2>\n<p>The selected start-ups benefit from one of the best healthcare systems in Europe. Thanks to the EPFL Innovation Park network and its incubator La Forge, they gain access to international collaborations and investors. At Groupe Mutuel, they can also work on pilot projects and have access to a dynamic market with one of the leading Swiss health insurers. EPFL Innovation Park and Groupe Mutuel are convinced of the necessity of new technologies for women and speak of a \"win-win partnership\": \"Unfortunately, women's issues are often forgotten when developing technological solutions regarding health. With this partnership, we want to close this gap in Switzerland,\" explains Thomas Boyer, CEO of Groupe Mutuel, for example. \"We are delighted to be able to work with Groupe Mutuel to help boost the productivity and creativity of 50 percent of the population with a support program for femtech startups,\" adds Jean-Philippe Lallement, Executive Director at EPFL Innovation Park.<\/p>\n<p><em>Source: <a href=\"http:\/\/www.groupemutuel.ch\">Groupe Mutuel<\/a><\/em><\/p>","protected":false},"excerpt":{"rendered":"<p>Viele gesundheitsbezogene Produkte, Dienstleistungen und Technologien sind h\u00e4ufig nicht f\u00fcr Frauen konzipiert. Es gibt jedoch viele Bereiche, die spezifische L\u00f6sungen f\u00fcr Frauenthemen erfordern, wie beispielsweise Schwangerschaft, Menstruation, Fruchtbarkeit oder Menopause. In der Schweiz und in Europa besch\u00e4ftigen sich nur sehr wenige Unternehmen und Start-ups mit diesen Themen. Die EPFL und die Groupe Mutuel m\u00f6chten die [&hellip;]<\/p>\n","protected":false},"author":4,"featured_media":7775,"comment_status":"closed","ping_status":"closed","sticky":false,"template":"","format":"standard","meta":{"_acf_changed":false,"_yoast_wpseo_focuskw":"Startup-Accelerator","_yoast_wpseo_metadesc":"Anl\u00e4sslich des Weltfrauentags lancieren der Versicherer Groupe Mutuel und der EPFL Innovation Park gemeinsam einen Startup-Accelerator f\u00fcr FemTech.","articlekey":"","footnotes":""},"categories":[28],"tags":[219,451,533],"class_list":["post-7774","post","type-post","status-publish","format-standard","has-post-thumbnail","hentry","category-management","tag-forschung-entwicklung","tag-startups","tag-wissenschaft"],"acf":[],"yoast_head":"<!-- This site is optimized with the Yoast SEO plugin v27.4 - https:\/\/yoast.com\/product\/yoast-seo-wordpress\/ -->\n<title>EPFL und Groupe Mutuel lancieren Startup-Accelerator f\u00fcr FemTech - Organisator<\/title>\n<meta name=\"description\" content=\"Anl\u00e4sslich des Weltfrauentags lancieren der Versicherer Groupe Mutuel und der EPFL Innovation Park gemeinsam einen Startup-Accelerator f\u00fcr FemTech.\" \/>\n<meta name=\"robots\" content=\"index, follow, max-snippet:-1, max-image-preview:large, max-video-preview:-1\" \/>\n<link rel=\"canonical\" href=\"https:\/\/www.organisator.ch\/en\/management\/2021-03-08\/epfl-und-groupe-mutuel-lancieren-startup-accelerator-fuer-femtech\/\" \/>\n<meta property=\"og:locale\" content=\"en_US\" \/>\n<meta property=\"og:type\" content=\"article\" \/>\n<meta property=\"og:title\" content=\"EPFL und Groupe Mutuel lancieren Startup-Accelerator f\u00fcr FemTech\" \/>\n<meta property=\"og:description\" content=\"Anl\u00e4sslich des Weltfrauentags lancieren der Versicherer Groupe Mutuel und der EPFL Innovation Park gemeinsam einen Startup-Accelerator f\u00fcr FemTech.\" \/>\n<meta property=\"og:url\" content=\"https:\/\/www.organisator.ch\/en\/management\/2021-03-08\/epfl-und-groupe-mutuel-lancieren-startup-accelerator-fuer-femtech\/\" \/>\n<meta property=\"og:site_name\" content=\"Organisator\" \/>\n<meta property=\"article:publisher\" content=\"https:\/\/www.facebook.com\/OrganisatorFachmagazin\" \/>\n<meta property=\"article:published_time\" content=\"2021-03-08T10:59:31+00:00\" \/>\n<meta property=\"og:image\" content=\"https:\/\/www.organisator.ch\/wp-content\/uploads\/2021\/03\/EPFL-und-Groupe-Mutuel-lancieren-Startup-Accelerator-fuer-FemTech_Organisator.jpg\" \/>\n\t<meta property=\"og:image:width\" content=\"680\" \/>\n\t<meta property=\"og:image:height\" content=\"453\" \/>\n\t<meta property=\"og:image:type\" content=\"image\/jpeg\" \/>\n<meta name=\"author\" content=\"thomas.berner\" \/>\n<meta name=\"twitter:card\" content=\"summary_large_image\" \/>\n<meta name=\"twitter:title\" content=\"#EPFL und Groupe Mutuel lancieren #Startup-Accelerator f\u00fcr #FemTech\" \/>\n<meta name=\"twitter:description\" content=\"Anl\u00e4sslich des #Weltfrauentags lancieren der Versicherer Groupe Mutuel und der EPFL Innovation Park gemeinsam einen #Startup-Accelerator f\u00fcr #FemTech.\" \/>\n<meta name=\"twitter:image\" content=\"https:\/\/www.organisator.ch\/wp-content\/uploads\/2021\/03\/EPFL-und-Groupe-Mutuel-lancieren-Startup-Accelerator-fuer-FemTech_Organisator.jpg\" \/>\n<script type=\"application\/ld+json\" class=\"yoast-schema-graph\">{\"@context\":\"https:\\\/\\\/schema.org\",\"@graph\":[{\"@type\":\"Article\",\"@id\":\"https:\\\/\\\/www.organisator.ch\\\/management\\\/2021-03-08\\\/epfl-und-groupe-mutuel-lancieren-startup-accelerator-fuer-femtech\\\/#article\",\"isPartOf\":{\"@id\":\"https:\\\/\\\/www.organisator.ch\\\/management\\\/2021-03-08\\\/epfl-und-groupe-mutuel-lancieren-startup-accelerator-fuer-femtech\\\/\"},\"author\":{\"name\":\"thomas.berner\",\"@id\":\"https:\\\/\\\/www.organisator.ch\\\/#\\\/schema\\\/person\\\/6f650f90b2842cd4c0cc334b4e36f67e\"},\"headline\":\"EPFL und Groupe Mutuel lancieren Startup-Accelerator f\u00fcr FemTech\",\"datePublished\":\"2021-03-08T10:59:31+00:00\",\"mainEntityOfPage\":{\"@id\":\"https:\\\/\\\/www.organisator.ch\\\/management\\\/2021-03-08\\\/epfl-und-groupe-mutuel-lancieren-startup-accelerator-fuer-femtech\\\/\"},\"wordCount\":432,\"publisher\":{\"@id\":\"https:\\\/\\\/www.organisator.ch\\\/#organization\"},\"image\":{\"@id\":\"https:\\\/\\\/www.organisator.ch\\\/management\\\/2021-03-08\\\/epfl-und-groupe-mutuel-lancieren-startup-accelerator-fuer-femtech\\\/#primaryimage\"},\"thumbnailUrl\":\"https:\\\/\\\/www.organisator.ch\\\/wp-content\\\/uploads\\\/2021\\\/03\\\/EPFL-und-Groupe-Mutuel-lancieren-Startup-Accelerator-fuer-FemTech_Organisator.jpg\",\"keywords\":[\"Forschung &amp; Entwicklung\",\"Startups\",\"Wissenschaft\"],\"articleSection\":[\"MANAGEMENT\"],\"inLanguage\":\"en-US\"},{\"@type\":\"WebPage\",\"@id\":\"https:\\\/\\\/www.organisator.ch\\\/management\\\/2021-03-08\\\/epfl-und-groupe-mutuel-lancieren-startup-accelerator-fuer-femtech\\\/\",\"url\":\"https:\\\/\\\/www.organisator.ch\\\/management\\\/2021-03-08\\\/epfl-und-groupe-mutuel-lancieren-startup-accelerator-fuer-femtech\\\/\",\"name\":\"EPFL und Groupe Mutuel lancieren Startup-Accelerator f\u00fcr FemTech - Organisator\",\"isPartOf\":{\"@id\":\"https:\\\/\\\/www.organisator.ch\\\/#website\"},\"primaryImageOfPage\":{\"@id\":\"https:\\\/\\\/www.organisator.ch\\\/management\\\/2021-03-08\\\/epfl-und-groupe-mutuel-lancieren-startup-accelerator-fuer-femtech\\\/#primaryimage\"},\"image\":{\"@id\":\"https:\\\/\\\/www.organisator.ch\\\/management\\\/2021-03-08\\\/epfl-und-groupe-mutuel-lancieren-startup-accelerator-fuer-femtech\\\/#primaryimage\"},\"thumbnailUrl\":\"https:\\\/\\\/www.organisator.ch\\\/wp-content\\\/uploads\\\/2021\\\/03\\\/EPFL-und-Groupe-Mutuel-lancieren-Startup-Accelerator-fuer-FemTech_Organisator.jpg\",\"datePublished\":\"2021-03-08T10:59:31+00:00\",\"description\":\"Anl\u00e4sslich des Weltfrauentags lancieren der Versicherer Groupe Mutuel und der EPFL Innovation Park gemeinsam einen Startup-Accelerator f\u00fcr FemTech.\",\"breadcrumb\":{\"@id\":\"https:\\\/\\\/www.organisator.ch\\\/management\\\/2021-03-08\\\/epfl-und-groupe-mutuel-lancieren-startup-accelerator-fuer-femtech\\\/#breadcrumb\"},\"inLanguage\":\"en-US\",\"potentialAction\":[{\"@type\":\"ReadAction\",\"target\":[\"https:\\\/\\\/www.organisator.ch\\\/management\\\/2021-03-08\\\/epfl-und-groupe-mutuel-lancieren-startup-accelerator-fuer-femtech\\\/\"]}]},{\"@type\":\"ImageObject\",\"inLanguage\":\"en-US\",\"@id\":\"https:\\\/\\\/www.organisator.ch\\\/management\\\/2021-03-08\\\/epfl-und-groupe-mutuel-lancieren-startup-accelerator-fuer-femtech\\\/#primaryimage\",\"url\":\"https:\\\/\\\/www.organisator.ch\\\/wp-content\\\/uploads\\\/2021\\\/03\\\/EPFL-und-Groupe-Mutuel-lancieren-Startup-Accelerator-fuer-FemTech_Organisator.jpg\",\"contentUrl\":\"https:\\\/\\\/www.organisator.ch\\\/wp-content\\\/uploads\\\/2021\\\/03\\\/EPFL-und-Groupe-Mutuel-lancieren-Startup-Accelerator-fuer-FemTech_Organisator.jpg\",\"width\":680,\"height\":453,\"caption\":\"Frauen forschen f\u00fcr Frauen: Die EPFL und die Groupe Mutuel lancieren einen Startup-Accelerator f\u00fcr FemTech-Unternehmen. (Bild: Pixabay.com)\"},{\"@type\":\"BreadcrumbList\",\"@id\":\"https:\\\/\\\/www.organisator.ch\\\/management\\\/2021-03-08\\\/epfl-und-groupe-mutuel-lancieren-startup-accelerator-fuer-femtech\\\/#breadcrumb\",\"itemListElement\":[{\"@type\":\"ListItem\",\"position\":1,\"name\":\"Home\",\"item\":\"https:\\\/\\\/www.organisator.ch\\\/\"},{\"@type\":\"ListItem\",\"position\":2,\"name\":\"EPFL und Groupe Mutuel lancieren Startup-Accelerator f\u00fcr FemTech\"}]},{\"@type\":\"WebSite\",\"@id\":\"https:\\\/\\\/www.organisator.ch\\\/#website\",\"url\":\"https:\\\/\\\/www.organisator.ch\\\/\",\"name\":\"Organisator\",\"description\":\"Kompetent. Praxisnah. Der ORGANISATOR bereitet in 10 Ausgaben pro Jahr die wesentlichen Themen f\u00fcr F\u00fchrungskr\u00e4fte von KMU auf.\",\"publisher\":{\"@id\":\"https:\\\/\\\/www.organisator.ch\\\/#organization\"},\"potentialAction\":[{\"@type\":\"SearchAction\",\"target\":{\"@type\":\"EntryPoint\",\"urlTemplate\":\"https:\\\/\\\/www.organisator.ch\\\/?s={search_term_string}\"},\"query-input\":{\"@type\":\"PropertyValueSpecification\",\"valueRequired\":true,\"valueName\":\"search_term_string\"}}],\"inLanguage\":\"en-US\"},{\"@type\":\"Organization\",\"@id\":\"https:\\\/\\\/www.organisator.ch\\\/#organization\",\"name\":\"Organisator\",\"url\":\"https:\\\/\\\/www.organisator.ch\\\/\",\"logo\":{\"@type\":\"ImageObject\",\"inLanguage\":\"en-US\",\"@id\":\"https:\\\/\\\/www.organisator.ch\\\/#\\\/schema\\\/logo\\\/image\\\/\",\"url\":\"https:\\\/\\\/www.organisator.ch\\\/wp-content\\\/uploads\\\/2022\\\/01\\\/Logo_Organisator_Website.png\",\"contentUrl\":\"https:\\\/\\\/www.organisator.ch\\\/wp-content\\\/uploads\\\/2022\\\/01\\\/Logo_Organisator_Website.png\",\"width\":800,\"height\":77,\"caption\":\"Organisator\"},\"image\":{\"@id\":\"https:\\\/\\\/www.organisator.ch\\\/#\\\/schema\\\/logo\\\/image\\\/\"},\"sameAs\":[\"https:\\\/\\\/www.facebook.com\\\/OrganisatorFachmagazin\",\"https:\\\/\\\/www.linkedin.com\\\/showcase\\\/organisator-das-magazin-fr-kmu\",\"https:\\\/\\\/www.xing.com\\\/news\\\/pages\\\/organisator-ch-695\",\"https:\\\/\\\/www.youtube.com\\\/channel\\\/UCGP2Sq0iWaZwT3BdIAQFYpw\"]},{\"@type\":\"Person\",\"@id\":\"https:\\\/\\\/www.organisator.ch\\\/#\\\/schema\\\/person\\\/6f650f90b2842cd4c0cc334b4e36f67e\",\"name\":\"thomas.berner\",\"image\":{\"@type\":\"ImageObject\",\"inLanguage\":\"en-US\",\"@id\":\"https:\\\/\\\/secure.gravatar.com\\\/avatar\\\/ac5001d2a36cb6c6cd3e50789007ffca834b477b74a2144564522e944eabff61?s=96&d=mm&r=g\",\"url\":\"https:\\\/\\\/secure.gravatar.com\\\/avatar\\\/ac5001d2a36cb6c6cd3e50789007ffca834b477b74a2144564522e944eabff61?s=96&d=mm&r=g\",\"contentUrl\":\"https:\\\/\\\/secure.gravatar.com\\\/avatar\\\/ac5001d2a36cb6c6cd3e50789007ffca834b477b74a2144564522e944eabff61?s=96&d=mm&r=g\",\"caption\":\"thomas.berner\"},\"url\":\"https:\\\/\\\/www.organisator.ch\\\/en\\\/author\\\/thomas-berner\\\/\"}]}<\/script>\n<!-- \/ Yoast SEO plugin. -->","yoast_head_json":{"title":"EPFL and Groupe Mutuel launch startup accelerator for FemTech - organizer","description":"To mark International Women's Day, insurer Groupe Mutuel and EPFL Innovation Park are jointly launching a startup accelerator for FemTech.","robots":{"index":"index","follow":"follow","max-snippet":"max-snippet:-1","max-image-preview":"max-image-preview:large","max-video-preview":"max-video-preview:-1"},"canonical":"https:\/\/www.organisator.ch\/en\/management\/2021-03-08\/epfl-und-groupe-mutuel-lancieren-startup-accelerator-fuer-femtech\/","og_locale":"en_US","og_type":"article","og_title":"EPFL und Groupe Mutuel lancieren Startup-Accelerator f\u00fcr FemTech","og_description":"Anl\u00e4sslich des Weltfrauentags lancieren der Versicherer Groupe Mutuel und der EPFL Innovation Park gemeinsam einen Startup-Accelerator f\u00fcr FemTech.","og_url":"https:\/\/www.organisator.ch\/en\/management\/2021-03-08\/epfl-und-groupe-mutuel-lancieren-startup-accelerator-fuer-femtech\/","og_site_name":"Organisator","article_publisher":"https:\/\/www.facebook.com\/OrganisatorFachmagazin","article_published_time":"2021-03-08T10:59:31+00:00","og_image":[{"width":680,"height":453,"url":"https:\/\/www.organisator.ch\/wp-content\/uploads\/2021\/03\/EPFL-und-Groupe-Mutuel-lancieren-Startup-Accelerator-fuer-FemTech_Organisator.jpg","type":"image\/jpeg"}],"author":"thomas.berner","twitter_card":"summary_large_image","twitter_title":"#EPFL und Groupe Mutuel lancieren #Startup-Accelerator f\u00fcr #FemTech","twitter_description":"Anl\u00e4sslich des #Weltfrauentags lancieren der Versicherer Groupe Mutuel und der EPFL Innovation Park gemeinsam einen #Startup-Accelerator f\u00fcr #FemTech.","twitter_image":"https:\/\/www.organisator.ch\/wp-content\/uploads\/2021\/03\/EPFL-und-Groupe-Mutuel-lancieren-Startup-Accelerator-fuer-FemTech_Organisator.jpg","schema":{"@context":"https:\/\/schema.org","@graph":[{"@type":"Article","@id":"https:\/\/www.organisator.ch\/management\/2021-03-08\/epfl-und-groupe-mutuel-lancieren-startup-accelerator-fuer-femtech\/#article","isPartOf":{"@id":"https:\/\/www.organisator.ch\/management\/2021-03-08\/epfl-und-groupe-mutuel-lancieren-startup-accelerator-fuer-femtech\/"},"author":{"name":"thomas.berner","@id":"https:\/\/www.organisator.ch\/#\/schema\/person\/6f650f90b2842cd4c0cc334b4e36f67e"},"headline":"EPFL und Groupe Mutuel lancieren Startup-Accelerator f\u00fcr FemTech","datePublished":"2021-03-08T10:59:31+00:00","mainEntityOfPage":{"@id":"https:\/\/www.organisator.ch\/management\/2021-03-08\/epfl-und-groupe-mutuel-lancieren-startup-accelerator-fuer-femtech\/"},"wordCount":432,"publisher":{"@id":"https:\/\/www.organisator.ch\/#organization"},"image":{"@id":"https:\/\/www.organisator.ch\/management\/2021-03-08\/epfl-und-groupe-mutuel-lancieren-startup-accelerator-fuer-femtech\/#primaryimage"},"thumbnailUrl":"https:\/\/www.organisator.ch\/wp-content\/uploads\/2021\/03\/EPFL-und-Groupe-Mutuel-lancieren-Startup-Accelerator-fuer-FemTech_Organisator.jpg","keywords":["Forschung &amp; Entwicklung","Startups","Wissenschaft"],"articleSection":["MANAGEMENT"],"inLanguage":"en-US"},{"@type":"WebPage","@id":"https:\/\/www.organisator.ch\/management\/2021-03-08\/epfl-und-groupe-mutuel-lancieren-startup-accelerator-fuer-femtech\/","url":"https:\/\/www.organisator.ch\/management\/2021-03-08\/epfl-und-groupe-mutuel-lancieren-startup-accelerator-fuer-femtech\/","name":"EPFL and Groupe Mutuel launch startup accelerator for FemTech - organizer","isPartOf":{"@id":"https:\/\/www.organisator.ch\/#website"},"primaryImageOfPage":{"@id":"https:\/\/www.organisator.ch\/management\/2021-03-08\/epfl-und-groupe-mutuel-lancieren-startup-accelerator-fuer-femtech\/#primaryimage"},"image":{"@id":"https:\/\/www.organisator.ch\/management\/2021-03-08\/epfl-und-groupe-mutuel-lancieren-startup-accelerator-fuer-femtech\/#primaryimage"},"thumbnailUrl":"https:\/\/www.organisator.ch\/wp-content\/uploads\/2021\/03\/EPFL-und-Groupe-Mutuel-lancieren-Startup-Accelerator-fuer-FemTech_Organisator.jpg","datePublished":"2021-03-08T10:59:31+00:00","description":"To mark International Women's Day, insurer Groupe Mutuel and EPFL Innovation Park are jointly launching a startup accelerator for FemTech.","breadcrumb":{"@id":"https:\/\/www.organisator.ch\/management\/2021-03-08\/epfl-und-groupe-mutuel-lancieren-startup-accelerator-fuer-femtech\/#breadcrumb"},"inLanguage":"en-US","potentialAction":[{"@type":"ReadAction","target":["https:\/\/www.organisator.ch\/management\/2021-03-08\/epfl-und-groupe-mutuel-lancieren-startup-accelerator-fuer-femtech\/"]}]},{"@type":"ImageObject","inLanguage":"en-US","@id":"https:\/\/www.organisator.ch\/management\/2021-03-08\/epfl-und-groupe-mutuel-lancieren-startup-accelerator-fuer-femtech\/#primaryimage","url":"https:\/\/www.organisator.ch\/wp-content\/uploads\/2021\/03\/EPFL-und-Groupe-Mutuel-lancieren-Startup-Accelerator-fuer-FemTech_Organisator.jpg","contentUrl":"https:\/\/www.organisator.ch\/wp-content\/uploads\/2021\/03\/EPFL-und-Groupe-Mutuel-lancieren-Startup-Accelerator-fuer-FemTech_Organisator.jpg","width":680,"height":453,"caption":"Frauen forschen f\u00fcr Frauen: Die EPFL und die Groupe Mutuel lancieren einen Startup-Accelerator f\u00fcr FemTech-Unternehmen. (Bild: Pixabay.com)"},{"@type":"BreadcrumbList","@id":"https:\/\/www.organisator.ch\/management\/2021-03-08\/epfl-und-groupe-mutuel-lancieren-startup-accelerator-fuer-femtech\/#breadcrumb","itemListElement":[{"@type":"ListItem","position":1,"name":"Home","item":"https:\/\/www.organisator.ch\/"},{"@type":"ListItem","position":2,"name":"EPFL und Groupe Mutuel lancieren Startup-Accelerator f\u00fcr FemTech"}]},{"@type":"WebSite","@id":"https:\/\/www.organisator.ch\/#website","url":"https:\/\/www.organisator.ch\/","name":"Organizer","description":"Competent. Practical. In 10 issues per year, ORGANISATOR presents the essential topics for managers of SMEs.","publisher":{"@id":"https:\/\/www.organisator.ch\/#organization"},"potentialAction":[{"@type":"SearchAction","target":{"@type":"EntryPoint","urlTemplate":"https:\/\/www.organisator.ch\/?s={search_term_string}"},"query-input":{"@type":"PropertyValueSpecification","valueRequired":true,"valueName":"search_term_string"}}],"inLanguage":"en-US"},{"@type":"Organization","@id":"https:\/\/www.organisator.ch\/#organization","name":"Organizer","url":"https:\/\/www.organisator.ch\/","logo":{"@type":"ImageObject","inLanguage":"en-US","@id":"https:\/\/www.organisator.ch\/#\/schema\/logo\/image\/","url":"https:\/\/www.organisator.ch\/wp-content\/uploads\/2022\/01\/Logo_Organisator_Website.png","contentUrl":"https:\/\/www.organisator.ch\/wp-content\/uploads\/2022\/01\/Logo_Organisator_Website.png","width":800,"height":77,"caption":"Organisator"},"image":{"@id":"https:\/\/www.organisator.ch\/#\/schema\/logo\/image\/"},"sameAs":["https:\/\/www.facebook.com\/OrganisatorFachmagazin","https:\/\/www.linkedin.com\/showcase\/organisator-das-magazin-fr-kmu","https:\/\/www.xing.com\/news\/pages\/organisator-ch-695","https:\/\/www.youtube.com\/channel\/UCGP2Sq0iWaZwT3BdIAQFYpw"]},{"@type":"Person","@id":"https:\/\/www.organisator.ch\/#\/schema\/person\/6f650f90b2842cd4c0cc334b4e36f67e","name":"thomas.berner","image":{"@type":"ImageObject","inLanguage":"en-US","@id":"https:\/\/secure.gravatar.com\/avatar\/ac5001d2a36cb6c6cd3e50789007ffca834b477b74a2144564522e944eabff61?s=96&d=mm&r=g","url":"https:\/\/secure.gravatar.com\/avatar\/ac5001d2a36cb6c6cd3e50789007ffca834b477b74a2144564522e944eabff61?s=96&d=mm&r=g","contentUrl":"https:\/\/secure.gravatar.com\/avatar\/ac5001d2a36cb6c6cd3e50789007ffca834b477b74a2144564522e944eabff61?s=96&d=mm&r=g","caption":"thomas.berner"},"url":"https:\/\/www.organisator.ch\/en\/author\/thomas-berner\/"}]}},"_links":{"self":[{"href":"https:\/\/www.organisator.ch\/en\/wp-json\/wp\/v2\/posts\/7774","targetHints":{"allow":["GET"]}}],"collection":[{"href":"https:\/\/www.organisator.ch\/en\/wp-json\/wp\/v2\/posts"}],"about":[{"href":"https:\/\/www.organisator.ch\/en\/wp-json\/wp\/v2\/types\/post"}],"author":[{"embeddable":true,"href":"https:\/\/www.organisator.ch\/en\/wp-json\/wp\/v2\/users\/4"}],"replies":[{"embeddable":true,"href":"https:\/\/www.organisator.ch\/en\/wp-json\/wp\/v2\/comments?post=7774"}],"version-history":[{"count":0,"href":"https:\/\/www.organisator.ch\/en\/wp-json\/wp\/v2\/posts\/7774\/revisions"}],"wp:featuredmedia":[{"embeddable":true,"href":"https:\/\/www.organisator.ch\/en\/wp-json\/wp\/v2\/media\/7775"}],"wp:attachment":[{"href":"https:\/\/www.organisator.ch\/en\/wp-json\/wp\/v2\/media?parent=7774"}],"wp:term":[{"taxonomy":"category","embeddable":true,"href":"https:\/\/www.organisator.ch\/en\/wp-json\/wp\/v2\/categories?post=7774"},{"taxonomy":"post_tag","embeddable":true,"href":"https:\/\/www.organisator.ch\/en\/wp-json\/wp\/v2\/tags?post=7774"}],"curies":[{"name":"wp","href":"https:\/\/api.w.org\/{rel}","templated":true}]}}