{"id":7784,"date":"2021-03-10T11:30:26","date_gmt":"2021-03-10T10:30:26","guid":{"rendered":"https:\/\/www.organisator.ch\/?p=7784"},"modified":"2021-03-10T11:30:26","modified_gmt":"2021-03-10T10:30:26","slug":"painter-hoehn-a-family-business-becomes-100-years-old","status":"publish","type":"post","link":"https:\/\/www.organisator.ch\/en\/management\/2021-03-10\/maler-hoehn-ein-familienbetrieb-wird-100-jaehrig\/","title":{"rendered":"Painter H\u00f6hn: A family business celebrates its 100th anniversary"},"content":{"rendered":"<figure id=\"attachment_7785\" aria-describedby=\"caption-attachment-7785\" style=\"width: 680px\" class=\"wp-caption alignnone\"><img loading=\"lazy\" decoding=\"async\" class=\"size-medium wp-image-7785\" src=\"https:\/\/www.organisator.ch\/wp-content\/uploads\/2021\/03\/Maler-Hoehn-Ein-Familienbetrieb-wird-100-jaehrig_Organisator.jpg\" alt=\"\" width=\"680\" height=\"427\" srcset=\"https:\/\/www.organisator.ch\/wp-content\/uploads\/2021\/03\/Maler-Hoehn-Ein-Familienbetrieb-wird-100-jaehrig_Organisator.jpg 680w, https:\/\/www.organisator.ch\/wp-content\/uploads\/2021\/03\/Maler-Hoehn-Ein-Familienbetrieb-wird-100-jaehrig_Organisator-16x10.jpg 16w, https:\/\/www.organisator.ch\/wp-content\/uploads\/2021\/03\/Maler-Hoehn-Ein-Familienbetrieb-wird-100-jaehrig_Organisator-279x175.jpg 279w, https:\/\/www.organisator.ch\/wp-content\/uploads\/2021\/03\/Maler-Hoehn-Ein-Familienbetrieb-wird-100-jaehrig_Organisator-557x350.jpg 557w, https:\/\/www.organisator.ch\/wp-content\/uploads\/2021\/03\/Maler-Hoehn-Ein-Familienbetrieb-wird-100-jaehrig_Organisator-300x188.jpg 300w\" sizes=\"auto, (max-width: 680px) 100vw, 680px\" \/><figcaption id=\"caption-attachment-7785\" class=\"wp-caption-text\">Painter H\u00f6hn turns 100: The whole team of H\u00f6hn AG under the leadership of Monika H\u00f6hn, Marcellino Meggiolaro and Darko Bosiokovic are happy about the anniversary. (Image: zVg)<\/figcaption><\/figure>\n<p>That a family business like Maler H\u00f6hn can celebrate 100 years is not a matter of course. In this case, it is a special merit and a tribute to the boss Silvio H\u00f6hn, who tragically died in an accident in 2019. He had led and shaped the business for over 35 years with great dedication and expertise. His serious professional attitude was appreciated by customers, employees and suppliers alike. The anniversary can also be seen as a reward for the new crew, which successfully navigated through difficult times under the leadership of Monika H\u00f6hn. Whether and when the celebrations can take place in 2021 depends on the pandemic situation. However, the anniversary is a proof of achievement that deserves great recognition.<\/p>\n<p>And this is how the now 100-year history of Maler H\u00f6hn began: Johannes Muschel founded his painting business in R\u00fcti\/ZH in 1921 in the midst of industrialization. He soon moved to the rural town of Schlieren, which, however, was stirred up by the Spanish-Br\u00f6tlibahn and the \"Lisbethli\". From there, Muschel, his stepson Silvio H\u00f6hn Sr. and later Silvio H\u00f6hn Jr. worked as a family business for a total of 92 years. In 2018, master painter Silvio H\u00f6hn Jr. moved his thriving business to Birmensdorf. H\u00f6hn AG circumnavigated many pitfalls over the hundred years, survived several economic crises and, thanks to the professionalism and agility of its \"doers\", created a name for itself as a serious and reliable regional partner. H\u00f6hn has always stood for high-quality painting work with heart.<\/p>\n<p>The range of services offered by H\u00f6hn AG includes both exterior painting work (facade renovation, concrete and wood protection, lettering) and interior painting. This ranges from wallpaper and wall coverings to plastering and plastering work. Decorative techniques and spatulas are also used. Color and expert advice and work on listed buildings as well as the application of special paints (magnetic, whiteboard or luminous paints or protective coatings against electrosmog) are part of the versatile portfolio of the family business.<\/p>\n<div class=\"wpb_column vc_column_container vc_col-sm-4 vc_col-has-fill\">\n<div class=\"vc_column-inner vc_custom_1542967500980\">\n<div class=\"wpb_wrapper\">\n<div class=\"wpb_text_column wpb_content_element\">\n<div class=\"wpb_wrapper\"><\/div>\n<\/div>\n<\/div>\n<\/div>\n<\/div>\n<div class=\"wpb_column vc_column_container vc_col-sm-4 vc_col-has-fill\">\n<div class=\"vc_column-inner vc_custom_1542967799589\">\n<div class=\"wpb_wrapper\">\n<div class=\"wpb_single_image wpb_content_element vc_align_left\"><\/div>\n<\/div>\n<\/div>\n<\/div>\n<p><a href=\"http:\/\/www.maler-hoehn.ch\"><em>Source and further information<\/em><\/a><\/p>","protected":false},"excerpt":{"rendered":"<p>Dass ein Familienbetrieb wie Maler H\u00f6hn 100 Jahre feiern kann, ist nicht selbstverst\u00e4ndlich. In diesem Fall ist es ein besonderes Verdienst und eine Hommage an den 2019 auf tragische Weise verunfallten Chef Silvio H\u00f6hn. Er hatte den Betrieb \u00fcber 35 Jahre mit viel Einsatz und Fachkompetenz gef\u00fchrt und gepr\u00e4gt. Seine seri\u00f6se Berufsauffassung sch\u00e4tzten Kunden, Mitarbeitende [&hellip;]<\/p>\n","protected":false},"author":4,"featured_media":7785,"comment_status":"closed","ping_status":"closed","sticky":false,"template":"","format":"standard","meta":{"_acf_changed":false,"_yoast_wpseo_focuskw":"Maler H\u00f6hn","_yoast_wpseo_metadesc":"Familienunternehmen, die mehrere Generationen \u00fcberdauern: Ein solches ist Maler H\u00f6hn in Birmensdorf. Das Unternehmen feiert 2021 sein 100-j\u00e4hriges Bestehen.","articlekey":"","footnotes":""},"categories":[28],"tags":[206,207,335,492],"class_list":["post-7784","post","type-post","status-publish","format-standard","has-post-thumbnail","hentry","category-management","tag-firmenjubilaeum","tag-firmennachfolge","tag-management-und-unternehmensfuehrung","tag-unternehmen"],"acf":[],"yoast_head":"<!-- This site is optimized with the Yoast SEO plugin v27.5 - https:\/\/yoast.com\/product\/yoast-seo-wordpress\/ -->\n<title>Maler H\u00f6hn: Ein Familienbetrieb wird 100-j\u00e4hrig - Organisator<\/title>\n<meta name=\"description\" content=\"Familienunternehmen, die mehrere Generationen \u00fcberdauern: Ein solches ist Maler H\u00f6hn in Birmensdorf. Das Unternehmen feiert 2021 sein 100-j\u00e4hriges Bestehen.\" \/>\n<meta name=\"robots\" content=\"index, follow, max-snippet:-1, max-image-preview:large, max-video-preview:-1\" \/>\n<link rel=\"canonical\" href=\"https:\/\/www.organisator.ch\/en\/management\/2021-03-10\/painter-hoehn-a-family-business-becomes-100-years-old\/\" \/>\n<meta property=\"og:locale\" content=\"en_US\" \/>\n<meta property=\"og:type\" content=\"article\" \/>\n<meta property=\"og:title\" content=\"Maler H\u00f6hn: Ein Familienbetrieb wird 100-j\u00e4hrig\" \/>\n<meta property=\"og:description\" content=\"Familienunternehmen, die mehrere Generationen \u00fcberdauern: Ein solches ist Maler H\u00f6hn in Birmensdorf. Das Unternehmen feiert 2021 sein 100-j\u00e4hriges Bestehen.\" \/>\n<meta property=\"og:url\" content=\"https:\/\/www.organisator.ch\/en\/management\/2021-03-10\/painter-hoehn-a-family-business-becomes-100-years-old\/\" \/>\n<meta property=\"og:site_name\" content=\"Organisator\" \/>\n<meta property=\"article:publisher\" content=\"https:\/\/www.facebook.com\/OrganisatorFachmagazin\" \/>\n<meta property=\"article:published_time\" content=\"2021-03-10T10:30:26+00:00\" \/>\n<meta property=\"og:image\" content=\"https:\/\/www.organisator.ch\/wp-content\/uploads\/2021\/03\/Maler-Hoehn-Ein-Familienbetrieb-wird-100-jaehrig_Organisator.jpg\" \/>\n\t<meta property=\"og:image:width\" content=\"680\" \/>\n\t<meta property=\"og:image:height\" content=\"427\" \/>\n\t<meta property=\"og:image:type\" content=\"image\/jpeg\" \/>\n<meta name=\"author\" content=\"thomas.berner\" \/>\n<meta name=\"twitter:card\" content=\"summary_large_image\" \/>\n<meta name=\"twitter:title\" content=\"Maler H\u00f6hn: Ein #Familienbetrieb wird 100-j\u00e4hrig\" \/>\n<meta name=\"twitter:description\" content=\"#Familienunternehmen, die mehrere Generationen \u00fcberdauern: Ein solches ist Maler #H\u00f6hn in Birmensdorf. Das Unternehmen feiert 2021 sein 100-j\u00e4hriges Bestehen.\" \/>\n<meta name=\"twitter:image\" content=\"https:\/\/www.organisator.ch\/wp-content\/uploads\/2021\/03\/Maler-Hoehn-Ein-Familienbetrieb-wird-100-jaehrig_Organisator.jpg\" \/>\n<script type=\"application\/ld+json\" class=\"yoast-schema-graph\">{\"@context\":\"https:\\\/\\\/schema.org\",\"@graph\":[{\"@type\":\"Article\",\"@id\":\"https:\\\/\\\/www.organisator.ch\\\/management\\\/2021-03-10\\\/maler-hoehn-ein-familienbetrieb-wird-100-jaehrig\\\/#article\",\"isPartOf\":{\"@id\":\"https:\\\/\\\/www.organisator.ch\\\/management\\\/2021-03-10\\\/maler-hoehn-ein-familienbetrieb-wird-100-jaehrig\\\/\"},\"author\":{\"name\":\"thomas.berner\",\"@id\":\"https:\\\/\\\/www.organisator.ch\\\/#\\\/schema\\\/person\\\/6f650f90b2842cd4c0cc334b4e36f67e\"},\"headline\":\"Maler H\u00f6hn: Ein Familienbetrieb wird 100-j\u00e4hrig\",\"datePublished\":\"2021-03-10T10:30:26+00:00\",\"mainEntityOfPage\":{\"@id\":\"https:\\\/\\\/www.organisator.ch\\\/management\\\/2021-03-10\\\/maler-hoehn-ein-familienbetrieb-wird-100-jaehrig\\\/\"},\"wordCount\":366,\"publisher\":{\"@id\":\"https:\\\/\\\/www.organisator.ch\\\/#organization\"},\"image\":{\"@id\":\"https:\\\/\\\/www.organisator.ch\\\/management\\\/2021-03-10\\\/maler-hoehn-ein-familienbetrieb-wird-100-jaehrig\\\/#primaryimage\"},\"thumbnailUrl\":\"https:\\\/\\\/www.organisator.ch\\\/wp-content\\\/uploads\\\/2021\\\/03\\\/Maler-Hoehn-Ein-Familienbetrieb-wird-100-jaehrig_Organisator.jpg\",\"keywords\":[\"Firmenjubil\u00e4um\",\"Firmennachfolge\",\"Management und Unternehmensf\u00fchrung\",\"Unternehmen\"],\"articleSection\":[\"MANAGEMENT\"],\"inLanguage\":\"en-US\"},{\"@type\":\"WebPage\",\"@id\":\"https:\\\/\\\/www.organisator.ch\\\/management\\\/2021-03-10\\\/maler-hoehn-ein-familienbetrieb-wird-100-jaehrig\\\/\",\"url\":\"https:\\\/\\\/www.organisator.ch\\\/management\\\/2021-03-10\\\/maler-hoehn-ein-familienbetrieb-wird-100-jaehrig\\\/\",\"name\":\"Maler H\u00f6hn: Ein Familienbetrieb wird 100-j\u00e4hrig - Organisator\",\"isPartOf\":{\"@id\":\"https:\\\/\\\/www.organisator.ch\\\/#website\"},\"primaryImageOfPage\":{\"@id\":\"https:\\\/\\\/www.organisator.ch\\\/management\\\/2021-03-10\\\/maler-hoehn-ein-familienbetrieb-wird-100-jaehrig\\\/#primaryimage\"},\"image\":{\"@id\":\"https:\\\/\\\/www.organisator.ch\\\/management\\\/2021-03-10\\\/maler-hoehn-ein-familienbetrieb-wird-100-jaehrig\\\/#primaryimage\"},\"thumbnailUrl\":\"https:\\\/\\\/www.organisator.ch\\\/wp-content\\\/uploads\\\/2021\\\/03\\\/Maler-Hoehn-Ein-Familienbetrieb-wird-100-jaehrig_Organisator.jpg\",\"datePublished\":\"2021-03-10T10:30:26+00:00\",\"description\":\"Familienunternehmen, die mehrere Generationen \u00fcberdauern: Ein solches ist Maler H\u00f6hn in Birmensdorf. Das Unternehmen feiert 2021 sein 100-j\u00e4hriges Bestehen.\",\"breadcrumb\":{\"@id\":\"https:\\\/\\\/www.organisator.ch\\\/management\\\/2021-03-10\\\/maler-hoehn-ein-familienbetrieb-wird-100-jaehrig\\\/#breadcrumb\"},\"inLanguage\":\"en-US\",\"potentialAction\":[{\"@type\":\"ReadAction\",\"target\":[\"https:\\\/\\\/www.organisator.ch\\\/management\\\/2021-03-10\\\/maler-hoehn-ein-familienbetrieb-wird-100-jaehrig\\\/\"]}]},{\"@type\":\"ImageObject\",\"inLanguage\":\"en-US\",\"@id\":\"https:\\\/\\\/www.organisator.ch\\\/management\\\/2021-03-10\\\/maler-hoehn-ein-familienbetrieb-wird-100-jaehrig\\\/#primaryimage\",\"url\":\"https:\\\/\\\/www.organisator.ch\\\/wp-content\\\/uploads\\\/2021\\\/03\\\/Maler-Hoehn-Ein-Familienbetrieb-wird-100-jaehrig_Organisator.jpg\",\"contentUrl\":\"https:\\\/\\\/www.organisator.ch\\\/wp-content\\\/uploads\\\/2021\\\/03\\\/Maler-Hoehn-Ein-Familienbetrieb-wird-100-jaehrig_Organisator.jpg\",\"width\":680,\"height\":427,\"caption\":\"Maler H\u00f6hn wird 100-j\u00e4hrig: Das ganze Team der H\u00f6hn AG unter der Leitung von Monika H\u00f6hn, Marcellino Meggiolaro und Darko Bosiokovic freuen sich \u00fcber das Jubil\u00e4um. (Bild: zVg)\"},{\"@type\":\"BreadcrumbList\",\"@id\":\"https:\\\/\\\/www.organisator.ch\\\/management\\\/2021-03-10\\\/maler-hoehn-ein-familienbetrieb-wird-100-jaehrig\\\/#breadcrumb\",\"itemListElement\":[{\"@type\":\"ListItem\",\"position\":1,\"name\":\"Home\",\"item\":\"https:\\\/\\\/www.organisator.ch\\\/\"},{\"@type\":\"ListItem\",\"position\":2,\"name\":\"Maler H\u00f6hn: Ein Familienbetrieb wird 100-j\u00e4hrig\"}]},{\"@type\":\"WebSite\",\"@id\":\"https:\\\/\\\/www.organisator.ch\\\/#website\",\"url\":\"https:\\\/\\\/www.organisator.ch\\\/\",\"name\":\"Organisator\",\"description\":\"Kompetent. Praxisnah. Der ORGANISATOR bereitet in 10 Ausgaben pro Jahr die wesentlichen Themen f\u00fcr F\u00fchrungskr\u00e4fte von KMU auf.\",\"publisher\":{\"@id\":\"https:\\\/\\\/www.organisator.ch\\\/#organization\"},\"potentialAction\":[{\"@type\":\"SearchAction\",\"target\":{\"@type\":\"EntryPoint\",\"urlTemplate\":\"https:\\\/\\\/www.organisator.ch\\\/?s={search_term_string}\"},\"query-input\":{\"@type\":\"PropertyValueSpecification\",\"valueRequired\":true,\"valueName\":\"search_term_string\"}}],\"inLanguage\":\"en-US\"},{\"@type\":\"Organization\",\"@id\":\"https:\\\/\\\/www.organisator.ch\\\/#organization\",\"name\":\"Organisator\",\"url\":\"https:\\\/\\\/www.organisator.ch\\\/\",\"logo\":{\"@type\":\"ImageObject\",\"inLanguage\":\"en-US\",\"@id\":\"https:\\\/\\\/www.organisator.ch\\\/#\\\/schema\\\/logo\\\/image\\\/\",\"url\":\"https:\\\/\\\/www.organisator.ch\\\/wp-content\\\/uploads\\\/2022\\\/01\\\/Logo_Organisator_Website.png\",\"contentUrl\":\"https:\\\/\\\/www.organisator.ch\\\/wp-content\\\/uploads\\\/2022\\\/01\\\/Logo_Organisator_Website.png\",\"width\":800,\"height\":77,\"caption\":\"Organisator\"},\"image\":{\"@id\":\"https:\\\/\\\/www.organisator.ch\\\/#\\\/schema\\\/logo\\\/image\\\/\"},\"sameAs\":[\"https:\\\/\\\/www.facebook.com\\\/OrganisatorFachmagazin\",\"https:\\\/\\\/www.linkedin.com\\\/showcase\\\/organisator-das-magazin-fr-kmu\",\"https:\\\/\\\/www.xing.com\\\/news\\\/pages\\\/organisator-ch-695\",\"https:\\\/\\\/www.youtube.com\\\/channel\\\/UCGP2Sq0iWaZwT3BdIAQFYpw\"]},{\"@type\":\"Person\",\"@id\":\"https:\\\/\\\/www.organisator.ch\\\/#\\\/schema\\\/person\\\/6f650f90b2842cd4c0cc334b4e36f67e\",\"name\":\"thomas.berner\",\"image\":{\"@type\":\"ImageObject\",\"inLanguage\":\"en-US\",\"@id\":\"https:\\\/\\\/secure.gravatar.com\\\/avatar\\\/ac5001d2a36cb6c6cd3e50789007ffca834b477b74a2144564522e944eabff61?s=96&d=mm&r=g\",\"url\":\"https:\\\/\\\/secure.gravatar.com\\\/avatar\\\/ac5001d2a36cb6c6cd3e50789007ffca834b477b74a2144564522e944eabff61?s=96&d=mm&r=g\",\"contentUrl\":\"https:\\\/\\\/secure.gravatar.com\\\/avatar\\\/ac5001d2a36cb6c6cd3e50789007ffca834b477b74a2144564522e944eabff61?s=96&d=mm&r=g\",\"caption\":\"thomas.berner\"},\"url\":\"https:\\\/\\\/www.organisator.ch\\\/en\\\/author\\\/thomas-berner\\\/\"}]}<\/script>\n<!-- \/ Yoast SEO plugin. -->","yoast_head_json":{"title":"Painter H\u00f6hn: A family business becomes 100 years - Organizer","description":"Family businesses that last several generations: Maler H\u00f6hn in Birmensdorf is one such company. The company celebrates its 100th anniversary in 2021.","robots":{"index":"index","follow":"follow","max-snippet":"max-snippet:-1","max-image-preview":"max-image-preview:large","max-video-preview":"max-video-preview:-1"},"canonical":"https:\/\/www.organisator.ch\/en\/management\/2021-03-10\/painter-hoehn-a-family-business-becomes-100-years-old\/","og_locale":"en_US","og_type":"article","og_title":"Maler H\u00f6hn: Ein Familienbetrieb wird 100-j\u00e4hrig","og_description":"Familienunternehmen, die mehrere Generationen \u00fcberdauern: Ein solches ist Maler H\u00f6hn in Birmensdorf. Das Unternehmen feiert 2021 sein 100-j\u00e4hriges Bestehen.","og_url":"https:\/\/www.organisator.ch\/en\/management\/2021-03-10\/painter-hoehn-a-family-business-becomes-100-years-old\/","og_site_name":"Organisator","article_publisher":"https:\/\/www.facebook.com\/OrganisatorFachmagazin","article_published_time":"2021-03-10T10:30:26+00:00","og_image":[{"width":680,"height":427,"url":"https:\/\/www.organisator.ch\/wp-content\/uploads\/2021\/03\/Maler-Hoehn-Ein-Familienbetrieb-wird-100-jaehrig_Organisator.jpg","type":"image\/jpeg"}],"author":"thomas.berner","twitter_card":"summary_large_image","twitter_title":"Maler H\u00f6hn: Ein #Familienbetrieb wird 100-j\u00e4hrig","twitter_description":"#Familienunternehmen, die mehrere Generationen \u00fcberdauern: Ein solches ist Maler #H\u00f6hn in Birmensdorf. Das Unternehmen feiert 2021 sein 100-j\u00e4hriges Bestehen.","twitter_image":"https:\/\/www.organisator.ch\/wp-content\/uploads\/2021\/03\/Maler-Hoehn-Ein-Familienbetrieb-wird-100-jaehrig_Organisator.jpg","schema":{"@context":"https:\/\/schema.org","@graph":[{"@type":"Article","@id":"https:\/\/www.organisator.ch\/management\/2021-03-10\/maler-hoehn-ein-familienbetrieb-wird-100-jaehrig\/#article","isPartOf":{"@id":"https:\/\/www.organisator.ch\/management\/2021-03-10\/maler-hoehn-ein-familienbetrieb-wird-100-jaehrig\/"},"author":{"name":"thomas.berner","@id":"https:\/\/www.organisator.ch\/#\/schema\/person\/6f650f90b2842cd4c0cc334b4e36f67e"},"headline":"Maler H\u00f6hn: Ein Familienbetrieb wird 100-j\u00e4hrig","datePublished":"2021-03-10T10:30:26+00:00","mainEntityOfPage":{"@id":"https:\/\/www.organisator.ch\/management\/2021-03-10\/maler-hoehn-ein-familienbetrieb-wird-100-jaehrig\/"},"wordCount":366,"publisher":{"@id":"https:\/\/www.organisator.ch\/#organization"},"image":{"@id":"https:\/\/www.organisator.ch\/management\/2021-03-10\/maler-hoehn-ein-familienbetrieb-wird-100-jaehrig\/#primaryimage"},"thumbnailUrl":"https:\/\/www.organisator.ch\/wp-content\/uploads\/2021\/03\/Maler-Hoehn-Ein-Familienbetrieb-wird-100-jaehrig_Organisator.jpg","keywords":["Firmenjubil\u00e4um","Firmennachfolge","Management und Unternehmensf\u00fchrung","Unternehmen"],"articleSection":["MANAGEMENT"],"inLanguage":"en-US"},{"@type":"WebPage","@id":"https:\/\/www.organisator.ch\/management\/2021-03-10\/maler-hoehn-ein-familienbetrieb-wird-100-jaehrig\/","url":"https:\/\/www.organisator.ch\/management\/2021-03-10\/maler-hoehn-ein-familienbetrieb-wird-100-jaehrig\/","name":"Painter H\u00f6hn: A family business becomes 100 years - Organizer","isPartOf":{"@id":"https:\/\/www.organisator.ch\/#website"},"primaryImageOfPage":{"@id":"https:\/\/www.organisator.ch\/management\/2021-03-10\/maler-hoehn-ein-familienbetrieb-wird-100-jaehrig\/#primaryimage"},"image":{"@id":"https:\/\/www.organisator.ch\/management\/2021-03-10\/maler-hoehn-ein-familienbetrieb-wird-100-jaehrig\/#primaryimage"},"thumbnailUrl":"https:\/\/www.organisator.ch\/wp-content\/uploads\/2021\/03\/Maler-Hoehn-Ein-Familienbetrieb-wird-100-jaehrig_Organisator.jpg","datePublished":"2021-03-10T10:30:26+00:00","description":"Family businesses that last several generations: Maler H\u00f6hn in Birmensdorf is one such company. The company celebrates its 100th anniversary in 2021.","breadcrumb":{"@id":"https:\/\/www.organisator.ch\/management\/2021-03-10\/maler-hoehn-ein-familienbetrieb-wird-100-jaehrig\/#breadcrumb"},"inLanguage":"en-US","potentialAction":[{"@type":"ReadAction","target":["https:\/\/www.organisator.ch\/management\/2021-03-10\/maler-hoehn-ein-familienbetrieb-wird-100-jaehrig\/"]}]},{"@type":"ImageObject","inLanguage":"en-US","@id":"https:\/\/www.organisator.ch\/management\/2021-03-10\/maler-hoehn-ein-familienbetrieb-wird-100-jaehrig\/#primaryimage","url":"https:\/\/www.organisator.ch\/wp-content\/uploads\/2021\/03\/Maler-Hoehn-Ein-Familienbetrieb-wird-100-jaehrig_Organisator.jpg","contentUrl":"https:\/\/www.organisator.ch\/wp-content\/uploads\/2021\/03\/Maler-Hoehn-Ein-Familienbetrieb-wird-100-jaehrig_Organisator.jpg","width":680,"height":427,"caption":"Maler H\u00f6hn wird 100-j\u00e4hrig: Das ganze Team der H\u00f6hn AG unter der Leitung von Monika H\u00f6hn, Marcellino Meggiolaro und Darko Bosiokovic freuen sich \u00fcber das Jubil\u00e4um. (Bild: zVg)"},{"@type":"BreadcrumbList","@id":"https:\/\/www.organisator.ch\/management\/2021-03-10\/maler-hoehn-ein-familienbetrieb-wird-100-jaehrig\/#breadcrumb","itemListElement":[{"@type":"ListItem","position":1,"name":"Home","item":"https:\/\/www.organisator.ch\/"},{"@type":"ListItem","position":2,"name":"Maler H\u00f6hn: Ein Familienbetrieb wird 100-j\u00e4hrig"}]},{"@type":"WebSite","@id":"https:\/\/www.organisator.ch\/#website","url":"https:\/\/www.organisator.ch\/","name":"Organizer","description":"Competent. Practical. In 10 issues per year, ORGANISATOR presents the essential topics for managers of SMEs.","publisher":{"@id":"https:\/\/www.organisator.ch\/#organization"},"potentialAction":[{"@type":"SearchAction","target":{"@type":"EntryPoint","urlTemplate":"https:\/\/www.organisator.ch\/?s={search_term_string}"},"query-input":{"@type":"PropertyValueSpecification","valueRequired":true,"valueName":"search_term_string"}}],"inLanguage":"en-US"},{"@type":"Organization","@id":"https:\/\/www.organisator.ch\/#organization","name":"Organizer","url":"https:\/\/www.organisator.ch\/","logo":{"@type":"ImageObject","inLanguage":"en-US","@id":"https:\/\/www.organisator.ch\/#\/schema\/logo\/image\/","url":"https:\/\/www.organisator.ch\/wp-content\/uploads\/2022\/01\/Logo_Organisator_Website.png","contentUrl":"https:\/\/www.organisator.ch\/wp-content\/uploads\/2022\/01\/Logo_Organisator_Website.png","width":800,"height":77,"caption":"Organisator"},"image":{"@id":"https:\/\/www.organisator.ch\/#\/schema\/logo\/image\/"},"sameAs":["https:\/\/www.facebook.com\/OrganisatorFachmagazin","https:\/\/www.linkedin.com\/showcase\/organisator-das-magazin-fr-kmu","https:\/\/www.xing.com\/news\/pages\/organisator-ch-695","https:\/\/www.youtube.com\/channel\/UCGP2Sq0iWaZwT3BdIAQFYpw"]},{"@type":"Person","@id":"https:\/\/www.organisator.ch\/#\/schema\/person\/6f650f90b2842cd4c0cc334b4e36f67e","name":"thomas.berner","image":{"@type":"ImageObject","inLanguage":"en-US","@id":"https:\/\/secure.gravatar.com\/avatar\/ac5001d2a36cb6c6cd3e50789007ffca834b477b74a2144564522e944eabff61?s=96&d=mm&r=g","url":"https:\/\/secure.gravatar.com\/avatar\/ac5001d2a36cb6c6cd3e50789007ffca834b477b74a2144564522e944eabff61?s=96&d=mm&r=g","contentUrl":"https:\/\/secure.gravatar.com\/avatar\/ac5001d2a36cb6c6cd3e50789007ffca834b477b74a2144564522e944eabff61?s=96&d=mm&r=g","caption":"thomas.berner"},"url":"https:\/\/www.organisator.ch\/en\/author\/thomas-berner\/"}]}},"_links":{"self":[{"href":"https:\/\/www.organisator.ch\/en\/wp-json\/wp\/v2\/posts\/7784","targetHints":{"allow":["GET"]}}],"collection":[{"href":"https:\/\/www.organisator.ch\/en\/wp-json\/wp\/v2\/posts"}],"about":[{"href":"https:\/\/www.organisator.ch\/en\/wp-json\/wp\/v2\/types\/post"}],"author":[{"embeddable":true,"href":"https:\/\/www.organisator.ch\/en\/wp-json\/wp\/v2\/users\/4"}],"replies":[{"embeddable":true,"href":"https:\/\/www.organisator.ch\/en\/wp-json\/wp\/v2\/comments?post=7784"}],"version-history":[{"count":0,"href":"https:\/\/www.organisator.ch\/en\/wp-json\/wp\/v2\/posts\/7784\/revisions"}],"wp:featuredmedia":[{"embeddable":true,"href":"https:\/\/www.organisator.ch\/en\/wp-json\/wp\/v2\/media\/7785"}],"wp:attachment":[{"href":"https:\/\/www.organisator.ch\/en\/wp-json\/wp\/v2\/media?parent=7784"}],"wp:term":[{"taxonomy":"category","embeddable":true,"href":"https:\/\/www.organisator.ch\/en\/wp-json\/wp\/v2\/categories?post=7784"},{"taxonomy":"post_tag","embeddable":true,"href":"https:\/\/www.organisator.ch\/en\/wp-json\/wp\/v2\/tags?post=7784"}],"curies":[{"name":"wp","href":"https:\/\/api.w.org\/{rel}","templated":true}]}}