{"id":7800,"date":"2021-03-16T08:27:26","date_gmt":"2021-03-16T07:27:26","guid":{"rendered":"https:\/\/www.organisator.ch\/?p=7800"},"modified":"2021-03-16T08:27:26","modified_gmt":"2021-03-16T07:27:26","slug":"smart-working-in-der-schweiz-neun-erkenntnisse-nach-einem-jahr-pandemie","status":"publish","type":"post","link":"https:\/\/www.organisator.ch\/en\/human-resources\/hrm\/2021-03-16\/smart-working-in-der-schweiz-neun-erkenntnisse-nach-einem-jahr-pandemie\/","title":{"rendered":"Smart working in Switzerland: Nine insights after one year of the pandemic"},"content":{"rendered":"<figure id=\"attachment_7801\" aria-describedby=\"caption-attachment-7801\" style=\"width: 680px\" class=\"wp-caption alignnone\"><img loading=\"lazy\" decoding=\"async\" class=\"size-medium wp-image-7801\" src=\"https:\/\/www.organisator.ch\/wp-content\/uploads\/2021\/03\/Smart-Working-in-der-Schweiz-Neun-Erkenntnisse-nach-einem-Jahr-Pandemie_Organisator.jpg\" alt=\"\" width=\"680\" height=\"454\" srcset=\"https:\/\/www.organisator.ch\/wp-content\/uploads\/2021\/03\/Smart-Working-in-der-Schweiz-Neun-Erkenntnisse-nach-einem-Jahr-Pandemie_Organisator.jpg 680w, https:\/\/www.organisator.ch\/wp-content\/uploads\/2021\/03\/Smart-Working-in-der-Schweiz-Neun-Erkenntnisse-nach-einem-Jahr-Pandemie_Organisator-16x12.jpg 16w, https:\/\/www.organisator.ch\/wp-content\/uploads\/2021\/03\/Smart-Working-in-der-Schweiz-Neun-Erkenntnisse-nach-einem-Jahr-Pandemie_Organisator-262x175.jpg 262w, https:\/\/www.organisator.ch\/wp-content\/uploads\/2021\/03\/Smart-Working-in-der-Schweiz-Neun-Erkenntnisse-nach-einem-Jahr-Pandemie_Organisator-524x350.jpg 524w, https:\/\/www.organisator.ch\/wp-content\/uploads\/2021\/03\/Smart-Working-in-der-Schweiz-Neun-Erkenntnisse-nach-einem-Jahr-Pandemie_Organisator-300x200.jpg 300w\" sizes=\"auto, (max-width: 680px) 100vw, 680px\" \/><figcaption id=\"caption-attachment-7801\" class=\"wp-caption-text\">After a year of pandemic, everything is talking about smart working: But home offices alone will not make people work \"smarter\" in the future. (Image: Unsplash.com)<\/figcaption><\/figure>\n<p>The outplacement service provider von Rundstedt conducted a large study on the topic of Smart Working in Switzerland between December 2020 and February 2021 under the direction of Prof. Dr. Andrea Martone (Director Research &amp; Studies at von Rundstedt). A large survey was also launched in the process.<\/p>\n<h2>Pandemic as a Driver for Modern Forms of Work?<\/h2>\n<p>The study and survey aim to examine the experiences and effects of home office work on work culture and company structures and processes one year after the first lockdown with compulsory home office was declared for many employees. Is the forced home office move in Switzerland finally leading to the new work culture long predicted by Work 4.0 and Future Work? Are we on the way to Smart Working, or are we simply teleworking from home? Are Swiss companies taking advantage of this opportunity to shift in principle and permanently to a work culture with greater flexibility and autonomy in the choice of work space, time and means? Will the pandemic shock ultimately lead to a cultural change in Swiss companies? What are the first experiences with Smart Working? Does Smart Working really lead to more productivity, efficiency, quality and better results? Are Swiss companies aware that this requires more than home offices and teleworking?<\/p>\n<h2>Smart Working: 9 Insights<\/h2>\n<p>534 HR managers and executives from companies in various industries, language regions and company sizes took part in the survey. Nine findings can be derived from the responses:<\/p>\n<ol>\n<li><strong>Mainly telecommuting, but hardly any smart working:<\/strong> The vast majority of the companies surveyed have not introduced smart working, but teleworking. They are still working within the same structures, processes and methods and have merely moved the same work processes that previously took place in the office to a remote location (the home office). In the eyes of the study authors, this means that many companies are missing out on a major opportunity.<\/li>\n<li><strong>Covid as an involuntary accelerator of Smart Working:<\/strong> For 77.4% of the companies, Covid was the main reason for home office practice and smart working. Most companies would not have voluntarily switched to remote working until today. Smart Working is therefore currently not a choice, but pure necessity. This also explains why modern forms of work are not yet really anchored in the company and culture.<\/li>\n<li><strong>Too much remote working:<\/strong> Experts see the optimal and healthy remote time at 2 days per week. Based on Covid, over 60% of all companies in Switzerland have exceeded this mark. 46% of the companies even sent their employees 60-100% to the home office, and this last year, before the home office obligation. This is not a healthy level and is alarming, according to the study. Possible consequences are demotivation, coordination problems, declining relationship quality and endangered work-life balance.<\/li>\n<li><strong>Positive impact on efficiency and quality:<\/strong> It is often feared that the more difficult leadership and coordination and opportunistic behavior of employees will have a negative impact on productivity and efficiency. The study finds that the opposite is the case: over 75% see no drop in efficiency. Some 37% even see a clear increase in productivity. A similar picture can be seen with quality. Some 80% see no drop in quality, and 22% even believe they are seeing an increase in quality.<\/li>\n<li><strong>Negative impact on team and employee motivation: <\/strong>Not surprisingly, team and employee motivation seem to suffer under Smart Working. While the quality of collaboration remains unchanged. However, around one-third of companies report a decrease in collaboration and teamwork. 69% of companies see a deterioration in social relationships among employees. And almost half of all companies observe that employee identification with the company has deteriorated. Against this background, companies would do well to launch targeted measures to engage and retain key personnel.<\/li>\n<li><strong>Younger with higher readiness; older with more skills: <\/strong>It is not surprising that younger employees are quicker and more willing to switch to smart working and accept more flexibility and autonomy. They are also more accustomed to virtual communication than older employees. However, if we look at the ability for Smart Working, it would actually be the older employees who, with their experience in working life and in organizations, have the better prerequisites than the younger ones. Smart Working requires a good understanding of the organizational context. This should not be underestimated when introducing Smart Working to younger employees. Readiness and ability diverge here.<\/li>\n<li><strong>Smart working will remain in the future:<\/strong> Although smart working and remote working were introduced more or less involuntarily by Covid in most companies, only 6% of the companies believe that this new form of working will disappear again. The overwhelming majority of 69% believe that Smart Working will continue to exist as a work model and culture in the long term, but that it will decline slightly in its intensity and characteristics, i.e. settle into a healthy middle ground. A further 15% even believe that this changed form of working will continue to increase, spread and intensify.<\/li>\n<li><strong>Too little support for employees:<\/strong> This change in work culture and collaboration model is not easy for many employees. However, in most companies, employer support is primarily limited to the provision of technological resources and infrastructure (laptop, printer, licenses). Most employers are very reluctant to provide further financial support (e.g. office infrastructure and working environment in the home office). Too little is also done in terms of personal and individual support (training 40%, coaching 19%). Only when it comes to making working hours more flexible do a majority of employers (76%) lend a hand.<\/li>\n<li><strong>Opinions in management differ widely: <\/strong>There is definitely disagreement in management about whether Smart Working is successful, desirable, sustainable and meaningful. Various parameters point to dissent. For example, half of the managers think that Smart Working will lead to more confusion and lack of clarity in the work environment, while the other half do not see it that way. Probably the same half of the managers see Smart Working as leading to a loss of control over employees, while the other half do not see it that way. The study also locates an exciting finding in the self-doubt of managers: over half of managers believe that executives and managers have more trouble with the transition to Smart Working than employees. These figures indicate that a large proportion of managers feel they are in a dilemma.<\/li>\n<\/ol>\n<h2>Strategies for the future<\/h2>\n<p>The findings of the study have been compiled by von Rundstedt in a white paper. It also outlines strategies for the future. There is no doubt that the world of work will be different after the pandemic than it was before. That's why changes are needed at various levels: In leadership, in the measurement of productivity indicators, in corporate structures, in training, and in labor mobility. For example, leadership will have to shift more to the relationship level and focus less on processes. KPIs will be replaced by OKR (Objectives on Key Results) as measurement criteria. Corporate structures will have to become more flexible and be based on teams instead of hierarchies. This means more autonomy for employees, who will have to be trained differently. Personnel development will become more important and is likely to lead to increased demand for corresponding services.<\/p>\n<p><em>Source: <a href=\"http:\/\/www.rundstedt.ch\">von Rundstedt<\/a><\/em><\/p>","protected":false},"excerpt":{"rendered":"<p>Der Outplacement-Dienstleister von Rundstedt hat zwischen Dezember 2020 und Februar 2021 unter der Leitung von Prof. Dr. Andrea Martone (Director Research &amp; Studies bei von Rundstedt) eine grosse Studie zum Thema Smart Working in der Schweiz durchgef\u00fchrt. Dabei wurde auch eine grosse Umfrage lanciert. Pandemie als Treiber f\u00fcr moderne Arbeitsformen? Studie und Umfrage verfolgen das [&hellip;]<\/p>\n","protected":false},"author":4,"featured_media":7801,"comment_status":"closed","ping_status":"closed","sticky":false,"template":"","format":"standard","meta":{"_acf_changed":false,"_yoast_wpseo_focuskw":"Smart Working","_yoast_wpseo_metadesc":"Viele Unternehmen m\u00fcssen wegen der Pandemie ihre Mitarbeitenden von zu Hause aus besch\u00e4ftigen. Ist das der Durchbruch f\u00fcr Smart Working?","articlekey":"","footnotes":""},"categories":[26],"tags":[51,254,335,459,537],"class_list":["post-7800","post","type-post","status-publish","format-standard","has-post-thumbnail","hentry","category-hrm","tag-arbeitsplatzgestaltung","tag-hrm","tag-management-und-unternehmensfuehrung","tag-studie","tag-work-smart"],"acf":[],"yoast_head":"<!-- This site is optimized with the Yoast SEO plugin v27.4 - https:\/\/yoast.com\/product\/yoast-seo-wordpress\/ -->\n<title>Smart Working in der Schweiz: Neun Erkenntnisse nach einem Jahr Pandemie - Organisator<\/title>\n<meta name=\"description\" content=\"Viele Unternehmen m\u00fcssen wegen der Pandemie ihre Mitarbeitenden von zu Hause aus besch\u00e4ftigen. Ist das der Durchbruch f\u00fcr Smart Working?\" \/>\n<meta name=\"robots\" content=\"index, follow, max-snippet:-1, max-image-preview:large, max-video-preview:-1\" \/>\n<link rel=\"canonical\" href=\"https:\/\/www.organisator.ch\/en\/human-resources\/hrm\/2021-03-16\/smart-working-in-der-schweiz-neun-erkenntnisse-nach-einem-jahr-pandemie\/\" \/>\n<meta property=\"og:locale\" content=\"en_US\" \/>\n<meta property=\"og:type\" content=\"article\" \/>\n<meta property=\"og:title\" content=\"Smart Working in der Schweiz: Neun Erkenntnisse nach einem Jahr Pandemie\" \/>\n<meta property=\"og:description\" content=\"Viele Unternehmen m\u00fcssen wegen der Pandemie ihre Mitarbeitenden von zu Hause aus besch\u00e4ftigen. Ist das der Durchbruch f\u00fcr Smart Working?\" \/>\n<meta property=\"og:url\" content=\"https:\/\/www.organisator.ch\/en\/human-resources\/hrm\/2021-03-16\/smart-working-in-der-schweiz-neun-erkenntnisse-nach-einem-jahr-pandemie\/\" \/>\n<meta property=\"og:site_name\" content=\"Organisator\" \/>\n<meta property=\"article:publisher\" content=\"https:\/\/www.facebook.com\/OrganisatorFachmagazin\" \/>\n<meta property=\"article:published_time\" content=\"2021-03-16T07:27:26+00:00\" \/>\n<meta property=\"og:image\" content=\"https:\/\/www.organisator.ch\/wp-content\/uploads\/2021\/03\/Smart-Working-in-der-Schweiz-Neun-Erkenntnisse-nach-einem-Jahr-Pandemie_Organisator.jpg\" \/>\n\t<meta property=\"og:image:width\" content=\"680\" \/>\n\t<meta property=\"og:image:height\" content=\"454\" \/>\n\t<meta property=\"og:image:type\" content=\"image\/jpeg\" \/>\n<meta name=\"author\" content=\"thomas.berner\" \/>\n<meta name=\"twitter:card\" content=\"summary_large_image\" \/>\n<meta name=\"twitter:title\" content=\"Smart #Working in der Schweiz: Neun Erkenntnisse nach einem Jahr #Pandemie\" \/>\n<meta name=\"twitter:description\" content=\"Viele Unternehmen m\u00fcssen wegen der Pandemie ihre Mitarbeitenden von zu Hause aus besch\u00e4ftigen. Ist das der Durchbruch f\u00fcr #SmartWorking?\" \/>\n<meta name=\"twitter:image\" content=\"https:\/\/www.organisator.ch\/wp-content\/uploads\/2021\/03\/Smart-Working-in-der-Schweiz-Neun-Erkenntnisse-nach-einem-Jahr-Pandemie_Organisator.jpg\" \/>\n<script type=\"application\/ld+json\" class=\"yoast-schema-graph\">{\"@context\":\"https:\\\/\\\/schema.org\",\"@graph\":[{\"@type\":\"Article\",\"@id\":\"https:\\\/\\\/www.organisator.ch\\\/human-resources\\\/hrm\\\/2021-03-16\\\/smart-working-in-der-schweiz-neun-erkenntnisse-nach-einem-jahr-pandemie\\\/#article\",\"isPartOf\":{\"@id\":\"https:\\\/\\\/www.organisator.ch\\\/human-resources\\\/hrm\\\/2021-03-16\\\/smart-working-in-der-schweiz-neun-erkenntnisse-nach-einem-jahr-pandemie\\\/\"},\"author\":{\"name\":\"thomas.berner\",\"@id\":\"https:\\\/\\\/www.organisator.ch\\\/#\\\/schema\\\/person\\\/6f650f90b2842cd4c0cc334b4e36f67e\"},\"headline\":\"Smart Working in der Schweiz: Neun Erkenntnisse nach einem Jahr Pandemie\",\"datePublished\":\"2021-03-16T07:27:26+00:00\",\"mainEntityOfPage\":{\"@id\":\"https:\\\/\\\/www.organisator.ch\\\/human-resources\\\/hrm\\\/2021-03-16\\\/smart-working-in-der-schweiz-neun-erkenntnisse-nach-einem-jahr-pandemie\\\/\"},\"wordCount\":1232,\"publisher\":{\"@id\":\"https:\\\/\\\/www.organisator.ch\\\/#organization\"},\"image\":{\"@id\":\"https:\\\/\\\/www.organisator.ch\\\/human-resources\\\/hrm\\\/2021-03-16\\\/smart-working-in-der-schweiz-neun-erkenntnisse-nach-einem-jahr-pandemie\\\/#primaryimage\"},\"thumbnailUrl\":\"https:\\\/\\\/www.organisator.ch\\\/wp-content\\\/uploads\\\/2021\\\/03\\\/Smart-Working-in-der-Schweiz-Neun-Erkenntnisse-nach-einem-Jahr-Pandemie_Organisator.jpg\",\"keywords\":[\"Arbeitsplatzgestaltung\",\"HRM\",\"Management und Unternehmensf\u00fchrung\",\"Studie\",\"Work Smart\"],\"articleSection\":[\"HRM\"],\"inLanguage\":\"en-US\"},{\"@type\":\"WebPage\",\"@id\":\"https:\\\/\\\/www.organisator.ch\\\/human-resources\\\/hrm\\\/2021-03-16\\\/smart-working-in-der-schweiz-neun-erkenntnisse-nach-einem-jahr-pandemie\\\/\",\"url\":\"https:\\\/\\\/www.organisator.ch\\\/human-resources\\\/hrm\\\/2021-03-16\\\/smart-working-in-der-schweiz-neun-erkenntnisse-nach-einem-jahr-pandemie\\\/\",\"name\":\"Smart Working in der Schweiz: Neun Erkenntnisse nach einem Jahr Pandemie - Organisator\",\"isPartOf\":{\"@id\":\"https:\\\/\\\/www.organisator.ch\\\/#website\"},\"primaryImageOfPage\":{\"@id\":\"https:\\\/\\\/www.organisator.ch\\\/human-resources\\\/hrm\\\/2021-03-16\\\/smart-working-in-der-schweiz-neun-erkenntnisse-nach-einem-jahr-pandemie\\\/#primaryimage\"},\"image\":{\"@id\":\"https:\\\/\\\/www.organisator.ch\\\/human-resources\\\/hrm\\\/2021-03-16\\\/smart-working-in-der-schweiz-neun-erkenntnisse-nach-einem-jahr-pandemie\\\/#primaryimage\"},\"thumbnailUrl\":\"https:\\\/\\\/www.organisator.ch\\\/wp-content\\\/uploads\\\/2021\\\/03\\\/Smart-Working-in-der-Schweiz-Neun-Erkenntnisse-nach-einem-Jahr-Pandemie_Organisator.jpg\",\"datePublished\":\"2021-03-16T07:27:26+00:00\",\"description\":\"Viele Unternehmen m\u00fcssen wegen der Pandemie ihre Mitarbeitenden von zu Hause aus besch\u00e4ftigen. Ist das der Durchbruch f\u00fcr Smart Working?\",\"breadcrumb\":{\"@id\":\"https:\\\/\\\/www.organisator.ch\\\/human-resources\\\/hrm\\\/2021-03-16\\\/smart-working-in-der-schweiz-neun-erkenntnisse-nach-einem-jahr-pandemie\\\/#breadcrumb\"},\"inLanguage\":\"en-US\",\"potentialAction\":[{\"@type\":\"ReadAction\",\"target\":[\"https:\\\/\\\/www.organisator.ch\\\/human-resources\\\/hrm\\\/2021-03-16\\\/smart-working-in-der-schweiz-neun-erkenntnisse-nach-einem-jahr-pandemie\\\/\"]}]},{\"@type\":\"ImageObject\",\"inLanguage\":\"en-US\",\"@id\":\"https:\\\/\\\/www.organisator.ch\\\/human-resources\\\/hrm\\\/2021-03-16\\\/smart-working-in-der-schweiz-neun-erkenntnisse-nach-einem-jahr-pandemie\\\/#primaryimage\",\"url\":\"https:\\\/\\\/www.organisator.ch\\\/wp-content\\\/uploads\\\/2021\\\/03\\\/Smart-Working-in-der-Schweiz-Neun-Erkenntnisse-nach-einem-Jahr-Pandemie_Organisator.jpg\",\"contentUrl\":\"https:\\\/\\\/www.organisator.ch\\\/wp-content\\\/uploads\\\/2021\\\/03\\\/Smart-Working-in-der-Schweiz-Neun-Erkenntnisse-nach-einem-Jahr-Pandemie_Organisator.jpg\",\"width\":680,\"height\":454,\"caption\":\"Nach einem Jahr Pandemie spricht alles von Smart Working: Doch mit Homeoffice allein wird man in Zukunft nicht \\\"smarter\\\" arbeiten. (Bild: Unsplash.com)\"},{\"@type\":\"BreadcrumbList\",\"@id\":\"https:\\\/\\\/www.organisator.ch\\\/human-resources\\\/hrm\\\/2021-03-16\\\/smart-working-in-der-schweiz-neun-erkenntnisse-nach-einem-jahr-pandemie\\\/#breadcrumb\",\"itemListElement\":[{\"@type\":\"ListItem\",\"position\":1,\"name\":\"Home\",\"item\":\"https:\\\/\\\/www.organisator.ch\\\/\"},{\"@type\":\"ListItem\",\"position\":2,\"name\":\"Smart Working in der Schweiz: Neun Erkenntnisse nach einem Jahr Pandemie\"}]},{\"@type\":\"WebSite\",\"@id\":\"https:\\\/\\\/www.organisator.ch\\\/#website\",\"url\":\"https:\\\/\\\/www.organisator.ch\\\/\",\"name\":\"Organisator\",\"description\":\"Kompetent. Praxisnah. Der ORGANISATOR bereitet in 10 Ausgaben pro Jahr die wesentlichen Themen f\u00fcr F\u00fchrungskr\u00e4fte von KMU auf.\",\"publisher\":{\"@id\":\"https:\\\/\\\/www.organisator.ch\\\/#organization\"},\"potentialAction\":[{\"@type\":\"SearchAction\",\"target\":{\"@type\":\"EntryPoint\",\"urlTemplate\":\"https:\\\/\\\/www.organisator.ch\\\/?s={search_term_string}\"},\"query-input\":{\"@type\":\"PropertyValueSpecification\",\"valueRequired\":true,\"valueName\":\"search_term_string\"}}],\"inLanguage\":\"en-US\"},{\"@type\":\"Organization\",\"@id\":\"https:\\\/\\\/www.organisator.ch\\\/#organization\",\"name\":\"Organisator\",\"url\":\"https:\\\/\\\/www.organisator.ch\\\/\",\"logo\":{\"@type\":\"ImageObject\",\"inLanguage\":\"en-US\",\"@id\":\"https:\\\/\\\/www.organisator.ch\\\/#\\\/schema\\\/logo\\\/image\\\/\",\"url\":\"https:\\\/\\\/www.organisator.ch\\\/wp-content\\\/uploads\\\/2022\\\/01\\\/Logo_Organisator_Website.png\",\"contentUrl\":\"https:\\\/\\\/www.organisator.ch\\\/wp-content\\\/uploads\\\/2022\\\/01\\\/Logo_Organisator_Website.png\",\"width\":800,\"height\":77,\"caption\":\"Organisator\"},\"image\":{\"@id\":\"https:\\\/\\\/www.organisator.ch\\\/#\\\/schema\\\/logo\\\/image\\\/\"},\"sameAs\":[\"https:\\\/\\\/www.facebook.com\\\/OrganisatorFachmagazin\",\"https:\\\/\\\/www.linkedin.com\\\/showcase\\\/organisator-das-magazin-fr-kmu\",\"https:\\\/\\\/www.xing.com\\\/news\\\/pages\\\/organisator-ch-695\",\"https:\\\/\\\/www.youtube.com\\\/channel\\\/UCGP2Sq0iWaZwT3BdIAQFYpw\"]},{\"@type\":\"Person\",\"@id\":\"https:\\\/\\\/www.organisator.ch\\\/#\\\/schema\\\/person\\\/6f650f90b2842cd4c0cc334b4e36f67e\",\"name\":\"thomas.berner\",\"image\":{\"@type\":\"ImageObject\",\"inLanguage\":\"en-US\",\"@id\":\"https:\\\/\\\/secure.gravatar.com\\\/avatar\\\/ac5001d2a36cb6c6cd3e50789007ffca834b477b74a2144564522e944eabff61?s=96&d=mm&r=g\",\"url\":\"https:\\\/\\\/secure.gravatar.com\\\/avatar\\\/ac5001d2a36cb6c6cd3e50789007ffca834b477b74a2144564522e944eabff61?s=96&d=mm&r=g\",\"contentUrl\":\"https:\\\/\\\/secure.gravatar.com\\\/avatar\\\/ac5001d2a36cb6c6cd3e50789007ffca834b477b74a2144564522e944eabff61?s=96&d=mm&r=g\",\"caption\":\"thomas.berner\"},\"url\":\"https:\\\/\\\/www.organisator.ch\\\/en\\\/author\\\/thomas-berner\\\/\"}]}<\/script>\n<!-- \/ Yoast SEO plugin. -->","yoast_head_json":{"title":"Smart Working in Switzerland: Nine insights after one year of the pandemic - Organizer","description":"Because of the pandemic, many companies have to employ their staff from home. Is this the breakthrough for smart working?","robots":{"index":"index","follow":"follow","max-snippet":"max-snippet:-1","max-image-preview":"max-image-preview:large","max-video-preview":"max-video-preview:-1"},"canonical":"https:\/\/www.organisator.ch\/en\/human-resources\/hrm\/2021-03-16\/smart-working-in-der-schweiz-neun-erkenntnisse-nach-einem-jahr-pandemie\/","og_locale":"en_US","og_type":"article","og_title":"Smart Working in der Schweiz: Neun Erkenntnisse nach einem Jahr Pandemie","og_description":"Viele Unternehmen m\u00fcssen wegen der Pandemie ihre Mitarbeitenden von zu Hause aus besch\u00e4ftigen. Ist das der Durchbruch f\u00fcr Smart Working?","og_url":"https:\/\/www.organisator.ch\/en\/human-resources\/hrm\/2021-03-16\/smart-working-in-der-schweiz-neun-erkenntnisse-nach-einem-jahr-pandemie\/","og_site_name":"Organisator","article_publisher":"https:\/\/www.facebook.com\/OrganisatorFachmagazin","article_published_time":"2021-03-16T07:27:26+00:00","og_image":[{"width":680,"height":454,"url":"https:\/\/www.organisator.ch\/wp-content\/uploads\/2021\/03\/Smart-Working-in-der-Schweiz-Neun-Erkenntnisse-nach-einem-Jahr-Pandemie_Organisator.jpg","type":"image\/jpeg"}],"author":"thomas.berner","twitter_card":"summary_large_image","twitter_title":"Smart #Working in der Schweiz: Neun Erkenntnisse nach einem Jahr #Pandemie","twitter_description":"Viele Unternehmen m\u00fcssen wegen der Pandemie ihre Mitarbeitenden von zu Hause aus besch\u00e4ftigen. Ist das der Durchbruch f\u00fcr #SmartWorking?","twitter_image":"https:\/\/www.organisator.ch\/wp-content\/uploads\/2021\/03\/Smart-Working-in-der-Schweiz-Neun-Erkenntnisse-nach-einem-Jahr-Pandemie_Organisator.jpg","schema":{"@context":"https:\/\/schema.org","@graph":[{"@type":"Article","@id":"https:\/\/www.organisator.ch\/human-resources\/hrm\/2021-03-16\/smart-working-in-der-schweiz-neun-erkenntnisse-nach-einem-jahr-pandemie\/#article","isPartOf":{"@id":"https:\/\/www.organisator.ch\/human-resources\/hrm\/2021-03-16\/smart-working-in-der-schweiz-neun-erkenntnisse-nach-einem-jahr-pandemie\/"},"author":{"name":"thomas.berner","@id":"https:\/\/www.organisator.ch\/#\/schema\/person\/6f650f90b2842cd4c0cc334b4e36f67e"},"headline":"Smart Working in der Schweiz: Neun Erkenntnisse nach einem Jahr Pandemie","datePublished":"2021-03-16T07:27:26+00:00","mainEntityOfPage":{"@id":"https:\/\/www.organisator.ch\/human-resources\/hrm\/2021-03-16\/smart-working-in-der-schweiz-neun-erkenntnisse-nach-einem-jahr-pandemie\/"},"wordCount":1232,"publisher":{"@id":"https:\/\/www.organisator.ch\/#organization"},"image":{"@id":"https:\/\/www.organisator.ch\/human-resources\/hrm\/2021-03-16\/smart-working-in-der-schweiz-neun-erkenntnisse-nach-einem-jahr-pandemie\/#primaryimage"},"thumbnailUrl":"https:\/\/www.organisator.ch\/wp-content\/uploads\/2021\/03\/Smart-Working-in-der-Schweiz-Neun-Erkenntnisse-nach-einem-Jahr-Pandemie_Organisator.jpg","keywords":["Arbeitsplatzgestaltung","HRM","Management und Unternehmensf\u00fchrung","Studie","Work Smart"],"articleSection":["HRM"],"inLanguage":"en-US"},{"@type":"WebPage","@id":"https:\/\/www.organisator.ch\/human-resources\/hrm\/2021-03-16\/smart-working-in-der-schweiz-neun-erkenntnisse-nach-einem-jahr-pandemie\/","url":"https:\/\/www.organisator.ch\/human-resources\/hrm\/2021-03-16\/smart-working-in-der-schweiz-neun-erkenntnisse-nach-einem-jahr-pandemie\/","name":"Smart Working in Switzerland: Nine insights after one year of the pandemic - Organizer","isPartOf":{"@id":"https:\/\/www.organisator.ch\/#website"},"primaryImageOfPage":{"@id":"https:\/\/www.organisator.ch\/human-resources\/hrm\/2021-03-16\/smart-working-in-der-schweiz-neun-erkenntnisse-nach-einem-jahr-pandemie\/#primaryimage"},"image":{"@id":"https:\/\/www.organisator.ch\/human-resources\/hrm\/2021-03-16\/smart-working-in-der-schweiz-neun-erkenntnisse-nach-einem-jahr-pandemie\/#primaryimage"},"thumbnailUrl":"https:\/\/www.organisator.ch\/wp-content\/uploads\/2021\/03\/Smart-Working-in-der-Schweiz-Neun-Erkenntnisse-nach-einem-Jahr-Pandemie_Organisator.jpg","datePublished":"2021-03-16T07:27:26+00:00","description":"Because of the pandemic, many companies have to employ their staff from home. Is this the breakthrough for smart working?","breadcrumb":{"@id":"https:\/\/www.organisator.ch\/human-resources\/hrm\/2021-03-16\/smart-working-in-der-schweiz-neun-erkenntnisse-nach-einem-jahr-pandemie\/#breadcrumb"},"inLanguage":"en-US","potentialAction":[{"@type":"ReadAction","target":["https:\/\/www.organisator.ch\/human-resources\/hrm\/2021-03-16\/smart-working-in-der-schweiz-neun-erkenntnisse-nach-einem-jahr-pandemie\/"]}]},{"@type":"ImageObject","inLanguage":"en-US","@id":"https:\/\/www.organisator.ch\/human-resources\/hrm\/2021-03-16\/smart-working-in-der-schweiz-neun-erkenntnisse-nach-einem-jahr-pandemie\/#primaryimage","url":"https:\/\/www.organisator.ch\/wp-content\/uploads\/2021\/03\/Smart-Working-in-der-Schweiz-Neun-Erkenntnisse-nach-einem-Jahr-Pandemie_Organisator.jpg","contentUrl":"https:\/\/www.organisator.ch\/wp-content\/uploads\/2021\/03\/Smart-Working-in-der-Schweiz-Neun-Erkenntnisse-nach-einem-Jahr-Pandemie_Organisator.jpg","width":680,"height":454,"caption":"Nach einem Jahr Pandemie spricht alles von Smart Working: Doch mit Homeoffice allein wird man in Zukunft nicht \"smarter\" arbeiten. (Bild: Unsplash.com)"},{"@type":"BreadcrumbList","@id":"https:\/\/www.organisator.ch\/human-resources\/hrm\/2021-03-16\/smart-working-in-der-schweiz-neun-erkenntnisse-nach-einem-jahr-pandemie\/#breadcrumb","itemListElement":[{"@type":"ListItem","position":1,"name":"Home","item":"https:\/\/www.organisator.ch\/"},{"@type":"ListItem","position":2,"name":"Smart Working in der Schweiz: Neun Erkenntnisse nach einem Jahr Pandemie"}]},{"@type":"WebSite","@id":"https:\/\/www.organisator.ch\/#website","url":"https:\/\/www.organisator.ch\/","name":"Organizer","description":"Competent. Practical. In 10 issues per year, ORGANISATOR presents the essential topics for managers of SMEs.","publisher":{"@id":"https:\/\/www.organisator.ch\/#organization"},"potentialAction":[{"@type":"SearchAction","target":{"@type":"EntryPoint","urlTemplate":"https:\/\/www.organisator.ch\/?s={search_term_string}"},"query-input":{"@type":"PropertyValueSpecification","valueRequired":true,"valueName":"search_term_string"}}],"inLanguage":"en-US"},{"@type":"Organization","@id":"https:\/\/www.organisator.ch\/#organization","name":"Organizer","url":"https:\/\/www.organisator.ch\/","logo":{"@type":"ImageObject","inLanguage":"en-US","@id":"https:\/\/www.organisator.ch\/#\/schema\/logo\/image\/","url":"https:\/\/www.organisator.ch\/wp-content\/uploads\/2022\/01\/Logo_Organisator_Website.png","contentUrl":"https:\/\/www.organisator.ch\/wp-content\/uploads\/2022\/01\/Logo_Organisator_Website.png","width":800,"height":77,"caption":"Organisator"},"image":{"@id":"https:\/\/www.organisator.ch\/#\/schema\/logo\/image\/"},"sameAs":["https:\/\/www.facebook.com\/OrganisatorFachmagazin","https:\/\/www.linkedin.com\/showcase\/organisator-das-magazin-fr-kmu","https:\/\/www.xing.com\/news\/pages\/organisator-ch-695","https:\/\/www.youtube.com\/channel\/UCGP2Sq0iWaZwT3BdIAQFYpw"]},{"@type":"Person","@id":"https:\/\/www.organisator.ch\/#\/schema\/person\/6f650f90b2842cd4c0cc334b4e36f67e","name":"thomas.berner","image":{"@type":"ImageObject","inLanguage":"en-US","@id":"https:\/\/secure.gravatar.com\/avatar\/ac5001d2a36cb6c6cd3e50789007ffca834b477b74a2144564522e944eabff61?s=96&d=mm&r=g","url":"https:\/\/secure.gravatar.com\/avatar\/ac5001d2a36cb6c6cd3e50789007ffca834b477b74a2144564522e944eabff61?s=96&d=mm&r=g","contentUrl":"https:\/\/secure.gravatar.com\/avatar\/ac5001d2a36cb6c6cd3e50789007ffca834b477b74a2144564522e944eabff61?s=96&d=mm&r=g","caption":"thomas.berner"},"url":"https:\/\/www.organisator.ch\/en\/author\/thomas-berner\/"}]}},"_links":{"self":[{"href":"https:\/\/www.organisator.ch\/en\/wp-json\/wp\/v2\/posts\/7800","targetHints":{"allow":["GET"]}}],"collection":[{"href":"https:\/\/www.organisator.ch\/en\/wp-json\/wp\/v2\/posts"}],"about":[{"href":"https:\/\/www.organisator.ch\/en\/wp-json\/wp\/v2\/types\/post"}],"author":[{"embeddable":true,"href":"https:\/\/www.organisator.ch\/en\/wp-json\/wp\/v2\/users\/4"}],"replies":[{"embeddable":true,"href":"https:\/\/www.organisator.ch\/en\/wp-json\/wp\/v2\/comments?post=7800"}],"version-history":[{"count":0,"href":"https:\/\/www.organisator.ch\/en\/wp-json\/wp\/v2\/posts\/7800\/revisions"}],"wp:featuredmedia":[{"embeddable":true,"href":"https:\/\/www.organisator.ch\/en\/wp-json\/wp\/v2\/media\/7801"}],"wp:attachment":[{"href":"https:\/\/www.organisator.ch\/en\/wp-json\/wp\/v2\/media?parent=7800"}],"wp:term":[{"taxonomy":"category","embeddable":true,"href":"https:\/\/www.organisator.ch\/en\/wp-json\/wp\/v2\/categories?post=7800"},{"taxonomy":"post_tag","embeddable":true,"href":"https:\/\/www.organisator.ch\/en\/wp-json\/wp\/v2\/tags?post=7800"}],"curies":[{"name":"wp","href":"https:\/\/api.w.org\/{rel}","templated":true}]}}