{"id":7850,"date":"2021-03-25T08:14:56","date_gmt":"2021-03-25T07:14:56","guid":{"rendered":"https:\/\/www.organisator.ch\/?p=7850"},"modified":"2021-03-25T08:14:56","modified_gmt":"2021-03-25T07:14:56","slug":"huawei-setzt-auf-frauen-tandem-im-b2b-geschaeft","status":"publish","type":"post","link":"https:\/\/www.organisator.ch\/en\/management\/2021-03-25\/huawei-setzt-auf-frauen-tandem-im-b2b-geschaeft\/","title":{"rendered":"Huawei relies on female tandem in B2B business"},"content":{"rendered":"<figure id=\"attachment_7851\" aria-describedby=\"caption-attachment-7851\" style=\"width: 680px\" class=\"wp-caption alignnone\"><img loading=\"lazy\" decoding=\"async\" class=\"size-medium wp-image-7851\" src=\"https:\/\/www.organisator.ch\/wp-content\/uploads\/2021\/03\/Huawei-setzt-auf-Frauen-Tandem-im-B2B-Geschaeft_Organisator.jpg\" alt=\"\" width=\"680\" height=\"318\" srcset=\"https:\/\/www.organisator.ch\/wp-content\/uploads\/2021\/03\/Huawei-setzt-auf-Frauen-Tandem-im-B2B-Geschaeft_Organisator.jpg 680w, https:\/\/www.organisator.ch\/wp-content\/uploads\/2021\/03\/Huawei-setzt-auf-Frauen-Tandem-im-B2B-Geschaeft_Organisator-16x7.jpg 16w, https:\/\/www.organisator.ch\/wp-content\/uploads\/2021\/03\/Huawei-setzt-auf-Frauen-Tandem-im-B2B-Geschaeft_Organisator-375x175.jpg 375w, https:\/\/www.organisator.ch\/wp-content\/uploads\/2021\/03\/Huawei-setzt-auf-Frauen-Tandem-im-B2B-Geschaeft_Organisator-300x140.jpg 300w\" sizes=\"auto, (max-width: 680px) 100vw, 680px\" \/><figcaption id=\"caption-attachment-7851\" class=\"wp-caption-text\">Laurence Pasquier Dessigny (left) and Lisa Stinner are newly responsible for the business customer segment in French-speaking and German-speaking Switzerland at Huawei. (Image: zVg \/ Huawei)<\/figcaption><\/figure>\n<p>The Chinese telecommunications company Huawei is relying on double female power: On the one hand, Lisa Stinner has been appointed Account Manager for the manufacturing, retail and transport sectors in German-speaking Switzerland. Secondly, the company appoints Laurence Pasquier Dessingy as Territory Manager in Suisse Romande for the manufacturing, financial services and higher education sectors. Both ladies are tasked with developing Huawei's business in the enterprise sector in their respective regions, maintaining and expanding relationships with existing and new customers, and advancing Huawei's partner ecosystem in Switzerland, according to a corresponding media release.vIn particular in French-speaking Switzerland, Huawei aims to increase its market share with large customers. Across Switzerland, Huawei's technology is expected to create added value for Swiss companies, increase the level of digitalization, and thus help Switzerland remain highly competitive in the aforementioned focus industries.<\/p>\n<h2>Women with top qualifications<\/h2>\n<p>Lisa Stinner and Laurence Pasquier Dessingy both bring many years of professional experience in well-known IT companies and expertise in consulting and project management as well as sales &amp; key account management. After completing a bachelor's degree at the University of Applied Sciences in Bielefeld with a thesis on competitive positioning in the cloud environment, Lisa Stinner completed a CAS Customer Management at HWZ Zurich. She joined T-Systems and stayed with the ICT service provider for over 8 years in different countries and various customer-facing roles, most recently in a new business sales role for medium-sized customers in Switzerland.<\/p>\n<p>Laurence Pasquier Dessingy's career history reads like a \"Who's Who\" of the ICT industry, with names such as Hewlett-Packard, Microsoft, Avanade and SAGlobal Switzerland. A graduate of the University of Geneva with a degree in Biology and a Master in Business &amp; Administration, she has a total of more than 15 years of experience in sales management, account management and business development. She has a deep understanding of the manufacturing and retail industries in particular and is adept at developing partnerships and joint go-to-market initiatives for new business.<\/p>\n<h2>Huawei with ambitious business targets<\/h2>\n<p>Roland von Arx, Vice President Enterprise Business Group Switzerland, welcomes the two new additions: \"We have very ambitious business goals in Switzerland, where we want to grow successfully year after year with our Enterprise Business Group and further accelerate this growth. Our two new colleagues have proven in their careers that they can inspire customers, engage and proactively drive new business. In addition to our reliable, robust and functionally excellent solutions and our services, which are highly valued in the market, it is above all our employees and their customer focus that make our success possible. I am very pleased that we are able to further expand our diversity, which is already successfully practiced and highly appreciated by customers.\"<\/p>\n<p><a href=\"https:\/\/www.huawei.com\/ch-en\/\"><em>Source and further information<\/em><\/a><\/p>","protected":false},"excerpt":{"rendered":"<p>Das chinesische Telekommunikationsunternehmen Huawei setzt auf zweifache Frauenpower: Zum einen wird Lisa Stinner Account Manager f\u00fcr die Fertigungs-, Retail- und Transportbranchen in der deutschsprachigen Schweiz. Zum anderen beruft das Unternehmen Laurence Pasquier Dessingy zum Territory Manager in der Suisse Romande f\u00fcr die Branchen Manufacturing, Financial Services und Hochschulen. Beide Damen haben in ihrer jeweiligen Region [&hellip;]<\/p>\n","protected":false},"author":4,"featured_media":7851,"comment_status":"closed","ping_status":"closed","sticky":false,"template":"","format":"standard","meta":{"_acf_changed":false,"_yoast_wpseo_focuskw":"Huawei","_yoast_wpseo_metadesc":"Mit Lisa Stinner und Laurence Pasquier Dessingy holt sich Huawei f\u00fcr sein Gesch\u00e4ftskundensegment zwei hoch qualifizierte Frauen an Bord.","articlekey":"","footnotes":""},"categories":[28],"tags":[335,381,479],"class_list":["post-7850","post","type-post","status-publish","format-standard","has-post-thumbnail","hentry","category-management","tag-management-und-unternehmensfuehrung","tag-personalia","tag-telekommunikation"],"acf":[],"yoast_head":"<!-- This site is optimized with the Yoast SEO plugin v27.5 - https:\/\/yoast.com\/product\/yoast-seo-wordpress\/ -->\n<title>Huawei setzt auf Frauen-Tandem im B2B-Gesch\u00e4ft - Organisator<\/title>\n<meta name=\"description\" content=\"Mit Lisa Stinner und Laurence Pasquier Dessingy holt sich Huawei f\u00fcr sein Gesch\u00e4ftskundensegment zwei hoch qualifizierte Frauen an Bord.\" \/>\n<meta name=\"robots\" content=\"index, follow, max-snippet:-1, max-image-preview:large, max-video-preview:-1\" \/>\n<link rel=\"canonical\" href=\"https:\/\/www.organisator.ch\/en\/management\/2021-03-25\/huawei-setzt-auf-frauen-tandem-im-b2b-geschaeft\/\" \/>\n<meta property=\"og:locale\" content=\"en_US\" \/>\n<meta property=\"og:type\" content=\"article\" \/>\n<meta property=\"og:title\" content=\"Huawei setzt auf Frauen-Tandem im B2B-Gesch\u00e4ft\" \/>\n<meta property=\"og:description\" content=\"Mit Lisa Stinner und Laurence Pasquier Dessingy holt sich Huawei f\u00fcr sein Gesch\u00e4ftskundensegment zwei hoch qualifizierte Frauen an Bord.\" \/>\n<meta property=\"og:url\" content=\"https:\/\/www.organisator.ch\/en\/management\/2021-03-25\/huawei-setzt-auf-frauen-tandem-im-b2b-geschaeft\/\" \/>\n<meta property=\"og:site_name\" content=\"Organisator\" \/>\n<meta property=\"article:publisher\" content=\"https:\/\/www.facebook.com\/OrganisatorFachmagazin\" \/>\n<meta property=\"article:published_time\" content=\"2021-03-25T07:14:56+00:00\" \/>\n<meta property=\"og:image\" content=\"https:\/\/www.organisator.ch\/wp-content\/uploads\/2021\/03\/Huawei-setzt-auf-Frauen-Tandem-im-B2B-Geschaeft_Organisator.jpg\" \/>\n\t<meta property=\"og:image:width\" content=\"680\" \/>\n\t<meta property=\"og:image:height\" content=\"318\" \/>\n\t<meta property=\"og:image:type\" content=\"image\/jpeg\" \/>\n<meta name=\"author\" content=\"thomas.berner\" \/>\n<meta name=\"twitter:card\" content=\"summary_large_image\" \/>\n<meta name=\"twitter:title\" content=\"#Huawei setzt auf #Frauen-Tandem im B2B-Gesch\u00e4ft\" \/>\n<meta name=\"twitter:description\" content=\"Mit Lisa Stinner und Laurence Pasquier Dessingy holt sich #Huawei f\u00fcr sein Gesch\u00e4ftskundensegment zwei hoch qualifizierte Frauen an Bord.\" \/>\n<meta name=\"twitter:image\" content=\"https:\/\/www.organisator.ch\/wp-content\/uploads\/2021\/03\/Huawei-setzt-auf-Frauen-Tandem-im-B2B-Geschaeft_Organisator.jpg\" \/>\n<script type=\"application\/ld+json\" class=\"yoast-schema-graph\">{\"@context\":\"https:\\\/\\\/schema.org\",\"@graph\":[{\"@type\":\"Article\",\"@id\":\"https:\\\/\\\/www.organisator.ch\\\/management\\\/2021-03-25\\\/huawei-setzt-auf-frauen-tandem-im-b2b-geschaeft\\\/#article\",\"isPartOf\":{\"@id\":\"https:\\\/\\\/www.organisator.ch\\\/management\\\/2021-03-25\\\/huawei-setzt-auf-frauen-tandem-im-b2b-geschaeft\\\/\"},\"author\":{\"name\":\"thomas.berner\",\"@id\":\"https:\\\/\\\/www.organisator.ch\\\/#\\\/schema\\\/person\\\/6f650f90b2842cd4c0cc334b4e36f67e\"},\"headline\":\"Huawei setzt auf Frauen-Tandem im B2B-Gesch\u00e4ft\",\"datePublished\":\"2021-03-25T07:14:56+00:00\",\"mainEntityOfPage\":{\"@id\":\"https:\\\/\\\/www.organisator.ch\\\/management\\\/2021-03-25\\\/huawei-setzt-auf-frauen-tandem-im-b2b-geschaeft\\\/\"},\"wordCount\":484,\"publisher\":{\"@id\":\"https:\\\/\\\/www.organisator.ch\\\/#organization\"},\"image\":{\"@id\":\"https:\\\/\\\/www.organisator.ch\\\/management\\\/2021-03-25\\\/huawei-setzt-auf-frauen-tandem-im-b2b-geschaeft\\\/#primaryimage\"},\"thumbnailUrl\":\"https:\\\/\\\/www.organisator.ch\\\/wp-content\\\/uploads\\\/2021\\\/03\\\/Huawei-setzt-auf-Frauen-Tandem-im-B2B-Geschaeft_Organisator.jpg\",\"keywords\":[\"Management und Unternehmensf\u00fchrung\",\"Personalia\",\"Telekommunikation\"],\"articleSection\":[\"MANAGEMENT\"],\"inLanguage\":\"en-US\"},{\"@type\":\"WebPage\",\"@id\":\"https:\\\/\\\/www.organisator.ch\\\/management\\\/2021-03-25\\\/huawei-setzt-auf-frauen-tandem-im-b2b-geschaeft\\\/\",\"url\":\"https:\\\/\\\/www.organisator.ch\\\/management\\\/2021-03-25\\\/huawei-setzt-auf-frauen-tandem-im-b2b-geschaeft\\\/\",\"name\":\"Huawei setzt auf Frauen-Tandem im B2B-Gesch\u00e4ft - Organisator\",\"isPartOf\":{\"@id\":\"https:\\\/\\\/www.organisator.ch\\\/#website\"},\"primaryImageOfPage\":{\"@id\":\"https:\\\/\\\/www.organisator.ch\\\/management\\\/2021-03-25\\\/huawei-setzt-auf-frauen-tandem-im-b2b-geschaeft\\\/#primaryimage\"},\"image\":{\"@id\":\"https:\\\/\\\/www.organisator.ch\\\/management\\\/2021-03-25\\\/huawei-setzt-auf-frauen-tandem-im-b2b-geschaeft\\\/#primaryimage\"},\"thumbnailUrl\":\"https:\\\/\\\/www.organisator.ch\\\/wp-content\\\/uploads\\\/2021\\\/03\\\/Huawei-setzt-auf-Frauen-Tandem-im-B2B-Geschaeft_Organisator.jpg\",\"datePublished\":\"2021-03-25T07:14:56+00:00\",\"description\":\"Mit Lisa Stinner und Laurence Pasquier Dessingy holt sich Huawei f\u00fcr sein Gesch\u00e4ftskundensegment zwei hoch qualifizierte Frauen an Bord.\",\"breadcrumb\":{\"@id\":\"https:\\\/\\\/www.organisator.ch\\\/management\\\/2021-03-25\\\/huawei-setzt-auf-frauen-tandem-im-b2b-geschaeft\\\/#breadcrumb\"},\"inLanguage\":\"en-US\",\"potentialAction\":[{\"@type\":\"ReadAction\",\"target\":[\"https:\\\/\\\/www.organisator.ch\\\/management\\\/2021-03-25\\\/huawei-setzt-auf-frauen-tandem-im-b2b-geschaeft\\\/\"]}]},{\"@type\":\"ImageObject\",\"inLanguage\":\"en-US\",\"@id\":\"https:\\\/\\\/www.organisator.ch\\\/management\\\/2021-03-25\\\/huawei-setzt-auf-frauen-tandem-im-b2b-geschaeft\\\/#primaryimage\",\"url\":\"https:\\\/\\\/www.organisator.ch\\\/wp-content\\\/uploads\\\/2021\\\/03\\\/Huawei-setzt-auf-Frauen-Tandem-im-B2B-Geschaeft_Organisator.jpg\",\"contentUrl\":\"https:\\\/\\\/www.organisator.ch\\\/wp-content\\\/uploads\\\/2021\\\/03\\\/Huawei-setzt-auf-Frauen-Tandem-im-B2B-Geschaeft_Organisator.jpg\",\"width\":680,\"height\":318,\"caption\":\"Laurence Pasquier Dessigny (links) und Lisa Stinner sind bei Huawei neu f\u00fcr das Gesch\u00e4ftskundensegment in der Romandie und der Deutschschweiz verantwortlich. (Bild: zVg \\\/ Huawei)\"},{\"@type\":\"BreadcrumbList\",\"@id\":\"https:\\\/\\\/www.organisator.ch\\\/management\\\/2021-03-25\\\/huawei-setzt-auf-frauen-tandem-im-b2b-geschaeft\\\/#breadcrumb\",\"itemListElement\":[{\"@type\":\"ListItem\",\"position\":1,\"name\":\"Home\",\"item\":\"https:\\\/\\\/www.organisator.ch\\\/\"},{\"@type\":\"ListItem\",\"position\":2,\"name\":\"Huawei setzt auf Frauen-Tandem im B2B-Gesch\u00e4ft\"}]},{\"@type\":\"WebSite\",\"@id\":\"https:\\\/\\\/www.organisator.ch\\\/#website\",\"url\":\"https:\\\/\\\/www.organisator.ch\\\/\",\"name\":\"Organisator\",\"description\":\"Kompetent. Praxisnah. Der ORGANISATOR bereitet in 10 Ausgaben pro Jahr die wesentlichen Themen f\u00fcr F\u00fchrungskr\u00e4fte von KMU auf.\",\"publisher\":{\"@id\":\"https:\\\/\\\/www.organisator.ch\\\/#organization\"},\"potentialAction\":[{\"@type\":\"SearchAction\",\"target\":{\"@type\":\"EntryPoint\",\"urlTemplate\":\"https:\\\/\\\/www.organisator.ch\\\/?s={search_term_string}\"},\"query-input\":{\"@type\":\"PropertyValueSpecification\",\"valueRequired\":true,\"valueName\":\"search_term_string\"}}],\"inLanguage\":\"en-US\"},{\"@type\":\"Organization\",\"@id\":\"https:\\\/\\\/www.organisator.ch\\\/#organization\",\"name\":\"Organisator\",\"url\":\"https:\\\/\\\/www.organisator.ch\\\/\",\"logo\":{\"@type\":\"ImageObject\",\"inLanguage\":\"en-US\",\"@id\":\"https:\\\/\\\/www.organisator.ch\\\/#\\\/schema\\\/logo\\\/image\\\/\",\"url\":\"https:\\\/\\\/www.organisator.ch\\\/wp-content\\\/uploads\\\/2022\\\/01\\\/Logo_Organisator_Website.png\",\"contentUrl\":\"https:\\\/\\\/www.organisator.ch\\\/wp-content\\\/uploads\\\/2022\\\/01\\\/Logo_Organisator_Website.png\",\"width\":800,\"height\":77,\"caption\":\"Organisator\"},\"image\":{\"@id\":\"https:\\\/\\\/www.organisator.ch\\\/#\\\/schema\\\/logo\\\/image\\\/\"},\"sameAs\":[\"https:\\\/\\\/www.facebook.com\\\/OrganisatorFachmagazin\",\"https:\\\/\\\/www.linkedin.com\\\/showcase\\\/organisator-das-magazin-fr-kmu\",\"https:\\\/\\\/www.xing.com\\\/news\\\/pages\\\/organisator-ch-695\",\"https:\\\/\\\/www.youtube.com\\\/channel\\\/UCGP2Sq0iWaZwT3BdIAQFYpw\"]},{\"@type\":\"Person\",\"@id\":\"https:\\\/\\\/www.organisator.ch\\\/#\\\/schema\\\/person\\\/6f650f90b2842cd4c0cc334b4e36f67e\",\"name\":\"thomas.berner\",\"image\":{\"@type\":\"ImageObject\",\"inLanguage\":\"en-US\",\"@id\":\"https:\\\/\\\/secure.gravatar.com\\\/avatar\\\/ac5001d2a36cb6c6cd3e50789007ffca834b477b74a2144564522e944eabff61?s=96&d=mm&r=g\",\"url\":\"https:\\\/\\\/secure.gravatar.com\\\/avatar\\\/ac5001d2a36cb6c6cd3e50789007ffca834b477b74a2144564522e944eabff61?s=96&d=mm&r=g\",\"contentUrl\":\"https:\\\/\\\/secure.gravatar.com\\\/avatar\\\/ac5001d2a36cb6c6cd3e50789007ffca834b477b74a2144564522e944eabff61?s=96&d=mm&r=g\",\"caption\":\"thomas.berner\"},\"url\":\"https:\\\/\\\/www.organisator.ch\\\/en\\\/author\\\/thomas-berner\\\/\"}]}<\/script>\n<!-- \/ Yoast SEO plugin. -->","yoast_head_json":{"title":"Huawei relies on women tandem in B2B business - organizer","description":"With Lisa Stinner and Laurence Pasquier Dessingy, Huawei is bringing on board two highly qualified women for its business customer segment.","robots":{"index":"index","follow":"follow","max-snippet":"max-snippet:-1","max-image-preview":"max-image-preview:large","max-video-preview":"max-video-preview:-1"},"canonical":"https:\/\/www.organisator.ch\/en\/management\/2021-03-25\/huawei-setzt-auf-frauen-tandem-im-b2b-geschaeft\/","og_locale":"en_US","og_type":"article","og_title":"Huawei setzt auf Frauen-Tandem im B2B-Gesch\u00e4ft","og_description":"Mit Lisa Stinner und Laurence Pasquier Dessingy holt sich Huawei f\u00fcr sein Gesch\u00e4ftskundensegment zwei hoch qualifizierte Frauen an Bord.","og_url":"https:\/\/www.organisator.ch\/en\/management\/2021-03-25\/huawei-setzt-auf-frauen-tandem-im-b2b-geschaeft\/","og_site_name":"Organisator","article_publisher":"https:\/\/www.facebook.com\/OrganisatorFachmagazin","article_published_time":"2021-03-25T07:14:56+00:00","og_image":[{"width":680,"height":318,"url":"https:\/\/www.organisator.ch\/wp-content\/uploads\/2021\/03\/Huawei-setzt-auf-Frauen-Tandem-im-B2B-Geschaeft_Organisator.jpg","type":"image\/jpeg"}],"author":"thomas.berner","twitter_card":"summary_large_image","twitter_title":"#Huawei setzt auf #Frauen-Tandem im B2B-Gesch\u00e4ft","twitter_description":"Mit Lisa Stinner und Laurence Pasquier Dessingy holt sich #Huawei f\u00fcr sein Gesch\u00e4ftskundensegment zwei hoch qualifizierte Frauen an Bord.","twitter_image":"https:\/\/www.organisator.ch\/wp-content\/uploads\/2021\/03\/Huawei-setzt-auf-Frauen-Tandem-im-B2B-Geschaeft_Organisator.jpg","schema":{"@context":"https:\/\/schema.org","@graph":[{"@type":"Article","@id":"https:\/\/www.organisator.ch\/management\/2021-03-25\/huawei-setzt-auf-frauen-tandem-im-b2b-geschaeft\/#article","isPartOf":{"@id":"https:\/\/www.organisator.ch\/management\/2021-03-25\/huawei-setzt-auf-frauen-tandem-im-b2b-geschaeft\/"},"author":{"name":"thomas.berner","@id":"https:\/\/www.organisator.ch\/#\/schema\/person\/6f650f90b2842cd4c0cc334b4e36f67e"},"headline":"Huawei setzt auf Frauen-Tandem im B2B-Gesch\u00e4ft","datePublished":"2021-03-25T07:14:56+00:00","mainEntityOfPage":{"@id":"https:\/\/www.organisator.ch\/management\/2021-03-25\/huawei-setzt-auf-frauen-tandem-im-b2b-geschaeft\/"},"wordCount":484,"publisher":{"@id":"https:\/\/www.organisator.ch\/#organization"},"image":{"@id":"https:\/\/www.organisator.ch\/management\/2021-03-25\/huawei-setzt-auf-frauen-tandem-im-b2b-geschaeft\/#primaryimage"},"thumbnailUrl":"https:\/\/www.organisator.ch\/wp-content\/uploads\/2021\/03\/Huawei-setzt-auf-Frauen-Tandem-im-B2B-Geschaeft_Organisator.jpg","keywords":["Management und Unternehmensf\u00fchrung","Personalia","Telekommunikation"],"articleSection":["MANAGEMENT"],"inLanguage":"en-US"},{"@type":"WebPage","@id":"https:\/\/www.organisator.ch\/management\/2021-03-25\/huawei-setzt-auf-frauen-tandem-im-b2b-geschaeft\/","url":"https:\/\/www.organisator.ch\/management\/2021-03-25\/huawei-setzt-auf-frauen-tandem-im-b2b-geschaeft\/","name":"Huawei relies on women tandem in B2B business - organizer","isPartOf":{"@id":"https:\/\/www.organisator.ch\/#website"},"primaryImageOfPage":{"@id":"https:\/\/www.organisator.ch\/management\/2021-03-25\/huawei-setzt-auf-frauen-tandem-im-b2b-geschaeft\/#primaryimage"},"image":{"@id":"https:\/\/www.organisator.ch\/management\/2021-03-25\/huawei-setzt-auf-frauen-tandem-im-b2b-geschaeft\/#primaryimage"},"thumbnailUrl":"https:\/\/www.organisator.ch\/wp-content\/uploads\/2021\/03\/Huawei-setzt-auf-Frauen-Tandem-im-B2B-Geschaeft_Organisator.jpg","datePublished":"2021-03-25T07:14:56+00:00","description":"With Lisa Stinner and Laurence Pasquier Dessingy, Huawei is bringing on board two highly qualified women for its business customer segment.","breadcrumb":{"@id":"https:\/\/www.organisator.ch\/management\/2021-03-25\/huawei-setzt-auf-frauen-tandem-im-b2b-geschaeft\/#breadcrumb"},"inLanguage":"en-US","potentialAction":[{"@type":"ReadAction","target":["https:\/\/www.organisator.ch\/management\/2021-03-25\/huawei-setzt-auf-frauen-tandem-im-b2b-geschaeft\/"]}]},{"@type":"ImageObject","inLanguage":"en-US","@id":"https:\/\/www.organisator.ch\/management\/2021-03-25\/huawei-setzt-auf-frauen-tandem-im-b2b-geschaeft\/#primaryimage","url":"https:\/\/www.organisator.ch\/wp-content\/uploads\/2021\/03\/Huawei-setzt-auf-Frauen-Tandem-im-B2B-Geschaeft_Organisator.jpg","contentUrl":"https:\/\/www.organisator.ch\/wp-content\/uploads\/2021\/03\/Huawei-setzt-auf-Frauen-Tandem-im-B2B-Geschaeft_Organisator.jpg","width":680,"height":318,"caption":"Laurence Pasquier Dessigny (links) und Lisa Stinner sind bei Huawei neu f\u00fcr das Gesch\u00e4ftskundensegment in der Romandie und der Deutschschweiz verantwortlich. (Bild: zVg \/ Huawei)"},{"@type":"BreadcrumbList","@id":"https:\/\/www.organisator.ch\/management\/2021-03-25\/huawei-setzt-auf-frauen-tandem-im-b2b-geschaeft\/#breadcrumb","itemListElement":[{"@type":"ListItem","position":1,"name":"Home","item":"https:\/\/www.organisator.ch\/"},{"@type":"ListItem","position":2,"name":"Huawei setzt auf Frauen-Tandem im B2B-Gesch\u00e4ft"}]},{"@type":"WebSite","@id":"https:\/\/www.organisator.ch\/#website","url":"https:\/\/www.organisator.ch\/","name":"Organizer","description":"Competent. Practical. In 10 issues per year, ORGANISATOR presents the essential topics for managers of SMEs.","publisher":{"@id":"https:\/\/www.organisator.ch\/#organization"},"potentialAction":[{"@type":"SearchAction","target":{"@type":"EntryPoint","urlTemplate":"https:\/\/www.organisator.ch\/?s={search_term_string}"},"query-input":{"@type":"PropertyValueSpecification","valueRequired":true,"valueName":"search_term_string"}}],"inLanguage":"en-US"},{"@type":"Organization","@id":"https:\/\/www.organisator.ch\/#organization","name":"Organizer","url":"https:\/\/www.organisator.ch\/","logo":{"@type":"ImageObject","inLanguage":"en-US","@id":"https:\/\/www.organisator.ch\/#\/schema\/logo\/image\/","url":"https:\/\/www.organisator.ch\/wp-content\/uploads\/2022\/01\/Logo_Organisator_Website.png","contentUrl":"https:\/\/www.organisator.ch\/wp-content\/uploads\/2022\/01\/Logo_Organisator_Website.png","width":800,"height":77,"caption":"Organisator"},"image":{"@id":"https:\/\/www.organisator.ch\/#\/schema\/logo\/image\/"},"sameAs":["https:\/\/www.facebook.com\/OrganisatorFachmagazin","https:\/\/www.linkedin.com\/showcase\/organisator-das-magazin-fr-kmu","https:\/\/www.xing.com\/news\/pages\/organisator-ch-695","https:\/\/www.youtube.com\/channel\/UCGP2Sq0iWaZwT3BdIAQFYpw"]},{"@type":"Person","@id":"https:\/\/www.organisator.ch\/#\/schema\/person\/6f650f90b2842cd4c0cc334b4e36f67e","name":"thomas.berner","image":{"@type":"ImageObject","inLanguage":"en-US","@id":"https:\/\/secure.gravatar.com\/avatar\/ac5001d2a36cb6c6cd3e50789007ffca834b477b74a2144564522e944eabff61?s=96&d=mm&r=g","url":"https:\/\/secure.gravatar.com\/avatar\/ac5001d2a36cb6c6cd3e50789007ffca834b477b74a2144564522e944eabff61?s=96&d=mm&r=g","contentUrl":"https:\/\/secure.gravatar.com\/avatar\/ac5001d2a36cb6c6cd3e50789007ffca834b477b74a2144564522e944eabff61?s=96&d=mm&r=g","caption":"thomas.berner"},"url":"https:\/\/www.organisator.ch\/en\/author\/thomas-berner\/"}]}},"_links":{"self":[{"href":"https:\/\/www.organisator.ch\/en\/wp-json\/wp\/v2\/posts\/7850","targetHints":{"allow":["GET"]}}],"collection":[{"href":"https:\/\/www.organisator.ch\/en\/wp-json\/wp\/v2\/posts"}],"about":[{"href":"https:\/\/www.organisator.ch\/en\/wp-json\/wp\/v2\/types\/post"}],"author":[{"embeddable":true,"href":"https:\/\/www.organisator.ch\/en\/wp-json\/wp\/v2\/users\/4"}],"replies":[{"embeddable":true,"href":"https:\/\/www.organisator.ch\/en\/wp-json\/wp\/v2\/comments?post=7850"}],"version-history":[{"count":0,"href":"https:\/\/www.organisator.ch\/en\/wp-json\/wp\/v2\/posts\/7850\/revisions"}],"wp:featuredmedia":[{"embeddable":true,"href":"https:\/\/www.organisator.ch\/en\/wp-json\/wp\/v2\/media\/7851"}],"wp:attachment":[{"href":"https:\/\/www.organisator.ch\/en\/wp-json\/wp\/v2\/media?parent=7850"}],"wp:term":[{"taxonomy":"category","embeddable":true,"href":"https:\/\/www.organisator.ch\/en\/wp-json\/wp\/v2\/categories?post=7850"},{"taxonomy":"post_tag","embeddable":true,"href":"https:\/\/www.organisator.ch\/en\/wp-json\/wp\/v2\/tags?post=7850"}],"curies":[{"name":"wp","href":"https:\/\/api.w.org\/{rel}","templated":true}]}}