{"id":787,"date":"2016-06-24T16:53:38","date_gmt":"2016-06-24T14:53:38","guid":{"rendered":"http:\/\/dev.organisator.ch\/?p=787"},"modified":"2016-06-24T16:53:38","modified_gmt":"2016-06-24T14:53:38","slug":"jean-claude-biver-erhaelt-marketing-honorary-award","status":"publish","type":"post","link":"https:\/\/www.organisator.ch\/en\/marketing\/2016-06-24\/jean-claude-biver-erhaelt-marketing-ehrenpreis\/","title":{"rendered":"Jean-Claude Biver receives honorary marketing award"},"content":{"rendered":"<figure id=\"attachment_789\" aria-describedby=\"caption-attachment-789\" style=\"width: 640px\" class=\"wp-caption alignnone\"><img loading=\"lazy\" decoding=\"async\" class=\"size-full wp-image-789\" src=\"https:\/\/www.organisator.ch\/wp-content\/uploads\/2016\/12\/Jean-Claude-Biver-erhaelt-Marketing-Ehrenpreis-organisator.jpg\" alt=\"\" width=\"640\" height=\"426\" srcset=\"https:\/\/www.organisator.ch\/wp-content\/uploads\/2016\/12\/Jean-Claude-Biver-erhaelt-Marketing-Ehrenpreis-organisator.jpg 640w, https:\/\/www.organisator.ch\/wp-content\/uploads\/2016\/12\/Jean-Claude-Biver-erhaelt-Marketing-Ehrenpreis-organisator-16x12.jpg 16w, https:\/\/www.organisator.ch\/wp-content\/uploads\/2016\/12\/Jean-Claude-Biver-erhaelt-Marketing-Ehrenpreis-organisator-263x175.jpg 263w, https:\/\/www.organisator.ch\/wp-content\/uploads\/2016\/12\/Jean-Claude-Biver-erhaelt-Marketing-Ehrenpreis-organisator-526x350.jpg 526w, https:\/\/www.organisator.ch\/wp-content\/uploads\/2016\/12\/Jean-Claude-Biver-erhaelt-Marketing-Ehrenpreis-organisator-300x200.jpg 300w\" sizes=\"auto, (max-width: 640px) 100vw, 640px\" \/><figcaption id=\"caption-attachment-789\" class=\"wp-caption-text\">Marc Biver was connected to the award ceremony via live stream - he could not be present in person. (Image: pd)<\/figcaption><\/figure>\n<p>Chaired by Professors Torsten Tomczak, Director of the Research Center for Customer Insight at the University of St.Gallen, Harley Krohmer, Director of the Institute for Marketing and Corporate Management at the University of Bern, and Felicitas Morhart, Professor at the University of Lausanne, the Swiss Academy of Marketing Science presented the \"Swiss Academy of Marketing Science Award\" today at The Dolder Grand Zurich. The award recognizes an outstanding personality in marketing practice. The award criteria include the promotion of marketing research and teaching at Swiss universities. In addition, a significant contribution must be made to solving current and relevant problems in marketing practice.<\/p>\n<p>Jean-Claude Biver was unable to accept the award in person due to a family occasion. Nevertheless, he was keen to express his thanks to the jury and the 450 congress participants via live stream: \"I am particularly pleased to receive this award because it confirms my management principle. When you give, you get back. For me, sharing mistakes, doubts, but of course success with my team is the most important thing. Passing that on, of course also to students, is very valuable for me.\"<\/p>\n<p><em>Sources: <a href=\"http:\/\/www.marken-kongress.ch\" target=\"_blank\" data-cke-saved-href=\"http:\/\/www.marken-kongress.ch\" rel=\"noopener\">www.marken-kongress.ch<\/a>; <a href=\"http:\/\/www.academy-of-marketing-science.ch\" target=\"_blank\" data-cke-saved-href=\"http:\/\/www.academy-of-marketing-science.ch\" rel=\"noopener\">www.academy-of-marketing-science.ch<\/a><\/em><\/p>","protected":false},"excerpt":{"rendered":"<p>Unter dem Vorsitz der Professoren Torsten Tomczak, Direktor der Forschungsstelle f\u00fcr Customer Insight an der Universit\u00e4t St.Gallen, Harley Krohmer, Direktor des Instituts f\u00fcr Marketing und Unternehmensf\u00fchrung an der Universit\u00e4t Bern sowie Felicitas Morhart, Professorin an der Universit\u00e4t Lausanne, verlieh die Swiss Academy of Marketing Science im The Dolder Grand Z\u00fcrich heute den \u201eSwiss Academy of [&hellip;]<\/p>\n","protected":false},"author":1,"featured_media":789,"comment_status":"open","ping_status":"open","sticky":false,"template":"","format":"standard","meta":{"_acf_changed":false,"_yoast_wpseo_focuskw":"Marketing Ehrenpreis","_yoast_wpseo_metadesc":"Im Rahmen des Schweizer Markenkongress hat die \u201eSwiss Academy of Marketing Science\u201c zum dritten Mal den Marketing Ehrenpreis verliehen.","articlekey":"","footnotes":""},"categories":[29],"tags":[335,339,381],"class_list":["post-787","post","type-post","status-publish","format-standard","has-post-thumbnail","hentry","category-marketing","tag-management-und-unternehmensfuehrung","tag-marketing","tag-personalia"],"acf":[],"yoast_head":"<!-- This site is optimized with the Yoast SEO plugin v27.5 - https:\/\/yoast.com\/product\/yoast-seo-wordpress\/ -->\n<title>Jean-Claude Biver erh\u00e4lt Marketing-Ehrenpreis - Organisator<\/title>\n<meta name=\"description\" content=\"Im Rahmen des Schweizer Markenkongress hat die \u201eSwiss Academy of Marketing Science\u201c zum dritten Mal den Marketing Ehrenpreis verliehen.\" \/>\n<meta name=\"robots\" content=\"index, follow, max-snippet:-1, max-image-preview:large, max-video-preview:-1\" \/>\n<link rel=\"canonical\" href=\"https:\/\/www.organisator.ch\/en\/marketing\/2016-06-24\/jean-claude-biver-erhaelt-marketing-honorary-award\/\" \/>\n<meta property=\"og:locale\" content=\"en_US\" \/>\n<meta property=\"og:type\" content=\"article\" \/>\n<meta property=\"og:title\" content=\"Jean-Claude Biver erh\u00e4lt Marketing-Ehrenpreis\" \/>\n<meta property=\"og:description\" content=\"Im Rahmen des Schweizer Markenkongress hat die \u201eSwiss Academy of Marketing Science\u201c zum dritten Mal ihren Ehrenpreis verliehen. Der Hublot-CEO wurde aufgrund seines \u201eVision\u00e4rtums f\u00fcr die Schweizer Uhrenindustrie sowie seiner Courage und Inspiration als Pers\u00f6nlichkeit f\u00fcr die Manager von Morgen ausgezeichnet.\u201c\" \/>\n<meta property=\"og:url\" content=\"https:\/\/www.organisator.ch\/en\/marketing\/2016-06-24\/jean-claude-biver-erhaelt-marketing-honorary-award\/\" \/>\n<meta property=\"og:site_name\" content=\"Organisator\" \/>\n<meta property=\"article:publisher\" content=\"https:\/\/www.facebook.com\/OrganisatorFachmagazin\" \/>\n<meta property=\"article:published_time\" content=\"2016-06-24T14:53:38+00:00\" \/>\n<meta name=\"author\" content=\"admin\" \/>\n<meta name=\"twitter:card\" content=\"summary_large_image\" \/>\n<meta name=\"twitter:image\" content=\"https:\/\/www.organisator.ch\/wp-content\/uploads\/2016\/12\/Jean-Claude-Biver-erhaelt-Marketing-Ehrenpreis-organisator.jpg\" \/>\n<script type=\"application\/ld+json\" class=\"yoast-schema-graph\">{\"@context\":\"https:\\\/\\\/schema.org\",\"@graph\":[{\"@type\":\"Article\",\"@id\":\"https:\\\/\\\/www.organisator.ch\\\/marketing\\\/2016-06-24\\\/jean-claude-biver-erhaelt-marketing-ehrenpreis\\\/#article\",\"isPartOf\":{\"@id\":\"https:\\\/\\\/www.organisator.ch\\\/marketing\\\/2016-06-24\\\/jean-claude-biver-erhaelt-marketing-ehrenpreis\\\/\"},\"author\":{\"name\":\"admin\",\"@id\":\"https:\\\/\\\/www.organisator.ch\\\/#\\\/schema\\\/person\\\/aa2bace6c5c5aad60102004a50c4eb1c\"},\"headline\":\"Jean-Claude Biver erh\u00e4lt Marketing-Ehrenpreis\",\"datePublished\":\"2016-06-24T14:53:38+00:00\",\"mainEntityOfPage\":{\"@id\":\"https:\\\/\\\/www.organisator.ch\\\/marketing\\\/2016-06-24\\\/jean-claude-biver-erhaelt-marketing-ehrenpreis\\\/\"},\"wordCount\":232,\"commentCount\":0,\"publisher\":{\"@id\":\"https:\\\/\\\/www.organisator.ch\\\/#organization\"},\"image\":{\"@id\":\"https:\\\/\\\/www.organisator.ch\\\/marketing\\\/2016-06-24\\\/jean-claude-biver-erhaelt-marketing-ehrenpreis\\\/#primaryimage\"},\"thumbnailUrl\":\"https:\\\/\\\/www.organisator.ch\\\/wp-content\\\/uploads\\\/2016\\\/12\\\/Jean-Claude-Biver-erhaelt-Marketing-Ehrenpreis-organisator.jpg\",\"keywords\":[\"Management und Unternehmensf\u00fchrung\",\"Marketing\",\"Personalia\"],\"articleSection\":[\"MARKETING\"],\"inLanguage\":\"en-US\"},{\"@type\":\"WebPage\",\"@id\":\"https:\\\/\\\/www.organisator.ch\\\/marketing\\\/2016-06-24\\\/jean-claude-biver-erhaelt-marketing-ehrenpreis\\\/\",\"url\":\"https:\\\/\\\/www.organisator.ch\\\/marketing\\\/2016-06-24\\\/jean-claude-biver-erhaelt-marketing-ehrenpreis\\\/\",\"name\":\"Jean-Claude Biver erh\u00e4lt Marketing-Ehrenpreis - Organisator\",\"isPartOf\":{\"@id\":\"https:\\\/\\\/www.organisator.ch\\\/#website\"},\"primaryImageOfPage\":{\"@id\":\"https:\\\/\\\/www.organisator.ch\\\/marketing\\\/2016-06-24\\\/jean-claude-biver-erhaelt-marketing-ehrenpreis\\\/#primaryimage\"},\"image\":{\"@id\":\"https:\\\/\\\/www.organisator.ch\\\/marketing\\\/2016-06-24\\\/jean-claude-biver-erhaelt-marketing-ehrenpreis\\\/#primaryimage\"},\"thumbnailUrl\":\"https:\\\/\\\/www.organisator.ch\\\/wp-content\\\/uploads\\\/2016\\\/12\\\/Jean-Claude-Biver-erhaelt-Marketing-Ehrenpreis-organisator.jpg\",\"datePublished\":\"2016-06-24T14:53:38+00:00\",\"description\":\"Im Rahmen des Schweizer Markenkongress hat die \u201eSwiss Academy of Marketing Science\u201c zum dritten Mal den Marketing Ehrenpreis verliehen.\",\"breadcrumb\":{\"@id\":\"https:\\\/\\\/www.organisator.ch\\\/marketing\\\/2016-06-24\\\/jean-claude-biver-erhaelt-marketing-ehrenpreis\\\/#breadcrumb\"},\"inLanguage\":\"en-US\",\"potentialAction\":[{\"@type\":\"ReadAction\",\"target\":[\"https:\\\/\\\/www.organisator.ch\\\/marketing\\\/2016-06-24\\\/jean-claude-biver-erhaelt-marketing-ehrenpreis\\\/\"]}]},{\"@type\":\"ImageObject\",\"inLanguage\":\"en-US\",\"@id\":\"https:\\\/\\\/www.organisator.ch\\\/marketing\\\/2016-06-24\\\/jean-claude-biver-erhaelt-marketing-ehrenpreis\\\/#primaryimage\",\"url\":\"https:\\\/\\\/www.organisator.ch\\\/wp-content\\\/uploads\\\/2016\\\/12\\\/Jean-Claude-Biver-erhaelt-Marketing-Ehrenpreis-organisator.jpg\",\"contentUrl\":\"https:\\\/\\\/www.organisator.ch\\\/wp-content\\\/uploads\\\/2016\\\/12\\\/Jean-Claude-Biver-erhaelt-Marketing-Ehrenpreis-organisator.jpg\",\"width\":640,\"height\":426,\"caption\":\"Marc Biver wurde per Live-Stream der Preisverleihung zugeschaltet - er konnte pers\u00f6nlich nicht anwesend sein. (Bild: pd)\"},{\"@type\":\"BreadcrumbList\",\"@id\":\"https:\\\/\\\/www.organisator.ch\\\/marketing\\\/2016-06-24\\\/jean-claude-biver-erhaelt-marketing-ehrenpreis\\\/#breadcrumb\",\"itemListElement\":[{\"@type\":\"ListItem\",\"position\":1,\"name\":\"Home\",\"item\":\"https:\\\/\\\/www.organisator.ch\\\/\"},{\"@type\":\"ListItem\",\"position\":2,\"name\":\"Jean-Claude Biver erh\u00e4lt Marketing-Ehrenpreis\"}]},{\"@type\":\"WebSite\",\"@id\":\"https:\\\/\\\/www.organisator.ch\\\/#website\",\"url\":\"https:\\\/\\\/www.organisator.ch\\\/\",\"name\":\"Organisator\",\"description\":\"Kompetent. Praxisnah. Der ORGANISATOR bereitet in 10 Ausgaben pro Jahr die wesentlichen Themen f\u00fcr F\u00fchrungskr\u00e4fte von KMU auf.\",\"publisher\":{\"@id\":\"https:\\\/\\\/www.organisator.ch\\\/#organization\"},\"potentialAction\":[{\"@type\":\"SearchAction\",\"target\":{\"@type\":\"EntryPoint\",\"urlTemplate\":\"https:\\\/\\\/www.organisator.ch\\\/?s={search_term_string}\"},\"query-input\":{\"@type\":\"PropertyValueSpecification\",\"valueRequired\":true,\"valueName\":\"search_term_string\"}}],\"inLanguage\":\"en-US\"},{\"@type\":\"Organization\",\"@id\":\"https:\\\/\\\/www.organisator.ch\\\/#organization\",\"name\":\"Organisator\",\"url\":\"https:\\\/\\\/www.organisator.ch\\\/\",\"logo\":{\"@type\":\"ImageObject\",\"inLanguage\":\"en-US\",\"@id\":\"https:\\\/\\\/www.organisator.ch\\\/#\\\/schema\\\/logo\\\/image\\\/\",\"url\":\"https:\\\/\\\/www.organisator.ch\\\/wp-content\\\/uploads\\\/2022\\\/01\\\/Logo_Organisator_Website.png\",\"contentUrl\":\"https:\\\/\\\/www.organisator.ch\\\/wp-content\\\/uploads\\\/2022\\\/01\\\/Logo_Organisator_Website.png\",\"width\":800,\"height\":77,\"caption\":\"Organisator\"},\"image\":{\"@id\":\"https:\\\/\\\/www.organisator.ch\\\/#\\\/schema\\\/logo\\\/image\\\/\"},\"sameAs\":[\"https:\\\/\\\/www.facebook.com\\\/OrganisatorFachmagazin\",\"https:\\\/\\\/www.linkedin.com\\\/showcase\\\/organisator-das-magazin-fr-kmu\",\"https:\\\/\\\/www.xing.com\\\/news\\\/pages\\\/organisator-ch-695\",\"https:\\\/\\\/www.youtube.com\\\/channel\\\/UCGP2Sq0iWaZwT3BdIAQFYpw\"]},{\"@type\":\"Person\",\"@id\":\"https:\\\/\\\/www.organisator.ch\\\/#\\\/schema\\\/person\\\/aa2bace6c5c5aad60102004a50c4eb1c\",\"name\":\"admin\",\"image\":{\"@type\":\"ImageObject\",\"inLanguage\":\"en-US\",\"@id\":\"https:\\\/\\\/secure.gravatar.com\\\/avatar\\\/ae2f4d718e6c49043e314ce431e7e645d646302a24a5ef5a8bc8e3f5a032e319?s=96&d=mm&r=g\",\"url\":\"https:\\\/\\\/secure.gravatar.com\\\/avatar\\\/ae2f4d718e6c49043e314ce431e7e645d646302a24a5ef5a8bc8e3f5a032e319?s=96&d=mm&r=g\",\"contentUrl\":\"https:\\\/\\\/secure.gravatar.com\\\/avatar\\\/ae2f4d718e6c49043e314ce431e7e645d646302a24a5ef5a8bc8e3f5a032e319?s=96&d=mm&r=g\",\"caption\":\"admin\"},\"sameAs\":[\"https:\\\/\\\/www.organisator.ch\"],\"url\":\"https:\\\/\\\/www.organisator.ch\\\/en\\\/author\\\/admin\\\/\"}]}<\/script>\n<!-- \/ Yoast SEO plugin. -->","yoast_head_json":{"title":"Jean-Claude Biver receives honorary marketing award - Organizer","description":"During the Swiss Brand Congress, the \"Swiss Academy of Marketing Science\" awarded the Marketing Honorary Prize for the third time.","robots":{"index":"index","follow":"follow","max-snippet":"max-snippet:-1","max-image-preview":"max-image-preview:large","max-video-preview":"max-video-preview:-1"},"canonical":"https:\/\/www.organisator.ch\/en\/marketing\/2016-06-24\/jean-claude-biver-erhaelt-marketing-honorary-award\/","og_locale":"en_US","og_type":"article","og_title":"Jean-Claude Biver erh\u00e4lt Marketing-Ehrenpreis","og_description":"Im Rahmen des Schweizer Markenkongress hat die \u201eSwiss Academy of Marketing Science\u201c zum dritten Mal ihren Ehrenpreis verliehen. Der Hublot-CEO wurde aufgrund seines \u201eVision\u00e4rtums f\u00fcr die Schweizer Uhrenindustrie sowie seiner Courage und Inspiration als Pers\u00f6nlichkeit f\u00fcr die Manager von Morgen ausgezeichnet.\u201c","og_url":"https:\/\/www.organisator.ch\/en\/marketing\/2016-06-24\/jean-claude-biver-erhaelt-marketing-honorary-award\/","og_site_name":"Organisator","article_publisher":"https:\/\/www.facebook.com\/OrganisatorFachmagazin","article_published_time":"2016-06-24T14:53:38+00:00","author":"admin","twitter_card":"summary_large_image","twitter_image":"https:\/\/www.organisator.ch\/wp-content\/uploads\/2016\/12\/Jean-Claude-Biver-erhaelt-Marketing-Ehrenpreis-organisator.jpg","schema":{"@context":"https:\/\/schema.org","@graph":[{"@type":"Article","@id":"https:\/\/www.organisator.ch\/marketing\/2016-06-24\/jean-claude-biver-erhaelt-marketing-ehrenpreis\/#article","isPartOf":{"@id":"https:\/\/www.organisator.ch\/marketing\/2016-06-24\/jean-claude-biver-erhaelt-marketing-ehrenpreis\/"},"author":{"name":"admin","@id":"https:\/\/www.organisator.ch\/#\/schema\/person\/aa2bace6c5c5aad60102004a50c4eb1c"},"headline":"Jean-Claude Biver erh\u00e4lt Marketing-Ehrenpreis","datePublished":"2016-06-24T14:53:38+00:00","mainEntityOfPage":{"@id":"https:\/\/www.organisator.ch\/marketing\/2016-06-24\/jean-claude-biver-erhaelt-marketing-ehrenpreis\/"},"wordCount":232,"commentCount":0,"publisher":{"@id":"https:\/\/www.organisator.ch\/#organization"},"image":{"@id":"https:\/\/www.organisator.ch\/marketing\/2016-06-24\/jean-claude-biver-erhaelt-marketing-ehrenpreis\/#primaryimage"},"thumbnailUrl":"https:\/\/www.organisator.ch\/wp-content\/uploads\/2016\/12\/Jean-Claude-Biver-erhaelt-Marketing-Ehrenpreis-organisator.jpg","keywords":["Management und Unternehmensf\u00fchrung","Marketing","Personalia"],"articleSection":["MARKETING"],"inLanguage":"en-US"},{"@type":"WebPage","@id":"https:\/\/www.organisator.ch\/marketing\/2016-06-24\/jean-claude-biver-erhaelt-marketing-ehrenpreis\/","url":"https:\/\/www.organisator.ch\/marketing\/2016-06-24\/jean-claude-biver-erhaelt-marketing-ehrenpreis\/","name":"Jean-Claude Biver receives honorary marketing award - Organizer","isPartOf":{"@id":"https:\/\/www.organisator.ch\/#website"},"primaryImageOfPage":{"@id":"https:\/\/www.organisator.ch\/marketing\/2016-06-24\/jean-claude-biver-erhaelt-marketing-ehrenpreis\/#primaryimage"},"image":{"@id":"https:\/\/www.organisator.ch\/marketing\/2016-06-24\/jean-claude-biver-erhaelt-marketing-ehrenpreis\/#primaryimage"},"thumbnailUrl":"https:\/\/www.organisator.ch\/wp-content\/uploads\/2016\/12\/Jean-Claude-Biver-erhaelt-Marketing-Ehrenpreis-organisator.jpg","datePublished":"2016-06-24T14:53:38+00:00","description":"During the Swiss Brand Congress, the \"Swiss Academy of Marketing Science\" awarded the Marketing Honorary Prize for the third time.","breadcrumb":{"@id":"https:\/\/www.organisator.ch\/marketing\/2016-06-24\/jean-claude-biver-erhaelt-marketing-ehrenpreis\/#breadcrumb"},"inLanguage":"en-US","potentialAction":[{"@type":"ReadAction","target":["https:\/\/www.organisator.ch\/marketing\/2016-06-24\/jean-claude-biver-erhaelt-marketing-ehrenpreis\/"]}]},{"@type":"ImageObject","inLanguage":"en-US","@id":"https:\/\/www.organisator.ch\/marketing\/2016-06-24\/jean-claude-biver-erhaelt-marketing-ehrenpreis\/#primaryimage","url":"https:\/\/www.organisator.ch\/wp-content\/uploads\/2016\/12\/Jean-Claude-Biver-erhaelt-Marketing-Ehrenpreis-organisator.jpg","contentUrl":"https:\/\/www.organisator.ch\/wp-content\/uploads\/2016\/12\/Jean-Claude-Biver-erhaelt-Marketing-Ehrenpreis-organisator.jpg","width":640,"height":426,"caption":"Marc Biver wurde per Live-Stream der Preisverleihung zugeschaltet - er konnte pers\u00f6nlich nicht anwesend sein. (Bild: pd)"},{"@type":"BreadcrumbList","@id":"https:\/\/www.organisator.ch\/marketing\/2016-06-24\/jean-claude-biver-erhaelt-marketing-ehrenpreis\/#breadcrumb","itemListElement":[{"@type":"ListItem","position":1,"name":"Home","item":"https:\/\/www.organisator.ch\/"},{"@type":"ListItem","position":2,"name":"Jean-Claude Biver erh\u00e4lt Marketing-Ehrenpreis"}]},{"@type":"WebSite","@id":"https:\/\/www.organisator.ch\/#website","url":"https:\/\/www.organisator.ch\/","name":"Organizer","description":"Competent. Practical. In 10 issues per year, ORGANISATOR presents the essential topics for managers of SMEs.","publisher":{"@id":"https:\/\/www.organisator.ch\/#organization"},"potentialAction":[{"@type":"SearchAction","target":{"@type":"EntryPoint","urlTemplate":"https:\/\/www.organisator.ch\/?s={search_term_string}"},"query-input":{"@type":"PropertyValueSpecification","valueRequired":true,"valueName":"search_term_string"}}],"inLanguage":"en-US"},{"@type":"Organization","@id":"https:\/\/www.organisator.ch\/#organization","name":"Organizer","url":"https:\/\/www.organisator.ch\/","logo":{"@type":"ImageObject","inLanguage":"en-US","@id":"https:\/\/www.organisator.ch\/#\/schema\/logo\/image\/","url":"https:\/\/www.organisator.ch\/wp-content\/uploads\/2022\/01\/Logo_Organisator_Website.png","contentUrl":"https:\/\/www.organisator.ch\/wp-content\/uploads\/2022\/01\/Logo_Organisator_Website.png","width":800,"height":77,"caption":"Organisator"},"image":{"@id":"https:\/\/www.organisator.ch\/#\/schema\/logo\/image\/"},"sameAs":["https:\/\/www.facebook.com\/OrganisatorFachmagazin","https:\/\/www.linkedin.com\/showcase\/organisator-das-magazin-fr-kmu","https:\/\/www.xing.com\/news\/pages\/organisator-ch-695","https:\/\/www.youtube.com\/channel\/UCGP2Sq0iWaZwT3BdIAQFYpw"]},{"@type":"Person","@id":"https:\/\/www.organisator.ch\/#\/schema\/person\/aa2bace6c5c5aad60102004a50c4eb1c","name":"admin","image":{"@type":"ImageObject","inLanguage":"en-US","@id":"https:\/\/secure.gravatar.com\/avatar\/ae2f4d718e6c49043e314ce431e7e645d646302a24a5ef5a8bc8e3f5a032e319?s=96&d=mm&r=g","url":"https:\/\/secure.gravatar.com\/avatar\/ae2f4d718e6c49043e314ce431e7e645d646302a24a5ef5a8bc8e3f5a032e319?s=96&d=mm&r=g","contentUrl":"https:\/\/secure.gravatar.com\/avatar\/ae2f4d718e6c49043e314ce431e7e645d646302a24a5ef5a8bc8e3f5a032e319?s=96&d=mm&r=g","caption":"admin"},"sameAs":["https:\/\/www.organisator.ch"],"url":"https:\/\/www.organisator.ch\/en\/author\/admin\/"}]}},"_links":{"self":[{"href":"https:\/\/www.organisator.ch\/en\/wp-json\/wp\/v2\/posts\/787","targetHints":{"allow":["GET"]}}],"collection":[{"href":"https:\/\/www.organisator.ch\/en\/wp-json\/wp\/v2\/posts"}],"about":[{"href":"https:\/\/www.organisator.ch\/en\/wp-json\/wp\/v2\/types\/post"}],"author":[{"embeddable":true,"href":"https:\/\/www.organisator.ch\/en\/wp-json\/wp\/v2\/users\/1"}],"replies":[{"embeddable":true,"href":"https:\/\/www.organisator.ch\/en\/wp-json\/wp\/v2\/comments?post=787"}],"version-history":[{"count":0,"href":"https:\/\/www.organisator.ch\/en\/wp-json\/wp\/v2\/posts\/787\/revisions"}],"wp:featuredmedia":[{"embeddable":true,"href":"https:\/\/www.organisator.ch\/en\/wp-json\/wp\/v2\/media\/789"}],"wp:attachment":[{"href":"https:\/\/www.organisator.ch\/en\/wp-json\/wp\/v2\/media?parent=787"}],"wp:term":[{"taxonomy":"category","embeddable":true,"href":"https:\/\/www.organisator.ch\/en\/wp-json\/wp\/v2\/categories?post=787"},{"taxonomy":"post_tag","embeddable":true,"href":"https:\/\/www.organisator.ch\/en\/wp-json\/wp\/v2\/tags?post=787"}],"curies":[{"name":"wp","href":"https:\/\/api.w.org\/{rel}","templated":true}]}}