{"id":7876,"date":"2021-03-31T16:34:49","date_gmt":"2021-03-31T14:34:49","guid":{"rendered":"https:\/\/www.organisator.ch\/?p=7876"},"modified":"2021-03-31T16:34:49","modified_gmt":"2021-03-31T14:34:49","slug":"post-corona-arbeitswelt-schweizer-coworking-spaces-sind-bereit","status":"publish","type":"post","link":"https:\/\/www.organisator.ch\/en\/allgemein\/2021-03-31\/post-corona-arbeitswelt-schweizer-coworking-spaces-sind-bereit\/","title":{"rendered":"Post-Corona Working World: Swiss Coworking Spaces Are Ready"},"content":{"rendered":"<figure id=\"attachment_7878\" aria-describedby=\"caption-attachment-7878\" style=\"width: 680px\" class=\"wp-caption alignnone\"><img loading=\"lazy\" decoding=\"async\" class=\"size-medium wp-image-7878\" src=\"https:\/\/www.organisator.ch\/wp-content\/uploads\/2021\/03\/Post-Corona-Arbeitswelt-Schweizer-Coworking-Spaces-sind-bereit-1_Organisator.jpg\" alt=\"\" width=\"680\" height=\"430\" srcset=\"https:\/\/www.organisator.ch\/wp-content\/uploads\/2021\/03\/Post-Corona-Arbeitswelt-Schweizer-Coworking-Spaces-sind-bereit-1_Organisator.jpg 680w, https:\/\/www.organisator.ch\/wp-content\/uploads\/2021\/03\/Post-Corona-Arbeitswelt-Schweizer-Coworking-Spaces-sind-bereit-1_Organisator-16x10.jpg 16w, https:\/\/www.organisator.ch\/wp-content\/uploads\/2021\/03\/Post-Corona-Arbeitswelt-Schweizer-Coworking-Spaces-sind-bereit-1_Organisator-277x175.jpg 277w, https:\/\/www.organisator.ch\/wp-content\/uploads\/2021\/03\/Post-Corona-Arbeitswelt-Schweizer-Coworking-Spaces-sind-bereit-1_Organisator-553x350.jpg 553w, https:\/\/www.organisator.ch\/wp-content\/uploads\/2021\/03\/Post-Corona-Arbeitswelt-Schweizer-Coworking-Spaces-sind-bereit-1_Organisator-300x190.jpg 300w\" sizes=\"auto, (max-width: 680px) 100vw, 680px\" \/><figcaption id=\"caption-attachment-7878\" class=\"wp-caption-text\">Empty workspaces because of the pandemic... But for the post-Corona working world, Swiss coworking spaces consider themselves ready. (Image: Pixabay.com)<\/figcaption><\/figure>\n<p>On March 11, the general assembly of the Coworking Switzerland association took place - virtually for the first time. At the meeting, the current state of coworking in Switzerland and the impact of the pandemic were also discussed.<\/p>\n<h2>The pandemic also hits coworking spaces in 2020<\/h2>\n<p>At the beginning of 2020, the headline was still that coworking had evolved from a marginal phenomenon to a growth market. However, this development was largely slowed down by the pandemic, although the various measures taken to combat the pandemic never led to the forced closure of coworking spaces. Nevertheless, in the spring of 2020, most coworking spaces were forced into inactivity, both in terms of workspace rentals and conference and meeting rooms. After the restrictions were lifted in the summer, there was a recovery. New customers came in, interested in individual workspaces in the open space or even private offices.<\/p>\n<figure id=\"attachment_7877\" aria-describedby=\"caption-attachment-7877\" style=\"width: 680px\" class=\"wp-caption alignnone\"><img loading=\"lazy\" decoding=\"async\" class=\"wp-image-7877 size-medium\" src=\"https:\/\/www.organisator.ch\/wp-content\/uploads\/2021\/03\/Post-Corona-Arbeitswelt-Schweizer-Coworking-Spaces-sind-bereit-2_Organisator.jpg\" alt=\"\" width=\"680\" height=\"409\" srcset=\"https:\/\/www.organisator.ch\/wp-content\/uploads\/2021\/03\/Post-Corona-Arbeitswelt-Schweizer-Coworking-Spaces-sind-bereit-2_Organisator.jpg 680w, https:\/\/www.organisator.ch\/wp-content\/uploads\/2021\/03\/Post-Corona-Arbeitswelt-Schweizer-Coworking-Spaces-sind-bereit-2_Organisator-16x10.jpg 16w, https:\/\/www.organisator.ch\/wp-content\/uploads\/2021\/03\/Post-Corona-Arbeitswelt-Schweizer-Coworking-Spaces-sind-bereit-2_Organisator-291x175.jpg 291w, https:\/\/www.organisator.ch\/wp-content\/uploads\/2021\/03\/Post-Corona-Arbeitswelt-Schweizer-Coworking-Spaces-sind-bereit-2_Organisator-582x350.jpg 582w, https:\/\/www.organisator.ch\/wp-content\/uploads\/2021\/03\/Post-Corona-Arbeitswelt-Schweizer-Coworking-Spaces-sind-bereit-2_Organisator-300x180.jpg 300w\" sizes=\"auto, (max-width: 680px) 100vw, 680px\" \/><figcaption id=\"caption-attachment-7877\" class=\"wp-caption-text\">Development of Swiss coworking spaces in summer 2020<\/figcaption><\/figure>\n<p>However, this upswing was interrupted again in October 2020, and given the restrictions and the home office obligation, the situation has not really eased since then. So 2020, like many other industries, was a difficult year. In a survey, 56% of association members reported a loss of income. Spaces that depend on event and conference space rentals were hit harder than others. These income losses were partially offset in more than 40% of cases by reduced work hours, Covid-19 relief funds, and rent reductions from landlords.<\/p>\n<p>In 2020, another challenge for coworking spaces was to keep an existing community - the very idea behind coworking - alive despite contact restrictions. Ingenuity was the order of the day, and so various actions were offered to the respective community members. These actions, in which the social contacts that are so important for people were still present, contributed to the good mental health of the coworkers.<\/p>\n<h2>Sustainable change in the world of work will strengthen coworking<\/h2>\n<p>The Covid19 pandemic has turned working habits in our country upside down, and an increasing number of employees have discovered working from home - with more or less pleasure. The time saved in terms of commuting to work thanks to home office allows for an increase in quality of life. Nevertheless, it remains difficult to separate private and professional life, especially if the working conditions at home are not ideal. This experience will shape the world of work for the future: According to <a href=\"https:\/\/www.organisator.ch\/zurueck-ins-buero-aber-nicht-mehr-so-oft-wie-vor-der-pandemie\/\">a study published last week<\/a> of Deloitte, only 12% of employees want to return fully to the \"normal\" office after the end of the pandemic. 62% want more flexibility and would like to divide their working time between the office and home office. However, the term home office does not go far enough: almost half (46%) of the respondents not only use their own residence as a home office, but also work, for example, in vacation homes, with friends, family or in a coworking space. For 44% of the respondents, the lack of personal exchange at work is one of the biggest challenges in the home office. This is precisely the aspect where coworking spaces score highly as an alternative to the home office. Proximity to the place of residence is also an important argument: With more than 150 coworking spaces throughout Switzerland, the Coworking Switzerland association provides a nationwide offering.<\/p>\n<h2>Coworking spaces aim to capitalize on momentum for post-Corona work environment<\/h2>\n<p>The majority of Swiss coworking players are convinced that the situation they have just experienced has accelerated the paradigm shift at the professional level and that coworking spaces will benefit from this in the medium term. The Coworking Switzerland association is also responding to the opportunity that now exists for coworking to become more widely established. It has produced a compact clip that highlights the advantages of coworking as an alternative to the home office: Proximity to home, separation of personal and professional life, ergonomic offices, social contacts. The campaign with the video available in five languages will start in the coming days.<\/p>\n<p>The past year has changed the way most office workers work. Coworking spaces, which are popping up all over the country - and increasingly in rural areas - will play a role in the post-Corona work world. They allow everyone to work close to home in a professional environment while maintaining the social connections that are so important to our mental health.<\/p>\n<p><em>Source: <a href=\"http:\/\/www.coworking.ch\">www.coworking.ch<\/a><\/em><\/p>","protected":false},"excerpt":{"rendered":"<p>Am 11. M\u00e4rz fand die Generalversammlung des Verbands Coworking Switzerland statt \u2013 erstmals virtuell. Anl\u00e4sslich der Versammlung wurden auch der aktuelle Stand von Coworking in der Schweiz und die Auswirkungen der Pandemie diskutiert. Die Pandemie trifft 2020 auch die Coworking Spaces Anfang 2020 lautete die Schlagzeile noch, dass sich das Coworking von einem Randph\u00e4nomen hin [&hellip;]<\/p>\n","protected":false},"author":4,"featured_media":7878,"comment_status":"closed","ping_status":"closed","sticky":false,"template":"","format":"standard","meta":{"_acf_changed":false,"_yoast_wpseo_focuskw":"Post-Corona Arbeitswelt","_yoast_wpseo_metadesc":"F\u00fcr die Post-Corona Arbeitswelt ist der Verband Coworking Switzerland positiv: Viele Besch\u00e4ftigte wollen nicht einfach zur\u00fcck ins \u00abnormale\u00bb B\u00fcro.","articlekey":"","footnotes":""},"categories":[1],"tags":[51,135,363,503],"class_list":["post-7876","post","type-post","status-publish","format-standard","has-post-thumbnail","hentry","category-allgemein","tag-arbeitsplatzgestaltung","tag-coworking","tag-new-work","tag-verbaende"],"acf":[],"yoast_head":"<!-- This site is optimized with the Yoast SEO plugin v27.5 - https:\/\/yoast.com\/product\/yoast-seo-wordpress\/ -->\n<title>Post-Corona Arbeitswelt: Schweizer Coworking Spaces sind bereit - Organisator<\/title>\n<meta name=\"description\" content=\"F\u00fcr die Post-Corona Arbeitswelt ist der Verband Coworking Switzerland positiv: Viele Besch\u00e4ftigte wollen nicht einfach zur\u00fcck ins \u00abnormale\u00bb B\u00fcro.\" \/>\n<meta name=\"robots\" content=\"index, follow, max-snippet:-1, max-image-preview:large, max-video-preview:-1\" \/>\n<link rel=\"canonical\" href=\"https:\/\/www.organisator.ch\/en\/general\/2021-03-31\/post-corona-arbeitswelt-schweizer-coworking-spaces-sind-bereit\/\" \/>\n<meta property=\"og:locale\" content=\"en_US\" \/>\n<meta property=\"og:type\" content=\"article\" \/>\n<meta property=\"og:title\" content=\"Post-Corona Arbeitswelt: Schweizer Coworking Spaces sind bereit\" \/>\n<meta property=\"og:description\" content=\"F\u00fcr die Post-Corona Arbeitswelt ist der Verband Coworking Switzerland positiv: Viele Besch\u00e4ftigte wollen nicht einfach zur\u00fcck ins \u00abnormale\u00bb B\u00fcro.\" \/>\n<meta property=\"og:url\" content=\"https:\/\/www.organisator.ch\/en\/general\/2021-03-31\/post-corona-arbeitswelt-schweizer-coworking-spaces-sind-bereit\/\" \/>\n<meta property=\"og:site_name\" content=\"Organisator\" \/>\n<meta property=\"article:publisher\" content=\"https:\/\/www.facebook.com\/OrganisatorFachmagazin\" \/>\n<meta property=\"article:published_time\" content=\"2021-03-31T14:34:49+00:00\" \/>\n<meta property=\"og:image\" content=\"https:\/\/www.organisator.ch\/wp-content\/uploads\/2021\/03\/Post-Corona-Arbeitswelt-Schweizer-Coworking-Spaces-sind-bereit-1_Organisator.jpg\" \/>\n\t<meta property=\"og:image:width\" content=\"680\" \/>\n\t<meta property=\"og:image:height\" content=\"430\" \/>\n\t<meta property=\"og:image:type\" content=\"image\/jpeg\" \/>\n<meta name=\"author\" content=\"thomas.berner\" \/>\n<meta name=\"twitter:card\" content=\"summary_large_image\" \/>\n<meta name=\"twitter:title\" content=\"#Post-Corona Arbeitswelt: Schweizer #Coworking Spaces sind bereit\" \/>\n<meta name=\"twitter:description\" content=\"F\u00fcr die #Post-Corona Arbeitswelt ist der Verband #Coworking Switzerland positiv: Viele Besch\u00e4ftigte wollen nicht einfach zur\u00fcck ins \u00abnormale\u00bb B\u00fcro.\" \/>\n<meta name=\"twitter:image\" content=\"https:\/\/www.organisator.ch\/wp-content\/uploads\/2021\/03\/Post-Corona-Arbeitswelt-Schweizer-Coworking-Spaces-sind-bereit-1_Organisator.jpg\" \/>\n<script type=\"application\/ld+json\" class=\"yoast-schema-graph\">{\"@context\":\"https:\\\/\\\/schema.org\",\"@graph\":[{\"@type\":\"Article\",\"@id\":\"https:\\\/\\\/www.organisator.ch\\\/en\\\/general\\\/2021-03-31\\\/post-corona-arbeitswelt-schweizer-coworking-spaces-sind-bereit\\\/#article\",\"isPartOf\":{\"@id\":\"https:\\\/\\\/www.organisator.ch\\\/en\\\/general\\\/2021-03-31\\\/post-corona-arbeitswelt-schweizer-coworking-spaces-sind-bereit\\\/\"},\"author\":{\"name\":\"thomas.berner\",\"@id\":\"https:\\\/\\\/www.organisator.ch\\\/#\\\/schema\\\/person\\\/6f650f90b2842cd4c0cc334b4e36f67e\"},\"headline\":\"Post-Corona Arbeitswelt: Schweizer Coworking Spaces sind bereit\",\"datePublished\":\"2021-03-31T14:34:49+00:00\",\"mainEntityOfPage\":{\"@id\":\"https:\\\/\\\/www.organisator.ch\\\/en\\\/general\\\/2021-03-31\\\/post-corona-arbeitswelt-schweizer-coworking-spaces-sind-bereit\\\/\"},\"wordCount\":771,\"publisher\":{\"@id\":\"https:\\\/\\\/www.organisator.ch\\\/#organization\"},\"image\":{\"@id\":\"https:\\\/\\\/www.organisator.ch\\\/en\\\/general\\\/2021-03-31\\\/post-corona-arbeitswelt-schweizer-coworking-spaces-sind-bereit\\\/#primaryimage\"},\"thumbnailUrl\":\"https:\\\/\\\/www.organisator.ch\\\/wp-content\\\/uploads\\\/2021\\\/03\\\/Post-Corona-Arbeitswelt-Schweizer-Coworking-Spaces-sind-bereit-1_Organisator.jpg\",\"keywords\":[\"Arbeitsplatzgestaltung\",\"Coworking\",\"New Work\",\"Verb\u00e4nde\"],\"articleSection\":[\"Allgemein\"],\"inLanguage\":\"en-US\"},{\"@type\":\"WebPage\",\"@id\":\"https:\\\/\\\/www.organisator.ch\\\/en\\\/general\\\/2021-03-31\\\/post-corona-arbeitswelt-schweizer-coworking-spaces-sind-bereit\\\/\",\"url\":\"https:\\\/\\\/www.organisator.ch\\\/en\\\/general\\\/2021-03-31\\\/post-corona-arbeitswelt-schweizer-coworking-spaces-sind-bereit\\\/\",\"name\":\"Post-Corona Arbeitswelt: Schweizer Coworking Spaces sind bereit - Organisator\",\"isPartOf\":{\"@id\":\"https:\\\/\\\/www.organisator.ch\\\/#website\"},\"primaryImageOfPage\":{\"@id\":\"https:\\\/\\\/www.organisator.ch\\\/en\\\/general\\\/2021-03-31\\\/post-corona-arbeitswelt-schweizer-coworking-spaces-sind-bereit\\\/#primaryimage\"},\"image\":{\"@id\":\"https:\\\/\\\/www.organisator.ch\\\/en\\\/general\\\/2021-03-31\\\/post-corona-arbeitswelt-schweizer-coworking-spaces-sind-bereit\\\/#primaryimage\"},\"thumbnailUrl\":\"https:\\\/\\\/www.organisator.ch\\\/wp-content\\\/uploads\\\/2021\\\/03\\\/Post-Corona-Arbeitswelt-Schweizer-Coworking-Spaces-sind-bereit-1_Organisator.jpg\",\"datePublished\":\"2021-03-31T14:34:49+00:00\",\"description\":\"F\u00fcr die Post-Corona Arbeitswelt ist der Verband Coworking Switzerland positiv: Viele Besch\u00e4ftigte wollen nicht einfach zur\u00fcck ins \u00abnormale\u00bb B\u00fcro.\",\"breadcrumb\":{\"@id\":\"https:\\\/\\\/www.organisator.ch\\\/en\\\/general\\\/2021-03-31\\\/post-corona-arbeitswelt-schweizer-coworking-spaces-sind-bereit\\\/#breadcrumb\"},\"inLanguage\":\"en-US\",\"potentialAction\":[{\"@type\":\"ReadAction\",\"target\":[\"https:\\\/\\\/www.organisator.ch\\\/en\\\/general\\\/2021-03-31\\\/post-corona-arbeitswelt-schweizer-coworking-spaces-sind-bereit\\\/\"]}]},{\"@type\":\"ImageObject\",\"inLanguage\":\"en-US\",\"@id\":\"https:\\\/\\\/www.organisator.ch\\\/en\\\/general\\\/2021-03-31\\\/post-corona-arbeitswelt-schweizer-coworking-spaces-sind-bereit\\\/#primaryimage\",\"url\":\"https:\\\/\\\/www.organisator.ch\\\/wp-content\\\/uploads\\\/2021\\\/03\\\/Post-Corona-Arbeitswelt-Schweizer-Coworking-Spaces-sind-bereit-1_Organisator.jpg\",\"contentUrl\":\"https:\\\/\\\/www.organisator.ch\\\/wp-content\\\/uploads\\\/2021\\\/03\\\/Post-Corona-Arbeitswelt-Schweizer-Coworking-Spaces-sind-bereit-1_Organisator.jpg\",\"width\":680,\"height\":430,\"caption\":\"Leere Coworking Spaces wegen der Pandemie... Aber f\u00fcr die Post-Corona Arbeitswelt sehen sich die Schweizer Coworking Spaces ger\u00fcstet. (Bild: Pixabay.com)\"},{\"@type\":\"BreadcrumbList\",\"@id\":\"https:\\\/\\\/www.organisator.ch\\\/en\\\/general\\\/2021-03-31\\\/post-corona-arbeitswelt-schweizer-coworking-spaces-sind-bereit\\\/#breadcrumb\",\"itemListElement\":[{\"@type\":\"ListItem\",\"position\":1,\"name\":\"Home\",\"item\":\"https:\\\/\\\/www.organisator.ch\\\/\"},{\"@type\":\"ListItem\",\"position\":2,\"name\":\"Post-Corona Arbeitswelt: Schweizer Coworking Spaces sind bereit\"}]},{\"@type\":\"WebSite\",\"@id\":\"https:\\\/\\\/www.organisator.ch\\\/#website\",\"url\":\"https:\\\/\\\/www.organisator.ch\\\/\",\"name\":\"Organisator\",\"description\":\"Kompetent. Praxisnah. Der ORGANISATOR bereitet in 10 Ausgaben pro Jahr die wesentlichen Themen f\u00fcr F\u00fchrungskr\u00e4fte von KMU auf.\",\"publisher\":{\"@id\":\"https:\\\/\\\/www.organisator.ch\\\/#organization\"},\"potentialAction\":[{\"@type\":\"SearchAction\",\"target\":{\"@type\":\"EntryPoint\",\"urlTemplate\":\"https:\\\/\\\/www.organisator.ch\\\/?s={search_term_string}\"},\"query-input\":{\"@type\":\"PropertyValueSpecification\",\"valueRequired\":true,\"valueName\":\"search_term_string\"}}],\"inLanguage\":\"en-US\"},{\"@type\":\"Organization\",\"@id\":\"https:\\\/\\\/www.organisator.ch\\\/#organization\",\"name\":\"Organisator\",\"url\":\"https:\\\/\\\/www.organisator.ch\\\/\",\"logo\":{\"@type\":\"ImageObject\",\"inLanguage\":\"en-US\",\"@id\":\"https:\\\/\\\/www.organisator.ch\\\/#\\\/schema\\\/logo\\\/image\\\/\",\"url\":\"https:\\\/\\\/www.organisator.ch\\\/wp-content\\\/uploads\\\/2022\\\/01\\\/Logo_Organisator_Website.png\",\"contentUrl\":\"https:\\\/\\\/www.organisator.ch\\\/wp-content\\\/uploads\\\/2022\\\/01\\\/Logo_Organisator_Website.png\",\"width\":800,\"height\":77,\"caption\":\"Organisator\"},\"image\":{\"@id\":\"https:\\\/\\\/www.organisator.ch\\\/#\\\/schema\\\/logo\\\/image\\\/\"},\"sameAs\":[\"https:\\\/\\\/www.facebook.com\\\/OrganisatorFachmagazin\",\"https:\\\/\\\/www.linkedin.com\\\/showcase\\\/organisator-das-magazin-fr-kmu\",\"https:\\\/\\\/www.xing.com\\\/news\\\/pages\\\/organisator-ch-695\",\"https:\\\/\\\/www.youtube.com\\\/channel\\\/UCGP2Sq0iWaZwT3BdIAQFYpw\"]},{\"@type\":\"Person\",\"@id\":\"https:\\\/\\\/www.organisator.ch\\\/#\\\/schema\\\/person\\\/6f650f90b2842cd4c0cc334b4e36f67e\",\"name\":\"thomas.berner\",\"image\":{\"@type\":\"ImageObject\",\"inLanguage\":\"en-US\",\"@id\":\"https:\\\/\\\/secure.gravatar.com\\\/avatar\\\/ac5001d2a36cb6c6cd3e50789007ffca834b477b74a2144564522e944eabff61?s=96&d=mm&r=g\",\"url\":\"https:\\\/\\\/secure.gravatar.com\\\/avatar\\\/ac5001d2a36cb6c6cd3e50789007ffca834b477b74a2144564522e944eabff61?s=96&d=mm&r=g\",\"contentUrl\":\"https:\\\/\\\/secure.gravatar.com\\\/avatar\\\/ac5001d2a36cb6c6cd3e50789007ffca834b477b74a2144564522e944eabff61?s=96&d=mm&r=g\",\"caption\":\"thomas.berner\"},\"url\":\"https:\\\/\\\/www.organisator.ch\\\/en\\\/author\\\/thomas-berner\\\/\"}]}<\/script>\n<!-- \/ Yoast SEO plugin. -->","yoast_head_json":{"title":"Post-Corona working world: Swiss coworking spaces are ready - Organizer","description":"For the post-Corona working world, the Coworking Switzerland association is positive: many employees do not simply want to go back to the \"normal\" office.","robots":{"index":"index","follow":"follow","max-snippet":"max-snippet:-1","max-image-preview":"max-image-preview:large","max-video-preview":"max-video-preview:-1"},"canonical":"https:\/\/www.organisator.ch\/en\/general\/2021-03-31\/post-corona-arbeitswelt-schweizer-coworking-spaces-sind-bereit\/","og_locale":"en_US","og_type":"article","og_title":"Post-Corona Arbeitswelt: Schweizer Coworking Spaces sind bereit","og_description":"F\u00fcr die Post-Corona Arbeitswelt ist der Verband Coworking Switzerland positiv: Viele Besch\u00e4ftigte wollen nicht einfach zur\u00fcck ins \u00abnormale\u00bb B\u00fcro.","og_url":"https:\/\/www.organisator.ch\/en\/general\/2021-03-31\/post-corona-arbeitswelt-schweizer-coworking-spaces-sind-bereit\/","og_site_name":"Organisator","article_publisher":"https:\/\/www.facebook.com\/OrganisatorFachmagazin","article_published_time":"2021-03-31T14:34:49+00:00","og_image":[{"width":680,"height":430,"url":"https:\/\/www.organisator.ch\/wp-content\/uploads\/2021\/03\/Post-Corona-Arbeitswelt-Schweizer-Coworking-Spaces-sind-bereit-1_Organisator.jpg","type":"image\/jpeg"}],"author":"thomas.berner","twitter_card":"summary_large_image","twitter_title":"#Post-Corona Arbeitswelt: Schweizer #Coworking Spaces sind bereit","twitter_description":"F\u00fcr die #Post-Corona Arbeitswelt ist der Verband #Coworking Switzerland positiv: Viele Besch\u00e4ftigte wollen nicht einfach zur\u00fcck ins \u00abnormale\u00bb B\u00fcro.","twitter_image":"https:\/\/www.organisator.ch\/wp-content\/uploads\/2021\/03\/Post-Corona-Arbeitswelt-Schweizer-Coworking-Spaces-sind-bereit-1_Organisator.jpg","schema":{"@context":"https:\/\/schema.org","@graph":[{"@type":"Article","@id":"https:\/\/www.organisator.ch\/en\/general\/2021-03-31\/post-corona-arbeitswelt-schweizer-coworking-spaces-sind-bereit\/#article","isPartOf":{"@id":"https:\/\/www.organisator.ch\/en\/general\/2021-03-31\/post-corona-arbeitswelt-schweizer-coworking-spaces-sind-bereit\/"},"author":{"name":"thomas.berner","@id":"https:\/\/www.organisator.ch\/#\/schema\/person\/6f650f90b2842cd4c0cc334b4e36f67e"},"headline":"Post-Corona Arbeitswelt: Schweizer Coworking Spaces sind bereit","datePublished":"2021-03-31T14:34:49+00:00","mainEntityOfPage":{"@id":"https:\/\/www.organisator.ch\/en\/general\/2021-03-31\/post-corona-arbeitswelt-schweizer-coworking-spaces-sind-bereit\/"},"wordCount":771,"publisher":{"@id":"https:\/\/www.organisator.ch\/#organization"},"image":{"@id":"https:\/\/www.organisator.ch\/en\/general\/2021-03-31\/post-corona-arbeitswelt-schweizer-coworking-spaces-sind-bereit\/#primaryimage"},"thumbnailUrl":"https:\/\/www.organisator.ch\/wp-content\/uploads\/2021\/03\/Post-Corona-Arbeitswelt-Schweizer-Coworking-Spaces-sind-bereit-1_Organisator.jpg","keywords":["Arbeitsplatzgestaltung","Coworking","New Work","Verb\u00e4nde"],"articleSection":["Allgemein"],"inLanguage":"en-US"},{"@type":"WebPage","@id":"https:\/\/www.organisator.ch\/en\/general\/2021-03-31\/post-corona-arbeitswelt-schweizer-coworking-spaces-sind-bereit\/","url":"https:\/\/www.organisator.ch\/en\/general\/2021-03-31\/post-corona-arbeitswelt-schweizer-coworking-spaces-sind-bereit\/","name":"Post-Corona working world: Swiss coworking spaces are ready - Organizer","isPartOf":{"@id":"https:\/\/www.organisator.ch\/#website"},"primaryImageOfPage":{"@id":"https:\/\/www.organisator.ch\/en\/general\/2021-03-31\/post-corona-arbeitswelt-schweizer-coworking-spaces-sind-bereit\/#primaryimage"},"image":{"@id":"https:\/\/www.organisator.ch\/en\/general\/2021-03-31\/post-corona-arbeitswelt-schweizer-coworking-spaces-sind-bereit\/#primaryimage"},"thumbnailUrl":"https:\/\/www.organisator.ch\/wp-content\/uploads\/2021\/03\/Post-Corona-Arbeitswelt-Schweizer-Coworking-Spaces-sind-bereit-1_Organisator.jpg","datePublished":"2021-03-31T14:34:49+00:00","description":"For the post-Corona working world, the Coworking Switzerland association is positive: many employees do not simply want to go back to the \"normal\" office.","breadcrumb":{"@id":"https:\/\/www.organisator.ch\/en\/general\/2021-03-31\/post-corona-arbeitswelt-schweizer-coworking-spaces-sind-bereit\/#breadcrumb"},"inLanguage":"en-US","potentialAction":[{"@type":"ReadAction","target":["https:\/\/www.organisator.ch\/en\/general\/2021-03-31\/post-corona-arbeitswelt-schweizer-coworking-spaces-sind-bereit\/"]}]},{"@type":"ImageObject","inLanguage":"en-US","@id":"https:\/\/www.organisator.ch\/en\/general\/2021-03-31\/post-corona-arbeitswelt-schweizer-coworking-spaces-sind-bereit\/#primaryimage","url":"https:\/\/www.organisator.ch\/wp-content\/uploads\/2021\/03\/Post-Corona-Arbeitswelt-Schweizer-Coworking-Spaces-sind-bereit-1_Organisator.jpg","contentUrl":"https:\/\/www.organisator.ch\/wp-content\/uploads\/2021\/03\/Post-Corona-Arbeitswelt-Schweizer-Coworking-Spaces-sind-bereit-1_Organisator.jpg","width":680,"height":430,"caption":"Leere Coworking Spaces wegen der Pandemie... Aber f\u00fcr die Post-Corona Arbeitswelt sehen sich die Schweizer Coworking Spaces ger\u00fcstet. (Bild: Pixabay.com)"},{"@type":"BreadcrumbList","@id":"https:\/\/www.organisator.ch\/en\/general\/2021-03-31\/post-corona-arbeitswelt-schweizer-coworking-spaces-sind-bereit\/#breadcrumb","itemListElement":[{"@type":"ListItem","position":1,"name":"Home","item":"https:\/\/www.organisator.ch\/"},{"@type":"ListItem","position":2,"name":"Post-Corona Arbeitswelt: Schweizer Coworking Spaces sind bereit"}]},{"@type":"WebSite","@id":"https:\/\/www.organisator.ch\/#website","url":"https:\/\/www.organisator.ch\/","name":"Organizer","description":"Competent. Practical. In 10 issues per year, ORGANISATOR presents the essential topics for managers of SMEs.","publisher":{"@id":"https:\/\/www.organisator.ch\/#organization"},"potentialAction":[{"@type":"SearchAction","target":{"@type":"EntryPoint","urlTemplate":"https:\/\/www.organisator.ch\/?s={search_term_string}"},"query-input":{"@type":"PropertyValueSpecification","valueRequired":true,"valueName":"search_term_string"}}],"inLanguage":"en-US"},{"@type":"Organization","@id":"https:\/\/www.organisator.ch\/#organization","name":"Organizer","url":"https:\/\/www.organisator.ch\/","logo":{"@type":"ImageObject","inLanguage":"en-US","@id":"https:\/\/www.organisator.ch\/#\/schema\/logo\/image\/","url":"https:\/\/www.organisator.ch\/wp-content\/uploads\/2022\/01\/Logo_Organisator_Website.png","contentUrl":"https:\/\/www.organisator.ch\/wp-content\/uploads\/2022\/01\/Logo_Organisator_Website.png","width":800,"height":77,"caption":"Organisator"},"image":{"@id":"https:\/\/www.organisator.ch\/#\/schema\/logo\/image\/"},"sameAs":["https:\/\/www.facebook.com\/OrganisatorFachmagazin","https:\/\/www.linkedin.com\/showcase\/organisator-das-magazin-fr-kmu","https:\/\/www.xing.com\/news\/pages\/organisator-ch-695","https:\/\/www.youtube.com\/channel\/UCGP2Sq0iWaZwT3BdIAQFYpw"]},{"@type":"Person","@id":"https:\/\/www.organisator.ch\/#\/schema\/person\/6f650f90b2842cd4c0cc334b4e36f67e","name":"thomas.berner","image":{"@type":"ImageObject","inLanguage":"en-US","@id":"https:\/\/secure.gravatar.com\/avatar\/ac5001d2a36cb6c6cd3e50789007ffca834b477b74a2144564522e944eabff61?s=96&d=mm&r=g","url":"https:\/\/secure.gravatar.com\/avatar\/ac5001d2a36cb6c6cd3e50789007ffca834b477b74a2144564522e944eabff61?s=96&d=mm&r=g","contentUrl":"https:\/\/secure.gravatar.com\/avatar\/ac5001d2a36cb6c6cd3e50789007ffca834b477b74a2144564522e944eabff61?s=96&d=mm&r=g","caption":"thomas.berner"},"url":"https:\/\/www.organisator.ch\/en\/author\/thomas-berner\/"}]}},"_links":{"self":[{"href":"https:\/\/www.organisator.ch\/en\/wp-json\/wp\/v2\/posts\/7876","targetHints":{"allow":["GET"]}}],"collection":[{"href":"https:\/\/www.organisator.ch\/en\/wp-json\/wp\/v2\/posts"}],"about":[{"href":"https:\/\/www.organisator.ch\/en\/wp-json\/wp\/v2\/types\/post"}],"author":[{"embeddable":true,"href":"https:\/\/www.organisator.ch\/en\/wp-json\/wp\/v2\/users\/4"}],"replies":[{"embeddable":true,"href":"https:\/\/www.organisator.ch\/en\/wp-json\/wp\/v2\/comments?post=7876"}],"version-history":[{"count":0,"href":"https:\/\/www.organisator.ch\/en\/wp-json\/wp\/v2\/posts\/7876\/revisions"}],"wp:featuredmedia":[{"embeddable":true,"href":"https:\/\/www.organisator.ch\/en\/wp-json\/wp\/v2\/media\/7878"}],"wp:attachment":[{"href":"https:\/\/www.organisator.ch\/en\/wp-json\/wp\/v2\/media?parent=7876"}],"wp:term":[{"taxonomy":"category","embeddable":true,"href":"https:\/\/www.organisator.ch\/en\/wp-json\/wp\/v2\/categories?post=7876"},{"taxonomy":"post_tag","embeddable":true,"href":"https:\/\/www.organisator.ch\/en\/wp-json\/wp\/v2\/tags?post=7876"}],"curies":[{"name":"wp","href":"https:\/\/api.w.org\/{rel}","templated":true}]}}