{"id":7881,"date":"2021-04-06T08:27:56","date_gmt":"2021-04-06T06:27:56","guid":{"rendered":"https:\/\/www.organisator.ch\/?p=7881"},"modified":"2021-04-06T08:27:56","modified_gmt":"2021-04-06T06:27:56","slug":"rudolf-p-winzenried-verstaerkt-das-team-der-continuum-ag","status":"publish","type":"post","link":"https:\/\/www.organisator.ch\/en\/management\/2021-04-06\/rudolf-p-winzenried-verstaerkt-das-team-der-continuum-ag\/","title":{"rendered":"Rudolf P. Winzenried strengthens the Continuum AG team"},"content":{"rendered":"<figure id=\"attachment_7882\" aria-describedby=\"caption-attachment-7882\" style=\"width: 680px\" class=\"wp-caption alignnone\"><img loading=\"lazy\" decoding=\"async\" class=\"size-medium wp-image-7882\" src=\"https:\/\/www.organisator.ch\/wp-content\/uploads\/2021\/04\/Continuum-AG-verstaerkt-ihr-Team_Organisator.jpg\" alt=\"\" width=\"680\" height=\"539\" srcset=\"https:\/\/www.organisator.ch\/wp-content\/uploads\/2021\/04\/Continuum-AG-verstaerkt-ihr-Team_Organisator.jpg 680w, https:\/\/www.organisator.ch\/wp-content\/uploads\/2021\/04\/Continuum-AG-verstaerkt-ihr-Team_Organisator-16x12.jpg 16w, https:\/\/www.organisator.ch\/wp-content\/uploads\/2021\/04\/Continuum-AG-verstaerkt-ihr-Team_Organisator-221x175.jpg 221w, https:\/\/www.organisator.ch\/wp-content\/uploads\/2021\/04\/Continuum-AG-verstaerkt-ihr-Team_Organisator-442x350.jpg 442w, https:\/\/www.organisator.ch\/wp-content\/uploads\/2021\/04\/Continuum-AG-verstaerkt-ihr-Team_Organisator-300x238.jpg 300w\" sizes=\"auto, (max-width: 680px) 100vw, 680px\" \/><figcaption id=\"caption-attachment-7882\" class=\"wp-caption-text\">Rudolf P. Winzenried strengthens Continuum AG in the Mittelland region (photo pd).<\/figcaption><\/figure>\n<p>For more than 18 years, Continuum AG has been advising and supporting medium-sized and larger companies in their long-term development and helping families to solve their challenges in the succession process. In addition to Zurich and Staufen b. Lenzburg, the company has existed in St.Gallen since 2003 with Partner Rolf Brunner, Senior Manager Dr. Stefan Schneider and Associate Partner Matt Moser.<\/p>\n<h2>Reinforcement of Continuum AG in the midlands<\/h2>\n<p>As of April 2021, Rudolf P. Winzenried will join the team as an additional Associate Partner and expand the network in the Mittelland region. Rudolf P. Winzenried has a broad experience in corporate governance, strategy development and structuring of family businesses.<\/p>\n<p>Rolf Brunner, who has been supporting companies in development and succession processes as a partner for eight years, is pleased about the reinforcement: \"The already broad field of competence of Continuum AG is complemented in an almost ideal way by the entry of Rudolf P. Winzenried.\"<\/p>\n<h2><strong>Rudolf P. Winzenried: A wealth of experience in the family business landscape<\/strong><\/h2>\n<p>As a lawyer, a graduate of Bachelor of Business Administration, Advanced Management Program SKU and Certified Board Member, Rudolf P. Winzenried has 30 years of experience at board and executive management level in internationally active Swiss family-owned companies in the industrial, consumer goods, retail, real estate and hospitality sectors. His main areas of expertise are strategy development, structuring of companies and transactions, moderation and solution finding in complex situations of interests and their legal structuring as well as corporate governance. He holds mandates as chairman or member of boards of directors and boards of trustees.<\/p>\n<p><a href=\"http:\/\/www.continuum.ch\"><em>Source and further information<\/em><\/a><\/p>","protected":false},"excerpt":{"rendered":"<p>Die Continuum AG ber\u00e4t und unterstu\u0308tzt seit mehr als 18 Jahren mittlere und gr\u00f6ssere Unternehmen in ihrer langfristigen Weiterentwicklung und hilft Familien bei der L\u00f6sung ihrer Herausforderungen im Nachfolgeprozess. Nebst Zu\u0308rich und Staufen b. Lenzburg besteht das Unternehmen seit 2003 in St.Gallen mit Partner Rolf Brunner, Senior Manager Dr. Stefan Schneider und Associate Partner Matt [&hellip;]<\/p>\n","protected":false},"author":4,"featured_media":7882,"comment_status":"closed","ping_status":"closed","sticky":false,"template":"","format":"standard","meta":{"_acf_changed":false,"_yoast_wpseo_focuskw":"Winzenried","_yoast_wpseo_metadesc":"Rudolf P. Winzenried erg\u00e4nzt als Berater die Continuum AG im Mittelland. Das Unternehmen mit Sitz in St.Gallen ist spezialisiert auf Nachfolgeprozesse.","articlekey":"","footnotes":""},"categories":[28],"tags":[128,207,335,381],"class_list":["post-7881","post","type-post","status-publish","format-standard","has-post-thumbnail","hentry","category-management","tag-consulting","tag-firmennachfolge","tag-management-und-unternehmensfuehrung","tag-personalia"],"acf":[],"yoast_head":"<!-- This site is optimized with the Yoast SEO plugin v27.5 - https:\/\/yoast.com\/product\/yoast-seo-wordpress\/ -->\n<title>Rudolf P. Winzenried verst\u00e4rkt das Team der Continuum AG - Organisator<\/title>\n<meta name=\"description\" content=\"Rudolf P. Winzenried erg\u00e4nzt als Berater die Continuum AG im Mittelland. Das Unternehmen mit Sitz in St.Gallen ist spezialisiert auf Nachfolgeprozesse.\" \/>\n<meta name=\"robots\" content=\"index, follow, max-snippet:-1, max-image-preview:large, max-video-preview:-1\" \/>\n<link rel=\"canonical\" href=\"https:\/\/www.organisator.ch\/en\/management\/2021-04-06\/rudolf-p-winzenried-verstaerkt-das-team-der-continuum-ag\/\" \/>\n<meta property=\"og:locale\" content=\"en_US\" \/>\n<meta property=\"og:type\" content=\"article\" \/>\n<meta property=\"og:title\" content=\"Rudolf P. Winzenried verst\u00e4rkt das Team der Continuum AG\" \/>\n<meta property=\"og:description\" content=\"Rudolf P. Winzenried erg\u00e4nzt als Berater die Continuum AG im Mittelland. Das Unternehmen mit Sitz in St.Gallen ist spezialisiert auf Nachfolgeprozesse.\" \/>\n<meta property=\"og:url\" content=\"https:\/\/www.organisator.ch\/en\/management\/2021-04-06\/rudolf-p-winzenried-verstaerkt-das-team-der-continuum-ag\/\" \/>\n<meta property=\"og:site_name\" content=\"Organisator\" \/>\n<meta property=\"article:publisher\" content=\"https:\/\/www.facebook.com\/OrganisatorFachmagazin\" \/>\n<meta property=\"article:published_time\" content=\"2021-04-06T06:27:56+00:00\" \/>\n<meta property=\"og:image\" content=\"https:\/\/www.organisator.ch\/wp-content\/uploads\/2021\/04\/Continuum-AG-verstaerkt-ihr-Team_Organisator.jpg\" \/>\n\t<meta property=\"og:image:width\" content=\"680\" \/>\n\t<meta property=\"og:image:height\" content=\"539\" \/>\n\t<meta property=\"og:image:type\" content=\"image\/jpeg\" \/>\n<meta name=\"author\" content=\"thomas.berner\" \/>\n<meta name=\"twitter:card\" content=\"summary_large_image\" \/>\n<meta name=\"twitter:title\" content=\"Rudolf P. #Winzenried verst\u00e4rkt das Team der #Continuum AG\" \/>\n<meta name=\"twitter:description\" content=\"Rudolf P. #Winzenried erg\u00e4nzt als Berater die #Continuum AG im #Mittelland. Das Unternehmen mit Sitz in St.Gallen ist spezialisiert auf Nachfolgeprozesse.\" \/>\n<meta name=\"twitter:image\" content=\"https:\/\/www.organisator.ch\/wp-content\/uploads\/2021\/04\/Continuum-AG-verstaerkt-ihr-Team_Organisator.jpg\" \/>\n<script type=\"application\/ld+json\" class=\"yoast-schema-graph\">{\"@context\":\"https:\\\/\\\/schema.org\",\"@graph\":[{\"@type\":\"Article\",\"@id\":\"https:\\\/\\\/www.organisator.ch\\\/management\\\/2021-04-06\\\/rudolf-p-winzenried-verstaerkt-das-team-der-continuum-ag\\\/#article\",\"isPartOf\":{\"@id\":\"https:\\\/\\\/www.organisator.ch\\\/management\\\/2021-04-06\\\/rudolf-p-winzenried-verstaerkt-das-team-der-continuum-ag\\\/\"},\"author\":{\"name\":\"thomas.berner\",\"@id\":\"https:\\\/\\\/www.organisator.ch\\\/#\\\/schema\\\/person\\\/6f650f90b2842cd4c0cc334b4e36f67e\"},\"headline\":\"Rudolf P. Winzenried verst\u00e4rkt das Team der Continuum AG\",\"datePublished\":\"2021-04-06T06:27:56+00:00\",\"mainEntityOfPage\":{\"@id\":\"https:\\\/\\\/www.organisator.ch\\\/management\\\/2021-04-06\\\/rudolf-p-winzenried-verstaerkt-das-team-der-continuum-ag\\\/\"},\"wordCount\":280,\"publisher\":{\"@id\":\"https:\\\/\\\/www.organisator.ch\\\/#organization\"},\"image\":{\"@id\":\"https:\\\/\\\/www.organisator.ch\\\/management\\\/2021-04-06\\\/rudolf-p-winzenried-verstaerkt-das-team-der-continuum-ag\\\/#primaryimage\"},\"thumbnailUrl\":\"https:\\\/\\\/www.organisator.ch\\\/wp-content\\\/uploads\\\/2021\\\/04\\\/Continuum-AG-verstaerkt-ihr-Team_Organisator.jpg\",\"keywords\":[\"Consulting\",\"Firmennachfolge\",\"Management und Unternehmensf\u00fchrung\",\"Personalia\"],\"articleSection\":[\"MANAGEMENT\"],\"inLanguage\":\"en-US\"},{\"@type\":\"WebPage\",\"@id\":\"https:\\\/\\\/www.organisator.ch\\\/management\\\/2021-04-06\\\/rudolf-p-winzenried-verstaerkt-das-team-der-continuum-ag\\\/\",\"url\":\"https:\\\/\\\/www.organisator.ch\\\/management\\\/2021-04-06\\\/rudolf-p-winzenried-verstaerkt-das-team-der-continuum-ag\\\/\",\"name\":\"Rudolf P. Winzenried verst\u00e4rkt das Team der Continuum AG - Organisator\",\"isPartOf\":{\"@id\":\"https:\\\/\\\/www.organisator.ch\\\/#website\"},\"primaryImageOfPage\":{\"@id\":\"https:\\\/\\\/www.organisator.ch\\\/management\\\/2021-04-06\\\/rudolf-p-winzenried-verstaerkt-das-team-der-continuum-ag\\\/#primaryimage\"},\"image\":{\"@id\":\"https:\\\/\\\/www.organisator.ch\\\/management\\\/2021-04-06\\\/rudolf-p-winzenried-verstaerkt-das-team-der-continuum-ag\\\/#primaryimage\"},\"thumbnailUrl\":\"https:\\\/\\\/www.organisator.ch\\\/wp-content\\\/uploads\\\/2021\\\/04\\\/Continuum-AG-verstaerkt-ihr-Team_Organisator.jpg\",\"datePublished\":\"2021-04-06T06:27:56+00:00\",\"description\":\"Rudolf P. Winzenried erg\u00e4nzt als Berater die Continuum AG im Mittelland. Das Unternehmen mit Sitz in St.Gallen ist spezialisiert auf Nachfolgeprozesse.\",\"breadcrumb\":{\"@id\":\"https:\\\/\\\/www.organisator.ch\\\/management\\\/2021-04-06\\\/rudolf-p-winzenried-verstaerkt-das-team-der-continuum-ag\\\/#breadcrumb\"},\"inLanguage\":\"en-US\",\"potentialAction\":[{\"@type\":\"ReadAction\",\"target\":[\"https:\\\/\\\/www.organisator.ch\\\/management\\\/2021-04-06\\\/rudolf-p-winzenried-verstaerkt-das-team-der-continuum-ag\\\/\"]}]},{\"@type\":\"ImageObject\",\"inLanguage\":\"en-US\",\"@id\":\"https:\\\/\\\/www.organisator.ch\\\/management\\\/2021-04-06\\\/rudolf-p-winzenried-verstaerkt-das-team-der-continuum-ag\\\/#primaryimage\",\"url\":\"https:\\\/\\\/www.organisator.ch\\\/wp-content\\\/uploads\\\/2021\\\/04\\\/Continuum-AG-verstaerkt-ihr-Team_Organisator.jpg\",\"contentUrl\":\"https:\\\/\\\/www.organisator.ch\\\/wp-content\\\/uploads\\\/2021\\\/04\\\/Continuum-AG-verstaerkt-ihr-Team_Organisator.jpg\",\"width\":680,\"height\":539,\"caption\":\"Rudolf P. Winzenried verst\u00e4rkt die Continuum AG in der Region Mittelland (Foto pd).\"},{\"@type\":\"BreadcrumbList\",\"@id\":\"https:\\\/\\\/www.organisator.ch\\\/management\\\/2021-04-06\\\/rudolf-p-winzenried-verstaerkt-das-team-der-continuum-ag\\\/#breadcrumb\",\"itemListElement\":[{\"@type\":\"ListItem\",\"position\":1,\"name\":\"Home\",\"item\":\"https:\\\/\\\/www.organisator.ch\\\/\"},{\"@type\":\"ListItem\",\"position\":2,\"name\":\"Rudolf P. Winzenried verst\u00e4rkt das Team der Continuum AG\"}]},{\"@type\":\"WebSite\",\"@id\":\"https:\\\/\\\/www.organisator.ch\\\/#website\",\"url\":\"https:\\\/\\\/www.organisator.ch\\\/\",\"name\":\"Organisator\",\"description\":\"Kompetent. Praxisnah. Der ORGANISATOR bereitet in 10 Ausgaben pro Jahr die wesentlichen Themen f\u00fcr F\u00fchrungskr\u00e4fte von KMU auf.\",\"publisher\":{\"@id\":\"https:\\\/\\\/www.organisator.ch\\\/#organization\"},\"potentialAction\":[{\"@type\":\"SearchAction\",\"target\":{\"@type\":\"EntryPoint\",\"urlTemplate\":\"https:\\\/\\\/www.organisator.ch\\\/?s={search_term_string}\"},\"query-input\":{\"@type\":\"PropertyValueSpecification\",\"valueRequired\":true,\"valueName\":\"search_term_string\"}}],\"inLanguage\":\"en-US\"},{\"@type\":\"Organization\",\"@id\":\"https:\\\/\\\/www.organisator.ch\\\/#organization\",\"name\":\"Organisator\",\"url\":\"https:\\\/\\\/www.organisator.ch\\\/\",\"logo\":{\"@type\":\"ImageObject\",\"inLanguage\":\"en-US\",\"@id\":\"https:\\\/\\\/www.organisator.ch\\\/#\\\/schema\\\/logo\\\/image\\\/\",\"url\":\"https:\\\/\\\/www.organisator.ch\\\/wp-content\\\/uploads\\\/2022\\\/01\\\/Logo_Organisator_Website.png\",\"contentUrl\":\"https:\\\/\\\/www.organisator.ch\\\/wp-content\\\/uploads\\\/2022\\\/01\\\/Logo_Organisator_Website.png\",\"width\":800,\"height\":77,\"caption\":\"Organisator\"},\"image\":{\"@id\":\"https:\\\/\\\/www.organisator.ch\\\/#\\\/schema\\\/logo\\\/image\\\/\"},\"sameAs\":[\"https:\\\/\\\/www.facebook.com\\\/OrganisatorFachmagazin\",\"https:\\\/\\\/www.linkedin.com\\\/showcase\\\/organisator-das-magazin-fr-kmu\",\"https:\\\/\\\/www.xing.com\\\/news\\\/pages\\\/organisator-ch-695\",\"https:\\\/\\\/www.youtube.com\\\/channel\\\/UCGP2Sq0iWaZwT3BdIAQFYpw\"]},{\"@type\":\"Person\",\"@id\":\"https:\\\/\\\/www.organisator.ch\\\/#\\\/schema\\\/person\\\/6f650f90b2842cd4c0cc334b4e36f67e\",\"name\":\"thomas.berner\",\"image\":{\"@type\":\"ImageObject\",\"inLanguage\":\"en-US\",\"@id\":\"https:\\\/\\\/secure.gravatar.com\\\/avatar\\\/ac5001d2a36cb6c6cd3e50789007ffca834b477b74a2144564522e944eabff61?s=96&d=mm&r=g\",\"url\":\"https:\\\/\\\/secure.gravatar.com\\\/avatar\\\/ac5001d2a36cb6c6cd3e50789007ffca834b477b74a2144564522e944eabff61?s=96&d=mm&r=g\",\"contentUrl\":\"https:\\\/\\\/secure.gravatar.com\\\/avatar\\\/ac5001d2a36cb6c6cd3e50789007ffca834b477b74a2144564522e944eabff61?s=96&d=mm&r=g\",\"caption\":\"thomas.berner\"},\"url\":\"https:\\\/\\\/www.organisator.ch\\\/en\\\/author\\\/thomas-berner\\\/\"}]}<\/script>\n<!-- \/ Yoast SEO plugin. -->","yoast_head_json":{"title":"Rudolf P. Winzenried strengthens the Continuum AG team - Organizer","description":"Rudolf P. Winzenried joins Continuum AG as a consultant in the Mittelland region. The company, based in St.Gallen, specializes in succession processes.","robots":{"index":"index","follow":"follow","max-snippet":"max-snippet:-1","max-image-preview":"max-image-preview:large","max-video-preview":"max-video-preview:-1"},"canonical":"https:\/\/www.organisator.ch\/en\/management\/2021-04-06\/rudolf-p-winzenried-verstaerkt-das-team-der-continuum-ag\/","og_locale":"en_US","og_type":"article","og_title":"Rudolf P. Winzenried verst\u00e4rkt das Team der Continuum AG","og_description":"Rudolf P. Winzenried erg\u00e4nzt als Berater die Continuum AG im Mittelland. Das Unternehmen mit Sitz in St.Gallen ist spezialisiert auf Nachfolgeprozesse.","og_url":"https:\/\/www.organisator.ch\/en\/management\/2021-04-06\/rudolf-p-winzenried-verstaerkt-das-team-der-continuum-ag\/","og_site_name":"Organisator","article_publisher":"https:\/\/www.facebook.com\/OrganisatorFachmagazin","article_published_time":"2021-04-06T06:27:56+00:00","og_image":[{"width":680,"height":539,"url":"https:\/\/www.organisator.ch\/wp-content\/uploads\/2021\/04\/Continuum-AG-verstaerkt-ihr-Team_Organisator.jpg","type":"image\/jpeg"}],"author":"thomas.berner","twitter_card":"summary_large_image","twitter_title":"Rudolf P. #Winzenried verst\u00e4rkt das Team der #Continuum AG","twitter_description":"Rudolf P. #Winzenried erg\u00e4nzt als Berater die #Continuum AG im #Mittelland. Das Unternehmen mit Sitz in St.Gallen ist spezialisiert auf Nachfolgeprozesse.","twitter_image":"https:\/\/www.organisator.ch\/wp-content\/uploads\/2021\/04\/Continuum-AG-verstaerkt-ihr-Team_Organisator.jpg","schema":{"@context":"https:\/\/schema.org","@graph":[{"@type":"Article","@id":"https:\/\/www.organisator.ch\/management\/2021-04-06\/rudolf-p-winzenried-verstaerkt-das-team-der-continuum-ag\/#article","isPartOf":{"@id":"https:\/\/www.organisator.ch\/management\/2021-04-06\/rudolf-p-winzenried-verstaerkt-das-team-der-continuum-ag\/"},"author":{"name":"thomas.berner","@id":"https:\/\/www.organisator.ch\/#\/schema\/person\/6f650f90b2842cd4c0cc334b4e36f67e"},"headline":"Rudolf P. Winzenried verst\u00e4rkt das Team der Continuum AG","datePublished":"2021-04-06T06:27:56+00:00","mainEntityOfPage":{"@id":"https:\/\/www.organisator.ch\/management\/2021-04-06\/rudolf-p-winzenried-verstaerkt-das-team-der-continuum-ag\/"},"wordCount":280,"publisher":{"@id":"https:\/\/www.organisator.ch\/#organization"},"image":{"@id":"https:\/\/www.organisator.ch\/management\/2021-04-06\/rudolf-p-winzenried-verstaerkt-das-team-der-continuum-ag\/#primaryimage"},"thumbnailUrl":"https:\/\/www.organisator.ch\/wp-content\/uploads\/2021\/04\/Continuum-AG-verstaerkt-ihr-Team_Organisator.jpg","keywords":["Consulting","Firmennachfolge","Management und Unternehmensf\u00fchrung","Personalia"],"articleSection":["MANAGEMENT"],"inLanguage":"en-US"},{"@type":"WebPage","@id":"https:\/\/www.organisator.ch\/management\/2021-04-06\/rudolf-p-winzenried-verstaerkt-das-team-der-continuum-ag\/","url":"https:\/\/www.organisator.ch\/management\/2021-04-06\/rudolf-p-winzenried-verstaerkt-das-team-der-continuum-ag\/","name":"Rudolf P. Winzenried strengthens the Continuum AG team - Organizer","isPartOf":{"@id":"https:\/\/www.organisator.ch\/#website"},"primaryImageOfPage":{"@id":"https:\/\/www.organisator.ch\/management\/2021-04-06\/rudolf-p-winzenried-verstaerkt-das-team-der-continuum-ag\/#primaryimage"},"image":{"@id":"https:\/\/www.organisator.ch\/management\/2021-04-06\/rudolf-p-winzenried-verstaerkt-das-team-der-continuum-ag\/#primaryimage"},"thumbnailUrl":"https:\/\/www.organisator.ch\/wp-content\/uploads\/2021\/04\/Continuum-AG-verstaerkt-ihr-Team_Organisator.jpg","datePublished":"2021-04-06T06:27:56+00:00","description":"Rudolf P. Winzenried joins Continuum AG as a consultant in the Mittelland region. The company, based in St.Gallen, specializes in succession processes.","breadcrumb":{"@id":"https:\/\/www.organisator.ch\/management\/2021-04-06\/rudolf-p-winzenried-verstaerkt-das-team-der-continuum-ag\/#breadcrumb"},"inLanguage":"en-US","potentialAction":[{"@type":"ReadAction","target":["https:\/\/www.organisator.ch\/management\/2021-04-06\/rudolf-p-winzenried-verstaerkt-das-team-der-continuum-ag\/"]}]},{"@type":"ImageObject","inLanguage":"en-US","@id":"https:\/\/www.organisator.ch\/management\/2021-04-06\/rudolf-p-winzenried-verstaerkt-das-team-der-continuum-ag\/#primaryimage","url":"https:\/\/www.organisator.ch\/wp-content\/uploads\/2021\/04\/Continuum-AG-verstaerkt-ihr-Team_Organisator.jpg","contentUrl":"https:\/\/www.organisator.ch\/wp-content\/uploads\/2021\/04\/Continuum-AG-verstaerkt-ihr-Team_Organisator.jpg","width":680,"height":539,"caption":"Rudolf P. Winzenried verst\u00e4rkt die Continuum AG in der Region Mittelland (Foto pd)."},{"@type":"BreadcrumbList","@id":"https:\/\/www.organisator.ch\/management\/2021-04-06\/rudolf-p-winzenried-verstaerkt-das-team-der-continuum-ag\/#breadcrumb","itemListElement":[{"@type":"ListItem","position":1,"name":"Home","item":"https:\/\/www.organisator.ch\/"},{"@type":"ListItem","position":2,"name":"Rudolf P. Winzenried verst\u00e4rkt das Team der Continuum AG"}]},{"@type":"WebSite","@id":"https:\/\/www.organisator.ch\/#website","url":"https:\/\/www.organisator.ch\/","name":"Organizer","description":"Competent. Practical. In 10 issues per year, ORGANISATOR presents the essential topics for managers of SMEs.","publisher":{"@id":"https:\/\/www.organisator.ch\/#organization"},"potentialAction":[{"@type":"SearchAction","target":{"@type":"EntryPoint","urlTemplate":"https:\/\/www.organisator.ch\/?s={search_term_string}"},"query-input":{"@type":"PropertyValueSpecification","valueRequired":true,"valueName":"search_term_string"}}],"inLanguage":"en-US"},{"@type":"Organization","@id":"https:\/\/www.organisator.ch\/#organization","name":"Organizer","url":"https:\/\/www.organisator.ch\/","logo":{"@type":"ImageObject","inLanguage":"en-US","@id":"https:\/\/www.organisator.ch\/#\/schema\/logo\/image\/","url":"https:\/\/www.organisator.ch\/wp-content\/uploads\/2022\/01\/Logo_Organisator_Website.png","contentUrl":"https:\/\/www.organisator.ch\/wp-content\/uploads\/2022\/01\/Logo_Organisator_Website.png","width":800,"height":77,"caption":"Organisator"},"image":{"@id":"https:\/\/www.organisator.ch\/#\/schema\/logo\/image\/"},"sameAs":["https:\/\/www.facebook.com\/OrganisatorFachmagazin","https:\/\/www.linkedin.com\/showcase\/organisator-das-magazin-fr-kmu","https:\/\/www.xing.com\/news\/pages\/organisator-ch-695","https:\/\/www.youtube.com\/channel\/UCGP2Sq0iWaZwT3BdIAQFYpw"]},{"@type":"Person","@id":"https:\/\/www.organisator.ch\/#\/schema\/person\/6f650f90b2842cd4c0cc334b4e36f67e","name":"thomas.berner","image":{"@type":"ImageObject","inLanguage":"en-US","@id":"https:\/\/secure.gravatar.com\/avatar\/ac5001d2a36cb6c6cd3e50789007ffca834b477b74a2144564522e944eabff61?s=96&d=mm&r=g","url":"https:\/\/secure.gravatar.com\/avatar\/ac5001d2a36cb6c6cd3e50789007ffca834b477b74a2144564522e944eabff61?s=96&d=mm&r=g","contentUrl":"https:\/\/secure.gravatar.com\/avatar\/ac5001d2a36cb6c6cd3e50789007ffca834b477b74a2144564522e944eabff61?s=96&d=mm&r=g","caption":"thomas.berner"},"url":"https:\/\/www.organisator.ch\/en\/author\/thomas-berner\/"}]}},"_links":{"self":[{"href":"https:\/\/www.organisator.ch\/en\/wp-json\/wp\/v2\/posts\/7881","targetHints":{"allow":["GET"]}}],"collection":[{"href":"https:\/\/www.organisator.ch\/en\/wp-json\/wp\/v2\/posts"}],"about":[{"href":"https:\/\/www.organisator.ch\/en\/wp-json\/wp\/v2\/types\/post"}],"author":[{"embeddable":true,"href":"https:\/\/www.organisator.ch\/en\/wp-json\/wp\/v2\/users\/4"}],"replies":[{"embeddable":true,"href":"https:\/\/www.organisator.ch\/en\/wp-json\/wp\/v2\/comments?post=7881"}],"version-history":[{"count":0,"href":"https:\/\/www.organisator.ch\/en\/wp-json\/wp\/v2\/posts\/7881\/revisions"}],"wp:featuredmedia":[{"embeddable":true,"href":"https:\/\/www.organisator.ch\/en\/wp-json\/wp\/v2\/media\/7882"}],"wp:attachment":[{"href":"https:\/\/www.organisator.ch\/en\/wp-json\/wp\/v2\/media?parent=7881"}],"wp:term":[{"taxonomy":"category","embeddable":true,"href":"https:\/\/www.organisator.ch\/en\/wp-json\/wp\/v2\/categories?post=7881"},{"taxonomy":"post_tag","embeddable":true,"href":"https:\/\/www.organisator.ch\/en\/wp-json\/wp\/v2\/tags?post=7881"}],"curies":[{"name":"wp","href":"https:\/\/api.w.org\/{rel}","templated":true}]}}